{"id":10109,"date":"2023-03-31T06:35:00","date_gmt":"2023-03-31T09:35:00","guid":{"rendered":"https:\/\/www.padreeustaquio.com.br\/?p=10109"},"modified":"2023-03-30T20:49:00","modified_gmt":"2023-03-30T23:49:00","slug":"manana-se-celebrara-en-el-santuario-una-misa-por-los-enfermos","status":"publish","type":"post","link":"https:\/\/www.padreeustaquio.com.br\/es\/manana-se-celebrara-en-el-santuario-una-misa-por-los-enfermos\/","title":{"rendered":"Ma\u00f1ana se celebrar\u00e1 en el Santuario la Misa por los enfermos."},"content":{"rendered":"<p>Este s\u00e1bado 1 de abril se celebrar\u00e1 una celebraci\u00f3n por los enfermos en el Santuario de la Salud y la Paz, Iglesia del Beato Padre Eustaquio. La misa ser\u00e1 a las 15:00 h y, durante la celebraci\u00f3n, se administrar\u00e1 el sacramento de la Unci\u00f3n de los Enfermos.<\/p>\n\n\n\n<p>El Misal Romano prev\u00e9 Misas especiales en diversas circunstancias, una de las cuales es la celebraci\u00f3n con enfermos. La Eucarist\u00eda se celebra para la recuperaci\u00f3n de la salud de quienes padecen alguna enfermedad.<\/p>\n\n\n\n<p>Las personas que se encuentran enfermas en hospitales o en casa, y que no pueden acudir al Santuario, pueden seguir la Misa en el Canal de YouTube del Padre Eust\u00e1quio y recibir el Sacramento posteriormente, programando una cita con el p\u00e1rroco de la parroquia donde se encuentra el enfermo.<\/p>\n\n\n\n<p>Esta es otra manera de llevar la Palabra de Dios, la proclamaci\u00f3n del Evangelio de Jesucristo y el mensaje de Salud y Paz a los devotos del Beato Padre Eustaquio.<\/p>\n\n\n\n<p><\/p>","protected":false},"excerpt":{"rendered":"<p>Uma celebra\u00e7\u00e3o para os enfermos ser\u00e1 realizada no Santu\u00e1rio da Sa\u00fade e da Paz, Igreja do Beato Padre Eust\u00e1quio, neste s\u00e1bado, dia 1\u00ba de abril. A missa ser\u00e1 \u00e0s 15h e, durante a celebra\u00e7\u00e3o, ser\u00e1 ministrado o sacramento da Un\u00e7\u00e3o dos Enfermos. O missal romano prev\u00ea missas especiais em diversas circunst\u00e2ncias e uma delas \u00e9 a celebra\u00e7\u00e3o com aqueles que est\u00e3o doentes. A Eucaristia acontece pela recupera\u00e7\u00e3o da sa\u00fade de quem se encontra com alguma enfermidade. As pessoas que est\u00e3o doentes em hospitais ou em casa, e que n\u00e3o conseguirem ir at\u00e9 o Santu\u00e1rio, poder\u00e3o acompanhar a missa pelo YouTube [&hellip;]<\/p>\n","protected":false},"author":2,"featured_media":10110,"comment_status":"open","ping_status":"closed","sticky":false,"template":"","format":"standard","meta":{"_acf_changed":false,"footnotes":""},"categories":[611],"tags":[],"class_list":["post-10109","post","type-post","status-publish","format-standard","has-post-thumbnail","hentry","category-noticias"],"acf":[],"yoast_head":"<!-- This site is optimized with the Yoast SEO plugin v27.2 - https:\/\/yoast.com\/product\/yoast-seo-wordpress\/ -->\n<title>Missa para os enfermos ser\u00e1 realizada amanh\u00e3 no Santu\u00e1rio<\/title>\n<meta name=\"description\" content=\"Uma celebra\u00e7\u00e3o para os enfermos ser\u00e1 realizada no Santu\u00e1rio da Sa\u00fade e da Paz, Igreja do Beato Padre Eust\u00e1quio, neste s\u00e1bado, dia 1\u00ba de abril. A missa ser\u00e1 \u00e0s 15h e, durante a celebra\u00e7\u00e3o, ser\u00e1 ministrado o sacramento da Un\u00e7\u00e3o dos Enfermos.\" \/>\n<meta name=\"robots\" content=\"index, follow, max-snippet:-1, max-image-preview:large, max-video-preview:-1\" \/>\n<link rel=\"canonical\" href=\"https:\/\/www.padreeustaquio.com.br\/es\/manana-se-celebrara-en-el-santuario-una-misa-por-los-enfermos\/\" \/>\n<meta property=\"og:locale\" content=\"es_ES\" \/>\n<meta property=\"og:type\" content=\"article\" \/>\n<meta property=\"og:title\" content=\"Missa para os enfermos ser\u00e1 realizada amanh\u00e3 no Santu\u00e1rio\" \/>\n<meta property=\"og:description\" content=\"Uma celebra\u00e7\u00e3o para os enfermos ser\u00e1 realizada no Santu\u00e1rio da Sa\u00fade e da Paz, Igreja do Beato Padre Eust\u00e1quio, neste s\u00e1bado, dia 1\u00ba de abril. A missa ser\u00e1 \u00e0s 15h e, durante a celebra\u00e7\u00e3o, ser\u00e1 ministrado o sacramento da Un\u00e7\u00e3o dos Enfermos.\" \/>\n<meta property=\"og:url\" content=\"https:\/\/www.padreeustaquio.com.br\/es\/manana-se-celebrara-en-el-santuario-una-misa-por-los-enfermos\/\" \/>\n<meta property=\"og:site_name\" content=\"Padre Eust\u00e1quio\" \/>\n<meta property=\"article:publisher\" content=\"https:\/\/www.facebook.com\/beatopadreeustaquio\/\" \/>\n<meta property=\"article:published_time\" content=\"2023-03-31T09:35:00+00:00\" \/>\n<meta property=\"og:image\" content=\"https:\/\/www.padreeustaquio.com.br\/wp-content\/uploads\/2023\/03\/missa-com-enfermos.jpeg\" \/>\n\t<meta property=\"og:image:width\" content=\"1600\" \/>\n\t<meta property=\"og:image:height\" content=\"900\" \/>\n\t<meta property=\"og:image:type\" content=\"image\/jpeg\" \/>\n<meta name=\"author\" content=\"@sscc\" \/>\n<meta name=\"twitter:card\" content=\"summary_large_image\" \/>\n<meta name=\"twitter:creator\" content=\"@beatopeustaquio\" \/>\n<meta name=\"twitter:site\" content=\"@beatopeustaquio\" \/>\n<meta name=\"twitter:label1\" content=\"Escrito por\" \/>\n\t<meta name=\"twitter:data1\" content=\"@sscc\" \/>\n\t<meta name=\"twitter:label2\" content=\"Tiempo de lectura\" \/>\n\t<meta name=\"twitter:data2\" content=\"1 minuto\" \/>\n<script type=\"application\/ld+json\" class=\"yoast-schema-graph\">{\"@context\":\"https:\/\/schema.org\",\"@graph\":[{\"@type\":\"Article\",\"@id\":\"https:\/\/www.padreeustaquio.com.br\/missa-para-os-enfermos-sera-realizada-amanha-no-santuario\/#article\",\"isPartOf\":{\"@id\":\"https:\/\/www.padreeustaquio.com.br\/missa-para-os-enfermos-sera-realizada-amanha-no-santuario\/\"},\"author\":{\"name\":\"@sscc\",\"@id\":\"https:\/\/www.padreeustaquio.com.br\/#\/schema\/person\/a2a51db1d00f1a7af0204a0f1ddb1566\"},\"headline\":\"Missa para os enfermos ser\u00e1 realizada amanh\u00e3 no Santu\u00e1rio\",\"datePublished\":\"2023-03-31T09:35:00+00:00\",\"mainEntityOfPage\":{\"@id\":\"https:\/\/www.padreeustaquio.com.br\/missa-para-os-enfermos-sera-realizada-amanha-no-santuario\/\"},\"wordCount\":178,\"commentCount\":0,\"publisher\":{\"@id\":\"https:\/\/www.padreeustaquio.com.br\/#organization\"},\"image\":{\"@id\":\"https:\/\/www.padreeustaquio.com.br\/missa-para-os-enfermos-sera-realizada-amanha-no-santuario\/#primaryimage\"},\"thumbnailUrl\":\"https:\/\/www.padreeustaquio.com.br\/wp-content\/uploads\/2023\/03\/missa-com-enfermos.jpeg\",\"articleSection\":[\"Not\u00edcias\"],\"inLanguage\":\"es\",\"potentialAction\":[{\"@type\":\"CommentAction\",\"name\":\"Comment\",\"target\":[\"https:\/\/www.padreeustaquio.com.br\/missa-para-os-enfermos-sera-realizada-amanha-no-santuario\/#respond\"]}]},{\"@type\":\"WebPage\",\"@id\":\"https:\/\/www.padreeustaquio.com.br\/missa-para-os-enfermos-sera-realizada-amanha-no-santuario\/\",\"url\":\"https:\/\/www.padreeustaquio.com.br\/missa-para-os-enfermos-sera-realizada-amanha-no-santuario\/\",\"name\":\"Missa para os enfermos ser\u00e1 realizada amanh\u00e3 no Santu\u00e1rio\",\"isPartOf\":{\"@id\":\"https:\/\/www.padreeustaquio.com.br\/#website\"},\"primaryImageOfPage\":{\"@id\":\"https:\/\/www.padreeustaquio.com.br\/missa-para-os-enfermos-sera-realizada-amanha-no-santuario\/#primaryimage\"},\"image\":{\"@id\":\"https:\/\/www.padreeustaquio.com.br\/missa-para-os-enfermos-sera-realizada-amanha-no-santuario\/#primaryimage\"},\"thumbnailUrl\":\"https:\/\/www.padreeustaquio.com.br\/wp-content\/uploads\/2023\/03\/missa-com-enfermos.jpeg\",\"datePublished\":\"2023-03-31T09:35:00+00:00\",\"description\":\"Uma celebra\u00e7\u00e3o para os enfermos ser\u00e1 realizada no Santu\u00e1rio da Sa\u00fade e da Paz, Igreja do Beato Padre Eust\u00e1quio, neste s\u00e1bado, dia 1\u00ba de abril. A missa ser\u00e1 \u00e0s 15h e, durante a celebra\u00e7\u00e3o, ser\u00e1 ministrado o sacramento da Un\u00e7\u00e3o dos Enfermos.\",\"breadcrumb\":{\"@id\":\"https:\/\/www.padreeustaquio.com.br\/missa-para-os-enfermos-sera-realizada-amanha-no-santuario\/#breadcrumb\"},\"inLanguage\":\"es\",\"potentialAction\":[{\"@type\":\"ReadAction\",\"target\":[\"https:\/\/www.padreeustaquio.com.br\/missa-para-os-enfermos-sera-realizada-amanha-no-santuario\/\"]}]},{\"@type\":\"ImageObject\",\"inLanguage\":\"es\",\"@id\":\"https:\/\/www.padreeustaquio.com.br\/missa-para-os-enfermos-sera-realizada-amanha-no-santuario\/#primaryimage\",\"url\":\"https:\/\/www.padreeustaquio.com.br\/wp-content\/uploads\/2023\/03\/missa-com-enfermos.jpeg\",\"contentUrl\":\"https:\/\/www.padreeustaquio.com.br\/wp-content\/uploads\/2023\/03\/missa-com-enfermos.jpeg\",\"width\":1600,\"height\":900},{\"@type\":\"BreadcrumbList\",\"@id\":\"https:\/\/www.padreeustaquio.com.br\/missa-para-os-enfermos-sera-realizada-amanha-no-santuario\/#breadcrumb\",\"itemListElement\":[{\"@type\":\"ListItem\",\"position\":1,\"name\":\"In\u00edcio\",\"item\":\"https:\/\/www.padreeustaquio.com.br\/\"},{\"@type\":\"ListItem\",\"position\":2,\"name\":\"Missa para os enfermos ser\u00e1 realizada amanh\u00e3 no Santu\u00e1rio\"}]},{\"@type\":\"WebSite\",\"@id\":\"https:\/\/www.padreeustaquio.com.br\/#website\",\"url\":\"https:\/\/www.padreeustaquio.com.br\/\",\"name\":\"Padre Eust\u00e1quio\",\"description\":\"Sa\u00fade e Paz\",\"publisher\":{\"@id\":\"https:\/\/www.padreeustaquio.com.br\/#organization\"},\"potentialAction\":[{\"@type\":\"SearchAction\",\"target\":{\"@type\":\"EntryPoint\",\"urlTemplate\":\"https:\/\/www.padreeustaquio.com.br\/?s={search_term_string}\"},\"query-input\":{\"@type\":\"PropertyValueSpecification\",\"valueRequired\":true,\"valueName\":\"search_term_string\"}}],\"inLanguage\":\"es\"},{\"@type\":\"Organization\",\"@id\":\"https:\/\/www.padreeustaquio.com.br\/#organization\",\"name\":\"Padre Eust\u00e1quio\",\"url\":\"https:\/\/www.padreeustaquio.com.br\/\",\"logo\":{\"@type\":\"ImageObject\",\"inLanguage\":\"es\",\"@id\":\"https:\/\/www.padreeustaquio.com.br\/#\/schema\/logo\/image\/\",\"url\":\"https:\/\/www.padreeustaquio.com.br\/wp-content\/uploads\/2019\/08\/marca.png\",\"contentUrl\":\"https:\/\/www.padreeustaquio.com.br\/wp-content\/uploads\/2019\/08\/marca.png\",\"width\":350,\"height\":400,\"caption\":\"Padre Eust\u00e1quio\"},\"image\":{\"@id\":\"https:\/\/www.padreeustaquio.com.br\/#\/schema\/logo\/image\/\"},\"sameAs\":[\"https:\/\/www.facebook.com\/beatopadreeustaquio\/\",\"https:\/\/x.com\/beatopeustaquio\",\"https:\/\/www.instagram.com\/beatopadreeustaquio\/\",\"https:\/\/www.youtube.com\/channel\/UCRhw7vfabnajwLxb1ZXMeIw\"]},{\"@type\":\"Person\",\"@id\":\"https:\/\/www.padreeustaquio.com.br\/#\/schema\/person\/a2a51db1d00f1a7af0204a0f1ddb1566\",\"name\":\"@sscc\",\"image\":{\"@type\":\"ImageObject\",\"inLanguage\":\"es\",\"@id\":\"https:\/\/secure.gravatar.com\/avatar\/68cfafa5f44617fea54071e215026e0ff06be366c3d54a8425f04fdcb86f8c5f?s=96&d=mm&r=g\",\"url\":\"https:\/\/secure.gravatar.com\/avatar\/68cfafa5f44617fea54071e215026e0ff06be366c3d54a8425f04fdcb86f8c5f?s=96&d=mm&r=g\",\"contentUrl\":\"https:\/\/secure.gravatar.com\/avatar\/68cfafa5f44617fea54071e215026e0ff06be366c3d54a8425f04fdcb86f8c5f?s=96&d=mm&r=g\",\"caption\":\"@sscc\"},\"url\":\"https:\/\/www.padreeustaquio.com.br\/es\/author\/sscc\/\"}]}<\/script>\n<!-- \/ Yoast SEO plugin. -->","yoast_head_json":{"title":"Ma\u00f1ana se celebrar\u00e1 en el Santuario la Misa por los enfermos.","description":"Este s\u00e1bado 1 de abril se celebrar\u00e1 una celebraci\u00f3n por los enfermos en el Santuario de la Salud y la Paz, Iglesia del Beato Padre Eustaquio. La misa ser\u00e1 a las 15:00 h y, durante la celebraci\u00f3n, se administrar\u00e1 el sacramento de la Unci\u00f3n de los Enfermos.","robots":{"index":"index","follow":"follow","max-snippet":"max-snippet:-1","max-image-preview":"max-image-preview:large","max-video-preview":"max-video-preview:-1"},"canonical":"https:\/\/www.padreeustaquio.com.br\/es\/manana-se-celebrara-en-el-santuario-una-misa-por-los-enfermos\/","og_locale":"es_ES","og_type":"article","og_title":"Missa para os enfermos ser\u00e1 realizada amanh\u00e3 no Santu\u00e1rio","og_description":"Uma celebra\u00e7\u00e3o para os enfermos ser\u00e1 realizada no Santu\u00e1rio da Sa\u00fade e da Paz, Igreja do Beato Padre Eust\u00e1quio, neste s\u00e1bado, dia 1\u00ba de abril. A missa ser\u00e1 \u00e0s 15h e, durante a celebra\u00e7\u00e3o, ser\u00e1 ministrado o sacramento da Un\u00e7\u00e3o dos Enfermos.","og_url":"https:\/\/www.padreeustaquio.com.br\/es\/manana-se-celebrara-en-el-santuario-una-misa-por-los-enfermos\/","og_site_name":"Padre Eust\u00e1quio","article_publisher":"https:\/\/www.facebook.com\/beatopadreeustaquio\/","article_published_time":"2023-03-31T09:35:00+00:00","og_image":[{"width":1600,"height":900,"url":"https:\/\/www.padreeustaquio.com.br\/wp-content\/uploads\/2023\/03\/missa-com-enfermos.jpeg","type":"image\/jpeg"}],"author":"@sscc","twitter_card":"summary_large_image","twitter_creator":"@beatopeustaquio","twitter_site":"@beatopeustaquio","twitter_misc":{"Escrito por":"@sscc","Tiempo de lectura":"1 minuto"},"schema":{"@context":"https:\/\/schema.org","@graph":[{"@type":"Article","@id":"https:\/\/www.padreeustaquio.com.br\/missa-para-os-enfermos-sera-realizada-amanha-no-santuario\/#article","isPartOf":{"@id":"https:\/\/www.padreeustaquio.com.br\/missa-para-os-enfermos-sera-realizada-amanha-no-santuario\/"},"author":{"name":"@sscc","@id":"https:\/\/www.padreeustaquio.com.br\/#\/schema\/person\/a2a51db1d00f1a7af0204a0f1ddb1566"},"headline":"Missa para os enfermos ser\u00e1 realizada amanh\u00e3 no Santu\u00e1rio","datePublished":"2023-03-31T09:35:00+00:00","mainEntityOfPage":{"@id":"https:\/\/www.padreeustaquio.com.br\/missa-para-os-enfermos-sera-realizada-amanha-no-santuario\/"},"wordCount":178,"commentCount":0,"publisher":{"@id":"https:\/\/www.padreeustaquio.com.br\/#organization"},"image":{"@id":"https:\/\/www.padreeustaquio.com.br\/missa-para-os-enfermos-sera-realizada-amanha-no-santuario\/#primaryimage"},"thumbnailUrl":"https:\/\/www.padreeustaquio.com.br\/wp-content\/uploads\/2023\/03\/missa-com-enfermos.jpeg","articleSection":["Not\u00edcias"],"inLanguage":"es","potentialAction":[{"@type":"CommentAction","name":"Comment","target":["https:\/\/www.padreeustaquio.com.br\/missa-para-os-enfermos-sera-realizada-amanha-no-santuario\/#respond"]}]},{"@type":"WebPage","@id":"https:\/\/www.padreeustaquio.com.br\/missa-para-os-enfermos-sera-realizada-amanha-no-santuario\/","url":"https:\/\/www.padreeustaquio.com.br\/missa-para-os-enfermos-sera-realizada-amanha-no-santuario\/","name":"Ma\u00f1ana se celebrar\u00e1 en el Santuario la Misa por los enfermos.","isPartOf":{"@id":"https:\/\/www.padreeustaquio.com.br\/#website"},"primaryImageOfPage":{"@id":"https:\/\/www.padreeustaquio.com.br\/missa-para-os-enfermos-sera-realizada-amanha-no-santuario\/#primaryimage"},"image":{"@id":"https:\/\/www.padreeustaquio.com.br\/missa-para-os-enfermos-sera-realizada-amanha-no-santuario\/#primaryimage"},"thumbnailUrl":"https:\/\/www.padreeustaquio.com.br\/wp-content\/uploads\/2023\/03\/missa-com-enfermos.jpeg","datePublished":"2023-03-31T09:35:00+00:00","description":"Este s\u00e1bado 1 de abril se celebrar\u00e1 una celebraci\u00f3n por los enfermos en el Santuario de la Salud y la Paz, Iglesia del Beato Padre Eustaquio. La misa ser\u00e1 a las 15:00 h y, durante la celebraci\u00f3n, se administrar\u00e1 el sacramento de la Unci\u00f3n de los Enfermos.","breadcrumb":{"@id":"https:\/\/www.padreeustaquio.com.br\/missa-para-os-enfermos-sera-realizada-amanha-no-santuario\/#breadcrumb"},"inLanguage":"es","potentialAction":[{"@type":"ReadAction","target":["https:\/\/www.padreeustaquio.com.br\/missa-para-os-enfermos-sera-realizada-amanha-no-santuario\/"]}]},{"@type":"ImageObject","inLanguage":"es","@id":"https:\/\/www.padreeustaquio.com.br\/missa-para-os-enfermos-sera-realizada-amanha-no-santuario\/#primaryimage","url":"https:\/\/www.padreeustaquio.com.br\/wp-content\/uploads\/2023\/03\/missa-com-enfermos.jpeg","contentUrl":"https:\/\/www.padreeustaquio.com.br\/wp-content\/uploads\/2023\/03\/missa-com-enfermos.jpeg","width":1600,"height":900},{"@type":"BreadcrumbList","@id":"https:\/\/www.padreeustaquio.com.br\/missa-para-os-enfermos-sera-realizada-amanha-no-santuario\/#breadcrumb","itemListElement":[{"@type":"ListItem","position":1,"name":"In\u00edcio","item":"https:\/\/www.padreeustaquio.com.br\/"},{"@type":"ListItem","position":2,"name":"Missa para os enfermos ser\u00e1 realizada amanh\u00e3 no Santu\u00e1rio"}]},{"@type":"WebSite","@id":"https:\/\/www.padreeustaquio.com.br\/#website","url":"https:\/\/www.padreeustaquio.com.br\/","name":"Padre Eustace","description":"Salud y Paz","publisher":{"@id":"https:\/\/www.padreeustaquio.com.br\/#organization"},"potentialAction":[{"@type":"SearchAction","target":{"@type":"EntryPoint","urlTemplate":"https:\/\/www.padreeustaquio.com.br\/?s={search_term_string}"},"query-input":{"@type":"PropertyValueSpecification","valueRequired":true,"valueName":"search_term_string"}}],"inLanguage":"es"},{"@type":"Organization","@id":"https:\/\/www.padreeustaquio.com.br\/#organization","name":"Padre Eustace","url":"https:\/\/www.padreeustaquio.com.br\/","logo":{"@type":"ImageObject","inLanguage":"es","@id":"https:\/\/www.padreeustaquio.com.br\/#\/schema\/logo\/image\/","url":"https:\/\/www.padreeustaquio.com.br\/wp-content\/uploads\/2019\/08\/marca.png","contentUrl":"https:\/\/www.padreeustaquio.com.br\/wp-content\/uploads\/2019\/08\/marca.png","width":350,"height":400,"caption":"Padre Eust\u00e1quio"},"image":{"@id":"https:\/\/www.padreeustaquio.com.br\/#\/schema\/logo\/image\/"},"sameAs":["https:\/\/www.facebook.com\/beatopadreeustaquio\/","https:\/\/x.com\/beatopeustaquio","https:\/\/www.instagram.com\/beatopadreeustaquio\/","https:\/\/www.youtube.com\/channel\/UCRhw7vfabnajwLxb1ZXMeIw"]},{"@type":"Person","@id":"https:\/\/www.padreeustaquio.com.br\/#\/schema\/person\/a2a51db1d00f1a7af0204a0f1ddb1566","name":"@sscc","image":{"@type":"ImageObject","inLanguage":"es","@id":"https:\/\/secure.gravatar.com\/avatar\/68cfafa5f44617fea54071e215026e0ff06be366c3d54a8425f04fdcb86f8c5f?s=96&d=mm&r=g","url":"https:\/\/secure.gravatar.com\/avatar\/68cfafa5f44617fea54071e215026e0ff06be366c3d54a8425f04fdcb86f8c5f?s=96&d=mm&r=g","contentUrl":"https:\/\/secure.gravatar.com\/avatar\/68cfafa5f44617fea54071e215026e0ff06be366c3d54a8425f04fdcb86f8c5f?s=96&d=mm&r=g","caption":"@sscc"},"url":"https:\/\/www.padreeustaquio.com.br\/es\/author\/sscc\/"}]}},"_links":{"self":[{"href":"https:\/\/www.padreeustaquio.com.br\/es\/wp-json\/wp\/v2\/posts\/10109","targetHints":{"allow":["GET"]}}],"collection":[{"href":"https:\/\/www.padreeustaquio.com.br\/es\/wp-json\/wp\/v2\/posts"}],"about":[{"href":"https:\/\/www.padreeustaquio.com.br\/es\/wp-json\/wp\/v2\/types\/post"}],"author":[{"embeddable":true,"href":"https:\/\/www.padreeustaquio.com.br\/es\/wp-json\/wp\/v2\/users\/2"}],"replies":[{"embeddable":true,"href":"https:\/\/www.padreeustaquio.com.br\/es\/wp-json\/wp\/v2\/comments?post=10109"}],"version-history":[{"count":0,"href":"https:\/\/www.padreeustaquio.com.br\/es\/wp-json\/wp\/v2\/posts\/10109\/revisions"}],"wp:featuredmedia":[{"embeddable":true,"href":"https:\/\/www.padreeustaquio.com.br\/es\/wp-json\/wp\/v2\/media\/10110"}],"wp:attachment":[{"href":"https:\/\/www.padreeustaquio.com.br\/es\/wp-json\/wp\/v2\/media?parent=10109"}],"wp:term":[{"taxonomy":"category","embeddable":true,"href":"https:\/\/www.padreeustaquio.com.br\/es\/wp-json\/wp\/v2\/categories?post=10109"},{"taxonomy":"post_tag","embeddable":true,"href":"https:\/\/www.padreeustaquio.com.br\/es\/wp-json\/wp\/v2\/tags?post=10109"}],"curies":[{"name":"wp","href":"https:\/\/api.w.org\/{rel}","templated":true}]}}