{"id":10098,"date":"2023-03-29T08:16:19","date_gmt":"2023-03-29T11:16:19","guid":{"rendered":"https:\/\/www.padreeustaquio.com.br\/?p=10098"},"modified":"2023-03-29T08:16:20","modified_gmt":"2023-03-29T11:16:20","slug":"el-rosario-de-mujeres-se-celebra-en-el-santuario-de-la-salud-y-la-paz","status":"publish","type":"post","link":"https:\/\/www.padreeustaquio.com.br\/es\/el-rosario-de-mujeres-se-celebra-en-el-santuario-de-la-salud-y-la-paz\/","title":{"rendered":"El rosario de mujeres se celebra en el Santuario de la Salud y la Paz."},"content":{"rendered":"<p>Iniciado hace unos 6 meses, el Rosario de las Mujeres surgi\u00f3 a partir de una petici\u00f3n del rector del Santuario de la Salud y la Paz, Padre Vin\u00edcius Maciel, ss.cc, y fue muy bien recibido por Do\u00f1a Mira, que moviliz\u00f3 el inicio de las oraciones.<\/p>\n\n\n\n<p>El encuentro se realiza todos los mi\u00e9rcoles a las 16 horas en el Santuario y est\u00e1 dedicado a Nuestra Se\u00f1ora de Aparecida.<\/p>\n\n\n\n<p>Hoy, alrededor de 20 mujeres participan en el rosario, rezando por las familias, el clero, las almas del purgatorio, las personas que pasan por guerras, las naciones y por las intenciones individuales de cada participante y sus familias.<\/p>\n\n\n\n<p>Mediante el rezo del Rosario de Mujeres se obtienen muchas gracias. Lea una de ellas a continuaci\u00f3n:<\/p>\n\n\n\n<p><em>Una mujer muy angustiada hab\u00eda ido a la iglesia a rezar por su hermano, fallecido un mes antes, y por su otro hermano, hospitalizado en la UCI. Al final, se tranquiliz\u00f3 y cont\u00f3 que el Padre Eust\u00e1quio la hab\u00eda guiado hasta la iglesia, especialmente durante ese momento del rosario, tan importante para ella.<\/em><\/p>\n\n\n\n<p>Acomp\u00e1\u00f1enos al Rosario de las Mujeres, todos los mi\u00e9rcoles (incluido hoy), a las 16 horas, en el Santuario de la Salud y la Paz, la Iglesia del Bienaventurado Padre Eust\u00e1quio, en Belo Horizonte-MG.<\/p>\n\n\n\n<p><\/p>","protected":false},"excerpt":{"rendered":"<p>Iniciado h\u00e1 cerca de 6 meses, o Ter\u00e7o das Mulheres surgiu de um pedido do reitor do Santu\u00e1rio da Sa\u00fade e da Paz, Padre Vin\u00edcius Maciel, ss.cc, e foi muito bem recebido por Dona Mira, que mobilizou o in\u00edcio das ora\u00e7\u00f5es. A reuni\u00e3o acontece todas as quartas-feiras, \u00e0s 16h, no Santu\u00e1rio e tem como padroeira Nossa Senhora Aparecida. Hoje cerca de 20 mulheres participam do ter\u00e7o, e rezam pelas fam\u00edlias, pelo clero, pelas almas do purgat\u00f3rio, pelas pessoas que passam por guerras, pelas na\u00e7\u00f5es e pelas inten\u00e7\u00f5es individuais de cada participante e de seus familiares. Por meio da ora\u00e7\u00e3o do [&hellip;]<\/p>\n","protected":false},"author":2,"featured_media":10099,"comment_status":"open","ping_status":"closed","sticky":false,"template":"","format":"standard","meta":{"_acf_changed":false,"footnotes":""},"categories":[611],"tags":[],"class_list":["post-10098","post","type-post","status-publish","format-standard","has-post-thumbnail","hentry","category-noticias"],"acf":[],"yoast_head":"<!-- This site is optimized with the Yoast SEO plugin v27.2 - https:\/\/yoast.com\/product\/yoast-seo-wordpress\/ -->\n<title>Ter\u00e7o das mulheres \u00e9 realizado no Santu\u00e1rio da Sa\u00fade e da Paz<\/title>\n<meta name=\"description\" content=\"Iniciado h\u00e1 cerca de 6 meses, o Ter\u00e7o das Mulheres surgiu de um pedido do reitor do Santu\u00e1rio da Sa\u00fade e da Paz, Padre Vin\u00edcius Maciel, ss.cc, e foi muito bem recebido por Dona Mira, que mobilizou o in\u00edcio das ora\u00e7\u00f5es. A reuni\u00e3o acontece todas as quartas-feiras, \u00e0s 16h, no Santu\u00e1rio e tem como padroeira Nossa Senhora Aparecida.\" \/>\n<meta name=\"robots\" content=\"index, follow, max-snippet:-1, max-image-preview:large, max-video-preview:-1\" \/>\n<link rel=\"canonical\" href=\"https:\/\/www.padreeustaquio.com.br\/es\/el-rosario-de-mujeres-se-celebra-en-el-santuario-de-la-salud-y-la-paz\/\" \/>\n<meta property=\"og:locale\" content=\"es_ES\" \/>\n<meta property=\"og:type\" content=\"article\" \/>\n<meta property=\"og:title\" content=\"Ter\u00e7o das mulheres \u00e9 realizado no Santu\u00e1rio da Sa\u00fade e da Paz\" \/>\n<meta property=\"og:description\" content=\"Iniciado h\u00e1 cerca de 6 meses, o Ter\u00e7o das Mulheres surgiu de um pedido do reitor do Santu\u00e1rio da Sa\u00fade e da Paz, Padre Vin\u00edcius Maciel, ss.cc, e foi muito bem recebido por Dona Mira, que mobilizou o in\u00edcio das ora\u00e7\u00f5es. A reuni\u00e3o acontece todas as quartas-feiras, \u00e0s 16h, no Santu\u00e1rio e tem como padroeira Nossa Senhora Aparecida.\" \/>\n<meta property=\"og:url\" content=\"https:\/\/www.padreeustaquio.com.br\/es\/el-rosario-de-mujeres-se-celebra-en-el-santuario-de-la-salud-y-la-paz\/\" \/>\n<meta property=\"og:site_name\" content=\"Padre Eust\u00e1quio\" \/>\n<meta property=\"article:publisher\" content=\"https:\/\/www.facebook.com\/beatopadreeustaquio\/\" \/>\n<meta property=\"article:published_time\" content=\"2023-03-29T11:16:19+00:00\" \/>\n<meta property=\"article:modified_time\" content=\"2023-03-29T11:16:20+00:00\" \/>\n<meta property=\"og:image\" content=\"https:\/\/www.padreeustaquio.com.br\/wp-content\/uploads\/2023\/03\/terco-das-mulheres.jpeg\" \/>\n\t<meta property=\"og:image:width\" content=\"1600\" \/>\n\t<meta property=\"og:image:height\" content=\"1200\" \/>\n\t<meta property=\"og:image:type\" content=\"image\/jpeg\" \/>\n<meta name=\"author\" content=\"@sscc\" \/>\n<meta name=\"twitter:card\" content=\"summary_large_image\" \/>\n<meta name=\"twitter:creator\" content=\"@beatopeustaquio\" \/>\n<meta name=\"twitter:site\" content=\"@beatopeustaquio\" \/>\n<meta name=\"twitter:label1\" content=\"Escrito por\" \/>\n\t<meta name=\"twitter:data1\" content=\"@sscc\" \/>\n\t<meta name=\"twitter:label2\" content=\"Tiempo de lectura\" \/>\n\t<meta name=\"twitter:data2\" content=\"2 minutos\" \/>\n<script type=\"application\/ld+json\" class=\"yoast-schema-graph\">{\"@context\":\"https:\/\/schema.org\",\"@graph\":[{\"@type\":\"Article\",\"@id\":\"https:\/\/www.padreeustaquio.com.br\/terco-das-mulheres-e-realizado-no-santuario-da-saude-e-da-paz\/#article\",\"isPartOf\":{\"@id\":\"https:\/\/www.padreeustaquio.com.br\/terco-das-mulheres-e-realizado-no-santuario-da-saude-e-da-paz\/\"},\"author\":{\"name\":\"@sscc\",\"@id\":\"https:\/\/www.padreeustaquio.com.br\/#\/schema\/person\/a2a51db1d00f1a7af0204a0f1ddb1566\"},\"headline\":\"Ter\u00e7o das mulheres \u00e9 realizado no Santu\u00e1rio da Sa\u00fade e da Paz\",\"datePublished\":\"2023-03-29T11:16:19+00:00\",\"dateModified\":\"2023-03-29T11:16:20+00:00\",\"mainEntityOfPage\":{\"@id\":\"https:\/\/www.padreeustaquio.com.br\/terco-das-mulheres-e-realizado-no-santuario-da-saude-e-da-paz\/\"},\"wordCount\":235,\"commentCount\":0,\"publisher\":{\"@id\":\"https:\/\/www.padreeustaquio.com.br\/#organization\"},\"image\":{\"@id\":\"https:\/\/www.padreeustaquio.com.br\/terco-das-mulheres-e-realizado-no-santuario-da-saude-e-da-paz\/#primaryimage\"},\"thumbnailUrl\":\"https:\/\/www.padreeustaquio.com.br\/wp-content\/uploads\/2023\/03\/terco-das-mulheres.jpeg\",\"articleSection\":[\"Not\u00edcias\"],\"inLanguage\":\"es\",\"potentialAction\":[{\"@type\":\"CommentAction\",\"name\":\"Comment\",\"target\":[\"https:\/\/www.padreeustaquio.com.br\/terco-das-mulheres-e-realizado-no-santuario-da-saude-e-da-paz\/#respond\"]}]},{\"@type\":\"WebPage\",\"@id\":\"https:\/\/www.padreeustaquio.com.br\/terco-das-mulheres-e-realizado-no-santuario-da-saude-e-da-paz\/\",\"url\":\"https:\/\/www.padreeustaquio.com.br\/terco-das-mulheres-e-realizado-no-santuario-da-saude-e-da-paz\/\",\"name\":\"Ter\u00e7o das mulheres \u00e9 realizado no Santu\u00e1rio da Sa\u00fade e da Paz\",\"isPartOf\":{\"@id\":\"https:\/\/www.padreeustaquio.com.br\/#website\"},\"primaryImageOfPage\":{\"@id\":\"https:\/\/www.padreeustaquio.com.br\/terco-das-mulheres-e-realizado-no-santuario-da-saude-e-da-paz\/#primaryimage\"},\"image\":{\"@id\":\"https:\/\/www.padreeustaquio.com.br\/terco-das-mulheres-e-realizado-no-santuario-da-saude-e-da-paz\/#primaryimage\"},\"thumbnailUrl\":\"https:\/\/www.padreeustaquio.com.br\/wp-content\/uploads\/2023\/03\/terco-das-mulheres.jpeg\",\"datePublished\":\"2023-03-29T11:16:19+00:00\",\"dateModified\":\"2023-03-29T11:16:20+00:00\",\"description\":\"Iniciado h\u00e1 cerca de 6 meses, o Ter\u00e7o das Mulheres surgiu de um pedido do reitor do Santu\u00e1rio da Sa\u00fade e da Paz, Padre Vin\u00edcius Maciel, ss.cc, e foi muito bem recebido por Dona Mira, que mobilizou o in\u00edcio das ora\u00e7\u00f5es. A reuni\u00e3o acontece todas as quartas-feiras, \u00e0s 16h, no Santu\u00e1rio e tem como padroeira Nossa Senhora Aparecida.\",\"breadcrumb\":{\"@id\":\"https:\/\/www.padreeustaquio.com.br\/terco-das-mulheres-e-realizado-no-santuario-da-saude-e-da-paz\/#breadcrumb\"},\"inLanguage\":\"es\",\"potentialAction\":[{\"@type\":\"ReadAction\",\"target\":[\"https:\/\/www.padreeustaquio.com.br\/terco-das-mulheres-e-realizado-no-santuario-da-saude-e-da-paz\/\"]}]},{\"@type\":\"ImageObject\",\"inLanguage\":\"es\",\"@id\":\"https:\/\/www.padreeustaquio.com.br\/terco-das-mulheres-e-realizado-no-santuario-da-saude-e-da-paz\/#primaryimage\",\"url\":\"https:\/\/www.padreeustaquio.com.br\/wp-content\/uploads\/2023\/03\/terco-das-mulheres.jpeg\",\"contentUrl\":\"https:\/\/www.padreeustaquio.com.br\/wp-content\/uploads\/2023\/03\/terco-das-mulheres.jpeg\",\"width\":1600,\"height\":1200},{\"@type\":\"BreadcrumbList\",\"@id\":\"https:\/\/www.padreeustaquio.com.br\/terco-das-mulheres-e-realizado-no-santuario-da-saude-e-da-paz\/#breadcrumb\",\"itemListElement\":[{\"@type\":\"ListItem\",\"position\":1,\"name\":\"In\u00edcio\",\"item\":\"https:\/\/www.padreeustaquio.com.br\/\"},{\"@type\":\"ListItem\",\"position\":2,\"name\":\"Ter\u00e7o das mulheres \u00e9 realizado no Santu\u00e1rio da Sa\u00fade e da Paz\"}]},{\"@type\":\"WebSite\",\"@id\":\"https:\/\/www.padreeustaquio.com.br\/#website\",\"url\":\"https:\/\/www.padreeustaquio.com.br\/\",\"name\":\"Padre Eust\u00e1quio\",\"description\":\"Sa\u00fade e Paz\",\"publisher\":{\"@id\":\"https:\/\/www.padreeustaquio.com.br\/#organization\"},\"potentialAction\":[{\"@type\":\"SearchAction\",\"target\":{\"@type\":\"EntryPoint\",\"urlTemplate\":\"https:\/\/www.padreeustaquio.com.br\/?s={search_term_string}\"},\"query-input\":{\"@type\":\"PropertyValueSpecification\",\"valueRequired\":true,\"valueName\":\"search_term_string\"}}],\"inLanguage\":\"es\"},{\"@type\":\"Organization\",\"@id\":\"https:\/\/www.padreeustaquio.com.br\/#organization\",\"name\":\"Padre Eust\u00e1quio\",\"url\":\"https:\/\/www.padreeustaquio.com.br\/\",\"logo\":{\"@type\":\"ImageObject\",\"inLanguage\":\"es\",\"@id\":\"https:\/\/www.padreeustaquio.com.br\/#\/schema\/logo\/image\/\",\"url\":\"https:\/\/www.padreeustaquio.com.br\/wp-content\/uploads\/2019\/08\/marca.png\",\"contentUrl\":\"https:\/\/www.padreeustaquio.com.br\/wp-content\/uploads\/2019\/08\/marca.png\",\"width\":350,\"height\":400,\"caption\":\"Padre Eust\u00e1quio\"},\"image\":{\"@id\":\"https:\/\/www.padreeustaquio.com.br\/#\/schema\/logo\/image\/\"},\"sameAs\":[\"https:\/\/www.facebook.com\/beatopadreeustaquio\/\",\"https:\/\/x.com\/beatopeustaquio\",\"https:\/\/www.instagram.com\/beatopadreeustaquio\/\",\"https:\/\/www.youtube.com\/channel\/UCRhw7vfabnajwLxb1ZXMeIw\"]},{\"@type\":\"Person\",\"@id\":\"https:\/\/www.padreeustaquio.com.br\/#\/schema\/person\/a2a51db1d00f1a7af0204a0f1ddb1566\",\"name\":\"@sscc\",\"image\":{\"@type\":\"ImageObject\",\"inLanguage\":\"es\",\"@id\":\"https:\/\/secure.gravatar.com\/avatar\/68cfafa5f44617fea54071e215026e0ff06be366c3d54a8425f04fdcb86f8c5f?s=96&d=mm&r=g\",\"url\":\"https:\/\/secure.gravatar.com\/avatar\/68cfafa5f44617fea54071e215026e0ff06be366c3d54a8425f04fdcb86f8c5f?s=96&d=mm&r=g\",\"contentUrl\":\"https:\/\/secure.gravatar.com\/avatar\/68cfafa5f44617fea54071e215026e0ff06be366c3d54a8425f04fdcb86f8c5f?s=96&d=mm&r=g\",\"caption\":\"@sscc\"},\"url\":\"https:\/\/www.padreeustaquio.com.br\/es\/author\/sscc\/\"}]}<\/script>\n<!-- \/ Yoast SEO plugin. -->","yoast_head_json":{"title":"El rosario de mujeres se celebra en el Santuario de la Salud y la Paz.","description":"El grupo del Rosario de Mujeres, fundado hace unos seis meses, surgi\u00f3 a petici\u00f3n del rector del Santuario de la Salud y la Paz, Padre Vin\u00edcius Maciel, ss.cc., y tuvo una gran acogida por do\u00f1a Mira, quien impuls\u00f3 el inicio de las oraciones. La reuni\u00f3n se celebra todos los mi\u00e9rcoles a las 16:00 h en el Santuario y tiene como patrona a Nuestra Se\u00f1ora de Aparecida.","robots":{"index":"index","follow":"follow","max-snippet":"max-snippet:-1","max-image-preview":"max-image-preview:large","max-video-preview":"max-video-preview:-1"},"canonical":"https:\/\/www.padreeustaquio.com.br\/es\/el-rosario-de-mujeres-se-celebra-en-el-santuario-de-la-salud-y-la-paz\/","og_locale":"es_ES","og_type":"article","og_title":"Ter\u00e7o das mulheres \u00e9 realizado no Santu\u00e1rio da Sa\u00fade e da Paz","og_description":"Iniciado h\u00e1 cerca de 6 meses, o Ter\u00e7o das Mulheres surgiu de um pedido do reitor do Santu\u00e1rio da Sa\u00fade e da Paz, Padre Vin\u00edcius Maciel, ss.cc, e foi muito bem recebido por Dona Mira, que mobilizou o in\u00edcio das ora\u00e7\u00f5es. A reuni\u00e3o acontece todas as quartas-feiras, \u00e0s 16h, no Santu\u00e1rio e tem como padroeira Nossa Senhora Aparecida.","og_url":"https:\/\/www.padreeustaquio.com.br\/es\/el-rosario-de-mujeres-se-celebra-en-el-santuario-de-la-salud-y-la-paz\/","og_site_name":"Padre Eust\u00e1quio","article_publisher":"https:\/\/www.facebook.com\/beatopadreeustaquio\/","article_published_time":"2023-03-29T11:16:19+00:00","article_modified_time":"2023-03-29T11:16:20+00:00","og_image":[{"width":1600,"height":1200,"url":"https:\/\/www.padreeustaquio.com.br\/wp-content\/uploads\/2023\/03\/terco-das-mulheres.jpeg","type":"image\/jpeg"}],"author":"@sscc","twitter_card":"summary_large_image","twitter_creator":"@beatopeustaquio","twitter_site":"@beatopeustaquio","twitter_misc":{"Escrito por":"@sscc","Tiempo de lectura":"2 minutos"},"schema":{"@context":"https:\/\/schema.org","@graph":[{"@type":"Article","@id":"https:\/\/www.padreeustaquio.com.br\/terco-das-mulheres-e-realizado-no-santuario-da-saude-e-da-paz\/#article","isPartOf":{"@id":"https:\/\/www.padreeustaquio.com.br\/terco-das-mulheres-e-realizado-no-santuario-da-saude-e-da-paz\/"},"author":{"name":"@sscc","@id":"https:\/\/www.padreeustaquio.com.br\/#\/schema\/person\/a2a51db1d00f1a7af0204a0f1ddb1566"},"headline":"Ter\u00e7o das mulheres \u00e9 realizado no Santu\u00e1rio da Sa\u00fade e da Paz","datePublished":"2023-03-29T11:16:19+00:00","dateModified":"2023-03-29T11:16:20+00:00","mainEntityOfPage":{"@id":"https:\/\/www.padreeustaquio.com.br\/terco-das-mulheres-e-realizado-no-santuario-da-saude-e-da-paz\/"},"wordCount":235,"commentCount":0,"publisher":{"@id":"https:\/\/www.padreeustaquio.com.br\/#organization"},"image":{"@id":"https:\/\/www.padreeustaquio.com.br\/terco-das-mulheres-e-realizado-no-santuario-da-saude-e-da-paz\/#primaryimage"},"thumbnailUrl":"https:\/\/www.padreeustaquio.com.br\/wp-content\/uploads\/2023\/03\/terco-das-mulheres.jpeg","articleSection":["Not\u00edcias"],"inLanguage":"es","potentialAction":[{"@type":"CommentAction","name":"Comment","target":["https:\/\/www.padreeustaquio.com.br\/terco-das-mulheres-e-realizado-no-santuario-da-saude-e-da-paz\/#respond"]}]},{"@type":"WebPage","@id":"https:\/\/www.padreeustaquio.com.br\/terco-das-mulheres-e-realizado-no-santuario-da-saude-e-da-paz\/","url":"https:\/\/www.padreeustaquio.com.br\/terco-das-mulheres-e-realizado-no-santuario-da-saude-e-da-paz\/","name":"El rosario de mujeres se celebra en el Santuario de la Salud y la Paz.","isPartOf":{"@id":"https:\/\/www.padreeustaquio.com.br\/#website"},"primaryImageOfPage":{"@id":"https:\/\/www.padreeustaquio.com.br\/terco-das-mulheres-e-realizado-no-santuario-da-saude-e-da-paz\/#primaryimage"},"image":{"@id":"https:\/\/www.padreeustaquio.com.br\/terco-das-mulheres-e-realizado-no-santuario-da-saude-e-da-paz\/#primaryimage"},"thumbnailUrl":"https:\/\/www.padreeustaquio.com.br\/wp-content\/uploads\/2023\/03\/terco-das-mulheres.jpeg","datePublished":"2023-03-29T11:16:19+00:00","dateModified":"2023-03-29T11:16:20+00:00","description":"El grupo del Rosario de Mujeres, fundado hace unos seis meses, surgi\u00f3 a petici\u00f3n del rector del Santuario de la Salud y la Paz, Padre Vin\u00edcius Maciel, ss.cc., y tuvo una gran acogida por do\u00f1a Mira, quien impuls\u00f3 el inicio de las oraciones. La reuni\u00f3n se celebra todos los mi\u00e9rcoles a las 16:00 h en el Santuario y tiene como patrona a Nuestra Se\u00f1ora de Aparecida.","breadcrumb":{"@id":"https:\/\/www.padreeustaquio.com.br\/terco-das-mulheres-e-realizado-no-santuario-da-saude-e-da-paz\/#breadcrumb"},"inLanguage":"es","potentialAction":[{"@type":"ReadAction","target":["https:\/\/www.padreeustaquio.com.br\/terco-das-mulheres-e-realizado-no-santuario-da-saude-e-da-paz\/"]}]},{"@type":"ImageObject","inLanguage":"es","@id":"https:\/\/www.padreeustaquio.com.br\/terco-das-mulheres-e-realizado-no-santuario-da-saude-e-da-paz\/#primaryimage","url":"https:\/\/www.padreeustaquio.com.br\/wp-content\/uploads\/2023\/03\/terco-das-mulheres.jpeg","contentUrl":"https:\/\/www.padreeustaquio.com.br\/wp-content\/uploads\/2023\/03\/terco-das-mulheres.jpeg","width":1600,"height":1200},{"@type":"BreadcrumbList","@id":"https:\/\/www.padreeustaquio.com.br\/terco-das-mulheres-e-realizado-no-santuario-da-saude-e-da-paz\/#breadcrumb","itemListElement":[{"@type":"ListItem","position":1,"name":"In\u00edcio","item":"https:\/\/www.padreeustaquio.com.br\/"},{"@type":"ListItem","position":2,"name":"Ter\u00e7o das mulheres \u00e9 realizado no Santu\u00e1rio da Sa\u00fade e da Paz"}]},{"@type":"WebSite","@id":"https:\/\/www.padreeustaquio.com.br\/#website","url":"https:\/\/www.padreeustaquio.com.br\/","name":"Padre Eustace","description":"Salud y Paz","publisher":{"@id":"https:\/\/www.padreeustaquio.com.br\/#organization"},"potentialAction":[{"@type":"SearchAction","target":{"@type":"EntryPoint","urlTemplate":"https:\/\/www.padreeustaquio.com.br\/?s={search_term_string}"},"query-input":{"@type":"PropertyValueSpecification","valueRequired":true,"valueName":"search_term_string"}}],"inLanguage":"es"},{"@type":"Organization","@id":"https:\/\/www.padreeustaquio.com.br\/#organization","name":"Padre Eustace","url":"https:\/\/www.padreeustaquio.com.br\/","logo":{"@type":"ImageObject","inLanguage":"es","@id":"https:\/\/www.padreeustaquio.com.br\/#\/schema\/logo\/image\/","url":"https:\/\/www.padreeustaquio.com.br\/wp-content\/uploads\/2019\/08\/marca.png","contentUrl":"https:\/\/www.padreeustaquio.com.br\/wp-content\/uploads\/2019\/08\/marca.png","width":350,"height":400,"caption":"Padre Eust\u00e1quio"},"image":{"@id":"https:\/\/www.padreeustaquio.com.br\/#\/schema\/logo\/image\/"},"sameAs":["https:\/\/www.facebook.com\/beatopadreeustaquio\/","https:\/\/x.com\/beatopeustaquio","https:\/\/www.instagram.com\/beatopadreeustaquio\/","https:\/\/www.youtube.com\/channel\/UCRhw7vfabnajwLxb1ZXMeIw"]},{"@type":"Person","@id":"https:\/\/www.padreeustaquio.com.br\/#\/schema\/person\/a2a51db1d00f1a7af0204a0f1ddb1566","name":"@sscc","image":{"@type":"ImageObject","inLanguage":"es","@id":"https:\/\/secure.gravatar.com\/avatar\/68cfafa5f44617fea54071e215026e0ff06be366c3d54a8425f04fdcb86f8c5f?s=96&d=mm&r=g","url":"https:\/\/secure.gravatar.com\/avatar\/68cfafa5f44617fea54071e215026e0ff06be366c3d54a8425f04fdcb86f8c5f?s=96&d=mm&r=g","contentUrl":"https:\/\/secure.gravatar.com\/avatar\/68cfafa5f44617fea54071e215026e0ff06be366c3d54a8425f04fdcb86f8c5f?s=96&d=mm&r=g","caption":"@sscc"},"url":"https:\/\/www.padreeustaquio.com.br\/es\/author\/sscc\/"}]}},"_links":{"self":[{"href":"https:\/\/www.padreeustaquio.com.br\/es\/wp-json\/wp\/v2\/posts\/10098","targetHints":{"allow":["GET"]}}],"collection":[{"href":"https:\/\/www.padreeustaquio.com.br\/es\/wp-json\/wp\/v2\/posts"}],"about":[{"href":"https:\/\/www.padreeustaquio.com.br\/es\/wp-json\/wp\/v2\/types\/post"}],"author":[{"embeddable":true,"href":"https:\/\/www.padreeustaquio.com.br\/es\/wp-json\/wp\/v2\/users\/2"}],"replies":[{"embeddable":true,"href":"https:\/\/www.padreeustaquio.com.br\/es\/wp-json\/wp\/v2\/comments?post=10098"}],"version-history":[{"count":0,"href":"https:\/\/www.padreeustaquio.com.br\/es\/wp-json\/wp\/v2\/posts\/10098\/revisions"}],"wp:featuredmedia":[{"embeddable":true,"href":"https:\/\/www.padreeustaquio.com.br\/es\/wp-json\/wp\/v2\/media\/10099"}],"wp:attachment":[{"href":"https:\/\/www.padreeustaquio.com.br\/es\/wp-json\/wp\/v2\/media?parent=10098"}],"wp:term":[{"taxonomy":"category","embeddable":true,"href":"https:\/\/www.padreeustaquio.com.br\/es\/wp-json\/wp\/v2\/categories?post=10098"},{"taxonomy":"post_tag","embeddable":true,"href":"https:\/\/www.padreeustaquio.com.br\/es\/wp-json\/wp\/v2\/tags?post=10098"}],"curies":[{"name":"wp","href":"https:\/\/api.w.org\/{rel}","templated":true}]}}