{"id":10094,"date":"2023-03-28T08:15:01","date_gmt":"2023-03-28T11:15:01","guid":{"rendered":"https:\/\/www.padreeustaquio.com.br\/?p=10094"},"modified":"2023-03-28T08:15:03","modified_gmt":"2023-03-28T11:15:03","slug":"tv-evangelizar-retransmitira-la-misa-de-hoy-desde-la-iglesia-del-padre-eustaquio","status":"publish","type":"post","link":"https:\/\/www.padreeustaquio.com.br\/es\/tv-evangelizar-retransmitira-la-misa-de-hoy-desde-la-iglesia-del-padre-eustaquio\/","title":{"rendered":"TV Evangelizar retransmitir\u00e1 la misa de hoy desde la Iglesia Padre Eust\u00e1quio."},"content":{"rendered":"<p>Con sede en Curitiba, Paran\u00e1, TV Evangelizar transmitir\u00e1 la Santa Misa hoy (28 de marzo) a las 19:00 h, en vivo desde el Santuario de la Salud y la Paz. La transmisi\u00f3n se realiza en colaboraci\u00f3n con la Secretar\u00eda Nacional para la Causa de Canonizaci\u00f3n, a trav\u00e9s del Canal Padre Eust\u00e1quio.<\/p>\n\n\n\n<p>El inter\u00e9s en transmitir otra celebraci\u00f3n del Santuario surgi\u00f3 despu\u00e9s de que la emisora transmitiera, por televisi\u00f3n nacional, la Eucarist\u00eda inaugural del 80.\u00ba aniversario de la muerte del Sant\u00edsimo el 31 de enero de este a\u00f1o. La liturgia ser\u00e1 la de este martes de la quinta semana de Cuaresma y contar\u00e1 con la participaci\u00f3n de cantores, lectores y comentaristas de la comunidad. <\/p>\n\n\n\n<p><strong>Evangelizar la televisi\u00f3n<\/strong><\/p>\n\n\n\n<p>TV Evangelizar es una cadena de televisi\u00f3n brasile\u00f1a con sede en Curitiba, capital del estado de Paran\u00e1. De car\u00e1cter religioso, pertenece a la Asociaci\u00f3n Evangelizar \u00e9 Preciso, dirigida por el padre Reginaldo Manzotti. La emisora surgi\u00f3 el 16 de diciembre de 2011, inicialmente bajo el nombre de TV Lumen, cuando la PUC-PR, ante las dificultades para operar comercialmente la emisora, cedi\u00f3 el canal a la Asociaci\u00f3n Evangelizar \u00e9 Preciso.<\/p>\n\n\n\n<p>Disponible en canales de se\u00f1al abierta en varias ciudades brasile\u00f1as, TV Evangelizar est\u00e1 presente en 16 estados brasile\u00f1os a trav\u00e9s de proveedores de televisi\u00f3n convencional por antena, sat\u00e9lite o cable.\u00a0<a href=\"https:\/\/www.padrereginaldomanzotti.org.br\/rec\/tv-evangelizar\/\" target=\"_blank\" rel=\"noreferrer noopener\">HAGA CLIC AQU\u00cd\u00a0<\/a>para ver el canal online.<\/p>\n\n\n\n<p><\/p>","protected":false},"excerpt":{"rendered":"<p>Com sede em Curitiba, no Paran\u00e1, a TV Evangelizar transmite hoje (28\/03) \u00e0s 19h, a Santa Missa direto do Santu\u00e1rio da Sa\u00fade e da Paz. A transmiss\u00e3o \u00e9 feita em parceria com o Secretariado Nacional para a Causa de Canoniza\u00e7\u00e3o, por meio do Canal Padre Eust\u00e1quio. O interesse em transmitir mais uma das celebra\u00e7\u00f5es do Santu\u00e1rio, surgiu depois que a emissora exibiu, em rede nacional, a Eucaristia de abertura dos 80 anos da morte do Bem-Aventurado, no dia 31 de janeiro deste ano. A liturgia ser\u00e1 a desta ter\u00e7a-feira da Quinta Semana da Quaresma e contar\u00e1 com a participa\u00e7\u00e3o de [&hellip;]<\/p>\n","protected":false},"author":2,"featured_media":9662,"comment_status":"open","ping_status":"closed","sticky":false,"template":"","format":"standard","meta":{"_acf_changed":false,"footnotes":""},"categories":[611],"tags":[],"class_list":["post-10094","post","type-post","status-publish","format-standard","has-post-thumbnail","hentry","category-noticias"],"acf":[],"yoast_head":"<!-- This site is optimized with the Yoast SEO plugin v27.2 - https:\/\/yoast.com\/product\/yoast-seo-wordpress\/ -->\n<title>TV Evangelizar retransmite hoje missa da Igreja do Padre Eust\u00e1quio<\/title>\n<meta name=\"description\" content=\"Com sede em Curitiba, no Paran\u00e1, a TV Evangelizar transmite hoje (28\/03) \u00e0s 19h, a Santa Missa direto do Santu\u00e1rio da Sa\u00fade e da Paz. A transmiss\u00e3o \u00e9 feita em parceria com o Secretariado Nacional para a Causa de Canoniza\u00e7\u00e3o, por meio do Canal Padre Eust\u00e1quio.\" \/>\n<meta name=\"robots\" content=\"index, follow, max-snippet:-1, max-image-preview:large, max-video-preview:-1\" \/>\n<link rel=\"canonical\" href=\"https:\/\/www.padreeustaquio.com.br\/es\/tv-evangelizar-retransmitira-la-misa-de-hoy-desde-la-iglesia-del-padre-eustaquio\/\" \/>\n<meta property=\"og:locale\" content=\"es_ES\" \/>\n<meta property=\"og:type\" content=\"article\" \/>\n<meta property=\"og:title\" content=\"TV Evangelizar retransmite hoje missa da Igreja do Padre Eust\u00e1quio\" \/>\n<meta property=\"og:description\" content=\"Com sede em Curitiba, no Paran\u00e1, a TV Evangelizar transmite hoje (28\/03) \u00e0s 19h, a Santa Missa direto do Santu\u00e1rio da Sa\u00fade e da Paz. A transmiss\u00e3o \u00e9 feita em parceria com o Secretariado Nacional para a Causa de Canoniza\u00e7\u00e3o, por meio do Canal Padre Eust\u00e1quio.\" \/>\n<meta property=\"og:url\" content=\"https:\/\/www.padreeustaquio.com.br\/es\/tv-evangelizar-retransmitira-la-misa-de-hoy-desde-la-iglesia-del-padre-eustaquio\/\" \/>\n<meta property=\"og:site_name\" content=\"Padre Eust\u00e1quio\" \/>\n<meta property=\"article:publisher\" content=\"https:\/\/www.facebook.com\/beatopadreeustaquio\/\" \/>\n<meta property=\"article:published_time\" content=\"2023-03-28T11:15:01+00:00\" \/>\n<meta property=\"article:modified_time\" content=\"2023-03-28T11:15:03+00:00\" \/>\n<meta property=\"og:image\" content=\"https:\/\/www.padreeustaquio.com.br\/wp-content\/uploads\/2022\/12\/tv-evangelizar.jpg\" \/>\n\t<meta property=\"og:image:width\" content=\"748\" \/>\n\t<meta property=\"og:image:height\" content=\"394\" \/>\n\t<meta property=\"og:image:type\" content=\"image\/jpeg\" \/>\n<meta name=\"author\" content=\"@sscc\" \/>\n<meta name=\"twitter:card\" content=\"summary_large_image\" \/>\n<meta name=\"twitter:creator\" content=\"@beatopeustaquio\" \/>\n<meta name=\"twitter:site\" content=\"@beatopeustaquio\" \/>\n<meta name=\"twitter:label1\" content=\"Escrito por\" \/>\n\t<meta name=\"twitter:data1\" content=\"@sscc\" \/>\n\t<meta name=\"twitter:label2\" content=\"Tiempo de lectura\" \/>\n\t<meta name=\"twitter:data2\" content=\"2 minutos\" \/>\n<script type=\"application\/ld+json\" class=\"yoast-schema-graph\">{\"@context\":\"https:\/\/schema.org\",\"@graph\":[{\"@type\":\"Article\",\"@id\":\"https:\/\/www.padreeustaquio.com.br\/tv-evangelizar-retransmite-hoje-missa-da-igreja-do-padre-eustaquio\/#article\",\"isPartOf\":{\"@id\":\"https:\/\/www.padreeustaquio.com.br\/tv-evangelizar-retransmite-hoje-missa-da-igreja-do-padre-eustaquio\/\"},\"author\":{\"name\":\"@sscc\",\"@id\":\"https:\/\/www.padreeustaquio.com.br\/#\/schema\/person\/a2a51db1d00f1a7af0204a0f1ddb1566\"},\"headline\":\"TV Evangelizar retransmite hoje missa da Igreja do Padre Eust\u00e1quio\",\"datePublished\":\"2023-03-28T11:15:01+00:00\",\"dateModified\":\"2023-03-28T11:15:03+00:00\",\"mainEntityOfPage\":{\"@id\":\"https:\/\/www.padreeustaquio.com.br\/tv-evangelizar-retransmite-hoje-missa-da-igreja-do-padre-eustaquio\/\"},\"wordCount\":232,\"commentCount\":0,\"publisher\":{\"@id\":\"https:\/\/www.padreeustaquio.com.br\/#organization\"},\"image\":{\"@id\":\"https:\/\/www.padreeustaquio.com.br\/tv-evangelizar-retransmite-hoje-missa-da-igreja-do-padre-eustaquio\/#primaryimage\"},\"thumbnailUrl\":\"https:\/\/www.padreeustaquio.com.br\/wp-content\/uploads\/2022\/12\/tv-evangelizar.jpg\",\"articleSection\":[\"Not\u00edcias\"],\"inLanguage\":\"es\",\"potentialAction\":[{\"@type\":\"CommentAction\",\"name\":\"Comment\",\"target\":[\"https:\/\/www.padreeustaquio.com.br\/tv-evangelizar-retransmite-hoje-missa-da-igreja-do-padre-eustaquio\/#respond\"]}]},{\"@type\":\"WebPage\",\"@id\":\"https:\/\/www.padreeustaquio.com.br\/tv-evangelizar-retransmite-hoje-missa-da-igreja-do-padre-eustaquio\/\",\"url\":\"https:\/\/www.padreeustaquio.com.br\/tv-evangelizar-retransmite-hoje-missa-da-igreja-do-padre-eustaquio\/\",\"name\":\"TV Evangelizar retransmite hoje missa da Igreja do Padre Eust\u00e1quio\",\"isPartOf\":{\"@id\":\"https:\/\/www.padreeustaquio.com.br\/#website\"},\"primaryImageOfPage\":{\"@id\":\"https:\/\/www.padreeustaquio.com.br\/tv-evangelizar-retransmite-hoje-missa-da-igreja-do-padre-eustaquio\/#primaryimage\"},\"image\":{\"@id\":\"https:\/\/www.padreeustaquio.com.br\/tv-evangelizar-retransmite-hoje-missa-da-igreja-do-padre-eustaquio\/#primaryimage\"},\"thumbnailUrl\":\"https:\/\/www.padreeustaquio.com.br\/wp-content\/uploads\/2022\/12\/tv-evangelizar.jpg\",\"datePublished\":\"2023-03-28T11:15:01+00:00\",\"dateModified\":\"2023-03-28T11:15:03+00:00\",\"description\":\"Com sede em Curitiba, no Paran\u00e1, a TV Evangelizar transmite hoje (28\/03) \u00e0s 19h, a Santa Missa direto do Santu\u00e1rio da Sa\u00fade e da Paz. A transmiss\u00e3o \u00e9 feita em parceria com o Secretariado Nacional para a Causa de Canoniza\u00e7\u00e3o, por meio do Canal Padre Eust\u00e1quio.\",\"breadcrumb\":{\"@id\":\"https:\/\/www.padreeustaquio.com.br\/tv-evangelizar-retransmite-hoje-missa-da-igreja-do-padre-eustaquio\/#breadcrumb\"},\"inLanguage\":\"es\",\"potentialAction\":[{\"@type\":\"ReadAction\",\"target\":[\"https:\/\/www.padreeustaquio.com.br\/tv-evangelizar-retransmite-hoje-missa-da-igreja-do-padre-eustaquio\/\"]}]},{\"@type\":\"ImageObject\",\"inLanguage\":\"es\",\"@id\":\"https:\/\/www.padreeustaquio.com.br\/tv-evangelizar-retransmite-hoje-missa-da-igreja-do-padre-eustaquio\/#primaryimage\",\"url\":\"https:\/\/www.padreeustaquio.com.br\/wp-content\/uploads\/2022\/12\/tv-evangelizar.jpg\",\"contentUrl\":\"https:\/\/www.padreeustaquio.com.br\/wp-content\/uploads\/2022\/12\/tv-evangelizar.jpg\",\"width\":748,\"height\":394},{\"@type\":\"BreadcrumbList\",\"@id\":\"https:\/\/www.padreeustaquio.com.br\/tv-evangelizar-retransmite-hoje-missa-da-igreja-do-padre-eustaquio\/#breadcrumb\",\"itemListElement\":[{\"@type\":\"ListItem\",\"position\":1,\"name\":\"In\u00edcio\",\"item\":\"https:\/\/www.padreeustaquio.com.br\/\"},{\"@type\":\"ListItem\",\"position\":2,\"name\":\"TV Evangelizar retransmite hoje missa da Igreja do Padre Eust\u00e1quio\"}]},{\"@type\":\"WebSite\",\"@id\":\"https:\/\/www.padreeustaquio.com.br\/#website\",\"url\":\"https:\/\/www.padreeustaquio.com.br\/\",\"name\":\"Padre Eust\u00e1quio\",\"description\":\"Sa\u00fade e Paz\",\"publisher\":{\"@id\":\"https:\/\/www.padreeustaquio.com.br\/#organization\"},\"potentialAction\":[{\"@type\":\"SearchAction\",\"target\":{\"@type\":\"EntryPoint\",\"urlTemplate\":\"https:\/\/www.padreeustaquio.com.br\/?s={search_term_string}\"},\"query-input\":{\"@type\":\"PropertyValueSpecification\",\"valueRequired\":true,\"valueName\":\"search_term_string\"}}],\"inLanguage\":\"es\"},{\"@type\":\"Organization\",\"@id\":\"https:\/\/www.padreeustaquio.com.br\/#organization\",\"name\":\"Padre Eust\u00e1quio\",\"url\":\"https:\/\/www.padreeustaquio.com.br\/\",\"logo\":{\"@type\":\"ImageObject\",\"inLanguage\":\"es\",\"@id\":\"https:\/\/www.padreeustaquio.com.br\/#\/schema\/logo\/image\/\",\"url\":\"https:\/\/www.padreeustaquio.com.br\/wp-content\/uploads\/2019\/08\/marca.png\",\"contentUrl\":\"https:\/\/www.padreeustaquio.com.br\/wp-content\/uploads\/2019\/08\/marca.png\",\"width\":350,\"height\":400,\"caption\":\"Padre Eust\u00e1quio\"},\"image\":{\"@id\":\"https:\/\/www.padreeustaquio.com.br\/#\/schema\/logo\/image\/\"},\"sameAs\":[\"https:\/\/www.facebook.com\/beatopadreeustaquio\/\",\"https:\/\/x.com\/beatopeustaquio\",\"https:\/\/www.instagram.com\/beatopadreeustaquio\/\",\"https:\/\/www.youtube.com\/channel\/UCRhw7vfabnajwLxb1ZXMeIw\"]},{\"@type\":\"Person\",\"@id\":\"https:\/\/www.padreeustaquio.com.br\/#\/schema\/person\/a2a51db1d00f1a7af0204a0f1ddb1566\",\"name\":\"@sscc\",\"image\":{\"@type\":\"ImageObject\",\"inLanguage\":\"es\",\"@id\":\"https:\/\/secure.gravatar.com\/avatar\/68cfafa5f44617fea54071e215026e0ff06be366c3d54a8425f04fdcb86f8c5f?s=96&d=mm&r=g\",\"url\":\"https:\/\/secure.gravatar.com\/avatar\/68cfafa5f44617fea54071e215026e0ff06be366c3d54a8425f04fdcb86f8c5f?s=96&d=mm&r=g\",\"contentUrl\":\"https:\/\/secure.gravatar.com\/avatar\/68cfafa5f44617fea54071e215026e0ff06be366c3d54a8425f04fdcb86f8c5f?s=96&d=mm&r=g\",\"caption\":\"@sscc\"},\"url\":\"https:\/\/www.padreeustaquio.com.br\/es\/author\/sscc\/\"}]}<\/script>\n<!-- \/ Yoast SEO plugin. -->","yoast_head_json":{"title":"TV Evangelizar retransmitir\u00e1 la misa de hoy desde la Iglesia Padre Eust\u00e1quio.","description":"Con sede en Curitiba, Paran\u00e1, TV Evangelizar transmitir\u00e1 la Santa Misa hoy (28 de marzo) a las 19:00 h, en vivo desde el Santuario de la Salud y la Paz. La transmisi\u00f3n se realiza en colaboraci\u00f3n con la Secretar\u00eda Nacional para la Causa de Canonizaci\u00f3n, a trav\u00e9s del Canal Padre Eust\u00e1quio.","robots":{"index":"index","follow":"follow","max-snippet":"max-snippet:-1","max-image-preview":"max-image-preview:large","max-video-preview":"max-video-preview:-1"},"canonical":"https:\/\/www.padreeustaquio.com.br\/es\/tv-evangelizar-retransmitira-la-misa-de-hoy-desde-la-iglesia-del-padre-eustaquio\/","og_locale":"es_ES","og_type":"article","og_title":"TV Evangelizar retransmite hoje missa da Igreja do Padre Eust\u00e1quio","og_description":"Com sede em Curitiba, no Paran\u00e1, a TV Evangelizar transmite hoje (28\/03) \u00e0s 19h, a Santa Missa direto do Santu\u00e1rio da Sa\u00fade e da Paz. A transmiss\u00e3o \u00e9 feita em parceria com o Secretariado Nacional para a Causa de Canoniza\u00e7\u00e3o, por meio do Canal Padre Eust\u00e1quio.","og_url":"https:\/\/www.padreeustaquio.com.br\/es\/tv-evangelizar-retransmitira-la-misa-de-hoy-desde-la-iglesia-del-padre-eustaquio\/","og_site_name":"Padre Eust\u00e1quio","article_publisher":"https:\/\/www.facebook.com\/beatopadreeustaquio\/","article_published_time":"2023-03-28T11:15:01+00:00","article_modified_time":"2023-03-28T11:15:03+00:00","og_image":[{"width":748,"height":394,"url":"https:\/\/www.padreeustaquio.com.br\/wp-content\/uploads\/2022\/12\/tv-evangelizar.jpg","type":"image\/jpeg"}],"author":"@sscc","twitter_card":"summary_large_image","twitter_creator":"@beatopeustaquio","twitter_site":"@beatopeustaquio","twitter_misc":{"Escrito por":"@sscc","Tiempo de lectura":"2 minutos"},"schema":{"@context":"https:\/\/schema.org","@graph":[{"@type":"Article","@id":"https:\/\/www.padreeustaquio.com.br\/tv-evangelizar-retransmite-hoje-missa-da-igreja-do-padre-eustaquio\/#article","isPartOf":{"@id":"https:\/\/www.padreeustaquio.com.br\/tv-evangelizar-retransmite-hoje-missa-da-igreja-do-padre-eustaquio\/"},"author":{"name":"@sscc","@id":"https:\/\/www.padreeustaquio.com.br\/#\/schema\/person\/a2a51db1d00f1a7af0204a0f1ddb1566"},"headline":"TV Evangelizar retransmite hoje missa da Igreja do Padre Eust\u00e1quio","datePublished":"2023-03-28T11:15:01+00:00","dateModified":"2023-03-28T11:15:03+00:00","mainEntityOfPage":{"@id":"https:\/\/www.padreeustaquio.com.br\/tv-evangelizar-retransmite-hoje-missa-da-igreja-do-padre-eustaquio\/"},"wordCount":232,"commentCount":0,"publisher":{"@id":"https:\/\/www.padreeustaquio.com.br\/#organization"},"image":{"@id":"https:\/\/www.padreeustaquio.com.br\/tv-evangelizar-retransmite-hoje-missa-da-igreja-do-padre-eustaquio\/#primaryimage"},"thumbnailUrl":"https:\/\/www.padreeustaquio.com.br\/wp-content\/uploads\/2022\/12\/tv-evangelizar.jpg","articleSection":["Not\u00edcias"],"inLanguage":"es","potentialAction":[{"@type":"CommentAction","name":"Comment","target":["https:\/\/www.padreeustaquio.com.br\/tv-evangelizar-retransmite-hoje-missa-da-igreja-do-padre-eustaquio\/#respond"]}]},{"@type":"WebPage","@id":"https:\/\/www.padreeustaquio.com.br\/tv-evangelizar-retransmite-hoje-missa-da-igreja-do-padre-eustaquio\/","url":"https:\/\/www.padreeustaquio.com.br\/tv-evangelizar-retransmite-hoje-missa-da-igreja-do-padre-eustaquio\/","name":"TV Evangelizar retransmitir\u00e1 la misa de hoy desde la Iglesia Padre Eust\u00e1quio.","isPartOf":{"@id":"https:\/\/www.padreeustaquio.com.br\/#website"},"primaryImageOfPage":{"@id":"https:\/\/www.padreeustaquio.com.br\/tv-evangelizar-retransmite-hoje-missa-da-igreja-do-padre-eustaquio\/#primaryimage"},"image":{"@id":"https:\/\/www.padreeustaquio.com.br\/tv-evangelizar-retransmite-hoje-missa-da-igreja-do-padre-eustaquio\/#primaryimage"},"thumbnailUrl":"https:\/\/www.padreeustaquio.com.br\/wp-content\/uploads\/2022\/12\/tv-evangelizar.jpg","datePublished":"2023-03-28T11:15:01+00:00","dateModified":"2023-03-28T11:15:03+00:00","description":"Con sede en Curitiba, Paran\u00e1, TV Evangelizar transmitir\u00e1 la Santa Misa hoy (28 de marzo) a las 19:00 h, en vivo desde el Santuario de la Salud y la Paz. La transmisi\u00f3n se realiza en colaboraci\u00f3n con la Secretar\u00eda Nacional para la Causa de Canonizaci\u00f3n, a trav\u00e9s del Canal Padre Eust\u00e1quio.","breadcrumb":{"@id":"https:\/\/www.padreeustaquio.com.br\/tv-evangelizar-retransmite-hoje-missa-da-igreja-do-padre-eustaquio\/#breadcrumb"},"inLanguage":"es","potentialAction":[{"@type":"ReadAction","target":["https:\/\/www.padreeustaquio.com.br\/tv-evangelizar-retransmite-hoje-missa-da-igreja-do-padre-eustaquio\/"]}]},{"@type":"ImageObject","inLanguage":"es","@id":"https:\/\/www.padreeustaquio.com.br\/tv-evangelizar-retransmite-hoje-missa-da-igreja-do-padre-eustaquio\/#primaryimage","url":"https:\/\/www.padreeustaquio.com.br\/wp-content\/uploads\/2022\/12\/tv-evangelizar.jpg","contentUrl":"https:\/\/www.padreeustaquio.com.br\/wp-content\/uploads\/2022\/12\/tv-evangelizar.jpg","width":748,"height":394},{"@type":"BreadcrumbList","@id":"https:\/\/www.padreeustaquio.com.br\/tv-evangelizar-retransmite-hoje-missa-da-igreja-do-padre-eustaquio\/#breadcrumb","itemListElement":[{"@type":"ListItem","position":1,"name":"In\u00edcio","item":"https:\/\/www.padreeustaquio.com.br\/"},{"@type":"ListItem","position":2,"name":"TV Evangelizar retransmite hoje missa da Igreja do Padre Eust\u00e1quio"}]},{"@type":"WebSite","@id":"https:\/\/www.padreeustaquio.com.br\/#website","url":"https:\/\/www.padreeustaquio.com.br\/","name":"Padre Eustace","description":"Salud y Paz","publisher":{"@id":"https:\/\/www.padreeustaquio.com.br\/#organization"},"potentialAction":[{"@type":"SearchAction","target":{"@type":"EntryPoint","urlTemplate":"https:\/\/www.padreeustaquio.com.br\/?s={search_term_string}"},"query-input":{"@type":"PropertyValueSpecification","valueRequired":true,"valueName":"search_term_string"}}],"inLanguage":"es"},{"@type":"Organization","@id":"https:\/\/www.padreeustaquio.com.br\/#organization","name":"Padre Eustace","url":"https:\/\/www.padreeustaquio.com.br\/","logo":{"@type":"ImageObject","inLanguage":"es","@id":"https:\/\/www.padreeustaquio.com.br\/#\/schema\/logo\/image\/","url":"https:\/\/www.padreeustaquio.com.br\/wp-content\/uploads\/2019\/08\/marca.png","contentUrl":"https:\/\/www.padreeustaquio.com.br\/wp-content\/uploads\/2019\/08\/marca.png","width":350,"height":400,"caption":"Padre Eust\u00e1quio"},"image":{"@id":"https:\/\/www.padreeustaquio.com.br\/#\/schema\/logo\/image\/"},"sameAs":["https:\/\/www.facebook.com\/beatopadreeustaquio\/","https:\/\/x.com\/beatopeustaquio","https:\/\/www.instagram.com\/beatopadreeustaquio\/","https:\/\/www.youtube.com\/channel\/UCRhw7vfabnajwLxb1ZXMeIw"]},{"@type":"Person","@id":"https:\/\/www.padreeustaquio.com.br\/#\/schema\/person\/a2a51db1d00f1a7af0204a0f1ddb1566","name":"@sscc","image":{"@type":"ImageObject","inLanguage":"es","@id":"https:\/\/secure.gravatar.com\/avatar\/68cfafa5f44617fea54071e215026e0ff06be366c3d54a8425f04fdcb86f8c5f?s=96&d=mm&r=g","url":"https:\/\/secure.gravatar.com\/avatar\/68cfafa5f44617fea54071e215026e0ff06be366c3d54a8425f04fdcb86f8c5f?s=96&d=mm&r=g","contentUrl":"https:\/\/secure.gravatar.com\/avatar\/68cfafa5f44617fea54071e215026e0ff06be366c3d54a8425f04fdcb86f8c5f?s=96&d=mm&r=g","caption":"@sscc"},"url":"https:\/\/www.padreeustaquio.com.br\/es\/author\/sscc\/"}]}},"_links":{"self":[{"href":"https:\/\/www.padreeustaquio.com.br\/es\/wp-json\/wp\/v2\/posts\/10094","targetHints":{"allow":["GET"]}}],"collection":[{"href":"https:\/\/www.padreeustaquio.com.br\/es\/wp-json\/wp\/v2\/posts"}],"about":[{"href":"https:\/\/www.padreeustaquio.com.br\/es\/wp-json\/wp\/v2\/types\/post"}],"author":[{"embeddable":true,"href":"https:\/\/www.padreeustaquio.com.br\/es\/wp-json\/wp\/v2\/users\/2"}],"replies":[{"embeddable":true,"href":"https:\/\/www.padreeustaquio.com.br\/es\/wp-json\/wp\/v2\/comments?post=10094"}],"version-history":[{"count":0,"href":"https:\/\/www.padreeustaquio.com.br\/es\/wp-json\/wp\/v2\/posts\/10094\/revisions"}],"wp:featuredmedia":[{"embeddable":true,"href":"https:\/\/www.padreeustaquio.com.br\/es\/wp-json\/wp\/v2\/media\/9662"}],"wp:attachment":[{"href":"https:\/\/www.padreeustaquio.com.br\/es\/wp-json\/wp\/v2\/media?parent=10094"}],"wp:term":[{"taxonomy":"category","embeddable":true,"href":"https:\/\/www.padreeustaquio.com.br\/es\/wp-json\/wp\/v2\/categories?post=10094"},{"taxonomy":"post_tag","embeddable":true,"href":"https:\/\/www.padreeustaquio.com.br\/es\/wp-json\/wp\/v2\/tags?post=10094"}],"curies":[{"name":"wp","href":"https:\/\/api.w.org\/{rel}","templated":true}]}}