{"id":10090,"date":"2023-03-27T08:30:34","date_gmt":"2023-03-27T11:30:34","guid":{"rendered":"https:\/\/www.padreeustaquio.com.br\/?p=10090"},"modified":"2023-03-27T08:32:15","modified_gmt":"2023-03-27T11:32:15","slug":"provincial-deja-mensaje-en-el-dia-del-fundador-de-los-sagrados-corazones","status":"publish","type":"post","link":"https:\/\/www.padreeustaquio.com.br\/es\/provincial-deja-mensaje-en-el-dia-del-fundador-de-los-sagrados-corazones\/","title":{"rendered":"Provincial deja mensaje en el d\u00eda del Fundador de los Sagrados Corazones."},"content":{"rendered":"<p>Hoy, 27 de marzo, la Congregaci\u00f3n de los Sagrados Corazones conmemora el fallecimiento de su fundador, el Padre Jos\u00e9 Mar\u00eda Coudrin, ss.cc. Con motivo de esta importante fecha para la Iglesia, el Padre Provincial de la regi\u00f3n Brasil-Paraguay deja un mensaje para todos los religiosos, religiosas, laicos y dem\u00e1s personas. Lea el mensaje completo a continuaci\u00f3n:<\/p>\n\n\n\n<p><em>Queridos Hermanos, al conmemorar hoy, 27 de marzo, el 186 aniversario de la muerte de nuestro Fundador, quiero animar a cada Hermano a vivir con audacia y renovado celo misionero los ideales que recibimos como herencia espiritual de nuestros Fundadores el d\u00eda de nuestra Consagraci\u00f3n Religiosa.<\/em><\/p>\n\n\n\n<p><em>El carisma de nuestra familia religiosa sigue siendo un don de Dios para compartirlo a trav\u00e9s de nuestras acciones y actitudes en la comunidad y la misi\u00f3n donde participamos. Aqu\u00ed debemos recordar algunos valores fundamentales de este carisma, sello distintivo de nuestra identidad como Hijos de los Sagrados Corazones: Consagraci\u00f3n a los Sagrados Corazones; Reparaci\u00f3n (Adoraci\u00f3n); Celo Apost\u00f3lico (Misi\u00f3n); Eucarist\u00eda y Vida Fraterna (Esp\u00edritu de Familia). Estos son los cinco elementos fundamentales que debemos recuperar constantemente para responder fielmente al llamado que Dios nos hace en el momento presente de nuestra historia como personas consagradas. Es necesario reavivar el don de Dios que reside en nosotros, como nos recuerda el ap\u00f3stol Pablo (2 Tim 1,6).<\/em><\/p>\n\n\n\n<p><em>Siguiendo a Jes\u00fas, aprendemos a ser disc\u00edpulos, dej\u00e1ndonos guiar por Aquel que nos llam\u00f3. Ser disc\u00edpulo de Jes\u00fas significa conformarse a Aquel que se hizo siervo hasta entregarse en la cruz (Fil 2,5-8). Sabemos que el misterio de la cruz es un legado que recibimos de nuestro fundador, cuando \u00e9l mismo dijo que los Hijos de los Sagrados Corazones son los Hijos de la Cruz.<\/em><\/p>\n\n\n\n<p><em>Celebramos la festividad de nuestro fundador durante esta Cuaresma, un camino que nos lleva a la celebraci\u00f3n de la Pascua. El Padre Coudrin vivi\u00f3 sus \u00faltimos d\u00edas en esta tierra, padeciendo una enfermedad, precisamente durante la Cuaresma, y pudo celebrar su Pascua definitiva el Lunes de Pascua, 27 de marzo de 1837. Los frutos de este grano de trigo ca\u00eddo en la tierra (Juan 12,24) se extendieron por el mundo, haciendo realidad el sue\u00f1o de nuestro fundador. Esta intuici\u00f3n debe acompa\u00f1arnos siempre; no podemos dejar de so\u00f1ar. Pero como dice la canci\u00f3n: \u201cUn sue\u00f1o so\u00f1ado en solitario puede ser pura ilusi\u00f3n, pero un sue\u00f1o so\u00f1ado juntos es se\u00f1al de soluci\u00f3n\u201d. Por lo tanto, no dejemos de so\u00f1ar juntos.<\/em><\/p>\n\n\n\n<p><em>En esta celebraci\u00f3n de la Pascua definitiva de nuestro &quot;Buen Padre&quot;, deseo a cada Hermano y a sus respectivas comunidades una Feliz Pascua. Este deseo se extiende a nuestras Hermanas y laicos de la Rama Secular. Que la luz del Resucitado ilumine nuestras vidas, nuestros proyectos y la misi\u00f3n que hemos emprendido como hijos e hijas de los Sagrados Corazones.<\/em><\/p>\n\n\n\n<p><em>A los Sagrados Corazones de Jes\u00fas y Mar\u00eda, todo honor y toda gloria.<\/em><\/p>\n\n\n\n<p><em>Abrazo fraterno: P. Osv\u00e2nio Humberto Mariano, ss.cc.<\/em><\/p>\n\n\n\n<p><\/p>\n\n\n\n<p><strong>Fuente: <a href=\"https:\/\/www.sscc.org.br\/noticia\/post\/dia-do-fundador--mensagem-do-provincial\" target=\"_blank\" rel=\"noreferrer noopener\">sscc.org.br<\/a><\/strong><\/p>","protected":false},"excerpt":{"rendered":"<p>Hoje, dia 27 de mar\u00e7o, a Congrega\u00e7\u00e3o dos Sagrados Cora\u00e7\u00f5es faz mem\u00f3ria \u00e0 morte de seu fundador, o padre Jos\u00e9 Maria Coudrin, ss.cc. Marcando a data, t\u00e3o importante para a Igreja, o padre provincial do Brasil &#8211; regi\u00e3o do Paraguai, deixa uma mensagem a todos os religiosos, religiosas, leigos e leigas. Confira na \u00edntegra: Queridos Irm\u00e3os, ao comemorarmos neste dia 27 de mar\u00e7o os 186 anos da morte de nosso fundador, quero animar a cada Irm\u00e3o a viver com ousadia e renovado ardor mission\u00e1rio os ideais que recebemos como heran\u00e7a espiritual de nossos fundadores no dia de nossa Consagra\u00e7\u00e3o Religiosa. [&hellip;]<\/p>\n","protected":false},"author":2,"featured_media":10091,"comment_status":"open","ping_status":"closed","sticky":false,"template":"","format":"standard","meta":{"_acf_changed":false,"footnotes":""},"categories":[611],"tags":[],"class_list":["post-10090","post","type-post","status-publish","format-standard","has-post-thumbnail","hentry","category-noticias"],"acf":[],"yoast_head":"<!-- This site is optimized with the Yoast SEO plugin v27.2 - https:\/\/yoast.com\/product\/yoast-seo-wordpress\/ -->\n<title>Provincial deixa mensagem no dia do Fundador dos Sagrados Cora\u00e7\u00f5es<\/title>\n<meta name=\"description\" content=\"Hoje, dia 27 de mar\u00e7o, a Congrega\u00e7\u00e3o dos Sagrados Cora\u00e7\u00f5es faz mem\u00f3ria \u00e0 morte de seu fundador, o padre Jos\u00e9 Maria Coudrin, ss.cc. Marcando a data, t\u00e3o importante para a Igreja, o padre provincial do Brasil - regi\u00e3o do Paraguai, deixa uma mensagem a todos os religiosos, religiosas, leigos e leigas. Confira na \u00edntegra!\" \/>\n<meta name=\"robots\" content=\"index, follow, max-snippet:-1, max-image-preview:large, max-video-preview:-1\" \/>\n<link rel=\"canonical\" href=\"https:\/\/www.padreeustaquio.com.br\/es\/provincial-deja-mensaje-en-el-dia-del-fundador-de-los-sagrados-corazones\/\" \/>\n<meta property=\"og:locale\" content=\"es_ES\" \/>\n<meta property=\"og:type\" content=\"article\" \/>\n<meta property=\"og:title\" content=\"Provincial deixa mensagem no dia do Fundador dos Sagrados Cora\u00e7\u00f5es\" \/>\n<meta property=\"og:description\" content=\"Hoje, dia 27 de mar\u00e7o, a Congrega\u00e7\u00e3o dos Sagrados Cora\u00e7\u00f5es faz mem\u00f3ria \u00e0 morte de seu fundador, o padre Jos\u00e9 Maria Coudrin, ss.cc. Marcando a data, t\u00e3o importante para a Igreja, o padre provincial do Brasil - regi\u00e3o do Paraguai, deixa uma mensagem a todos os religiosos, religiosas, leigos e leigas. Confira na \u00edntegra!\" \/>\n<meta property=\"og:url\" content=\"https:\/\/www.padreeustaquio.com.br\/es\/provincial-deja-mensaje-en-el-dia-del-fundador-de-los-sagrados-corazones\/\" \/>\n<meta property=\"og:site_name\" content=\"Padre Eust\u00e1quio\" \/>\n<meta property=\"article:publisher\" content=\"https:\/\/www.facebook.com\/beatopadreeustaquio\/\" \/>\n<meta property=\"article:published_time\" content=\"2023-03-27T11:30:34+00:00\" \/>\n<meta property=\"article:modified_time\" content=\"2023-03-27T11:32:15+00:00\" \/>\n<meta property=\"og:image\" content=\"https:\/\/www.padreeustaquio.com.br\/wp-content\/uploads\/2023\/03\/bom-pai-e1679916711995.png\" \/>\n\t<meta property=\"og:image:width\" content=\"899\" \/>\n\t<meta property=\"og:image:height\" content=\"416\" \/>\n\t<meta property=\"og:image:type\" content=\"image\/png\" \/>\n<meta name=\"author\" content=\"@sscc\" \/>\n<meta name=\"twitter:card\" content=\"summary_large_image\" \/>\n<meta name=\"twitter:creator\" content=\"@beatopeustaquio\" \/>\n<meta name=\"twitter:site\" content=\"@beatopeustaquio\" \/>\n<meta name=\"twitter:label1\" content=\"Escrito por\" \/>\n\t<meta name=\"twitter:data1\" content=\"@sscc\" \/>\n\t<meta name=\"twitter:label2\" content=\"Tiempo de lectura\" \/>\n\t<meta name=\"twitter:data2\" content=\"3 minutos\" \/>\n<script type=\"application\/ld+json\" class=\"yoast-schema-graph\">{\"@context\":\"https:\/\/schema.org\",\"@graph\":[{\"@type\":\"Article\",\"@id\":\"https:\/\/www.padreeustaquio.com.br\/provincial-deixa-mensagem-no-dia-do-fundador-dos-sagrados-coracoes\/#article\",\"isPartOf\":{\"@id\":\"https:\/\/www.padreeustaquio.com.br\/provincial-deixa-mensagem-no-dia-do-fundador-dos-sagrados-coracoes\/\"},\"author\":{\"name\":\"@sscc\",\"@id\":\"https:\/\/www.padreeustaquio.com.br\/#\/schema\/person\/a2a51db1d00f1a7af0204a0f1ddb1566\"},\"headline\":\"Provincial deixa mensagem no dia do Fundador dos Sagrados Cora\u00e7\u00f5es\",\"datePublished\":\"2023-03-27T11:30:34+00:00\",\"dateModified\":\"2023-03-27T11:32:15+00:00\",\"mainEntityOfPage\":{\"@id\":\"https:\/\/www.padreeustaquio.com.br\/provincial-deixa-mensagem-no-dia-do-fundador-dos-sagrados-coracoes\/\"},\"wordCount\":540,\"commentCount\":0,\"publisher\":{\"@id\":\"https:\/\/www.padreeustaquio.com.br\/#organization\"},\"image\":{\"@id\":\"https:\/\/www.padreeustaquio.com.br\/provincial-deixa-mensagem-no-dia-do-fundador-dos-sagrados-coracoes\/#primaryimage\"},\"thumbnailUrl\":\"https:\/\/www.padreeustaquio.com.br\/wp-content\/uploads\/2023\/03\/bom-pai-e1679916711995.png\",\"articleSection\":[\"Not\u00edcias\"],\"inLanguage\":\"es\",\"potentialAction\":[{\"@type\":\"CommentAction\",\"name\":\"Comment\",\"target\":[\"https:\/\/www.padreeustaquio.com.br\/provincial-deixa-mensagem-no-dia-do-fundador-dos-sagrados-coracoes\/#respond\"]}]},{\"@type\":\"WebPage\",\"@id\":\"https:\/\/www.padreeustaquio.com.br\/provincial-deixa-mensagem-no-dia-do-fundador-dos-sagrados-coracoes\/\",\"url\":\"https:\/\/www.padreeustaquio.com.br\/provincial-deixa-mensagem-no-dia-do-fundador-dos-sagrados-coracoes\/\",\"name\":\"Provincial deixa mensagem no dia do Fundador dos Sagrados Cora\u00e7\u00f5es\",\"isPartOf\":{\"@id\":\"https:\/\/www.padreeustaquio.com.br\/#website\"},\"primaryImageOfPage\":{\"@id\":\"https:\/\/www.padreeustaquio.com.br\/provincial-deixa-mensagem-no-dia-do-fundador-dos-sagrados-coracoes\/#primaryimage\"},\"image\":{\"@id\":\"https:\/\/www.padreeustaquio.com.br\/provincial-deixa-mensagem-no-dia-do-fundador-dos-sagrados-coracoes\/#primaryimage\"},\"thumbnailUrl\":\"https:\/\/www.padreeustaquio.com.br\/wp-content\/uploads\/2023\/03\/bom-pai-e1679916711995.png\",\"datePublished\":\"2023-03-27T11:30:34+00:00\",\"dateModified\":\"2023-03-27T11:32:15+00:00\",\"description\":\"Hoje, dia 27 de mar\u00e7o, a Congrega\u00e7\u00e3o dos Sagrados Cora\u00e7\u00f5es faz mem\u00f3ria \u00e0 morte de seu fundador, o padre Jos\u00e9 Maria Coudrin, ss.cc. Marcando a data, t\u00e3o importante para a Igreja, o padre provincial do Brasil - regi\u00e3o do Paraguai, deixa uma mensagem a todos os religiosos, religiosas, leigos e leigas. Confira na \u00edntegra!\",\"breadcrumb\":{\"@id\":\"https:\/\/www.padreeustaquio.com.br\/provincial-deixa-mensagem-no-dia-do-fundador-dos-sagrados-coracoes\/#breadcrumb\"},\"inLanguage\":\"es\",\"potentialAction\":[{\"@type\":\"ReadAction\",\"target\":[\"https:\/\/www.padreeustaquio.com.br\/provincial-deixa-mensagem-no-dia-do-fundador-dos-sagrados-coracoes\/\"]}]},{\"@type\":\"ImageObject\",\"inLanguage\":\"es\",\"@id\":\"https:\/\/www.padreeustaquio.com.br\/provincial-deixa-mensagem-no-dia-do-fundador-dos-sagrados-coracoes\/#primaryimage\",\"url\":\"https:\/\/www.padreeustaquio.com.br\/wp-content\/uploads\/2023\/03\/bom-pai-e1679916711995.png\",\"contentUrl\":\"https:\/\/www.padreeustaquio.com.br\/wp-content\/uploads\/2023\/03\/bom-pai-e1679916711995.png\",\"width\":899,\"height\":416},{\"@type\":\"BreadcrumbList\",\"@id\":\"https:\/\/www.padreeustaquio.com.br\/provincial-deixa-mensagem-no-dia-do-fundador-dos-sagrados-coracoes\/#breadcrumb\",\"itemListElement\":[{\"@type\":\"ListItem\",\"position\":1,\"name\":\"In\u00edcio\",\"item\":\"https:\/\/www.padreeustaquio.com.br\/\"},{\"@type\":\"ListItem\",\"position\":2,\"name\":\"Provincial deixa mensagem no dia do Fundador dos Sagrados Cora\u00e7\u00f5es\"}]},{\"@type\":\"WebSite\",\"@id\":\"https:\/\/www.padreeustaquio.com.br\/#website\",\"url\":\"https:\/\/www.padreeustaquio.com.br\/\",\"name\":\"Padre Eust\u00e1quio\",\"description\":\"Sa\u00fade e Paz\",\"publisher\":{\"@id\":\"https:\/\/www.padreeustaquio.com.br\/#organization\"},\"potentialAction\":[{\"@type\":\"SearchAction\",\"target\":{\"@type\":\"EntryPoint\",\"urlTemplate\":\"https:\/\/www.padreeustaquio.com.br\/?s={search_term_string}\"},\"query-input\":{\"@type\":\"PropertyValueSpecification\",\"valueRequired\":true,\"valueName\":\"search_term_string\"}}],\"inLanguage\":\"es\"},{\"@type\":\"Organization\",\"@id\":\"https:\/\/www.padreeustaquio.com.br\/#organization\",\"name\":\"Padre Eust\u00e1quio\",\"url\":\"https:\/\/www.padreeustaquio.com.br\/\",\"logo\":{\"@type\":\"ImageObject\",\"inLanguage\":\"es\",\"@id\":\"https:\/\/www.padreeustaquio.com.br\/#\/schema\/logo\/image\/\",\"url\":\"https:\/\/www.padreeustaquio.com.br\/wp-content\/uploads\/2019\/08\/marca.png\",\"contentUrl\":\"https:\/\/www.padreeustaquio.com.br\/wp-content\/uploads\/2019\/08\/marca.png\",\"width\":350,\"height\":400,\"caption\":\"Padre Eust\u00e1quio\"},\"image\":{\"@id\":\"https:\/\/www.padreeustaquio.com.br\/#\/schema\/logo\/image\/\"},\"sameAs\":[\"https:\/\/www.facebook.com\/beatopadreeustaquio\/\",\"https:\/\/x.com\/beatopeustaquio\",\"https:\/\/www.instagram.com\/beatopadreeustaquio\/\",\"https:\/\/www.youtube.com\/channel\/UCRhw7vfabnajwLxb1ZXMeIw\"]},{\"@type\":\"Person\",\"@id\":\"https:\/\/www.padreeustaquio.com.br\/#\/schema\/person\/a2a51db1d00f1a7af0204a0f1ddb1566\",\"name\":\"@sscc\",\"image\":{\"@type\":\"ImageObject\",\"inLanguage\":\"es\",\"@id\":\"https:\/\/secure.gravatar.com\/avatar\/68cfafa5f44617fea54071e215026e0ff06be366c3d54a8425f04fdcb86f8c5f?s=96&d=mm&r=g\",\"url\":\"https:\/\/secure.gravatar.com\/avatar\/68cfafa5f44617fea54071e215026e0ff06be366c3d54a8425f04fdcb86f8c5f?s=96&d=mm&r=g\",\"contentUrl\":\"https:\/\/secure.gravatar.com\/avatar\/68cfafa5f44617fea54071e215026e0ff06be366c3d54a8425f04fdcb86f8c5f?s=96&d=mm&r=g\",\"caption\":\"@sscc\"},\"url\":\"https:\/\/www.padreeustaquio.com.br\/es\/author\/sscc\/\"}]}<\/script>\n<!-- \/ Yoast SEO plugin. -->","yoast_head_json":{"title":"Provincial deja mensaje en el d\u00eda del Fundador de los Sagrados Corazones.","description":"Hoy, 27 de marzo, la Congregaci\u00f3n de los Sagrados Corazones conmemora el fallecimiento de su fundador, el Padre Jos\u00e9 Mar\u00eda Coudrin, ss.cc. Con motivo de esta importante fecha para la Iglesia, el Padre Provincial de la regi\u00f3n Brasil-Paraguay deja un mensaje para todos los religiosos, religiosas y laicos. \u00a1Lea el mensaje completo a continuaci\u00f3n!","robots":{"index":"index","follow":"follow","max-snippet":"max-snippet:-1","max-image-preview":"max-image-preview:large","max-video-preview":"max-video-preview:-1"},"canonical":"https:\/\/www.padreeustaquio.com.br\/es\/provincial-deja-mensaje-en-el-dia-del-fundador-de-los-sagrados-corazones\/","og_locale":"es_ES","og_type":"article","og_title":"Provincial deixa mensagem no dia do Fundador dos Sagrados Cora\u00e7\u00f5es","og_description":"Hoje, dia 27 de mar\u00e7o, a Congrega\u00e7\u00e3o dos Sagrados Cora\u00e7\u00f5es faz mem\u00f3ria \u00e0 morte de seu fundador, o padre Jos\u00e9 Maria Coudrin, ss.cc. Marcando a data, t\u00e3o importante para a Igreja, o padre provincial do Brasil - regi\u00e3o do Paraguai, deixa uma mensagem a todos os religiosos, religiosas, leigos e leigas. Confira na \u00edntegra!","og_url":"https:\/\/www.padreeustaquio.com.br\/es\/provincial-deja-mensaje-en-el-dia-del-fundador-de-los-sagrados-corazones\/","og_site_name":"Padre Eust\u00e1quio","article_publisher":"https:\/\/www.facebook.com\/beatopadreeustaquio\/","article_published_time":"2023-03-27T11:30:34+00:00","article_modified_time":"2023-03-27T11:32:15+00:00","og_image":[{"width":899,"height":416,"url":"https:\/\/www.padreeustaquio.com.br\/wp-content\/uploads\/2023\/03\/bom-pai-e1679916711995.png","type":"image\/png"}],"author":"@sscc","twitter_card":"summary_large_image","twitter_creator":"@beatopeustaquio","twitter_site":"@beatopeustaquio","twitter_misc":{"Escrito por":"@sscc","Tiempo de lectura":"3 minutos"},"schema":{"@context":"https:\/\/schema.org","@graph":[{"@type":"Article","@id":"https:\/\/www.padreeustaquio.com.br\/provincial-deixa-mensagem-no-dia-do-fundador-dos-sagrados-coracoes\/#article","isPartOf":{"@id":"https:\/\/www.padreeustaquio.com.br\/provincial-deixa-mensagem-no-dia-do-fundador-dos-sagrados-coracoes\/"},"author":{"name":"@sscc","@id":"https:\/\/www.padreeustaquio.com.br\/#\/schema\/person\/a2a51db1d00f1a7af0204a0f1ddb1566"},"headline":"Provincial deixa mensagem no dia do Fundador dos Sagrados Cora\u00e7\u00f5es","datePublished":"2023-03-27T11:30:34+00:00","dateModified":"2023-03-27T11:32:15+00:00","mainEntityOfPage":{"@id":"https:\/\/www.padreeustaquio.com.br\/provincial-deixa-mensagem-no-dia-do-fundador-dos-sagrados-coracoes\/"},"wordCount":540,"commentCount":0,"publisher":{"@id":"https:\/\/www.padreeustaquio.com.br\/#organization"},"image":{"@id":"https:\/\/www.padreeustaquio.com.br\/provincial-deixa-mensagem-no-dia-do-fundador-dos-sagrados-coracoes\/#primaryimage"},"thumbnailUrl":"https:\/\/www.padreeustaquio.com.br\/wp-content\/uploads\/2023\/03\/bom-pai-e1679916711995.png","articleSection":["Not\u00edcias"],"inLanguage":"es","potentialAction":[{"@type":"CommentAction","name":"Comment","target":["https:\/\/www.padreeustaquio.com.br\/provincial-deixa-mensagem-no-dia-do-fundador-dos-sagrados-coracoes\/#respond"]}]},{"@type":"WebPage","@id":"https:\/\/www.padreeustaquio.com.br\/provincial-deixa-mensagem-no-dia-do-fundador-dos-sagrados-coracoes\/","url":"https:\/\/www.padreeustaquio.com.br\/provincial-deixa-mensagem-no-dia-do-fundador-dos-sagrados-coracoes\/","name":"Provincial deja mensaje en el d\u00eda del Fundador de los Sagrados Corazones.","isPartOf":{"@id":"https:\/\/www.padreeustaquio.com.br\/#website"},"primaryImageOfPage":{"@id":"https:\/\/www.padreeustaquio.com.br\/provincial-deixa-mensagem-no-dia-do-fundador-dos-sagrados-coracoes\/#primaryimage"},"image":{"@id":"https:\/\/www.padreeustaquio.com.br\/provincial-deixa-mensagem-no-dia-do-fundador-dos-sagrados-coracoes\/#primaryimage"},"thumbnailUrl":"https:\/\/www.padreeustaquio.com.br\/wp-content\/uploads\/2023\/03\/bom-pai-e1679916711995.png","datePublished":"2023-03-27T11:30:34+00:00","dateModified":"2023-03-27T11:32:15+00:00","description":"Hoy, 27 de marzo, la Congregaci\u00f3n de los Sagrados Corazones conmemora el fallecimiento de su fundador, el Padre Jos\u00e9 Mar\u00eda Coudrin, ss.cc. Con motivo de esta importante fecha para la Iglesia, el Padre Provincial de la regi\u00f3n Brasil-Paraguay deja un mensaje para todos los religiosos, religiosas y laicos. \u00a1Lea el mensaje completo a continuaci\u00f3n!","breadcrumb":{"@id":"https:\/\/www.padreeustaquio.com.br\/provincial-deixa-mensagem-no-dia-do-fundador-dos-sagrados-coracoes\/#breadcrumb"},"inLanguage":"es","potentialAction":[{"@type":"ReadAction","target":["https:\/\/www.padreeustaquio.com.br\/provincial-deixa-mensagem-no-dia-do-fundador-dos-sagrados-coracoes\/"]}]},{"@type":"ImageObject","inLanguage":"es","@id":"https:\/\/www.padreeustaquio.com.br\/provincial-deixa-mensagem-no-dia-do-fundador-dos-sagrados-coracoes\/#primaryimage","url":"https:\/\/www.padreeustaquio.com.br\/wp-content\/uploads\/2023\/03\/bom-pai-e1679916711995.png","contentUrl":"https:\/\/www.padreeustaquio.com.br\/wp-content\/uploads\/2023\/03\/bom-pai-e1679916711995.png","width":899,"height":416},{"@type":"BreadcrumbList","@id":"https:\/\/www.padreeustaquio.com.br\/provincial-deixa-mensagem-no-dia-do-fundador-dos-sagrados-coracoes\/#breadcrumb","itemListElement":[{"@type":"ListItem","position":1,"name":"In\u00edcio","item":"https:\/\/www.padreeustaquio.com.br\/"},{"@type":"ListItem","position":2,"name":"Provincial deixa mensagem no dia do Fundador dos Sagrados Cora\u00e7\u00f5es"}]},{"@type":"WebSite","@id":"https:\/\/www.padreeustaquio.com.br\/#website","url":"https:\/\/www.padreeustaquio.com.br\/","name":"Padre Eustace","description":"Salud y Paz","publisher":{"@id":"https:\/\/www.padreeustaquio.com.br\/#organization"},"potentialAction":[{"@type":"SearchAction","target":{"@type":"EntryPoint","urlTemplate":"https:\/\/www.padreeustaquio.com.br\/?s={search_term_string}"},"query-input":{"@type":"PropertyValueSpecification","valueRequired":true,"valueName":"search_term_string"}}],"inLanguage":"es"},{"@type":"Organization","@id":"https:\/\/www.padreeustaquio.com.br\/#organization","name":"Padre Eustace","url":"https:\/\/www.padreeustaquio.com.br\/","logo":{"@type":"ImageObject","inLanguage":"es","@id":"https:\/\/www.padreeustaquio.com.br\/#\/schema\/logo\/image\/","url":"https:\/\/www.padreeustaquio.com.br\/wp-content\/uploads\/2019\/08\/marca.png","contentUrl":"https:\/\/www.padreeustaquio.com.br\/wp-content\/uploads\/2019\/08\/marca.png","width":350,"height":400,"caption":"Padre Eust\u00e1quio"},"image":{"@id":"https:\/\/www.padreeustaquio.com.br\/#\/schema\/logo\/image\/"},"sameAs":["https:\/\/www.facebook.com\/beatopadreeustaquio\/","https:\/\/x.com\/beatopeustaquio","https:\/\/www.instagram.com\/beatopadreeustaquio\/","https:\/\/www.youtube.com\/channel\/UCRhw7vfabnajwLxb1ZXMeIw"]},{"@type":"Person","@id":"https:\/\/www.padreeustaquio.com.br\/#\/schema\/person\/a2a51db1d00f1a7af0204a0f1ddb1566","name":"@sscc","image":{"@type":"ImageObject","inLanguage":"es","@id":"https:\/\/secure.gravatar.com\/avatar\/68cfafa5f44617fea54071e215026e0ff06be366c3d54a8425f04fdcb86f8c5f?s=96&d=mm&r=g","url":"https:\/\/secure.gravatar.com\/avatar\/68cfafa5f44617fea54071e215026e0ff06be366c3d54a8425f04fdcb86f8c5f?s=96&d=mm&r=g","contentUrl":"https:\/\/secure.gravatar.com\/avatar\/68cfafa5f44617fea54071e215026e0ff06be366c3d54a8425f04fdcb86f8c5f?s=96&d=mm&r=g","caption":"@sscc"},"url":"https:\/\/www.padreeustaquio.com.br\/es\/author\/sscc\/"}]}},"_links":{"self":[{"href":"https:\/\/www.padreeustaquio.com.br\/es\/wp-json\/wp\/v2\/posts\/10090","targetHints":{"allow":["GET"]}}],"collection":[{"href":"https:\/\/www.padreeustaquio.com.br\/es\/wp-json\/wp\/v2\/posts"}],"about":[{"href":"https:\/\/www.padreeustaquio.com.br\/es\/wp-json\/wp\/v2\/types\/post"}],"author":[{"embeddable":true,"href":"https:\/\/www.padreeustaquio.com.br\/es\/wp-json\/wp\/v2\/users\/2"}],"replies":[{"embeddable":true,"href":"https:\/\/www.padreeustaquio.com.br\/es\/wp-json\/wp\/v2\/comments?post=10090"}],"version-history":[{"count":0,"href":"https:\/\/www.padreeustaquio.com.br\/es\/wp-json\/wp\/v2\/posts\/10090\/revisions"}],"wp:featuredmedia":[{"embeddable":true,"href":"https:\/\/www.padreeustaquio.com.br\/es\/wp-json\/wp\/v2\/media\/10091"}],"wp:attachment":[{"href":"https:\/\/www.padreeustaquio.com.br\/es\/wp-json\/wp\/v2\/media?parent=10090"}],"wp:term":[{"taxonomy":"category","embeddable":true,"href":"https:\/\/www.padreeustaquio.com.br\/es\/wp-json\/wp\/v2\/categories?post=10090"},{"taxonomy":"post_tag","embeddable":true,"href":"https:\/\/www.padreeustaquio.com.br\/es\/wp-json\/wp\/v2\/tags?post=10090"}],"curies":[{"name":"wp","href":"https:\/\/api.w.org\/{rel}","templated":true}]}}