{"id":10085,"date":"2023-03-24T08:30:04","date_gmt":"2023-03-24T11:30:04","guid":{"rendered":"https:\/\/www.padreeustaquio.com.br\/?p=10085"},"modified":"2023-03-24T08:30:58","modified_gmt":"2023-03-24T11:30:58","slug":"santuario-se-asocia-con-puc-minas-y-crea-taller-de-escucha","status":"publish","type":"post","link":"https:\/\/www.padreeustaquio.com.br\/es\/santuario-se-asocia-con-puc-minas-y-crea-taller-de-escucha\/","title":{"rendered":"Santuario se asocia con PUC Minas y ofrece &quot;Taller de Escucha&quot;\u201c"},"content":{"rendered":"<p>El Santuario Arquidiocesano de Salud y Paz, Iglesia Padre Eust\u00e1quio, en alianza con estudiantes de la PUC Minas, crea la <strong>Taller de escucha<\/strong>. Sesi\u00f3n de psicoterapia grupal para mujeres, dirigida por estudiantes de psicolog\u00eda, con el objetivo de promover el bienestar grupal a trav\u00e9s del di\u00e1logo y la escucha utilizando el arte.<\/p>\n\n\n\n<p>El taller se llevar\u00e1 a cabo en el Centro Comunitario Sagrados Corazones, junto a la iglesia, todos los s\u00e1bados a las 14:00 h. La primera reuni\u00f3n est\u00e1 programada para ma\u00f1ana, 25 de marzo.<\/p>\n\n\n\n<p>Para participar es necesario registrarse. <a href=\"https:\/\/docs.google.com\/forms\/d\/e\/1FAIpQLSfX43M5V0hZ4Ul7-KguRvf_qpBSw-ohsPY5KWPJYhGzvebciA\/viewform?usp=sf_link\" target=\"_blank\" rel=\"noreferrer noopener\">HAGA CLIC AQU\u00cd. <\/a> <\/p>\n\n\n\n<p>El Santuario est\u00e1 ubicado en Rua Padre Eust\u00e1quio, 2405, barrio Padre Eust\u00e1quio, en Belo Horizonte. Para m\u00e1s informaci\u00f3n comunicarse con la Oficina Parroquial al tel\u00e9fono: (31) 3462-6557.<\/p>\n\n\n\n<p><\/p>","protected":false},"excerpt":{"rendered":"<p>O Santu\u00e1rio Arquidiocesano da Sa\u00fade e da Paz, Igreja Padre Eust\u00e1quio, em parceria com alunos da PUC Minas cria o Ateli\u00ea da Escuta. Uma Psicoterapia de Grupo destinada \u00e0s mulheres, coordenada por alunas de Psicologia com objetivo de promover o bem-estar do grupo atrav\u00e9s do di\u00e1logo e da escuta por meio da arte. O ateli\u00ea ser\u00e1 realizado no Centro Comunit\u00e1rio dos Sagrados Cora\u00e7\u00f5es, anexo \u00e0 igreja, todos os s\u00e1bados \u00e0s 14h. O primeiro encontro est\u00e1 marcado para amanh\u00e3, dia 25 de mar\u00e7o. Para participar \u00e9 preciso se inscrever CLICANDO AQUI. O Santu\u00e1rio fica na Rua Padre Eust\u00e1quio, 2405, Bairro Padre [&hellip;]<\/p>\n","protected":false},"author":2,"featured_media":10086,"comment_status":"open","ping_status":"closed","sticky":false,"template":"","format":"standard","meta":{"_acf_changed":false,"footnotes":""},"categories":[611],"tags":[],"class_list":["post-10085","post","type-post","status-publish","format-standard","has-post-thumbnail","hentry","category-noticias"],"acf":[],"yoast_head":"<!-- This site is optimized with the Yoast SEO plugin v27.2 - https:\/\/yoast.com\/product\/yoast-seo-wordpress\/ -->\n<title>Santu\u00e1rio faz parceria com PUC Minas e oferece &quot;Ateli\u00ea da escuta&quot;<\/title>\n<meta name=\"description\" content=\"O Santu\u00e1rio Arquidiocesano da Sa\u00fade e da Paz, Igreja Padre Eust\u00e1quio, em parceria com alunos da PUC Minas cria o Ateli\u00ea da Escuta. Uma Psicoterapia de Grupo destinada \u00e0s mulheres, coordenada por alunas de Psicologia com objetivo de promover o bem-estar do grupo atrav\u00e9s do di\u00e1logo e da escuta por meio da arte.\" \/>\n<meta name=\"robots\" content=\"index, follow, max-snippet:-1, max-image-preview:large, max-video-preview:-1\" \/>\n<link rel=\"canonical\" href=\"https:\/\/www.padreeustaquio.com.br\/es\/santuario-se-asocia-con-puc-minas-y-crea-taller-de-escucha\/\" \/>\n<meta property=\"og:locale\" content=\"es_ES\" \/>\n<meta property=\"og:type\" content=\"article\" \/>\n<meta property=\"og:title\" content=\"Santu\u00e1rio faz parceria com PUC Minas e oferece &quot;Ateli\u00ea da escuta&quot;\" \/>\n<meta property=\"og:description\" content=\"O Santu\u00e1rio Arquidiocesano da Sa\u00fade e da Paz, Igreja Padre Eust\u00e1quio, em parceria com alunos da PUC Minas cria o Ateli\u00ea da Escuta. Uma Psicoterapia de Grupo destinada \u00e0s mulheres, coordenada por alunas de Psicologia com objetivo de promover o bem-estar do grupo atrav\u00e9s do di\u00e1logo e da escuta por meio da arte.\" \/>\n<meta property=\"og:url\" content=\"https:\/\/www.padreeustaquio.com.br\/es\/santuario-se-asocia-con-puc-minas-y-crea-taller-de-escucha\/\" \/>\n<meta property=\"og:site_name\" content=\"Padre Eust\u00e1quio\" \/>\n<meta property=\"article:publisher\" content=\"https:\/\/www.facebook.com\/beatopadreeustaquio\/\" \/>\n<meta property=\"article:published_time\" content=\"2023-03-24T11:30:04+00:00\" \/>\n<meta property=\"article:modified_time\" content=\"2023-03-24T11:30:58+00:00\" \/>\n<meta property=\"og:image\" content=\"https:\/\/www.padreeustaquio.com.br\/wp-content\/uploads\/2023\/03\/atelie-da-escuta-scaled.jpg\" \/>\n\t<meta property=\"og:image:width\" content=\"2560\" \/>\n\t<meta property=\"og:image:height\" content=\"1440\" \/>\n\t<meta property=\"og:image:type\" content=\"image\/jpeg\" \/>\n<meta name=\"author\" content=\"@sscc\" \/>\n<meta name=\"twitter:card\" content=\"summary_large_image\" \/>\n<meta name=\"twitter:creator\" content=\"@beatopeustaquio\" \/>\n<meta name=\"twitter:site\" content=\"@beatopeustaquio\" \/>\n<meta name=\"twitter:label1\" content=\"Escrito por\" \/>\n\t<meta name=\"twitter:data1\" content=\"@sscc\" \/>\n\t<meta name=\"twitter:label2\" content=\"Tiempo de lectura\" \/>\n\t<meta name=\"twitter:data2\" content=\"1 minuto\" \/>\n<script type=\"application\/ld+json\" class=\"yoast-schema-graph\">{\"@context\":\"https:\/\/schema.org\",\"@graph\":[{\"@type\":\"Article\",\"@id\":\"https:\/\/www.padreeustaquio.com.br\/santuario-faz-parceria-com-puc-minas-e-cria-atelie-da-escuta\/#article\",\"isPartOf\":{\"@id\":\"https:\/\/www.padreeustaquio.com.br\/santuario-faz-parceria-com-puc-minas-e-cria-atelie-da-escuta\/\"},\"author\":{\"name\":\"@sscc\",\"@id\":\"https:\/\/www.padreeustaquio.com.br\/#\/schema\/person\/a2a51db1d00f1a7af0204a0f1ddb1566\"},\"headline\":\"Santu\u00e1rio faz parceria com PUC Minas e oferece &#8220;Ateli\u00ea da escuta&#8221;\",\"datePublished\":\"2023-03-24T11:30:04+00:00\",\"dateModified\":\"2023-03-24T11:30:58+00:00\",\"mainEntityOfPage\":{\"@id\":\"https:\/\/www.padreeustaquio.com.br\/santuario-faz-parceria-com-puc-minas-e-cria-atelie-da-escuta\/\"},\"wordCount\":135,\"commentCount\":0,\"publisher\":{\"@id\":\"https:\/\/www.padreeustaquio.com.br\/#organization\"},\"image\":{\"@id\":\"https:\/\/www.padreeustaquio.com.br\/santuario-faz-parceria-com-puc-minas-e-cria-atelie-da-escuta\/#primaryimage\"},\"thumbnailUrl\":\"https:\/\/www.padreeustaquio.com.br\/wp-content\/uploads\/2023\/03\/atelie-da-escuta-scaled.jpg\",\"articleSection\":[\"Not\u00edcias\"],\"inLanguage\":\"es\",\"potentialAction\":[{\"@type\":\"CommentAction\",\"name\":\"Comment\",\"target\":[\"https:\/\/www.padreeustaquio.com.br\/santuario-faz-parceria-com-puc-minas-e-cria-atelie-da-escuta\/#respond\"]}]},{\"@type\":\"WebPage\",\"@id\":\"https:\/\/www.padreeustaquio.com.br\/santuario-faz-parceria-com-puc-minas-e-cria-atelie-da-escuta\/\",\"url\":\"https:\/\/www.padreeustaquio.com.br\/santuario-faz-parceria-com-puc-minas-e-cria-atelie-da-escuta\/\",\"name\":\"Santu\u00e1rio faz parceria com PUC Minas e oferece \\\"Ateli\u00ea da escuta\\\"\",\"isPartOf\":{\"@id\":\"https:\/\/www.padreeustaquio.com.br\/#website\"},\"primaryImageOfPage\":{\"@id\":\"https:\/\/www.padreeustaquio.com.br\/santuario-faz-parceria-com-puc-minas-e-cria-atelie-da-escuta\/#primaryimage\"},\"image\":{\"@id\":\"https:\/\/www.padreeustaquio.com.br\/santuario-faz-parceria-com-puc-minas-e-cria-atelie-da-escuta\/#primaryimage\"},\"thumbnailUrl\":\"https:\/\/www.padreeustaquio.com.br\/wp-content\/uploads\/2023\/03\/atelie-da-escuta-scaled.jpg\",\"datePublished\":\"2023-03-24T11:30:04+00:00\",\"dateModified\":\"2023-03-24T11:30:58+00:00\",\"description\":\"O Santu\u00e1rio Arquidiocesano da Sa\u00fade e da Paz, Igreja Padre Eust\u00e1quio, em parceria com alunos da PUC Minas cria o Ateli\u00ea da Escuta. Uma Psicoterapia de Grupo destinada \u00e0s mulheres, coordenada por alunas de Psicologia com objetivo de promover o bem-estar do grupo atrav\u00e9s do di\u00e1logo e da escuta por meio da arte.\",\"breadcrumb\":{\"@id\":\"https:\/\/www.padreeustaquio.com.br\/santuario-faz-parceria-com-puc-minas-e-cria-atelie-da-escuta\/#breadcrumb\"},\"inLanguage\":\"es\",\"potentialAction\":[{\"@type\":\"ReadAction\",\"target\":[\"https:\/\/www.padreeustaquio.com.br\/santuario-faz-parceria-com-puc-minas-e-cria-atelie-da-escuta\/\"]}]},{\"@type\":\"ImageObject\",\"inLanguage\":\"es\",\"@id\":\"https:\/\/www.padreeustaquio.com.br\/santuario-faz-parceria-com-puc-minas-e-cria-atelie-da-escuta\/#primaryimage\",\"url\":\"https:\/\/www.padreeustaquio.com.br\/wp-content\/uploads\/2023\/03\/atelie-da-escuta-scaled.jpg\",\"contentUrl\":\"https:\/\/www.padreeustaquio.com.br\/wp-content\/uploads\/2023\/03\/atelie-da-escuta-scaled.jpg\",\"width\":2560,\"height\":1440},{\"@type\":\"BreadcrumbList\",\"@id\":\"https:\/\/www.padreeustaquio.com.br\/santuario-faz-parceria-com-puc-minas-e-cria-atelie-da-escuta\/#breadcrumb\",\"itemListElement\":[{\"@type\":\"ListItem\",\"position\":1,\"name\":\"In\u00edcio\",\"item\":\"https:\/\/www.padreeustaquio.com.br\/\"},{\"@type\":\"ListItem\",\"position\":2,\"name\":\"Santu\u00e1rio faz parceria com PUC Minas e oferece &#8220;Ateli\u00ea da escuta&#8221;\"}]},{\"@type\":\"WebSite\",\"@id\":\"https:\/\/www.padreeustaquio.com.br\/#website\",\"url\":\"https:\/\/www.padreeustaquio.com.br\/\",\"name\":\"Padre Eust\u00e1quio\",\"description\":\"Sa\u00fade e Paz\",\"publisher\":{\"@id\":\"https:\/\/www.padreeustaquio.com.br\/#organization\"},\"potentialAction\":[{\"@type\":\"SearchAction\",\"target\":{\"@type\":\"EntryPoint\",\"urlTemplate\":\"https:\/\/www.padreeustaquio.com.br\/?s={search_term_string}\"},\"query-input\":{\"@type\":\"PropertyValueSpecification\",\"valueRequired\":true,\"valueName\":\"search_term_string\"}}],\"inLanguage\":\"es\"},{\"@type\":\"Organization\",\"@id\":\"https:\/\/www.padreeustaquio.com.br\/#organization\",\"name\":\"Padre Eust\u00e1quio\",\"url\":\"https:\/\/www.padreeustaquio.com.br\/\",\"logo\":{\"@type\":\"ImageObject\",\"inLanguage\":\"es\",\"@id\":\"https:\/\/www.padreeustaquio.com.br\/#\/schema\/logo\/image\/\",\"url\":\"https:\/\/www.padreeustaquio.com.br\/wp-content\/uploads\/2019\/08\/marca.png\",\"contentUrl\":\"https:\/\/www.padreeustaquio.com.br\/wp-content\/uploads\/2019\/08\/marca.png\",\"width\":350,\"height\":400,\"caption\":\"Padre Eust\u00e1quio\"},\"image\":{\"@id\":\"https:\/\/www.padreeustaquio.com.br\/#\/schema\/logo\/image\/\"},\"sameAs\":[\"https:\/\/www.facebook.com\/beatopadreeustaquio\/\",\"https:\/\/x.com\/beatopeustaquio\",\"https:\/\/www.instagram.com\/beatopadreeustaquio\/\",\"https:\/\/www.youtube.com\/channel\/UCRhw7vfabnajwLxb1ZXMeIw\"]},{\"@type\":\"Person\",\"@id\":\"https:\/\/www.padreeustaquio.com.br\/#\/schema\/person\/a2a51db1d00f1a7af0204a0f1ddb1566\",\"name\":\"@sscc\",\"image\":{\"@type\":\"ImageObject\",\"inLanguage\":\"es\",\"@id\":\"https:\/\/secure.gravatar.com\/avatar\/68cfafa5f44617fea54071e215026e0ff06be366c3d54a8425f04fdcb86f8c5f?s=96&d=mm&r=g\",\"url\":\"https:\/\/secure.gravatar.com\/avatar\/68cfafa5f44617fea54071e215026e0ff06be366c3d54a8425f04fdcb86f8c5f?s=96&d=mm&r=g\",\"contentUrl\":\"https:\/\/secure.gravatar.com\/avatar\/68cfafa5f44617fea54071e215026e0ff06be366c3d54a8425f04fdcb86f8c5f?s=96&d=mm&r=g\",\"caption\":\"@sscc\"},\"url\":\"https:\/\/www.padreeustaquio.com.br\/es\/author\/sscc\/\"}]}<\/script>\n<!-- \/ Yoast SEO plugin. -->","yoast_head_json":{"title":"Santuario se asocia con PUC Minas y ofrece &quot;Taller de Escucha&quot;\"","description":"El Santuario Arquidiocesano de Salud y Paz, Iglesia Padre Eust\u00e1quio, en colaboraci\u00f3n con estudiantes de la PUC Minas, cre\u00f3 el Taller de Escucha. Este es un programa de psicoterapia grupal para mujeres, coordinado por estudiantes de psicolog\u00eda, cuyo objetivo es promover el bienestar grupal mediante el di\u00e1logo y la escucha a trav\u00e9s del arte.","robots":{"index":"index","follow":"follow","max-snippet":"max-snippet:-1","max-image-preview":"max-image-preview:large","max-video-preview":"max-video-preview:-1"},"canonical":"https:\/\/www.padreeustaquio.com.br\/es\/santuario-se-asocia-con-puc-minas-y-crea-taller-de-escucha\/","og_locale":"es_ES","og_type":"article","og_title":"Santu\u00e1rio faz parceria com PUC Minas e oferece \"Ateli\u00ea da escuta\"","og_description":"O Santu\u00e1rio Arquidiocesano da Sa\u00fade e da Paz, Igreja Padre Eust\u00e1quio, em parceria com alunos da PUC Minas cria o Ateli\u00ea da Escuta. Uma Psicoterapia de Grupo destinada \u00e0s mulheres, coordenada por alunas de Psicologia com objetivo de promover o bem-estar do grupo atrav\u00e9s do di\u00e1logo e da escuta por meio da arte.","og_url":"https:\/\/www.padreeustaquio.com.br\/es\/santuario-se-asocia-con-puc-minas-y-crea-taller-de-escucha\/","og_site_name":"Padre Eust\u00e1quio","article_publisher":"https:\/\/www.facebook.com\/beatopadreeustaquio\/","article_published_time":"2023-03-24T11:30:04+00:00","article_modified_time":"2023-03-24T11:30:58+00:00","og_image":[{"width":2560,"height":1440,"url":"https:\/\/www.padreeustaquio.com.br\/wp-content\/uploads\/2023\/03\/atelie-da-escuta-scaled.jpg","type":"image\/jpeg"}],"author":"@sscc","twitter_card":"summary_large_image","twitter_creator":"@beatopeustaquio","twitter_site":"@beatopeustaquio","twitter_misc":{"Escrito por":"@sscc","Tiempo de lectura":"1 minuto"},"schema":{"@context":"https:\/\/schema.org","@graph":[{"@type":"Article","@id":"https:\/\/www.padreeustaquio.com.br\/santuario-faz-parceria-com-puc-minas-e-cria-atelie-da-escuta\/#article","isPartOf":{"@id":"https:\/\/www.padreeustaquio.com.br\/santuario-faz-parceria-com-puc-minas-e-cria-atelie-da-escuta\/"},"author":{"name":"@sscc","@id":"https:\/\/www.padreeustaquio.com.br\/#\/schema\/person\/a2a51db1d00f1a7af0204a0f1ddb1566"},"headline":"Santu\u00e1rio faz parceria com PUC Minas e oferece &#8220;Ateli\u00ea da escuta&#8221;","datePublished":"2023-03-24T11:30:04+00:00","dateModified":"2023-03-24T11:30:58+00:00","mainEntityOfPage":{"@id":"https:\/\/www.padreeustaquio.com.br\/santuario-faz-parceria-com-puc-minas-e-cria-atelie-da-escuta\/"},"wordCount":135,"commentCount":0,"publisher":{"@id":"https:\/\/www.padreeustaquio.com.br\/#organization"},"image":{"@id":"https:\/\/www.padreeustaquio.com.br\/santuario-faz-parceria-com-puc-minas-e-cria-atelie-da-escuta\/#primaryimage"},"thumbnailUrl":"https:\/\/www.padreeustaquio.com.br\/wp-content\/uploads\/2023\/03\/atelie-da-escuta-scaled.jpg","articleSection":["Not\u00edcias"],"inLanguage":"es","potentialAction":[{"@type":"CommentAction","name":"Comment","target":["https:\/\/www.padreeustaquio.com.br\/santuario-faz-parceria-com-puc-minas-e-cria-atelie-da-escuta\/#respond"]}]},{"@type":"WebPage","@id":"https:\/\/www.padreeustaquio.com.br\/santuario-faz-parceria-com-puc-minas-e-cria-atelie-da-escuta\/","url":"https:\/\/www.padreeustaquio.com.br\/santuario-faz-parceria-com-puc-minas-e-cria-atelie-da-escuta\/","name":"Santuario se asocia con PUC Minas y ofrece &quot;Taller de Escucha&quot;\"","isPartOf":{"@id":"https:\/\/www.padreeustaquio.com.br\/#website"},"primaryImageOfPage":{"@id":"https:\/\/www.padreeustaquio.com.br\/santuario-faz-parceria-com-puc-minas-e-cria-atelie-da-escuta\/#primaryimage"},"image":{"@id":"https:\/\/www.padreeustaquio.com.br\/santuario-faz-parceria-com-puc-minas-e-cria-atelie-da-escuta\/#primaryimage"},"thumbnailUrl":"https:\/\/www.padreeustaquio.com.br\/wp-content\/uploads\/2023\/03\/atelie-da-escuta-scaled.jpg","datePublished":"2023-03-24T11:30:04+00:00","dateModified":"2023-03-24T11:30:58+00:00","description":"El Santuario Arquidiocesano de Salud y Paz, Iglesia Padre Eust\u00e1quio, en colaboraci\u00f3n con estudiantes de la PUC Minas, cre\u00f3 el Taller de Escucha. Este es un programa de psicoterapia grupal para mujeres, coordinado por estudiantes de psicolog\u00eda, cuyo objetivo es promover el bienestar grupal mediante el di\u00e1logo y la escucha a trav\u00e9s del arte.","breadcrumb":{"@id":"https:\/\/www.padreeustaquio.com.br\/santuario-faz-parceria-com-puc-minas-e-cria-atelie-da-escuta\/#breadcrumb"},"inLanguage":"es","potentialAction":[{"@type":"ReadAction","target":["https:\/\/www.padreeustaquio.com.br\/santuario-faz-parceria-com-puc-minas-e-cria-atelie-da-escuta\/"]}]},{"@type":"ImageObject","inLanguage":"es","@id":"https:\/\/www.padreeustaquio.com.br\/santuario-faz-parceria-com-puc-minas-e-cria-atelie-da-escuta\/#primaryimage","url":"https:\/\/www.padreeustaquio.com.br\/wp-content\/uploads\/2023\/03\/atelie-da-escuta-scaled.jpg","contentUrl":"https:\/\/www.padreeustaquio.com.br\/wp-content\/uploads\/2023\/03\/atelie-da-escuta-scaled.jpg","width":2560,"height":1440},{"@type":"BreadcrumbList","@id":"https:\/\/www.padreeustaquio.com.br\/santuario-faz-parceria-com-puc-minas-e-cria-atelie-da-escuta\/#breadcrumb","itemListElement":[{"@type":"ListItem","position":1,"name":"In\u00edcio","item":"https:\/\/www.padreeustaquio.com.br\/"},{"@type":"ListItem","position":2,"name":"Santu\u00e1rio faz parceria com PUC Minas e oferece &#8220;Ateli\u00ea da escuta&#8221;"}]},{"@type":"WebSite","@id":"https:\/\/www.padreeustaquio.com.br\/#website","url":"https:\/\/www.padreeustaquio.com.br\/","name":"Padre Eustace","description":"Salud y Paz","publisher":{"@id":"https:\/\/www.padreeustaquio.com.br\/#organization"},"potentialAction":[{"@type":"SearchAction","target":{"@type":"EntryPoint","urlTemplate":"https:\/\/www.padreeustaquio.com.br\/?s={search_term_string}"},"query-input":{"@type":"PropertyValueSpecification","valueRequired":true,"valueName":"search_term_string"}}],"inLanguage":"es"},{"@type":"Organization","@id":"https:\/\/www.padreeustaquio.com.br\/#organization","name":"Padre Eustace","url":"https:\/\/www.padreeustaquio.com.br\/","logo":{"@type":"ImageObject","inLanguage":"es","@id":"https:\/\/www.padreeustaquio.com.br\/#\/schema\/logo\/image\/","url":"https:\/\/www.padreeustaquio.com.br\/wp-content\/uploads\/2019\/08\/marca.png","contentUrl":"https:\/\/www.padreeustaquio.com.br\/wp-content\/uploads\/2019\/08\/marca.png","width":350,"height":400,"caption":"Padre Eust\u00e1quio"},"image":{"@id":"https:\/\/www.padreeustaquio.com.br\/#\/schema\/logo\/image\/"},"sameAs":["https:\/\/www.facebook.com\/beatopadreeustaquio\/","https:\/\/x.com\/beatopeustaquio","https:\/\/www.instagram.com\/beatopadreeustaquio\/","https:\/\/www.youtube.com\/channel\/UCRhw7vfabnajwLxb1ZXMeIw"]},{"@type":"Person","@id":"https:\/\/www.padreeustaquio.com.br\/#\/schema\/person\/a2a51db1d00f1a7af0204a0f1ddb1566","name":"@sscc","image":{"@type":"ImageObject","inLanguage":"es","@id":"https:\/\/secure.gravatar.com\/avatar\/68cfafa5f44617fea54071e215026e0ff06be366c3d54a8425f04fdcb86f8c5f?s=96&d=mm&r=g","url":"https:\/\/secure.gravatar.com\/avatar\/68cfafa5f44617fea54071e215026e0ff06be366c3d54a8425f04fdcb86f8c5f?s=96&d=mm&r=g","contentUrl":"https:\/\/secure.gravatar.com\/avatar\/68cfafa5f44617fea54071e215026e0ff06be366c3d54a8425f04fdcb86f8c5f?s=96&d=mm&r=g","caption":"@sscc"},"url":"https:\/\/www.padreeustaquio.com.br\/es\/author\/sscc\/"}]}},"_links":{"self":[{"href":"https:\/\/www.padreeustaquio.com.br\/es\/wp-json\/wp\/v2\/posts\/10085","targetHints":{"allow":["GET"]}}],"collection":[{"href":"https:\/\/www.padreeustaquio.com.br\/es\/wp-json\/wp\/v2\/posts"}],"about":[{"href":"https:\/\/www.padreeustaquio.com.br\/es\/wp-json\/wp\/v2\/types\/post"}],"author":[{"embeddable":true,"href":"https:\/\/www.padreeustaquio.com.br\/es\/wp-json\/wp\/v2\/users\/2"}],"replies":[{"embeddable":true,"href":"https:\/\/www.padreeustaquio.com.br\/es\/wp-json\/wp\/v2\/comments?post=10085"}],"version-history":[{"count":0,"href":"https:\/\/www.padreeustaquio.com.br\/es\/wp-json\/wp\/v2\/posts\/10085\/revisions"}],"wp:featuredmedia":[{"embeddable":true,"href":"https:\/\/www.padreeustaquio.com.br\/es\/wp-json\/wp\/v2\/media\/10086"}],"wp:attachment":[{"href":"https:\/\/www.padreeustaquio.com.br\/es\/wp-json\/wp\/v2\/media?parent=10085"}],"wp:term":[{"taxonomy":"category","embeddable":true,"href":"https:\/\/www.padreeustaquio.com.br\/es\/wp-json\/wp\/v2\/categories?post=10085"},{"taxonomy":"post_tag","embeddable":true,"href":"https:\/\/www.padreeustaquio.com.br\/es\/wp-json\/wp\/v2\/tags?post=10085"}],"curies":[{"name":"wp","href":"https:\/\/api.w.org\/{rel}","templated":true}]}}