{"id":10081,"date":"2023-03-23T08:29:30","date_gmt":"2023-03-23T11:29:30","guid":{"rendered":"https:\/\/www.padreeustaquio.com.br\/?p=10081"},"modified":"2023-03-23T08:30:04","modified_gmt":"2023-03-23T11:30:04","slug":"descubra-la-historia-de-la-santa-casa-de-misericordia-padre-eustaquio-en-ibia-mg","status":"publish","type":"post","link":"https:\/\/www.padreeustaquio.com.br\/es\/descubra-la-historia-de-la-santa-casa-de-misericordia-padre-eustaquio-en-ibia-mg\/","title":{"rendered":"Conozca la historia de la Santa Casa de Misericordia Padre Eust\u00e1quio, en Ibi\u00e1-MG."},"content":{"rendered":"<p>En 1942, el padre Eust\u00e1quio fue enviado como p\u00e1rroco temporal a la ciudad de Ibi\u00e1-MG, donde permaneci\u00f3 menos de dos meses, pero dej\u00f3 atr\u00e1s el proyecto de la Santa Casa que hoy lleva su nombre.<\/p>\n\n\n\n<p>En el registro parroquial de S\u00e3o Pedro de Alc\u00e2ntara, en la ciudad de Ibi\u00e1, el padre Eust\u00e1quio escribi\u00f3 haber recibido un terreno para la construcci\u00f3n de un asilo y una instituci\u00f3n de caridad.<\/p>\n\n\n\n<p><em>\u201cHubo una donaci\u00f3n de terreno de aproximadamente 3 alqueires (aproximadamente 7,26 hect\u00e1reas) por parte del distinguido cuidador de Elisena, para beneficio de una instituci\u00f3n ben\u00e9fica y un asilo. La escritura se registr\u00f3 a nombre de la Iglesia de San Pedro de Alc\u00e1ntara. Otra parcela de terreno, para beneficio de la instituci\u00f3n ben\u00e9fica, fue donada a la iglesia parroquial por la ben\u00e9vola do\u00f1a Modesta.<br>&quot;Que Dios bendiga esta hermosa parroquia con su buena gente, su escuela con el dign\u00edsimo Capell\u00e1n Canon-Monse\u00f1or Almir, quien nos ha ayudado tanto en el ministerio de la parroquia.&quot;\u201d<\/em><\/p>\n\n\n\n<p>Inspirada en el trabajo del Padre Eust\u00e1quio con los enfermos y necesitados, la Santa Casa de Miseric\u00f3rdia Padre Eust\u00e1quio fue inaugurada en 1956 y contin\u00faa al servicio de la poblaci\u00f3n hasta el d\u00eda de hoy en la plaza que lleva el mismo nombre del Beato: Pra\u00e7a Padre Eust\u00e1quio, en el centro de Ibi\u00e1, ciudad de la regi\u00f3n del Alto Parana\u00edba, Minas Gerais.<\/p>\n\n\n\n<p> <\/p>","protected":false},"excerpt":{"rendered":"<p>Em 1942, Padre Eust\u00e1quio foi enviado como p\u00e1roco provis\u00f3rio \u00e0 cidade de Ibi\u00e1-MG, onde nem completou dois meses, mas deixou plantado o projeto da Santa Casa que hoje leva o nome dele. No livro de tombo da Par\u00f3quia S\u00e3o Pedro de Alc\u00e2ntara, da cidade de Ibi\u00e1, Padre Eust\u00e1quio escreveu sobre ter ganhado um terreno para a constru\u00e7\u00e3o de um Asilo e de uma Santa Casa. \u201c Houve uma doa\u00e7\u00e3o de terreno de mais ou menos 3 alqueires pela distinta zeladora da Elisena, em benef\u00edcio de uma santa casa e um asilo. A escritura foi registrada em nome da Igreja de [&hellip;]<\/p>\n","protected":false},"author":2,"featured_media":10082,"comment_status":"open","ping_status":"closed","sticky":false,"template":"","format":"standard","meta":{"_acf_changed":false,"footnotes":""},"categories":[611],"tags":[],"class_list":["post-10081","post","type-post","status-publish","format-standard","has-post-thumbnail","hentry","category-noticias"],"acf":[],"yoast_head":"<!-- This site is optimized with the Yoast SEO plugin v27.2 - https:\/\/yoast.com\/product\/yoast-seo-wordpress\/ -->\n<title>Conhe\u00e7a a hist\u00f3ria da Santa Casa de Miseric\u00f3rdia Padre Eust\u00e1quio, em Ibi\u00e1-MG<\/title>\n<meta name=\"description\" content=\"Em 1942, Padre Eust\u00e1quio foi enviado como p\u00e1roco provis\u00f3rio \u00e0 cidade de Ibi\u00e1-MG, onde nem completou dois meses, mas deixou plantado o projeto da Santa Casa que hoje leva o nome dele. No livro de tombo da Par\u00f3quia S\u00e3o Pedro de Alc\u00e2ntara, da cidade de Ibi\u00e1, Padre Eust\u00e1quio escreveu sobre ter ganhado um terreno para a constru\u00e7\u00e3o de um Asilo e de uma Santa Casa.\" \/>\n<meta name=\"robots\" content=\"index, follow, max-snippet:-1, max-image-preview:large, max-video-preview:-1\" \/>\n<link rel=\"canonical\" href=\"https:\/\/www.padreeustaquio.com.br\/es\/descubra-la-historia-de-la-santa-casa-de-misericordia-padre-eustaquio-en-ibia-mg\/\" \/>\n<meta property=\"og:locale\" content=\"es_ES\" \/>\n<meta property=\"og:type\" content=\"article\" \/>\n<meta property=\"og:title\" content=\"Conhe\u00e7a a hist\u00f3ria da Santa Casa de Miseric\u00f3rdia Padre Eust\u00e1quio, em Ibi\u00e1-MG\" \/>\n<meta property=\"og:description\" content=\"Em 1942, Padre Eust\u00e1quio foi enviado como p\u00e1roco provis\u00f3rio \u00e0 cidade de Ibi\u00e1-MG, onde nem completou dois meses, mas deixou plantado o projeto da Santa Casa que hoje leva o nome dele. No livro de tombo da Par\u00f3quia S\u00e3o Pedro de Alc\u00e2ntara, da cidade de Ibi\u00e1, Padre Eust\u00e1quio escreveu sobre ter ganhado um terreno para a constru\u00e7\u00e3o de um Asilo e de uma Santa Casa.\" \/>\n<meta property=\"og:url\" content=\"https:\/\/www.padreeustaquio.com.br\/es\/descubra-la-historia-de-la-santa-casa-de-misericordia-padre-eustaquio-en-ibia-mg\/\" \/>\n<meta property=\"og:site_name\" content=\"Padre Eust\u00e1quio\" \/>\n<meta property=\"article:publisher\" content=\"https:\/\/www.facebook.com\/beatopadreeustaquio\/\" \/>\n<meta property=\"article:published_time\" content=\"2023-03-23T11:29:30+00:00\" \/>\n<meta property=\"article:modified_time\" content=\"2023-03-23T11:30:04+00:00\" \/>\n<meta property=\"og:image\" content=\"https:\/\/www.padreeustaquio.com.br\/wp-content\/uploads\/2023\/03\/santa-casa-de-ibia.jpeg\" \/>\n\t<meta property=\"og:image:width\" content=\"680\" \/>\n\t<meta property=\"og:image:height\" content=\"382\" \/>\n\t<meta property=\"og:image:type\" content=\"image\/jpeg\" \/>\n<meta name=\"author\" content=\"@sscc\" \/>\n<meta name=\"twitter:card\" content=\"summary_large_image\" \/>\n<meta name=\"twitter:creator\" content=\"@beatopeustaquio\" \/>\n<meta name=\"twitter:site\" content=\"@beatopeustaquio\" \/>\n<meta name=\"twitter:label1\" content=\"Escrito por\" \/>\n\t<meta name=\"twitter:data1\" content=\"@sscc\" \/>\n<script type=\"application\/ld+json\" class=\"yoast-schema-graph\">{\"@context\":\"https:\/\/schema.org\",\"@graph\":[{\"@type\":\"Article\",\"@id\":\"https:\/\/www.padreeustaquio.com.br\/conheca-a-historia-da-santa-casa-de-misericordia-padre-eustaquio-em-ibia-mg\/#article\",\"isPartOf\":{\"@id\":\"https:\/\/www.padreeustaquio.com.br\/conheca-a-historia-da-santa-casa-de-misericordia-padre-eustaquio-em-ibia-mg\/\"},\"author\":{\"name\":\"@sscc\",\"@id\":\"https:\/\/www.padreeustaquio.com.br\/#\/schema\/person\/a2a51db1d00f1a7af0204a0f1ddb1566\"},\"headline\":\"Conhe\u00e7a a hist\u00f3ria da Santa Casa de Miseric\u00f3rdia Padre Eust\u00e1quio, em Ibi\u00e1-MG\",\"datePublished\":\"2023-03-23T11:29:30+00:00\",\"dateModified\":\"2023-03-23T11:30:04+00:00\",\"mainEntityOfPage\":{\"@id\":\"https:\/\/www.padreeustaquio.com.br\/conheca-a-historia-da-santa-casa-de-misericordia-padre-eustaquio-em-ibia-mg\/\"},\"wordCount\":238,\"commentCount\":0,\"publisher\":{\"@id\":\"https:\/\/www.padreeustaquio.com.br\/#organization\"},\"image\":{\"@id\":\"https:\/\/www.padreeustaquio.com.br\/conheca-a-historia-da-santa-casa-de-misericordia-padre-eustaquio-em-ibia-mg\/#primaryimage\"},\"thumbnailUrl\":\"https:\/\/www.padreeustaquio.com.br\/wp-content\/uploads\/2023\/03\/santa-casa-de-ibia.jpeg\",\"articleSection\":[\"Not\u00edcias\"],\"inLanguage\":\"es\",\"potentialAction\":[{\"@type\":\"CommentAction\",\"name\":\"Comment\",\"target\":[\"https:\/\/www.padreeustaquio.com.br\/conheca-a-historia-da-santa-casa-de-misericordia-padre-eustaquio-em-ibia-mg\/#respond\"]}]},{\"@type\":\"WebPage\",\"@id\":\"https:\/\/www.padreeustaquio.com.br\/conheca-a-historia-da-santa-casa-de-misericordia-padre-eustaquio-em-ibia-mg\/\",\"url\":\"https:\/\/www.padreeustaquio.com.br\/conheca-a-historia-da-santa-casa-de-misericordia-padre-eustaquio-em-ibia-mg\/\",\"name\":\"Conhe\u00e7a a hist\u00f3ria da Santa Casa de Miseric\u00f3rdia Padre Eust\u00e1quio, em Ibi\u00e1-MG\",\"isPartOf\":{\"@id\":\"https:\/\/www.padreeustaquio.com.br\/#website\"},\"primaryImageOfPage\":{\"@id\":\"https:\/\/www.padreeustaquio.com.br\/conheca-a-historia-da-santa-casa-de-misericordia-padre-eustaquio-em-ibia-mg\/#primaryimage\"},\"image\":{\"@id\":\"https:\/\/www.padreeustaquio.com.br\/conheca-a-historia-da-santa-casa-de-misericordia-padre-eustaquio-em-ibia-mg\/#primaryimage\"},\"thumbnailUrl\":\"https:\/\/www.padreeustaquio.com.br\/wp-content\/uploads\/2023\/03\/santa-casa-de-ibia.jpeg\",\"datePublished\":\"2023-03-23T11:29:30+00:00\",\"dateModified\":\"2023-03-23T11:30:04+00:00\",\"description\":\"Em 1942, Padre Eust\u00e1quio foi enviado como p\u00e1roco provis\u00f3rio \u00e0 cidade de Ibi\u00e1-MG, onde nem completou dois meses, mas deixou plantado o projeto da Santa Casa que hoje leva o nome dele. No livro de tombo da Par\u00f3quia S\u00e3o Pedro de Alc\u00e2ntara, da cidade de Ibi\u00e1, Padre Eust\u00e1quio escreveu sobre ter ganhado um terreno para a constru\u00e7\u00e3o de um Asilo e de uma Santa Casa.\",\"breadcrumb\":{\"@id\":\"https:\/\/www.padreeustaquio.com.br\/conheca-a-historia-da-santa-casa-de-misericordia-padre-eustaquio-em-ibia-mg\/#breadcrumb\"},\"inLanguage\":\"es\",\"potentialAction\":[{\"@type\":\"ReadAction\",\"target\":[\"https:\/\/www.padreeustaquio.com.br\/conheca-a-historia-da-santa-casa-de-misericordia-padre-eustaquio-em-ibia-mg\/\"]}]},{\"@type\":\"ImageObject\",\"inLanguage\":\"es\",\"@id\":\"https:\/\/www.padreeustaquio.com.br\/conheca-a-historia-da-santa-casa-de-misericordia-padre-eustaquio-em-ibia-mg\/#primaryimage\",\"url\":\"https:\/\/www.padreeustaquio.com.br\/wp-content\/uploads\/2023\/03\/santa-casa-de-ibia.jpeg\",\"contentUrl\":\"https:\/\/www.padreeustaquio.com.br\/wp-content\/uploads\/2023\/03\/santa-casa-de-ibia.jpeg\",\"width\":680,\"height\":382},{\"@type\":\"BreadcrumbList\",\"@id\":\"https:\/\/www.padreeustaquio.com.br\/conheca-a-historia-da-santa-casa-de-misericordia-padre-eustaquio-em-ibia-mg\/#breadcrumb\",\"itemListElement\":[{\"@type\":\"ListItem\",\"position\":1,\"name\":\"In\u00edcio\",\"item\":\"https:\/\/www.padreeustaquio.com.br\/\"},{\"@type\":\"ListItem\",\"position\":2,\"name\":\"Conhe\u00e7a a hist\u00f3ria da Santa Casa de Miseric\u00f3rdia Padre Eust\u00e1quio, em Ibi\u00e1-MG\"}]},{\"@type\":\"WebSite\",\"@id\":\"https:\/\/www.padreeustaquio.com.br\/#website\",\"url\":\"https:\/\/www.padreeustaquio.com.br\/\",\"name\":\"Padre Eust\u00e1quio\",\"description\":\"Sa\u00fade e Paz\",\"publisher\":{\"@id\":\"https:\/\/www.padreeustaquio.com.br\/#organization\"},\"potentialAction\":[{\"@type\":\"SearchAction\",\"target\":{\"@type\":\"EntryPoint\",\"urlTemplate\":\"https:\/\/www.padreeustaquio.com.br\/?s={search_term_string}\"},\"query-input\":{\"@type\":\"PropertyValueSpecification\",\"valueRequired\":true,\"valueName\":\"search_term_string\"}}],\"inLanguage\":\"es\"},{\"@type\":\"Organization\",\"@id\":\"https:\/\/www.padreeustaquio.com.br\/#organization\",\"name\":\"Padre Eust\u00e1quio\",\"url\":\"https:\/\/www.padreeustaquio.com.br\/\",\"logo\":{\"@type\":\"ImageObject\",\"inLanguage\":\"es\",\"@id\":\"https:\/\/www.padreeustaquio.com.br\/#\/schema\/logo\/image\/\",\"url\":\"https:\/\/www.padreeustaquio.com.br\/wp-content\/uploads\/2019\/08\/marca.png\",\"contentUrl\":\"https:\/\/www.padreeustaquio.com.br\/wp-content\/uploads\/2019\/08\/marca.png\",\"width\":350,\"height\":400,\"caption\":\"Padre Eust\u00e1quio\"},\"image\":{\"@id\":\"https:\/\/www.padreeustaquio.com.br\/#\/schema\/logo\/image\/\"},\"sameAs\":[\"https:\/\/www.facebook.com\/beatopadreeustaquio\/\",\"https:\/\/x.com\/beatopeustaquio\",\"https:\/\/www.instagram.com\/beatopadreeustaquio\/\",\"https:\/\/www.youtube.com\/channel\/UCRhw7vfabnajwLxb1ZXMeIw\"]},{\"@type\":\"Person\",\"@id\":\"https:\/\/www.padreeustaquio.com.br\/#\/schema\/person\/a2a51db1d00f1a7af0204a0f1ddb1566\",\"name\":\"@sscc\",\"image\":{\"@type\":\"ImageObject\",\"inLanguage\":\"es\",\"@id\":\"https:\/\/secure.gravatar.com\/avatar\/68cfafa5f44617fea54071e215026e0ff06be366c3d54a8425f04fdcb86f8c5f?s=96&d=mm&r=g\",\"url\":\"https:\/\/secure.gravatar.com\/avatar\/68cfafa5f44617fea54071e215026e0ff06be366c3d54a8425f04fdcb86f8c5f?s=96&d=mm&r=g\",\"contentUrl\":\"https:\/\/secure.gravatar.com\/avatar\/68cfafa5f44617fea54071e215026e0ff06be366c3d54a8425f04fdcb86f8c5f?s=96&d=mm&r=g\",\"caption\":\"@sscc\"},\"url\":\"https:\/\/www.padreeustaquio.com.br\/es\/author\/sscc\/\"}]}<\/script>\n<!-- \/ Yoast SEO plugin. -->","yoast_head_json":{"title":"Conozca la historia de la Santa Casa de Misericordia Padre Eust\u00e1quio, en Ibi\u00e1-MG.","description":"En 1942, el Padre Eust\u00e1quio fue enviado como p\u00e1rroco temporal a la ciudad de Ibi\u00e1, MG, donde permaneci\u00f3 menos de dos meses, pero ya hab\u00eda iniciado el proyecto de la Santa Casa (instituci\u00f3n ben\u00e9fica) que hoy lleva su nombre. En el registro parroquial de S\u00e3o Pedro de Alc\u00e2ntara, en la ciudad de Ibi\u00e1, el Padre Eust\u00e1quio escribi\u00f3 sobre la recepci\u00f3n de terrenos para la construcci\u00f3n de un asilo y una Santa Casa.","robots":{"index":"index","follow":"follow","max-snippet":"max-snippet:-1","max-image-preview":"max-image-preview:large","max-video-preview":"max-video-preview:-1"},"canonical":"https:\/\/www.padreeustaquio.com.br\/es\/descubra-la-historia-de-la-santa-casa-de-misericordia-padre-eustaquio-en-ibia-mg\/","og_locale":"es_ES","og_type":"article","og_title":"Conhe\u00e7a a hist\u00f3ria da Santa Casa de Miseric\u00f3rdia Padre Eust\u00e1quio, em Ibi\u00e1-MG","og_description":"Em 1942, Padre Eust\u00e1quio foi enviado como p\u00e1roco provis\u00f3rio \u00e0 cidade de Ibi\u00e1-MG, onde nem completou dois meses, mas deixou plantado o projeto da Santa Casa que hoje leva o nome dele. No livro de tombo da Par\u00f3quia S\u00e3o Pedro de Alc\u00e2ntara, da cidade de Ibi\u00e1, Padre Eust\u00e1quio escreveu sobre ter ganhado um terreno para a constru\u00e7\u00e3o de um Asilo e de uma Santa Casa.","og_url":"https:\/\/www.padreeustaquio.com.br\/es\/descubra-la-historia-de-la-santa-casa-de-misericordia-padre-eustaquio-en-ibia-mg\/","og_site_name":"Padre Eust\u00e1quio","article_publisher":"https:\/\/www.facebook.com\/beatopadreeustaquio\/","article_published_time":"2023-03-23T11:29:30+00:00","article_modified_time":"2023-03-23T11:30:04+00:00","og_image":[{"width":680,"height":382,"url":"https:\/\/www.padreeustaquio.com.br\/wp-content\/uploads\/2023\/03\/santa-casa-de-ibia.jpeg","type":"image\/jpeg"}],"author":"@sscc","twitter_card":"summary_large_image","twitter_creator":"@beatopeustaquio","twitter_site":"@beatopeustaquio","twitter_misc":{"Escrito por":"@sscc"},"schema":{"@context":"https:\/\/schema.org","@graph":[{"@type":"Article","@id":"https:\/\/www.padreeustaquio.com.br\/conheca-a-historia-da-santa-casa-de-misericordia-padre-eustaquio-em-ibia-mg\/#article","isPartOf":{"@id":"https:\/\/www.padreeustaquio.com.br\/conheca-a-historia-da-santa-casa-de-misericordia-padre-eustaquio-em-ibia-mg\/"},"author":{"name":"@sscc","@id":"https:\/\/www.padreeustaquio.com.br\/#\/schema\/person\/a2a51db1d00f1a7af0204a0f1ddb1566"},"headline":"Conhe\u00e7a a hist\u00f3ria da Santa Casa de Miseric\u00f3rdia Padre Eust\u00e1quio, em Ibi\u00e1-MG","datePublished":"2023-03-23T11:29:30+00:00","dateModified":"2023-03-23T11:30:04+00:00","mainEntityOfPage":{"@id":"https:\/\/www.padreeustaquio.com.br\/conheca-a-historia-da-santa-casa-de-misericordia-padre-eustaquio-em-ibia-mg\/"},"wordCount":238,"commentCount":0,"publisher":{"@id":"https:\/\/www.padreeustaquio.com.br\/#organization"},"image":{"@id":"https:\/\/www.padreeustaquio.com.br\/conheca-a-historia-da-santa-casa-de-misericordia-padre-eustaquio-em-ibia-mg\/#primaryimage"},"thumbnailUrl":"https:\/\/www.padreeustaquio.com.br\/wp-content\/uploads\/2023\/03\/santa-casa-de-ibia.jpeg","articleSection":["Not\u00edcias"],"inLanguage":"es","potentialAction":[{"@type":"CommentAction","name":"Comment","target":["https:\/\/www.padreeustaquio.com.br\/conheca-a-historia-da-santa-casa-de-misericordia-padre-eustaquio-em-ibia-mg\/#respond"]}]},{"@type":"WebPage","@id":"https:\/\/www.padreeustaquio.com.br\/conheca-a-historia-da-santa-casa-de-misericordia-padre-eustaquio-em-ibia-mg\/","url":"https:\/\/www.padreeustaquio.com.br\/conheca-a-historia-da-santa-casa-de-misericordia-padre-eustaquio-em-ibia-mg\/","name":"Conozca la historia de la Santa Casa de Misericordia Padre Eust\u00e1quio, en Ibi\u00e1-MG.","isPartOf":{"@id":"https:\/\/www.padreeustaquio.com.br\/#website"},"primaryImageOfPage":{"@id":"https:\/\/www.padreeustaquio.com.br\/conheca-a-historia-da-santa-casa-de-misericordia-padre-eustaquio-em-ibia-mg\/#primaryimage"},"image":{"@id":"https:\/\/www.padreeustaquio.com.br\/conheca-a-historia-da-santa-casa-de-misericordia-padre-eustaquio-em-ibia-mg\/#primaryimage"},"thumbnailUrl":"https:\/\/www.padreeustaquio.com.br\/wp-content\/uploads\/2023\/03\/santa-casa-de-ibia.jpeg","datePublished":"2023-03-23T11:29:30+00:00","dateModified":"2023-03-23T11:30:04+00:00","description":"En 1942, el Padre Eust\u00e1quio fue enviado como p\u00e1rroco temporal a la ciudad de Ibi\u00e1, MG, donde permaneci\u00f3 menos de dos meses, pero ya hab\u00eda iniciado el proyecto de la Santa Casa (instituci\u00f3n ben\u00e9fica) que hoy lleva su nombre. En el registro parroquial de S\u00e3o Pedro de Alc\u00e2ntara, en la ciudad de Ibi\u00e1, el Padre Eust\u00e1quio escribi\u00f3 sobre la recepci\u00f3n de terrenos para la construcci\u00f3n de un asilo y una Santa Casa.","breadcrumb":{"@id":"https:\/\/www.padreeustaquio.com.br\/conheca-a-historia-da-santa-casa-de-misericordia-padre-eustaquio-em-ibia-mg\/#breadcrumb"},"inLanguage":"es","potentialAction":[{"@type":"ReadAction","target":["https:\/\/www.padreeustaquio.com.br\/conheca-a-historia-da-santa-casa-de-misericordia-padre-eustaquio-em-ibia-mg\/"]}]},{"@type":"ImageObject","inLanguage":"es","@id":"https:\/\/www.padreeustaquio.com.br\/conheca-a-historia-da-santa-casa-de-misericordia-padre-eustaquio-em-ibia-mg\/#primaryimage","url":"https:\/\/www.padreeustaquio.com.br\/wp-content\/uploads\/2023\/03\/santa-casa-de-ibia.jpeg","contentUrl":"https:\/\/www.padreeustaquio.com.br\/wp-content\/uploads\/2023\/03\/santa-casa-de-ibia.jpeg","width":680,"height":382},{"@type":"BreadcrumbList","@id":"https:\/\/www.padreeustaquio.com.br\/conheca-a-historia-da-santa-casa-de-misericordia-padre-eustaquio-em-ibia-mg\/#breadcrumb","itemListElement":[{"@type":"ListItem","position":1,"name":"In\u00edcio","item":"https:\/\/www.padreeustaquio.com.br\/"},{"@type":"ListItem","position":2,"name":"Conhe\u00e7a a hist\u00f3ria da Santa Casa de Miseric\u00f3rdia Padre Eust\u00e1quio, em Ibi\u00e1-MG"}]},{"@type":"WebSite","@id":"https:\/\/www.padreeustaquio.com.br\/#website","url":"https:\/\/www.padreeustaquio.com.br\/","name":"Padre Eustace","description":"Salud y Paz","publisher":{"@id":"https:\/\/www.padreeustaquio.com.br\/#organization"},"potentialAction":[{"@type":"SearchAction","target":{"@type":"EntryPoint","urlTemplate":"https:\/\/www.padreeustaquio.com.br\/?s={search_term_string}"},"query-input":{"@type":"PropertyValueSpecification","valueRequired":true,"valueName":"search_term_string"}}],"inLanguage":"es"},{"@type":"Organization","@id":"https:\/\/www.padreeustaquio.com.br\/#organization","name":"Padre Eustace","url":"https:\/\/www.padreeustaquio.com.br\/","logo":{"@type":"ImageObject","inLanguage":"es","@id":"https:\/\/www.padreeustaquio.com.br\/#\/schema\/logo\/image\/","url":"https:\/\/www.padreeustaquio.com.br\/wp-content\/uploads\/2019\/08\/marca.png","contentUrl":"https:\/\/www.padreeustaquio.com.br\/wp-content\/uploads\/2019\/08\/marca.png","width":350,"height":400,"caption":"Padre Eust\u00e1quio"},"image":{"@id":"https:\/\/www.padreeustaquio.com.br\/#\/schema\/logo\/image\/"},"sameAs":["https:\/\/www.facebook.com\/beatopadreeustaquio\/","https:\/\/x.com\/beatopeustaquio","https:\/\/www.instagram.com\/beatopadreeustaquio\/","https:\/\/www.youtube.com\/channel\/UCRhw7vfabnajwLxb1ZXMeIw"]},{"@type":"Person","@id":"https:\/\/www.padreeustaquio.com.br\/#\/schema\/person\/a2a51db1d00f1a7af0204a0f1ddb1566","name":"@sscc","image":{"@type":"ImageObject","inLanguage":"es","@id":"https:\/\/secure.gravatar.com\/avatar\/68cfafa5f44617fea54071e215026e0ff06be366c3d54a8425f04fdcb86f8c5f?s=96&d=mm&r=g","url":"https:\/\/secure.gravatar.com\/avatar\/68cfafa5f44617fea54071e215026e0ff06be366c3d54a8425f04fdcb86f8c5f?s=96&d=mm&r=g","contentUrl":"https:\/\/secure.gravatar.com\/avatar\/68cfafa5f44617fea54071e215026e0ff06be366c3d54a8425f04fdcb86f8c5f?s=96&d=mm&r=g","caption":"@sscc"},"url":"https:\/\/www.padreeustaquio.com.br\/es\/author\/sscc\/"}]}},"_links":{"self":[{"href":"https:\/\/www.padreeustaquio.com.br\/es\/wp-json\/wp\/v2\/posts\/10081","targetHints":{"allow":["GET"]}}],"collection":[{"href":"https:\/\/www.padreeustaquio.com.br\/es\/wp-json\/wp\/v2\/posts"}],"about":[{"href":"https:\/\/www.padreeustaquio.com.br\/es\/wp-json\/wp\/v2\/types\/post"}],"author":[{"embeddable":true,"href":"https:\/\/www.padreeustaquio.com.br\/es\/wp-json\/wp\/v2\/users\/2"}],"replies":[{"embeddable":true,"href":"https:\/\/www.padreeustaquio.com.br\/es\/wp-json\/wp\/v2\/comments?post=10081"}],"version-history":[{"count":0,"href":"https:\/\/www.padreeustaquio.com.br\/es\/wp-json\/wp\/v2\/posts\/10081\/revisions"}],"wp:featuredmedia":[{"embeddable":true,"href":"https:\/\/www.padreeustaquio.com.br\/es\/wp-json\/wp\/v2\/media\/10082"}],"wp:attachment":[{"href":"https:\/\/www.padreeustaquio.com.br\/es\/wp-json\/wp\/v2\/media?parent=10081"}],"wp:term":[{"taxonomy":"category","embeddable":true,"href":"https:\/\/www.padreeustaquio.com.br\/es\/wp-json\/wp\/v2\/categories?post=10081"},{"taxonomy":"post_tag","embeddable":true,"href":"https:\/\/www.padreeustaquio.com.br\/es\/wp-json\/wp\/v2\/tags?post=10081"}],"curies":[{"name":"wp","href":"https:\/\/api.w.org\/{rel}","templated":true}]}}