{"id":10043,"date":"2023-03-17T06:25:00","date_gmt":"2023-03-17T09:25:00","guid":{"rendered":"https:\/\/www.padreeustaquio.com.br\/?p=10043"},"modified":"2023-03-15T09:48:31","modified_gmt":"2023-03-15T12:48:31","slug":"inscripciones-abiertas-para-la-infancia-y-adolescencia-misionera-del-padre-eustaquio","status":"publish","type":"post","link":"https:\/\/www.padreeustaquio.com.br\/es\/inscripciones-abiertas-para-la-infancia-y-adolescencia-misionera-del-padre-eustaquio\/","title":{"rendered":"Las inscripciones est\u00e1n abiertas para el programa de Infancia y Adolescencia Misionera del Padre Eust\u00e1quio."},"content":{"rendered":"<p>El grupo de Infancia y Adolescencia Misionera (IAM) del Santuario de Salud y Paz, Iglesia del Beato Padre Eustaquio, ya acepta inscripciones. Los interesados deben acudir a la secretar\u00eda parroquial para inscribirse. Pueden participar ni\u00f1os y adolescentes de hasta 14 a\u00f1os.<\/p>\n\n\n\n<p>En el Santuario, el grupo de la Infancia y Adolescencia Misionera celebr\u00f3 su s\u00e9ptimo aniversario esta semana. Las reuniones se realizan todos los s\u00e1bados de 10:00 a 11:00 h. M\u00e1s informaci\u00f3n en Instagram. <a href=\"https:\/\/www.instagram.com\/iam_padreeustaquio\/\" target=\"_blank\" rel=\"noreferrer noopener\">@iam_padreeustaquio<\/a><\/p>\n\n\n\n<p><strong>La historia de la Infancia y Adolescencia Misionera<\/strong> <strong>en el mundo<\/strong><\/p>\n\n\n\n<p>La Obra Pontificia de la Santa Infancia (IAM) fue fundada el 19 de mayo de 1843. Esto ocurri\u00f3 cuando Monse\u00f1or Charles August Marie Joseph de Forbin-Janson, obispo de Nancy (Francia), fue conmovido por la realidad descrita por los misioneros que evangelizaban en China, con quienes ten\u00eda una estrecha relaci\u00f3n desde la adolescencia.<\/p>\n\n\n\n<p>Para cumplir con la petici\u00f3n de los misioneros, el obispo Carlos hizo un llamado a los ni\u00f1os de Francia para que ayudaran a otros ni\u00f1os. Impulsado por este celo misionero, el obispo convers\u00f3 con Pauline Jaricot, fundadora de la Obra Pontificia para la Propagaci\u00f3n de la Fe. As\u00ed, los ni\u00f1os franceses se comprometieron a rezar un Ave Mar\u00eda diariamente por los ni\u00f1os de China y a ayudarlos con una moneda cada mes, expresi\u00f3n de caridad cristiana y solidaridad universal.<\/p>\n\n\n\n<p>En 1922, el Papa P\u00edo XI declar\u00f3 la Obra de la Santa Infancia como \u201cPontificia\u201d, es decir, se diferencia de la actividad apost\u00f3lica transitoria porque su organizaci\u00f3n y testimonio son aprobados y asumidos como una obra evangelizadora al servicio de toda la Iglesia.<\/p>\n\n\n\n<p><\/p>\n\n\n\n<p><strong><em>***con informaci\u00f3n de <a href=\"https:\/\/www.pom.org.br\/conheca-a-iam\/\" target=\"_blank\" rel=\"noreferrer noopener\">pom.org.br<\/a><\/em><\/strong><\/p>","protected":false},"excerpt":{"rendered":"<p>A IAM, Inf\u00e2ncia e Adolesc\u00eancia Mission\u00e1ria, do Santu\u00e1rio da Sa\u00fade e da Paz, Igreja do Beato Padre Eust\u00e1quio est\u00e1 com inscri\u00e7\u00f5es abertas. Os interessados devem comparecer \u00e0 secretaria paroquial para se cadastrar. Podem participar crian\u00e7as e adolescentes at\u00e9 14 anos. No Santu\u00e1rio, a Inf\u00e2ncia e Adolesc\u00eancia Mission\u00e1ria completou 7 anos esta semana. As reuni\u00f5es s\u00e3o realizadas todos os s\u00e1bados, de 10h \u00e0s 11h. Mais informa\u00e7\u00f5es no Instagram @iam_padreeustaquio A hist\u00f3ria da Inf\u00e2ncia e Adolesc\u00eancia Mission\u00e1ria no mundo A Pontif\u00edcia Obra da Inf\u00e2ncia e Adolesc\u00eancia Mission\u00e1ria (IAM) tem sua data de funda\u00e7\u00e3o em 19 de maio de 1843. Foi quando Dom [&hellip;]<\/p>\n","protected":false},"author":2,"featured_media":10058,"comment_status":"open","ping_status":"closed","sticky":false,"template":"","format":"standard","meta":{"_acf_changed":false,"footnotes":""},"categories":[611],"tags":[],"class_list":["post-10043","post","type-post","status-publish","format-standard","has-post-thumbnail","hentry","category-noticias"],"acf":[],"yoast_head":"<!-- This site is optimized with the Yoast SEO plugin v27.2 - https:\/\/yoast.com\/product\/yoast-seo-wordpress\/ -->\n<title>Inscri\u00e7\u00f5es abertas para a Inf\u00e2ncia e Adolesc\u00eancia Mission\u00e1ria do Padre Eust\u00e1quio<\/title>\n<meta name=\"description\" content=\"A IAM, Inf\u00e2ncia e Adolesc\u00eancia Mission\u00e1ria, do Santu\u00e1rio da Sa\u00fade e da Paz, Igreja do Beato Padre Eust\u00e1quio est\u00e1 com inscri\u00e7\u00f5es abertas. Os interessados devem comparecer \u00e0 secretaria paroquial para se cadastrar. Podem participar crian\u00e7as e adolescentes at\u00e9 14 anos.\" \/>\n<meta name=\"robots\" content=\"index, follow, max-snippet:-1, max-image-preview:large, max-video-preview:-1\" \/>\n<link rel=\"canonical\" href=\"https:\/\/www.padreeustaquio.com.br\/es\/inscripciones-abiertas-para-la-infancia-y-adolescencia-misionera-del-padre-eustaquio\/\" \/>\n<meta property=\"og:locale\" content=\"es_ES\" \/>\n<meta property=\"og:type\" content=\"article\" \/>\n<meta property=\"og:title\" content=\"Inscri\u00e7\u00f5es abertas para a Inf\u00e2ncia e Adolesc\u00eancia Mission\u00e1ria do Padre Eust\u00e1quio\" \/>\n<meta property=\"og:description\" content=\"A IAM, Inf\u00e2ncia e Adolesc\u00eancia Mission\u00e1ria, do Santu\u00e1rio da Sa\u00fade e da Paz, Igreja do Beato Padre Eust\u00e1quio est\u00e1 com inscri\u00e7\u00f5es abertas. Os interessados devem comparecer \u00e0 secretaria paroquial para se cadastrar. Podem participar crian\u00e7as e adolescentes at\u00e9 14 anos.\" \/>\n<meta property=\"og:url\" content=\"https:\/\/www.padreeustaquio.com.br\/es\/inscripciones-abiertas-para-la-infancia-y-adolescencia-misionera-del-padre-eustaquio\/\" \/>\n<meta property=\"og:site_name\" content=\"Padre Eust\u00e1quio\" \/>\n<meta property=\"article:publisher\" content=\"https:\/\/www.facebook.com\/beatopadreeustaquio\/\" \/>\n<meta property=\"article:published_time\" content=\"2023-03-17T09:25:00+00:00\" \/>\n<meta property=\"og:image\" content=\"https:\/\/www.padreeustaquio.com.br\/wp-content\/uploads\/2023\/03\/iam-vale-este.jpeg\" \/>\n\t<meta property=\"og:image:width\" content=\"1600\" \/>\n\t<meta property=\"og:image:height\" content=\"1200\" \/>\n\t<meta property=\"og:image:type\" content=\"image\/jpeg\" \/>\n<meta name=\"author\" content=\"@sscc\" \/>\n<meta name=\"twitter:card\" content=\"summary_large_image\" \/>\n<meta name=\"twitter:creator\" content=\"@beatopeustaquio\" \/>\n<meta name=\"twitter:site\" content=\"@beatopeustaquio\" \/>\n<meta name=\"twitter:label1\" content=\"Escrito por\" \/>\n\t<meta name=\"twitter:data1\" content=\"@sscc\" \/>\n\t<meta name=\"twitter:label2\" content=\"Tiempo de lectura\" \/>\n\t<meta name=\"twitter:data2\" content=\"2 minutos\" \/>\n<script type=\"application\/ld+json\" class=\"yoast-schema-graph\">{\"@context\":\"https:\/\/schema.org\",\"@graph\":[{\"@type\":\"Article\",\"@id\":\"https:\/\/www.padreeustaquio.com.br\/inscricoes-abertas-para-a-infancia-e-adolescencia-missionaria-do-padre-eustaquio\/#article\",\"isPartOf\":{\"@id\":\"https:\/\/www.padreeustaquio.com.br\/inscricoes-abertas-para-a-infancia-e-adolescencia-missionaria-do-padre-eustaquio\/\"},\"author\":{\"name\":\"@sscc\",\"@id\":\"https:\/\/www.padreeustaquio.com.br\/#\/schema\/person\/a2a51db1d00f1a7af0204a0f1ddb1566\"},\"headline\":\"Inscri\u00e7\u00f5es abertas para a Inf\u00e2ncia e Adolesc\u00eancia Mission\u00e1ria do Padre Eust\u00e1quio\",\"datePublished\":\"2023-03-17T09:25:00+00:00\",\"mainEntityOfPage\":{\"@id\":\"https:\/\/www.padreeustaquio.com.br\/inscricoes-abertas-para-a-infancia-e-adolescencia-missionaria-do-padre-eustaquio\/\"},\"wordCount\":306,\"commentCount\":0,\"publisher\":{\"@id\":\"https:\/\/www.padreeustaquio.com.br\/#organization\"},\"image\":{\"@id\":\"https:\/\/www.padreeustaquio.com.br\/inscricoes-abertas-para-a-infancia-e-adolescencia-missionaria-do-padre-eustaquio\/#primaryimage\"},\"thumbnailUrl\":\"https:\/\/www.padreeustaquio.com.br\/wp-content\/uploads\/2023\/03\/iam-vale-este.jpeg\",\"articleSection\":[\"Not\u00edcias\"],\"inLanguage\":\"es\",\"potentialAction\":[{\"@type\":\"CommentAction\",\"name\":\"Comment\",\"target\":[\"https:\/\/www.padreeustaquio.com.br\/inscricoes-abertas-para-a-infancia-e-adolescencia-missionaria-do-padre-eustaquio\/#respond\"]}]},{\"@type\":\"WebPage\",\"@id\":\"https:\/\/www.padreeustaquio.com.br\/inscricoes-abertas-para-a-infancia-e-adolescencia-missionaria-do-padre-eustaquio\/\",\"url\":\"https:\/\/www.padreeustaquio.com.br\/inscricoes-abertas-para-a-infancia-e-adolescencia-missionaria-do-padre-eustaquio\/\",\"name\":\"Inscri\u00e7\u00f5es abertas para a Inf\u00e2ncia e Adolesc\u00eancia Mission\u00e1ria do Padre Eust\u00e1quio\",\"isPartOf\":{\"@id\":\"https:\/\/www.padreeustaquio.com.br\/#website\"},\"primaryImageOfPage\":{\"@id\":\"https:\/\/www.padreeustaquio.com.br\/inscricoes-abertas-para-a-infancia-e-adolescencia-missionaria-do-padre-eustaquio\/#primaryimage\"},\"image\":{\"@id\":\"https:\/\/www.padreeustaquio.com.br\/inscricoes-abertas-para-a-infancia-e-adolescencia-missionaria-do-padre-eustaquio\/#primaryimage\"},\"thumbnailUrl\":\"https:\/\/www.padreeustaquio.com.br\/wp-content\/uploads\/2023\/03\/iam-vale-este.jpeg\",\"datePublished\":\"2023-03-17T09:25:00+00:00\",\"description\":\"A IAM, Inf\u00e2ncia e Adolesc\u00eancia Mission\u00e1ria, do Santu\u00e1rio da Sa\u00fade e da Paz, Igreja do Beato Padre Eust\u00e1quio est\u00e1 com inscri\u00e7\u00f5es abertas. Os interessados devem comparecer \u00e0 secretaria paroquial para se cadastrar. Podem participar crian\u00e7as e adolescentes at\u00e9 14 anos.\",\"breadcrumb\":{\"@id\":\"https:\/\/www.padreeustaquio.com.br\/inscricoes-abertas-para-a-infancia-e-adolescencia-missionaria-do-padre-eustaquio\/#breadcrumb\"},\"inLanguage\":\"es\",\"potentialAction\":[{\"@type\":\"ReadAction\",\"target\":[\"https:\/\/www.padreeustaquio.com.br\/inscricoes-abertas-para-a-infancia-e-adolescencia-missionaria-do-padre-eustaquio\/\"]}]},{\"@type\":\"ImageObject\",\"inLanguage\":\"es\",\"@id\":\"https:\/\/www.padreeustaquio.com.br\/inscricoes-abertas-para-a-infancia-e-adolescencia-missionaria-do-padre-eustaquio\/#primaryimage\",\"url\":\"https:\/\/www.padreeustaquio.com.br\/wp-content\/uploads\/2023\/03\/iam-vale-este.jpeg\",\"contentUrl\":\"https:\/\/www.padreeustaquio.com.br\/wp-content\/uploads\/2023\/03\/iam-vale-este.jpeg\",\"width\":1600,\"height\":1200},{\"@type\":\"BreadcrumbList\",\"@id\":\"https:\/\/www.padreeustaquio.com.br\/inscricoes-abertas-para-a-infancia-e-adolescencia-missionaria-do-padre-eustaquio\/#breadcrumb\",\"itemListElement\":[{\"@type\":\"ListItem\",\"position\":1,\"name\":\"In\u00edcio\",\"item\":\"https:\/\/www.padreeustaquio.com.br\/\"},{\"@type\":\"ListItem\",\"position\":2,\"name\":\"Inscri\u00e7\u00f5es abertas para a Inf\u00e2ncia e Adolesc\u00eancia Mission\u00e1ria do Padre Eust\u00e1quio\"}]},{\"@type\":\"WebSite\",\"@id\":\"https:\/\/www.padreeustaquio.com.br\/#website\",\"url\":\"https:\/\/www.padreeustaquio.com.br\/\",\"name\":\"Padre Eust\u00e1quio\",\"description\":\"Sa\u00fade e Paz\",\"publisher\":{\"@id\":\"https:\/\/www.padreeustaquio.com.br\/#organization\"},\"potentialAction\":[{\"@type\":\"SearchAction\",\"target\":{\"@type\":\"EntryPoint\",\"urlTemplate\":\"https:\/\/www.padreeustaquio.com.br\/?s={search_term_string}\"},\"query-input\":{\"@type\":\"PropertyValueSpecification\",\"valueRequired\":true,\"valueName\":\"search_term_string\"}}],\"inLanguage\":\"es\"},{\"@type\":\"Organization\",\"@id\":\"https:\/\/www.padreeustaquio.com.br\/#organization\",\"name\":\"Padre Eust\u00e1quio\",\"url\":\"https:\/\/www.padreeustaquio.com.br\/\",\"logo\":{\"@type\":\"ImageObject\",\"inLanguage\":\"es\",\"@id\":\"https:\/\/www.padreeustaquio.com.br\/#\/schema\/logo\/image\/\",\"url\":\"https:\/\/www.padreeustaquio.com.br\/wp-content\/uploads\/2019\/08\/marca.png\",\"contentUrl\":\"https:\/\/www.padreeustaquio.com.br\/wp-content\/uploads\/2019\/08\/marca.png\",\"width\":350,\"height\":400,\"caption\":\"Padre Eust\u00e1quio\"},\"image\":{\"@id\":\"https:\/\/www.padreeustaquio.com.br\/#\/schema\/logo\/image\/\"},\"sameAs\":[\"https:\/\/www.facebook.com\/beatopadreeustaquio\/\",\"https:\/\/x.com\/beatopeustaquio\",\"https:\/\/www.instagram.com\/beatopadreeustaquio\/\",\"https:\/\/www.youtube.com\/channel\/UCRhw7vfabnajwLxb1ZXMeIw\"]},{\"@type\":\"Person\",\"@id\":\"https:\/\/www.padreeustaquio.com.br\/#\/schema\/person\/a2a51db1d00f1a7af0204a0f1ddb1566\",\"name\":\"@sscc\",\"image\":{\"@type\":\"ImageObject\",\"inLanguage\":\"es\",\"@id\":\"https:\/\/secure.gravatar.com\/avatar\/68cfafa5f44617fea54071e215026e0ff06be366c3d54a8425f04fdcb86f8c5f?s=96&d=mm&r=g\",\"url\":\"https:\/\/secure.gravatar.com\/avatar\/68cfafa5f44617fea54071e215026e0ff06be366c3d54a8425f04fdcb86f8c5f?s=96&d=mm&r=g\",\"contentUrl\":\"https:\/\/secure.gravatar.com\/avatar\/68cfafa5f44617fea54071e215026e0ff06be366c3d54a8425f04fdcb86f8c5f?s=96&d=mm&r=g\",\"caption\":\"@sscc\"},\"url\":\"https:\/\/www.padreeustaquio.com.br\/es\/author\/sscc\/\"}]}<\/script>\n<!-- \/ Yoast SEO plugin. -->","yoast_head_json":{"title":"Las inscripciones est\u00e1n abiertas para el programa de Infancia y Adolescencia Misionera del Padre Eust\u00e1quio.","description":"El grupo de Infancia y Adolescencia Misionera (IAM) del Santuario de Salud y Paz, Iglesia del Beato Padre Eustaquio, ya acepta inscripciones. Los interesados deben acudir a la secretar\u00eda parroquial para inscribirse. Pueden participar ni\u00f1os y adolescentes de hasta 14 a\u00f1os.","robots":{"index":"index","follow":"follow","max-snippet":"max-snippet:-1","max-image-preview":"max-image-preview:large","max-video-preview":"max-video-preview:-1"},"canonical":"https:\/\/www.padreeustaquio.com.br\/es\/inscripciones-abiertas-para-la-infancia-y-adolescencia-misionera-del-padre-eustaquio\/","og_locale":"es_ES","og_type":"article","og_title":"Inscri\u00e7\u00f5es abertas para a Inf\u00e2ncia e Adolesc\u00eancia Mission\u00e1ria do Padre Eust\u00e1quio","og_description":"A IAM, Inf\u00e2ncia e Adolesc\u00eancia Mission\u00e1ria, do Santu\u00e1rio da Sa\u00fade e da Paz, Igreja do Beato Padre Eust\u00e1quio est\u00e1 com inscri\u00e7\u00f5es abertas. Os interessados devem comparecer \u00e0 secretaria paroquial para se cadastrar. Podem participar crian\u00e7as e adolescentes at\u00e9 14 anos.","og_url":"https:\/\/www.padreeustaquio.com.br\/es\/inscripciones-abiertas-para-la-infancia-y-adolescencia-misionera-del-padre-eustaquio\/","og_site_name":"Padre Eust\u00e1quio","article_publisher":"https:\/\/www.facebook.com\/beatopadreeustaquio\/","article_published_time":"2023-03-17T09:25:00+00:00","og_image":[{"width":1600,"height":1200,"url":"https:\/\/www.padreeustaquio.com.br\/wp-content\/uploads\/2023\/03\/iam-vale-este.jpeg","type":"image\/jpeg"}],"author":"@sscc","twitter_card":"summary_large_image","twitter_creator":"@beatopeustaquio","twitter_site":"@beatopeustaquio","twitter_misc":{"Escrito por":"@sscc","Tiempo de lectura":"2 minutos"},"schema":{"@context":"https:\/\/schema.org","@graph":[{"@type":"Article","@id":"https:\/\/www.padreeustaquio.com.br\/inscricoes-abertas-para-a-infancia-e-adolescencia-missionaria-do-padre-eustaquio\/#article","isPartOf":{"@id":"https:\/\/www.padreeustaquio.com.br\/inscricoes-abertas-para-a-infancia-e-adolescencia-missionaria-do-padre-eustaquio\/"},"author":{"name":"@sscc","@id":"https:\/\/www.padreeustaquio.com.br\/#\/schema\/person\/a2a51db1d00f1a7af0204a0f1ddb1566"},"headline":"Inscri\u00e7\u00f5es abertas para a Inf\u00e2ncia e Adolesc\u00eancia Mission\u00e1ria do Padre Eust\u00e1quio","datePublished":"2023-03-17T09:25:00+00:00","mainEntityOfPage":{"@id":"https:\/\/www.padreeustaquio.com.br\/inscricoes-abertas-para-a-infancia-e-adolescencia-missionaria-do-padre-eustaquio\/"},"wordCount":306,"commentCount":0,"publisher":{"@id":"https:\/\/www.padreeustaquio.com.br\/#organization"},"image":{"@id":"https:\/\/www.padreeustaquio.com.br\/inscricoes-abertas-para-a-infancia-e-adolescencia-missionaria-do-padre-eustaquio\/#primaryimage"},"thumbnailUrl":"https:\/\/www.padreeustaquio.com.br\/wp-content\/uploads\/2023\/03\/iam-vale-este.jpeg","articleSection":["Not\u00edcias"],"inLanguage":"es","potentialAction":[{"@type":"CommentAction","name":"Comment","target":["https:\/\/www.padreeustaquio.com.br\/inscricoes-abertas-para-a-infancia-e-adolescencia-missionaria-do-padre-eustaquio\/#respond"]}]},{"@type":"WebPage","@id":"https:\/\/www.padreeustaquio.com.br\/inscricoes-abertas-para-a-infancia-e-adolescencia-missionaria-do-padre-eustaquio\/","url":"https:\/\/www.padreeustaquio.com.br\/inscricoes-abertas-para-a-infancia-e-adolescencia-missionaria-do-padre-eustaquio\/","name":"Las inscripciones est\u00e1n abiertas para el programa de Infancia y Adolescencia Misionera del Padre Eust\u00e1quio.","isPartOf":{"@id":"https:\/\/www.padreeustaquio.com.br\/#website"},"primaryImageOfPage":{"@id":"https:\/\/www.padreeustaquio.com.br\/inscricoes-abertas-para-a-infancia-e-adolescencia-missionaria-do-padre-eustaquio\/#primaryimage"},"image":{"@id":"https:\/\/www.padreeustaquio.com.br\/inscricoes-abertas-para-a-infancia-e-adolescencia-missionaria-do-padre-eustaquio\/#primaryimage"},"thumbnailUrl":"https:\/\/www.padreeustaquio.com.br\/wp-content\/uploads\/2023\/03\/iam-vale-este.jpeg","datePublished":"2023-03-17T09:25:00+00:00","description":"El grupo de Infancia y Adolescencia Misionera (IAM) del Santuario de Salud y Paz, Iglesia del Beato Padre Eustaquio, ya acepta inscripciones. Los interesados deben acudir a la secretar\u00eda parroquial para inscribirse. Pueden participar ni\u00f1os y adolescentes de hasta 14 a\u00f1os.","breadcrumb":{"@id":"https:\/\/www.padreeustaquio.com.br\/inscricoes-abertas-para-a-infancia-e-adolescencia-missionaria-do-padre-eustaquio\/#breadcrumb"},"inLanguage":"es","potentialAction":[{"@type":"ReadAction","target":["https:\/\/www.padreeustaquio.com.br\/inscricoes-abertas-para-a-infancia-e-adolescencia-missionaria-do-padre-eustaquio\/"]}]},{"@type":"ImageObject","inLanguage":"es","@id":"https:\/\/www.padreeustaquio.com.br\/inscricoes-abertas-para-a-infancia-e-adolescencia-missionaria-do-padre-eustaquio\/#primaryimage","url":"https:\/\/www.padreeustaquio.com.br\/wp-content\/uploads\/2023\/03\/iam-vale-este.jpeg","contentUrl":"https:\/\/www.padreeustaquio.com.br\/wp-content\/uploads\/2023\/03\/iam-vale-este.jpeg","width":1600,"height":1200},{"@type":"BreadcrumbList","@id":"https:\/\/www.padreeustaquio.com.br\/inscricoes-abertas-para-a-infancia-e-adolescencia-missionaria-do-padre-eustaquio\/#breadcrumb","itemListElement":[{"@type":"ListItem","position":1,"name":"In\u00edcio","item":"https:\/\/www.padreeustaquio.com.br\/"},{"@type":"ListItem","position":2,"name":"Inscri\u00e7\u00f5es abertas para a Inf\u00e2ncia e Adolesc\u00eancia Mission\u00e1ria do Padre Eust\u00e1quio"}]},{"@type":"WebSite","@id":"https:\/\/www.padreeustaquio.com.br\/#website","url":"https:\/\/www.padreeustaquio.com.br\/","name":"Padre Eustace","description":"Salud y Paz","publisher":{"@id":"https:\/\/www.padreeustaquio.com.br\/#organization"},"potentialAction":[{"@type":"SearchAction","target":{"@type":"EntryPoint","urlTemplate":"https:\/\/www.padreeustaquio.com.br\/?s={search_term_string}"},"query-input":{"@type":"PropertyValueSpecification","valueRequired":true,"valueName":"search_term_string"}}],"inLanguage":"es"},{"@type":"Organization","@id":"https:\/\/www.padreeustaquio.com.br\/#organization","name":"Padre Eustace","url":"https:\/\/www.padreeustaquio.com.br\/","logo":{"@type":"ImageObject","inLanguage":"es","@id":"https:\/\/www.padreeustaquio.com.br\/#\/schema\/logo\/image\/","url":"https:\/\/www.padreeustaquio.com.br\/wp-content\/uploads\/2019\/08\/marca.png","contentUrl":"https:\/\/www.padreeustaquio.com.br\/wp-content\/uploads\/2019\/08\/marca.png","width":350,"height":400,"caption":"Padre Eust\u00e1quio"},"image":{"@id":"https:\/\/www.padreeustaquio.com.br\/#\/schema\/logo\/image\/"},"sameAs":["https:\/\/www.facebook.com\/beatopadreeustaquio\/","https:\/\/x.com\/beatopeustaquio","https:\/\/www.instagram.com\/beatopadreeustaquio\/","https:\/\/www.youtube.com\/channel\/UCRhw7vfabnajwLxb1ZXMeIw"]},{"@type":"Person","@id":"https:\/\/www.padreeustaquio.com.br\/#\/schema\/person\/a2a51db1d00f1a7af0204a0f1ddb1566","name":"@sscc","image":{"@type":"ImageObject","inLanguage":"es","@id":"https:\/\/secure.gravatar.com\/avatar\/68cfafa5f44617fea54071e215026e0ff06be366c3d54a8425f04fdcb86f8c5f?s=96&d=mm&r=g","url":"https:\/\/secure.gravatar.com\/avatar\/68cfafa5f44617fea54071e215026e0ff06be366c3d54a8425f04fdcb86f8c5f?s=96&d=mm&r=g","contentUrl":"https:\/\/secure.gravatar.com\/avatar\/68cfafa5f44617fea54071e215026e0ff06be366c3d54a8425f04fdcb86f8c5f?s=96&d=mm&r=g","caption":"@sscc"},"url":"https:\/\/www.padreeustaquio.com.br\/es\/author\/sscc\/"}]}},"_links":{"self":[{"href":"https:\/\/www.padreeustaquio.com.br\/es\/wp-json\/wp\/v2\/posts\/10043","targetHints":{"allow":["GET"]}}],"collection":[{"href":"https:\/\/www.padreeustaquio.com.br\/es\/wp-json\/wp\/v2\/posts"}],"about":[{"href":"https:\/\/www.padreeustaquio.com.br\/es\/wp-json\/wp\/v2\/types\/post"}],"author":[{"embeddable":true,"href":"https:\/\/www.padreeustaquio.com.br\/es\/wp-json\/wp\/v2\/users\/2"}],"replies":[{"embeddable":true,"href":"https:\/\/www.padreeustaquio.com.br\/es\/wp-json\/wp\/v2\/comments?post=10043"}],"version-history":[{"count":0,"href":"https:\/\/www.padreeustaquio.com.br\/es\/wp-json\/wp\/v2\/posts\/10043\/revisions"}],"wp:featuredmedia":[{"embeddable":true,"href":"https:\/\/www.padreeustaquio.com.br\/es\/wp-json\/wp\/v2\/media\/10058"}],"wp:attachment":[{"href":"https:\/\/www.padreeustaquio.com.br\/es\/wp-json\/wp\/v2\/media?parent=10043"}],"wp:term":[{"taxonomy":"category","embeddable":true,"href":"https:\/\/www.padreeustaquio.com.br\/es\/wp-json\/wp\/v2\/categories?post=10043"},{"taxonomy":"post_tag","embeddable":true,"href":"https:\/\/www.padreeustaquio.com.br\/es\/wp-json\/wp\/v2\/tags?post=10043"}],"curies":[{"name":"wp","href":"https:\/\/api.w.org\/{rel}","templated":true}]}}