{"id":10034,"date":"2023-03-14T06:34:00","date_gmt":"2023-03-14T09:34:00","guid":{"rendered":"https:\/\/www.padreeustaquio.com.br\/?p=10034"},"modified":"2023-03-13T08:38:54","modified_gmt":"2023-03-13T11:38:54","slug":"el-via-crucis-con-meditaciones-del-padre-eustaquio-esta-disponible-en-la-tienda-del-santuario","status":"publish","type":"post","link":"https:\/\/www.padreeustaquio.com.br\/es\/el-via-crucis-con-meditaciones-del-padre-eustaquio-esta-disponible-en-la-tienda-del-santuario\/","title":{"rendered":"El V\u00eda Crucis con meditaciones del Padre Eust\u00e1quio est\u00e1 disponible en la tienda del Santuario."},"content":{"rendered":"<p>El V\u00eda Crucis, &quot;Ama, ora, haz penitencia&quot;, creado por el Secretariado Nacional para la Causa de Canonizaci\u00f3n del Padre Eust\u00e1quio y basado en escritos, oraciones, meditaciones y materiales dejados por el Beato, est\u00e1 disponible en la Tienda Padre Eust\u00e1quio.<\/p>\n\n\n\n<p>Esta es una manera de experimentar la espiritualidad de este per\u00edodo lit\u00fargico, reviviendo la Pasi\u00f3n de Cristo en 15 estaciones, comenzando con la condenaci\u00f3n y terminando con la Resurrecci\u00f3n de Jes\u00fas. Todo esto se basa en textos extra\u00eddos de los escritos y homil\u00edas del Padre Eust\u00e1quio.<\/p>\n\n\n\n<p><strong>V\u00eda Crucis en el Santuario y en el Canal del Padre Eust\u00e1quio<\/strong><\/p>\n\n\n\n<p>Durante la Cuaresma, todos los martes a las 18:00 h, el Santuario de la Salud y la Paz promueve la meditaci\u00f3n del V\u00eda Crucis en los pasillos de la iglesia. Sacerdotes, hermanos, postulantes y todo el pueblo de Dios se re\u00fanen alrededor de las im\u00e1genes del V\u00eda Crucis, repartidas por todo el templo, para orar, meditando el Evangelio bajo la mirada del Beato Padre Eustaquio. El servicio de oraci\u00f3n se transmite en directo por el Canal del Padre Eustaquio en YouTube.<\/p>\n\n\n\n<p>El V\u00eda Crucis es una de las formas de devoci\u00f3n m\u00e1s comunes durante la Cuaresma. Se basa en el viaje que Jes\u00fas realiz\u00f3 cargando la Santa Cruz hasta el Calvario.<\/p>\n\n\n\n<p>La tienda del Padre Eust\u00e1quio se encuentra junto al Santuario de la Salud y la Paz, Iglesia del Beato Padre Eust\u00e1quio. El n\u00famero de tel\u00e9fono es (31) 3567-0314.<\/p>\n\n\n\n<p><\/p>","protected":false},"excerpt":{"rendered":"<p>Est\u00e1 dispon\u00edvel na Loja do Padre Eust\u00e1quio a Via Sacra &#8220;Amai, rezai, fazei penit\u00eancia&#8221;, feita pelo Secretariado Nacional para Causa de Canoniza\u00e7\u00e3o do Padre Eust\u00e1quio, baseada em escritos, ora\u00e7\u00f5es, medita\u00e7\u00f5es e materiais deixados pelo Beato. Esta \u00e9 uma forma de viver a espiritualidade deste per\u00edodo lit\u00fargico, revivendo a Paix\u00e3o de Cristo em 15 esta\u00e7\u00f5es, come\u00e7ando com a condena\u00e7\u00e3o e indo at\u00e9 a Ressurrei\u00e7\u00e3o de Jesus. Tudo, a partir de textos extra\u00eddos de escritos e homilias de Padre Eust\u00e1quio. VIA SACRA NO SANTU\u00c1RIO E NO CANAL PADRE EUST\u00c1QUIO Durante a Quaresma, em todas as ter\u00e7as-feiras, \u00e0s 18h, o Santu\u00e1rio da Sa\u00fade [&hellip;]<\/p>\n","protected":false},"author":2,"featured_media":10035,"comment_status":"open","ping_status":"closed","sticky":false,"template":"","format":"standard","meta":{"_acf_changed":false,"footnotes":""},"categories":[611],"tags":[],"class_list":["post-10034","post","type-post","status-publish","format-standard","has-post-thumbnail","hentry","category-noticias"],"acf":[],"yoast_head":"<!-- This site is optimized with the Yoast SEO plugin v27.2 - https:\/\/yoast.com\/product\/yoast-seo-wordpress\/ -->\n<title>Via Sacra com medita\u00e7\u00f5es do Padre Eust\u00e1quio est\u00e1 dispon\u00edvel na loja do Santu\u00e1rio<\/title>\n<meta name=\"description\" content=\"Est\u00e1 dispon\u00edvel na Loja do Padre Eust\u00e1quio a Via Sacra &quot;Amai, rezai, fazei penit\u00eancia&quot;, feita pelo Secretariado Nacional para Causa de Canoniza\u00e7\u00e3o do Padre Eust\u00e1quio, baseada em escritos, ora\u00e7\u00f5es, medita\u00e7\u00f5es e materiais deixados pelo Beato.\" \/>\n<meta name=\"robots\" content=\"index, follow, max-snippet:-1, max-image-preview:large, max-video-preview:-1\" \/>\n<link rel=\"canonical\" href=\"https:\/\/www.padreeustaquio.com.br\/es\/el-via-crucis-con-meditaciones-del-padre-eustaquio-esta-disponible-en-la-tienda-del-santuario\/\" \/>\n<meta property=\"og:locale\" content=\"es_ES\" \/>\n<meta property=\"og:type\" content=\"article\" \/>\n<meta property=\"og:title\" content=\"Via Sacra com medita\u00e7\u00f5es do Padre Eust\u00e1quio est\u00e1 dispon\u00edvel na loja do Santu\u00e1rio\" \/>\n<meta property=\"og:description\" content=\"Est\u00e1 dispon\u00edvel na Loja do Padre Eust\u00e1quio a Via Sacra &quot;Amai, rezai, fazei penit\u00eancia&quot;, feita pelo Secretariado Nacional para Causa de Canoniza\u00e7\u00e3o do Padre Eust\u00e1quio, baseada em escritos, ora\u00e7\u00f5es, medita\u00e7\u00f5es e materiais deixados pelo Beato.\" \/>\n<meta property=\"og:url\" content=\"https:\/\/www.padreeustaquio.com.br\/es\/el-via-crucis-con-meditaciones-del-padre-eustaquio-esta-disponible-en-la-tienda-del-santuario\/\" \/>\n<meta property=\"og:site_name\" content=\"Padre Eust\u00e1quio\" \/>\n<meta property=\"article:publisher\" content=\"https:\/\/www.facebook.com\/beatopadreeustaquio\/\" \/>\n<meta property=\"article:published_time\" content=\"2023-03-14T09:34:00+00:00\" \/>\n<meta property=\"og:image\" content=\"https:\/\/www.padreeustaquio.com.br\/wp-content\/uploads\/2023\/03\/WhatsApp-Image-2023-03-07-at-10.35.41.jpeg\" \/>\n\t<meta property=\"og:image:width\" content=\"1600\" \/>\n\t<meta property=\"og:image:height\" content=\"719\" \/>\n\t<meta property=\"og:image:type\" content=\"image\/jpeg\" \/>\n<meta name=\"author\" content=\"@sscc\" \/>\n<meta name=\"twitter:card\" content=\"summary_large_image\" \/>\n<meta name=\"twitter:creator\" content=\"@beatopeustaquio\" \/>\n<meta name=\"twitter:site\" content=\"@beatopeustaquio\" \/>\n<meta name=\"twitter:label1\" content=\"Escrito por\" \/>\n\t<meta name=\"twitter:data1\" content=\"@sscc\" \/>\n\t<meta name=\"twitter:label2\" content=\"Tiempo de lectura\" \/>\n\t<meta name=\"twitter:data2\" content=\"1 minuto\" \/>\n<script type=\"application\/ld+json\" class=\"yoast-schema-graph\">{\"@context\":\"https:\/\/schema.org\",\"@graph\":[{\"@type\":\"Article\",\"@id\":\"https:\/\/www.padreeustaquio.com.br\/via-sacra-com-meditacoes-do-padre-eustaquio-esta-disponivel-na-loja-do-santuario\/#article\",\"isPartOf\":{\"@id\":\"https:\/\/www.padreeustaquio.com.br\/via-sacra-com-meditacoes-do-padre-eustaquio-esta-disponivel-na-loja-do-santuario\/\"},\"author\":{\"name\":\"@sscc\",\"@id\":\"https:\/\/www.padreeustaquio.com.br\/#\/schema\/person\/a2a51db1d00f1a7af0204a0f1ddb1566\"},\"headline\":\"Via Sacra com medita\u00e7\u00f5es do Padre Eust\u00e1quio est\u00e1 dispon\u00edvel na loja do Santu\u00e1rio\",\"datePublished\":\"2023-03-14T09:34:00+00:00\",\"mainEntityOfPage\":{\"@id\":\"https:\/\/www.padreeustaquio.com.br\/via-sacra-com-meditacoes-do-padre-eustaquio-esta-disponivel-na-loja-do-santuario\/\"},\"wordCount\":263,\"commentCount\":0,\"publisher\":{\"@id\":\"https:\/\/www.padreeustaquio.com.br\/#organization\"},\"image\":{\"@id\":\"https:\/\/www.padreeustaquio.com.br\/via-sacra-com-meditacoes-do-padre-eustaquio-esta-disponivel-na-loja-do-santuario\/#primaryimage\"},\"thumbnailUrl\":\"https:\/\/www.padreeustaquio.com.br\/wp-content\/uploads\/2023\/03\/WhatsApp-Image-2023-03-07-at-10.35.41.jpeg\",\"articleSection\":[\"Not\u00edcias\"],\"inLanguage\":\"es\",\"potentialAction\":[{\"@type\":\"CommentAction\",\"name\":\"Comment\",\"target\":[\"https:\/\/www.padreeustaquio.com.br\/via-sacra-com-meditacoes-do-padre-eustaquio-esta-disponivel-na-loja-do-santuario\/#respond\"]}]},{\"@type\":\"WebPage\",\"@id\":\"https:\/\/www.padreeustaquio.com.br\/via-sacra-com-meditacoes-do-padre-eustaquio-esta-disponivel-na-loja-do-santuario\/\",\"url\":\"https:\/\/www.padreeustaquio.com.br\/via-sacra-com-meditacoes-do-padre-eustaquio-esta-disponivel-na-loja-do-santuario\/\",\"name\":\"Via Sacra com medita\u00e7\u00f5es do Padre Eust\u00e1quio est\u00e1 dispon\u00edvel na loja do Santu\u00e1rio\",\"isPartOf\":{\"@id\":\"https:\/\/www.padreeustaquio.com.br\/#website\"},\"primaryImageOfPage\":{\"@id\":\"https:\/\/www.padreeustaquio.com.br\/via-sacra-com-meditacoes-do-padre-eustaquio-esta-disponivel-na-loja-do-santuario\/#primaryimage\"},\"image\":{\"@id\":\"https:\/\/www.padreeustaquio.com.br\/via-sacra-com-meditacoes-do-padre-eustaquio-esta-disponivel-na-loja-do-santuario\/#primaryimage\"},\"thumbnailUrl\":\"https:\/\/www.padreeustaquio.com.br\/wp-content\/uploads\/2023\/03\/WhatsApp-Image-2023-03-07-at-10.35.41.jpeg\",\"datePublished\":\"2023-03-14T09:34:00+00:00\",\"description\":\"Est\u00e1 dispon\u00edvel na Loja do Padre Eust\u00e1quio a Via Sacra \\\"Amai, rezai, fazei penit\u00eancia\\\", feita pelo Secretariado Nacional para Causa de Canoniza\u00e7\u00e3o do Padre Eust\u00e1quio, baseada em escritos, ora\u00e7\u00f5es, medita\u00e7\u00f5es e materiais deixados pelo Beato.\",\"breadcrumb\":{\"@id\":\"https:\/\/www.padreeustaquio.com.br\/via-sacra-com-meditacoes-do-padre-eustaquio-esta-disponivel-na-loja-do-santuario\/#breadcrumb\"},\"inLanguage\":\"es\",\"potentialAction\":[{\"@type\":\"ReadAction\",\"target\":[\"https:\/\/www.padreeustaquio.com.br\/via-sacra-com-meditacoes-do-padre-eustaquio-esta-disponivel-na-loja-do-santuario\/\"]}]},{\"@type\":\"ImageObject\",\"inLanguage\":\"es\",\"@id\":\"https:\/\/www.padreeustaquio.com.br\/via-sacra-com-meditacoes-do-padre-eustaquio-esta-disponivel-na-loja-do-santuario\/#primaryimage\",\"url\":\"https:\/\/www.padreeustaquio.com.br\/wp-content\/uploads\/2023\/03\/WhatsApp-Image-2023-03-07-at-10.35.41.jpeg\",\"contentUrl\":\"https:\/\/www.padreeustaquio.com.br\/wp-content\/uploads\/2023\/03\/WhatsApp-Image-2023-03-07-at-10.35.41.jpeg\",\"width\":1600,\"height\":719},{\"@type\":\"BreadcrumbList\",\"@id\":\"https:\/\/www.padreeustaquio.com.br\/via-sacra-com-meditacoes-do-padre-eustaquio-esta-disponivel-na-loja-do-santuario\/#breadcrumb\",\"itemListElement\":[{\"@type\":\"ListItem\",\"position\":1,\"name\":\"In\u00edcio\",\"item\":\"https:\/\/www.padreeustaquio.com.br\/\"},{\"@type\":\"ListItem\",\"position\":2,\"name\":\"Via Sacra com medita\u00e7\u00f5es do Padre Eust\u00e1quio est\u00e1 dispon\u00edvel na loja do Santu\u00e1rio\"}]},{\"@type\":\"WebSite\",\"@id\":\"https:\/\/www.padreeustaquio.com.br\/#website\",\"url\":\"https:\/\/www.padreeustaquio.com.br\/\",\"name\":\"Padre Eust\u00e1quio\",\"description\":\"Sa\u00fade e Paz\",\"publisher\":{\"@id\":\"https:\/\/www.padreeustaquio.com.br\/#organization\"},\"potentialAction\":[{\"@type\":\"SearchAction\",\"target\":{\"@type\":\"EntryPoint\",\"urlTemplate\":\"https:\/\/www.padreeustaquio.com.br\/?s={search_term_string}\"},\"query-input\":{\"@type\":\"PropertyValueSpecification\",\"valueRequired\":true,\"valueName\":\"search_term_string\"}}],\"inLanguage\":\"es\"},{\"@type\":\"Organization\",\"@id\":\"https:\/\/www.padreeustaquio.com.br\/#organization\",\"name\":\"Padre Eust\u00e1quio\",\"url\":\"https:\/\/www.padreeustaquio.com.br\/\",\"logo\":{\"@type\":\"ImageObject\",\"inLanguage\":\"es\",\"@id\":\"https:\/\/www.padreeustaquio.com.br\/#\/schema\/logo\/image\/\",\"url\":\"https:\/\/www.padreeustaquio.com.br\/wp-content\/uploads\/2019\/08\/marca.png\",\"contentUrl\":\"https:\/\/www.padreeustaquio.com.br\/wp-content\/uploads\/2019\/08\/marca.png\",\"width\":350,\"height\":400,\"caption\":\"Padre Eust\u00e1quio\"},\"image\":{\"@id\":\"https:\/\/www.padreeustaquio.com.br\/#\/schema\/logo\/image\/\"},\"sameAs\":[\"https:\/\/www.facebook.com\/beatopadreeustaquio\/\",\"https:\/\/x.com\/beatopeustaquio\",\"https:\/\/www.instagram.com\/beatopadreeustaquio\/\",\"https:\/\/www.youtube.com\/channel\/UCRhw7vfabnajwLxb1ZXMeIw\"]},{\"@type\":\"Person\",\"@id\":\"https:\/\/www.padreeustaquio.com.br\/#\/schema\/person\/a2a51db1d00f1a7af0204a0f1ddb1566\",\"name\":\"@sscc\",\"image\":{\"@type\":\"ImageObject\",\"inLanguage\":\"es\",\"@id\":\"https:\/\/secure.gravatar.com\/avatar\/68cfafa5f44617fea54071e215026e0ff06be366c3d54a8425f04fdcb86f8c5f?s=96&d=mm&r=g\",\"url\":\"https:\/\/secure.gravatar.com\/avatar\/68cfafa5f44617fea54071e215026e0ff06be366c3d54a8425f04fdcb86f8c5f?s=96&d=mm&r=g\",\"contentUrl\":\"https:\/\/secure.gravatar.com\/avatar\/68cfafa5f44617fea54071e215026e0ff06be366c3d54a8425f04fdcb86f8c5f?s=96&d=mm&r=g\",\"caption\":\"@sscc\"},\"url\":\"https:\/\/www.padreeustaquio.com.br\/es\/author\/sscc\/\"}]}<\/script>\n<!-- \/ Yoast SEO plugin. -->","yoast_head_json":{"title":"El V\u00eda Crucis con meditaciones del Padre Eust\u00e1quio est\u00e1 disponible en la tienda del Santuario.","description":"El V\u00eda Crucis \"Ama, ora, haz penitencia\", elaborado por el Secretariado Nacional para la Causa de Canonizaci\u00f3n del Padre Eust\u00e1quio, con base en escritos, oraciones, meditaciones y materiales dejados por el Beato, est\u00e1 disponible en la Tienda Padre Eust\u00e1quio.","robots":{"index":"index","follow":"follow","max-snippet":"max-snippet:-1","max-image-preview":"max-image-preview:large","max-video-preview":"max-video-preview:-1"},"canonical":"https:\/\/www.padreeustaquio.com.br\/es\/el-via-crucis-con-meditaciones-del-padre-eustaquio-esta-disponible-en-la-tienda-del-santuario\/","og_locale":"es_ES","og_type":"article","og_title":"Via Sacra com medita\u00e7\u00f5es do Padre Eust\u00e1quio est\u00e1 dispon\u00edvel na loja do Santu\u00e1rio","og_description":"Est\u00e1 dispon\u00edvel na Loja do Padre Eust\u00e1quio a Via Sacra \"Amai, rezai, fazei penit\u00eancia\", feita pelo Secretariado Nacional para Causa de Canoniza\u00e7\u00e3o do Padre Eust\u00e1quio, baseada em escritos, ora\u00e7\u00f5es, medita\u00e7\u00f5es e materiais deixados pelo Beato.","og_url":"https:\/\/www.padreeustaquio.com.br\/es\/el-via-crucis-con-meditaciones-del-padre-eustaquio-esta-disponible-en-la-tienda-del-santuario\/","og_site_name":"Padre Eust\u00e1quio","article_publisher":"https:\/\/www.facebook.com\/beatopadreeustaquio\/","article_published_time":"2023-03-14T09:34:00+00:00","og_image":[{"width":1600,"height":719,"url":"https:\/\/www.padreeustaquio.com.br\/wp-content\/uploads\/2023\/03\/WhatsApp-Image-2023-03-07-at-10.35.41.jpeg","type":"image\/jpeg"}],"author":"@sscc","twitter_card":"summary_large_image","twitter_creator":"@beatopeustaquio","twitter_site":"@beatopeustaquio","twitter_misc":{"Escrito por":"@sscc","Tiempo de lectura":"1 minuto"},"schema":{"@context":"https:\/\/schema.org","@graph":[{"@type":"Article","@id":"https:\/\/www.padreeustaquio.com.br\/via-sacra-com-meditacoes-do-padre-eustaquio-esta-disponivel-na-loja-do-santuario\/#article","isPartOf":{"@id":"https:\/\/www.padreeustaquio.com.br\/via-sacra-com-meditacoes-do-padre-eustaquio-esta-disponivel-na-loja-do-santuario\/"},"author":{"name":"@sscc","@id":"https:\/\/www.padreeustaquio.com.br\/#\/schema\/person\/a2a51db1d00f1a7af0204a0f1ddb1566"},"headline":"Via Sacra com medita\u00e7\u00f5es do Padre Eust\u00e1quio est\u00e1 dispon\u00edvel na loja do Santu\u00e1rio","datePublished":"2023-03-14T09:34:00+00:00","mainEntityOfPage":{"@id":"https:\/\/www.padreeustaquio.com.br\/via-sacra-com-meditacoes-do-padre-eustaquio-esta-disponivel-na-loja-do-santuario\/"},"wordCount":263,"commentCount":0,"publisher":{"@id":"https:\/\/www.padreeustaquio.com.br\/#organization"},"image":{"@id":"https:\/\/www.padreeustaquio.com.br\/via-sacra-com-meditacoes-do-padre-eustaquio-esta-disponivel-na-loja-do-santuario\/#primaryimage"},"thumbnailUrl":"https:\/\/www.padreeustaquio.com.br\/wp-content\/uploads\/2023\/03\/WhatsApp-Image-2023-03-07-at-10.35.41.jpeg","articleSection":["Not\u00edcias"],"inLanguage":"es","potentialAction":[{"@type":"CommentAction","name":"Comment","target":["https:\/\/www.padreeustaquio.com.br\/via-sacra-com-meditacoes-do-padre-eustaquio-esta-disponivel-na-loja-do-santuario\/#respond"]}]},{"@type":"WebPage","@id":"https:\/\/www.padreeustaquio.com.br\/via-sacra-com-meditacoes-do-padre-eustaquio-esta-disponivel-na-loja-do-santuario\/","url":"https:\/\/www.padreeustaquio.com.br\/via-sacra-com-meditacoes-do-padre-eustaquio-esta-disponivel-na-loja-do-santuario\/","name":"El V\u00eda Crucis con meditaciones del Padre Eust\u00e1quio est\u00e1 disponible en la tienda del Santuario.","isPartOf":{"@id":"https:\/\/www.padreeustaquio.com.br\/#website"},"primaryImageOfPage":{"@id":"https:\/\/www.padreeustaquio.com.br\/via-sacra-com-meditacoes-do-padre-eustaquio-esta-disponivel-na-loja-do-santuario\/#primaryimage"},"image":{"@id":"https:\/\/www.padreeustaquio.com.br\/via-sacra-com-meditacoes-do-padre-eustaquio-esta-disponivel-na-loja-do-santuario\/#primaryimage"},"thumbnailUrl":"https:\/\/www.padreeustaquio.com.br\/wp-content\/uploads\/2023\/03\/WhatsApp-Image-2023-03-07-at-10.35.41.jpeg","datePublished":"2023-03-14T09:34:00+00:00","description":"El V\u00eda Crucis \"Ama, ora, haz penitencia\", elaborado por el Secretariado Nacional para la Causa de Canonizaci\u00f3n del Padre Eust\u00e1quio, con base en escritos, oraciones, meditaciones y materiales dejados por el Beato, est\u00e1 disponible en la Tienda Padre Eust\u00e1quio.","breadcrumb":{"@id":"https:\/\/www.padreeustaquio.com.br\/via-sacra-com-meditacoes-do-padre-eustaquio-esta-disponivel-na-loja-do-santuario\/#breadcrumb"},"inLanguage":"es","potentialAction":[{"@type":"ReadAction","target":["https:\/\/www.padreeustaquio.com.br\/via-sacra-com-meditacoes-do-padre-eustaquio-esta-disponivel-na-loja-do-santuario\/"]}]},{"@type":"ImageObject","inLanguage":"es","@id":"https:\/\/www.padreeustaquio.com.br\/via-sacra-com-meditacoes-do-padre-eustaquio-esta-disponivel-na-loja-do-santuario\/#primaryimage","url":"https:\/\/www.padreeustaquio.com.br\/wp-content\/uploads\/2023\/03\/WhatsApp-Image-2023-03-07-at-10.35.41.jpeg","contentUrl":"https:\/\/www.padreeustaquio.com.br\/wp-content\/uploads\/2023\/03\/WhatsApp-Image-2023-03-07-at-10.35.41.jpeg","width":1600,"height":719},{"@type":"BreadcrumbList","@id":"https:\/\/www.padreeustaquio.com.br\/via-sacra-com-meditacoes-do-padre-eustaquio-esta-disponivel-na-loja-do-santuario\/#breadcrumb","itemListElement":[{"@type":"ListItem","position":1,"name":"In\u00edcio","item":"https:\/\/www.padreeustaquio.com.br\/"},{"@type":"ListItem","position":2,"name":"Via Sacra com medita\u00e7\u00f5es do Padre Eust\u00e1quio est\u00e1 dispon\u00edvel na loja do Santu\u00e1rio"}]},{"@type":"WebSite","@id":"https:\/\/www.padreeustaquio.com.br\/#website","url":"https:\/\/www.padreeustaquio.com.br\/","name":"Padre Eustace","description":"Salud y Paz","publisher":{"@id":"https:\/\/www.padreeustaquio.com.br\/#organization"},"potentialAction":[{"@type":"SearchAction","target":{"@type":"EntryPoint","urlTemplate":"https:\/\/www.padreeustaquio.com.br\/?s={search_term_string}"},"query-input":{"@type":"PropertyValueSpecification","valueRequired":true,"valueName":"search_term_string"}}],"inLanguage":"es"},{"@type":"Organization","@id":"https:\/\/www.padreeustaquio.com.br\/#organization","name":"Padre Eustace","url":"https:\/\/www.padreeustaquio.com.br\/","logo":{"@type":"ImageObject","inLanguage":"es","@id":"https:\/\/www.padreeustaquio.com.br\/#\/schema\/logo\/image\/","url":"https:\/\/www.padreeustaquio.com.br\/wp-content\/uploads\/2019\/08\/marca.png","contentUrl":"https:\/\/www.padreeustaquio.com.br\/wp-content\/uploads\/2019\/08\/marca.png","width":350,"height":400,"caption":"Padre Eust\u00e1quio"},"image":{"@id":"https:\/\/www.padreeustaquio.com.br\/#\/schema\/logo\/image\/"},"sameAs":["https:\/\/www.facebook.com\/beatopadreeustaquio\/","https:\/\/x.com\/beatopeustaquio","https:\/\/www.instagram.com\/beatopadreeustaquio\/","https:\/\/www.youtube.com\/channel\/UCRhw7vfabnajwLxb1ZXMeIw"]},{"@type":"Person","@id":"https:\/\/www.padreeustaquio.com.br\/#\/schema\/person\/a2a51db1d00f1a7af0204a0f1ddb1566","name":"@sscc","image":{"@type":"ImageObject","inLanguage":"es","@id":"https:\/\/secure.gravatar.com\/avatar\/68cfafa5f44617fea54071e215026e0ff06be366c3d54a8425f04fdcb86f8c5f?s=96&d=mm&r=g","url":"https:\/\/secure.gravatar.com\/avatar\/68cfafa5f44617fea54071e215026e0ff06be366c3d54a8425f04fdcb86f8c5f?s=96&d=mm&r=g","contentUrl":"https:\/\/secure.gravatar.com\/avatar\/68cfafa5f44617fea54071e215026e0ff06be366c3d54a8425f04fdcb86f8c5f?s=96&d=mm&r=g","caption":"@sscc"},"url":"https:\/\/www.padreeustaquio.com.br\/es\/author\/sscc\/"}]}},"_links":{"self":[{"href":"https:\/\/www.padreeustaquio.com.br\/es\/wp-json\/wp\/v2\/posts\/10034","targetHints":{"allow":["GET"]}}],"collection":[{"href":"https:\/\/www.padreeustaquio.com.br\/es\/wp-json\/wp\/v2\/posts"}],"about":[{"href":"https:\/\/www.padreeustaquio.com.br\/es\/wp-json\/wp\/v2\/types\/post"}],"author":[{"embeddable":true,"href":"https:\/\/www.padreeustaquio.com.br\/es\/wp-json\/wp\/v2\/users\/2"}],"replies":[{"embeddable":true,"href":"https:\/\/www.padreeustaquio.com.br\/es\/wp-json\/wp\/v2\/comments?post=10034"}],"version-history":[{"count":0,"href":"https:\/\/www.padreeustaquio.com.br\/es\/wp-json\/wp\/v2\/posts\/10034\/revisions"}],"wp:featuredmedia":[{"embeddable":true,"href":"https:\/\/www.padreeustaquio.com.br\/es\/wp-json\/wp\/v2\/media\/10035"}],"wp:attachment":[{"href":"https:\/\/www.padreeustaquio.com.br\/es\/wp-json\/wp\/v2\/media?parent=10034"}],"wp:term":[{"taxonomy":"category","embeddable":true,"href":"https:\/\/www.padreeustaquio.com.br\/es\/wp-json\/wp\/v2\/categories?post=10034"},{"taxonomy":"post_tag","embeddable":true,"href":"https:\/\/www.padreeustaquio.com.br\/es\/wp-json\/wp\/v2\/tags?post=10034"}],"curies":[{"name":"wp","href":"https:\/\/api.w.org\/{rel}","templated":true}]}}