{"id":10027,"date":"2023-03-13T08:25:11","date_gmt":"2023-03-13T11:25:11","guid":{"rendered":"https:\/\/www.padreeustaquio.com.br\/?p=10027"},"modified":"2023-03-13T08:25:12","modified_gmt":"2023-03-13T11:25:12","slug":"el-santuario-de-salud-y-paz-realizara-una-campana-de-confesiones-la-proxima-semana","status":"publish","type":"post","link":"https:\/\/www.padreeustaquio.com.br\/es\/el-santuario-de-salud-y-paz-realizara-una-campana-de-confesiones-la-proxima-semana\/","title":{"rendered":"El Santuario de Salud y Paz realizar\u00e1 la pr\u00f3xima semana un marat\u00f3n de confesiones."},"content":{"rendered":"<p>Para nosotros, los cristianos, la Pascua es un tiempo de renovaci\u00f3n y conversi\u00f3n. Vivimos la Cuaresma prepar\u00e1ndonos para la pasi\u00f3n, muerte y resurrecci\u00f3n de Jes\u00fas, dedic\u00e1ndonos con mayor diligencia al ayuno, la oraci\u00f3n y la penitencia. Pero una preparaci\u00f3n m\u00e1s completa requiere el sacramento de la confesi\u00f3n.<\/p>\n\n\n\n<p>La Iglesia Cat\u00f3lica nos pide confesarnos al menos una vez al a\u00f1o, y para que m\u00e1s personas puedan prepararse para la Pascua siendo absueltas de sus pecados, el Santuario de Salud y Paz, Iglesia del Beato Padre Eustaquio, llevar\u00e1 a cabo una campa\u00f1a de confesiones.<\/p>\n\n\n\n<p>El esfuerzo comunitario se llevar\u00e1 a cabo en <strong>Mi\u00e9rcoles 22 de marzo<\/strong>, en tres momentos diferentes:<br>de <strong>8:30 a. m. a 10:00 a. m.<\/strong>, de <strong>De 14:30 a 16:00 horas<\/strong> y de<strong> De 19:30 a 21:00 horas<\/strong>.<\/p>\n\n\n\n<p>Es importante recordar que el marat\u00f3n de oraci\u00f3n estaba programado originalmente para el 23, seg\u00fan el volante distribuido en la iglesia, pero fue necesario cambiar la fecha, y la nueva ser\u00e1 el mi\u00e9rcoles 22 de marzo. Todos los feligreses est\u00e1n invitados a participar. La confesi\u00f3n es una oportunidad que Dios nos da para arrepentirnos de nuestros pecados y comenzar de nuevo el camino del Se\u00f1or.<\/p>\n\n\n\n<p><\/p>","protected":false},"excerpt":{"rendered":"<p>A P\u00e1scoa \u00e9 pra n\u00f3s, crist\u00e3os, tempo de renova\u00e7\u00e3o e convers\u00e3o. Estamos vivendo o per\u00edodo da Quaresma em prepara\u00e7\u00e3o para a paix\u00e3o, morte e ressurrei\u00e7\u00e3o de Jesus, dedicando-nos com maior afinco ao jejum, a ora\u00e7\u00e3o e a penit\u00eancia. Mas, uma prepara\u00e7\u00e3o mais completa nos pede o sacramento da confiss\u00e3o. A Igreja cat\u00f3lica nos pede que confessemos pelo menos uma vez ao ano, e para que mais pessoas possam se preparar para a p\u00e1scoa, sendo absolvido de seus pecados, o Santu\u00e1rio da Sa\u00fade e da Paz, Igreja do Beato Padre Eust\u00e1quio, ir\u00e1 realizar um mutir\u00e3o de confiss\u00f5es. O mutir\u00e3o ser\u00e1 realizado [&hellip;]<\/p>\n","protected":false},"author":2,"featured_media":10028,"comment_status":"open","ping_status":"closed","sticky":false,"template":"","format":"standard","meta":{"_acf_changed":false,"footnotes":""},"categories":[611],"tags":[],"class_list":["post-10027","post","type-post","status-publish","format-standard","has-post-thumbnail","hentry","category-noticias"],"acf":[],"yoast_head":"<!-- This site is optimized with the Yoast SEO plugin v27.2 - https:\/\/yoast.com\/product\/yoast-seo-wordpress\/ -->\n<title>Santu\u00e1rio da Sa\u00fade e da Paz realizar\u00e1 mutir\u00e3o de confiss\u00f5es na pr\u00f3xima semana<\/title>\n<meta name=\"description\" content=\"A Igreja cat\u00f3lica nos pede que confessemos pelo menos uma vez ao ano, e para que mais pessoas possam se preparar para a p\u00e1scoa, sendo absolvido de seus pecados, o Santu\u00e1rio da Sa\u00fade e da Paz, Igreja do Beato Padre Eust\u00e1quio, ir\u00e1 realizar um mutir\u00e3o de confiss\u00f5es.\" \/>\n<meta name=\"robots\" content=\"index, follow, max-snippet:-1, max-image-preview:large, max-video-preview:-1\" \/>\n<link rel=\"canonical\" href=\"https:\/\/www.padreeustaquio.com.br\/es\/el-santuario-de-salud-y-paz-realizara-una-campana-de-confesiones-la-proxima-semana\/\" \/>\n<meta property=\"og:locale\" content=\"es_ES\" \/>\n<meta property=\"og:type\" content=\"article\" \/>\n<meta property=\"og:title\" content=\"Santu\u00e1rio da Sa\u00fade e da Paz realizar\u00e1 mutir\u00e3o de confiss\u00f5es na pr\u00f3xima semana\" \/>\n<meta property=\"og:description\" content=\"A Igreja cat\u00f3lica nos pede que confessemos pelo menos uma vez ao ano, e para que mais pessoas possam se preparar para a p\u00e1scoa, sendo absolvido de seus pecados, o Santu\u00e1rio da Sa\u00fade e da Paz, Igreja do Beato Padre Eust\u00e1quio, ir\u00e1 realizar um mutir\u00e3o de confiss\u00f5es.\" \/>\n<meta property=\"og:url\" content=\"https:\/\/www.padreeustaquio.com.br\/es\/el-santuario-de-salud-y-paz-realizara-una-campana-de-confesiones-la-proxima-semana\/\" \/>\n<meta property=\"og:site_name\" content=\"Padre Eust\u00e1quio\" \/>\n<meta property=\"article:publisher\" content=\"https:\/\/www.facebook.com\/beatopadreeustaquio\/\" \/>\n<meta property=\"article:published_time\" content=\"2023-03-13T11:25:11+00:00\" \/>\n<meta property=\"article:modified_time\" content=\"2023-03-13T11:25:12+00:00\" \/>\n<meta property=\"og:image\" content=\"https:\/\/www.padreeustaquio.com.br\/wp-content\/uploads\/2023\/03\/confissoes.jpeg\" \/>\n\t<meta property=\"og:image:width\" content=\"1000\" \/>\n\t<meta property=\"og:image:height\" content=\"666\" \/>\n\t<meta property=\"og:image:type\" content=\"image\/jpeg\" \/>\n<meta name=\"author\" content=\"@sscc\" \/>\n<meta name=\"twitter:card\" content=\"summary_large_image\" \/>\n<meta name=\"twitter:creator\" content=\"@beatopeustaquio\" \/>\n<meta name=\"twitter:site\" content=\"@beatopeustaquio\" \/>\n<meta name=\"twitter:label1\" content=\"Escrito por\" \/>\n\t<meta name=\"twitter:data1\" content=\"@sscc\" \/>\n\t<meta name=\"twitter:label2\" content=\"Tiempo de lectura\" \/>\n\t<meta name=\"twitter:data2\" content=\"1 minuto\" \/>\n<script type=\"application\/ld+json\" class=\"yoast-schema-graph\">{\"@context\":\"https:\/\/schema.org\",\"@graph\":[{\"@type\":\"Article\",\"@id\":\"https:\/\/www.padreeustaquio.com.br\/santuario-da-saude-e-da-paz-realizara-mutirao-de-confissoes-na-proxima-semana\/#article\",\"isPartOf\":{\"@id\":\"https:\/\/www.padreeustaquio.com.br\/santuario-da-saude-e-da-paz-realizara-mutirao-de-confissoes-na-proxima-semana\/\"},\"author\":{\"name\":\"@sscc\",\"@id\":\"https:\/\/www.padreeustaquio.com.br\/#\/schema\/person\/a2a51db1d00f1a7af0204a0f1ddb1566\"},\"headline\":\"Santu\u00e1rio da Sa\u00fade e da Paz realizar\u00e1 mutir\u00e3o de confiss\u00f5es na pr\u00f3xima semana\",\"datePublished\":\"2023-03-13T11:25:11+00:00\",\"dateModified\":\"2023-03-13T11:25:12+00:00\",\"mainEntityOfPage\":{\"@id\":\"https:\/\/www.padreeustaquio.com.br\/santuario-da-saude-e-da-paz-realizara-mutirao-de-confissoes-na-proxima-semana\/\"},\"wordCount\":230,\"commentCount\":0,\"publisher\":{\"@id\":\"https:\/\/www.padreeustaquio.com.br\/#organization\"},\"image\":{\"@id\":\"https:\/\/www.padreeustaquio.com.br\/santuario-da-saude-e-da-paz-realizara-mutirao-de-confissoes-na-proxima-semana\/#primaryimage\"},\"thumbnailUrl\":\"https:\/\/www.padreeustaquio.com.br\/wp-content\/uploads\/2023\/03\/confissoes.jpeg\",\"articleSection\":[\"Not\u00edcias\"],\"inLanguage\":\"es\",\"potentialAction\":[{\"@type\":\"CommentAction\",\"name\":\"Comment\",\"target\":[\"https:\/\/www.padreeustaquio.com.br\/santuario-da-saude-e-da-paz-realizara-mutirao-de-confissoes-na-proxima-semana\/#respond\"]}]},{\"@type\":\"WebPage\",\"@id\":\"https:\/\/www.padreeustaquio.com.br\/santuario-da-saude-e-da-paz-realizara-mutirao-de-confissoes-na-proxima-semana\/\",\"url\":\"https:\/\/www.padreeustaquio.com.br\/santuario-da-saude-e-da-paz-realizara-mutirao-de-confissoes-na-proxima-semana\/\",\"name\":\"Santu\u00e1rio da Sa\u00fade e da Paz realizar\u00e1 mutir\u00e3o de confiss\u00f5es na pr\u00f3xima semana\",\"isPartOf\":{\"@id\":\"https:\/\/www.padreeustaquio.com.br\/#website\"},\"primaryImageOfPage\":{\"@id\":\"https:\/\/www.padreeustaquio.com.br\/santuario-da-saude-e-da-paz-realizara-mutirao-de-confissoes-na-proxima-semana\/#primaryimage\"},\"image\":{\"@id\":\"https:\/\/www.padreeustaquio.com.br\/santuario-da-saude-e-da-paz-realizara-mutirao-de-confissoes-na-proxima-semana\/#primaryimage\"},\"thumbnailUrl\":\"https:\/\/www.padreeustaquio.com.br\/wp-content\/uploads\/2023\/03\/confissoes.jpeg\",\"datePublished\":\"2023-03-13T11:25:11+00:00\",\"dateModified\":\"2023-03-13T11:25:12+00:00\",\"description\":\"A Igreja cat\u00f3lica nos pede que confessemos pelo menos uma vez ao ano, e para que mais pessoas possam se preparar para a p\u00e1scoa, sendo absolvido de seus pecados, o Santu\u00e1rio da Sa\u00fade e da Paz, Igreja do Beato Padre Eust\u00e1quio, ir\u00e1 realizar um mutir\u00e3o de confiss\u00f5es.\",\"breadcrumb\":{\"@id\":\"https:\/\/www.padreeustaquio.com.br\/santuario-da-saude-e-da-paz-realizara-mutirao-de-confissoes-na-proxima-semana\/#breadcrumb\"},\"inLanguage\":\"es\",\"potentialAction\":[{\"@type\":\"ReadAction\",\"target\":[\"https:\/\/www.padreeustaquio.com.br\/santuario-da-saude-e-da-paz-realizara-mutirao-de-confissoes-na-proxima-semana\/\"]}]},{\"@type\":\"ImageObject\",\"inLanguage\":\"es\",\"@id\":\"https:\/\/www.padreeustaquio.com.br\/santuario-da-saude-e-da-paz-realizara-mutirao-de-confissoes-na-proxima-semana\/#primaryimage\",\"url\":\"https:\/\/www.padreeustaquio.com.br\/wp-content\/uploads\/2023\/03\/confissoes.jpeg\",\"contentUrl\":\"https:\/\/www.padreeustaquio.com.br\/wp-content\/uploads\/2023\/03\/confissoes.jpeg\",\"width\":1000,\"height\":666},{\"@type\":\"BreadcrumbList\",\"@id\":\"https:\/\/www.padreeustaquio.com.br\/santuario-da-saude-e-da-paz-realizara-mutirao-de-confissoes-na-proxima-semana\/#breadcrumb\",\"itemListElement\":[{\"@type\":\"ListItem\",\"position\":1,\"name\":\"In\u00edcio\",\"item\":\"https:\/\/www.padreeustaquio.com.br\/\"},{\"@type\":\"ListItem\",\"position\":2,\"name\":\"Santu\u00e1rio da Sa\u00fade e da Paz realizar\u00e1 mutir\u00e3o de confiss\u00f5es na pr\u00f3xima semana\"}]},{\"@type\":\"WebSite\",\"@id\":\"https:\/\/www.padreeustaquio.com.br\/#website\",\"url\":\"https:\/\/www.padreeustaquio.com.br\/\",\"name\":\"Padre Eust\u00e1quio\",\"description\":\"Sa\u00fade e Paz\",\"publisher\":{\"@id\":\"https:\/\/www.padreeustaquio.com.br\/#organization\"},\"potentialAction\":[{\"@type\":\"SearchAction\",\"target\":{\"@type\":\"EntryPoint\",\"urlTemplate\":\"https:\/\/www.padreeustaquio.com.br\/?s={search_term_string}\"},\"query-input\":{\"@type\":\"PropertyValueSpecification\",\"valueRequired\":true,\"valueName\":\"search_term_string\"}}],\"inLanguage\":\"es\"},{\"@type\":\"Organization\",\"@id\":\"https:\/\/www.padreeustaquio.com.br\/#organization\",\"name\":\"Padre Eust\u00e1quio\",\"url\":\"https:\/\/www.padreeustaquio.com.br\/\",\"logo\":{\"@type\":\"ImageObject\",\"inLanguage\":\"es\",\"@id\":\"https:\/\/www.padreeustaquio.com.br\/#\/schema\/logo\/image\/\",\"url\":\"https:\/\/www.padreeustaquio.com.br\/wp-content\/uploads\/2019\/08\/marca.png\",\"contentUrl\":\"https:\/\/www.padreeustaquio.com.br\/wp-content\/uploads\/2019\/08\/marca.png\",\"width\":350,\"height\":400,\"caption\":\"Padre Eust\u00e1quio\"},\"image\":{\"@id\":\"https:\/\/www.padreeustaquio.com.br\/#\/schema\/logo\/image\/\"},\"sameAs\":[\"https:\/\/www.facebook.com\/beatopadreeustaquio\/\",\"https:\/\/x.com\/beatopeustaquio\",\"https:\/\/www.instagram.com\/beatopadreeustaquio\/\",\"https:\/\/www.youtube.com\/channel\/UCRhw7vfabnajwLxb1ZXMeIw\"]},{\"@type\":\"Person\",\"@id\":\"https:\/\/www.padreeustaquio.com.br\/#\/schema\/person\/a2a51db1d00f1a7af0204a0f1ddb1566\",\"name\":\"@sscc\",\"image\":{\"@type\":\"ImageObject\",\"inLanguage\":\"es\",\"@id\":\"https:\/\/secure.gravatar.com\/avatar\/68cfafa5f44617fea54071e215026e0ff06be366c3d54a8425f04fdcb86f8c5f?s=96&d=mm&r=g\",\"url\":\"https:\/\/secure.gravatar.com\/avatar\/68cfafa5f44617fea54071e215026e0ff06be366c3d54a8425f04fdcb86f8c5f?s=96&d=mm&r=g\",\"contentUrl\":\"https:\/\/secure.gravatar.com\/avatar\/68cfafa5f44617fea54071e215026e0ff06be366c3d54a8425f04fdcb86f8c5f?s=96&d=mm&r=g\",\"caption\":\"@sscc\"},\"url\":\"https:\/\/www.padreeustaquio.com.br\/es\/author\/sscc\/\"}]}<\/script>\n<!-- \/ Yoast SEO plugin. -->","yoast_head_json":{"title":"El Santuario de Salud y Paz realizar\u00e1 la pr\u00f3xima semana un marat\u00f3n de confesiones.","description":"La Iglesia Cat\u00f3lica nos pide confesarnos al menos una vez al a\u00f1o, y para que m\u00e1s personas puedan prepararse para la Pascua siendo absueltas de sus pecados, el Santuario de Salud y Paz, Iglesia del Beato Padre Eustaquio, llevar\u00e1 a cabo una campa\u00f1a de confesiones.","robots":{"index":"index","follow":"follow","max-snippet":"max-snippet:-1","max-image-preview":"max-image-preview:large","max-video-preview":"max-video-preview:-1"},"canonical":"https:\/\/www.padreeustaquio.com.br\/es\/el-santuario-de-salud-y-paz-realizara-una-campana-de-confesiones-la-proxima-semana\/","og_locale":"es_ES","og_type":"article","og_title":"Santu\u00e1rio da Sa\u00fade e da Paz realizar\u00e1 mutir\u00e3o de confiss\u00f5es na pr\u00f3xima semana","og_description":"A Igreja cat\u00f3lica nos pede que confessemos pelo menos uma vez ao ano, e para que mais pessoas possam se preparar para a p\u00e1scoa, sendo absolvido de seus pecados, o Santu\u00e1rio da Sa\u00fade e da Paz, Igreja do Beato Padre Eust\u00e1quio, ir\u00e1 realizar um mutir\u00e3o de confiss\u00f5es.","og_url":"https:\/\/www.padreeustaquio.com.br\/es\/el-santuario-de-salud-y-paz-realizara-una-campana-de-confesiones-la-proxima-semana\/","og_site_name":"Padre Eust\u00e1quio","article_publisher":"https:\/\/www.facebook.com\/beatopadreeustaquio\/","article_published_time":"2023-03-13T11:25:11+00:00","article_modified_time":"2023-03-13T11:25:12+00:00","og_image":[{"width":1000,"height":666,"url":"https:\/\/www.padreeustaquio.com.br\/wp-content\/uploads\/2023\/03\/confissoes.jpeg","type":"image\/jpeg"}],"author":"@sscc","twitter_card":"summary_large_image","twitter_creator":"@beatopeustaquio","twitter_site":"@beatopeustaquio","twitter_misc":{"Escrito por":"@sscc","Tiempo de lectura":"1 minuto"},"schema":{"@context":"https:\/\/schema.org","@graph":[{"@type":"Article","@id":"https:\/\/www.padreeustaquio.com.br\/santuario-da-saude-e-da-paz-realizara-mutirao-de-confissoes-na-proxima-semana\/#article","isPartOf":{"@id":"https:\/\/www.padreeustaquio.com.br\/santuario-da-saude-e-da-paz-realizara-mutirao-de-confissoes-na-proxima-semana\/"},"author":{"name":"@sscc","@id":"https:\/\/www.padreeustaquio.com.br\/#\/schema\/person\/a2a51db1d00f1a7af0204a0f1ddb1566"},"headline":"Santu\u00e1rio da Sa\u00fade e da Paz realizar\u00e1 mutir\u00e3o de confiss\u00f5es na pr\u00f3xima semana","datePublished":"2023-03-13T11:25:11+00:00","dateModified":"2023-03-13T11:25:12+00:00","mainEntityOfPage":{"@id":"https:\/\/www.padreeustaquio.com.br\/santuario-da-saude-e-da-paz-realizara-mutirao-de-confissoes-na-proxima-semana\/"},"wordCount":230,"commentCount":0,"publisher":{"@id":"https:\/\/www.padreeustaquio.com.br\/#organization"},"image":{"@id":"https:\/\/www.padreeustaquio.com.br\/santuario-da-saude-e-da-paz-realizara-mutirao-de-confissoes-na-proxima-semana\/#primaryimage"},"thumbnailUrl":"https:\/\/www.padreeustaquio.com.br\/wp-content\/uploads\/2023\/03\/confissoes.jpeg","articleSection":["Not\u00edcias"],"inLanguage":"es","potentialAction":[{"@type":"CommentAction","name":"Comment","target":["https:\/\/www.padreeustaquio.com.br\/santuario-da-saude-e-da-paz-realizara-mutirao-de-confissoes-na-proxima-semana\/#respond"]}]},{"@type":"WebPage","@id":"https:\/\/www.padreeustaquio.com.br\/santuario-da-saude-e-da-paz-realizara-mutirao-de-confissoes-na-proxima-semana\/","url":"https:\/\/www.padreeustaquio.com.br\/santuario-da-saude-e-da-paz-realizara-mutirao-de-confissoes-na-proxima-semana\/","name":"El Santuario de Salud y Paz realizar\u00e1 la pr\u00f3xima semana un marat\u00f3n de confesiones.","isPartOf":{"@id":"https:\/\/www.padreeustaquio.com.br\/#website"},"primaryImageOfPage":{"@id":"https:\/\/www.padreeustaquio.com.br\/santuario-da-saude-e-da-paz-realizara-mutirao-de-confissoes-na-proxima-semana\/#primaryimage"},"image":{"@id":"https:\/\/www.padreeustaquio.com.br\/santuario-da-saude-e-da-paz-realizara-mutirao-de-confissoes-na-proxima-semana\/#primaryimage"},"thumbnailUrl":"https:\/\/www.padreeustaquio.com.br\/wp-content\/uploads\/2023\/03\/confissoes.jpeg","datePublished":"2023-03-13T11:25:11+00:00","dateModified":"2023-03-13T11:25:12+00:00","description":"La Iglesia Cat\u00f3lica nos pide confesarnos al menos una vez al a\u00f1o, y para que m\u00e1s personas puedan prepararse para la Pascua siendo absueltas de sus pecados, el Santuario de Salud y Paz, Iglesia del Beato Padre Eustaquio, llevar\u00e1 a cabo una campa\u00f1a de confesiones.","breadcrumb":{"@id":"https:\/\/www.padreeustaquio.com.br\/santuario-da-saude-e-da-paz-realizara-mutirao-de-confissoes-na-proxima-semana\/#breadcrumb"},"inLanguage":"es","potentialAction":[{"@type":"ReadAction","target":["https:\/\/www.padreeustaquio.com.br\/santuario-da-saude-e-da-paz-realizara-mutirao-de-confissoes-na-proxima-semana\/"]}]},{"@type":"ImageObject","inLanguage":"es","@id":"https:\/\/www.padreeustaquio.com.br\/santuario-da-saude-e-da-paz-realizara-mutirao-de-confissoes-na-proxima-semana\/#primaryimage","url":"https:\/\/www.padreeustaquio.com.br\/wp-content\/uploads\/2023\/03\/confissoes.jpeg","contentUrl":"https:\/\/www.padreeustaquio.com.br\/wp-content\/uploads\/2023\/03\/confissoes.jpeg","width":1000,"height":666},{"@type":"BreadcrumbList","@id":"https:\/\/www.padreeustaquio.com.br\/santuario-da-saude-e-da-paz-realizara-mutirao-de-confissoes-na-proxima-semana\/#breadcrumb","itemListElement":[{"@type":"ListItem","position":1,"name":"In\u00edcio","item":"https:\/\/www.padreeustaquio.com.br\/"},{"@type":"ListItem","position":2,"name":"Santu\u00e1rio da Sa\u00fade e da Paz realizar\u00e1 mutir\u00e3o de confiss\u00f5es na pr\u00f3xima semana"}]},{"@type":"WebSite","@id":"https:\/\/www.padreeustaquio.com.br\/#website","url":"https:\/\/www.padreeustaquio.com.br\/","name":"Padre Eustace","description":"Salud y Paz","publisher":{"@id":"https:\/\/www.padreeustaquio.com.br\/#organization"},"potentialAction":[{"@type":"SearchAction","target":{"@type":"EntryPoint","urlTemplate":"https:\/\/www.padreeustaquio.com.br\/?s={search_term_string}"},"query-input":{"@type":"PropertyValueSpecification","valueRequired":true,"valueName":"search_term_string"}}],"inLanguage":"es"},{"@type":"Organization","@id":"https:\/\/www.padreeustaquio.com.br\/#organization","name":"Padre Eustace","url":"https:\/\/www.padreeustaquio.com.br\/","logo":{"@type":"ImageObject","inLanguage":"es","@id":"https:\/\/www.padreeustaquio.com.br\/#\/schema\/logo\/image\/","url":"https:\/\/www.padreeustaquio.com.br\/wp-content\/uploads\/2019\/08\/marca.png","contentUrl":"https:\/\/www.padreeustaquio.com.br\/wp-content\/uploads\/2019\/08\/marca.png","width":350,"height":400,"caption":"Padre Eust\u00e1quio"},"image":{"@id":"https:\/\/www.padreeustaquio.com.br\/#\/schema\/logo\/image\/"},"sameAs":["https:\/\/www.facebook.com\/beatopadreeustaquio\/","https:\/\/x.com\/beatopeustaquio","https:\/\/www.instagram.com\/beatopadreeustaquio\/","https:\/\/www.youtube.com\/channel\/UCRhw7vfabnajwLxb1ZXMeIw"]},{"@type":"Person","@id":"https:\/\/www.padreeustaquio.com.br\/#\/schema\/person\/a2a51db1d00f1a7af0204a0f1ddb1566","name":"@sscc","image":{"@type":"ImageObject","inLanguage":"es","@id":"https:\/\/secure.gravatar.com\/avatar\/68cfafa5f44617fea54071e215026e0ff06be366c3d54a8425f04fdcb86f8c5f?s=96&d=mm&r=g","url":"https:\/\/secure.gravatar.com\/avatar\/68cfafa5f44617fea54071e215026e0ff06be366c3d54a8425f04fdcb86f8c5f?s=96&d=mm&r=g","contentUrl":"https:\/\/secure.gravatar.com\/avatar\/68cfafa5f44617fea54071e215026e0ff06be366c3d54a8425f04fdcb86f8c5f?s=96&d=mm&r=g","caption":"@sscc"},"url":"https:\/\/www.padreeustaquio.com.br\/es\/author\/sscc\/"}]}},"_links":{"self":[{"href":"https:\/\/www.padreeustaquio.com.br\/es\/wp-json\/wp\/v2\/posts\/10027","targetHints":{"allow":["GET"]}}],"collection":[{"href":"https:\/\/www.padreeustaquio.com.br\/es\/wp-json\/wp\/v2\/posts"}],"about":[{"href":"https:\/\/www.padreeustaquio.com.br\/es\/wp-json\/wp\/v2\/types\/post"}],"author":[{"embeddable":true,"href":"https:\/\/www.padreeustaquio.com.br\/es\/wp-json\/wp\/v2\/users\/2"}],"replies":[{"embeddable":true,"href":"https:\/\/www.padreeustaquio.com.br\/es\/wp-json\/wp\/v2\/comments?post=10027"}],"version-history":[{"count":0,"href":"https:\/\/www.padreeustaquio.com.br\/es\/wp-json\/wp\/v2\/posts\/10027\/revisions"}],"wp:featuredmedia":[{"embeddable":true,"href":"https:\/\/www.padreeustaquio.com.br\/es\/wp-json\/wp\/v2\/media\/10028"}],"wp:attachment":[{"href":"https:\/\/www.padreeustaquio.com.br\/es\/wp-json\/wp\/v2\/media?parent=10027"}],"wp:term":[{"taxonomy":"category","embeddable":true,"href":"https:\/\/www.padreeustaquio.com.br\/es\/wp-json\/wp\/v2\/categories?post=10027"},{"taxonomy":"post_tag","embeddable":true,"href":"https:\/\/www.padreeustaquio.com.br\/es\/wp-json\/wp\/v2\/tags?post=10027"}],"curies":[{"name":"wp","href":"https:\/\/api.w.org\/{rel}","templated":true}]}}