{"id":9999,"date":"2023-03-10T06:33:00","date_gmt":"2023-03-10T09:33:00","guid":{"rendered":"https:\/\/www.padreeustaquio.com.br\/?p=9999"},"modified":"2023-03-05T20:40:13","modified_gmt":"2023-03-05T23:40:13","slug":"a-shelter-in-belo-horizonte-built-inspired-by-father-eustaquio","status":"publish","type":"post","link":"https:\/\/www.padreeustaquio.com.br\/en\/a-shelter-in-belo-horizonte-built-inspired-by-father-eustaquio\/","title":{"rendered":"A shelter in Belo Horizonte was built inspired by Father Eust\u00e1quio."},"content":{"rendered":"<p>In December 2013, the structure that now houses CAPE was erected. Its creator, Jos\u00e9 Marc\u00edlio Nunes, a devotee of Father Eust\u00e1quio, had a dream in which Father Eust\u00e1quio asked him to care for children with cancer. He heeded the call and transformed the dream into reality. A dream that today meets the needs of dozens of people.<\/p>\n\n\n\n<p><strong>Learn more about CAPE \u2013 Padre Eust\u00e1quio Shelter Home<\/strong><\/p>\n\n\n\n<p>CAPE, Casa de Acolhida Padre Eust\u00e1quio, provides shelter in Belo Horizonte for children, adolescents, and their caregivers during treatment for cancer and other non-communicable diseases, offering an extension of their homes with housing, food, transportation, and multidisciplinary care, all with a humanized and individualized approach.<\/p>\n\n\n\n<p>Far from their homes and weakened by illness, those sheltered by CAPE are referred by hospitals in Belo Horizonte, coming from all over Brazil, but mostly from cities in the interior of Minas Gerais.<\/p>\n\n\n\n<p>CAPE relies on financial donations and the commitment of partners, companies, and civil society. You too can help this work, inspired by Father Eust\u00e1quio, to continue.<\/p>\n\n\n\n<p>Make your donation to CAPE:<\/p>\n\n\n\n<p><strong>DONATIONS THROUGH CURRENT ACCOUNT<\/strong>:\u2063<br>Sicoob Bank \u2013 756<br>Ag: 4149 \u2013 C\/C: 100.584.001-6\u2063<br>Company Name: Padre Eust\u00e1quio Shelter Home<\/p>\n\n\n\n<p><strong>PIX Key <\/strong>: 06.305.317\/0001-12<\/p>\n\n\n\n<p>Learn more about CAPE on the website. <a href=\"https:\/\/cape-mg.org.br\/\" target=\"_blank\" rel=\"noreferrer noopener\">cape-mg.org.br<\/a> Or in person: CAPE is located in the Pampulha region of Belo Horizonte, at Alameda do Ip\u00ea Branco, 28 in the S\u00e3o Luiz neighborhood.<\/p>\n\n\n\n<p>Become a Friend of CAPE. Contact us by phone (31) 3401-8000.<\/p>\n\n\n\n<p><\/p>","protected":false},"excerpt":{"rendered":"<p>Em dezembro de 2013 era erguida a estrutura que hoje abriga a CAPE. Seu idealizador Jos\u00e9 Marc\u00edlio Nunes, devoto de Padre Eust\u00e1quio teve um sonho onde Padre Eust\u00e1quio pedia para ele cuidar de crian\u00e7as com c\u00e2ncer. Ele ouviu o chamado e transformou o sonho em realidade. Um sonho que hoje supre a necessidade de dezenas de pessoas. Conhe\u00e7a mais sobre a CAPE \u2013 Casa de Acolhida Padre Eust\u00e1quio A CAPE, Casa de Acolhida Padre Eust\u00e1quio, proporciona para as crian\u00e7as, adolescentes e seus acompanhantes, acolhimento em Belo Horizonte, durante o tratamento contra o c\u00e2ncer e outras doen\u00e7as n\u00e3o infecciosas, oferecendo uma [&hellip;]<\/p>\n","protected":false},"author":2,"featured_media":10000,"comment_status":"open","ping_status":"closed","sticky":false,"template":"","format":"standard","meta":{"_acf_changed":false,"footnotes":""},"categories":[611],"tags":[],"class_list":["post-9999","post","type-post","status-publish","format-standard","has-post-thumbnail","hentry","category-noticias"],"acf":[],"yoast_head":"<!-- This site is optimized with the Yoast SEO plugin v27.2 - https:\/\/yoast.com\/product\/yoast-seo-wordpress\/ -->\n<title>Casa de acolhimento em BH \u00e9 constru\u00edda por inspira\u00e7\u00e3o de Padre Eust\u00e1quio<\/title>\n<meta name=\"description\" content=\"Em dezembro de 2013 era erguida a estrutura que hoje abriga a CAPE. Seu idealizador Jos\u00e9 Marc\u00edlio Nunes, devoto de Padre Eust\u00e1quio teve um sonho onde Padre Eust\u00e1quio pedia para ele cuidar de crian\u00e7as com c\u00e2ncer. Ele ouviu o chamado e transformou o sonho em realidade. Um sonho que hoje supre a necessidade de dezenas de pessoas.\" \/>\n<meta name=\"robots\" content=\"index, follow, max-snippet:-1, max-image-preview:large, max-video-preview:-1\" \/>\n<link rel=\"canonical\" href=\"https:\/\/www.padreeustaquio.com.br\/en\/a-shelter-in-belo-horizonte-built-inspired-by-father-eustaquio\/\" \/>\n<meta property=\"og:locale\" content=\"en_US\" \/>\n<meta property=\"og:type\" content=\"article\" \/>\n<meta property=\"og:title\" content=\"Casa de acolhimento em BH \u00e9 constru\u00edda por inspira\u00e7\u00e3o de Padre Eust\u00e1quio\" \/>\n<meta property=\"og:description\" content=\"Em dezembro de 2013 era erguida a estrutura que hoje abriga a CAPE. Seu idealizador Jos\u00e9 Marc\u00edlio Nunes, devoto de Padre Eust\u00e1quio teve um sonho onde Padre Eust\u00e1quio pedia para ele cuidar de crian\u00e7as com c\u00e2ncer. Ele ouviu o chamado e transformou o sonho em realidade. Um sonho que hoje supre a necessidade de dezenas de pessoas.\" \/>\n<meta property=\"og:url\" content=\"https:\/\/www.padreeustaquio.com.br\/en\/a-shelter-in-belo-horizonte-built-inspired-by-father-eustaquio\/\" \/>\n<meta property=\"og:site_name\" content=\"Padre Eust\u00e1quio\" \/>\n<meta property=\"article:publisher\" content=\"https:\/\/www.facebook.com\/beatopadreeustaquio\/\" \/>\n<meta property=\"article:published_time\" content=\"2023-03-10T09:33:00+00:00\" \/>\n<meta property=\"og:image\" content=\"https:\/\/www.padreeustaquio.com.br\/wp-content\/uploads\/2023\/03\/cape.jpeg\" \/>\n\t<meta property=\"og:image:width\" content=\"1600\" \/>\n\t<meta property=\"og:image:height\" content=\"900\" \/>\n\t<meta property=\"og:image:type\" content=\"image\/jpeg\" \/>\n<meta name=\"author\" content=\"@sscc\" \/>\n<meta name=\"twitter:card\" content=\"summary_large_image\" \/>\n<meta name=\"twitter:creator\" content=\"@beatopeustaquio\" \/>\n<meta name=\"twitter:site\" content=\"@beatopeustaquio\" \/>\n<meta name=\"twitter:label1\" content=\"Written by\" \/>\n\t<meta name=\"twitter:data1\" content=\"@sscc\" \/>\n\t<meta name=\"twitter:label2\" content=\"Est. reading time\" \/>\n\t<meta name=\"twitter:data2\" content=\"2 minutes\" \/>\n<script type=\"application\/ld+json\" class=\"yoast-schema-graph\">{\"@context\":\"https:\/\/schema.org\",\"@graph\":[{\"@type\":\"Article\",\"@id\":\"https:\/\/www.padreeustaquio.com.br\/casa-de-acolhimento-em-bh-e-construida-por-inspiracao-de-padre-eustaquio\/#article\",\"isPartOf\":{\"@id\":\"https:\/\/www.padreeustaquio.com.br\/casa-de-acolhimento-em-bh-e-construida-por-inspiracao-de-padre-eustaquio\/\"},\"author\":{\"name\":\"@sscc\",\"@id\":\"https:\/\/www.padreeustaquio.com.br\/#\/schema\/person\/a2a51db1d00f1a7af0204a0f1ddb1566\"},\"headline\":\"Casa de acolhimento em BH \u00e9 constru\u00edda por inspira\u00e7\u00e3o de Padre Eust\u00e1quio\",\"datePublished\":\"2023-03-10T09:33:00+00:00\",\"mainEntityOfPage\":{\"@id\":\"https:\/\/www.padreeustaquio.com.br\/casa-de-acolhimento-em-bh-e-construida-por-inspiracao-de-padre-eustaquio\/\"},\"wordCount\":294,\"commentCount\":0,\"publisher\":{\"@id\":\"https:\/\/www.padreeustaquio.com.br\/#organization\"},\"image\":{\"@id\":\"https:\/\/www.padreeustaquio.com.br\/casa-de-acolhimento-em-bh-e-construida-por-inspiracao-de-padre-eustaquio\/#primaryimage\"},\"thumbnailUrl\":\"https:\/\/www.padreeustaquio.com.br\/wp-content\/uploads\/2023\/03\/cape.jpeg\",\"articleSection\":[\"Not\u00edcias\"],\"inLanguage\":\"en-US\",\"potentialAction\":[{\"@type\":\"CommentAction\",\"name\":\"Comment\",\"target\":[\"https:\/\/www.padreeustaquio.com.br\/casa-de-acolhimento-em-bh-e-construida-por-inspiracao-de-padre-eustaquio\/#respond\"]}]},{\"@type\":\"WebPage\",\"@id\":\"https:\/\/www.padreeustaquio.com.br\/casa-de-acolhimento-em-bh-e-construida-por-inspiracao-de-padre-eustaquio\/\",\"url\":\"https:\/\/www.padreeustaquio.com.br\/casa-de-acolhimento-em-bh-e-construida-por-inspiracao-de-padre-eustaquio\/\",\"name\":\"Casa de acolhimento em BH \u00e9 constru\u00edda por inspira\u00e7\u00e3o de Padre Eust\u00e1quio\",\"isPartOf\":{\"@id\":\"https:\/\/www.padreeustaquio.com.br\/#website\"},\"primaryImageOfPage\":{\"@id\":\"https:\/\/www.padreeustaquio.com.br\/casa-de-acolhimento-em-bh-e-construida-por-inspiracao-de-padre-eustaquio\/#primaryimage\"},\"image\":{\"@id\":\"https:\/\/www.padreeustaquio.com.br\/casa-de-acolhimento-em-bh-e-construida-por-inspiracao-de-padre-eustaquio\/#primaryimage\"},\"thumbnailUrl\":\"https:\/\/www.padreeustaquio.com.br\/wp-content\/uploads\/2023\/03\/cape.jpeg\",\"datePublished\":\"2023-03-10T09:33:00+00:00\",\"description\":\"Em dezembro de 2013 era erguida a estrutura que hoje abriga a CAPE. Seu idealizador Jos\u00e9 Marc\u00edlio Nunes, devoto de Padre Eust\u00e1quio teve um sonho onde Padre Eust\u00e1quio pedia para ele cuidar de crian\u00e7as com c\u00e2ncer. Ele ouviu o chamado e transformou o sonho em realidade. Um sonho que hoje supre a necessidade de dezenas de pessoas.\",\"breadcrumb\":{\"@id\":\"https:\/\/www.padreeustaquio.com.br\/casa-de-acolhimento-em-bh-e-construida-por-inspiracao-de-padre-eustaquio\/#breadcrumb\"},\"inLanguage\":\"en-US\",\"potentialAction\":[{\"@type\":\"ReadAction\",\"target\":[\"https:\/\/www.padreeustaquio.com.br\/casa-de-acolhimento-em-bh-e-construida-por-inspiracao-de-padre-eustaquio\/\"]}]},{\"@type\":\"ImageObject\",\"inLanguage\":\"en-US\",\"@id\":\"https:\/\/www.padreeustaquio.com.br\/casa-de-acolhimento-em-bh-e-construida-por-inspiracao-de-padre-eustaquio\/#primaryimage\",\"url\":\"https:\/\/www.padreeustaquio.com.br\/wp-content\/uploads\/2023\/03\/cape.jpeg\",\"contentUrl\":\"https:\/\/www.padreeustaquio.com.br\/wp-content\/uploads\/2023\/03\/cape.jpeg\",\"width\":1600,\"height\":900},{\"@type\":\"BreadcrumbList\",\"@id\":\"https:\/\/www.padreeustaquio.com.br\/casa-de-acolhimento-em-bh-e-construida-por-inspiracao-de-padre-eustaquio\/#breadcrumb\",\"itemListElement\":[{\"@type\":\"ListItem\",\"position\":1,\"name\":\"In\u00edcio\",\"item\":\"https:\/\/www.padreeustaquio.com.br\/\"},{\"@type\":\"ListItem\",\"position\":2,\"name\":\"Casa de acolhimento em BH \u00e9 constru\u00edda por inspira\u00e7\u00e3o de Padre Eust\u00e1quio\"}]},{\"@type\":\"WebSite\",\"@id\":\"https:\/\/www.padreeustaquio.com.br\/#website\",\"url\":\"https:\/\/www.padreeustaquio.com.br\/\",\"name\":\"Padre Eust\u00e1quio\",\"description\":\"Sa\u00fade e Paz\",\"publisher\":{\"@id\":\"https:\/\/www.padreeustaquio.com.br\/#organization\"},\"potentialAction\":[{\"@type\":\"SearchAction\",\"target\":{\"@type\":\"EntryPoint\",\"urlTemplate\":\"https:\/\/www.padreeustaquio.com.br\/?s={search_term_string}\"},\"query-input\":{\"@type\":\"PropertyValueSpecification\",\"valueRequired\":true,\"valueName\":\"search_term_string\"}}],\"inLanguage\":\"en-US\"},{\"@type\":\"Organization\",\"@id\":\"https:\/\/www.padreeustaquio.com.br\/#organization\",\"name\":\"Padre Eust\u00e1quio\",\"url\":\"https:\/\/www.padreeustaquio.com.br\/\",\"logo\":{\"@type\":\"ImageObject\",\"inLanguage\":\"en-US\",\"@id\":\"https:\/\/www.padreeustaquio.com.br\/#\/schema\/logo\/image\/\",\"url\":\"https:\/\/www.padreeustaquio.com.br\/wp-content\/uploads\/2019\/08\/marca.png\",\"contentUrl\":\"https:\/\/www.padreeustaquio.com.br\/wp-content\/uploads\/2019\/08\/marca.png\",\"width\":350,\"height\":400,\"caption\":\"Padre Eust\u00e1quio\"},\"image\":{\"@id\":\"https:\/\/www.padreeustaquio.com.br\/#\/schema\/logo\/image\/\"},\"sameAs\":[\"https:\/\/www.facebook.com\/beatopadreeustaquio\/\",\"https:\/\/x.com\/beatopeustaquio\",\"https:\/\/www.instagram.com\/beatopadreeustaquio\/\",\"https:\/\/www.youtube.com\/channel\/UCRhw7vfabnajwLxb1ZXMeIw\"]},{\"@type\":\"Person\",\"@id\":\"https:\/\/www.padreeustaquio.com.br\/#\/schema\/person\/a2a51db1d00f1a7af0204a0f1ddb1566\",\"name\":\"@sscc\",\"image\":{\"@type\":\"ImageObject\",\"inLanguage\":\"en-US\",\"@id\":\"https:\/\/secure.gravatar.com\/avatar\/68cfafa5f44617fea54071e215026e0ff06be366c3d54a8425f04fdcb86f8c5f?s=96&d=mm&r=g\",\"url\":\"https:\/\/secure.gravatar.com\/avatar\/68cfafa5f44617fea54071e215026e0ff06be366c3d54a8425f04fdcb86f8c5f?s=96&d=mm&r=g\",\"contentUrl\":\"https:\/\/secure.gravatar.com\/avatar\/68cfafa5f44617fea54071e215026e0ff06be366c3d54a8425f04fdcb86f8c5f?s=96&d=mm&r=g\",\"caption\":\"@sscc\"},\"url\":\"https:\/\/www.padreeustaquio.com.br\/en\/author\/sscc\/\"}]}<\/script>\n<!-- \/ Yoast SEO plugin. -->","yoast_head_json":{"title":"A shelter in Belo Horizonte was built inspired by Father Eust\u00e1quio.","description":"In December 2013, the structure that now houses CAPE was erected. Its creator, Jos\u00e9 Marc\u00edlio Nunes, a devotee of Father Eust\u00e1quio, had a dream in which Father Eust\u00e1quio asked him to care for children with cancer. He heeded the call and transformed the dream into reality. A dream that today meets the needs of dozens of people.","robots":{"index":"index","follow":"follow","max-snippet":"max-snippet:-1","max-image-preview":"max-image-preview:large","max-video-preview":"max-video-preview:-1"},"canonical":"https:\/\/www.padreeustaquio.com.br\/en\/a-shelter-in-belo-horizonte-built-inspired-by-father-eustaquio\/","og_locale":"en_US","og_type":"article","og_title":"Casa de acolhimento em BH \u00e9 constru\u00edda por inspira\u00e7\u00e3o de Padre Eust\u00e1quio","og_description":"Em dezembro de 2013 era erguida a estrutura que hoje abriga a CAPE. Seu idealizador Jos\u00e9 Marc\u00edlio Nunes, devoto de Padre Eust\u00e1quio teve um sonho onde Padre Eust\u00e1quio pedia para ele cuidar de crian\u00e7as com c\u00e2ncer. Ele ouviu o chamado e transformou o sonho em realidade. Um sonho que hoje supre a necessidade de dezenas de pessoas.","og_url":"https:\/\/www.padreeustaquio.com.br\/en\/a-shelter-in-belo-horizonte-built-inspired-by-father-eustaquio\/","og_site_name":"Padre Eust\u00e1quio","article_publisher":"https:\/\/www.facebook.com\/beatopadreeustaquio\/","article_published_time":"2023-03-10T09:33:00+00:00","og_image":[{"width":1600,"height":900,"url":"https:\/\/www.padreeustaquio.com.br\/wp-content\/uploads\/2023\/03\/cape.jpeg","type":"image\/jpeg"}],"author":"@sscc","twitter_card":"summary_large_image","twitter_creator":"@beatopeustaquio","twitter_site":"@beatopeustaquio","twitter_misc":{"Written by":"@sscc","Est. reading time":"2 minutes"},"schema":{"@context":"https:\/\/schema.org","@graph":[{"@type":"Article","@id":"https:\/\/www.padreeustaquio.com.br\/casa-de-acolhimento-em-bh-e-construida-por-inspiracao-de-padre-eustaquio\/#article","isPartOf":{"@id":"https:\/\/www.padreeustaquio.com.br\/casa-de-acolhimento-em-bh-e-construida-por-inspiracao-de-padre-eustaquio\/"},"author":{"name":"@sscc","@id":"https:\/\/www.padreeustaquio.com.br\/#\/schema\/person\/a2a51db1d00f1a7af0204a0f1ddb1566"},"headline":"Casa de acolhimento em BH \u00e9 constru\u00edda por inspira\u00e7\u00e3o de Padre Eust\u00e1quio","datePublished":"2023-03-10T09:33:00+00:00","mainEntityOfPage":{"@id":"https:\/\/www.padreeustaquio.com.br\/casa-de-acolhimento-em-bh-e-construida-por-inspiracao-de-padre-eustaquio\/"},"wordCount":294,"commentCount":0,"publisher":{"@id":"https:\/\/www.padreeustaquio.com.br\/#organization"},"image":{"@id":"https:\/\/www.padreeustaquio.com.br\/casa-de-acolhimento-em-bh-e-construida-por-inspiracao-de-padre-eustaquio\/#primaryimage"},"thumbnailUrl":"https:\/\/www.padreeustaquio.com.br\/wp-content\/uploads\/2023\/03\/cape.jpeg","articleSection":["Not\u00edcias"],"inLanguage":"en-US","potentialAction":[{"@type":"CommentAction","name":"Comment","target":["https:\/\/www.padreeustaquio.com.br\/casa-de-acolhimento-em-bh-e-construida-por-inspiracao-de-padre-eustaquio\/#respond"]}]},{"@type":"WebPage","@id":"https:\/\/www.padreeustaquio.com.br\/casa-de-acolhimento-em-bh-e-construida-por-inspiracao-de-padre-eustaquio\/","url":"https:\/\/www.padreeustaquio.com.br\/casa-de-acolhimento-em-bh-e-construida-por-inspiracao-de-padre-eustaquio\/","name":"A shelter in Belo Horizonte was built inspired by Father Eust\u00e1quio.","isPartOf":{"@id":"https:\/\/www.padreeustaquio.com.br\/#website"},"primaryImageOfPage":{"@id":"https:\/\/www.padreeustaquio.com.br\/casa-de-acolhimento-em-bh-e-construida-por-inspiracao-de-padre-eustaquio\/#primaryimage"},"image":{"@id":"https:\/\/www.padreeustaquio.com.br\/casa-de-acolhimento-em-bh-e-construida-por-inspiracao-de-padre-eustaquio\/#primaryimage"},"thumbnailUrl":"https:\/\/www.padreeustaquio.com.br\/wp-content\/uploads\/2023\/03\/cape.jpeg","datePublished":"2023-03-10T09:33:00+00:00","description":"In December 2013, the structure that now houses CAPE was erected. Its creator, Jos\u00e9 Marc\u00edlio Nunes, a devotee of Father Eust\u00e1quio, had a dream in which Father Eust\u00e1quio asked him to care for children with cancer. He heeded the call and transformed the dream into reality. A dream that today meets the needs of dozens of people.","breadcrumb":{"@id":"https:\/\/www.padreeustaquio.com.br\/casa-de-acolhimento-em-bh-e-construida-por-inspiracao-de-padre-eustaquio\/#breadcrumb"},"inLanguage":"en-US","potentialAction":[{"@type":"ReadAction","target":["https:\/\/www.padreeustaquio.com.br\/casa-de-acolhimento-em-bh-e-construida-por-inspiracao-de-padre-eustaquio\/"]}]},{"@type":"ImageObject","inLanguage":"en-US","@id":"https:\/\/www.padreeustaquio.com.br\/casa-de-acolhimento-em-bh-e-construida-por-inspiracao-de-padre-eustaquio\/#primaryimage","url":"https:\/\/www.padreeustaquio.com.br\/wp-content\/uploads\/2023\/03\/cape.jpeg","contentUrl":"https:\/\/www.padreeustaquio.com.br\/wp-content\/uploads\/2023\/03\/cape.jpeg","width":1600,"height":900},{"@type":"BreadcrumbList","@id":"https:\/\/www.padreeustaquio.com.br\/casa-de-acolhimento-em-bh-e-construida-por-inspiracao-de-padre-eustaquio\/#breadcrumb","itemListElement":[{"@type":"ListItem","position":1,"name":"In\u00edcio","item":"https:\/\/www.padreeustaquio.com.br\/"},{"@type":"ListItem","position":2,"name":"Casa de acolhimento em BH \u00e9 constru\u00edda por inspira\u00e7\u00e3o de Padre Eust\u00e1quio"}]},{"@type":"WebSite","@id":"https:\/\/www.padreeustaquio.com.br\/#website","url":"https:\/\/www.padreeustaquio.com.br\/","name":"FATHER EUST\u00c1QUIO","description":"Health and Peace","publisher":{"@id":"https:\/\/www.padreeustaquio.com.br\/#organization"},"potentialAction":[{"@type":"SearchAction","target":{"@type":"EntryPoint","urlTemplate":"https:\/\/www.padreeustaquio.com.br\/?s={search_term_string}"},"query-input":{"@type":"PropertyValueSpecification","valueRequired":true,"valueName":"search_term_string"}}],"inLanguage":"en-US"},{"@type":"Organization","@id":"https:\/\/www.padreeustaquio.com.br\/#organization","name":"FATHER EUST\u00c1QUIO","url":"https:\/\/www.padreeustaquio.com.br\/","logo":{"@type":"ImageObject","inLanguage":"en-US","@id":"https:\/\/www.padreeustaquio.com.br\/#\/schema\/logo\/image\/","url":"https:\/\/www.padreeustaquio.com.br\/wp-content\/uploads\/2019\/08\/marca.png","contentUrl":"https:\/\/www.padreeustaquio.com.br\/wp-content\/uploads\/2019\/08\/marca.png","width":350,"height":400,"caption":"Padre Eust\u00e1quio"},"image":{"@id":"https:\/\/www.padreeustaquio.com.br\/#\/schema\/logo\/image\/"},"sameAs":["https:\/\/www.facebook.com\/beatopadreeustaquio\/","https:\/\/x.com\/beatopeustaquio","https:\/\/www.instagram.com\/beatopadreeustaquio\/","https:\/\/www.youtube.com\/channel\/UCRhw7vfabnajwLxb1ZXMeIw"]},{"@type":"Person","@id":"https:\/\/www.padreeustaquio.com.br\/#\/schema\/person\/a2a51db1d00f1a7af0204a0f1ddb1566","name":"@sscc","image":{"@type":"ImageObject","inLanguage":"en-US","@id":"https:\/\/secure.gravatar.com\/avatar\/68cfafa5f44617fea54071e215026e0ff06be366c3d54a8425f04fdcb86f8c5f?s=96&d=mm&r=g","url":"https:\/\/secure.gravatar.com\/avatar\/68cfafa5f44617fea54071e215026e0ff06be366c3d54a8425f04fdcb86f8c5f?s=96&d=mm&r=g","contentUrl":"https:\/\/secure.gravatar.com\/avatar\/68cfafa5f44617fea54071e215026e0ff06be366c3d54a8425f04fdcb86f8c5f?s=96&d=mm&r=g","caption":"@sscc"},"url":"https:\/\/www.padreeustaquio.com.br\/en\/author\/sscc\/"}]}},"_links":{"self":[{"href":"https:\/\/www.padreeustaquio.com.br\/en\/wp-json\/wp\/v2\/posts\/9999","targetHints":{"allow":["GET"]}}],"collection":[{"href":"https:\/\/www.padreeustaquio.com.br\/en\/wp-json\/wp\/v2\/posts"}],"about":[{"href":"https:\/\/www.padreeustaquio.com.br\/en\/wp-json\/wp\/v2\/types\/post"}],"author":[{"embeddable":true,"href":"https:\/\/www.padreeustaquio.com.br\/en\/wp-json\/wp\/v2\/users\/2"}],"replies":[{"embeddable":true,"href":"https:\/\/www.padreeustaquio.com.br\/en\/wp-json\/wp\/v2\/comments?post=9999"}],"version-history":[{"count":0,"href":"https:\/\/www.padreeustaquio.com.br\/en\/wp-json\/wp\/v2\/posts\/9999\/revisions"}],"wp:featuredmedia":[{"embeddable":true,"href":"https:\/\/www.padreeustaquio.com.br\/en\/wp-json\/wp\/v2\/media\/10000"}],"wp:attachment":[{"href":"https:\/\/www.padreeustaquio.com.br\/en\/wp-json\/wp\/v2\/media?parent=9999"}],"wp:term":[{"taxonomy":"category","embeddable":true,"href":"https:\/\/www.padreeustaquio.com.br\/en\/wp-json\/wp\/v2\/categories?post=9999"},{"taxonomy":"post_tag","embeddable":true,"href":"https:\/\/www.padreeustaquio.com.br\/en\/wp-json\/wp\/v2\/tags?post=9999"}],"curies":[{"name":"wp","href":"https:\/\/api.w.org\/{rel}","templated":true}]}}