{"id":9996,"date":"2023-03-08T06:21:00","date_gmt":"2023-03-08T09:21:00","guid":{"rendered":"https:\/\/www.padreeustaquio.com.br\/?p=9996"},"modified":"2023-03-05T20:33:31","modified_gmt":"2023-03-05T23:33:31","slug":"children-participate-in-the-1st-meeting-of-the-childrens-and-youth-choir-of-the-father-eustace-church","status":"publish","type":"post","link":"https:\/\/www.padreeustaquio.com.br\/en\/children-participate-in-the-1st-meeting-of-the-childrens-and-youth-choir-of-the-father-eustace-church\/","title":{"rendered":"Children participate in the 1st meeting of the children&#039;s and youth choir of the Father Eust\u00e1quio Church."},"content":{"rendered":"<p>This weekend, 13 children participated in the first meeting of the children&#039;s and youth choir of the Sanctuary of Health and Peace, the Church of Blessed Father Eustace. The meeting was coordinated by Douglas Santos, a postulant of the Congregation of the Sacred Hearts, and included the collaboration of Ros\u00e2ngela Machado, a volunteer musician at the Sanctuary.<\/p>\n\n\n\n<p>Initially, the children got to know each other better and were invited to participate in a prayer session in the Sanctuary&#039;s Main Hall. Following this, vocal techniques were taught and practiced with the little ones; finally, a dynamic activity and games were held with everyone present, including some parents who participated throughout.<\/p>\n\n\n\n<p>The group will meet every Saturday at 10:00 AM in the Main Hall of the Sanctuary. If you know any children or teenagers who would like to sing and delight with us, please recommend the choir. They don&#039;t need to know how to sing or have vocal techniques; just attend the meetings and participate.<\/p>\n\n\n\n<p><\/p>","protected":false},"excerpt":{"rendered":"<p>Nesse fim de semana, 13 crian\u00e7as participaram do primeiro encontro do Coral infantojuvenil do Santu\u00e1rio da Sa\u00fade e da Paz, a Igreja do Beato Padre Eust\u00e1quio. A reuni\u00e3o foi coordenada pelo postulante da Congrega\u00e7\u00e3o dos Sagrados Cora\u00e7\u00f5es, Douglas Santos e contou com a colabora\u00e7\u00e3o de Ros\u00e2ngela Machado, musicista volunt\u00e1ria do Santu\u00e1rio. Num primeiro momento a turminha se conheceu melhor e foi convidada a participar de um momento oracional no Sal\u00e3o Nobre do Santu\u00e1rio. Em seguida, t\u00e9cnicas vocais foram ensinadas e aplicadas aos pequenos; por fim, uma din\u00e2mica e brincadeiras foram realizadas com todos os presentes, incluindo alguns pais que participaram [&hellip;]<\/p>\n","protected":false},"author":2,"featured_media":9997,"comment_status":"open","ping_status":"closed","sticky":false,"template":"","format":"standard","meta":{"_acf_changed":false,"footnotes":""},"categories":[611],"tags":[],"class_list":["post-9996","post","type-post","status-publish","format-standard","has-post-thumbnail","hentry","category-noticias"],"acf":[],"yoast_head":"<!-- This site is optimized with the Yoast SEO plugin v27.2 - https:\/\/yoast.com\/product\/yoast-seo-wordpress\/ -->\n<title>Crian\u00e7as participam do 1\u00ba encontro do Coral infantojuvenil da Igreja Pe Eust\u00e1quio<\/title>\n<meta name=\"description\" content=\"Nesse fim de semana, 13 crian\u00e7as participaram do primeiro encontro do Coral infantojuvenil do Santu\u00e1rio da Sa\u00fade e da Paz, a Igreja do Beato Padre Eust\u00e1quio. A reuni\u00e3o foi coordenada pelo postulante da Congrega\u00e7\u00e3o dos Sagrados Cora\u00e7\u00f5es, Douglas Santos e contou com a colabora\u00e7\u00e3o de Ros\u00e2ngela Machado, musicista volunt\u00e1ria do Santu\u00e1rio.\" \/>\n<meta name=\"robots\" content=\"index, follow, max-snippet:-1, max-image-preview:large, max-video-preview:-1\" \/>\n<link rel=\"canonical\" href=\"https:\/\/www.padreeustaquio.com.br\/en\/children-participate-in-the-1st-meeting-of-the-childrens-and-youth-choir-of-the-father-eustace-church\/\" \/>\n<meta property=\"og:locale\" content=\"en_US\" \/>\n<meta property=\"og:type\" content=\"article\" \/>\n<meta property=\"og:title\" content=\"Crian\u00e7as participam do 1\u00ba encontro do Coral infantojuvenil da Igreja Pe Eust\u00e1quio\" \/>\n<meta property=\"og:description\" content=\"Nesse fim de semana, 13 crian\u00e7as participaram do primeiro encontro do Coral infantojuvenil do Santu\u00e1rio da Sa\u00fade e da Paz, a Igreja do Beato Padre Eust\u00e1quio. A reuni\u00e3o foi coordenada pelo postulante da Congrega\u00e7\u00e3o dos Sagrados Cora\u00e7\u00f5es, Douglas Santos e contou com a colabora\u00e7\u00e3o de Ros\u00e2ngela Machado, musicista volunt\u00e1ria do Santu\u00e1rio.\" \/>\n<meta property=\"og:url\" content=\"https:\/\/www.padreeustaquio.com.br\/en\/children-participate-in-the-1st-meeting-of-the-childrens-and-youth-choir-of-the-father-eustace-church\/\" \/>\n<meta property=\"og:site_name\" content=\"Padre Eust\u00e1quio\" \/>\n<meta property=\"article:publisher\" content=\"https:\/\/www.facebook.com\/beatopadreeustaquio\/\" \/>\n<meta property=\"article:published_time\" content=\"2023-03-08T09:21:00+00:00\" \/>\n<meta property=\"og:image\" content=\"https:\/\/www.padreeustaquio.com.br\/wp-content\/uploads\/2023\/03\/Encontro-Coral-infantil.jpeg\" \/>\n\t<meta property=\"og:image:width\" content=\"1600\" \/>\n\t<meta property=\"og:image:height\" content=\"1200\" \/>\n\t<meta property=\"og:image:type\" content=\"image\/jpeg\" \/>\n<meta name=\"author\" content=\"@sscc\" \/>\n<meta name=\"twitter:card\" content=\"summary_large_image\" \/>\n<meta name=\"twitter:creator\" content=\"@beatopeustaquio\" \/>\n<meta name=\"twitter:site\" content=\"@beatopeustaquio\" \/>\n<meta name=\"twitter:label1\" content=\"Written by\" \/>\n\t<meta name=\"twitter:data1\" content=\"@sscc\" \/>\n\t<meta name=\"twitter:label2\" content=\"Est. reading time\" \/>\n\t<meta name=\"twitter:data2\" content=\"1 minute\" \/>\n<script type=\"application\/ld+json\" class=\"yoast-schema-graph\">{\"@context\":\"https:\/\/schema.org\",\"@graph\":[{\"@type\":\"Article\",\"@id\":\"https:\/\/www.padreeustaquio.com.br\/criancas-participam-do-1o-encontro-do-coral-infantojuvenil-da-igreja-pe-eustaquio\/#article\",\"isPartOf\":{\"@id\":\"https:\/\/www.padreeustaquio.com.br\/criancas-participam-do-1o-encontro-do-coral-infantojuvenil-da-igreja-pe-eustaquio\/\"},\"author\":{\"name\":\"@sscc\",\"@id\":\"https:\/\/www.padreeustaquio.com.br\/#\/schema\/person\/a2a51db1d00f1a7af0204a0f1ddb1566\"},\"headline\":\"Crian\u00e7as participam do 1\u00ba encontro do Coral infantojuvenil da Igreja Pe Eust\u00e1quio\",\"datePublished\":\"2023-03-08T09:21:00+00:00\",\"mainEntityOfPage\":{\"@id\":\"https:\/\/www.padreeustaquio.com.br\/criancas-participam-do-1o-encontro-do-coral-infantojuvenil-da-igreja-pe-eustaquio\/\"},\"wordCount\":180,\"commentCount\":0,\"publisher\":{\"@id\":\"https:\/\/www.padreeustaquio.com.br\/#organization\"},\"image\":{\"@id\":\"https:\/\/www.padreeustaquio.com.br\/criancas-participam-do-1o-encontro-do-coral-infantojuvenil-da-igreja-pe-eustaquio\/#primaryimage\"},\"thumbnailUrl\":\"https:\/\/www.padreeustaquio.com.br\/wp-content\/uploads\/2023\/03\/Encontro-Coral-infantil.jpeg\",\"articleSection\":[\"Not\u00edcias\"],\"inLanguage\":\"en-US\",\"potentialAction\":[{\"@type\":\"CommentAction\",\"name\":\"Comment\",\"target\":[\"https:\/\/www.padreeustaquio.com.br\/criancas-participam-do-1o-encontro-do-coral-infantojuvenil-da-igreja-pe-eustaquio\/#respond\"]}]},{\"@type\":\"WebPage\",\"@id\":\"https:\/\/www.padreeustaquio.com.br\/criancas-participam-do-1o-encontro-do-coral-infantojuvenil-da-igreja-pe-eustaquio\/\",\"url\":\"https:\/\/www.padreeustaquio.com.br\/criancas-participam-do-1o-encontro-do-coral-infantojuvenil-da-igreja-pe-eustaquio\/\",\"name\":\"Crian\u00e7as participam do 1\u00ba encontro do Coral infantojuvenil da Igreja Pe Eust\u00e1quio\",\"isPartOf\":{\"@id\":\"https:\/\/www.padreeustaquio.com.br\/#website\"},\"primaryImageOfPage\":{\"@id\":\"https:\/\/www.padreeustaquio.com.br\/criancas-participam-do-1o-encontro-do-coral-infantojuvenil-da-igreja-pe-eustaquio\/#primaryimage\"},\"image\":{\"@id\":\"https:\/\/www.padreeustaquio.com.br\/criancas-participam-do-1o-encontro-do-coral-infantojuvenil-da-igreja-pe-eustaquio\/#primaryimage\"},\"thumbnailUrl\":\"https:\/\/www.padreeustaquio.com.br\/wp-content\/uploads\/2023\/03\/Encontro-Coral-infantil.jpeg\",\"datePublished\":\"2023-03-08T09:21:00+00:00\",\"description\":\"Nesse fim de semana, 13 crian\u00e7as participaram do primeiro encontro do Coral infantojuvenil do Santu\u00e1rio da Sa\u00fade e da Paz, a Igreja do Beato Padre Eust\u00e1quio. A reuni\u00e3o foi coordenada pelo postulante da Congrega\u00e7\u00e3o dos Sagrados Cora\u00e7\u00f5es, Douglas Santos e contou com a colabora\u00e7\u00e3o de Ros\u00e2ngela Machado, musicista volunt\u00e1ria do Santu\u00e1rio.\",\"breadcrumb\":{\"@id\":\"https:\/\/www.padreeustaquio.com.br\/criancas-participam-do-1o-encontro-do-coral-infantojuvenil-da-igreja-pe-eustaquio\/#breadcrumb\"},\"inLanguage\":\"en-US\",\"potentialAction\":[{\"@type\":\"ReadAction\",\"target\":[\"https:\/\/www.padreeustaquio.com.br\/criancas-participam-do-1o-encontro-do-coral-infantojuvenil-da-igreja-pe-eustaquio\/\"]}]},{\"@type\":\"ImageObject\",\"inLanguage\":\"en-US\",\"@id\":\"https:\/\/www.padreeustaquio.com.br\/criancas-participam-do-1o-encontro-do-coral-infantojuvenil-da-igreja-pe-eustaquio\/#primaryimage\",\"url\":\"https:\/\/www.padreeustaquio.com.br\/wp-content\/uploads\/2023\/03\/Encontro-Coral-infantil.jpeg\",\"contentUrl\":\"https:\/\/www.padreeustaquio.com.br\/wp-content\/uploads\/2023\/03\/Encontro-Coral-infantil.jpeg\",\"width\":1600,\"height\":1200},{\"@type\":\"BreadcrumbList\",\"@id\":\"https:\/\/www.padreeustaquio.com.br\/criancas-participam-do-1o-encontro-do-coral-infantojuvenil-da-igreja-pe-eustaquio\/#breadcrumb\",\"itemListElement\":[{\"@type\":\"ListItem\",\"position\":1,\"name\":\"In\u00edcio\",\"item\":\"https:\/\/www.padreeustaquio.com.br\/\"},{\"@type\":\"ListItem\",\"position\":2,\"name\":\"Crian\u00e7as participam do 1\u00ba encontro do Coral infantojuvenil da Igreja Pe Eust\u00e1quio\"}]},{\"@type\":\"WebSite\",\"@id\":\"https:\/\/www.padreeustaquio.com.br\/#website\",\"url\":\"https:\/\/www.padreeustaquio.com.br\/\",\"name\":\"Padre Eust\u00e1quio\",\"description\":\"Sa\u00fade e Paz\",\"publisher\":{\"@id\":\"https:\/\/www.padreeustaquio.com.br\/#organization\"},\"potentialAction\":[{\"@type\":\"SearchAction\",\"target\":{\"@type\":\"EntryPoint\",\"urlTemplate\":\"https:\/\/www.padreeustaquio.com.br\/?s={search_term_string}\"},\"query-input\":{\"@type\":\"PropertyValueSpecification\",\"valueRequired\":true,\"valueName\":\"search_term_string\"}}],\"inLanguage\":\"en-US\"},{\"@type\":\"Organization\",\"@id\":\"https:\/\/www.padreeustaquio.com.br\/#organization\",\"name\":\"Padre Eust\u00e1quio\",\"url\":\"https:\/\/www.padreeustaquio.com.br\/\",\"logo\":{\"@type\":\"ImageObject\",\"inLanguage\":\"en-US\",\"@id\":\"https:\/\/www.padreeustaquio.com.br\/#\/schema\/logo\/image\/\",\"url\":\"https:\/\/www.padreeustaquio.com.br\/wp-content\/uploads\/2019\/08\/marca.png\",\"contentUrl\":\"https:\/\/www.padreeustaquio.com.br\/wp-content\/uploads\/2019\/08\/marca.png\",\"width\":350,\"height\":400,\"caption\":\"Padre Eust\u00e1quio\"},\"image\":{\"@id\":\"https:\/\/www.padreeustaquio.com.br\/#\/schema\/logo\/image\/\"},\"sameAs\":[\"https:\/\/www.facebook.com\/beatopadreeustaquio\/\",\"https:\/\/x.com\/beatopeustaquio\",\"https:\/\/www.instagram.com\/beatopadreeustaquio\/\",\"https:\/\/www.youtube.com\/channel\/UCRhw7vfabnajwLxb1ZXMeIw\"]},{\"@type\":\"Person\",\"@id\":\"https:\/\/www.padreeustaquio.com.br\/#\/schema\/person\/a2a51db1d00f1a7af0204a0f1ddb1566\",\"name\":\"@sscc\",\"image\":{\"@type\":\"ImageObject\",\"inLanguage\":\"en-US\",\"@id\":\"https:\/\/secure.gravatar.com\/avatar\/68cfafa5f44617fea54071e215026e0ff06be366c3d54a8425f04fdcb86f8c5f?s=96&d=mm&r=g\",\"url\":\"https:\/\/secure.gravatar.com\/avatar\/68cfafa5f44617fea54071e215026e0ff06be366c3d54a8425f04fdcb86f8c5f?s=96&d=mm&r=g\",\"contentUrl\":\"https:\/\/secure.gravatar.com\/avatar\/68cfafa5f44617fea54071e215026e0ff06be366c3d54a8425f04fdcb86f8c5f?s=96&d=mm&r=g\",\"caption\":\"@sscc\"},\"url\":\"https:\/\/www.padreeustaquio.com.br\/en\/author\/sscc\/\"}]}<\/script>\n<!-- \/ Yoast SEO plugin. -->","yoast_head_json":{"title":"Children participate in the 1st meeting of the children&#039;s and youth choir of the Father Eust\u00e1quio Church.","description":"This weekend, 13 children participated in the first meeting of the children&#039;s and youth choir of the Sanctuary of Health and Peace, the Church of Blessed Father Eustace. The meeting was coordinated by Douglas Santos, a postulant of the Congregation of the Sacred Hearts, and included the collaboration of Ros\u00e2ngela Machado, a volunteer musician at the Sanctuary.","robots":{"index":"index","follow":"follow","max-snippet":"max-snippet:-1","max-image-preview":"max-image-preview:large","max-video-preview":"max-video-preview:-1"},"canonical":"https:\/\/www.padreeustaquio.com.br\/en\/children-participate-in-the-1st-meeting-of-the-childrens-and-youth-choir-of-the-father-eustace-church\/","og_locale":"en_US","og_type":"article","og_title":"Crian\u00e7as participam do 1\u00ba encontro do Coral infantojuvenil da Igreja Pe Eust\u00e1quio","og_description":"Nesse fim de semana, 13 crian\u00e7as participaram do primeiro encontro do Coral infantojuvenil do Santu\u00e1rio da Sa\u00fade e da Paz, a Igreja do Beato Padre Eust\u00e1quio. A reuni\u00e3o foi coordenada pelo postulante da Congrega\u00e7\u00e3o dos Sagrados Cora\u00e7\u00f5es, Douglas Santos e contou com a colabora\u00e7\u00e3o de Ros\u00e2ngela Machado, musicista volunt\u00e1ria do Santu\u00e1rio.","og_url":"https:\/\/www.padreeustaquio.com.br\/en\/children-participate-in-the-1st-meeting-of-the-childrens-and-youth-choir-of-the-father-eustace-church\/","og_site_name":"Padre Eust\u00e1quio","article_publisher":"https:\/\/www.facebook.com\/beatopadreeustaquio\/","article_published_time":"2023-03-08T09:21:00+00:00","og_image":[{"width":1600,"height":1200,"url":"https:\/\/www.padreeustaquio.com.br\/wp-content\/uploads\/2023\/03\/Encontro-Coral-infantil.jpeg","type":"image\/jpeg"}],"author":"@sscc","twitter_card":"summary_large_image","twitter_creator":"@beatopeustaquio","twitter_site":"@beatopeustaquio","twitter_misc":{"Written by":"@sscc","Est. reading time":"1 minute"},"schema":{"@context":"https:\/\/schema.org","@graph":[{"@type":"Article","@id":"https:\/\/www.padreeustaquio.com.br\/criancas-participam-do-1o-encontro-do-coral-infantojuvenil-da-igreja-pe-eustaquio\/#article","isPartOf":{"@id":"https:\/\/www.padreeustaquio.com.br\/criancas-participam-do-1o-encontro-do-coral-infantojuvenil-da-igreja-pe-eustaquio\/"},"author":{"name":"@sscc","@id":"https:\/\/www.padreeustaquio.com.br\/#\/schema\/person\/a2a51db1d00f1a7af0204a0f1ddb1566"},"headline":"Crian\u00e7as participam do 1\u00ba encontro do Coral infantojuvenil da Igreja Pe Eust\u00e1quio","datePublished":"2023-03-08T09:21:00+00:00","mainEntityOfPage":{"@id":"https:\/\/www.padreeustaquio.com.br\/criancas-participam-do-1o-encontro-do-coral-infantojuvenil-da-igreja-pe-eustaquio\/"},"wordCount":180,"commentCount":0,"publisher":{"@id":"https:\/\/www.padreeustaquio.com.br\/#organization"},"image":{"@id":"https:\/\/www.padreeustaquio.com.br\/criancas-participam-do-1o-encontro-do-coral-infantojuvenil-da-igreja-pe-eustaquio\/#primaryimage"},"thumbnailUrl":"https:\/\/www.padreeustaquio.com.br\/wp-content\/uploads\/2023\/03\/Encontro-Coral-infantil.jpeg","articleSection":["Not\u00edcias"],"inLanguage":"en-US","potentialAction":[{"@type":"CommentAction","name":"Comment","target":["https:\/\/www.padreeustaquio.com.br\/criancas-participam-do-1o-encontro-do-coral-infantojuvenil-da-igreja-pe-eustaquio\/#respond"]}]},{"@type":"WebPage","@id":"https:\/\/www.padreeustaquio.com.br\/criancas-participam-do-1o-encontro-do-coral-infantojuvenil-da-igreja-pe-eustaquio\/","url":"https:\/\/www.padreeustaquio.com.br\/criancas-participam-do-1o-encontro-do-coral-infantojuvenil-da-igreja-pe-eustaquio\/","name":"Children participate in the 1st meeting of the children&#039;s and youth choir of the Father Eust\u00e1quio Church.","isPartOf":{"@id":"https:\/\/www.padreeustaquio.com.br\/#website"},"primaryImageOfPage":{"@id":"https:\/\/www.padreeustaquio.com.br\/criancas-participam-do-1o-encontro-do-coral-infantojuvenil-da-igreja-pe-eustaquio\/#primaryimage"},"image":{"@id":"https:\/\/www.padreeustaquio.com.br\/criancas-participam-do-1o-encontro-do-coral-infantojuvenil-da-igreja-pe-eustaquio\/#primaryimage"},"thumbnailUrl":"https:\/\/www.padreeustaquio.com.br\/wp-content\/uploads\/2023\/03\/Encontro-Coral-infantil.jpeg","datePublished":"2023-03-08T09:21:00+00:00","description":"This weekend, 13 children participated in the first meeting of the children&#039;s and youth choir of the Sanctuary of Health and Peace, the Church of Blessed Father Eustace. The meeting was coordinated by Douglas Santos, a postulant of the Congregation of the Sacred Hearts, and included the collaboration of Ros\u00e2ngela Machado, a volunteer musician at the Sanctuary.","breadcrumb":{"@id":"https:\/\/www.padreeustaquio.com.br\/criancas-participam-do-1o-encontro-do-coral-infantojuvenil-da-igreja-pe-eustaquio\/#breadcrumb"},"inLanguage":"en-US","potentialAction":[{"@type":"ReadAction","target":["https:\/\/www.padreeustaquio.com.br\/criancas-participam-do-1o-encontro-do-coral-infantojuvenil-da-igreja-pe-eustaquio\/"]}]},{"@type":"ImageObject","inLanguage":"en-US","@id":"https:\/\/www.padreeustaquio.com.br\/criancas-participam-do-1o-encontro-do-coral-infantojuvenil-da-igreja-pe-eustaquio\/#primaryimage","url":"https:\/\/www.padreeustaquio.com.br\/wp-content\/uploads\/2023\/03\/Encontro-Coral-infantil.jpeg","contentUrl":"https:\/\/www.padreeustaquio.com.br\/wp-content\/uploads\/2023\/03\/Encontro-Coral-infantil.jpeg","width":1600,"height":1200},{"@type":"BreadcrumbList","@id":"https:\/\/www.padreeustaquio.com.br\/criancas-participam-do-1o-encontro-do-coral-infantojuvenil-da-igreja-pe-eustaquio\/#breadcrumb","itemListElement":[{"@type":"ListItem","position":1,"name":"In\u00edcio","item":"https:\/\/www.padreeustaquio.com.br\/"},{"@type":"ListItem","position":2,"name":"Crian\u00e7as participam do 1\u00ba encontro do Coral infantojuvenil da Igreja Pe Eust\u00e1quio"}]},{"@type":"WebSite","@id":"https:\/\/www.padreeustaquio.com.br\/#website","url":"https:\/\/www.padreeustaquio.com.br\/","name":"FATHER EUST\u00c1QUIO","description":"Health and Peace","publisher":{"@id":"https:\/\/www.padreeustaquio.com.br\/#organization"},"potentialAction":[{"@type":"SearchAction","target":{"@type":"EntryPoint","urlTemplate":"https:\/\/www.padreeustaquio.com.br\/?s={search_term_string}"},"query-input":{"@type":"PropertyValueSpecification","valueRequired":true,"valueName":"search_term_string"}}],"inLanguage":"en-US"},{"@type":"Organization","@id":"https:\/\/www.padreeustaquio.com.br\/#organization","name":"FATHER EUST\u00c1QUIO","url":"https:\/\/www.padreeustaquio.com.br\/","logo":{"@type":"ImageObject","inLanguage":"en-US","@id":"https:\/\/www.padreeustaquio.com.br\/#\/schema\/logo\/image\/","url":"https:\/\/www.padreeustaquio.com.br\/wp-content\/uploads\/2019\/08\/marca.png","contentUrl":"https:\/\/www.padreeustaquio.com.br\/wp-content\/uploads\/2019\/08\/marca.png","width":350,"height":400,"caption":"Padre Eust\u00e1quio"},"image":{"@id":"https:\/\/www.padreeustaquio.com.br\/#\/schema\/logo\/image\/"},"sameAs":["https:\/\/www.facebook.com\/beatopadreeustaquio\/","https:\/\/x.com\/beatopeustaquio","https:\/\/www.instagram.com\/beatopadreeustaquio\/","https:\/\/www.youtube.com\/channel\/UCRhw7vfabnajwLxb1ZXMeIw"]},{"@type":"Person","@id":"https:\/\/www.padreeustaquio.com.br\/#\/schema\/person\/a2a51db1d00f1a7af0204a0f1ddb1566","name":"@sscc","image":{"@type":"ImageObject","inLanguage":"en-US","@id":"https:\/\/secure.gravatar.com\/avatar\/68cfafa5f44617fea54071e215026e0ff06be366c3d54a8425f04fdcb86f8c5f?s=96&d=mm&r=g","url":"https:\/\/secure.gravatar.com\/avatar\/68cfafa5f44617fea54071e215026e0ff06be366c3d54a8425f04fdcb86f8c5f?s=96&d=mm&r=g","contentUrl":"https:\/\/secure.gravatar.com\/avatar\/68cfafa5f44617fea54071e215026e0ff06be366c3d54a8425f04fdcb86f8c5f?s=96&d=mm&r=g","caption":"@sscc"},"url":"https:\/\/www.padreeustaquio.com.br\/en\/author\/sscc\/"}]}},"_links":{"self":[{"href":"https:\/\/www.padreeustaquio.com.br\/en\/wp-json\/wp\/v2\/posts\/9996","targetHints":{"allow":["GET"]}}],"collection":[{"href":"https:\/\/www.padreeustaquio.com.br\/en\/wp-json\/wp\/v2\/posts"}],"about":[{"href":"https:\/\/www.padreeustaquio.com.br\/en\/wp-json\/wp\/v2\/types\/post"}],"author":[{"embeddable":true,"href":"https:\/\/www.padreeustaquio.com.br\/en\/wp-json\/wp\/v2\/users\/2"}],"replies":[{"embeddable":true,"href":"https:\/\/www.padreeustaquio.com.br\/en\/wp-json\/wp\/v2\/comments?post=9996"}],"version-history":[{"count":0,"href":"https:\/\/www.padreeustaquio.com.br\/en\/wp-json\/wp\/v2\/posts\/9996\/revisions"}],"wp:featuredmedia":[{"embeddable":true,"href":"https:\/\/www.padreeustaquio.com.br\/en\/wp-json\/wp\/v2\/media\/9997"}],"wp:attachment":[{"href":"https:\/\/www.padreeustaquio.com.br\/en\/wp-json\/wp\/v2\/media?parent=9996"}],"wp:term":[{"taxonomy":"category","embeddable":true,"href":"https:\/\/www.padreeustaquio.com.br\/en\/wp-json\/wp\/v2\/categories?post=9996"},{"taxonomy":"post_tag","embeddable":true,"href":"https:\/\/www.padreeustaquio.com.br\/en\/wp-json\/wp\/v2\/tags?post=9996"}],"curies":[{"name":"wp","href":"https:\/\/api.w.org\/{rel}","templated":true}]}}