{"id":9993,"date":"2023-03-09T06:12:00","date_gmt":"2023-03-09T09:12:00","guid":{"rendered":"https:\/\/www.padreeustaquio.com.br\/?p=9993"},"modified":"2023-03-05T20:21:47","modified_gmt":"2023-03-05T23:21:47","slug":"the-crown-of-sorrows-of-our-lady-will-be-held-this-friday-at-the-father-eustace-church","status":"publish","type":"post","link":"https:\/\/www.padreeustaquio.com.br\/en\/the-crown-of-sorrows-of-our-lady-will-be-held-this-friday-at-the-father-eustace-church\/","title":{"rendered":"The Crown of Sorrows of Our Lady will be held this Friday at the Church of Father Eust\u00e1quio."},"content":{"rendered":"<p>Lent is a time to remember and reflect on the Passion and Death of Jesus, but also on the sorrows that Our Lady endured as she witnessed her son&#039;s suffering.<\/p>\n\n\n\n<p>The reflection on the Crown of the Seven Sorrows of Our Lady recalls the main moments of sorrow experienced by Mary in her earthly life, culminating in the passion, death, and burial of her Son.<\/p>\n\n\n\n<p>At the Sanctuary of Health and Peace, Church of Blessed Father Eustace, the Crown of Sorrows of Our Lady will be held every Friday during Lent. The event begins with a Mass at 6:00 AM, followed by the Rosary of the Crown on Mondays at 6:30 AM.<\/p>\n\n\n\n<p><strong>The Seven Sorrows of Our Lady<\/strong><\/p>\n\n\n\n<p>Below are the seven sorrows suffered by Our Lady during her earthly life:<\/p>\n\n\n\n<p><em>1 \u2013 The acceptance of Simeon&#039;s prophecy<\/em><\/p>\n\n\n\n<p>\u201c&quot;Simeon blessed them and said to Mary, his mother: &#039;Behold, this child is destined for the fall and rise of many in Israel, and to be a sign that will be contradicted. And a sword will pierce your own soul too.&#039;&quot; (Luke 2:34-35).<\/p>\n\n\n\n<p><em>2 \u2013 Mary&#039;s flight to Egypt with Jesus and Joseph<\/em><\/p>\n\n\n\n<p>\u201cThe angel of the Lord appeared to Joseph in a dream and said, \u201dGet up, take the child and his mother, and flee to Egypt, and remain there until I tell you; for Herod is about to search for the child to destroy him.\u2019 So he got up, took the child and his mother, and went to Egypt.\u201d (Matthew 2:13-14).<\/p>\n\n\n\n<p><em>3 \u2013 Mary searching for Jesus lost in Jerusalem<\/em><\/p>\n\n\n\n<p>\u201c&quot;When the days of the Passover festival were over, as they were returning home, the boy Jesus stayed behind in Jerusalem, but his parents did not realize it. Thinking he was in the caravan, they traveled a day\u2019s journey and began looking for him among their relatives and friends. When they did not find him, they went back to Jerusalem to look for him.&quot; (Luke 2:43b-45).<\/p>\n\n\n\n<p><em>4 \u2013 Mary&#039;s encounter with Jesus on Calvary<\/em><\/p>\n\n\n\n<p>\u201cAs they led Jesus away, they seized a man from Cyrene, named Simon, who was coming in from the country, and they put the cross on him to carry it behind Jesus. A large crowd of people followed him, including women who mourned and wailed for him.\u201d (Luke 23:26-27).<\/p>\n\n\n\n<p><em>5 \u2013 Mary&#039;s presence by Jesus&#039; side at the Cross<\/em><\/p>\n\n\n\n<p>Standing near the cross of Jesus were his mother, his mother\u2019s sister, Mary of Clopas, and Mary Magdalene. When Jesus saw his mother and the disciple whom he loved standing nearby, he said to his mother, \u201cWoman, here is your son.\u201d Then he said to the disciple, \u201cHere is your mother.\u201d (John 19:15-27a).<\/p>\n\n\n\n<p><em>6 \u2013 Mary receiving the body of Jesus in her arms<\/em><\/p>\n\n\n\n<p>\u201c&quot;When evening came, since it was Preparation Day (that is, the day before the Sabbath), Joseph of Arimathea came, went boldly to Pilate and asked for Jesus\u201d body. Pilate then gave it to Joseph, who took it down from the cross.&quot; (Mark 15:42).<\/p>\n\n\n\n<p><em>7 \u2013 Mary carrying Jesus&#039; body to the tomb<\/em><\/p>\n\n\n\n<p>The disciples took Jesus\u2019 body and wrapped it in linen cloths with spices, according to the Jewish burial custom. Near the place where he was crucified there was a garden, and in the garden a new tomb in which no one had yet been laid. It was there that they laid Jesus (John 19:40-42a).<\/p>\n\n\n\n<p><\/p>","protected":false},"excerpt":{"rendered":"<p>A Quaresma \u00e9 um momento de lembrarmos e refletirmos sobre a Paix\u00e3o e Morte de Jesus, mas tamb\u00e9m sobre as dores que Nossa Senhora carregou ao ver o sofrimento do filho. A reflex\u00e3o da Coroa das Sete Dores de Nossa Senhora relembra os principais momentos de dor vividos por Maria em sua vida terrena, culminando com a paix\u00e3o, morte e sepultamento de seu Filho. No Santu\u00e1rio da Sa\u00fade e da Paz, Igreja do Beato Padre Eust\u00e1quio, a Coroa das Dores de Nossa Senhora ser\u00e1 realizada todas as sextas-feiras durante a Quaresma. O momento come\u00e7a com uma missa sempre \u00e0s 6h, [&hellip;]<\/p>\n","protected":false},"author":2,"featured_media":9994,"comment_status":"open","ping_status":"closed","sticky":false,"template":"","format":"standard","meta":{"_acf_changed":false,"footnotes":""},"categories":[611],"tags":[],"class_list":["post-9993","post","type-post","status-publish","format-standard","has-post-thumbnail","hentry","category-noticias"],"acf":[],"yoast_head":"<!-- This site is optimized with the Yoast SEO plugin v27.2 - https:\/\/yoast.com\/product\/yoast-seo-wordpress\/ -->\n<title>Coroa das Dores de Nossa Senhora ser\u00e1 realizada nesta sexta na Igreja do Pe Eust\u00e1quio<\/title>\n<meta name=\"description\" content=\"A Quaresma \u00e9 um momento de lembrarmos e refletirmos sobre a Paix\u00e3o e Morte de Jesus, mas tamb\u00e9m sobre as dores que Nossa Senhora carregou ao ver o sofrimento do filho. No Santu\u00e1rio da Sa\u00fade e da Paz, Igreja do Beato Padre Eust\u00e1quio, a Coroa das Dores de Nossa Senhora ser\u00e1 realizada todas as sextas-feiras durante a Quaresma. O momento come\u00e7a com uma missa sempre \u00e0s 6h, e logo em segunda, \u00e0s 6h30, \u00e9 realizado o Ter\u00e7o da Coroa.\" \/>\n<meta name=\"robots\" content=\"index, follow, max-snippet:-1, max-image-preview:large, max-video-preview:-1\" \/>\n<link rel=\"canonical\" href=\"https:\/\/www.padreeustaquio.com.br\/en\/the-crown-of-sorrows-of-our-lady-will-be-held-this-friday-at-the-father-eustace-church\/\" \/>\n<meta property=\"og:locale\" content=\"en_US\" \/>\n<meta property=\"og:type\" content=\"article\" \/>\n<meta property=\"og:title\" content=\"Coroa das Dores de Nossa Senhora ser\u00e1 realizada nesta sexta na Igreja do Pe Eust\u00e1quio\" \/>\n<meta property=\"og:description\" content=\"A Quaresma \u00e9 um momento de lembrarmos e refletirmos sobre a Paix\u00e3o e Morte de Jesus, mas tamb\u00e9m sobre as dores que Nossa Senhora carregou ao ver o sofrimento do filho. No Santu\u00e1rio da Sa\u00fade e da Paz, Igreja do Beato Padre Eust\u00e1quio, a Coroa das Dores de Nossa Senhora ser\u00e1 realizada todas as sextas-feiras durante a Quaresma. O momento come\u00e7a com uma missa sempre \u00e0s 6h, e logo em segunda, \u00e0s 6h30, \u00e9 realizado o Ter\u00e7o da Coroa.\" \/>\n<meta property=\"og:url\" content=\"https:\/\/www.padreeustaquio.com.br\/en\/the-crown-of-sorrows-of-our-lady-will-be-held-this-friday-at-the-father-eustace-church\/\" \/>\n<meta property=\"og:site_name\" content=\"Padre Eust\u00e1quio\" \/>\n<meta property=\"article:publisher\" content=\"https:\/\/www.facebook.com\/beatopadreeustaquio\/\" \/>\n<meta property=\"article:published_time\" content=\"2023-03-09T09:12:00+00:00\" \/>\n<meta property=\"og:image\" content=\"https:\/\/www.padreeustaquio.com.br\/wp-content\/uploads\/2023\/03\/coroa.jpeg\" \/>\n\t<meta property=\"og:image:width\" content=\"1024\" \/>\n\t<meta property=\"og:image:height\" content=\"576\" \/>\n\t<meta property=\"og:image:type\" content=\"image\/jpeg\" \/>\n<meta name=\"author\" content=\"@sscc\" \/>\n<meta name=\"twitter:card\" content=\"summary_large_image\" \/>\n<meta name=\"twitter:creator\" content=\"@beatopeustaquio\" \/>\n<meta name=\"twitter:site\" content=\"@beatopeustaquio\" \/>\n<meta name=\"twitter:label1\" content=\"Written by\" \/>\n\t<meta name=\"twitter:data1\" content=\"@sscc\" \/>\n\t<meta name=\"twitter:label2\" content=\"Est. reading time\" \/>\n\t<meta name=\"twitter:data2\" content=\"3 minutes\" \/>\n<script type=\"application\/ld+json\" class=\"yoast-schema-graph\">{\"@context\":\"https:\/\/schema.org\",\"@graph\":[{\"@type\":\"Article\",\"@id\":\"https:\/\/www.padreeustaquio.com.br\/coroa-das-dores-de-nossa-senhora-sera-realizada-nesta-sexta-na-igreja-do-pe-eustaquio\/#article\",\"isPartOf\":{\"@id\":\"https:\/\/www.padreeustaquio.com.br\/coroa-das-dores-de-nossa-senhora-sera-realizada-nesta-sexta-na-igreja-do-pe-eustaquio\/\"},\"author\":{\"name\":\"@sscc\",\"@id\":\"https:\/\/www.padreeustaquio.com.br\/#\/schema\/person\/a2a51db1d00f1a7af0204a0f1ddb1566\"},\"headline\":\"Coroa das Dores de Nossa Senhora ser\u00e1 realizada nesta sexta na Igreja do Pe Eust\u00e1quio\",\"datePublished\":\"2023-03-09T09:12:00+00:00\",\"mainEntityOfPage\":{\"@id\":\"https:\/\/www.padreeustaquio.com.br\/coroa-das-dores-de-nossa-senhora-sera-realizada-nesta-sexta-na-igreja-do-pe-eustaquio\/\"},\"wordCount\":583,\"commentCount\":0,\"publisher\":{\"@id\":\"https:\/\/www.padreeustaquio.com.br\/#organization\"},\"image\":{\"@id\":\"https:\/\/www.padreeustaquio.com.br\/coroa-das-dores-de-nossa-senhora-sera-realizada-nesta-sexta-na-igreja-do-pe-eustaquio\/#primaryimage\"},\"thumbnailUrl\":\"https:\/\/www.padreeustaquio.com.br\/wp-content\/uploads\/2023\/03\/coroa.jpeg\",\"articleSection\":[\"Not\u00edcias\"],\"inLanguage\":\"en-US\",\"potentialAction\":[{\"@type\":\"CommentAction\",\"name\":\"Comment\",\"target\":[\"https:\/\/www.padreeustaquio.com.br\/coroa-das-dores-de-nossa-senhora-sera-realizada-nesta-sexta-na-igreja-do-pe-eustaquio\/#respond\"]}]},{\"@type\":\"WebPage\",\"@id\":\"https:\/\/www.padreeustaquio.com.br\/coroa-das-dores-de-nossa-senhora-sera-realizada-nesta-sexta-na-igreja-do-pe-eustaquio\/\",\"url\":\"https:\/\/www.padreeustaquio.com.br\/coroa-das-dores-de-nossa-senhora-sera-realizada-nesta-sexta-na-igreja-do-pe-eustaquio\/\",\"name\":\"Coroa das Dores de Nossa Senhora ser\u00e1 realizada nesta sexta na Igreja do Pe Eust\u00e1quio\",\"isPartOf\":{\"@id\":\"https:\/\/www.padreeustaquio.com.br\/#website\"},\"primaryImageOfPage\":{\"@id\":\"https:\/\/www.padreeustaquio.com.br\/coroa-das-dores-de-nossa-senhora-sera-realizada-nesta-sexta-na-igreja-do-pe-eustaquio\/#primaryimage\"},\"image\":{\"@id\":\"https:\/\/www.padreeustaquio.com.br\/coroa-das-dores-de-nossa-senhora-sera-realizada-nesta-sexta-na-igreja-do-pe-eustaquio\/#primaryimage\"},\"thumbnailUrl\":\"https:\/\/www.padreeustaquio.com.br\/wp-content\/uploads\/2023\/03\/coroa.jpeg\",\"datePublished\":\"2023-03-09T09:12:00+00:00\",\"description\":\"A Quaresma \u00e9 um momento de lembrarmos e refletirmos sobre a Paix\u00e3o e Morte de Jesus, mas tamb\u00e9m sobre as dores que Nossa Senhora carregou ao ver o sofrimento do filho. No Santu\u00e1rio da Sa\u00fade e da Paz, Igreja do Beato Padre Eust\u00e1quio, a Coroa das Dores de Nossa Senhora ser\u00e1 realizada todas as sextas-feiras durante a Quaresma. O momento come\u00e7a com uma missa sempre \u00e0s 6h, e logo em segunda, \u00e0s 6h30, \u00e9 realizado o Ter\u00e7o da Coroa.\",\"breadcrumb\":{\"@id\":\"https:\/\/www.padreeustaquio.com.br\/coroa-das-dores-de-nossa-senhora-sera-realizada-nesta-sexta-na-igreja-do-pe-eustaquio\/#breadcrumb\"},\"inLanguage\":\"en-US\",\"potentialAction\":[{\"@type\":\"ReadAction\",\"target\":[\"https:\/\/www.padreeustaquio.com.br\/coroa-das-dores-de-nossa-senhora-sera-realizada-nesta-sexta-na-igreja-do-pe-eustaquio\/\"]}]},{\"@type\":\"ImageObject\",\"inLanguage\":\"en-US\",\"@id\":\"https:\/\/www.padreeustaquio.com.br\/coroa-das-dores-de-nossa-senhora-sera-realizada-nesta-sexta-na-igreja-do-pe-eustaquio\/#primaryimage\",\"url\":\"https:\/\/www.padreeustaquio.com.br\/wp-content\/uploads\/2023\/03\/coroa.jpeg\",\"contentUrl\":\"https:\/\/www.padreeustaquio.com.br\/wp-content\/uploads\/2023\/03\/coroa.jpeg\",\"width\":1024,\"height\":576},{\"@type\":\"BreadcrumbList\",\"@id\":\"https:\/\/www.padreeustaquio.com.br\/coroa-das-dores-de-nossa-senhora-sera-realizada-nesta-sexta-na-igreja-do-pe-eustaquio\/#breadcrumb\",\"itemListElement\":[{\"@type\":\"ListItem\",\"position\":1,\"name\":\"In\u00edcio\",\"item\":\"https:\/\/www.padreeustaquio.com.br\/\"},{\"@type\":\"ListItem\",\"position\":2,\"name\":\"Coroa das Dores de Nossa Senhora ser\u00e1 realizada nesta sexta na Igreja do Pe Eust\u00e1quio\"}]},{\"@type\":\"WebSite\",\"@id\":\"https:\/\/www.padreeustaquio.com.br\/#website\",\"url\":\"https:\/\/www.padreeustaquio.com.br\/\",\"name\":\"Padre Eust\u00e1quio\",\"description\":\"Sa\u00fade e Paz\",\"publisher\":{\"@id\":\"https:\/\/www.padreeustaquio.com.br\/#organization\"},\"potentialAction\":[{\"@type\":\"SearchAction\",\"target\":{\"@type\":\"EntryPoint\",\"urlTemplate\":\"https:\/\/www.padreeustaquio.com.br\/?s={search_term_string}\"},\"query-input\":{\"@type\":\"PropertyValueSpecification\",\"valueRequired\":true,\"valueName\":\"search_term_string\"}}],\"inLanguage\":\"en-US\"},{\"@type\":\"Organization\",\"@id\":\"https:\/\/www.padreeustaquio.com.br\/#organization\",\"name\":\"Padre Eust\u00e1quio\",\"url\":\"https:\/\/www.padreeustaquio.com.br\/\",\"logo\":{\"@type\":\"ImageObject\",\"inLanguage\":\"en-US\",\"@id\":\"https:\/\/www.padreeustaquio.com.br\/#\/schema\/logo\/image\/\",\"url\":\"https:\/\/www.padreeustaquio.com.br\/wp-content\/uploads\/2019\/08\/marca.png\",\"contentUrl\":\"https:\/\/www.padreeustaquio.com.br\/wp-content\/uploads\/2019\/08\/marca.png\",\"width\":350,\"height\":400,\"caption\":\"Padre Eust\u00e1quio\"},\"image\":{\"@id\":\"https:\/\/www.padreeustaquio.com.br\/#\/schema\/logo\/image\/\"},\"sameAs\":[\"https:\/\/www.facebook.com\/beatopadreeustaquio\/\",\"https:\/\/x.com\/beatopeustaquio\",\"https:\/\/www.instagram.com\/beatopadreeustaquio\/\",\"https:\/\/www.youtube.com\/channel\/UCRhw7vfabnajwLxb1ZXMeIw\"]},{\"@type\":\"Person\",\"@id\":\"https:\/\/www.padreeustaquio.com.br\/#\/schema\/person\/a2a51db1d00f1a7af0204a0f1ddb1566\",\"name\":\"@sscc\",\"image\":{\"@type\":\"ImageObject\",\"inLanguage\":\"en-US\",\"@id\":\"https:\/\/secure.gravatar.com\/avatar\/68cfafa5f44617fea54071e215026e0ff06be366c3d54a8425f04fdcb86f8c5f?s=96&d=mm&r=g\",\"url\":\"https:\/\/secure.gravatar.com\/avatar\/68cfafa5f44617fea54071e215026e0ff06be366c3d54a8425f04fdcb86f8c5f?s=96&d=mm&r=g\",\"contentUrl\":\"https:\/\/secure.gravatar.com\/avatar\/68cfafa5f44617fea54071e215026e0ff06be366c3d54a8425f04fdcb86f8c5f?s=96&d=mm&r=g\",\"caption\":\"@sscc\"},\"url\":\"https:\/\/www.padreeustaquio.com.br\/en\/author\/sscc\/\"}]}<\/script>\n<!-- \/ Yoast SEO plugin. -->","yoast_head_json":{"title":"The Crown of Sorrows of Our Lady will be held this Friday at the Church of Father Eust\u00e1quio.","description":"Lent is a time to remember and reflect on the Passion and Death of Jesus, but also on the sorrows that Our Lady bore as she witnessed her son&#039;s suffering. At the Sanctuary of Health and Peace, Church of Blessed Father Eustace, the Crown of Sorrows of Our Lady will be held every Friday during Lent. It begins with a Mass at 6:00 AM, and then on Mondays, at 6:30 AM, the Rosary of the Crown is recited.","robots":{"index":"index","follow":"follow","max-snippet":"max-snippet:-1","max-image-preview":"max-image-preview:large","max-video-preview":"max-video-preview:-1"},"canonical":"https:\/\/www.padreeustaquio.com.br\/en\/the-crown-of-sorrows-of-our-lady-will-be-held-this-friday-at-the-father-eustace-church\/","og_locale":"en_US","og_type":"article","og_title":"Coroa das Dores de Nossa Senhora ser\u00e1 realizada nesta sexta na Igreja do Pe Eust\u00e1quio","og_description":"A Quaresma \u00e9 um momento de lembrarmos e refletirmos sobre a Paix\u00e3o e Morte de Jesus, mas tamb\u00e9m sobre as dores que Nossa Senhora carregou ao ver o sofrimento do filho. No Santu\u00e1rio da Sa\u00fade e da Paz, Igreja do Beato Padre Eust\u00e1quio, a Coroa das Dores de Nossa Senhora ser\u00e1 realizada todas as sextas-feiras durante a Quaresma. O momento come\u00e7a com uma missa sempre \u00e0s 6h, e logo em segunda, \u00e0s 6h30, \u00e9 realizado o Ter\u00e7o da Coroa.","og_url":"https:\/\/www.padreeustaquio.com.br\/en\/the-crown-of-sorrows-of-our-lady-will-be-held-this-friday-at-the-father-eustace-church\/","og_site_name":"Padre Eust\u00e1quio","article_publisher":"https:\/\/www.facebook.com\/beatopadreeustaquio\/","article_published_time":"2023-03-09T09:12:00+00:00","og_image":[{"width":1024,"height":576,"url":"https:\/\/www.padreeustaquio.com.br\/wp-content\/uploads\/2023\/03\/coroa.jpeg","type":"image\/jpeg"}],"author":"@sscc","twitter_card":"summary_large_image","twitter_creator":"@beatopeustaquio","twitter_site":"@beatopeustaquio","twitter_misc":{"Written by":"@sscc","Est. reading time":"3 minutes"},"schema":{"@context":"https:\/\/schema.org","@graph":[{"@type":"Article","@id":"https:\/\/www.padreeustaquio.com.br\/coroa-das-dores-de-nossa-senhora-sera-realizada-nesta-sexta-na-igreja-do-pe-eustaquio\/#article","isPartOf":{"@id":"https:\/\/www.padreeustaquio.com.br\/coroa-das-dores-de-nossa-senhora-sera-realizada-nesta-sexta-na-igreja-do-pe-eustaquio\/"},"author":{"name":"@sscc","@id":"https:\/\/www.padreeustaquio.com.br\/#\/schema\/person\/a2a51db1d00f1a7af0204a0f1ddb1566"},"headline":"Coroa das Dores de Nossa Senhora ser\u00e1 realizada nesta sexta na Igreja do Pe Eust\u00e1quio","datePublished":"2023-03-09T09:12:00+00:00","mainEntityOfPage":{"@id":"https:\/\/www.padreeustaquio.com.br\/coroa-das-dores-de-nossa-senhora-sera-realizada-nesta-sexta-na-igreja-do-pe-eustaquio\/"},"wordCount":583,"commentCount":0,"publisher":{"@id":"https:\/\/www.padreeustaquio.com.br\/#organization"},"image":{"@id":"https:\/\/www.padreeustaquio.com.br\/coroa-das-dores-de-nossa-senhora-sera-realizada-nesta-sexta-na-igreja-do-pe-eustaquio\/#primaryimage"},"thumbnailUrl":"https:\/\/www.padreeustaquio.com.br\/wp-content\/uploads\/2023\/03\/coroa.jpeg","articleSection":["Not\u00edcias"],"inLanguage":"en-US","potentialAction":[{"@type":"CommentAction","name":"Comment","target":["https:\/\/www.padreeustaquio.com.br\/coroa-das-dores-de-nossa-senhora-sera-realizada-nesta-sexta-na-igreja-do-pe-eustaquio\/#respond"]}]},{"@type":"WebPage","@id":"https:\/\/www.padreeustaquio.com.br\/coroa-das-dores-de-nossa-senhora-sera-realizada-nesta-sexta-na-igreja-do-pe-eustaquio\/","url":"https:\/\/www.padreeustaquio.com.br\/coroa-das-dores-de-nossa-senhora-sera-realizada-nesta-sexta-na-igreja-do-pe-eustaquio\/","name":"The Crown of Sorrows of Our Lady will be held this Friday at the Church of Father Eust\u00e1quio.","isPartOf":{"@id":"https:\/\/www.padreeustaquio.com.br\/#website"},"primaryImageOfPage":{"@id":"https:\/\/www.padreeustaquio.com.br\/coroa-das-dores-de-nossa-senhora-sera-realizada-nesta-sexta-na-igreja-do-pe-eustaquio\/#primaryimage"},"image":{"@id":"https:\/\/www.padreeustaquio.com.br\/coroa-das-dores-de-nossa-senhora-sera-realizada-nesta-sexta-na-igreja-do-pe-eustaquio\/#primaryimage"},"thumbnailUrl":"https:\/\/www.padreeustaquio.com.br\/wp-content\/uploads\/2023\/03\/coroa.jpeg","datePublished":"2023-03-09T09:12:00+00:00","description":"Lent is a time to remember and reflect on the Passion and Death of Jesus, but also on the sorrows that Our Lady bore as she witnessed her son&#039;s suffering. At the Sanctuary of Health and Peace, Church of Blessed Father Eustace, the Crown of Sorrows of Our Lady will be held every Friday during Lent. It begins with a Mass at 6:00 AM, and then on Mondays, at 6:30 AM, the Rosary of the Crown is recited.","breadcrumb":{"@id":"https:\/\/www.padreeustaquio.com.br\/coroa-das-dores-de-nossa-senhora-sera-realizada-nesta-sexta-na-igreja-do-pe-eustaquio\/#breadcrumb"},"inLanguage":"en-US","potentialAction":[{"@type":"ReadAction","target":["https:\/\/www.padreeustaquio.com.br\/coroa-das-dores-de-nossa-senhora-sera-realizada-nesta-sexta-na-igreja-do-pe-eustaquio\/"]}]},{"@type":"ImageObject","inLanguage":"en-US","@id":"https:\/\/www.padreeustaquio.com.br\/coroa-das-dores-de-nossa-senhora-sera-realizada-nesta-sexta-na-igreja-do-pe-eustaquio\/#primaryimage","url":"https:\/\/www.padreeustaquio.com.br\/wp-content\/uploads\/2023\/03\/coroa.jpeg","contentUrl":"https:\/\/www.padreeustaquio.com.br\/wp-content\/uploads\/2023\/03\/coroa.jpeg","width":1024,"height":576},{"@type":"BreadcrumbList","@id":"https:\/\/www.padreeustaquio.com.br\/coroa-das-dores-de-nossa-senhora-sera-realizada-nesta-sexta-na-igreja-do-pe-eustaquio\/#breadcrumb","itemListElement":[{"@type":"ListItem","position":1,"name":"In\u00edcio","item":"https:\/\/www.padreeustaquio.com.br\/"},{"@type":"ListItem","position":2,"name":"Coroa das Dores de Nossa Senhora ser\u00e1 realizada nesta sexta na Igreja do Pe Eust\u00e1quio"}]},{"@type":"WebSite","@id":"https:\/\/www.padreeustaquio.com.br\/#website","url":"https:\/\/www.padreeustaquio.com.br\/","name":"FATHER EUST\u00c1QUIO","description":"Health and Peace","publisher":{"@id":"https:\/\/www.padreeustaquio.com.br\/#organization"},"potentialAction":[{"@type":"SearchAction","target":{"@type":"EntryPoint","urlTemplate":"https:\/\/www.padreeustaquio.com.br\/?s={search_term_string}"},"query-input":{"@type":"PropertyValueSpecification","valueRequired":true,"valueName":"search_term_string"}}],"inLanguage":"en-US"},{"@type":"Organization","@id":"https:\/\/www.padreeustaquio.com.br\/#organization","name":"FATHER EUST\u00c1QUIO","url":"https:\/\/www.padreeustaquio.com.br\/","logo":{"@type":"ImageObject","inLanguage":"en-US","@id":"https:\/\/www.padreeustaquio.com.br\/#\/schema\/logo\/image\/","url":"https:\/\/www.padreeustaquio.com.br\/wp-content\/uploads\/2019\/08\/marca.png","contentUrl":"https:\/\/www.padreeustaquio.com.br\/wp-content\/uploads\/2019\/08\/marca.png","width":350,"height":400,"caption":"Padre Eust\u00e1quio"},"image":{"@id":"https:\/\/www.padreeustaquio.com.br\/#\/schema\/logo\/image\/"},"sameAs":["https:\/\/www.facebook.com\/beatopadreeustaquio\/","https:\/\/x.com\/beatopeustaquio","https:\/\/www.instagram.com\/beatopadreeustaquio\/","https:\/\/www.youtube.com\/channel\/UCRhw7vfabnajwLxb1ZXMeIw"]},{"@type":"Person","@id":"https:\/\/www.padreeustaquio.com.br\/#\/schema\/person\/a2a51db1d00f1a7af0204a0f1ddb1566","name":"@sscc","image":{"@type":"ImageObject","inLanguage":"en-US","@id":"https:\/\/secure.gravatar.com\/avatar\/68cfafa5f44617fea54071e215026e0ff06be366c3d54a8425f04fdcb86f8c5f?s=96&d=mm&r=g","url":"https:\/\/secure.gravatar.com\/avatar\/68cfafa5f44617fea54071e215026e0ff06be366c3d54a8425f04fdcb86f8c5f?s=96&d=mm&r=g","contentUrl":"https:\/\/secure.gravatar.com\/avatar\/68cfafa5f44617fea54071e215026e0ff06be366c3d54a8425f04fdcb86f8c5f?s=96&d=mm&r=g","caption":"@sscc"},"url":"https:\/\/www.padreeustaquio.com.br\/en\/author\/sscc\/"}]}},"_links":{"self":[{"href":"https:\/\/www.padreeustaquio.com.br\/en\/wp-json\/wp\/v2\/posts\/9993","targetHints":{"allow":["GET"]}}],"collection":[{"href":"https:\/\/www.padreeustaquio.com.br\/en\/wp-json\/wp\/v2\/posts"}],"about":[{"href":"https:\/\/www.padreeustaquio.com.br\/en\/wp-json\/wp\/v2\/types\/post"}],"author":[{"embeddable":true,"href":"https:\/\/www.padreeustaquio.com.br\/en\/wp-json\/wp\/v2\/users\/2"}],"replies":[{"embeddable":true,"href":"https:\/\/www.padreeustaquio.com.br\/en\/wp-json\/wp\/v2\/comments?post=9993"}],"version-history":[{"count":0,"href":"https:\/\/www.padreeustaquio.com.br\/en\/wp-json\/wp\/v2\/posts\/9993\/revisions"}],"wp:featuredmedia":[{"embeddable":true,"href":"https:\/\/www.padreeustaquio.com.br\/en\/wp-json\/wp\/v2\/media\/9994"}],"wp:attachment":[{"href":"https:\/\/www.padreeustaquio.com.br\/en\/wp-json\/wp\/v2\/media?parent=9993"}],"wp:term":[{"taxonomy":"category","embeddable":true,"href":"https:\/\/www.padreeustaquio.com.br\/en\/wp-json\/wp\/v2\/categories?post=9993"},{"taxonomy":"post_tag","embeddable":true,"href":"https:\/\/www.padreeustaquio.com.br\/en\/wp-json\/wp\/v2\/tags?post=9993"}],"curies":[{"name":"wp","href":"https:\/\/api.w.org\/{rel}","templated":true}]}}