{"id":9972,"date":"2023-03-03T06:16:00","date_gmt":"2023-03-03T09:16:00","guid":{"rendered":"https:\/\/www.padreeustaquio.com.br\/?p=9972"},"modified":"2023-03-01T08:31:13","modified_gmt":"2023-03-01T11:31:13","slug":"an-in-person-lenten-retreat-will-be-held-this-saturday-at-father-eustaquios-church","status":"publish","type":"post","link":"https:\/\/www.padreeustaquio.com.br\/en\/an-in-person-lenten-retreat-will-be-held-this-saturday-at-father-eustaquios-church\/","title":{"rendered":"An in-person Lenten retreat will be held this Saturday at the Church of Father Eust\u00e1quio."},"content":{"rendered":"<p>A Lenten Retreat will be held in person tomorrow, March 4th, at the Sanctuary of Health and Peace. The time of prayer and reflection begins at 7:00 AM with Holy Mass, and immediately afterwards, the retreat will take place at the Father Eust\u00e1quio Memorial.<\/p>\n\n\n\n<p>This year the in-person Lenten Retreat will be led by Father Silvano Dias de \u00c1vila, ss.cc, and will include moments of reading biblical texts, explanations about this Lenten season, and guidance on how to live this period intensely.<\/p>\n\n\n\n<p>The prayer and reflection session is scheduled to end at 11:00 AM, and all participants are invited to bring a snack to share after the retreat.<\/p>\n\n\n\n<p>Last year, the prayer retreat was held on March 19th, the Solemnity of Saint Joseph. Organized by the brothers of the Congregation of the Sacred Hearts and led by Brother Wanderson Souza, sscc, the retreat led participants to powerful moments of reflection based on biblical passages. To aid in moments of introspection, Ros\u00e2ngela Aparecida played music appropriate to this time, favorable for conversion.<\/p>\n\n\n\n<p>Don&#039;t miss out, admission is free and registration is not required.<\/p>","protected":false},"excerpt":{"rendered":"<p>Ser\u00e1 realizado amanh\u00e3, dia 4 de mar\u00e7o, um Retiro Quaresmal presencial, no Santu\u00e1rio da Sa\u00fade e da Paz. O momento de ora\u00e7\u00e3o e reflex\u00e3o come\u00e7a \u00e0s 7h da manh\u00e3 com a Santa Missa e logo ap\u00f3s, no Memorial Padre Eust\u00e1quio, ser\u00e1 o retiro. Este ano o Retiro Quaresmal presencial ser\u00e1 conduzido pelo padre Silvano Dias de \u00c1vila, ss.cc e contar\u00e1 com momentos de leitura dos textos b\u00edblicos, explica\u00e7\u00f5es sobre este tempo quaresmal e orienta\u00e7\u00f5es sobre como viver intensamente este per\u00edodo. O momento de ora\u00e7\u00e3o e reflex\u00e3o est\u00e1 previsto para terminar \u00e0s 11h e todas as pessoas que participarem est\u00e3o convidadas [&hellip;]<\/p>\n","protected":false},"author":2,"featured_media":9973,"comment_status":"open","ping_status":"closed","sticky":false,"template":"","format":"standard","meta":{"_acf_changed":false,"footnotes":""},"categories":[611],"tags":[],"class_list":["post-9972","post","type-post","status-publish","format-standard","has-post-thumbnail","hentry","category-noticias"],"acf":[],"yoast_head":"<!-- This site is optimized with the Yoast SEO plugin v27.2 - https:\/\/yoast.com\/product\/yoast-seo-wordpress\/ -->\n<title>Retiro Quaresmal presencial ser\u00e1 realizado neste s\u00e1bado na Igreja do Padre Eust\u00e1quio<\/title>\n<meta name=\"description\" content=\"Ser\u00e1 realizado amanh\u00e3, dia 4 de mar\u00e7o, um Retiro Quaresmal presencial, no Santu\u00e1rio da Sa\u00fade e da Paz. O momento de ora\u00e7\u00e3o e reflex\u00e3o come\u00e7a \u00e0s 7h da manh\u00e3 com a Santa Missa e logo ap\u00f3s, no Memorial Padre Eust\u00e1quio, ser\u00e1 o retiro.\" \/>\n<meta name=\"robots\" content=\"index, follow, max-snippet:-1, max-image-preview:large, max-video-preview:-1\" \/>\n<link rel=\"canonical\" href=\"https:\/\/www.padreeustaquio.com.br\/en\/an-in-person-lenten-retreat-will-be-held-this-saturday-at-father-eustaquios-church\/\" \/>\n<meta property=\"og:locale\" content=\"en_US\" \/>\n<meta property=\"og:type\" content=\"article\" \/>\n<meta property=\"og:title\" content=\"Retiro Quaresmal presencial ser\u00e1 realizado neste s\u00e1bado na Igreja do Padre Eust\u00e1quio\" \/>\n<meta property=\"og:description\" content=\"Ser\u00e1 realizado amanh\u00e3, dia 4 de mar\u00e7o, um Retiro Quaresmal presencial, no Santu\u00e1rio da Sa\u00fade e da Paz. O momento de ora\u00e7\u00e3o e reflex\u00e3o come\u00e7a \u00e0s 7h da manh\u00e3 com a Santa Missa e logo ap\u00f3s, no Memorial Padre Eust\u00e1quio, ser\u00e1 o retiro.\" \/>\n<meta property=\"og:url\" content=\"https:\/\/www.padreeustaquio.com.br\/en\/an-in-person-lenten-retreat-will-be-held-this-saturday-at-father-eustaquios-church\/\" \/>\n<meta property=\"og:site_name\" content=\"Padre Eust\u00e1quio\" \/>\n<meta property=\"article:publisher\" content=\"https:\/\/www.facebook.com\/beatopadreeustaquio\/\" \/>\n<meta property=\"article:published_time\" content=\"2023-03-03T09:16:00+00:00\" \/>\n<meta property=\"og:image\" content=\"https:\/\/www.padreeustaquio.com.br\/wp-content\/uploads\/2023\/03\/retiro-presencial.jpeg\" \/>\n\t<meta property=\"og:image:width\" content=\"1600\" \/>\n\t<meta property=\"og:image:height\" content=\"900\" \/>\n\t<meta property=\"og:image:type\" content=\"image\/jpeg\" \/>\n<meta name=\"author\" content=\"@sscc\" \/>\n<meta name=\"twitter:card\" content=\"summary_large_image\" \/>\n<meta name=\"twitter:creator\" content=\"@beatopeustaquio\" \/>\n<meta name=\"twitter:site\" content=\"@beatopeustaquio\" \/>\n<meta name=\"twitter:label1\" content=\"Written by\" \/>\n\t<meta name=\"twitter:data1\" content=\"@sscc\" \/>\n\t<meta name=\"twitter:label2\" content=\"Est. reading time\" \/>\n\t<meta name=\"twitter:data2\" content=\"1 minute\" \/>\n<script type=\"application\/ld+json\" class=\"yoast-schema-graph\">{\"@context\":\"https:\/\/schema.org\",\"@graph\":[{\"@type\":\"Article\",\"@id\":\"https:\/\/www.padreeustaquio.com.br\/retiro-quaresmal-presencial-sera-realizado-neste-sabado-na-igreja-do-padre-eustaquio\/#article\",\"isPartOf\":{\"@id\":\"https:\/\/www.padreeustaquio.com.br\/retiro-quaresmal-presencial-sera-realizado-neste-sabado-na-igreja-do-padre-eustaquio\/\"},\"author\":{\"name\":\"@sscc\",\"@id\":\"https:\/\/www.padreeustaquio.com.br\/#\/schema\/person\/a2a51db1d00f1a7af0204a0f1ddb1566\"},\"headline\":\"Retiro Quaresmal presencial ser\u00e1 realizado neste s\u00e1bado na Igreja do Padre Eust\u00e1quio\",\"datePublished\":\"2023-03-03T09:16:00+00:00\",\"mainEntityOfPage\":{\"@id\":\"https:\/\/www.padreeustaquio.com.br\/retiro-quaresmal-presencial-sera-realizado-neste-sabado-na-igreja-do-padre-eustaquio\/\"},\"wordCount\":234,\"commentCount\":0,\"publisher\":{\"@id\":\"https:\/\/www.padreeustaquio.com.br\/#organization\"},\"image\":{\"@id\":\"https:\/\/www.padreeustaquio.com.br\/retiro-quaresmal-presencial-sera-realizado-neste-sabado-na-igreja-do-padre-eustaquio\/#primaryimage\"},\"thumbnailUrl\":\"https:\/\/www.padreeustaquio.com.br\/wp-content\/uploads\/2023\/03\/retiro-presencial.jpeg\",\"articleSection\":[\"Not\u00edcias\"],\"inLanguage\":\"en-US\",\"potentialAction\":[{\"@type\":\"CommentAction\",\"name\":\"Comment\",\"target\":[\"https:\/\/www.padreeustaquio.com.br\/retiro-quaresmal-presencial-sera-realizado-neste-sabado-na-igreja-do-padre-eustaquio\/#respond\"]}]},{\"@type\":\"WebPage\",\"@id\":\"https:\/\/www.padreeustaquio.com.br\/retiro-quaresmal-presencial-sera-realizado-neste-sabado-na-igreja-do-padre-eustaquio\/\",\"url\":\"https:\/\/www.padreeustaquio.com.br\/retiro-quaresmal-presencial-sera-realizado-neste-sabado-na-igreja-do-padre-eustaquio\/\",\"name\":\"Retiro Quaresmal presencial ser\u00e1 realizado neste s\u00e1bado na Igreja do Padre Eust\u00e1quio\",\"isPartOf\":{\"@id\":\"https:\/\/www.padreeustaquio.com.br\/#website\"},\"primaryImageOfPage\":{\"@id\":\"https:\/\/www.padreeustaquio.com.br\/retiro-quaresmal-presencial-sera-realizado-neste-sabado-na-igreja-do-padre-eustaquio\/#primaryimage\"},\"image\":{\"@id\":\"https:\/\/www.padreeustaquio.com.br\/retiro-quaresmal-presencial-sera-realizado-neste-sabado-na-igreja-do-padre-eustaquio\/#primaryimage\"},\"thumbnailUrl\":\"https:\/\/www.padreeustaquio.com.br\/wp-content\/uploads\/2023\/03\/retiro-presencial.jpeg\",\"datePublished\":\"2023-03-03T09:16:00+00:00\",\"description\":\"Ser\u00e1 realizado amanh\u00e3, dia 4 de mar\u00e7o, um Retiro Quaresmal presencial, no Santu\u00e1rio da Sa\u00fade e da Paz. O momento de ora\u00e7\u00e3o e reflex\u00e3o come\u00e7a \u00e0s 7h da manh\u00e3 com a Santa Missa e logo ap\u00f3s, no Memorial Padre Eust\u00e1quio, ser\u00e1 o retiro.\",\"breadcrumb\":{\"@id\":\"https:\/\/www.padreeustaquio.com.br\/retiro-quaresmal-presencial-sera-realizado-neste-sabado-na-igreja-do-padre-eustaquio\/#breadcrumb\"},\"inLanguage\":\"en-US\",\"potentialAction\":[{\"@type\":\"ReadAction\",\"target\":[\"https:\/\/www.padreeustaquio.com.br\/retiro-quaresmal-presencial-sera-realizado-neste-sabado-na-igreja-do-padre-eustaquio\/\"]}]},{\"@type\":\"ImageObject\",\"inLanguage\":\"en-US\",\"@id\":\"https:\/\/www.padreeustaquio.com.br\/retiro-quaresmal-presencial-sera-realizado-neste-sabado-na-igreja-do-padre-eustaquio\/#primaryimage\",\"url\":\"https:\/\/www.padreeustaquio.com.br\/wp-content\/uploads\/2023\/03\/retiro-presencial.jpeg\",\"contentUrl\":\"https:\/\/www.padreeustaquio.com.br\/wp-content\/uploads\/2023\/03\/retiro-presencial.jpeg\",\"width\":1600,\"height\":900},{\"@type\":\"BreadcrumbList\",\"@id\":\"https:\/\/www.padreeustaquio.com.br\/retiro-quaresmal-presencial-sera-realizado-neste-sabado-na-igreja-do-padre-eustaquio\/#breadcrumb\",\"itemListElement\":[{\"@type\":\"ListItem\",\"position\":1,\"name\":\"In\u00edcio\",\"item\":\"https:\/\/www.padreeustaquio.com.br\/\"},{\"@type\":\"ListItem\",\"position\":2,\"name\":\"Retiro Quaresmal presencial ser\u00e1 realizado neste s\u00e1bado na Igreja do Padre Eust\u00e1quio\"}]},{\"@type\":\"WebSite\",\"@id\":\"https:\/\/www.padreeustaquio.com.br\/#website\",\"url\":\"https:\/\/www.padreeustaquio.com.br\/\",\"name\":\"Padre Eust\u00e1quio\",\"description\":\"Sa\u00fade e Paz\",\"publisher\":{\"@id\":\"https:\/\/www.padreeustaquio.com.br\/#organization\"},\"potentialAction\":[{\"@type\":\"SearchAction\",\"target\":{\"@type\":\"EntryPoint\",\"urlTemplate\":\"https:\/\/www.padreeustaquio.com.br\/?s={search_term_string}\"},\"query-input\":{\"@type\":\"PropertyValueSpecification\",\"valueRequired\":true,\"valueName\":\"search_term_string\"}}],\"inLanguage\":\"en-US\"},{\"@type\":\"Organization\",\"@id\":\"https:\/\/www.padreeustaquio.com.br\/#organization\",\"name\":\"Padre Eust\u00e1quio\",\"url\":\"https:\/\/www.padreeustaquio.com.br\/\",\"logo\":{\"@type\":\"ImageObject\",\"inLanguage\":\"en-US\",\"@id\":\"https:\/\/www.padreeustaquio.com.br\/#\/schema\/logo\/image\/\",\"url\":\"https:\/\/www.padreeustaquio.com.br\/wp-content\/uploads\/2019\/08\/marca.png\",\"contentUrl\":\"https:\/\/www.padreeustaquio.com.br\/wp-content\/uploads\/2019\/08\/marca.png\",\"width\":350,\"height\":400,\"caption\":\"Padre Eust\u00e1quio\"},\"image\":{\"@id\":\"https:\/\/www.padreeustaquio.com.br\/#\/schema\/logo\/image\/\"},\"sameAs\":[\"https:\/\/www.facebook.com\/beatopadreeustaquio\/\",\"https:\/\/x.com\/beatopeustaquio\",\"https:\/\/www.instagram.com\/beatopadreeustaquio\/\",\"https:\/\/www.youtube.com\/channel\/UCRhw7vfabnajwLxb1ZXMeIw\"]},{\"@type\":\"Person\",\"@id\":\"https:\/\/www.padreeustaquio.com.br\/#\/schema\/person\/a2a51db1d00f1a7af0204a0f1ddb1566\",\"name\":\"@sscc\",\"image\":{\"@type\":\"ImageObject\",\"inLanguage\":\"en-US\",\"@id\":\"https:\/\/secure.gravatar.com\/avatar\/68cfafa5f44617fea54071e215026e0ff06be366c3d54a8425f04fdcb86f8c5f?s=96&d=mm&r=g\",\"url\":\"https:\/\/secure.gravatar.com\/avatar\/68cfafa5f44617fea54071e215026e0ff06be366c3d54a8425f04fdcb86f8c5f?s=96&d=mm&r=g\",\"contentUrl\":\"https:\/\/secure.gravatar.com\/avatar\/68cfafa5f44617fea54071e215026e0ff06be366c3d54a8425f04fdcb86f8c5f?s=96&d=mm&r=g\",\"caption\":\"@sscc\"},\"url\":\"https:\/\/www.padreeustaquio.com.br\/en\/author\/sscc\/\"}]}<\/script>\n<!-- \/ Yoast SEO plugin. -->","yoast_head_json":{"title":"An in-person Lenten retreat will be held this Saturday at the Church of Father Eust\u00e1quio.","description":"A Lenten Retreat will be held in person tomorrow, March 4th, at the Sanctuary of Health and Peace. The time of prayer and reflection begins at 7:00 AM with Holy Mass, and immediately afterwards, the retreat will take place at the Father Eust\u00e1quio Memorial.","robots":{"index":"index","follow":"follow","max-snippet":"max-snippet:-1","max-image-preview":"max-image-preview:large","max-video-preview":"max-video-preview:-1"},"canonical":"https:\/\/www.padreeustaquio.com.br\/en\/an-in-person-lenten-retreat-will-be-held-this-saturday-at-father-eustaquios-church\/","og_locale":"en_US","og_type":"article","og_title":"Retiro Quaresmal presencial ser\u00e1 realizado neste s\u00e1bado na Igreja do Padre Eust\u00e1quio","og_description":"Ser\u00e1 realizado amanh\u00e3, dia 4 de mar\u00e7o, um Retiro Quaresmal presencial, no Santu\u00e1rio da Sa\u00fade e da Paz. O momento de ora\u00e7\u00e3o e reflex\u00e3o come\u00e7a \u00e0s 7h da manh\u00e3 com a Santa Missa e logo ap\u00f3s, no Memorial Padre Eust\u00e1quio, ser\u00e1 o retiro.","og_url":"https:\/\/www.padreeustaquio.com.br\/en\/an-in-person-lenten-retreat-will-be-held-this-saturday-at-father-eustaquios-church\/","og_site_name":"Padre Eust\u00e1quio","article_publisher":"https:\/\/www.facebook.com\/beatopadreeustaquio\/","article_published_time":"2023-03-03T09:16:00+00:00","og_image":[{"width":1600,"height":900,"url":"https:\/\/www.padreeustaquio.com.br\/wp-content\/uploads\/2023\/03\/retiro-presencial.jpeg","type":"image\/jpeg"}],"author":"@sscc","twitter_card":"summary_large_image","twitter_creator":"@beatopeustaquio","twitter_site":"@beatopeustaquio","twitter_misc":{"Written by":"@sscc","Est. reading time":"1 minute"},"schema":{"@context":"https:\/\/schema.org","@graph":[{"@type":"Article","@id":"https:\/\/www.padreeustaquio.com.br\/retiro-quaresmal-presencial-sera-realizado-neste-sabado-na-igreja-do-padre-eustaquio\/#article","isPartOf":{"@id":"https:\/\/www.padreeustaquio.com.br\/retiro-quaresmal-presencial-sera-realizado-neste-sabado-na-igreja-do-padre-eustaquio\/"},"author":{"name":"@sscc","@id":"https:\/\/www.padreeustaquio.com.br\/#\/schema\/person\/a2a51db1d00f1a7af0204a0f1ddb1566"},"headline":"Retiro Quaresmal presencial ser\u00e1 realizado neste s\u00e1bado na Igreja do Padre Eust\u00e1quio","datePublished":"2023-03-03T09:16:00+00:00","mainEntityOfPage":{"@id":"https:\/\/www.padreeustaquio.com.br\/retiro-quaresmal-presencial-sera-realizado-neste-sabado-na-igreja-do-padre-eustaquio\/"},"wordCount":234,"commentCount":0,"publisher":{"@id":"https:\/\/www.padreeustaquio.com.br\/#organization"},"image":{"@id":"https:\/\/www.padreeustaquio.com.br\/retiro-quaresmal-presencial-sera-realizado-neste-sabado-na-igreja-do-padre-eustaquio\/#primaryimage"},"thumbnailUrl":"https:\/\/www.padreeustaquio.com.br\/wp-content\/uploads\/2023\/03\/retiro-presencial.jpeg","articleSection":["Not\u00edcias"],"inLanguage":"en-US","potentialAction":[{"@type":"CommentAction","name":"Comment","target":["https:\/\/www.padreeustaquio.com.br\/retiro-quaresmal-presencial-sera-realizado-neste-sabado-na-igreja-do-padre-eustaquio\/#respond"]}]},{"@type":"WebPage","@id":"https:\/\/www.padreeustaquio.com.br\/retiro-quaresmal-presencial-sera-realizado-neste-sabado-na-igreja-do-padre-eustaquio\/","url":"https:\/\/www.padreeustaquio.com.br\/retiro-quaresmal-presencial-sera-realizado-neste-sabado-na-igreja-do-padre-eustaquio\/","name":"An in-person Lenten retreat will be held this Saturday at the Church of Father Eust\u00e1quio.","isPartOf":{"@id":"https:\/\/www.padreeustaquio.com.br\/#website"},"primaryImageOfPage":{"@id":"https:\/\/www.padreeustaquio.com.br\/retiro-quaresmal-presencial-sera-realizado-neste-sabado-na-igreja-do-padre-eustaquio\/#primaryimage"},"image":{"@id":"https:\/\/www.padreeustaquio.com.br\/retiro-quaresmal-presencial-sera-realizado-neste-sabado-na-igreja-do-padre-eustaquio\/#primaryimage"},"thumbnailUrl":"https:\/\/www.padreeustaquio.com.br\/wp-content\/uploads\/2023\/03\/retiro-presencial.jpeg","datePublished":"2023-03-03T09:16:00+00:00","description":"A Lenten Retreat will be held in person tomorrow, March 4th, at the Sanctuary of Health and Peace. The time of prayer and reflection begins at 7:00 AM with Holy Mass, and immediately afterwards, the retreat will take place at the Father Eust\u00e1quio Memorial.","breadcrumb":{"@id":"https:\/\/www.padreeustaquio.com.br\/retiro-quaresmal-presencial-sera-realizado-neste-sabado-na-igreja-do-padre-eustaquio\/#breadcrumb"},"inLanguage":"en-US","potentialAction":[{"@type":"ReadAction","target":["https:\/\/www.padreeustaquio.com.br\/retiro-quaresmal-presencial-sera-realizado-neste-sabado-na-igreja-do-padre-eustaquio\/"]}]},{"@type":"ImageObject","inLanguage":"en-US","@id":"https:\/\/www.padreeustaquio.com.br\/retiro-quaresmal-presencial-sera-realizado-neste-sabado-na-igreja-do-padre-eustaquio\/#primaryimage","url":"https:\/\/www.padreeustaquio.com.br\/wp-content\/uploads\/2023\/03\/retiro-presencial.jpeg","contentUrl":"https:\/\/www.padreeustaquio.com.br\/wp-content\/uploads\/2023\/03\/retiro-presencial.jpeg","width":1600,"height":900},{"@type":"BreadcrumbList","@id":"https:\/\/www.padreeustaquio.com.br\/retiro-quaresmal-presencial-sera-realizado-neste-sabado-na-igreja-do-padre-eustaquio\/#breadcrumb","itemListElement":[{"@type":"ListItem","position":1,"name":"In\u00edcio","item":"https:\/\/www.padreeustaquio.com.br\/"},{"@type":"ListItem","position":2,"name":"Retiro Quaresmal presencial ser\u00e1 realizado neste s\u00e1bado na Igreja do Padre Eust\u00e1quio"}]},{"@type":"WebSite","@id":"https:\/\/www.padreeustaquio.com.br\/#website","url":"https:\/\/www.padreeustaquio.com.br\/","name":"FATHER EUST\u00c1QUIO","description":"Health and Peace","publisher":{"@id":"https:\/\/www.padreeustaquio.com.br\/#organization"},"potentialAction":[{"@type":"SearchAction","target":{"@type":"EntryPoint","urlTemplate":"https:\/\/www.padreeustaquio.com.br\/?s={search_term_string}"},"query-input":{"@type":"PropertyValueSpecification","valueRequired":true,"valueName":"search_term_string"}}],"inLanguage":"en-US"},{"@type":"Organization","@id":"https:\/\/www.padreeustaquio.com.br\/#organization","name":"FATHER EUST\u00c1QUIO","url":"https:\/\/www.padreeustaquio.com.br\/","logo":{"@type":"ImageObject","inLanguage":"en-US","@id":"https:\/\/www.padreeustaquio.com.br\/#\/schema\/logo\/image\/","url":"https:\/\/www.padreeustaquio.com.br\/wp-content\/uploads\/2019\/08\/marca.png","contentUrl":"https:\/\/www.padreeustaquio.com.br\/wp-content\/uploads\/2019\/08\/marca.png","width":350,"height":400,"caption":"Padre Eust\u00e1quio"},"image":{"@id":"https:\/\/www.padreeustaquio.com.br\/#\/schema\/logo\/image\/"},"sameAs":["https:\/\/www.facebook.com\/beatopadreeustaquio\/","https:\/\/x.com\/beatopeustaquio","https:\/\/www.instagram.com\/beatopadreeustaquio\/","https:\/\/www.youtube.com\/channel\/UCRhw7vfabnajwLxb1ZXMeIw"]},{"@type":"Person","@id":"https:\/\/www.padreeustaquio.com.br\/#\/schema\/person\/a2a51db1d00f1a7af0204a0f1ddb1566","name":"@sscc","image":{"@type":"ImageObject","inLanguage":"en-US","@id":"https:\/\/secure.gravatar.com\/avatar\/68cfafa5f44617fea54071e215026e0ff06be366c3d54a8425f04fdcb86f8c5f?s=96&d=mm&r=g","url":"https:\/\/secure.gravatar.com\/avatar\/68cfafa5f44617fea54071e215026e0ff06be366c3d54a8425f04fdcb86f8c5f?s=96&d=mm&r=g","contentUrl":"https:\/\/secure.gravatar.com\/avatar\/68cfafa5f44617fea54071e215026e0ff06be366c3d54a8425f04fdcb86f8c5f?s=96&d=mm&r=g","caption":"@sscc"},"url":"https:\/\/www.padreeustaquio.com.br\/en\/author\/sscc\/"}]}},"_links":{"self":[{"href":"https:\/\/www.padreeustaquio.com.br\/en\/wp-json\/wp\/v2\/posts\/9972","targetHints":{"allow":["GET"]}}],"collection":[{"href":"https:\/\/www.padreeustaquio.com.br\/en\/wp-json\/wp\/v2\/posts"}],"about":[{"href":"https:\/\/www.padreeustaquio.com.br\/en\/wp-json\/wp\/v2\/types\/post"}],"author":[{"embeddable":true,"href":"https:\/\/www.padreeustaquio.com.br\/en\/wp-json\/wp\/v2\/users\/2"}],"replies":[{"embeddable":true,"href":"https:\/\/www.padreeustaquio.com.br\/en\/wp-json\/wp\/v2\/comments?post=9972"}],"version-history":[{"count":0,"href":"https:\/\/www.padreeustaquio.com.br\/en\/wp-json\/wp\/v2\/posts\/9972\/revisions"}],"wp:featuredmedia":[{"embeddable":true,"href":"https:\/\/www.padreeustaquio.com.br\/en\/wp-json\/wp\/v2\/media\/9973"}],"wp:attachment":[{"href":"https:\/\/www.padreeustaquio.com.br\/en\/wp-json\/wp\/v2\/media?parent=9972"}],"wp:term":[{"taxonomy":"category","embeddable":true,"href":"https:\/\/www.padreeustaquio.com.br\/en\/wp-json\/wp\/v2\/categories?post=9972"},{"taxonomy":"post_tag","embeddable":true,"href":"https:\/\/www.padreeustaquio.com.br\/en\/wp-json\/wp\/v2\/tags?post=9972"}],"curies":[{"name":"wp","href":"https:\/\/api.w.org\/{rel}","templated":true}]}}