{"id":9962,"date":"2023-02-28T08:23:57","date_gmt":"2023-02-28T11:23:57","guid":{"rendered":"https:\/\/www.padreeustaquio.com.br\/?p=9962"},"modified":"2023-02-28T08:53:36","modified_gmt":"2023-02-28T11:53:36","slug":"today-follow-the-stations-of-the-cross-at-the-health-and-peace-sanctuary","status":"publish","type":"post","link":"https:\/\/www.padreeustaquio.com.br\/en\/today-follow-the-stations-of-the-cross-at-the-health-and-peace-sanctuary\/","title":{"rendered":"TODAY \u2013 Follow the Stations of the Cross from the Health and Peace Sanctuary."},"content":{"rendered":"<p>During Lent, the Sanctuary of Health and Peace, Church of Blessed Father Eustace, will hold the Stations of the Cross on two dates, every Tuesday and Thursday, always at 6 pm.<\/p>\n\n\n\n<p>The Stations of the Cross today and on the following Tuesdays, in addition to participation in the church, can also be followed virtually through the Padre Eust\u00e1quio Channel on YouTube. Just... <a href=\"https:\/\/www.youtube.com\/watch?v=dPeQ1DzRdws\" target=\"_blank\" rel=\"noreferrer noopener\">CLICK HERE<\/a> And at 6 PM, watch live.<\/p>\n\n\n\n<p>The Stations of the Cross meditation at the Sanctuary of Health and Peace is based on the writings of Blessed Father Eustace. These writings have been selected and compiled into the booklet &quot;Stations of the Cross with Meditations by Blessed Father Eustace,&quot; which can be purchased at the shop adjacent to the temple.<\/p>\n\n\n\n<p><strong>About the Stations of the Cross<\/strong><\/p>\n\n\n\n<p>Lent is a time that invites us to reflect on the Passion and death of Jesus Christ. Therefore, the &quot;Via Crucis,&quot; or Way of the Cross, as it is popularly known in Brazil, is an exercise of prayer and reflection, meditating on the suffering of Jesus from Pilate&#039;s tribunal to Mount Calvary.<\/p>\n\n\n\n<p>This reflection consists of 14 stations, each representing a special act of devotion.<\/p>\n\n\n\n<p><\/p>","protected":false},"excerpt":{"rendered":"<p>No per\u00edodo da quaresma, o Santu\u00e1rio da Sa\u00fade e da Paz, Igreja do Beato Padre Eust\u00e1quio, ir\u00e1 realizar a Via Sacra em duas datas, todas as ter\u00e7as e quintas-feiras, sempre \u00e0s 18h. A Via Sacra de hoje e das pr\u00f3ximas ter\u00e7as-feiras, al\u00e9m da participa\u00e7\u00e3o na igreja, poder\u00e3o ser acompanhadas tamb\u00e9m virtualmente pelo Canal Padre Eust\u00e1quio no YouTube. Basta CLICAR AQUI e \u00e0s 18h acompanhar ao vivo. A medita\u00e7\u00e3o da Via Sacra no Santu\u00e1rio da Sa\u00fade e da Paz \u00e9 feita a partir dos escritos do Beato Padre Eust\u00e1quio. Elas foram selecionadas e colocadas no livreto &#8220;Via Sacra com Medita\u00e7\u00f5es do [&hellip;]<\/p>\n","protected":false},"author":2,"featured_media":9963,"comment_status":"open","ping_status":"closed","sticky":false,"template":"","format":"standard","meta":{"_acf_changed":false,"footnotes":""},"categories":[611],"tags":[],"class_list":["post-9962","post","type-post","status-publish","format-standard","has-post-thumbnail","hentry","category-noticias"],"acf":[],"yoast_head":"<!-- This site is optimized with the Yoast SEO plugin v27.2 - https:\/\/yoast.com\/product\/yoast-seo-wordpress\/ -->\n<title>HOJE - Acompanhe a Via Sacra do Santu\u00e1rio Sa\u00fade e Paz<\/title>\n<meta name=\"description\" content=\"A Via Sacra de hoje e das pr\u00f3ximas ter\u00e7as-feiras, al\u00e9m da participa\u00e7\u00e3o na igreja, poder\u00e3o ser acompanhadas tamb\u00e9m virtualmente pelo Canal Padre Eust\u00e1quio no YouTube. Basta acessar o Canal \u00e0s 18h e acompanhar ao vivo.\" \/>\n<meta name=\"robots\" content=\"index, follow, max-snippet:-1, max-image-preview:large, max-video-preview:-1\" \/>\n<link rel=\"canonical\" href=\"https:\/\/www.padreeustaquio.com.br\/en\/today-follow-the-stations-of-the-cross-at-the-health-and-peace-sanctuary\/\" \/>\n<meta property=\"og:locale\" content=\"en_US\" \/>\n<meta property=\"og:type\" content=\"article\" \/>\n<meta property=\"og:title\" content=\"HOJE - Acompanhe a Via Sacra do Santu\u00e1rio Sa\u00fade e Paz\" \/>\n<meta property=\"og:description\" content=\"A Via Sacra de hoje e das pr\u00f3ximas ter\u00e7as-feiras, al\u00e9m da participa\u00e7\u00e3o na igreja, poder\u00e3o ser acompanhadas tamb\u00e9m virtualmente pelo Canal Padre Eust\u00e1quio no YouTube. Basta acessar o Canal \u00e0s 18h e acompanhar ao vivo.\" \/>\n<meta property=\"og:url\" content=\"https:\/\/www.padreeustaquio.com.br\/en\/today-follow-the-stations-of-the-cross-at-the-health-and-peace-sanctuary\/\" \/>\n<meta property=\"og:site_name\" content=\"Padre Eust\u00e1quio\" \/>\n<meta property=\"article:publisher\" content=\"https:\/\/www.facebook.com\/beatopadreeustaquio\/\" \/>\n<meta property=\"article:published_time\" content=\"2023-02-28T11:23:57+00:00\" \/>\n<meta property=\"article:modified_time\" content=\"2023-02-28T11:53:36+00:00\" \/>\n<meta property=\"og:image\" content=\"https:\/\/www.padreeustaquio.com.br\/wp-content\/uploads\/2023\/02\/via-sacra.jpeg\" \/>\n\t<meta property=\"og:image:width\" content=\"1600\" \/>\n\t<meta property=\"og:image:height\" content=\"900\" \/>\n\t<meta property=\"og:image:type\" content=\"image\/jpeg\" \/>\n<meta name=\"author\" content=\"@sscc\" \/>\n<meta name=\"twitter:card\" content=\"summary_large_image\" \/>\n<meta name=\"twitter:creator\" content=\"@beatopeustaquio\" \/>\n<meta name=\"twitter:site\" content=\"@beatopeustaquio\" \/>\n<meta name=\"twitter:label1\" content=\"Written by\" \/>\n\t<meta name=\"twitter:data1\" content=\"@sscc\" \/>\n\t<meta name=\"twitter:label2\" content=\"Est. reading time\" \/>\n\t<meta name=\"twitter:data2\" content=\"1 minute\" \/>\n<script type=\"application\/ld+json\" class=\"yoast-schema-graph\">{\"@context\":\"https:\/\/schema.org\",\"@graph\":[{\"@type\":\"Article\",\"@id\":\"https:\/\/www.padreeustaquio.com.br\/hoje-acompanhe-a-via-sacra-do-santuario-saude-e-paz\/#article\",\"isPartOf\":{\"@id\":\"https:\/\/www.padreeustaquio.com.br\/hoje-acompanhe-a-via-sacra-do-santuario-saude-e-paz\/\"},\"author\":{\"name\":\"@sscc\",\"@id\":\"https:\/\/www.padreeustaquio.com.br\/#\/schema\/person\/a2a51db1d00f1a7af0204a0f1ddb1566\"},\"headline\":\"HOJE &#8211; Acompanhe a Via Sacra do Santu\u00e1rio Sa\u00fade e Paz\",\"datePublished\":\"2023-02-28T11:23:57+00:00\",\"dateModified\":\"2023-02-28T11:53:36+00:00\",\"mainEntityOfPage\":{\"@id\":\"https:\/\/www.padreeustaquio.com.br\/hoje-acompanhe-a-via-sacra-do-santuario-saude-e-paz\/\"},\"wordCount\":221,\"commentCount\":0,\"publisher\":{\"@id\":\"https:\/\/www.padreeustaquio.com.br\/#organization\"},\"image\":{\"@id\":\"https:\/\/www.padreeustaquio.com.br\/hoje-acompanhe-a-via-sacra-do-santuario-saude-e-paz\/#primaryimage\"},\"thumbnailUrl\":\"https:\/\/www.padreeustaquio.com.br\/wp-content\/uploads\/2023\/02\/via-sacra.jpeg\",\"articleSection\":[\"Not\u00edcias\"],\"inLanguage\":\"en-US\",\"potentialAction\":[{\"@type\":\"CommentAction\",\"name\":\"Comment\",\"target\":[\"https:\/\/www.padreeustaquio.com.br\/hoje-acompanhe-a-via-sacra-do-santuario-saude-e-paz\/#respond\"]}]},{\"@type\":\"WebPage\",\"@id\":\"https:\/\/www.padreeustaquio.com.br\/hoje-acompanhe-a-via-sacra-do-santuario-saude-e-paz\/\",\"url\":\"https:\/\/www.padreeustaquio.com.br\/hoje-acompanhe-a-via-sacra-do-santuario-saude-e-paz\/\",\"name\":\"HOJE - Acompanhe a Via Sacra do Santu\u00e1rio Sa\u00fade e Paz\",\"isPartOf\":{\"@id\":\"https:\/\/www.padreeustaquio.com.br\/#website\"},\"primaryImageOfPage\":{\"@id\":\"https:\/\/www.padreeustaquio.com.br\/hoje-acompanhe-a-via-sacra-do-santuario-saude-e-paz\/#primaryimage\"},\"image\":{\"@id\":\"https:\/\/www.padreeustaquio.com.br\/hoje-acompanhe-a-via-sacra-do-santuario-saude-e-paz\/#primaryimage\"},\"thumbnailUrl\":\"https:\/\/www.padreeustaquio.com.br\/wp-content\/uploads\/2023\/02\/via-sacra.jpeg\",\"datePublished\":\"2023-02-28T11:23:57+00:00\",\"dateModified\":\"2023-02-28T11:53:36+00:00\",\"description\":\"A Via Sacra de hoje e das pr\u00f3ximas ter\u00e7as-feiras, al\u00e9m da participa\u00e7\u00e3o na igreja, poder\u00e3o ser acompanhadas tamb\u00e9m virtualmente pelo Canal Padre Eust\u00e1quio no YouTube. Basta acessar o Canal \u00e0s 18h e acompanhar ao vivo.\",\"breadcrumb\":{\"@id\":\"https:\/\/www.padreeustaquio.com.br\/hoje-acompanhe-a-via-sacra-do-santuario-saude-e-paz\/#breadcrumb\"},\"inLanguage\":\"en-US\",\"potentialAction\":[{\"@type\":\"ReadAction\",\"target\":[\"https:\/\/www.padreeustaquio.com.br\/hoje-acompanhe-a-via-sacra-do-santuario-saude-e-paz\/\"]}]},{\"@type\":\"ImageObject\",\"inLanguage\":\"en-US\",\"@id\":\"https:\/\/www.padreeustaquio.com.br\/hoje-acompanhe-a-via-sacra-do-santuario-saude-e-paz\/#primaryimage\",\"url\":\"https:\/\/www.padreeustaquio.com.br\/wp-content\/uploads\/2023\/02\/via-sacra.jpeg\",\"contentUrl\":\"https:\/\/www.padreeustaquio.com.br\/wp-content\/uploads\/2023\/02\/via-sacra.jpeg\",\"width\":1600,\"height\":900},{\"@type\":\"BreadcrumbList\",\"@id\":\"https:\/\/www.padreeustaquio.com.br\/hoje-acompanhe-a-via-sacra-do-santuario-saude-e-paz\/#breadcrumb\",\"itemListElement\":[{\"@type\":\"ListItem\",\"position\":1,\"name\":\"In\u00edcio\",\"item\":\"https:\/\/www.padreeustaquio.com.br\/\"},{\"@type\":\"ListItem\",\"position\":2,\"name\":\"HOJE &#8211; Acompanhe a Via Sacra do Santu\u00e1rio Sa\u00fade e Paz\"}]},{\"@type\":\"WebSite\",\"@id\":\"https:\/\/www.padreeustaquio.com.br\/#website\",\"url\":\"https:\/\/www.padreeustaquio.com.br\/\",\"name\":\"Padre Eust\u00e1quio\",\"description\":\"Sa\u00fade e Paz\",\"publisher\":{\"@id\":\"https:\/\/www.padreeustaquio.com.br\/#organization\"},\"potentialAction\":[{\"@type\":\"SearchAction\",\"target\":{\"@type\":\"EntryPoint\",\"urlTemplate\":\"https:\/\/www.padreeustaquio.com.br\/?s={search_term_string}\"},\"query-input\":{\"@type\":\"PropertyValueSpecification\",\"valueRequired\":true,\"valueName\":\"search_term_string\"}}],\"inLanguage\":\"en-US\"},{\"@type\":\"Organization\",\"@id\":\"https:\/\/www.padreeustaquio.com.br\/#organization\",\"name\":\"Padre Eust\u00e1quio\",\"url\":\"https:\/\/www.padreeustaquio.com.br\/\",\"logo\":{\"@type\":\"ImageObject\",\"inLanguage\":\"en-US\",\"@id\":\"https:\/\/www.padreeustaquio.com.br\/#\/schema\/logo\/image\/\",\"url\":\"https:\/\/www.padreeustaquio.com.br\/wp-content\/uploads\/2019\/08\/marca.png\",\"contentUrl\":\"https:\/\/www.padreeustaquio.com.br\/wp-content\/uploads\/2019\/08\/marca.png\",\"width\":350,\"height\":400,\"caption\":\"Padre Eust\u00e1quio\"},\"image\":{\"@id\":\"https:\/\/www.padreeustaquio.com.br\/#\/schema\/logo\/image\/\"},\"sameAs\":[\"https:\/\/www.facebook.com\/beatopadreeustaquio\/\",\"https:\/\/x.com\/beatopeustaquio\",\"https:\/\/www.instagram.com\/beatopadreeustaquio\/\",\"https:\/\/www.youtube.com\/channel\/UCRhw7vfabnajwLxb1ZXMeIw\"]},{\"@type\":\"Person\",\"@id\":\"https:\/\/www.padreeustaquio.com.br\/#\/schema\/person\/a2a51db1d00f1a7af0204a0f1ddb1566\",\"name\":\"@sscc\",\"image\":{\"@type\":\"ImageObject\",\"inLanguage\":\"en-US\",\"@id\":\"https:\/\/secure.gravatar.com\/avatar\/68cfafa5f44617fea54071e215026e0ff06be366c3d54a8425f04fdcb86f8c5f?s=96&d=mm&r=g\",\"url\":\"https:\/\/secure.gravatar.com\/avatar\/68cfafa5f44617fea54071e215026e0ff06be366c3d54a8425f04fdcb86f8c5f?s=96&d=mm&r=g\",\"contentUrl\":\"https:\/\/secure.gravatar.com\/avatar\/68cfafa5f44617fea54071e215026e0ff06be366c3d54a8425f04fdcb86f8c5f?s=96&d=mm&r=g\",\"caption\":\"@sscc\"},\"url\":\"https:\/\/www.padreeustaquio.com.br\/en\/author\/sscc\/\"}]}<\/script>\n<!-- \/ Yoast SEO plugin. -->","yoast_head_json":{"title":"TODAY - Follow the Stations of the Cross from the Health and Peace Sanctuary.","description":"The Stations of the Cross, both today and on the following Tuesdays, can be followed in person at church and virtually via the Padre Eust\u00e1quio Channel on YouTube. Simply access the channel at 6 PM to watch live.","robots":{"index":"index","follow":"follow","max-snippet":"max-snippet:-1","max-image-preview":"max-image-preview:large","max-video-preview":"max-video-preview:-1"},"canonical":"https:\/\/www.padreeustaquio.com.br\/en\/today-follow-the-stations-of-the-cross-at-the-health-and-peace-sanctuary\/","og_locale":"en_US","og_type":"article","og_title":"HOJE - Acompanhe a Via Sacra do Santu\u00e1rio Sa\u00fade e Paz","og_description":"A Via Sacra de hoje e das pr\u00f3ximas ter\u00e7as-feiras, al\u00e9m da participa\u00e7\u00e3o na igreja, poder\u00e3o ser acompanhadas tamb\u00e9m virtualmente pelo Canal Padre Eust\u00e1quio no YouTube. Basta acessar o Canal \u00e0s 18h e acompanhar ao vivo.","og_url":"https:\/\/www.padreeustaquio.com.br\/en\/today-follow-the-stations-of-the-cross-at-the-health-and-peace-sanctuary\/","og_site_name":"Padre Eust\u00e1quio","article_publisher":"https:\/\/www.facebook.com\/beatopadreeustaquio\/","article_published_time":"2023-02-28T11:23:57+00:00","article_modified_time":"2023-02-28T11:53:36+00:00","og_image":[{"width":1600,"height":900,"url":"https:\/\/www.padreeustaquio.com.br\/wp-content\/uploads\/2023\/02\/via-sacra.jpeg","type":"image\/jpeg"}],"author":"@sscc","twitter_card":"summary_large_image","twitter_creator":"@beatopeustaquio","twitter_site":"@beatopeustaquio","twitter_misc":{"Written by":"@sscc","Est. reading time":"1 minute"},"schema":{"@context":"https:\/\/schema.org","@graph":[{"@type":"Article","@id":"https:\/\/www.padreeustaquio.com.br\/hoje-acompanhe-a-via-sacra-do-santuario-saude-e-paz\/#article","isPartOf":{"@id":"https:\/\/www.padreeustaquio.com.br\/hoje-acompanhe-a-via-sacra-do-santuario-saude-e-paz\/"},"author":{"name":"@sscc","@id":"https:\/\/www.padreeustaquio.com.br\/#\/schema\/person\/a2a51db1d00f1a7af0204a0f1ddb1566"},"headline":"HOJE &#8211; Acompanhe a Via Sacra do Santu\u00e1rio Sa\u00fade e Paz","datePublished":"2023-02-28T11:23:57+00:00","dateModified":"2023-02-28T11:53:36+00:00","mainEntityOfPage":{"@id":"https:\/\/www.padreeustaquio.com.br\/hoje-acompanhe-a-via-sacra-do-santuario-saude-e-paz\/"},"wordCount":221,"commentCount":0,"publisher":{"@id":"https:\/\/www.padreeustaquio.com.br\/#organization"},"image":{"@id":"https:\/\/www.padreeustaquio.com.br\/hoje-acompanhe-a-via-sacra-do-santuario-saude-e-paz\/#primaryimage"},"thumbnailUrl":"https:\/\/www.padreeustaquio.com.br\/wp-content\/uploads\/2023\/02\/via-sacra.jpeg","articleSection":["Not\u00edcias"],"inLanguage":"en-US","potentialAction":[{"@type":"CommentAction","name":"Comment","target":["https:\/\/www.padreeustaquio.com.br\/hoje-acompanhe-a-via-sacra-do-santuario-saude-e-paz\/#respond"]}]},{"@type":"WebPage","@id":"https:\/\/www.padreeustaquio.com.br\/hoje-acompanhe-a-via-sacra-do-santuario-saude-e-paz\/","url":"https:\/\/www.padreeustaquio.com.br\/hoje-acompanhe-a-via-sacra-do-santuario-saude-e-paz\/","name":"TODAY - Follow the Stations of the Cross from the Health and Peace Sanctuary.","isPartOf":{"@id":"https:\/\/www.padreeustaquio.com.br\/#website"},"primaryImageOfPage":{"@id":"https:\/\/www.padreeustaquio.com.br\/hoje-acompanhe-a-via-sacra-do-santuario-saude-e-paz\/#primaryimage"},"image":{"@id":"https:\/\/www.padreeustaquio.com.br\/hoje-acompanhe-a-via-sacra-do-santuario-saude-e-paz\/#primaryimage"},"thumbnailUrl":"https:\/\/www.padreeustaquio.com.br\/wp-content\/uploads\/2023\/02\/via-sacra.jpeg","datePublished":"2023-02-28T11:23:57+00:00","dateModified":"2023-02-28T11:53:36+00:00","description":"The Stations of the Cross, both today and on the following Tuesdays, can be followed in person at church and virtually via the Padre Eust\u00e1quio Channel on YouTube. Simply access the channel at 6 PM to watch live.","breadcrumb":{"@id":"https:\/\/www.padreeustaquio.com.br\/hoje-acompanhe-a-via-sacra-do-santuario-saude-e-paz\/#breadcrumb"},"inLanguage":"en-US","potentialAction":[{"@type":"ReadAction","target":["https:\/\/www.padreeustaquio.com.br\/hoje-acompanhe-a-via-sacra-do-santuario-saude-e-paz\/"]}]},{"@type":"ImageObject","inLanguage":"en-US","@id":"https:\/\/www.padreeustaquio.com.br\/hoje-acompanhe-a-via-sacra-do-santuario-saude-e-paz\/#primaryimage","url":"https:\/\/www.padreeustaquio.com.br\/wp-content\/uploads\/2023\/02\/via-sacra.jpeg","contentUrl":"https:\/\/www.padreeustaquio.com.br\/wp-content\/uploads\/2023\/02\/via-sacra.jpeg","width":1600,"height":900},{"@type":"BreadcrumbList","@id":"https:\/\/www.padreeustaquio.com.br\/hoje-acompanhe-a-via-sacra-do-santuario-saude-e-paz\/#breadcrumb","itemListElement":[{"@type":"ListItem","position":1,"name":"In\u00edcio","item":"https:\/\/www.padreeustaquio.com.br\/"},{"@type":"ListItem","position":2,"name":"HOJE &#8211; Acompanhe a Via Sacra do Santu\u00e1rio Sa\u00fade e Paz"}]},{"@type":"WebSite","@id":"https:\/\/www.padreeustaquio.com.br\/#website","url":"https:\/\/www.padreeustaquio.com.br\/","name":"FATHER EUST\u00c1QUIO","description":"Health and Peace","publisher":{"@id":"https:\/\/www.padreeustaquio.com.br\/#organization"},"potentialAction":[{"@type":"SearchAction","target":{"@type":"EntryPoint","urlTemplate":"https:\/\/www.padreeustaquio.com.br\/?s={search_term_string}"},"query-input":{"@type":"PropertyValueSpecification","valueRequired":true,"valueName":"search_term_string"}}],"inLanguage":"en-US"},{"@type":"Organization","@id":"https:\/\/www.padreeustaquio.com.br\/#organization","name":"FATHER EUST\u00c1QUIO","url":"https:\/\/www.padreeustaquio.com.br\/","logo":{"@type":"ImageObject","inLanguage":"en-US","@id":"https:\/\/www.padreeustaquio.com.br\/#\/schema\/logo\/image\/","url":"https:\/\/www.padreeustaquio.com.br\/wp-content\/uploads\/2019\/08\/marca.png","contentUrl":"https:\/\/www.padreeustaquio.com.br\/wp-content\/uploads\/2019\/08\/marca.png","width":350,"height":400,"caption":"Padre Eust\u00e1quio"},"image":{"@id":"https:\/\/www.padreeustaquio.com.br\/#\/schema\/logo\/image\/"},"sameAs":["https:\/\/www.facebook.com\/beatopadreeustaquio\/","https:\/\/x.com\/beatopeustaquio","https:\/\/www.instagram.com\/beatopadreeustaquio\/","https:\/\/www.youtube.com\/channel\/UCRhw7vfabnajwLxb1ZXMeIw"]},{"@type":"Person","@id":"https:\/\/www.padreeustaquio.com.br\/#\/schema\/person\/a2a51db1d00f1a7af0204a0f1ddb1566","name":"@sscc","image":{"@type":"ImageObject","inLanguage":"en-US","@id":"https:\/\/secure.gravatar.com\/avatar\/68cfafa5f44617fea54071e215026e0ff06be366c3d54a8425f04fdcb86f8c5f?s=96&d=mm&r=g","url":"https:\/\/secure.gravatar.com\/avatar\/68cfafa5f44617fea54071e215026e0ff06be366c3d54a8425f04fdcb86f8c5f?s=96&d=mm&r=g","contentUrl":"https:\/\/secure.gravatar.com\/avatar\/68cfafa5f44617fea54071e215026e0ff06be366c3d54a8425f04fdcb86f8c5f?s=96&d=mm&r=g","caption":"@sscc"},"url":"https:\/\/www.padreeustaquio.com.br\/en\/author\/sscc\/"}]}},"_links":{"self":[{"href":"https:\/\/www.padreeustaquio.com.br\/en\/wp-json\/wp\/v2\/posts\/9962","targetHints":{"allow":["GET"]}}],"collection":[{"href":"https:\/\/www.padreeustaquio.com.br\/en\/wp-json\/wp\/v2\/posts"}],"about":[{"href":"https:\/\/www.padreeustaquio.com.br\/en\/wp-json\/wp\/v2\/types\/post"}],"author":[{"embeddable":true,"href":"https:\/\/www.padreeustaquio.com.br\/en\/wp-json\/wp\/v2\/users\/2"}],"replies":[{"embeddable":true,"href":"https:\/\/www.padreeustaquio.com.br\/en\/wp-json\/wp\/v2\/comments?post=9962"}],"version-history":[{"count":0,"href":"https:\/\/www.padreeustaquio.com.br\/en\/wp-json\/wp\/v2\/posts\/9962\/revisions"}],"wp:featuredmedia":[{"embeddable":true,"href":"https:\/\/www.padreeustaquio.com.br\/en\/wp-json\/wp\/v2\/media\/9963"}],"wp:attachment":[{"href":"https:\/\/www.padreeustaquio.com.br\/en\/wp-json\/wp\/v2\/media?parent=9962"}],"wp:term":[{"taxonomy":"category","embeddable":true,"href":"https:\/\/www.padreeustaquio.com.br\/en\/wp-json\/wp\/v2\/categories?post=9962"},{"taxonomy":"post_tag","embeddable":true,"href":"https:\/\/www.padreeustaquio.com.br\/en\/wp-json\/wp\/v2\/tags?post=9962"}],"curies":[{"name":"wp","href":"https:\/\/api.w.org\/{rel}","templated":true}]}}