{"id":9953,"date":"2023-02-27T08:45:32","date_gmt":"2023-02-27T11:45:32","guid":{"rendered":"https:\/\/www.padreeustaquio.com.br\/?p=9953"},"modified":"2023-02-27T08:48:01","modified_gmt":"2023-02-27T11:48:01","slug":"a-childrens-and-youth-choir-will-be-formed-at-the-sanctuary-of-health-and-peace","status":"publish","type":"post","link":"https:\/\/www.padreeustaquio.com.br\/en\/a-childrens-and-youth-choir-will-be-formed-at-the-sanctuary-of-health-and-peace\/","title":{"rendered":"A children&#039;s and youth choir will be formed at the Sanctuary of Health and Peace."},"content":{"rendered":"<p>The singing team from the Sanctuary of Health and Peace, Church of Blessed Father Eustace, is forming a children&#039;s and youth choir. The idea is for the group to rehearse for presentations and events at the church.<\/p>\n\n\n\n<p>Children aged 6 and older can participate in the choir. The first meeting will be on Saturday, March 4th, in the Main Hall of the Sanctuary. Anyone interested can simply show up at the location on the date and time; registration is not required.<\/p>\n\n\n\n<p>To participate in the choir, you don&#039;t need to have experience with music or choirs; you just need to be interested in being part of the singing group.<\/p>\n\n\n\n<p><\/p>","protected":false},"excerpt":{"rendered":"<p>A equipe de canto do Santu\u00e1rio da Sa\u00fade e da Paz, Igreja do Beato Padre Eust\u00e1quio, est\u00e1 formando um coral infantojuvenil. A ideia \u00e9 que o grupo seja ensaiado para apresenta\u00e7\u00f5es a anima\u00e7\u00f5es na igreja. Podem participar do coral crian\u00e7as com 6 anos ou mais. O primeiro encontro ser\u00e1 no s\u00e1bado, 04 de mar\u00e7o, no Sal\u00e3o Nobre do Santu\u00e1rio. Quem estiver interessado basta comparecer ao local na data e hor\u00e1rio, n\u00e3o \u00e9 necess\u00e1rio fazer inscri\u00e7\u00e3o. Para participar do Coral n\u00e3o \u00e9 preciso ter experi\u00eancia com m\u00fasica e coral, basta ter interesse em fazer parte do grupo de canto.<\/p>","protected":false},"author":2,"featured_media":9954,"comment_status":"open","ping_status":"closed","sticky":false,"template":"","format":"standard","meta":{"_acf_changed":false,"footnotes":""},"categories":[611],"tags":[],"class_list":["post-9953","post","type-post","status-publish","format-standard","has-post-thumbnail","hentry","category-noticias"],"acf":[],"yoast_head":"<!-- This site is optimized with the Yoast SEO plugin v27.2 - https:\/\/yoast.com\/product\/yoast-seo-wordpress\/ -->\n<title>Coral Infantojuvenil ser\u00e1 formado no Santu\u00e1rio da Sa\u00fade e da Paz<\/title>\n<meta name=\"description\" content=\"A equipe de canto do Santu\u00e1rio da Sa\u00fade e da Paz, Igreja do Beato Padre Eust\u00e1quio, est\u00e1 formando um coral infanto-juvenil. A ideia \u00e9 que o grupo seja ensaiado para apresenta\u00e7\u00f5es a anima\u00e7\u00f5es na igreja.\" \/>\n<meta name=\"robots\" content=\"index, follow, max-snippet:-1, max-image-preview:large, max-video-preview:-1\" \/>\n<link rel=\"canonical\" href=\"https:\/\/www.padreeustaquio.com.br\/en\/a-childrens-and-youth-choir-will-be-formed-at-the-sanctuary-of-health-and-peace\/\" \/>\n<meta property=\"og:locale\" content=\"en_US\" \/>\n<meta property=\"og:type\" content=\"article\" \/>\n<meta property=\"og:title\" content=\"Coral Infantojuvenil ser\u00e1 formado no Santu\u00e1rio da Sa\u00fade e da Paz\" \/>\n<meta property=\"og:description\" content=\"A equipe de canto do Santu\u00e1rio da Sa\u00fade e da Paz, Igreja do Beato Padre Eust\u00e1quio, est\u00e1 formando um coral infanto-juvenil. A ideia \u00e9 que o grupo seja ensaiado para apresenta\u00e7\u00f5es a anima\u00e7\u00f5es na igreja.\" \/>\n<meta property=\"og:url\" content=\"https:\/\/www.padreeustaquio.com.br\/en\/a-childrens-and-youth-choir-will-be-formed-at-the-sanctuary-of-health-and-peace\/\" \/>\n<meta property=\"og:site_name\" content=\"Padre Eust\u00e1quio\" \/>\n<meta property=\"article:publisher\" content=\"https:\/\/www.facebook.com\/beatopadreeustaquio\/\" \/>\n<meta property=\"article:published_time\" content=\"2023-02-27T11:45:32+00:00\" \/>\n<meta property=\"article:modified_time\" content=\"2023-02-27T11:48:01+00:00\" \/>\n<meta property=\"og:image\" content=\"https:\/\/www.padreeustaquio.com.br\/wp-content\/uploads\/2023\/02\/imagem-coral-generica.jpeg\" \/>\n\t<meta property=\"og:image:width\" content=\"1600\" \/>\n\t<meta property=\"og:image:height\" content=\"900\" \/>\n\t<meta property=\"og:image:type\" content=\"image\/jpeg\" \/>\n<meta name=\"author\" content=\"@sscc\" \/>\n<meta name=\"twitter:card\" content=\"summary_large_image\" \/>\n<meta name=\"twitter:creator\" content=\"@beatopeustaquio\" \/>\n<meta name=\"twitter:site\" content=\"@beatopeustaquio\" \/>\n<meta name=\"twitter:label1\" content=\"Written by\" \/>\n\t<meta name=\"twitter:data1\" content=\"@sscc\" \/>\n\t<meta name=\"twitter:label2\" content=\"Est. reading time\" \/>\n\t<meta name=\"twitter:data2\" content=\"1 minute\" \/>\n<script type=\"application\/ld+json\" class=\"yoast-schema-graph\">{\"@context\":\"https:\/\/schema.org\",\"@graph\":[{\"@type\":\"Article\",\"@id\":\"https:\/\/www.padreeustaquio.com.br\/coral-infanto-juvenil-sera-formado-no-santuario-da-saude-e-da-paz\/#article\",\"isPartOf\":{\"@id\":\"https:\/\/www.padreeustaquio.com.br\/coral-infanto-juvenil-sera-formado-no-santuario-da-saude-e-da-paz\/\"},\"author\":{\"name\":\"@sscc\",\"@id\":\"https:\/\/www.padreeustaquio.com.br\/#\/schema\/person\/a2a51db1d00f1a7af0204a0f1ddb1566\"},\"headline\":\"Coral Infantojuvenil ser\u00e1 formado no Santu\u00e1rio da Sa\u00fade e da Paz\",\"datePublished\":\"2023-02-27T11:45:32+00:00\",\"dateModified\":\"2023-02-27T11:48:01+00:00\",\"mainEntityOfPage\":{\"@id\":\"https:\/\/www.padreeustaquio.com.br\/coral-infanto-juvenil-sera-formado-no-santuario-da-saude-e-da-paz\/\"},\"wordCount\":123,\"commentCount\":0,\"publisher\":{\"@id\":\"https:\/\/www.padreeustaquio.com.br\/#organization\"},\"image\":{\"@id\":\"https:\/\/www.padreeustaquio.com.br\/coral-infanto-juvenil-sera-formado-no-santuario-da-saude-e-da-paz\/#primaryimage\"},\"thumbnailUrl\":\"https:\/\/www.padreeustaquio.com.br\/wp-content\/uploads\/2023\/02\/imagem-coral-generica.jpeg\",\"articleSection\":[\"Not\u00edcias\"],\"inLanguage\":\"en-US\",\"potentialAction\":[{\"@type\":\"CommentAction\",\"name\":\"Comment\",\"target\":[\"https:\/\/www.padreeustaquio.com.br\/coral-infanto-juvenil-sera-formado-no-santuario-da-saude-e-da-paz\/#respond\"]}]},{\"@type\":\"WebPage\",\"@id\":\"https:\/\/www.padreeustaquio.com.br\/coral-infanto-juvenil-sera-formado-no-santuario-da-saude-e-da-paz\/\",\"url\":\"https:\/\/www.padreeustaquio.com.br\/coral-infanto-juvenil-sera-formado-no-santuario-da-saude-e-da-paz\/\",\"name\":\"Coral Infantojuvenil ser\u00e1 formado no Santu\u00e1rio da Sa\u00fade e da Paz\",\"isPartOf\":{\"@id\":\"https:\/\/www.padreeustaquio.com.br\/#website\"},\"primaryImageOfPage\":{\"@id\":\"https:\/\/www.padreeustaquio.com.br\/coral-infanto-juvenil-sera-formado-no-santuario-da-saude-e-da-paz\/#primaryimage\"},\"image\":{\"@id\":\"https:\/\/www.padreeustaquio.com.br\/coral-infanto-juvenil-sera-formado-no-santuario-da-saude-e-da-paz\/#primaryimage\"},\"thumbnailUrl\":\"https:\/\/www.padreeustaquio.com.br\/wp-content\/uploads\/2023\/02\/imagem-coral-generica.jpeg\",\"datePublished\":\"2023-02-27T11:45:32+00:00\",\"dateModified\":\"2023-02-27T11:48:01+00:00\",\"description\":\"A equipe de canto do Santu\u00e1rio da Sa\u00fade e da Paz, Igreja do Beato Padre Eust\u00e1quio, est\u00e1 formando um coral infanto-juvenil. A ideia \u00e9 que o grupo seja ensaiado para apresenta\u00e7\u00f5es a anima\u00e7\u00f5es na igreja.\",\"breadcrumb\":{\"@id\":\"https:\/\/www.padreeustaquio.com.br\/coral-infanto-juvenil-sera-formado-no-santuario-da-saude-e-da-paz\/#breadcrumb\"},\"inLanguage\":\"en-US\",\"potentialAction\":[{\"@type\":\"ReadAction\",\"target\":[\"https:\/\/www.padreeustaquio.com.br\/coral-infanto-juvenil-sera-formado-no-santuario-da-saude-e-da-paz\/\"]}]},{\"@type\":\"ImageObject\",\"inLanguage\":\"en-US\",\"@id\":\"https:\/\/www.padreeustaquio.com.br\/coral-infanto-juvenil-sera-formado-no-santuario-da-saude-e-da-paz\/#primaryimage\",\"url\":\"https:\/\/www.padreeustaquio.com.br\/wp-content\/uploads\/2023\/02\/imagem-coral-generica.jpeg\",\"contentUrl\":\"https:\/\/www.padreeustaquio.com.br\/wp-content\/uploads\/2023\/02\/imagem-coral-generica.jpeg\",\"width\":1600,\"height\":900},{\"@type\":\"BreadcrumbList\",\"@id\":\"https:\/\/www.padreeustaquio.com.br\/coral-infanto-juvenil-sera-formado-no-santuario-da-saude-e-da-paz\/#breadcrumb\",\"itemListElement\":[{\"@type\":\"ListItem\",\"position\":1,\"name\":\"In\u00edcio\",\"item\":\"https:\/\/www.padreeustaquio.com.br\/\"},{\"@type\":\"ListItem\",\"position\":2,\"name\":\"Coral Infantojuvenil ser\u00e1 formado no Santu\u00e1rio da Sa\u00fade e da Paz\"}]},{\"@type\":\"WebSite\",\"@id\":\"https:\/\/www.padreeustaquio.com.br\/#website\",\"url\":\"https:\/\/www.padreeustaquio.com.br\/\",\"name\":\"Padre Eust\u00e1quio\",\"description\":\"Sa\u00fade e Paz\",\"publisher\":{\"@id\":\"https:\/\/www.padreeustaquio.com.br\/#organization\"},\"potentialAction\":[{\"@type\":\"SearchAction\",\"target\":{\"@type\":\"EntryPoint\",\"urlTemplate\":\"https:\/\/www.padreeustaquio.com.br\/?s={search_term_string}\"},\"query-input\":{\"@type\":\"PropertyValueSpecification\",\"valueRequired\":true,\"valueName\":\"search_term_string\"}}],\"inLanguage\":\"en-US\"},{\"@type\":\"Organization\",\"@id\":\"https:\/\/www.padreeustaquio.com.br\/#organization\",\"name\":\"Padre Eust\u00e1quio\",\"url\":\"https:\/\/www.padreeustaquio.com.br\/\",\"logo\":{\"@type\":\"ImageObject\",\"inLanguage\":\"en-US\",\"@id\":\"https:\/\/www.padreeustaquio.com.br\/#\/schema\/logo\/image\/\",\"url\":\"https:\/\/www.padreeustaquio.com.br\/wp-content\/uploads\/2019\/08\/marca.png\",\"contentUrl\":\"https:\/\/www.padreeustaquio.com.br\/wp-content\/uploads\/2019\/08\/marca.png\",\"width\":350,\"height\":400,\"caption\":\"Padre Eust\u00e1quio\"},\"image\":{\"@id\":\"https:\/\/www.padreeustaquio.com.br\/#\/schema\/logo\/image\/\"},\"sameAs\":[\"https:\/\/www.facebook.com\/beatopadreeustaquio\/\",\"https:\/\/x.com\/beatopeustaquio\",\"https:\/\/www.instagram.com\/beatopadreeustaquio\/\",\"https:\/\/www.youtube.com\/channel\/UCRhw7vfabnajwLxb1ZXMeIw\"]},{\"@type\":\"Person\",\"@id\":\"https:\/\/www.padreeustaquio.com.br\/#\/schema\/person\/a2a51db1d00f1a7af0204a0f1ddb1566\",\"name\":\"@sscc\",\"image\":{\"@type\":\"ImageObject\",\"inLanguage\":\"en-US\",\"@id\":\"https:\/\/secure.gravatar.com\/avatar\/68cfafa5f44617fea54071e215026e0ff06be366c3d54a8425f04fdcb86f8c5f?s=96&d=mm&r=g\",\"url\":\"https:\/\/secure.gravatar.com\/avatar\/68cfafa5f44617fea54071e215026e0ff06be366c3d54a8425f04fdcb86f8c5f?s=96&d=mm&r=g\",\"contentUrl\":\"https:\/\/secure.gravatar.com\/avatar\/68cfafa5f44617fea54071e215026e0ff06be366c3d54a8425f04fdcb86f8c5f?s=96&d=mm&r=g\",\"caption\":\"@sscc\"},\"url\":\"https:\/\/www.padreeustaquio.com.br\/en\/author\/sscc\/\"}]}<\/script>\n<!-- \/ Yoast SEO plugin. -->","yoast_head_json":{"title":"A children&#039;s and youth choir will be formed at the Sanctuary of Health and Peace.","description":"The choir of the Sanctuary of Health and Peace, Church of Blessed Father Eustace, is forming a children&#039;s and youth choir. The idea is for the group to rehearse for presentations and events at the church.","robots":{"index":"index","follow":"follow","max-snippet":"max-snippet:-1","max-image-preview":"max-image-preview:large","max-video-preview":"max-video-preview:-1"},"canonical":"https:\/\/www.padreeustaquio.com.br\/en\/a-childrens-and-youth-choir-will-be-formed-at-the-sanctuary-of-health-and-peace\/","og_locale":"en_US","og_type":"article","og_title":"Coral Infantojuvenil ser\u00e1 formado no Santu\u00e1rio da Sa\u00fade e da Paz","og_description":"A equipe de canto do Santu\u00e1rio da Sa\u00fade e da Paz, Igreja do Beato Padre Eust\u00e1quio, est\u00e1 formando um coral infanto-juvenil. A ideia \u00e9 que o grupo seja ensaiado para apresenta\u00e7\u00f5es a anima\u00e7\u00f5es na igreja.","og_url":"https:\/\/www.padreeustaquio.com.br\/en\/a-childrens-and-youth-choir-will-be-formed-at-the-sanctuary-of-health-and-peace\/","og_site_name":"Padre Eust\u00e1quio","article_publisher":"https:\/\/www.facebook.com\/beatopadreeustaquio\/","article_published_time":"2023-02-27T11:45:32+00:00","article_modified_time":"2023-02-27T11:48:01+00:00","og_image":[{"width":1600,"height":900,"url":"https:\/\/www.padreeustaquio.com.br\/wp-content\/uploads\/2023\/02\/imagem-coral-generica.jpeg","type":"image\/jpeg"}],"author":"@sscc","twitter_card":"summary_large_image","twitter_creator":"@beatopeustaquio","twitter_site":"@beatopeustaquio","twitter_misc":{"Written by":"@sscc","Est. reading time":"1 minute"},"schema":{"@context":"https:\/\/schema.org","@graph":[{"@type":"Article","@id":"https:\/\/www.padreeustaquio.com.br\/coral-infanto-juvenil-sera-formado-no-santuario-da-saude-e-da-paz\/#article","isPartOf":{"@id":"https:\/\/www.padreeustaquio.com.br\/coral-infanto-juvenil-sera-formado-no-santuario-da-saude-e-da-paz\/"},"author":{"name":"@sscc","@id":"https:\/\/www.padreeustaquio.com.br\/#\/schema\/person\/a2a51db1d00f1a7af0204a0f1ddb1566"},"headline":"Coral Infantojuvenil ser\u00e1 formado no Santu\u00e1rio da Sa\u00fade e da Paz","datePublished":"2023-02-27T11:45:32+00:00","dateModified":"2023-02-27T11:48:01+00:00","mainEntityOfPage":{"@id":"https:\/\/www.padreeustaquio.com.br\/coral-infanto-juvenil-sera-formado-no-santuario-da-saude-e-da-paz\/"},"wordCount":123,"commentCount":0,"publisher":{"@id":"https:\/\/www.padreeustaquio.com.br\/#organization"},"image":{"@id":"https:\/\/www.padreeustaquio.com.br\/coral-infanto-juvenil-sera-formado-no-santuario-da-saude-e-da-paz\/#primaryimage"},"thumbnailUrl":"https:\/\/www.padreeustaquio.com.br\/wp-content\/uploads\/2023\/02\/imagem-coral-generica.jpeg","articleSection":["Not\u00edcias"],"inLanguage":"en-US","potentialAction":[{"@type":"CommentAction","name":"Comment","target":["https:\/\/www.padreeustaquio.com.br\/coral-infanto-juvenil-sera-formado-no-santuario-da-saude-e-da-paz\/#respond"]}]},{"@type":"WebPage","@id":"https:\/\/www.padreeustaquio.com.br\/coral-infanto-juvenil-sera-formado-no-santuario-da-saude-e-da-paz\/","url":"https:\/\/www.padreeustaquio.com.br\/coral-infanto-juvenil-sera-formado-no-santuario-da-saude-e-da-paz\/","name":"A children&#039;s and youth choir will be formed at the Sanctuary of Health and Peace.","isPartOf":{"@id":"https:\/\/www.padreeustaquio.com.br\/#website"},"primaryImageOfPage":{"@id":"https:\/\/www.padreeustaquio.com.br\/coral-infanto-juvenil-sera-formado-no-santuario-da-saude-e-da-paz\/#primaryimage"},"image":{"@id":"https:\/\/www.padreeustaquio.com.br\/coral-infanto-juvenil-sera-formado-no-santuario-da-saude-e-da-paz\/#primaryimage"},"thumbnailUrl":"https:\/\/www.padreeustaquio.com.br\/wp-content\/uploads\/2023\/02\/imagem-coral-generica.jpeg","datePublished":"2023-02-27T11:45:32+00:00","dateModified":"2023-02-27T11:48:01+00:00","description":"The choir of the Sanctuary of Health and Peace, Church of Blessed Father Eustace, is forming a children&#039;s and youth choir. The idea is for the group to rehearse for presentations and events at the church.","breadcrumb":{"@id":"https:\/\/www.padreeustaquio.com.br\/coral-infanto-juvenil-sera-formado-no-santuario-da-saude-e-da-paz\/#breadcrumb"},"inLanguage":"en-US","potentialAction":[{"@type":"ReadAction","target":["https:\/\/www.padreeustaquio.com.br\/coral-infanto-juvenil-sera-formado-no-santuario-da-saude-e-da-paz\/"]}]},{"@type":"ImageObject","inLanguage":"en-US","@id":"https:\/\/www.padreeustaquio.com.br\/coral-infanto-juvenil-sera-formado-no-santuario-da-saude-e-da-paz\/#primaryimage","url":"https:\/\/www.padreeustaquio.com.br\/wp-content\/uploads\/2023\/02\/imagem-coral-generica.jpeg","contentUrl":"https:\/\/www.padreeustaquio.com.br\/wp-content\/uploads\/2023\/02\/imagem-coral-generica.jpeg","width":1600,"height":900},{"@type":"BreadcrumbList","@id":"https:\/\/www.padreeustaquio.com.br\/coral-infanto-juvenil-sera-formado-no-santuario-da-saude-e-da-paz\/#breadcrumb","itemListElement":[{"@type":"ListItem","position":1,"name":"In\u00edcio","item":"https:\/\/www.padreeustaquio.com.br\/"},{"@type":"ListItem","position":2,"name":"Coral Infantojuvenil ser\u00e1 formado no Santu\u00e1rio da Sa\u00fade e da Paz"}]},{"@type":"WebSite","@id":"https:\/\/www.padreeustaquio.com.br\/#website","url":"https:\/\/www.padreeustaquio.com.br\/","name":"FATHER EUST\u00c1QUIO","description":"Health and Peace","publisher":{"@id":"https:\/\/www.padreeustaquio.com.br\/#organization"},"potentialAction":[{"@type":"SearchAction","target":{"@type":"EntryPoint","urlTemplate":"https:\/\/www.padreeustaquio.com.br\/?s={search_term_string}"},"query-input":{"@type":"PropertyValueSpecification","valueRequired":true,"valueName":"search_term_string"}}],"inLanguage":"en-US"},{"@type":"Organization","@id":"https:\/\/www.padreeustaquio.com.br\/#organization","name":"FATHER EUST\u00c1QUIO","url":"https:\/\/www.padreeustaquio.com.br\/","logo":{"@type":"ImageObject","inLanguage":"en-US","@id":"https:\/\/www.padreeustaquio.com.br\/#\/schema\/logo\/image\/","url":"https:\/\/www.padreeustaquio.com.br\/wp-content\/uploads\/2019\/08\/marca.png","contentUrl":"https:\/\/www.padreeustaquio.com.br\/wp-content\/uploads\/2019\/08\/marca.png","width":350,"height":400,"caption":"Padre Eust\u00e1quio"},"image":{"@id":"https:\/\/www.padreeustaquio.com.br\/#\/schema\/logo\/image\/"},"sameAs":["https:\/\/www.facebook.com\/beatopadreeustaquio\/","https:\/\/x.com\/beatopeustaquio","https:\/\/www.instagram.com\/beatopadreeustaquio\/","https:\/\/www.youtube.com\/channel\/UCRhw7vfabnajwLxb1ZXMeIw"]},{"@type":"Person","@id":"https:\/\/www.padreeustaquio.com.br\/#\/schema\/person\/a2a51db1d00f1a7af0204a0f1ddb1566","name":"@sscc","image":{"@type":"ImageObject","inLanguage":"en-US","@id":"https:\/\/secure.gravatar.com\/avatar\/68cfafa5f44617fea54071e215026e0ff06be366c3d54a8425f04fdcb86f8c5f?s=96&d=mm&r=g","url":"https:\/\/secure.gravatar.com\/avatar\/68cfafa5f44617fea54071e215026e0ff06be366c3d54a8425f04fdcb86f8c5f?s=96&d=mm&r=g","contentUrl":"https:\/\/secure.gravatar.com\/avatar\/68cfafa5f44617fea54071e215026e0ff06be366c3d54a8425f04fdcb86f8c5f?s=96&d=mm&r=g","caption":"@sscc"},"url":"https:\/\/www.padreeustaquio.com.br\/en\/author\/sscc\/"}]}},"_links":{"self":[{"href":"https:\/\/www.padreeustaquio.com.br\/en\/wp-json\/wp\/v2\/posts\/9953","targetHints":{"allow":["GET"]}}],"collection":[{"href":"https:\/\/www.padreeustaquio.com.br\/en\/wp-json\/wp\/v2\/posts"}],"about":[{"href":"https:\/\/www.padreeustaquio.com.br\/en\/wp-json\/wp\/v2\/types\/post"}],"author":[{"embeddable":true,"href":"https:\/\/www.padreeustaquio.com.br\/en\/wp-json\/wp\/v2\/users\/2"}],"replies":[{"embeddable":true,"href":"https:\/\/www.padreeustaquio.com.br\/en\/wp-json\/wp\/v2\/comments?post=9953"}],"version-history":[{"count":0,"href":"https:\/\/www.padreeustaquio.com.br\/en\/wp-json\/wp\/v2\/posts\/9953\/revisions"}],"wp:featuredmedia":[{"embeddable":true,"href":"https:\/\/www.padreeustaquio.com.br\/en\/wp-json\/wp\/v2\/media\/9954"}],"wp:attachment":[{"href":"https:\/\/www.padreeustaquio.com.br\/en\/wp-json\/wp\/v2\/media?parent=9953"}],"wp:term":[{"taxonomy":"category","embeddable":true,"href":"https:\/\/www.padreeustaquio.com.br\/en\/wp-json\/wp\/v2\/categories?post=9953"},{"taxonomy":"post_tag","embeddable":true,"href":"https:\/\/www.padreeustaquio.com.br\/en\/wp-json\/wp\/v2\/tags?post=9953"}],"curies":[{"name":"wp","href":"https:\/\/api.w.org\/{rel}","templated":true}]}}