{"id":9946,"date":"2023-02-23T08:29:26","date_gmt":"2023-02-23T11:29:26","guid":{"rendered":"https:\/\/www.padreeustaquio.com.br\/?p=9946"},"modified":"2023-02-23T08:29:27","modified_gmt":"2023-02-23T11:29:27","slug":"hundreds-of-faithful-are-following-the-lenten-retreat-on-the-padre-eustaquio-channel","status":"publish","type":"post","link":"https:\/\/www.padreeustaquio.com.br\/en\/hundreds-of-faithful-are-following-the-lenten-retreat-on-the-padre-eustaquio-channel\/","title":{"rendered":"Hundreds of faithful are following the Lenten Retreat on the Padre Eust\u00e1quio Channel."},"content":{"rendered":"<p>Since yesterday (Ash Wednesday), the YouTube channel has been posting moments of prayer starting at 5 AM. Every day, videos of approximately five minutes discuss the Word of God and offer a short reflection on the season of Lent.<\/p>\n\n\n\n<p>The videos are being conducted by Brother Vanildo Lima Sena, of the Congregation of the Sacred Hearts, and recorded by the audiovisual production team of the National Secretariat for the Cause of Canonization of Blessed Father Eustace.<\/p>\n\n\n\n<p>The first two episodes have already been posted and watched by over 600 people. The videos will be shown until Palm Sunday, April 2nd. Every day, starting at 5 AM, the episodes will be available on the Padre Eust\u00e1quio Channel so you can reflect and prepare well for Easter.<\/p>\n\n\n\n<p>If you haven&#039;t yet begun your Lenten Retreat, please visit our Channel.\u00a0<a href=\"https:\/\/www.youtube.com\/c\/CanalPadreEust%C3%A1quio\" target=\"_blank\" rel=\"noreferrer noopener\">CLICK HERE<\/a>\u00a0And do the first few days. Turn on notifications and with each new post you will receive a reminder to watch all 40 episodes and pray along with us.<\/p>\n\n\n\n<p><\/p>","protected":false},"excerpt":{"rendered":"<p>Desde ontem (Quarta-feira de Cinzas), o canal do YouTube est\u00e1 postando os momentos de ora\u00e7\u00e3o a partir das 5h. Todos os dias, v\u00eddeos de aproximadamente cinco minutos falam da Palavra de Deus e promovem uma pequena reflex\u00e3o sobre o tempo da Quaresma. Os v\u00eddeos est\u00e3o sendo conduzidos pelo Irm\u00e3o Vanildo Lima Sena, da Congrega\u00e7\u00e3o dos Sagrados Cora\u00e7\u00f5es e gravados pela equipe de produ\u00e7\u00e3o audiovisual do Secretariado Nacional para a Causa de Canoniza\u00e7\u00e3o do Bem-Aventurado Padre Eust\u00e1quio. Os dois primeiros epis\u00f3dios j\u00e1 foram postados e assistidos por mais de 600 pessoas. Os v\u00eddeos ser\u00e3o exibidos at\u00e9 o Domingo de Ramos, no [&hellip;]<\/p>\n","protected":false},"author":2,"featured_media":9947,"comment_status":"open","ping_status":"closed","sticky":false,"template":"","format":"standard","meta":{"_acf_changed":false,"footnotes":""},"categories":[611],"tags":[],"class_list":["post-9946","post","type-post","status-publish","format-standard","has-post-thumbnail","hentry","category-noticias"],"acf":[],"yoast_head":"<!-- This site is optimized with the Yoast SEO plugin v27.2 - https:\/\/yoast.com\/product\/yoast-seo-wordpress\/ -->\n<title>Centenas de fi\u00e9is acompanham o Retiro Quaresmal pelo Canal Padre Eust\u00e1quio<\/title>\n<meta name=\"description\" content=\"Desde ontem (Quarta-feira de Cinzas), o canal do YouTube est\u00e1 postando os momentos de ora\u00e7\u00e3o a partir das 5h. Todos os dias, v\u00eddeos de aproximadamente cinco minutos falam da Palavra de Deus e promovem uma pequena reflex\u00e3o sobre o tempo da Quaresma.\" \/>\n<meta name=\"robots\" content=\"index, follow, max-snippet:-1, max-image-preview:large, max-video-preview:-1\" \/>\n<link rel=\"canonical\" href=\"https:\/\/www.padreeustaquio.com.br\/en\/hundreds-of-faithful-are-following-the-lenten-retreat-on-the-padre-eustaquio-channel\/\" \/>\n<meta property=\"og:locale\" content=\"en_US\" \/>\n<meta property=\"og:type\" content=\"article\" \/>\n<meta property=\"og:title\" content=\"Centenas de fi\u00e9is acompanham o Retiro Quaresmal pelo Canal Padre Eust\u00e1quio\" \/>\n<meta property=\"og:description\" content=\"Desde ontem (Quarta-feira de Cinzas), o canal do YouTube est\u00e1 postando os momentos de ora\u00e7\u00e3o a partir das 5h. Todos os dias, v\u00eddeos de aproximadamente cinco minutos falam da Palavra de Deus e promovem uma pequena reflex\u00e3o sobre o tempo da Quaresma.\" \/>\n<meta property=\"og:url\" content=\"https:\/\/www.padreeustaquio.com.br\/en\/hundreds-of-faithful-are-following-the-lenten-retreat-on-the-padre-eustaquio-channel\/\" \/>\n<meta property=\"og:site_name\" content=\"Padre Eust\u00e1quio\" \/>\n<meta property=\"article:publisher\" content=\"https:\/\/www.facebook.com\/beatopadreeustaquio\/\" \/>\n<meta property=\"article:published_time\" content=\"2023-02-23T11:29:26+00:00\" \/>\n<meta property=\"article:modified_time\" content=\"2023-02-23T11:29:27+00:00\" \/>\n<meta property=\"og:image\" content=\"https:\/\/www.padreeustaquio.com.br\/wp-content\/uploads\/2023\/02\/vanildo.png\" \/>\n\t<meta property=\"og:image:width\" content=\"1440\" \/>\n\t<meta property=\"og:image:height\" content=\"788\" \/>\n\t<meta property=\"og:image:type\" content=\"image\/png\" \/>\n<meta name=\"author\" content=\"@sscc\" \/>\n<meta name=\"twitter:card\" content=\"summary_large_image\" \/>\n<meta name=\"twitter:creator\" content=\"@beatopeustaquio\" \/>\n<meta name=\"twitter:site\" content=\"@beatopeustaquio\" \/>\n<meta name=\"twitter:label1\" content=\"Written by\" \/>\n\t<meta name=\"twitter:data1\" content=\"@sscc\" \/>\n\t<meta name=\"twitter:label2\" content=\"Est. reading time\" \/>\n\t<meta name=\"twitter:data2\" content=\"1 minute\" \/>\n<script type=\"application\/ld+json\" class=\"yoast-schema-graph\">{\"@context\":\"https:\/\/schema.org\",\"@graph\":[{\"@type\":\"Article\",\"@id\":\"https:\/\/www.padreeustaquio.com.br\/centenas-de-fieis-acompanham-o-retiro-quaresmal-pelo-canal-padre-eustaquio\/#article\",\"isPartOf\":{\"@id\":\"https:\/\/www.padreeustaquio.com.br\/centenas-de-fieis-acompanham-o-retiro-quaresmal-pelo-canal-padre-eustaquio\/\"},\"author\":{\"name\":\"@sscc\",\"@id\":\"https:\/\/www.padreeustaquio.com.br\/#\/schema\/person\/a2a51db1d00f1a7af0204a0f1ddb1566\"},\"headline\":\"Centenas de fi\u00e9is acompanham o Retiro Quaresmal pelo Canal Padre Eust\u00e1quio\",\"datePublished\":\"2023-02-23T11:29:26+00:00\",\"dateModified\":\"2023-02-23T11:29:27+00:00\",\"mainEntityOfPage\":{\"@id\":\"https:\/\/www.padreeustaquio.com.br\/centenas-de-fieis-acompanham-o-retiro-quaresmal-pelo-canal-padre-eustaquio\/\"},\"wordCount\":206,\"commentCount\":0,\"publisher\":{\"@id\":\"https:\/\/www.padreeustaquio.com.br\/#organization\"},\"image\":{\"@id\":\"https:\/\/www.padreeustaquio.com.br\/centenas-de-fieis-acompanham-o-retiro-quaresmal-pelo-canal-padre-eustaquio\/#primaryimage\"},\"thumbnailUrl\":\"https:\/\/www.padreeustaquio.com.br\/wp-content\/uploads\/2023\/02\/vanildo.png\",\"articleSection\":[\"Not\u00edcias\"],\"inLanguage\":\"en-US\",\"potentialAction\":[{\"@type\":\"CommentAction\",\"name\":\"Comment\",\"target\":[\"https:\/\/www.padreeustaquio.com.br\/centenas-de-fieis-acompanham-o-retiro-quaresmal-pelo-canal-padre-eustaquio\/#respond\"]}]},{\"@type\":\"WebPage\",\"@id\":\"https:\/\/www.padreeustaquio.com.br\/centenas-de-fieis-acompanham-o-retiro-quaresmal-pelo-canal-padre-eustaquio\/\",\"url\":\"https:\/\/www.padreeustaquio.com.br\/centenas-de-fieis-acompanham-o-retiro-quaresmal-pelo-canal-padre-eustaquio\/\",\"name\":\"Centenas de fi\u00e9is acompanham o Retiro Quaresmal pelo Canal Padre Eust\u00e1quio\",\"isPartOf\":{\"@id\":\"https:\/\/www.padreeustaquio.com.br\/#website\"},\"primaryImageOfPage\":{\"@id\":\"https:\/\/www.padreeustaquio.com.br\/centenas-de-fieis-acompanham-o-retiro-quaresmal-pelo-canal-padre-eustaquio\/#primaryimage\"},\"image\":{\"@id\":\"https:\/\/www.padreeustaquio.com.br\/centenas-de-fieis-acompanham-o-retiro-quaresmal-pelo-canal-padre-eustaquio\/#primaryimage\"},\"thumbnailUrl\":\"https:\/\/www.padreeustaquio.com.br\/wp-content\/uploads\/2023\/02\/vanildo.png\",\"datePublished\":\"2023-02-23T11:29:26+00:00\",\"dateModified\":\"2023-02-23T11:29:27+00:00\",\"description\":\"Desde ontem (Quarta-feira de Cinzas), o canal do YouTube est\u00e1 postando os momentos de ora\u00e7\u00e3o a partir das 5h. Todos os dias, v\u00eddeos de aproximadamente cinco minutos falam da Palavra de Deus e promovem uma pequena reflex\u00e3o sobre o tempo da Quaresma.\",\"breadcrumb\":{\"@id\":\"https:\/\/www.padreeustaquio.com.br\/centenas-de-fieis-acompanham-o-retiro-quaresmal-pelo-canal-padre-eustaquio\/#breadcrumb\"},\"inLanguage\":\"en-US\",\"potentialAction\":[{\"@type\":\"ReadAction\",\"target\":[\"https:\/\/www.padreeustaquio.com.br\/centenas-de-fieis-acompanham-o-retiro-quaresmal-pelo-canal-padre-eustaquio\/\"]}]},{\"@type\":\"ImageObject\",\"inLanguage\":\"en-US\",\"@id\":\"https:\/\/www.padreeustaquio.com.br\/centenas-de-fieis-acompanham-o-retiro-quaresmal-pelo-canal-padre-eustaquio\/#primaryimage\",\"url\":\"https:\/\/www.padreeustaquio.com.br\/wp-content\/uploads\/2023\/02\/vanildo.png\",\"contentUrl\":\"https:\/\/www.padreeustaquio.com.br\/wp-content\/uploads\/2023\/02\/vanildo.png\",\"width\":1440,\"height\":788},{\"@type\":\"BreadcrumbList\",\"@id\":\"https:\/\/www.padreeustaquio.com.br\/centenas-de-fieis-acompanham-o-retiro-quaresmal-pelo-canal-padre-eustaquio\/#breadcrumb\",\"itemListElement\":[{\"@type\":\"ListItem\",\"position\":1,\"name\":\"In\u00edcio\",\"item\":\"https:\/\/www.padreeustaquio.com.br\/\"},{\"@type\":\"ListItem\",\"position\":2,\"name\":\"Centenas de fi\u00e9is acompanham o Retiro Quaresmal pelo Canal Padre Eust\u00e1quio\"}]},{\"@type\":\"WebSite\",\"@id\":\"https:\/\/www.padreeustaquio.com.br\/#website\",\"url\":\"https:\/\/www.padreeustaquio.com.br\/\",\"name\":\"Padre Eust\u00e1quio\",\"description\":\"Sa\u00fade e Paz\",\"publisher\":{\"@id\":\"https:\/\/www.padreeustaquio.com.br\/#organization\"},\"potentialAction\":[{\"@type\":\"SearchAction\",\"target\":{\"@type\":\"EntryPoint\",\"urlTemplate\":\"https:\/\/www.padreeustaquio.com.br\/?s={search_term_string}\"},\"query-input\":{\"@type\":\"PropertyValueSpecification\",\"valueRequired\":true,\"valueName\":\"search_term_string\"}}],\"inLanguage\":\"en-US\"},{\"@type\":\"Organization\",\"@id\":\"https:\/\/www.padreeustaquio.com.br\/#organization\",\"name\":\"Padre Eust\u00e1quio\",\"url\":\"https:\/\/www.padreeustaquio.com.br\/\",\"logo\":{\"@type\":\"ImageObject\",\"inLanguage\":\"en-US\",\"@id\":\"https:\/\/www.padreeustaquio.com.br\/#\/schema\/logo\/image\/\",\"url\":\"https:\/\/www.padreeustaquio.com.br\/wp-content\/uploads\/2019\/08\/marca.png\",\"contentUrl\":\"https:\/\/www.padreeustaquio.com.br\/wp-content\/uploads\/2019\/08\/marca.png\",\"width\":350,\"height\":400,\"caption\":\"Padre Eust\u00e1quio\"},\"image\":{\"@id\":\"https:\/\/www.padreeustaquio.com.br\/#\/schema\/logo\/image\/\"},\"sameAs\":[\"https:\/\/www.facebook.com\/beatopadreeustaquio\/\",\"https:\/\/x.com\/beatopeustaquio\",\"https:\/\/www.instagram.com\/beatopadreeustaquio\/\",\"https:\/\/www.youtube.com\/channel\/UCRhw7vfabnajwLxb1ZXMeIw\"]},{\"@type\":\"Person\",\"@id\":\"https:\/\/www.padreeustaquio.com.br\/#\/schema\/person\/a2a51db1d00f1a7af0204a0f1ddb1566\",\"name\":\"@sscc\",\"image\":{\"@type\":\"ImageObject\",\"inLanguage\":\"en-US\",\"@id\":\"https:\/\/secure.gravatar.com\/avatar\/68cfafa5f44617fea54071e215026e0ff06be366c3d54a8425f04fdcb86f8c5f?s=96&d=mm&r=g\",\"url\":\"https:\/\/secure.gravatar.com\/avatar\/68cfafa5f44617fea54071e215026e0ff06be366c3d54a8425f04fdcb86f8c5f?s=96&d=mm&r=g\",\"contentUrl\":\"https:\/\/secure.gravatar.com\/avatar\/68cfafa5f44617fea54071e215026e0ff06be366c3d54a8425f04fdcb86f8c5f?s=96&d=mm&r=g\",\"caption\":\"@sscc\"},\"url\":\"https:\/\/www.padreeustaquio.com.br\/en\/author\/sscc\/\"}]}<\/script>\n<!-- \/ Yoast SEO plugin. -->","yoast_head_json":{"title":"Hundreds of faithful are following the Lenten Retreat on the Padre Eust\u00e1quio Channel.","description":"Since yesterday (Ash Wednesday), the YouTube channel has been posting moments of prayer starting at 5 AM. Every day, videos of approximately five minutes discuss the Word of God and offer a short reflection on the season of Lent.","robots":{"index":"index","follow":"follow","max-snippet":"max-snippet:-1","max-image-preview":"max-image-preview:large","max-video-preview":"max-video-preview:-1"},"canonical":"https:\/\/www.padreeustaquio.com.br\/en\/hundreds-of-faithful-are-following-the-lenten-retreat-on-the-padre-eustaquio-channel\/","og_locale":"en_US","og_type":"article","og_title":"Centenas de fi\u00e9is acompanham o Retiro Quaresmal pelo Canal Padre Eust\u00e1quio","og_description":"Desde ontem (Quarta-feira de Cinzas), o canal do YouTube est\u00e1 postando os momentos de ora\u00e7\u00e3o a partir das 5h. Todos os dias, v\u00eddeos de aproximadamente cinco minutos falam da Palavra de Deus e promovem uma pequena reflex\u00e3o sobre o tempo da Quaresma.","og_url":"https:\/\/www.padreeustaquio.com.br\/en\/hundreds-of-faithful-are-following-the-lenten-retreat-on-the-padre-eustaquio-channel\/","og_site_name":"Padre Eust\u00e1quio","article_publisher":"https:\/\/www.facebook.com\/beatopadreeustaquio\/","article_published_time":"2023-02-23T11:29:26+00:00","article_modified_time":"2023-02-23T11:29:27+00:00","og_image":[{"width":1440,"height":788,"url":"https:\/\/www.padreeustaquio.com.br\/wp-content\/uploads\/2023\/02\/vanildo.png","type":"image\/png"}],"author":"@sscc","twitter_card":"summary_large_image","twitter_creator":"@beatopeustaquio","twitter_site":"@beatopeustaquio","twitter_misc":{"Written by":"@sscc","Est. reading time":"1 minute"},"schema":{"@context":"https:\/\/schema.org","@graph":[{"@type":"Article","@id":"https:\/\/www.padreeustaquio.com.br\/centenas-de-fieis-acompanham-o-retiro-quaresmal-pelo-canal-padre-eustaquio\/#article","isPartOf":{"@id":"https:\/\/www.padreeustaquio.com.br\/centenas-de-fieis-acompanham-o-retiro-quaresmal-pelo-canal-padre-eustaquio\/"},"author":{"name":"@sscc","@id":"https:\/\/www.padreeustaquio.com.br\/#\/schema\/person\/a2a51db1d00f1a7af0204a0f1ddb1566"},"headline":"Centenas de fi\u00e9is acompanham o Retiro Quaresmal pelo Canal Padre Eust\u00e1quio","datePublished":"2023-02-23T11:29:26+00:00","dateModified":"2023-02-23T11:29:27+00:00","mainEntityOfPage":{"@id":"https:\/\/www.padreeustaquio.com.br\/centenas-de-fieis-acompanham-o-retiro-quaresmal-pelo-canal-padre-eustaquio\/"},"wordCount":206,"commentCount":0,"publisher":{"@id":"https:\/\/www.padreeustaquio.com.br\/#organization"},"image":{"@id":"https:\/\/www.padreeustaquio.com.br\/centenas-de-fieis-acompanham-o-retiro-quaresmal-pelo-canal-padre-eustaquio\/#primaryimage"},"thumbnailUrl":"https:\/\/www.padreeustaquio.com.br\/wp-content\/uploads\/2023\/02\/vanildo.png","articleSection":["Not\u00edcias"],"inLanguage":"en-US","potentialAction":[{"@type":"CommentAction","name":"Comment","target":["https:\/\/www.padreeustaquio.com.br\/centenas-de-fieis-acompanham-o-retiro-quaresmal-pelo-canal-padre-eustaquio\/#respond"]}]},{"@type":"WebPage","@id":"https:\/\/www.padreeustaquio.com.br\/centenas-de-fieis-acompanham-o-retiro-quaresmal-pelo-canal-padre-eustaquio\/","url":"https:\/\/www.padreeustaquio.com.br\/centenas-de-fieis-acompanham-o-retiro-quaresmal-pelo-canal-padre-eustaquio\/","name":"Hundreds of faithful are following the Lenten Retreat on the Padre Eust\u00e1quio Channel.","isPartOf":{"@id":"https:\/\/www.padreeustaquio.com.br\/#website"},"primaryImageOfPage":{"@id":"https:\/\/www.padreeustaquio.com.br\/centenas-de-fieis-acompanham-o-retiro-quaresmal-pelo-canal-padre-eustaquio\/#primaryimage"},"image":{"@id":"https:\/\/www.padreeustaquio.com.br\/centenas-de-fieis-acompanham-o-retiro-quaresmal-pelo-canal-padre-eustaquio\/#primaryimage"},"thumbnailUrl":"https:\/\/www.padreeustaquio.com.br\/wp-content\/uploads\/2023\/02\/vanildo.png","datePublished":"2023-02-23T11:29:26+00:00","dateModified":"2023-02-23T11:29:27+00:00","description":"Since yesterday (Ash Wednesday), the YouTube channel has been posting moments of prayer starting at 5 AM. Every day, videos of approximately five minutes discuss the Word of God and offer a short reflection on the season of Lent.","breadcrumb":{"@id":"https:\/\/www.padreeustaquio.com.br\/centenas-de-fieis-acompanham-o-retiro-quaresmal-pelo-canal-padre-eustaquio\/#breadcrumb"},"inLanguage":"en-US","potentialAction":[{"@type":"ReadAction","target":["https:\/\/www.padreeustaquio.com.br\/centenas-de-fieis-acompanham-o-retiro-quaresmal-pelo-canal-padre-eustaquio\/"]}]},{"@type":"ImageObject","inLanguage":"en-US","@id":"https:\/\/www.padreeustaquio.com.br\/centenas-de-fieis-acompanham-o-retiro-quaresmal-pelo-canal-padre-eustaquio\/#primaryimage","url":"https:\/\/www.padreeustaquio.com.br\/wp-content\/uploads\/2023\/02\/vanildo.png","contentUrl":"https:\/\/www.padreeustaquio.com.br\/wp-content\/uploads\/2023\/02\/vanildo.png","width":1440,"height":788},{"@type":"BreadcrumbList","@id":"https:\/\/www.padreeustaquio.com.br\/centenas-de-fieis-acompanham-o-retiro-quaresmal-pelo-canal-padre-eustaquio\/#breadcrumb","itemListElement":[{"@type":"ListItem","position":1,"name":"In\u00edcio","item":"https:\/\/www.padreeustaquio.com.br\/"},{"@type":"ListItem","position":2,"name":"Centenas de fi\u00e9is acompanham o Retiro Quaresmal pelo Canal Padre Eust\u00e1quio"}]},{"@type":"WebSite","@id":"https:\/\/www.padreeustaquio.com.br\/#website","url":"https:\/\/www.padreeustaquio.com.br\/","name":"FATHER EUST\u00c1QUIO","description":"Health and Peace","publisher":{"@id":"https:\/\/www.padreeustaquio.com.br\/#organization"},"potentialAction":[{"@type":"SearchAction","target":{"@type":"EntryPoint","urlTemplate":"https:\/\/www.padreeustaquio.com.br\/?s={search_term_string}"},"query-input":{"@type":"PropertyValueSpecification","valueRequired":true,"valueName":"search_term_string"}}],"inLanguage":"en-US"},{"@type":"Organization","@id":"https:\/\/www.padreeustaquio.com.br\/#organization","name":"FATHER EUST\u00c1QUIO","url":"https:\/\/www.padreeustaquio.com.br\/","logo":{"@type":"ImageObject","inLanguage":"en-US","@id":"https:\/\/www.padreeustaquio.com.br\/#\/schema\/logo\/image\/","url":"https:\/\/www.padreeustaquio.com.br\/wp-content\/uploads\/2019\/08\/marca.png","contentUrl":"https:\/\/www.padreeustaquio.com.br\/wp-content\/uploads\/2019\/08\/marca.png","width":350,"height":400,"caption":"Padre Eust\u00e1quio"},"image":{"@id":"https:\/\/www.padreeustaquio.com.br\/#\/schema\/logo\/image\/"},"sameAs":["https:\/\/www.facebook.com\/beatopadreeustaquio\/","https:\/\/x.com\/beatopeustaquio","https:\/\/www.instagram.com\/beatopadreeustaquio\/","https:\/\/www.youtube.com\/channel\/UCRhw7vfabnajwLxb1ZXMeIw"]},{"@type":"Person","@id":"https:\/\/www.padreeustaquio.com.br\/#\/schema\/person\/a2a51db1d00f1a7af0204a0f1ddb1566","name":"@sscc","image":{"@type":"ImageObject","inLanguage":"en-US","@id":"https:\/\/secure.gravatar.com\/avatar\/68cfafa5f44617fea54071e215026e0ff06be366c3d54a8425f04fdcb86f8c5f?s=96&d=mm&r=g","url":"https:\/\/secure.gravatar.com\/avatar\/68cfafa5f44617fea54071e215026e0ff06be366c3d54a8425f04fdcb86f8c5f?s=96&d=mm&r=g","contentUrl":"https:\/\/secure.gravatar.com\/avatar\/68cfafa5f44617fea54071e215026e0ff06be366c3d54a8425f04fdcb86f8c5f?s=96&d=mm&r=g","caption":"@sscc"},"url":"https:\/\/www.padreeustaquio.com.br\/en\/author\/sscc\/"}]}},"_links":{"self":[{"href":"https:\/\/www.padreeustaquio.com.br\/en\/wp-json\/wp\/v2\/posts\/9946","targetHints":{"allow":["GET"]}}],"collection":[{"href":"https:\/\/www.padreeustaquio.com.br\/en\/wp-json\/wp\/v2\/posts"}],"about":[{"href":"https:\/\/www.padreeustaquio.com.br\/en\/wp-json\/wp\/v2\/types\/post"}],"author":[{"embeddable":true,"href":"https:\/\/www.padreeustaquio.com.br\/en\/wp-json\/wp\/v2\/users\/2"}],"replies":[{"embeddable":true,"href":"https:\/\/www.padreeustaquio.com.br\/en\/wp-json\/wp\/v2\/comments?post=9946"}],"version-history":[{"count":0,"href":"https:\/\/www.padreeustaquio.com.br\/en\/wp-json\/wp\/v2\/posts\/9946\/revisions"}],"wp:featuredmedia":[{"embeddable":true,"href":"https:\/\/www.padreeustaquio.com.br\/en\/wp-json\/wp\/v2\/media\/9947"}],"wp:attachment":[{"href":"https:\/\/www.padreeustaquio.com.br\/en\/wp-json\/wp\/v2\/media?parent=9946"}],"wp:term":[{"taxonomy":"category","embeddable":true,"href":"https:\/\/www.padreeustaquio.com.br\/en\/wp-json\/wp\/v2\/categories?post=9946"},{"taxonomy":"post_tag","embeddable":true,"href":"https:\/\/www.padreeustaquio.com.br\/en\/wp-json\/wp\/v2\/tags?post=9946"}],"curies":[{"name":"wp","href":"https:\/\/api.w.org\/{rel}","templated":true}]}}