{"id":9933,"date":"2023-02-22T05:19:00","date_gmt":"2023-02-22T08:19:00","guid":{"rendered":"https:\/\/www.padreeustaquio.com.br\/?p=9933"},"modified":"2023-02-20T11:31:50","modified_gmt":"2023-02-20T14:31:50","slug":"the-2023-fraternity-campaign-begins-today-and-will-address-hunger-in-brazil","status":"publish","type":"post","link":"https:\/\/www.padreeustaquio.com.br\/en\/the-2023-fraternity-campaign-begins-today-and-will-address-hunger-in-brazil\/","title":{"rendered":"The 2023 Fraternity Campaign begins today and will address hunger in Brazil.\u00a0"},"content":{"rendered":"<p>The official launch takes place today, February 22nd, Ash Wednesday, at the CNBB headquarters in Bras\u00edlia (DF), and one of the objectives is to propose to the faithful a path of conversion so as not to succumb to the culture of indifference towards human suffering, as requested by Pope Francis.\u00a0<\/p>\n\n\n\n<p>In our Sanctuary, the Campaign will be remembered at all Masses (where there will also be the imposition of ashes)., <strong>at 7am, 10am, 12pm, 3pm and 7pm<\/strong>, The 10 AM and 7 PM masses will be broadcast on the Padre Eust\u00e1quio Channel on YouTube.<\/p>\n\n\n\n<p>Inviting everyone to consider hunger as a point of reference for reflection and a purpose of conversion, this year&#039;s Fraternity Campaign has as its theme &quot;\u201c<strong>Fraternity and Hunger<\/strong>\u201dand the biblical motto, taken from Matthew 14:16: <em>\u201c&quot;You yourselves give them something to eat!&quot;\u201d<\/em>.\u00a0<\/p>\n\n\n\n<p>In Brazil, more than 33 million people are experiencing hunger, according to the Brazilian Network for Research on Food and Nutritional Sovereignty and Security. The urgency of the issue has led the National Conference of Bishops of Brazil (CNBB) to undertake, for the third time, a Fraternity Campaign to shed light on the topic, seeking to promote actions at all levels to minimize the impact of this reality on the lives of the Brazilian people.<\/p>\n\n\n\n<h3 class=\"wp-block-heading\"><strong>The Fraternity Campaign\u00a0<\/strong>\u00a0<\/h3>\n\n\n\n<p>The National Conference of Bishops of Brazil (CNBB) proposes to the Church and to all men and women of good will, for the 60th time since 1964, the Fraternity Campaign. In Brazil, the Fraternity Campaign is a way for the Church to celebrate the Lenten season, with prayer, fasting and charity associated with reflection and action on a specific theme.&nbsp;&nbsp;<\/p>\n\n\n\n<p>An expression of communion, conversion, and sharing, the Campaign awakens the Christian and community spirit in the pursuit of the common good; it educates for life in fraternity and renews the awareness of everyone&#039;s responsibility for evangelizing action, with a view to a society of brothers and sisters.&nbsp;<\/p>\n\n\n\n<p>The National Solidarity Collection, a concrete gesture of the Fraternity Campaign, takes place in all communities in Brazil on Palm Sunday. In 2023, the Collection will be held on April 2nd. Of the total collected, the dioceses send 40% to the National Solidarity Fund (FNS), managed by the CNBB (National Conference of Brazilian Bishops), an action responsible for supporting social projects throughout Brazil. The other part, 60%, remains in the dioceses to support local projects through their respective Diocesan Solidarity Funds (FDS).\u00a0<\/p>\n\n\n\n<p><\/p>\n\n\n\n<p><em>**with information from <strong><a href=\"https:\/\/www.cnbb.org.br\/\" target=\"_blank\" rel=\"noreferrer noopener\">cnbb.org.br<\/a><\/strong><\/em><\/p>","protected":false},"excerpt":{"rendered":"<p>O lan\u00e7amento oficial acontece hoje, 22 de fevereiro, quarta-feira de cinzas, na sede da CNBB, em Bras\u00edlia (DF), e um dos objetivos \u00e9 propor aos fi\u00e9is um caminho de convers\u00e3o para n\u00e3o ceder \u00e0 cultura da indiferen\u00e7a frente ao sofrimento humano conforme pede o Papa Francisco.\u00a0 Em nosso Santu\u00e1rio a Campanha ser\u00e1 lembrada em todas as missas (onde haver\u00e1 tamb\u00e9m a imposi\u00e7\u00e3o das cinzas), \u00e0s 7h, 10h, 12h, 15h e \u00e0s 19h, sendo que as missas das 10h e das 19h ser\u00e3o transmitidas pelo Canal Padre Eust\u00e1quio no YouTube. Convocando todos a considerar a fome como refer\u00eancia para reflex\u00e3o e [&hellip;]<\/p>\n","protected":false},"author":2,"featured_media":9937,"comment_status":"open","ping_status":"closed","sticky":false,"template":"","format":"standard","meta":{"_acf_changed":false,"footnotes":""},"categories":[611],"tags":[],"class_list":["post-9933","post","type-post","status-publish","format-standard","has-post-thumbnail","hentry","category-noticias"],"acf":[],"yoast_head":"<!-- This site is optimized with the Yoast SEO plugin v27.2 - https:\/\/yoast.com\/product\/yoast-seo-wordpress\/ -->\n<title>Campanha da Fraternidade 2023 come\u00e7a hoje e falar\u00e1 sobre a fome no Brasil\u00a0<\/title>\n<meta name=\"description\" content=\"O lan\u00e7amento oficial acontece hoje, 22 de fevereiro, quarta-feira de cinzas, na sede da CNBB, em Bras\u00edlia (DF), e um dos objetivos \u00e9 propor aos fi\u00e9is um caminho de convers\u00e3o para n\u00e3o ceder \u00e0 cultura da indiferen\u00e7a frente ao sofrimento humano conforme pede o Papa Francisco.\u00a0\" \/>\n<meta name=\"robots\" content=\"index, follow, max-snippet:-1, max-image-preview:large, max-video-preview:-1\" \/>\n<link rel=\"canonical\" href=\"https:\/\/www.padreeustaquio.com.br\/en\/the-2023-fraternity-campaign-begins-today-and-will-address-hunger-in-brazil\/\" \/>\n<meta property=\"og:locale\" content=\"en_US\" \/>\n<meta property=\"og:type\" content=\"article\" \/>\n<meta property=\"og:title\" content=\"Campanha da Fraternidade 2023 come\u00e7a hoje e falar\u00e1 sobre a fome no Brasil\u00a0\" \/>\n<meta property=\"og:description\" content=\"O lan\u00e7amento oficial acontece hoje, 22 de fevereiro, quarta-feira de cinzas, na sede da CNBB, em Bras\u00edlia (DF), e um dos objetivos \u00e9 propor aos fi\u00e9is um caminho de convers\u00e3o para n\u00e3o ceder \u00e0 cultura da indiferen\u00e7a frente ao sofrimento humano conforme pede o Papa Francisco.\u00a0\" \/>\n<meta property=\"og:url\" content=\"https:\/\/www.padreeustaquio.com.br\/en\/the-2023-fraternity-campaign-begins-today-and-will-address-hunger-in-brazil\/\" \/>\n<meta property=\"og:site_name\" content=\"Padre Eust\u00e1quio\" \/>\n<meta property=\"article:publisher\" content=\"https:\/\/www.facebook.com\/beatopadreeustaquio\/\" \/>\n<meta property=\"article:published_time\" content=\"2023-02-22T08:19:00+00:00\" \/>\n<meta property=\"og:image\" content=\"https:\/\/www.padreeustaquio.com.br\/wp-content\/uploads\/2023\/02\/cf-2023-2.jpg\" \/>\n\t<meta property=\"og:image:width\" content=\"750\" \/>\n\t<meta property=\"og:image:height\" content=\"350\" \/>\n\t<meta property=\"og:image:type\" content=\"image\/jpeg\" \/>\n<meta name=\"author\" content=\"@sscc\" \/>\n<meta name=\"twitter:card\" content=\"summary_large_image\" \/>\n<meta name=\"twitter:creator\" content=\"@beatopeustaquio\" \/>\n<meta name=\"twitter:site\" content=\"@beatopeustaquio\" \/>\n<meta name=\"twitter:label1\" content=\"Written by\" \/>\n\t<meta name=\"twitter:data1\" content=\"@sscc\" \/>\n\t<meta name=\"twitter:label2\" content=\"Est. reading time\" \/>\n\t<meta name=\"twitter:data2\" content=\"2 minutes\" \/>\n<script type=\"application\/ld+json\" class=\"yoast-schema-graph\">{\"@context\":\"https:\/\/schema.org\",\"@graph\":[{\"@type\":\"Article\",\"@id\":\"https:\/\/www.padreeustaquio.com.br\/campanha-da-fraternidade-2023-comeca-hoje-e-falara-sobre-a-fome-no-brasil\/#article\",\"isPartOf\":{\"@id\":\"https:\/\/www.padreeustaquio.com.br\/campanha-da-fraternidade-2023-comeca-hoje-e-falara-sobre-a-fome-no-brasil\/\"},\"author\":{\"name\":\"@sscc\",\"@id\":\"https:\/\/www.padreeustaquio.com.br\/#\/schema\/person\/a2a51db1d00f1a7af0204a0f1ddb1566\"},\"headline\":\"Campanha da Fraternidade 2023 come\u00e7a hoje e falar\u00e1 sobre a fome no Brasil\u00a0\",\"datePublished\":\"2023-02-22T08:19:00+00:00\",\"mainEntityOfPage\":{\"@id\":\"https:\/\/www.padreeustaquio.com.br\/campanha-da-fraternidade-2023-comeca-hoje-e-falara-sobre-a-fome-no-brasil\/\"},\"wordCount\":446,\"commentCount\":0,\"publisher\":{\"@id\":\"https:\/\/www.padreeustaquio.com.br\/#organization\"},\"image\":{\"@id\":\"https:\/\/www.padreeustaquio.com.br\/campanha-da-fraternidade-2023-comeca-hoje-e-falara-sobre-a-fome-no-brasil\/#primaryimage\"},\"thumbnailUrl\":\"https:\/\/www.padreeustaquio.com.br\/wp-content\/uploads\/2023\/02\/cf-2023-2.jpg\",\"articleSection\":[\"Not\u00edcias\"],\"inLanguage\":\"en-US\",\"potentialAction\":[{\"@type\":\"CommentAction\",\"name\":\"Comment\",\"target\":[\"https:\/\/www.padreeustaquio.com.br\/campanha-da-fraternidade-2023-comeca-hoje-e-falara-sobre-a-fome-no-brasil\/#respond\"]}]},{\"@type\":\"WebPage\",\"@id\":\"https:\/\/www.padreeustaquio.com.br\/campanha-da-fraternidade-2023-comeca-hoje-e-falara-sobre-a-fome-no-brasil\/\",\"url\":\"https:\/\/www.padreeustaquio.com.br\/campanha-da-fraternidade-2023-comeca-hoje-e-falara-sobre-a-fome-no-brasil\/\",\"name\":\"Campanha da Fraternidade 2023 come\u00e7a hoje e falar\u00e1 sobre a fome no Brasil\u00a0\",\"isPartOf\":{\"@id\":\"https:\/\/www.padreeustaquio.com.br\/#website\"},\"primaryImageOfPage\":{\"@id\":\"https:\/\/www.padreeustaquio.com.br\/campanha-da-fraternidade-2023-comeca-hoje-e-falara-sobre-a-fome-no-brasil\/#primaryimage\"},\"image\":{\"@id\":\"https:\/\/www.padreeustaquio.com.br\/campanha-da-fraternidade-2023-comeca-hoje-e-falara-sobre-a-fome-no-brasil\/#primaryimage\"},\"thumbnailUrl\":\"https:\/\/www.padreeustaquio.com.br\/wp-content\/uploads\/2023\/02\/cf-2023-2.jpg\",\"datePublished\":\"2023-02-22T08:19:00+00:00\",\"description\":\"O lan\u00e7amento oficial acontece hoje, 22 de fevereiro, quarta-feira de cinzas, na sede da CNBB, em Bras\u00edlia (DF), e um dos objetivos \u00e9 propor aos fi\u00e9is um caminho de convers\u00e3o para n\u00e3o ceder \u00e0 cultura da indiferen\u00e7a frente ao sofrimento humano conforme pede o Papa Francisco.\u00a0\",\"breadcrumb\":{\"@id\":\"https:\/\/www.padreeustaquio.com.br\/campanha-da-fraternidade-2023-comeca-hoje-e-falara-sobre-a-fome-no-brasil\/#breadcrumb\"},\"inLanguage\":\"en-US\",\"potentialAction\":[{\"@type\":\"ReadAction\",\"target\":[\"https:\/\/www.padreeustaquio.com.br\/campanha-da-fraternidade-2023-comeca-hoje-e-falara-sobre-a-fome-no-brasil\/\"]}]},{\"@type\":\"ImageObject\",\"inLanguage\":\"en-US\",\"@id\":\"https:\/\/www.padreeustaquio.com.br\/campanha-da-fraternidade-2023-comeca-hoje-e-falara-sobre-a-fome-no-brasil\/#primaryimage\",\"url\":\"https:\/\/www.padreeustaquio.com.br\/wp-content\/uploads\/2023\/02\/cf-2023-2.jpg\",\"contentUrl\":\"https:\/\/www.padreeustaquio.com.br\/wp-content\/uploads\/2023\/02\/cf-2023-2.jpg\",\"width\":750,\"height\":350},{\"@type\":\"BreadcrumbList\",\"@id\":\"https:\/\/www.padreeustaquio.com.br\/campanha-da-fraternidade-2023-comeca-hoje-e-falara-sobre-a-fome-no-brasil\/#breadcrumb\",\"itemListElement\":[{\"@type\":\"ListItem\",\"position\":1,\"name\":\"In\u00edcio\",\"item\":\"https:\/\/www.padreeustaquio.com.br\/\"},{\"@type\":\"ListItem\",\"position\":2,\"name\":\"Campanha da Fraternidade 2023 come\u00e7a hoje e falar\u00e1 sobre a fome no Brasil\u00a0\"}]},{\"@type\":\"WebSite\",\"@id\":\"https:\/\/www.padreeustaquio.com.br\/#website\",\"url\":\"https:\/\/www.padreeustaquio.com.br\/\",\"name\":\"Padre Eust\u00e1quio\",\"description\":\"Sa\u00fade e Paz\",\"publisher\":{\"@id\":\"https:\/\/www.padreeustaquio.com.br\/#organization\"},\"potentialAction\":[{\"@type\":\"SearchAction\",\"target\":{\"@type\":\"EntryPoint\",\"urlTemplate\":\"https:\/\/www.padreeustaquio.com.br\/?s={search_term_string}\"},\"query-input\":{\"@type\":\"PropertyValueSpecification\",\"valueRequired\":true,\"valueName\":\"search_term_string\"}}],\"inLanguage\":\"en-US\"},{\"@type\":\"Organization\",\"@id\":\"https:\/\/www.padreeustaquio.com.br\/#organization\",\"name\":\"Padre Eust\u00e1quio\",\"url\":\"https:\/\/www.padreeustaquio.com.br\/\",\"logo\":{\"@type\":\"ImageObject\",\"inLanguage\":\"en-US\",\"@id\":\"https:\/\/www.padreeustaquio.com.br\/#\/schema\/logo\/image\/\",\"url\":\"https:\/\/www.padreeustaquio.com.br\/wp-content\/uploads\/2019\/08\/marca.png\",\"contentUrl\":\"https:\/\/www.padreeustaquio.com.br\/wp-content\/uploads\/2019\/08\/marca.png\",\"width\":350,\"height\":400,\"caption\":\"Padre Eust\u00e1quio\"},\"image\":{\"@id\":\"https:\/\/www.padreeustaquio.com.br\/#\/schema\/logo\/image\/\"},\"sameAs\":[\"https:\/\/www.facebook.com\/beatopadreeustaquio\/\",\"https:\/\/x.com\/beatopeustaquio\",\"https:\/\/www.instagram.com\/beatopadreeustaquio\/\",\"https:\/\/www.youtube.com\/channel\/UCRhw7vfabnajwLxb1ZXMeIw\"]},{\"@type\":\"Person\",\"@id\":\"https:\/\/www.padreeustaquio.com.br\/#\/schema\/person\/a2a51db1d00f1a7af0204a0f1ddb1566\",\"name\":\"@sscc\",\"image\":{\"@type\":\"ImageObject\",\"inLanguage\":\"en-US\",\"@id\":\"https:\/\/secure.gravatar.com\/avatar\/68cfafa5f44617fea54071e215026e0ff06be366c3d54a8425f04fdcb86f8c5f?s=96&d=mm&r=g\",\"url\":\"https:\/\/secure.gravatar.com\/avatar\/68cfafa5f44617fea54071e215026e0ff06be366c3d54a8425f04fdcb86f8c5f?s=96&d=mm&r=g\",\"contentUrl\":\"https:\/\/secure.gravatar.com\/avatar\/68cfafa5f44617fea54071e215026e0ff06be366c3d54a8425f04fdcb86f8c5f?s=96&d=mm&r=g\",\"caption\":\"@sscc\"},\"url\":\"https:\/\/www.padreeustaquio.com.br\/en\/author\/sscc\/\"}]}<\/script>\n<!-- \/ Yoast SEO plugin. -->","yoast_head_json":{"title":"The 2023 Fraternity Campaign begins today and will address hunger in Brazil.\u00a0","description":"The official launch takes place today, February 22nd, Ash Wednesday, at the CNBB headquarters in Bras\u00edlia (DF), and one of the objectives is to propose to the faithful a path of conversion so as not to succumb to the culture of indifference towards human suffering, as requested by Pope Francis.\u00a0","robots":{"index":"index","follow":"follow","max-snippet":"max-snippet:-1","max-image-preview":"max-image-preview:large","max-video-preview":"max-video-preview:-1"},"canonical":"https:\/\/www.padreeustaquio.com.br\/en\/the-2023-fraternity-campaign-begins-today-and-will-address-hunger-in-brazil\/","og_locale":"en_US","og_type":"article","og_title":"Campanha da Fraternidade 2023 come\u00e7a hoje e falar\u00e1 sobre a fome no Brasil\u00a0","og_description":"O lan\u00e7amento oficial acontece hoje, 22 de fevereiro, quarta-feira de cinzas, na sede da CNBB, em Bras\u00edlia (DF), e um dos objetivos \u00e9 propor aos fi\u00e9is um caminho de convers\u00e3o para n\u00e3o ceder \u00e0 cultura da indiferen\u00e7a frente ao sofrimento humano conforme pede o Papa Francisco.\u00a0","og_url":"https:\/\/www.padreeustaquio.com.br\/en\/the-2023-fraternity-campaign-begins-today-and-will-address-hunger-in-brazil\/","og_site_name":"Padre Eust\u00e1quio","article_publisher":"https:\/\/www.facebook.com\/beatopadreeustaquio\/","article_published_time":"2023-02-22T08:19:00+00:00","og_image":[{"width":750,"height":350,"url":"https:\/\/www.padreeustaquio.com.br\/wp-content\/uploads\/2023\/02\/cf-2023-2.jpg","type":"image\/jpeg"}],"author":"@sscc","twitter_card":"summary_large_image","twitter_creator":"@beatopeustaquio","twitter_site":"@beatopeustaquio","twitter_misc":{"Written by":"@sscc","Est. reading time":"2 minutes"},"schema":{"@context":"https:\/\/schema.org","@graph":[{"@type":"Article","@id":"https:\/\/www.padreeustaquio.com.br\/campanha-da-fraternidade-2023-comeca-hoje-e-falara-sobre-a-fome-no-brasil\/#article","isPartOf":{"@id":"https:\/\/www.padreeustaquio.com.br\/campanha-da-fraternidade-2023-comeca-hoje-e-falara-sobre-a-fome-no-brasil\/"},"author":{"name":"@sscc","@id":"https:\/\/www.padreeustaquio.com.br\/#\/schema\/person\/a2a51db1d00f1a7af0204a0f1ddb1566"},"headline":"Campanha da Fraternidade 2023 come\u00e7a hoje e falar\u00e1 sobre a fome no Brasil\u00a0","datePublished":"2023-02-22T08:19:00+00:00","mainEntityOfPage":{"@id":"https:\/\/www.padreeustaquio.com.br\/campanha-da-fraternidade-2023-comeca-hoje-e-falara-sobre-a-fome-no-brasil\/"},"wordCount":446,"commentCount":0,"publisher":{"@id":"https:\/\/www.padreeustaquio.com.br\/#organization"},"image":{"@id":"https:\/\/www.padreeustaquio.com.br\/campanha-da-fraternidade-2023-comeca-hoje-e-falara-sobre-a-fome-no-brasil\/#primaryimage"},"thumbnailUrl":"https:\/\/www.padreeustaquio.com.br\/wp-content\/uploads\/2023\/02\/cf-2023-2.jpg","articleSection":["Not\u00edcias"],"inLanguage":"en-US","potentialAction":[{"@type":"CommentAction","name":"Comment","target":["https:\/\/www.padreeustaquio.com.br\/campanha-da-fraternidade-2023-comeca-hoje-e-falara-sobre-a-fome-no-brasil\/#respond"]}]},{"@type":"WebPage","@id":"https:\/\/www.padreeustaquio.com.br\/campanha-da-fraternidade-2023-comeca-hoje-e-falara-sobre-a-fome-no-brasil\/","url":"https:\/\/www.padreeustaquio.com.br\/campanha-da-fraternidade-2023-comeca-hoje-e-falara-sobre-a-fome-no-brasil\/","name":"The 2023 Fraternity Campaign begins today and will address hunger in Brazil.\u00a0","isPartOf":{"@id":"https:\/\/www.padreeustaquio.com.br\/#website"},"primaryImageOfPage":{"@id":"https:\/\/www.padreeustaquio.com.br\/campanha-da-fraternidade-2023-comeca-hoje-e-falara-sobre-a-fome-no-brasil\/#primaryimage"},"image":{"@id":"https:\/\/www.padreeustaquio.com.br\/campanha-da-fraternidade-2023-comeca-hoje-e-falara-sobre-a-fome-no-brasil\/#primaryimage"},"thumbnailUrl":"https:\/\/www.padreeustaquio.com.br\/wp-content\/uploads\/2023\/02\/cf-2023-2.jpg","datePublished":"2023-02-22T08:19:00+00:00","description":"The official launch takes place today, February 22nd, Ash Wednesday, at the CNBB headquarters in Bras\u00edlia (DF), and one of the objectives is to propose to the faithful a path of conversion so as not to succumb to the culture of indifference towards human suffering, as requested by Pope Francis.\u00a0","breadcrumb":{"@id":"https:\/\/www.padreeustaquio.com.br\/campanha-da-fraternidade-2023-comeca-hoje-e-falara-sobre-a-fome-no-brasil\/#breadcrumb"},"inLanguage":"en-US","potentialAction":[{"@type":"ReadAction","target":["https:\/\/www.padreeustaquio.com.br\/campanha-da-fraternidade-2023-comeca-hoje-e-falara-sobre-a-fome-no-brasil\/"]}]},{"@type":"ImageObject","inLanguage":"en-US","@id":"https:\/\/www.padreeustaquio.com.br\/campanha-da-fraternidade-2023-comeca-hoje-e-falara-sobre-a-fome-no-brasil\/#primaryimage","url":"https:\/\/www.padreeustaquio.com.br\/wp-content\/uploads\/2023\/02\/cf-2023-2.jpg","contentUrl":"https:\/\/www.padreeustaquio.com.br\/wp-content\/uploads\/2023\/02\/cf-2023-2.jpg","width":750,"height":350},{"@type":"BreadcrumbList","@id":"https:\/\/www.padreeustaquio.com.br\/campanha-da-fraternidade-2023-comeca-hoje-e-falara-sobre-a-fome-no-brasil\/#breadcrumb","itemListElement":[{"@type":"ListItem","position":1,"name":"In\u00edcio","item":"https:\/\/www.padreeustaquio.com.br\/"},{"@type":"ListItem","position":2,"name":"Campanha da Fraternidade 2023 come\u00e7a hoje e falar\u00e1 sobre a fome no Brasil\u00a0"}]},{"@type":"WebSite","@id":"https:\/\/www.padreeustaquio.com.br\/#website","url":"https:\/\/www.padreeustaquio.com.br\/","name":"FATHER EUST\u00c1QUIO","description":"Health and Peace","publisher":{"@id":"https:\/\/www.padreeustaquio.com.br\/#organization"},"potentialAction":[{"@type":"SearchAction","target":{"@type":"EntryPoint","urlTemplate":"https:\/\/www.padreeustaquio.com.br\/?s={search_term_string}"},"query-input":{"@type":"PropertyValueSpecification","valueRequired":true,"valueName":"search_term_string"}}],"inLanguage":"en-US"},{"@type":"Organization","@id":"https:\/\/www.padreeustaquio.com.br\/#organization","name":"FATHER EUST\u00c1QUIO","url":"https:\/\/www.padreeustaquio.com.br\/","logo":{"@type":"ImageObject","inLanguage":"en-US","@id":"https:\/\/www.padreeustaquio.com.br\/#\/schema\/logo\/image\/","url":"https:\/\/www.padreeustaquio.com.br\/wp-content\/uploads\/2019\/08\/marca.png","contentUrl":"https:\/\/www.padreeustaquio.com.br\/wp-content\/uploads\/2019\/08\/marca.png","width":350,"height":400,"caption":"Padre Eust\u00e1quio"},"image":{"@id":"https:\/\/www.padreeustaquio.com.br\/#\/schema\/logo\/image\/"},"sameAs":["https:\/\/www.facebook.com\/beatopadreeustaquio\/","https:\/\/x.com\/beatopeustaquio","https:\/\/www.instagram.com\/beatopadreeustaquio\/","https:\/\/www.youtube.com\/channel\/UCRhw7vfabnajwLxb1ZXMeIw"]},{"@type":"Person","@id":"https:\/\/www.padreeustaquio.com.br\/#\/schema\/person\/a2a51db1d00f1a7af0204a0f1ddb1566","name":"@sscc","image":{"@type":"ImageObject","inLanguage":"en-US","@id":"https:\/\/secure.gravatar.com\/avatar\/68cfafa5f44617fea54071e215026e0ff06be366c3d54a8425f04fdcb86f8c5f?s=96&d=mm&r=g","url":"https:\/\/secure.gravatar.com\/avatar\/68cfafa5f44617fea54071e215026e0ff06be366c3d54a8425f04fdcb86f8c5f?s=96&d=mm&r=g","contentUrl":"https:\/\/secure.gravatar.com\/avatar\/68cfafa5f44617fea54071e215026e0ff06be366c3d54a8425f04fdcb86f8c5f?s=96&d=mm&r=g","caption":"@sscc"},"url":"https:\/\/www.padreeustaquio.com.br\/en\/author\/sscc\/"}]}},"_links":{"self":[{"href":"https:\/\/www.padreeustaquio.com.br\/en\/wp-json\/wp\/v2\/posts\/9933","targetHints":{"allow":["GET"]}}],"collection":[{"href":"https:\/\/www.padreeustaquio.com.br\/en\/wp-json\/wp\/v2\/posts"}],"about":[{"href":"https:\/\/www.padreeustaquio.com.br\/en\/wp-json\/wp\/v2\/types\/post"}],"author":[{"embeddable":true,"href":"https:\/\/www.padreeustaquio.com.br\/en\/wp-json\/wp\/v2\/users\/2"}],"replies":[{"embeddable":true,"href":"https:\/\/www.padreeustaquio.com.br\/en\/wp-json\/wp\/v2\/comments?post=9933"}],"version-history":[{"count":0,"href":"https:\/\/www.padreeustaquio.com.br\/en\/wp-json\/wp\/v2\/posts\/9933\/revisions"}],"wp:featuredmedia":[{"embeddable":true,"href":"https:\/\/www.padreeustaquio.com.br\/en\/wp-json\/wp\/v2\/media\/9937"}],"wp:attachment":[{"href":"https:\/\/www.padreeustaquio.com.br\/en\/wp-json\/wp\/v2\/media?parent=9933"}],"wp:term":[{"taxonomy":"category","embeddable":true,"href":"https:\/\/www.padreeustaquio.com.br\/en\/wp-json\/wp\/v2\/categories?post=9933"},{"taxonomy":"post_tag","embeddable":true,"href":"https:\/\/www.padreeustaquio.com.br\/en\/wp-json\/wp\/v2\/tags?post=9933"}],"curies":[{"name":"wp","href":"https:\/\/api.w.org\/{rel}","templated":true}]}}