{"id":9909,"date":"2023-02-15T05:52:00","date_gmt":"2023-02-15T08:52:00","guid":{"rendered":"https:\/\/www.padreeustaquio.com.br\/?p=9909"},"modified":"2023-02-14T22:04:31","modified_gmt":"2023-02-15T01:04:31","slug":"national-secretariat-begins-recording-lenten-retreat-2023","status":"publish","type":"post","link":"https:\/\/www.padreeustaquio.com.br\/en\/national-secretariat-begins-recording-lenten-retreat-2023\/","title":{"rendered":"National Secretariat begins recording Lenten Retreat 2023"},"content":{"rendered":"<p>The audiovisual production team of the National Secretariat for the Cause of Canonization of Blessed Father Eustace began recording the 2023 Lenten Retreat this week. This year, Brother Vanildo Lima Sena, of the Congregation of the Sacred Hearts, will lead the reflections.<\/p>\n\n\n\n<p>The videos, approximately 5 minutes long, are being recorded in a studio set up inside the Padre Eust\u00e1quio Church. The set was developed as a team and represents the arid, dry, yet very fertile time for conversion.<\/p>\n\n\n\n<p>The first episodes have already been recorded and are in the editing phase. In addition to filming at the Sanctuary, the episodes will have an opening sequence with images acquired from a stock photo library and the soundtrack of the song &quot;There is no Greater Proof of Love,&quot; which was performed by Ant\u00f4nio Carlos Silva, a postulant of the Sacred Hearts.<\/p>\n\n\n\n<p>The 40 videos will be posted starting next Wednesday (Ash Wednesday) and will continue until Palm Sunday, April 2nd. Every day, starting at 5 AM, the episodes will be available on the Padre Eust\u00e1quio Channel so you can reflect and prepare well for Easter.<\/p>\n\n\n\n<p>Access our Channel <a href=\"https:\/\/www.youtube.com\/c\/CanalPadreEust%C3%A1quio\" target=\"_blank\" rel=\"noreferrer noopener\">CLICK HERE<\/a> And turn on notifications to follow along every day of our Lenten Retreat.<\/p>\n\n\n\n<p><\/p>","protected":false},"excerpt":{"rendered":"<p>A equipe de produ\u00e7\u00e3o audiovisual do Secretariado Nacional para a Causa de Canoniza\u00e7\u00e3o do Bem-Aventurado Padre Eust\u00e1quio come\u00e7ou esta semana as grava\u00e7\u00f5es do Retiro Quaresmal 2023. Este ano, quem vai comandar as reflex\u00f5es \u00e9 o Irm\u00e3o Vanildo Lima Sena, da Congrega\u00e7\u00e3o dos Sagrados Cora\u00e7\u00f5es. Os v\u00eddeos, com cerca de 5 minutos, est\u00e3o sendo gravados num est\u00fadio montando dentro da Igreja do Padre Eust\u00e1quio. O cen\u00e1rio foi desenvolvido em equipe e representa o tempo \u00e1rido, seco, mas muito f\u00e9rtil para a convers\u00e3o. Os primeiros epis\u00f3dios j\u00e1 foram gravados e est\u00e3o em fase de edi\u00e7\u00e3o. Al\u00e9m das filmagens no Santu\u00e1rio, os epis\u00f3dios [&hellip;]<\/p>\n","protected":false},"author":2,"featured_media":9910,"comment_status":"open","ping_status":"closed","sticky":false,"template":"","format":"standard","meta":{"_acf_changed":false,"footnotes":""},"categories":[611],"tags":[],"class_list":["post-9909","post","type-post","status-publish","format-standard","has-post-thumbnail","hentry","category-noticias"],"acf":[],"yoast_head":"<!-- This site is optimized with the Yoast SEO plugin v27.2 - https:\/\/yoast.com\/product\/yoast-seo-wordpress\/ -->\n<title>Secretariado Nacional come\u00e7a a gravar Retiro Quaresmal 2023<\/title>\n<meta name=\"description\" content=\"A equipe de produ\u00e7\u00e3o audiovisual do Secretariado Nacional para a Causa de Canoniza\u00e7\u00e3o do Bem-Aventurado Padre Eust\u00e1quio come\u00e7ou esta semana as grava\u00e7\u00f5es do Retiro Quaresmal 2023. Este ano, quem vai comandar as reflex\u00f5es \u00e9 o Irm\u00e3o Vanildo Lima Sena, da Congrega\u00e7\u00e3o dos Sagrados Cora\u00e7\u00f5es.\" \/>\n<meta name=\"robots\" content=\"index, follow, max-snippet:-1, max-image-preview:large, max-video-preview:-1\" \/>\n<link rel=\"canonical\" href=\"https:\/\/www.padreeustaquio.com.br\/en\/national-secretariat-begins-recording-lenten-retreat-2023\/\" \/>\n<meta property=\"og:locale\" content=\"en_US\" \/>\n<meta property=\"og:type\" content=\"article\" \/>\n<meta property=\"og:title\" content=\"Secretariado Nacional come\u00e7a a gravar Retiro Quaresmal 2023\" \/>\n<meta property=\"og:description\" content=\"A equipe de produ\u00e7\u00e3o audiovisual do Secretariado Nacional para a Causa de Canoniza\u00e7\u00e3o do Bem-Aventurado Padre Eust\u00e1quio come\u00e7ou esta semana as grava\u00e7\u00f5es do Retiro Quaresmal 2023. Este ano, quem vai comandar as reflex\u00f5es \u00e9 o Irm\u00e3o Vanildo Lima Sena, da Congrega\u00e7\u00e3o dos Sagrados Cora\u00e7\u00f5es.\" \/>\n<meta property=\"og:url\" content=\"https:\/\/www.padreeustaquio.com.br\/en\/national-secretariat-begins-recording-lenten-retreat-2023\/\" \/>\n<meta property=\"og:site_name\" content=\"Padre Eust\u00e1quio\" \/>\n<meta property=\"article:publisher\" content=\"https:\/\/www.facebook.com\/beatopadreeustaquio\/\" \/>\n<meta property=\"article:published_time\" content=\"2023-02-15T08:52:00+00:00\" \/>\n<meta property=\"og:image\" content=\"https:\/\/www.padreeustaquio.com.br\/wp-content\/uploads\/2023\/02\/retiro-quaresmal-2023.jpeg\" \/>\n\t<meta property=\"og:image:width\" content=\"1024\" \/>\n\t<meta property=\"og:image:height\" content=\"768\" \/>\n\t<meta property=\"og:image:type\" content=\"image\/jpeg\" \/>\n<meta name=\"author\" content=\"@sscc\" \/>\n<meta name=\"twitter:card\" content=\"summary_large_image\" \/>\n<meta name=\"twitter:creator\" content=\"@beatopeustaquio\" \/>\n<meta name=\"twitter:site\" content=\"@beatopeustaquio\" \/>\n<meta name=\"twitter:label1\" content=\"Written by\" \/>\n\t<meta name=\"twitter:data1\" content=\"@sscc\" \/>\n\t<meta name=\"twitter:label2\" content=\"Est. reading time\" \/>\n\t<meta name=\"twitter:data2\" content=\"1 minute\" \/>\n<script type=\"application\/ld+json\" class=\"yoast-schema-graph\">{\"@context\":\"https:\/\/schema.org\",\"@graph\":[{\"@type\":\"Article\",\"@id\":\"https:\/\/www.padreeustaquio.com.br\/secretariado-nacional-comeca-a-gravar-retiro-quaresmal-2023\/#article\",\"isPartOf\":{\"@id\":\"https:\/\/www.padreeustaquio.com.br\/secretariado-nacional-comeca-a-gravar-retiro-quaresmal-2023\/\"},\"author\":{\"name\":\"@sscc\",\"@id\":\"https:\/\/www.padreeustaquio.com.br\/#\/schema\/person\/a2a51db1d00f1a7af0204a0f1ddb1566\"},\"headline\":\"Secretariado Nacional come\u00e7a a gravar Retiro Quaresmal 2023\",\"datePublished\":\"2023-02-15T08:52:00+00:00\",\"mainEntityOfPage\":{\"@id\":\"https:\/\/www.padreeustaquio.com.br\/secretariado-nacional-comeca-a-gravar-retiro-quaresmal-2023\/\"},\"wordCount\":247,\"commentCount\":0,\"publisher\":{\"@id\":\"https:\/\/www.padreeustaquio.com.br\/#organization\"},\"image\":{\"@id\":\"https:\/\/www.padreeustaquio.com.br\/secretariado-nacional-comeca-a-gravar-retiro-quaresmal-2023\/#primaryimage\"},\"thumbnailUrl\":\"https:\/\/www.padreeustaquio.com.br\/wp-content\/uploads\/2023\/02\/retiro-quaresmal-2023.jpeg\",\"articleSection\":[\"Not\u00edcias\"],\"inLanguage\":\"en-US\",\"potentialAction\":[{\"@type\":\"CommentAction\",\"name\":\"Comment\",\"target\":[\"https:\/\/www.padreeustaquio.com.br\/secretariado-nacional-comeca-a-gravar-retiro-quaresmal-2023\/#respond\"]}]},{\"@type\":\"WebPage\",\"@id\":\"https:\/\/www.padreeustaquio.com.br\/secretariado-nacional-comeca-a-gravar-retiro-quaresmal-2023\/\",\"url\":\"https:\/\/www.padreeustaquio.com.br\/secretariado-nacional-comeca-a-gravar-retiro-quaresmal-2023\/\",\"name\":\"Secretariado Nacional come\u00e7a a gravar Retiro Quaresmal 2023\",\"isPartOf\":{\"@id\":\"https:\/\/www.padreeustaquio.com.br\/#website\"},\"primaryImageOfPage\":{\"@id\":\"https:\/\/www.padreeustaquio.com.br\/secretariado-nacional-comeca-a-gravar-retiro-quaresmal-2023\/#primaryimage\"},\"image\":{\"@id\":\"https:\/\/www.padreeustaquio.com.br\/secretariado-nacional-comeca-a-gravar-retiro-quaresmal-2023\/#primaryimage\"},\"thumbnailUrl\":\"https:\/\/www.padreeustaquio.com.br\/wp-content\/uploads\/2023\/02\/retiro-quaresmal-2023.jpeg\",\"datePublished\":\"2023-02-15T08:52:00+00:00\",\"description\":\"A equipe de produ\u00e7\u00e3o audiovisual do Secretariado Nacional para a Causa de Canoniza\u00e7\u00e3o do Bem-Aventurado Padre Eust\u00e1quio come\u00e7ou esta semana as grava\u00e7\u00f5es do Retiro Quaresmal 2023. Este ano, quem vai comandar as reflex\u00f5es \u00e9 o Irm\u00e3o Vanildo Lima Sena, da Congrega\u00e7\u00e3o dos Sagrados Cora\u00e7\u00f5es.\",\"breadcrumb\":{\"@id\":\"https:\/\/www.padreeustaquio.com.br\/secretariado-nacional-comeca-a-gravar-retiro-quaresmal-2023\/#breadcrumb\"},\"inLanguage\":\"en-US\",\"potentialAction\":[{\"@type\":\"ReadAction\",\"target\":[\"https:\/\/www.padreeustaquio.com.br\/secretariado-nacional-comeca-a-gravar-retiro-quaresmal-2023\/\"]}]},{\"@type\":\"ImageObject\",\"inLanguage\":\"en-US\",\"@id\":\"https:\/\/www.padreeustaquio.com.br\/secretariado-nacional-comeca-a-gravar-retiro-quaresmal-2023\/#primaryimage\",\"url\":\"https:\/\/www.padreeustaquio.com.br\/wp-content\/uploads\/2023\/02\/retiro-quaresmal-2023.jpeg\",\"contentUrl\":\"https:\/\/www.padreeustaquio.com.br\/wp-content\/uploads\/2023\/02\/retiro-quaresmal-2023.jpeg\",\"width\":1024,\"height\":768},{\"@type\":\"BreadcrumbList\",\"@id\":\"https:\/\/www.padreeustaquio.com.br\/secretariado-nacional-comeca-a-gravar-retiro-quaresmal-2023\/#breadcrumb\",\"itemListElement\":[{\"@type\":\"ListItem\",\"position\":1,\"name\":\"In\u00edcio\",\"item\":\"https:\/\/www.padreeustaquio.com.br\/\"},{\"@type\":\"ListItem\",\"position\":2,\"name\":\"Secretariado Nacional come\u00e7a a gravar Retiro Quaresmal 2023\"}]},{\"@type\":\"WebSite\",\"@id\":\"https:\/\/www.padreeustaquio.com.br\/#website\",\"url\":\"https:\/\/www.padreeustaquio.com.br\/\",\"name\":\"Padre Eust\u00e1quio\",\"description\":\"Sa\u00fade e Paz\",\"publisher\":{\"@id\":\"https:\/\/www.padreeustaquio.com.br\/#organization\"},\"potentialAction\":[{\"@type\":\"SearchAction\",\"target\":{\"@type\":\"EntryPoint\",\"urlTemplate\":\"https:\/\/www.padreeustaquio.com.br\/?s={search_term_string}\"},\"query-input\":{\"@type\":\"PropertyValueSpecification\",\"valueRequired\":true,\"valueName\":\"search_term_string\"}}],\"inLanguage\":\"en-US\"},{\"@type\":\"Organization\",\"@id\":\"https:\/\/www.padreeustaquio.com.br\/#organization\",\"name\":\"Padre Eust\u00e1quio\",\"url\":\"https:\/\/www.padreeustaquio.com.br\/\",\"logo\":{\"@type\":\"ImageObject\",\"inLanguage\":\"en-US\",\"@id\":\"https:\/\/www.padreeustaquio.com.br\/#\/schema\/logo\/image\/\",\"url\":\"https:\/\/www.padreeustaquio.com.br\/wp-content\/uploads\/2019\/08\/marca.png\",\"contentUrl\":\"https:\/\/www.padreeustaquio.com.br\/wp-content\/uploads\/2019\/08\/marca.png\",\"width\":350,\"height\":400,\"caption\":\"Padre Eust\u00e1quio\"},\"image\":{\"@id\":\"https:\/\/www.padreeustaquio.com.br\/#\/schema\/logo\/image\/\"},\"sameAs\":[\"https:\/\/www.facebook.com\/beatopadreeustaquio\/\",\"https:\/\/x.com\/beatopeustaquio\",\"https:\/\/www.instagram.com\/beatopadreeustaquio\/\",\"https:\/\/www.youtube.com\/channel\/UCRhw7vfabnajwLxb1ZXMeIw\"]},{\"@type\":\"Person\",\"@id\":\"https:\/\/www.padreeustaquio.com.br\/#\/schema\/person\/a2a51db1d00f1a7af0204a0f1ddb1566\",\"name\":\"@sscc\",\"image\":{\"@type\":\"ImageObject\",\"inLanguage\":\"en-US\",\"@id\":\"https:\/\/secure.gravatar.com\/avatar\/68cfafa5f44617fea54071e215026e0ff06be366c3d54a8425f04fdcb86f8c5f?s=96&d=mm&r=g\",\"url\":\"https:\/\/secure.gravatar.com\/avatar\/68cfafa5f44617fea54071e215026e0ff06be366c3d54a8425f04fdcb86f8c5f?s=96&d=mm&r=g\",\"contentUrl\":\"https:\/\/secure.gravatar.com\/avatar\/68cfafa5f44617fea54071e215026e0ff06be366c3d54a8425f04fdcb86f8c5f?s=96&d=mm&r=g\",\"caption\":\"@sscc\"},\"url\":\"https:\/\/www.padreeustaquio.com.br\/en\/author\/sscc\/\"}]}<\/script>\n<!-- \/ Yoast SEO plugin. -->","yoast_head_json":{"title":"National Secretariat begins recording Lenten Retreat 2023","description":"The audiovisual production team of the National Secretariat for the Cause of Canonization of Blessed Father Eustace began recording the 2023 Lenten Retreat this week. This year, Brother Vanildo Lima Sena, of the Congregation of the Sacred Hearts, will lead the reflections.","robots":{"index":"index","follow":"follow","max-snippet":"max-snippet:-1","max-image-preview":"max-image-preview:large","max-video-preview":"max-video-preview:-1"},"canonical":"https:\/\/www.padreeustaquio.com.br\/en\/national-secretariat-begins-recording-lenten-retreat-2023\/","og_locale":"en_US","og_type":"article","og_title":"Secretariado Nacional come\u00e7a a gravar Retiro Quaresmal 2023","og_description":"A equipe de produ\u00e7\u00e3o audiovisual do Secretariado Nacional para a Causa de Canoniza\u00e7\u00e3o do Bem-Aventurado Padre Eust\u00e1quio come\u00e7ou esta semana as grava\u00e7\u00f5es do Retiro Quaresmal 2023. Este ano, quem vai comandar as reflex\u00f5es \u00e9 o Irm\u00e3o Vanildo Lima Sena, da Congrega\u00e7\u00e3o dos Sagrados Cora\u00e7\u00f5es.","og_url":"https:\/\/www.padreeustaquio.com.br\/en\/national-secretariat-begins-recording-lenten-retreat-2023\/","og_site_name":"Padre Eust\u00e1quio","article_publisher":"https:\/\/www.facebook.com\/beatopadreeustaquio\/","article_published_time":"2023-02-15T08:52:00+00:00","og_image":[{"width":1024,"height":768,"url":"https:\/\/www.padreeustaquio.com.br\/wp-content\/uploads\/2023\/02\/retiro-quaresmal-2023.jpeg","type":"image\/jpeg"}],"author":"@sscc","twitter_card":"summary_large_image","twitter_creator":"@beatopeustaquio","twitter_site":"@beatopeustaquio","twitter_misc":{"Written by":"@sscc","Est. reading time":"1 minute"},"schema":{"@context":"https:\/\/schema.org","@graph":[{"@type":"Article","@id":"https:\/\/www.padreeustaquio.com.br\/secretariado-nacional-comeca-a-gravar-retiro-quaresmal-2023\/#article","isPartOf":{"@id":"https:\/\/www.padreeustaquio.com.br\/secretariado-nacional-comeca-a-gravar-retiro-quaresmal-2023\/"},"author":{"name":"@sscc","@id":"https:\/\/www.padreeustaquio.com.br\/#\/schema\/person\/a2a51db1d00f1a7af0204a0f1ddb1566"},"headline":"Secretariado Nacional come\u00e7a a gravar Retiro Quaresmal 2023","datePublished":"2023-02-15T08:52:00+00:00","mainEntityOfPage":{"@id":"https:\/\/www.padreeustaquio.com.br\/secretariado-nacional-comeca-a-gravar-retiro-quaresmal-2023\/"},"wordCount":247,"commentCount":0,"publisher":{"@id":"https:\/\/www.padreeustaquio.com.br\/#organization"},"image":{"@id":"https:\/\/www.padreeustaquio.com.br\/secretariado-nacional-comeca-a-gravar-retiro-quaresmal-2023\/#primaryimage"},"thumbnailUrl":"https:\/\/www.padreeustaquio.com.br\/wp-content\/uploads\/2023\/02\/retiro-quaresmal-2023.jpeg","articleSection":["Not\u00edcias"],"inLanguage":"en-US","potentialAction":[{"@type":"CommentAction","name":"Comment","target":["https:\/\/www.padreeustaquio.com.br\/secretariado-nacional-comeca-a-gravar-retiro-quaresmal-2023\/#respond"]}]},{"@type":"WebPage","@id":"https:\/\/www.padreeustaquio.com.br\/secretariado-nacional-comeca-a-gravar-retiro-quaresmal-2023\/","url":"https:\/\/www.padreeustaquio.com.br\/secretariado-nacional-comeca-a-gravar-retiro-quaresmal-2023\/","name":"National Secretariat begins recording Lenten Retreat 2023","isPartOf":{"@id":"https:\/\/www.padreeustaquio.com.br\/#website"},"primaryImageOfPage":{"@id":"https:\/\/www.padreeustaquio.com.br\/secretariado-nacional-comeca-a-gravar-retiro-quaresmal-2023\/#primaryimage"},"image":{"@id":"https:\/\/www.padreeustaquio.com.br\/secretariado-nacional-comeca-a-gravar-retiro-quaresmal-2023\/#primaryimage"},"thumbnailUrl":"https:\/\/www.padreeustaquio.com.br\/wp-content\/uploads\/2023\/02\/retiro-quaresmal-2023.jpeg","datePublished":"2023-02-15T08:52:00+00:00","description":"The audiovisual production team of the National Secretariat for the Cause of Canonization of Blessed Father Eustace began recording the 2023 Lenten Retreat this week. This year, Brother Vanildo Lima Sena, of the Congregation of the Sacred Hearts, will lead the reflections.","breadcrumb":{"@id":"https:\/\/www.padreeustaquio.com.br\/secretariado-nacional-comeca-a-gravar-retiro-quaresmal-2023\/#breadcrumb"},"inLanguage":"en-US","potentialAction":[{"@type":"ReadAction","target":["https:\/\/www.padreeustaquio.com.br\/secretariado-nacional-comeca-a-gravar-retiro-quaresmal-2023\/"]}]},{"@type":"ImageObject","inLanguage":"en-US","@id":"https:\/\/www.padreeustaquio.com.br\/secretariado-nacional-comeca-a-gravar-retiro-quaresmal-2023\/#primaryimage","url":"https:\/\/www.padreeustaquio.com.br\/wp-content\/uploads\/2023\/02\/retiro-quaresmal-2023.jpeg","contentUrl":"https:\/\/www.padreeustaquio.com.br\/wp-content\/uploads\/2023\/02\/retiro-quaresmal-2023.jpeg","width":1024,"height":768},{"@type":"BreadcrumbList","@id":"https:\/\/www.padreeustaquio.com.br\/secretariado-nacional-comeca-a-gravar-retiro-quaresmal-2023\/#breadcrumb","itemListElement":[{"@type":"ListItem","position":1,"name":"In\u00edcio","item":"https:\/\/www.padreeustaquio.com.br\/"},{"@type":"ListItem","position":2,"name":"Secretariado Nacional come\u00e7a a gravar Retiro Quaresmal 2023"}]},{"@type":"WebSite","@id":"https:\/\/www.padreeustaquio.com.br\/#website","url":"https:\/\/www.padreeustaquio.com.br\/","name":"FATHER EUST\u00c1QUIO","description":"Health and Peace","publisher":{"@id":"https:\/\/www.padreeustaquio.com.br\/#organization"},"potentialAction":[{"@type":"SearchAction","target":{"@type":"EntryPoint","urlTemplate":"https:\/\/www.padreeustaquio.com.br\/?s={search_term_string}"},"query-input":{"@type":"PropertyValueSpecification","valueRequired":true,"valueName":"search_term_string"}}],"inLanguage":"en-US"},{"@type":"Organization","@id":"https:\/\/www.padreeustaquio.com.br\/#organization","name":"FATHER EUST\u00c1QUIO","url":"https:\/\/www.padreeustaquio.com.br\/","logo":{"@type":"ImageObject","inLanguage":"en-US","@id":"https:\/\/www.padreeustaquio.com.br\/#\/schema\/logo\/image\/","url":"https:\/\/www.padreeustaquio.com.br\/wp-content\/uploads\/2019\/08\/marca.png","contentUrl":"https:\/\/www.padreeustaquio.com.br\/wp-content\/uploads\/2019\/08\/marca.png","width":350,"height":400,"caption":"Padre Eust\u00e1quio"},"image":{"@id":"https:\/\/www.padreeustaquio.com.br\/#\/schema\/logo\/image\/"},"sameAs":["https:\/\/www.facebook.com\/beatopadreeustaquio\/","https:\/\/x.com\/beatopeustaquio","https:\/\/www.instagram.com\/beatopadreeustaquio\/","https:\/\/www.youtube.com\/channel\/UCRhw7vfabnajwLxb1ZXMeIw"]},{"@type":"Person","@id":"https:\/\/www.padreeustaquio.com.br\/#\/schema\/person\/a2a51db1d00f1a7af0204a0f1ddb1566","name":"@sscc","image":{"@type":"ImageObject","inLanguage":"en-US","@id":"https:\/\/secure.gravatar.com\/avatar\/68cfafa5f44617fea54071e215026e0ff06be366c3d54a8425f04fdcb86f8c5f?s=96&d=mm&r=g","url":"https:\/\/secure.gravatar.com\/avatar\/68cfafa5f44617fea54071e215026e0ff06be366c3d54a8425f04fdcb86f8c5f?s=96&d=mm&r=g","contentUrl":"https:\/\/secure.gravatar.com\/avatar\/68cfafa5f44617fea54071e215026e0ff06be366c3d54a8425f04fdcb86f8c5f?s=96&d=mm&r=g","caption":"@sscc"},"url":"https:\/\/www.padreeustaquio.com.br\/en\/author\/sscc\/"}]}},"_links":{"self":[{"href":"https:\/\/www.padreeustaquio.com.br\/en\/wp-json\/wp\/v2\/posts\/9909","targetHints":{"allow":["GET"]}}],"collection":[{"href":"https:\/\/www.padreeustaquio.com.br\/en\/wp-json\/wp\/v2\/posts"}],"about":[{"href":"https:\/\/www.padreeustaquio.com.br\/en\/wp-json\/wp\/v2\/types\/post"}],"author":[{"embeddable":true,"href":"https:\/\/www.padreeustaquio.com.br\/en\/wp-json\/wp\/v2\/users\/2"}],"replies":[{"embeddable":true,"href":"https:\/\/www.padreeustaquio.com.br\/en\/wp-json\/wp\/v2\/comments?post=9909"}],"version-history":[{"count":0,"href":"https:\/\/www.padreeustaquio.com.br\/en\/wp-json\/wp\/v2\/posts\/9909\/revisions"}],"wp:featuredmedia":[{"embeddable":true,"href":"https:\/\/www.padreeustaquio.com.br\/en\/wp-json\/wp\/v2\/media\/9910"}],"wp:attachment":[{"href":"https:\/\/www.padreeustaquio.com.br\/en\/wp-json\/wp\/v2\/media?parent=9909"}],"wp:term":[{"taxonomy":"category","embeddable":true,"href":"https:\/\/www.padreeustaquio.com.br\/en\/wp-json\/wp\/v2\/categories?post=9909"},{"taxonomy":"post_tag","embeddable":true,"href":"https:\/\/www.padreeustaquio.com.br\/en\/wp-json\/wp\/v2\/tags?post=9909"}],"curies":[{"name":"wp","href":"https:\/\/api.w.org\/{rel}","templated":true}]}}