{"id":9902,"date":"2023-02-14T05:56:00","date_gmt":"2023-02-14T08:56:00","guid":{"rendered":"https:\/\/www.padreeustaquio.com.br\/?p=9902"},"modified":"2023-02-14T19:13:59","modified_gmt":"2023-02-14T22:13:59","slug":"the-bazaar-is-once-again-open-to-the-public-at-the-health-and-peace-sanctuary","status":"publish","type":"post","link":"https:\/\/www.padreeustaquio.com.br\/en\/the-bazaar-is-once-again-open-to-the-public-at-the-health-and-peace-sanctuary\/","title":{"rendered":"The bazaar is once again open to the public at the Health and Peace Sanctuary."},"content":{"rendered":"<p>The Padre Eust\u00e1quio Bazaar has resumed normal operations after a period of closure. The store is open to the public by appointment only. Service at the Bazaar is for adults only; children are not allowed.<\/p>\n\n\n\n<p>The Bazaar is open every Monday, Wednesday, and Friday, from 9 AM to 5 PM.<\/p>\n\n\n\n<p>For the reopening, the space was reorganized by the volunteers and features many new items in the areas of women&#039;s, men&#039;s and children&#039;s clothing, footwear, household goods, books, toys and much more.<\/p>\n\n\n\n<p>All money raised at the Padre Eust\u00e1quio Bazaar is used to help with church expenses. If you have items in good condition that can be donated to the bazaar, please deliver them to the parish office Monday through Friday, from 7:30 am to 6:00 pm, or on weekends from 8:00 am to 11:30 am.<\/p>\n\n\n\n<p>The Parish Secretariat&#039;s telephone number for more information or appointments is (31) 3462-6557.<\/p>\n\n\n\n<p><\/p>","protected":false},"excerpt":{"rendered":"<p>O Bazar Padre Eust\u00e1quio voltou a funcionar com suas atividades normais depois de um per\u00edodo de recesso. O local abre novamente para o p\u00fablico com atendimento agendado. O atendimento no Bazar \u00e9 apenas para adultos, sendo proibida a entrada de crian\u00e7as. O Bazar funciona todas as segundas, quartas e sextas-feiras, de 09h \u00e0s 17h. Para a reabertura, o espa\u00e7o foi reorganizado, pelas volunt\u00e1rias, e conta com muitas novidades nas \u00e1reas de vestu\u00e1rio feminino, masculino e infantil, cal\u00e7ados, utens\u00edlios para casa, livros, brinquedos e muito mais. Todo dinheiro arrecadado no Bazar Padre Eust\u00e1quio \u00e9 usado para ajudar nas despesas da Igreja. [&hellip;]<\/p>\n","protected":false},"author":2,"featured_media":9903,"comment_status":"open","ping_status":"closed","sticky":false,"template":"","format":"standard","meta":{"_acf_changed":false,"footnotes":""},"categories":[611],"tags":[],"class_list":["post-9902","post","type-post","status-publish","format-standard","has-post-thumbnail","hentry","category-noticias"],"acf":[],"yoast_head":"<!-- This site is optimized with the Yoast SEO plugin v27.2 - https:\/\/yoast.com\/product\/yoast-seo-wordpress\/ -->\n<title>Bazar volta a atender ao p\u00fablico no Santu\u00e1rio Sa\u00fade e Paz<\/title>\n<meta name=\"description\" content=\"O Bazar Padre Eust\u00e1quio voltou a funcionar com suas atividades normais depois de um per\u00edodo de recesso. O local abre novamente para o p\u00fablico com atendimento agendado. O atendimento no Bazar \u00e9 apenas para adultos, sendo proibida a entrada de crian\u00e7as.\" \/>\n<meta name=\"robots\" content=\"index, follow, max-snippet:-1, max-image-preview:large, max-video-preview:-1\" \/>\n<link rel=\"canonical\" href=\"https:\/\/www.padreeustaquio.com.br\/en\/the-bazaar-is-once-again-open-to-the-public-at-the-health-and-peace-sanctuary\/\" \/>\n<meta property=\"og:locale\" content=\"en_US\" \/>\n<meta property=\"og:type\" content=\"article\" \/>\n<meta property=\"og:title\" content=\"Bazar volta a atender ao p\u00fablico no Santu\u00e1rio Sa\u00fade e Paz\" \/>\n<meta property=\"og:description\" content=\"O Bazar Padre Eust\u00e1quio voltou a funcionar com suas atividades normais depois de um per\u00edodo de recesso. O local abre novamente para o p\u00fablico com atendimento agendado. O atendimento no Bazar \u00e9 apenas para adultos, sendo proibida a entrada de crian\u00e7as.\" \/>\n<meta property=\"og:url\" content=\"https:\/\/www.padreeustaquio.com.br\/en\/the-bazaar-is-once-again-open-to-the-public-at-the-health-and-peace-sanctuary\/\" \/>\n<meta property=\"og:site_name\" content=\"Padre Eust\u00e1quio\" \/>\n<meta property=\"article:publisher\" content=\"https:\/\/www.facebook.com\/beatopadreeustaquio\/\" \/>\n<meta property=\"article:published_time\" content=\"2023-02-14T08:56:00+00:00\" \/>\n<meta property=\"article:modified_time\" content=\"2023-02-14T22:13:59+00:00\" \/>\n<meta property=\"og:image\" content=\"https:\/\/www.padreeustaquio.com.br\/wp-content\/uploads\/2023\/02\/WhatsApp-Image-2023-02-10-at-11.14.18.jpeg\" \/>\n\t<meta property=\"og:image:width\" content=\"1600\" \/>\n\t<meta property=\"og:image:height\" content=\"900\" \/>\n\t<meta property=\"og:image:type\" content=\"image\/jpeg\" \/>\n<meta name=\"author\" content=\"@sscc\" \/>\n<meta name=\"twitter:card\" content=\"summary_large_image\" \/>\n<meta name=\"twitter:creator\" content=\"@beatopeustaquio\" \/>\n<meta name=\"twitter:site\" content=\"@beatopeustaquio\" \/>\n<meta name=\"twitter:label1\" content=\"Written by\" \/>\n\t<meta name=\"twitter:data1\" content=\"@sscc\" \/>\n\t<meta name=\"twitter:label2\" content=\"Est. reading time\" \/>\n\t<meta name=\"twitter:data2\" content=\"1 minute\" \/>\n<script type=\"application\/ld+json\" class=\"yoast-schema-graph\">{\"@context\":\"https:\/\/schema.org\",\"@graph\":[{\"@type\":\"Article\",\"@id\":\"https:\/\/www.padreeustaquio.com.br\/bazar-volta-a-atender-ao-publico-no-santuario-saude-e-paz\/#article\",\"isPartOf\":{\"@id\":\"https:\/\/www.padreeustaquio.com.br\/bazar-volta-a-atender-ao-publico-no-santuario-saude-e-paz\/\"},\"author\":{\"name\":\"@sscc\",\"@id\":\"https:\/\/www.padreeustaquio.com.br\/#\/schema\/person\/a2a51db1d00f1a7af0204a0f1ddb1566\"},\"headline\":\"Bazar volta a atender ao p\u00fablico no Santu\u00e1rio Sa\u00fade e Paz\",\"datePublished\":\"2023-02-14T08:56:00+00:00\",\"dateModified\":\"2023-02-14T22:13:59+00:00\",\"mainEntityOfPage\":{\"@id\":\"https:\/\/www.padreeustaquio.com.br\/bazar-volta-a-atender-ao-publico-no-santuario-saude-e-paz\/\"},\"wordCount\":173,\"commentCount\":0,\"publisher\":{\"@id\":\"https:\/\/www.padreeustaquio.com.br\/#organization\"},\"image\":{\"@id\":\"https:\/\/www.padreeustaquio.com.br\/bazar-volta-a-atender-ao-publico-no-santuario-saude-e-paz\/#primaryimage\"},\"thumbnailUrl\":\"https:\/\/www.padreeustaquio.com.br\/wp-content\/uploads\/2023\/02\/WhatsApp-Image-2023-02-10-at-11.14.18.jpeg\",\"articleSection\":[\"Not\u00edcias\"],\"inLanguage\":\"en-US\",\"potentialAction\":[{\"@type\":\"CommentAction\",\"name\":\"Comment\",\"target\":[\"https:\/\/www.padreeustaquio.com.br\/bazar-volta-a-atender-ao-publico-no-santuario-saude-e-paz\/#respond\"]}]},{\"@type\":\"WebPage\",\"@id\":\"https:\/\/www.padreeustaquio.com.br\/bazar-volta-a-atender-ao-publico-no-santuario-saude-e-paz\/\",\"url\":\"https:\/\/www.padreeustaquio.com.br\/bazar-volta-a-atender-ao-publico-no-santuario-saude-e-paz\/\",\"name\":\"Bazar volta a atender ao p\u00fablico no Santu\u00e1rio Sa\u00fade e Paz\",\"isPartOf\":{\"@id\":\"https:\/\/www.padreeustaquio.com.br\/#website\"},\"primaryImageOfPage\":{\"@id\":\"https:\/\/www.padreeustaquio.com.br\/bazar-volta-a-atender-ao-publico-no-santuario-saude-e-paz\/#primaryimage\"},\"image\":{\"@id\":\"https:\/\/www.padreeustaquio.com.br\/bazar-volta-a-atender-ao-publico-no-santuario-saude-e-paz\/#primaryimage\"},\"thumbnailUrl\":\"https:\/\/www.padreeustaquio.com.br\/wp-content\/uploads\/2023\/02\/WhatsApp-Image-2023-02-10-at-11.14.18.jpeg\",\"datePublished\":\"2023-02-14T08:56:00+00:00\",\"dateModified\":\"2023-02-14T22:13:59+00:00\",\"description\":\"O Bazar Padre Eust\u00e1quio voltou a funcionar com suas atividades normais depois de um per\u00edodo de recesso. O local abre novamente para o p\u00fablico com atendimento agendado. O atendimento no Bazar \u00e9 apenas para adultos, sendo proibida a entrada de crian\u00e7as.\",\"breadcrumb\":{\"@id\":\"https:\/\/www.padreeustaquio.com.br\/bazar-volta-a-atender-ao-publico-no-santuario-saude-e-paz\/#breadcrumb\"},\"inLanguage\":\"en-US\",\"potentialAction\":[{\"@type\":\"ReadAction\",\"target\":[\"https:\/\/www.padreeustaquio.com.br\/bazar-volta-a-atender-ao-publico-no-santuario-saude-e-paz\/\"]}]},{\"@type\":\"ImageObject\",\"inLanguage\":\"en-US\",\"@id\":\"https:\/\/www.padreeustaquio.com.br\/bazar-volta-a-atender-ao-publico-no-santuario-saude-e-paz\/#primaryimage\",\"url\":\"https:\/\/www.padreeustaquio.com.br\/wp-content\/uploads\/2023\/02\/WhatsApp-Image-2023-02-10-at-11.14.18.jpeg\",\"contentUrl\":\"https:\/\/www.padreeustaquio.com.br\/wp-content\/uploads\/2023\/02\/WhatsApp-Image-2023-02-10-at-11.14.18.jpeg\",\"width\":1600,\"height\":900},{\"@type\":\"BreadcrumbList\",\"@id\":\"https:\/\/www.padreeustaquio.com.br\/bazar-volta-a-atender-ao-publico-no-santuario-saude-e-paz\/#breadcrumb\",\"itemListElement\":[{\"@type\":\"ListItem\",\"position\":1,\"name\":\"In\u00edcio\",\"item\":\"https:\/\/www.padreeustaquio.com.br\/\"},{\"@type\":\"ListItem\",\"position\":2,\"name\":\"Bazar volta a atender ao p\u00fablico no Santu\u00e1rio Sa\u00fade e Paz\"}]},{\"@type\":\"WebSite\",\"@id\":\"https:\/\/www.padreeustaquio.com.br\/#website\",\"url\":\"https:\/\/www.padreeustaquio.com.br\/\",\"name\":\"Padre Eust\u00e1quio\",\"description\":\"Sa\u00fade e Paz\",\"publisher\":{\"@id\":\"https:\/\/www.padreeustaquio.com.br\/#organization\"},\"potentialAction\":[{\"@type\":\"SearchAction\",\"target\":{\"@type\":\"EntryPoint\",\"urlTemplate\":\"https:\/\/www.padreeustaquio.com.br\/?s={search_term_string}\"},\"query-input\":{\"@type\":\"PropertyValueSpecification\",\"valueRequired\":true,\"valueName\":\"search_term_string\"}}],\"inLanguage\":\"en-US\"},{\"@type\":\"Organization\",\"@id\":\"https:\/\/www.padreeustaquio.com.br\/#organization\",\"name\":\"Padre Eust\u00e1quio\",\"url\":\"https:\/\/www.padreeustaquio.com.br\/\",\"logo\":{\"@type\":\"ImageObject\",\"inLanguage\":\"en-US\",\"@id\":\"https:\/\/www.padreeustaquio.com.br\/#\/schema\/logo\/image\/\",\"url\":\"https:\/\/www.padreeustaquio.com.br\/wp-content\/uploads\/2019\/08\/marca.png\",\"contentUrl\":\"https:\/\/www.padreeustaquio.com.br\/wp-content\/uploads\/2019\/08\/marca.png\",\"width\":350,\"height\":400,\"caption\":\"Padre Eust\u00e1quio\"},\"image\":{\"@id\":\"https:\/\/www.padreeustaquio.com.br\/#\/schema\/logo\/image\/\"},\"sameAs\":[\"https:\/\/www.facebook.com\/beatopadreeustaquio\/\",\"https:\/\/x.com\/beatopeustaquio\",\"https:\/\/www.instagram.com\/beatopadreeustaquio\/\",\"https:\/\/www.youtube.com\/channel\/UCRhw7vfabnajwLxb1ZXMeIw\"]},{\"@type\":\"Person\",\"@id\":\"https:\/\/www.padreeustaquio.com.br\/#\/schema\/person\/a2a51db1d00f1a7af0204a0f1ddb1566\",\"name\":\"@sscc\",\"image\":{\"@type\":\"ImageObject\",\"inLanguage\":\"en-US\",\"@id\":\"https:\/\/secure.gravatar.com\/avatar\/68cfafa5f44617fea54071e215026e0ff06be366c3d54a8425f04fdcb86f8c5f?s=96&d=mm&r=g\",\"url\":\"https:\/\/secure.gravatar.com\/avatar\/68cfafa5f44617fea54071e215026e0ff06be366c3d54a8425f04fdcb86f8c5f?s=96&d=mm&r=g\",\"contentUrl\":\"https:\/\/secure.gravatar.com\/avatar\/68cfafa5f44617fea54071e215026e0ff06be366c3d54a8425f04fdcb86f8c5f?s=96&d=mm&r=g\",\"caption\":\"@sscc\"},\"url\":\"https:\/\/www.padreeustaquio.com.br\/en\/author\/sscc\/\"}]}<\/script>\n<!-- \/ Yoast SEO plugin. -->","yoast_head_json":{"title":"The bazaar is once again open to the public at the Health and Peace Sanctuary.","description":"The Padre Eust\u00e1quio Bazaar has resumed normal operations after a period of closure. The store is open to the public by appointment only. Service at the Bazaar is for adults only; children are not allowed.","robots":{"index":"index","follow":"follow","max-snippet":"max-snippet:-1","max-image-preview":"max-image-preview:large","max-video-preview":"max-video-preview:-1"},"canonical":"https:\/\/www.padreeustaquio.com.br\/en\/the-bazaar-is-once-again-open-to-the-public-at-the-health-and-peace-sanctuary\/","og_locale":"en_US","og_type":"article","og_title":"Bazar volta a atender ao p\u00fablico no Santu\u00e1rio Sa\u00fade e Paz","og_description":"O Bazar Padre Eust\u00e1quio voltou a funcionar com suas atividades normais depois de um per\u00edodo de recesso. O local abre novamente para o p\u00fablico com atendimento agendado. O atendimento no Bazar \u00e9 apenas para adultos, sendo proibida a entrada de crian\u00e7as.","og_url":"https:\/\/www.padreeustaquio.com.br\/en\/the-bazaar-is-once-again-open-to-the-public-at-the-health-and-peace-sanctuary\/","og_site_name":"Padre Eust\u00e1quio","article_publisher":"https:\/\/www.facebook.com\/beatopadreeustaquio\/","article_published_time":"2023-02-14T08:56:00+00:00","article_modified_time":"2023-02-14T22:13:59+00:00","og_image":[{"width":1600,"height":900,"url":"https:\/\/www.padreeustaquio.com.br\/wp-content\/uploads\/2023\/02\/WhatsApp-Image-2023-02-10-at-11.14.18.jpeg","type":"image\/jpeg"}],"author":"@sscc","twitter_card":"summary_large_image","twitter_creator":"@beatopeustaquio","twitter_site":"@beatopeustaquio","twitter_misc":{"Written by":"@sscc","Est. reading time":"1 minute"},"schema":{"@context":"https:\/\/schema.org","@graph":[{"@type":"Article","@id":"https:\/\/www.padreeustaquio.com.br\/bazar-volta-a-atender-ao-publico-no-santuario-saude-e-paz\/#article","isPartOf":{"@id":"https:\/\/www.padreeustaquio.com.br\/bazar-volta-a-atender-ao-publico-no-santuario-saude-e-paz\/"},"author":{"name":"@sscc","@id":"https:\/\/www.padreeustaquio.com.br\/#\/schema\/person\/a2a51db1d00f1a7af0204a0f1ddb1566"},"headline":"Bazar volta a atender ao p\u00fablico no Santu\u00e1rio Sa\u00fade e Paz","datePublished":"2023-02-14T08:56:00+00:00","dateModified":"2023-02-14T22:13:59+00:00","mainEntityOfPage":{"@id":"https:\/\/www.padreeustaquio.com.br\/bazar-volta-a-atender-ao-publico-no-santuario-saude-e-paz\/"},"wordCount":173,"commentCount":0,"publisher":{"@id":"https:\/\/www.padreeustaquio.com.br\/#organization"},"image":{"@id":"https:\/\/www.padreeustaquio.com.br\/bazar-volta-a-atender-ao-publico-no-santuario-saude-e-paz\/#primaryimage"},"thumbnailUrl":"https:\/\/www.padreeustaquio.com.br\/wp-content\/uploads\/2023\/02\/WhatsApp-Image-2023-02-10-at-11.14.18.jpeg","articleSection":["Not\u00edcias"],"inLanguage":"en-US","potentialAction":[{"@type":"CommentAction","name":"Comment","target":["https:\/\/www.padreeustaquio.com.br\/bazar-volta-a-atender-ao-publico-no-santuario-saude-e-paz\/#respond"]}]},{"@type":"WebPage","@id":"https:\/\/www.padreeustaquio.com.br\/bazar-volta-a-atender-ao-publico-no-santuario-saude-e-paz\/","url":"https:\/\/www.padreeustaquio.com.br\/bazar-volta-a-atender-ao-publico-no-santuario-saude-e-paz\/","name":"The bazaar is once again open to the public at the Health and Peace Sanctuary.","isPartOf":{"@id":"https:\/\/www.padreeustaquio.com.br\/#website"},"primaryImageOfPage":{"@id":"https:\/\/www.padreeustaquio.com.br\/bazar-volta-a-atender-ao-publico-no-santuario-saude-e-paz\/#primaryimage"},"image":{"@id":"https:\/\/www.padreeustaquio.com.br\/bazar-volta-a-atender-ao-publico-no-santuario-saude-e-paz\/#primaryimage"},"thumbnailUrl":"https:\/\/www.padreeustaquio.com.br\/wp-content\/uploads\/2023\/02\/WhatsApp-Image-2023-02-10-at-11.14.18.jpeg","datePublished":"2023-02-14T08:56:00+00:00","dateModified":"2023-02-14T22:13:59+00:00","description":"The Padre Eust\u00e1quio Bazaar has resumed normal operations after a period of closure. The store is open to the public by appointment only. Service at the Bazaar is for adults only; children are not allowed.","breadcrumb":{"@id":"https:\/\/www.padreeustaquio.com.br\/bazar-volta-a-atender-ao-publico-no-santuario-saude-e-paz\/#breadcrumb"},"inLanguage":"en-US","potentialAction":[{"@type":"ReadAction","target":["https:\/\/www.padreeustaquio.com.br\/bazar-volta-a-atender-ao-publico-no-santuario-saude-e-paz\/"]}]},{"@type":"ImageObject","inLanguage":"en-US","@id":"https:\/\/www.padreeustaquio.com.br\/bazar-volta-a-atender-ao-publico-no-santuario-saude-e-paz\/#primaryimage","url":"https:\/\/www.padreeustaquio.com.br\/wp-content\/uploads\/2023\/02\/WhatsApp-Image-2023-02-10-at-11.14.18.jpeg","contentUrl":"https:\/\/www.padreeustaquio.com.br\/wp-content\/uploads\/2023\/02\/WhatsApp-Image-2023-02-10-at-11.14.18.jpeg","width":1600,"height":900},{"@type":"BreadcrumbList","@id":"https:\/\/www.padreeustaquio.com.br\/bazar-volta-a-atender-ao-publico-no-santuario-saude-e-paz\/#breadcrumb","itemListElement":[{"@type":"ListItem","position":1,"name":"In\u00edcio","item":"https:\/\/www.padreeustaquio.com.br\/"},{"@type":"ListItem","position":2,"name":"Bazar volta a atender ao p\u00fablico no Santu\u00e1rio Sa\u00fade e Paz"}]},{"@type":"WebSite","@id":"https:\/\/www.padreeustaquio.com.br\/#website","url":"https:\/\/www.padreeustaquio.com.br\/","name":"FATHER EUST\u00c1QUIO","description":"Health and Peace","publisher":{"@id":"https:\/\/www.padreeustaquio.com.br\/#organization"},"potentialAction":[{"@type":"SearchAction","target":{"@type":"EntryPoint","urlTemplate":"https:\/\/www.padreeustaquio.com.br\/?s={search_term_string}"},"query-input":{"@type":"PropertyValueSpecification","valueRequired":true,"valueName":"search_term_string"}}],"inLanguage":"en-US"},{"@type":"Organization","@id":"https:\/\/www.padreeustaquio.com.br\/#organization","name":"FATHER EUST\u00c1QUIO","url":"https:\/\/www.padreeustaquio.com.br\/","logo":{"@type":"ImageObject","inLanguage":"en-US","@id":"https:\/\/www.padreeustaquio.com.br\/#\/schema\/logo\/image\/","url":"https:\/\/www.padreeustaquio.com.br\/wp-content\/uploads\/2019\/08\/marca.png","contentUrl":"https:\/\/www.padreeustaquio.com.br\/wp-content\/uploads\/2019\/08\/marca.png","width":350,"height":400,"caption":"Padre Eust\u00e1quio"},"image":{"@id":"https:\/\/www.padreeustaquio.com.br\/#\/schema\/logo\/image\/"},"sameAs":["https:\/\/www.facebook.com\/beatopadreeustaquio\/","https:\/\/x.com\/beatopeustaquio","https:\/\/www.instagram.com\/beatopadreeustaquio\/","https:\/\/www.youtube.com\/channel\/UCRhw7vfabnajwLxb1ZXMeIw"]},{"@type":"Person","@id":"https:\/\/www.padreeustaquio.com.br\/#\/schema\/person\/a2a51db1d00f1a7af0204a0f1ddb1566","name":"@sscc","image":{"@type":"ImageObject","inLanguage":"en-US","@id":"https:\/\/secure.gravatar.com\/avatar\/68cfafa5f44617fea54071e215026e0ff06be366c3d54a8425f04fdcb86f8c5f?s=96&d=mm&r=g","url":"https:\/\/secure.gravatar.com\/avatar\/68cfafa5f44617fea54071e215026e0ff06be366c3d54a8425f04fdcb86f8c5f?s=96&d=mm&r=g","contentUrl":"https:\/\/secure.gravatar.com\/avatar\/68cfafa5f44617fea54071e215026e0ff06be366c3d54a8425f04fdcb86f8c5f?s=96&d=mm&r=g","caption":"@sscc"},"url":"https:\/\/www.padreeustaquio.com.br\/en\/author\/sscc\/"}]}},"_links":{"self":[{"href":"https:\/\/www.padreeustaquio.com.br\/en\/wp-json\/wp\/v2\/posts\/9902","targetHints":{"allow":["GET"]}}],"collection":[{"href":"https:\/\/www.padreeustaquio.com.br\/en\/wp-json\/wp\/v2\/posts"}],"about":[{"href":"https:\/\/www.padreeustaquio.com.br\/en\/wp-json\/wp\/v2\/types\/post"}],"author":[{"embeddable":true,"href":"https:\/\/www.padreeustaquio.com.br\/en\/wp-json\/wp\/v2\/users\/2"}],"replies":[{"embeddable":true,"href":"https:\/\/www.padreeustaquio.com.br\/en\/wp-json\/wp\/v2\/comments?post=9902"}],"version-history":[{"count":0,"href":"https:\/\/www.padreeustaquio.com.br\/en\/wp-json\/wp\/v2\/posts\/9902\/revisions"}],"wp:featuredmedia":[{"embeddable":true,"href":"https:\/\/www.padreeustaquio.com.br\/en\/wp-json\/wp\/v2\/media\/9903"}],"wp:attachment":[{"href":"https:\/\/www.padreeustaquio.com.br\/en\/wp-json\/wp\/v2\/media?parent=9902"}],"wp:term":[{"taxonomy":"category","embeddable":true,"href":"https:\/\/www.padreeustaquio.com.br\/en\/wp-json\/wp\/v2\/categories?post=9902"},{"taxonomy":"post_tag","embeddable":true,"href":"https:\/\/www.padreeustaquio.com.br\/en\/wp-json\/wp\/v2\/tags?post=9902"}],"curies":[{"name":"wp","href":"https:\/\/api.w.org\/{rel}","templated":true}]}}