{"id":9883,"date":"2023-02-03T12:55:52","date_gmt":"2023-02-03T15:55:52","guid":{"rendered":"https:\/\/www.padreeustaquio.com.br\/?p=9883"},"modified":"2023-02-03T12:55:53","modified_gmt":"2023-02-03T15:55:53","slug":"students-from-padre-eustaquio-daycare-centers-return-to-classes","status":"publish","type":"post","link":"https:\/\/www.padreeustaquio.com.br\/en\/students-from-padre-eustaquio-daycare-centers-return-to-classes\/","title":{"rendered":"Students from the Padre Eust\u00e1quio daycare centers return to classes."},"content":{"rendered":"<p>Around 400 children returned to classes today at the Padre Eust\u00e1quio daycare centers in the Padre Eust\u00e1quio and Coqueiros neighborhoods. The schools were prepared to welcome the little ones with great affection.<\/p>\n\n\n\n<p>The daycare center in the Padre Eust\u00e1quio neighborhood received over 250 children yesterday, February 2nd, from Nursery 1 to the 2nd Period. Meanwhile, in Coqueiros, care begins in the nursery and goes up to Nursery 3, benefiting over 100 children.<\/p>\n\n\n\n<p>In addition to classes and educational activities, children have access to four daily meals: breakfast, lunch, afternoon snack, and dinner. The schools operate on a full-day schedule to accommodate families who need to work and have no one to leave their children with.<\/p>\n\n\n\n<p>To lovingly and dedicatedly care for these children, we rely on a partnership with the Belo Horizonte City Hall and the community&#039;s help to keep the entire structure running. Become a friend of the Padre Eust\u00e1quio Daycare Center.<\/p>\n\n\n\n<p>Make your donation via PIX (31) 99545-1943. Or via the account:<br>Father Eust\u00e1quio Social Action<br>CNPJ: 17.193.756\/0001-05<br>Federal Savings Bank<br>Agency: 0089<br>Operation: 013<br>Savings account: 48.086-7<\/p>\n\n\n\n<p><\/p>","protected":false},"excerpt":{"rendered":"<p>Cerca de 400 crian\u00e7as voltaram hoje \u00e0s aulas nas Creches Padre Eust\u00e1quio nas unidades do bairro Padre Eust\u00e1quio e do Coqueiros. As escolas foram preparadas para receber com muito carinho os pequenos. A creche do bairro Padre Eust\u00e1quio recebeu ontem, dia 02 de fevereiro, mais de 250 crian\u00e7as do Maternal 1 ao 2\u00ba Per\u00edodo. J\u00e1 no Coqueiros, o atendimento come\u00e7a no ber\u00e7\u00e1rio e vai at\u00e9 o maternal 3, sendo mais de 100 crian\u00e7as beneficiadas. Al\u00e9m das aulas e das atividades pedag\u00f3gicas, as crian\u00e7as t\u00eam acesso \u00e0 quatro alimenta\u00e7\u00f5es di\u00e1rias, sendo caf\u00e9 da manh\u00e3, almo\u00e7o, lanche da tarde e jantar. As [&hellip;]<\/p>\n","protected":false},"author":2,"featured_media":9884,"comment_status":"open","ping_status":"closed","sticky":false,"template":"","format":"standard","meta":{"_acf_changed":false,"footnotes":""},"categories":[611],"tags":[],"class_list":["post-9883","post","type-post","status-publish","format-standard","has-post-thumbnail","hentry","category-noticias"],"acf":[],"yoast_head":"<!-- This site is optimized with the Yoast SEO plugin v27.2 - https:\/\/yoast.com\/product\/yoast-seo-wordpress\/ -->\n<title>Alunos das Creches Padre Eust\u00e1quio voltam \u00e0s aulas - Padre Eust\u00e1quio<\/title>\n<meta name=\"description\" content=\"Cerca de 400 crian\u00e7as voltaram hoje \u00e0s aulas nas Creches Padre Eust\u00e1quio nas unidades do bairro Padre Eust\u00e1quio e do Coqueiros. As escolas foram preparadas para receber com muito carinho os pequenos.\" \/>\n<meta name=\"robots\" content=\"index, follow, max-snippet:-1, max-image-preview:large, max-video-preview:-1\" \/>\n<link rel=\"canonical\" href=\"https:\/\/www.padreeustaquio.com.br\/en\/students-from-padre-eustaquio-daycare-centers-return-to-classes\/\" \/>\n<meta property=\"og:locale\" content=\"en_US\" \/>\n<meta property=\"og:type\" content=\"article\" \/>\n<meta property=\"og:title\" content=\"Alunos das Creches Padre Eust\u00e1quio voltam \u00e0s aulas - Padre Eust\u00e1quio\" \/>\n<meta property=\"og:description\" content=\"Cerca de 400 crian\u00e7as voltaram hoje \u00e0s aulas nas Creches Padre Eust\u00e1quio nas unidades do bairro Padre Eust\u00e1quio e do Coqueiros. As escolas foram preparadas para receber com muito carinho os pequenos.\" \/>\n<meta property=\"og:url\" content=\"https:\/\/www.padreeustaquio.com.br\/en\/students-from-padre-eustaquio-daycare-centers-return-to-classes\/\" \/>\n<meta property=\"og:site_name\" content=\"Padre Eust\u00e1quio\" \/>\n<meta property=\"article:publisher\" content=\"https:\/\/www.facebook.com\/beatopadreeustaquio\/\" \/>\n<meta property=\"article:published_time\" content=\"2023-02-03T15:55:52+00:00\" \/>\n<meta property=\"article:modified_time\" content=\"2023-02-03T15:55:53+00:00\" \/>\n<meta property=\"og:image\" content=\"https:\/\/www.padreeustaquio.com.br\/wp-content\/uploads\/2023\/02\/volta-as-aulas-creche.jpeg\" \/>\n\t<meta property=\"og:image:width\" content=\"1600\" \/>\n\t<meta property=\"og:image:height\" content=\"1066\" \/>\n\t<meta property=\"og:image:type\" content=\"image\/jpeg\" \/>\n<meta name=\"author\" content=\"@sscc\" \/>\n<meta name=\"twitter:card\" content=\"summary_large_image\" \/>\n<meta name=\"twitter:creator\" content=\"@beatopeustaquio\" \/>\n<meta name=\"twitter:site\" content=\"@beatopeustaquio\" \/>\n<meta name=\"twitter:label1\" content=\"Written by\" \/>\n\t<meta name=\"twitter:data1\" content=\"@sscc\" \/>\n\t<meta name=\"twitter:label2\" content=\"Est. reading time\" \/>\n\t<meta name=\"twitter:data2\" content=\"1 minute\" \/>\n<script type=\"application\/ld+json\" class=\"yoast-schema-graph\">{\"@context\":\"https:\/\/schema.org\",\"@graph\":[{\"@type\":\"Article\",\"@id\":\"https:\/\/www.padreeustaquio.com.br\/alunos-das-creches-padre-eustaquio-voltam-as-aulas\/#article\",\"isPartOf\":{\"@id\":\"https:\/\/www.padreeustaquio.com.br\/alunos-das-creches-padre-eustaquio-voltam-as-aulas\/\"},\"author\":{\"name\":\"@sscc\",\"@id\":\"https:\/\/www.padreeustaquio.com.br\/#\/schema\/person\/a2a51db1d00f1a7af0204a0f1ddb1566\"},\"headline\":\"Alunos das Creches Padre Eust\u00e1quio voltam \u00e0s aulas\",\"datePublished\":\"2023-02-03T15:55:52+00:00\",\"dateModified\":\"2023-02-03T15:55:53+00:00\",\"mainEntityOfPage\":{\"@id\":\"https:\/\/www.padreeustaquio.com.br\/alunos-das-creches-padre-eustaquio-voltam-as-aulas\/\"},\"wordCount\":212,\"commentCount\":0,\"publisher\":{\"@id\":\"https:\/\/www.padreeustaquio.com.br\/#organization\"},\"image\":{\"@id\":\"https:\/\/www.padreeustaquio.com.br\/alunos-das-creches-padre-eustaquio-voltam-as-aulas\/#primaryimage\"},\"thumbnailUrl\":\"https:\/\/www.padreeustaquio.com.br\/wp-content\/uploads\/2023\/02\/volta-as-aulas-creche.jpeg\",\"articleSection\":[\"Not\u00edcias\"],\"inLanguage\":\"en-US\",\"potentialAction\":[{\"@type\":\"CommentAction\",\"name\":\"Comment\",\"target\":[\"https:\/\/www.padreeustaquio.com.br\/alunos-das-creches-padre-eustaquio-voltam-as-aulas\/#respond\"]}]},{\"@type\":\"WebPage\",\"@id\":\"https:\/\/www.padreeustaquio.com.br\/alunos-das-creches-padre-eustaquio-voltam-as-aulas\/\",\"url\":\"https:\/\/www.padreeustaquio.com.br\/alunos-das-creches-padre-eustaquio-voltam-as-aulas\/\",\"name\":\"Alunos das Creches Padre Eust\u00e1quio voltam \u00e0s aulas - Padre Eust\u00e1quio\",\"isPartOf\":{\"@id\":\"https:\/\/www.padreeustaquio.com.br\/#website\"},\"primaryImageOfPage\":{\"@id\":\"https:\/\/www.padreeustaquio.com.br\/alunos-das-creches-padre-eustaquio-voltam-as-aulas\/#primaryimage\"},\"image\":{\"@id\":\"https:\/\/www.padreeustaquio.com.br\/alunos-das-creches-padre-eustaquio-voltam-as-aulas\/#primaryimage\"},\"thumbnailUrl\":\"https:\/\/www.padreeustaquio.com.br\/wp-content\/uploads\/2023\/02\/volta-as-aulas-creche.jpeg\",\"datePublished\":\"2023-02-03T15:55:52+00:00\",\"dateModified\":\"2023-02-03T15:55:53+00:00\",\"description\":\"Cerca de 400 crian\u00e7as voltaram hoje \u00e0s aulas nas Creches Padre Eust\u00e1quio nas unidades do bairro Padre Eust\u00e1quio e do Coqueiros. As escolas foram preparadas para receber com muito carinho os pequenos.\",\"breadcrumb\":{\"@id\":\"https:\/\/www.padreeustaquio.com.br\/alunos-das-creches-padre-eustaquio-voltam-as-aulas\/#breadcrumb\"},\"inLanguage\":\"en-US\",\"potentialAction\":[{\"@type\":\"ReadAction\",\"target\":[\"https:\/\/www.padreeustaquio.com.br\/alunos-das-creches-padre-eustaquio-voltam-as-aulas\/\"]}]},{\"@type\":\"ImageObject\",\"inLanguage\":\"en-US\",\"@id\":\"https:\/\/www.padreeustaquio.com.br\/alunos-das-creches-padre-eustaquio-voltam-as-aulas\/#primaryimage\",\"url\":\"https:\/\/www.padreeustaquio.com.br\/wp-content\/uploads\/2023\/02\/volta-as-aulas-creche.jpeg\",\"contentUrl\":\"https:\/\/www.padreeustaquio.com.br\/wp-content\/uploads\/2023\/02\/volta-as-aulas-creche.jpeg\",\"width\":1600,\"height\":1066},{\"@type\":\"BreadcrumbList\",\"@id\":\"https:\/\/www.padreeustaquio.com.br\/alunos-das-creches-padre-eustaquio-voltam-as-aulas\/#breadcrumb\",\"itemListElement\":[{\"@type\":\"ListItem\",\"position\":1,\"name\":\"In\u00edcio\",\"item\":\"https:\/\/www.padreeustaquio.com.br\/\"},{\"@type\":\"ListItem\",\"position\":2,\"name\":\"Alunos das Creches Padre Eust\u00e1quio voltam \u00e0s aulas\"}]},{\"@type\":\"WebSite\",\"@id\":\"https:\/\/www.padreeustaquio.com.br\/#website\",\"url\":\"https:\/\/www.padreeustaquio.com.br\/\",\"name\":\"Padre Eust\u00e1quio\",\"description\":\"Sa\u00fade e Paz\",\"publisher\":{\"@id\":\"https:\/\/www.padreeustaquio.com.br\/#organization\"},\"potentialAction\":[{\"@type\":\"SearchAction\",\"target\":{\"@type\":\"EntryPoint\",\"urlTemplate\":\"https:\/\/www.padreeustaquio.com.br\/?s={search_term_string}\"},\"query-input\":{\"@type\":\"PropertyValueSpecification\",\"valueRequired\":true,\"valueName\":\"search_term_string\"}}],\"inLanguage\":\"en-US\"},{\"@type\":\"Organization\",\"@id\":\"https:\/\/www.padreeustaquio.com.br\/#organization\",\"name\":\"Padre Eust\u00e1quio\",\"url\":\"https:\/\/www.padreeustaquio.com.br\/\",\"logo\":{\"@type\":\"ImageObject\",\"inLanguage\":\"en-US\",\"@id\":\"https:\/\/www.padreeustaquio.com.br\/#\/schema\/logo\/image\/\",\"url\":\"https:\/\/www.padreeustaquio.com.br\/wp-content\/uploads\/2019\/08\/marca.png\",\"contentUrl\":\"https:\/\/www.padreeustaquio.com.br\/wp-content\/uploads\/2019\/08\/marca.png\",\"width\":350,\"height\":400,\"caption\":\"Padre Eust\u00e1quio\"},\"image\":{\"@id\":\"https:\/\/www.padreeustaquio.com.br\/#\/schema\/logo\/image\/\"},\"sameAs\":[\"https:\/\/www.facebook.com\/beatopadreeustaquio\/\",\"https:\/\/x.com\/beatopeustaquio\",\"https:\/\/www.instagram.com\/beatopadreeustaquio\/\",\"https:\/\/www.youtube.com\/channel\/UCRhw7vfabnajwLxb1ZXMeIw\"]},{\"@type\":\"Person\",\"@id\":\"https:\/\/www.padreeustaquio.com.br\/#\/schema\/person\/a2a51db1d00f1a7af0204a0f1ddb1566\",\"name\":\"@sscc\",\"image\":{\"@type\":\"ImageObject\",\"inLanguage\":\"en-US\",\"@id\":\"https:\/\/secure.gravatar.com\/avatar\/68cfafa5f44617fea54071e215026e0ff06be366c3d54a8425f04fdcb86f8c5f?s=96&d=mm&r=g\",\"url\":\"https:\/\/secure.gravatar.com\/avatar\/68cfafa5f44617fea54071e215026e0ff06be366c3d54a8425f04fdcb86f8c5f?s=96&d=mm&r=g\",\"contentUrl\":\"https:\/\/secure.gravatar.com\/avatar\/68cfafa5f44617fea54071e215026e0ff06be366c3d54a8425f04fdcb86f8c5f?s=96&d=mm&r=g\",\"caption\":\"@sscc\"},\"url\":\"https:\/\/www.padreeustaquio.com.br\/en\/author\/sscc\/\"}]}<\/script>\n<!-- \/ Yoast SEO plugin. -->","yoast_head_json":{"title":"Students from Padre Eust\u00e1quio Daycare Centers return to classes - Padre Eust\u00e1quio","description":"Around 400 children returned to classes today at the Padre Eust\u00e1quio daycare centers in the Padre Eust\u00e1quio and Coqueiros neighborhoods. The schools were prepared to welcome the little ones with great affection.","robots":{"index":"index","follow":"follow","max-snippet":"max-snippet:-1","max-image-preview":"max-image-preview:large","max-video-preview":"max-video-preview:-1"},"canonical":"https:\/\/www.padreeustaquio.com.br\/en\/students-from-padre-eustaquio-daycare-centers-return-to-classes\/","og_locale":"en_US","og_type":"article","og_title":"Alunos das Creches Padre Eust\u00e1quio voltam \u00e0s aulas - Padre Eust\u00e1quio","og_description":"Cerca de 400 crian\u00e7as voltaram hoje \u00e0s aulas nas Creches Padre Eust\u00e1quio nas unidades do bairro Padre Eust\u00e1quio e do Coqueiros. As escolas foram preparadas para receber com muito carinho os pequenos.","og_url":"https:\/\/www.padreeustaquio.com.br\/en\/students-from-padre-eustaquio-daycare-centers-return-to-classes\/","og_site_name":"Padre Eust\u00e1quio","article_publisher":"https:\/\/www.facebook.com\/beatopadreeustaquio\/","article_published_time":"2023-02-03T15:55:52+00:00","article_modified_time":"2023-02-03T15:55:53+00:00","og_image":[{"width":1600,"height":1066,"url":"https:\/\/www.padreeustaquio.com.br\/wp-content\/uploads\/2023\/02\/volta-as-aulas-creche.jpeg","type":"image\/jpeg"}],"author":"@sscc","twitter_card":"summary_large_image","twitter_creator":"@beatopeustaquio","twitter_site":"@beatopeustaquio","twitter_misc":{"Written by":"@sscc","Est. reading time":"1 minute"},"schema":{"@context":"https:\/\/schema.org","@graph":[{"@type":"Article","@id":"https:\/\/www.padreeustaquio.com.br\/alunos-das-creches-padre-eustaquio-voltam-as-aulas\/#article","isPartOf":{"@id":"https:\/\/www.padreeustaquio.com.br\/alunos-das-creches-padre-eustaquio-voltam-as-aulas\/"},"author":{"name":"@sscc","@id":"https:\/\/www.padreeustaquio.com.br\/#\/schema\/person\/a2a51db1d00f1a7af0204a0f1ddb1566"},"headline":"Alunos das Creches Padre Eust\u00e1quio voltam \u00e0s aulas","datePublished":"2023-02-03T15:55:52+00:00","dateModified":"2023-02-03T15:55:53+00:00","mainEntityOfPage":{"@id":"https:\/\/www.padreeustaquio.com.br\/alunos-das-creches-padre-eustaquio-voltam-as-aulas\/"},"wordCount":212,"commentCount":0,"publisher":{"@id":"https:\/\/www.padreeustaquio.com.br\/#organization"},"image":{"@id":"https:\/\/www.padreeustaquio.com.br\/alunos-das-creches-padre-eustaquio-voltam-as-aulas\/#primaryimage"},"thumbnailUrl":"https:\/\/www.padreeustaquio.com.br\/wp-content\/uploads\/2023\/02\/volta-as-aulas-creche.jpeg","articleSection":["Not\u00edcias"],"inLanguage":"en-US","potentialAction":[{"@type":"CommentAction","name":"Comment","target":["https:\/\/www.padreeustaquio.com.br\/alunos-das-creches-padre-eustaquio-voltam-as-aulas\/#respond"]}]},{"@type":"WebPage","@id":"https:\/\/www.padreeustaquio.com.br\/alunos-das-creches-padre-eustaquio-voltam-as-aulas\/","url":"https:\/\/www.padreeustaquio.com.br\/alunos-das-creches-padre-eustaquio-voltam-as-aulas\/","name":"Students from Padre Eust\u00e1quio Daycare Centers return to classes - Padre Eust\u00e1quio","isPartOf":{"@id":"https:\/\/www.padreeustaquio.com.br\/#website"},"primaryImageOfPage":{"@id":"https:\/\/www.padreeustaquio.com.br\/alunos-das-creches-padre-eustaquio-voltam-as-aulas\/#primaryimage"},"image":{"@id":"https:\/\/www.padreeustaquio.com.br\/alunos-das-creches-padre-eustaquio-voltam-as-aulas\/#primaryimage"},"thumbnailUrl":"https:\/\/www.padreeustaquio.com.br\/wp-content\/uploads\/2023\/02\/volta-as-aulas-creche.jpeg","datePublished":"2023-02-03T15:55:52+00:00","dateModified":"2023-02-03T15:55:53+00:00","description":"Around 400 children returned to classes today at the Padre Eust\u00e1quio daycare centers in the Padre Eust\u00e1quio and Coqueiros neighborhoods. The schools were prepared to welcome the little ones with great affection.","breadcrumb":{"@id":"https:\/\/www.padreeustaquio.com.br\/alunos-das-creches-padre-eustaquio-voltam-as-aulas\/#breadcrumb"},"inLanguage":"en-US","potentialAction":[{"@type":"ReadAction","target":["https:\/\/www.padreeustaquio.com.br\/alunos-das-creches-padre-eustaquio-voltam-as-aulas\/"]}]},{"@type":"ImageObject","inLanguage":"en-US","@id":"https:\/\/www.padreeustaquio.com.br\/alunos-das-creches-padre-eustaquio-voltam-as-aulas\/#primaryimage","url":"https:\/\/www.padreeustaquio.com.br\/wp-content\/uploads\/2023\/02\/volta-as-aulas-creche.jpeg","contentUrl":"https:\/\/www.padreeustaquio.com.br\/wp-content\/uploads\/2023\/02\/volta-as-aulas-creche.jpeg","width":1600,"height":1066},{"@type":"BreadcrumbList","@id":"https:\/\/www.padreeustaquio.com.br\/alunos-das-creches-padre-eustaquio-voltam-as-aulas\/#breadcrumb","itemListElement":[{"@type":"ListItem","position":1,"name":"In\u00edcio","item":"https:\/\/www.padreeustaquio.com.br\/"},{"@type":"ListItem","position":2,"name":"Alunos das Creches Padre Eust\u00e1quio voltam \u00e0s aulas"}]},{"@type":"WebSite","@id":"https:\/\/www.padreeustaquio.com.br\/#website","url":"https:\/\/www.padreeustaquio.com.br\/","name":"FATHER EUST\u00c1QUIO","description":"Health and Peace","publisher":{"@id":"https:\/\/www.padreeustaquio.com.br\/#organization"},"potentialAction":[{"@type":"SearchAction","target":{"@type":"EntryPoint","urlTemplate":"https:\/\/www.padreeustaquio.com.br\/?s={search_term_string}"},"query-input":{"@type":"PropertyValueSpecification","valueRequired":true,"valueName":"search_term_string"}}],"inLanguage":"en-US"},{"@type":"Organization","@id":"https:\/\/www.padreeustaquio.com.br\/#organization","name":"FATHER EUST\u00c1QUIO","url":"https:\/\/www.padreeustaquio.com.br\/","logo":{"@type":"ImageObject","inLanguage":"en-US","@id":"https:\/\/www.padreeustaquio.com.br\/#\/schema\/logo\/image\/","url":"https:\/\/www.padreeustaquio.com.br\/wp-content\/uploads\/2019\/08\/marca.png","contentUrl":"https:\/\/www.padreeustaquio.com.br\/wp-content\/uploads\/2019\/08\/marca.png","width":350,"height":400,"caption":"Padre Eust\u00e1quio"},"image":{"@id":"https:\/\/www.padreeustaquio.com.br\/#\/schema\/logo\/image\/"},"sameAs":["https:\/\/www.facebook.com\/beatopadreeustaquio\/","https:\/\/x.com\/beatopeustaquio","https:\/\/www.instagram.com\/beatopadreeustaquio\/","https:\/\/www.youtube.com\/channel\/UCRhw7vfabnajwLxb1ZXMeIw"]},{"@type":"Person","@id":"https:\/\/www.padreeustaquio.com.br\/#\/schema\/person\/a2a51db1d00f1a7af0204a0f1ddb1566","name":"@sscc","image":{"@type":"ImageObject","inLanguage":"en-US","@id":"https:\/\/secure.gravatar.com\/avatar\/68cfafa5f44617fea54071e215026e0ff06be366c3d54a8425f04fdcb86f8c5f?s=96&d=mm&r=g","url":"https:\/\/secure.gravatar.com\/avatar\/68cfafa5f44617fea54071e215026e0ff06be366c3d54a8425f04fdcb86f8c5f?s=96&d=mm&r=g","contentUrl":"https:\/\/secure.gravatar.com\/avatar\/68cfafa5f44617fea54071e215026e0ff06be366c3d54a8425f04fdcb86f8c5f?s=96&d=mm&r=g","caption":"@sscc"},"url":"https:\/\/www.padreeustaquio.com.br\/en\/author\/sscc\/"}]}},"_links":{"self":[{"href":"https:\/\/www.padreeustaquio.com.br\/en\/wp-json\/wp\/v2\/posts\/9883","targetHints":{"allow":["GET"]}}],"collection":[{"href":"https:\/\/www.padreeustaquio.com.br\/en\/wp-json\/wp\/v2\/posts"}],"about":[{"href":"https:\/\/www.padreeustaquio.com.br\/en\/wp-json\/wp\/v2\/types\/post"}],"author":[{"embeddable":true,"href":"https:\/\/www.padreeustaquio.com.br\/en\/wp-json\/wp\/v2\/users\/2"}],"replies":[{"embeddable":true,"href":"https:\/\/www.padreeustaquio.com.br\/en\/wp-json\/wp\/v2\/comments?post=9883"}],"version-history":[{"count":0,"href":"https:\/\/www.padreeustaquio.com.br\/en\/wp-json\/wp\/v2\/posts\/9883\/revisions"}],"wp:featuredmedia":[{"embeddable":true,"href":"https:\/\/www.padreeustaquio.com.br\/en\/wp-json\/wp\/v2\/media\/9884"}],"wp:attachment":[{"href":"https:\/\/www.padreeustaquio.com.br\/en\/wp-json\/wp\/v2\/media?parent=9883"}],"wp:term":[{"taxonomy":"category","embeddable":true,"href":"https:\/\/www.padreeustaquio.com.br\/en\/wp-json\/wp\/v2\/categories?post=9883"},{"taxonomy":"post_tag","embeddable":true,"href":"https:\/\/www.padreeustaquio.com.br\/en\/wp-json\/wp\/v2\/tags?post=9883"}],"curies":[{"name":"wp","href":"https:\/\/api.w.org\/{rel}","templated":true}]}}