{"id":9877,"date":"2023-02-02T08:28:11","date_gmt":"2023-02-02T11:28:11","guid":{"rendered":"https:\/\/www.padreeustaquio.com.br\/?p=9877"},"modified":"2023-02-02T08:28:12","modified_gmt":"2023-02-02T11:28:12","slug":"the-traditional-coffee-break-at-the-sanctuary-will-once-again-be-held-on-sundays","status":"publish","type":"post","link":"https:\/\/www.padreeustaquio.com.br\/en\/the-traditional-coffee-break-at-the-sanctuary-will-once-again-be-held-on-sundays\/","title":{"rendered":"The traditional &quot;Cafezinho no Santu\u00e1rio&quot; (Little Coffee at the Sanctuary) will once again be held on Sundays."},"content":{"rendered":"<p>After a period of recess, the traditional Sunday coffee break, held at the Sanctuary of Health and Peace, Church of Blessed Father Eust\u00e1quio, is back. The return is scheduled for February 5th, next Sunday, and will be organized by Dona Vera&#039;s team, a parish volunteer who has a long tradition of organizing the coffee break.<\/p>\n\n\n\n<p>The traditional coffee served by pastoral groups raises money to help with social projects and church maintenance.<\/p>\n\n\n\n<p>The schedule is full until the end of May, but if you&#039;d like to help in any way, simply give your name at the Parish Office or bring some product, such as cake, pie, savory snacks, juice, or another item to be sold during coffee breaks. Another option is to contact a pastoral group or movement and find out what their needs are so you can also participate.<\/p>\n\n\n\n<p>The coffee break, besides generating income for the church, is a space for fellowship between parishioners and visitors. See the schedule so far:<br><br>05\/02 Vera and team<br>12\/02 EJC<br>19\/02 Catechesis<br>26\/02 Vocational Pastoral<br>05\/03 Confirmation<br>12\/03 Baptismal Ministry<br>19\/03 Family Ministry<br>26\/03 Ministers of the Eucharist<br>02\/04 ECC<br>09\/04 Apostleship of Prayer<br>16\/04 Ladies of Charity<br>23\/04 Vincentians<br>30\/04 Altar Servers<br>07\/05 ECC<br>14\/05 EJC<br>21\/05 Family Ministry<br>28\/05 Ministers of the Eucharist<\/p>\n\n\n\n<p><\/p>","protected":false},"excerpt":{"rendered":"<p>Depois de um per\u00edodo de recesso, o tradicional cafezinho de domingo, realizado no Santu\u00e1rio da Sa\u00fade e da Paz, Igreja do Beato Padre Eust\u00e1quio, volta a ser realizado. O retorno tem data marcada para dia 05 de fevereiro, pr\u00f3ximo domingo, e ser\u00e1 feito pela equipe da Dona Vera, uma volunt\u00e1ria paroquiana que j\u00e1 tem tradi\u00e7\u00e3o na realiza\u00e7\u00e3o do cafezinho. O tradicional caf\u00e9 servido por pastorais arrecada dinheiro para ajudar nos projetos sociais e na manuten\u00e7\u00e3o da igreja. At\u00e9 o final do m\u00eas de maio a escala j\u00e1 est\u00e1 completa, mas se voc\u00ea quiser ajudar em algo, basta dar o nome [&hellip;]<\/p>\n","protected":false},"author":2,"featured_media":9878,"comment_status":"open","ping_status":"closed","sticky":false,"template":"","format":"standard","meta":{"_acf_changed":false,"footnotes":""},"categories":[611],"tags":[],"class_list":["post-9877","post","type-post","status-publish","format-standard","has-post-thumbnail","hentry","category-noticias"],"acf":[],"yoast_head":"<!-- This site is optimized with the Yoast SEO plugin v27.2 - https:\/\/yoast.com\/product\/yoast-seo-wordpress\/ -->\n<title>Tradicional Cafezinho no Santu\u00e1rio volta ser realizado aos domingos<\/title>\n<meta name=\"description\" content=\"Depois de um per\u00edodo de recesso, o tradicional cafezinho de domingo, realizado no Santu\u00e1rio da Sa\u00fade e da Paz, Igreja do Beato Padre Eust\u00e1quio, volta a ser realizado. O retorno tem data marcada para dia 05 de fevereiro, pr\u00f3ximo domingo, e ser\u00e1 feito pela equipe da Dona Vera, uma volunt\u00e1ria paroquiana que j\u00e1 tem tradi\u00e7\u00e3o na realiza\u00e7\u00e3o do cafezinho.\" \/>\n<meta name=\"robots\" content=\"index, follow, max-snippet:-1, max-image-preview:large, max-video-preview:-1\" \/>\n<link rel=\"canonical\" href=\"https:\/\/www.padreeustaquio.com.br\/en\/the-traditional-coffee-break-at-the-sanctuary-will-once-again-be-held-on-sundays\/\" \/>\n<meta property=\"og:locale\" content=\"en_US\" \/>\n<meta property=\"og:type\" content=\"article\" \/>\n<meta property=\"og:title\" content=\"Tradicional Cafezinho no Santu\u00e1rio volta ser realizado aos domingos\" \/>\n<meta property=\"og:description\" content=\"Depois de um per\u00edodo de recesso, o tradicional cafezinho de domingo, realizado no Santu\u00e1rio da Sa\u00fade e da Paz, Igreja do Beato Padre Eust\u00e1quio, volta a ser realizado. O retorno tem data marcada para dia 05 de fevereiro, pr\u00f3ximo domingo, e ser\u00e1 feito pela equipe da Dona Vera, uma volunt\u00e1ria paroquiana que j\u00e1 tem tradi\u00e7\u00e3o na realiza\u00e7\u00e3o do cafezinho.\" \/>\n<meta property=\"og:url\" content=\"https:\/\/www.padreeustaquio.com.br\/en\/the-traditional-coffee-break-at-the-sanctuary-will-once-again-be-held-on-sundays\/\" \/>\n<meta property=\"og:site_name\" content=\"Padre Eust\u00e1quio\" \/>\n<meta property=\"article:publisher\" content=\"https:\/\/www.facebook.com\/beatopadreeustaquio\/\" \/>\n<meta property=\"article:published_time\" content=\"2023-02-02T11:28:11+00:00\" \/>\n<meta property=\"article:modified_time\" content=\"2023-02-02T11:28:12+00:00\" \/>\n<meta property=\"og:image\" content=\"https:\/\/www.padreeustaquio.com.br\/wp-content\/uploads\/2023\/02\/Cafezinho-na-igreja.jpeg\" \/>\n\t<meta property=\"og:image:width\" content=\"1280\" \/>\n\t<meta property=\"og:image:height\" content=\"720\" \/>\n\t<meta property=\"og:image:type\" content=\"image\/jpeg\" \/>\n<meta name=\"author\" content=\"@sscc\" \/>\n<meta name=\"twitter:card\" content=\"summary_large_image\" \/>\n<meta name=\"twitter:creator\" content=\"@beatopeustaquio\" \/>\n<meta name=\"twitter:site\" content=\"@beatopeustaquio\" \/>\n<meta name=\"twitter:label1\" content=\"Written by\" \/>\n\t<meta name=\"twitter:data1\" content=\"@sscc\" \/>\n\t<meta name=\"twitter:label2\" content=\"Est. reading time\" \/>\n\t<meta name=\"twitter:data2\" content=\"1 minute\" \/>\n<script type=\"application\/ld+json\" class=\"yoast-schema-graph\">{\"@context\":\"https:\/\/schema.org\",\"@graph\":[{\"@type\":\"Article\",\"@id\":\"https:\/\/www.padreeustaquio.com.br\/tradicional-cafezinho-no-santuario-volta-ser-realizado-aos-domingos\/#article\",\"isPartOf\":{\"@id\":\"https:\/\/www.padreeustaquio.com.br\/tradicional-cafezinho-no-santuario-volta-ser-realizado-aos-domingos\/\"},\"author\":{\"name\":\"@sscc\",\"@id\":\"https:\/\/www.padreeustaquio.com.br\/#\/schema\/person\/a2a51db1d00f1a7af0204a0f1ddb1566\"},\"headline\":\"Tradicional Cafezinho no Santu\u00e1rio volta ser realizado aos domingos\",\"datePublished\":\"2023-02-02T11:28:11+00:00\",\"dateModified\":\"2023-02-02T11:28:12+00:00\",\"mainEntityOfPage\":{\"@id\":\"https:\/\/www.padreeustaquio.com.br\/tradicional-cafezinho-no-santuario-volta-ser-realizado-aos-domingos\/\"},\"wordCount\":221,\"commentCount\":0,\"publisher\":{\"@id\":\"https:\/\/www.padreeustaquio.com.br\/#organization\"},\"image\":{\"@id\":\"https:\/\/www.padreeustaquio.com.br\/tradicional-cafezinho-no-santuario-volta-ser-realizado-aos-domingos\/#primaryimage\"},\"thumbnailUrl\":\"https:\/\/www.padreeustaquio.com.br\/wp-content\/uploads\/2023\/02\/Cafezinho-na-igreja.jpeg\",\"articleSection\":[\"Not\u00edcias\"],\"inLanguage\":\"en-US\",\"potentialAction\":[{\"@type\":\"CommentAction\",\"name\":\"Comment\",\"target\":[\"https:\/\/www.padreeustaquio.com.br\/tradicional-cafezinho-no-santuario-volta-ser-realizado-aos-domingos\/#respond\"]}]},{\"@type\":\"WebPage\",\"@id\":\"https:\/\/www.padreeustaquio.com.br\/tradicional-cafezinho-no-santuario-volta-ser-realizado-aos-domingos\/\",\"url\":\"https:\/\/www.padreeustaquio.com.br\/tradicional-cafezinho-no-santuario-volta-ser-realizado-aos-domingos\/\",\"name\":\"Tradicional Cafezinho no Santu\u00e1rio volta ser realizado aos domingos\",\"isPartOf\":{\"@id\":\"https:\/\/www.padreeustaquio.com.br\/#website\"},\"primaryImageOfPage\":{\"@id\":\"https:\/\/www.padreeustaquio.com.br\/tradicional-cafezinho-no-santuario-volta-ser-realizado-aos-domingos\/#primaryimage\"},\"image\":{\"@id\":\"https:\/\/www.padreeustaquio.com.br\/tradicional-cafezinho-no-santuario-volta-ser-realizado-aos-domingos\/#primaryimage\"},\"thumbnailUrl\":\"https:\/\/www.padreeustaquio.com.br\/wp-content\/uploads\/2023\/02\/Cafezinho-na-igreja.jpeg\",\"datePublished\":\"2023-02-02T11:28:11+00:00\",\"dateModified\":\"2023-02-02T11:28:12+00:00\",\"description\":\"Depois de um per\u00edodo de recesso, o tradicional cafezinho de domingo, realizado no Santu\u00e1rio da Sa\u00fade e da Paz, Igreja do Beato Padre Eust\u00e1quio, volta a ser realizado. O retorno tem data marcada para dia 05 de fevereiro, pr\u00f3ximo domingo, e ser\u00e1 feito pela equipe da Dona Vera, uma volunt\u00e1ria paroquiana que j\u00e1 tem tradi\u00e7\u00e3o na realiza\u00e7\u00e3o do cafezinho.\",\"breadcrumb\":{\"@id\":\"https:\/\/www.padreeustaquio.com.br\/tradicional-cafezinho-no-santuario-volta-ser-realizado-aos-domingos\/#breadcrumb\"},\"inLanguage\":\"en-US\",\"potentialAction\":[{\"@type\":\"ReadAction\",\"target\":[\"https:\/\/www.padreeustaquio.com.br\/tradicional-cafezinho-no-santuario-volta-ser-realizado-aos-domingos\/\"]}]},{\"@type\":\"ImageObject\",\"inLanguage\":\"en-US\",\"@id\":\"https:\/\/www.padreeustaquio.com.br\/tradicional-cafezinho-no-santuario-volta-ser-realizado-aos-domingos\/#primaryimage\",\"url\":\"https:\/\/www.padreeustaquio.com.br\/wp-content\/uploads\/2023\/02\/Cafezinho-na-igreja.jpeg\",\"contentUrl\":\"https:\/\/www.padreeustaquio.com.br\/wp-content\/uploads\/2023\/02\/Cafezinho-na-igreja.jpeg\",\"width\":1280,\"height\":720},{\"@type\":\"BreadcrumbList\",\"@id\":\"https:\/\/www.padreeustaquio.com.br\/tradicional-cafezinho-no-santuario-volta-ser-realizado-aos-domingos\/#breadcrumb\",\"itemListElement\":[{\"@type\":\"ListItem\",\"position\":1,\"name\":\"In\u00edcio\",\"item\":\"https:\/\/www.padreeustaquio.com.br\/\"},{\"@type\":\"ListItem\",\"position\":2,\"name\":\"Tradicional Cafezinho no Santu\u00e1rio volta ser realizado aos domingos\"}]},{\"@type\":\"WebSite\",\"@id\":\"https:\/\/www.padreeustaquio.com.br\/#website\",\"url\":\"https:\/\/www.padreeustaquio.com.br\/\",\"name\":\"Padre Eust\u00e1quio\",\"description\":\"Sa\u00fade e Paz\",\"publisher\":{\"@id\":\"https:\/\/www.padreeustaquio.com.br\/#organization\"},\"potentialAction\":[{\"@type\":\"SearchAction\",\"target\":{\"@type\":\"EntryPoint\",\"urlTemplate\":\"https:\/\/www.padreeustaquio.com.br\/?s={search_term_string}\"},\"query-input\":{\"@type\":\"PropertyValueSpecification\",\"valueRequired\":true,\"valueName\":\"search_term_string\"}}],\"inLanguage\":\"en-US\"},{\"@type\":\"Organization\",\"@id\":\"https:\/\/www.padreeustaquio.com.br\/#organization\",\"name\":\"Padre Eust\u00e1quio\",\"url\":\"https:\/\/www.padreeustaquio.com.br\/\",\"logo\":{\"@type\":\"ImageObject\",\"inLanguage\":\"en-US\",\"@id\":\"https:\/\/www.padreeustaquio.com.br\/#\/schema\/logo\/image\/\",\"url\":\"https:\/\/www.padreeustaquio.com.br\/wp-content\/uploads\/2019\/08\/marca.png\",\"contentUrl\":\"https:\/\/www.padreeustaquio.com.br\/wp-content\/uploads\/2019\/08\/marca.png\",\"width\":350,\"height\":400,\"caption\":\"Padre Eust\u00e1quio\"},\"image\":{\"@id\":\"https:\/\/www.padreeustaquio.com.br\/#\/schema\/logo\/image\/\"},\"sameAs\":[\"https:\/\/www.facebook.com\/beatopadreeustaquio\/\",\"https:\/\/x.com\/beatopeustaquio\",\"https:\/\/www.instagram.com\/beatopadreeustaquio\/\",\"https:\/\/www.youtube.com\/channel\/UCRhw7vfabnajwLxb1ZXMeIw\"]},{\"@type\":\"Person\",\"@id\":\"https:\/\/www.padreeustaquio.com.br\/#\/schema\/person\/a2a51db1d00f1a7af0204a0f1ddb1566\",\"name\":\"@sscc\",\"image\":{\"@type\":\"ImageObject\",\"inLanguage\":\"en-US\",\"@id\":\"https:\/\/secure.gravatar.com\/avatar\/68cfafa5f44617fea54071e215026e0ff06be366c3d54a8425f04fdcb86f8c5f?s=96&d=mm&r=g\",\"url\":\"https:\/\/secure.gravatar.com\/avatar\/68cfafa5f44617fea54071e215026e0ff06be366c3d54a8425f04fdcb86f8c5f?s=96&d=mm&r=g\",\"contentUrl\":\"https:\/\/secure.gravatar.com\/avatar\/68cfafa5f44617fea54071e215026e0ff06be366c3d54a8425f04fdcb86f8c5f?s=96&d=mm&r=g\",\"caption\":\"@sscc\"},\"url\":\"https:\/\/www.padreeustaquio.com.br\/en\/author\/sscc\/\"}]}<\/script>\n<!-- \/ Yoast SEO plugin. -->","yoast_head_json":{"title":"The traditional &quot;Cafezinho no Santu\u00e1rio&quot; (Little Coffee at the Sanctuary) will once again be held on Sundays.","description":"After a period of recess, the traditional Sunday coffee break, held at the Sanctuary of Health and Peace, Church of Blessed Father Eust\u00e1quio, is back. The return is scheduled for February 5th, next Sunday, and will be organized by Dona Vera&#039;s team, a parish volunteer who has a long tradition of organizing the coffee break.","robots":{"index":"index","follow":"follow","max-snippet":"max-snippet:-1","max-image-preview":"max-image-preview:large","max-video-preview":"max-video-preview:-1"},"canonical":"https:\/\/www.padreeustaquio.com.br\/en\/the-traditional-coffee-break-at-the-sanctuary-will-once-again-be-held-on-sundays\/","og_locale":"en_US","og_type":"article","og_title":"Tradicional Cafezinho no Santu\u00e1rio volta ser realizado aos domingos","og_description":"Depois de um per\u00edodo de recesso, o tradicional cafezinho de domingo, realizado no Santu\u00e1rio da Sa\u00fade e da Paz, Igreja do Beato Padre Eust\u00e1quio, volta a ser realizado. O retorno tem data marcada para dia 05 de fevereiro, pr\u00f3ximo domingo, e ser\u00e1 feito pela equipe da Dona Vera, uma volunt\u00e1ria paroquiana que j\u00e1 tem tradi\u00e7\u00e3o na realiza\u00e7\u00e3o do cafezinho.","og_url":"https:\/\/www.padreeustaquio.com.br\/en\/the-traditional-coffee-break-at-the-sanctuary-will-once-again-be-held-on-sundays\/","og_site_name":"Padre Eust\u00e1quio","article_publisher":"https:\/\/www.facebook.com\/beatopadreeustaquio\/","article_published_time":"2023-02-02T11:28:11+00:00","article_modified_time":"2023-02-02T11:28:12+00:00","og_image":[{"width":1280,"height":720,"url":"https:\/\/www.padreeustaquio.com.br\/wp-content\/uploads\/2023\/02\/Cafezinho-na-igreja.jpeg","type":"image\/jpeg"}],"author":"@sscc","twitter_card":"summary_large_image","twitter_creator":"@beatopeustaquio","twitter_site":"@beatopeustaquio","twitter_misc":{"Written by":"@sscc","Est. reading time":"1 minute"},"schema":{"@context":"https:\/\/schema.org","@graph":[{"@type":"Article","@id":"https:\/\/www.padreeustaquio.com.br\/tradicional-cafezinho-no-santuario-volta-ser-realizado-aos-domingos\/#article","isPartOf":{"@id":"https:\/\/www.padreeustaquio.com.br\/tradicional-cafezinho-no-santuario-volta-ser-realizado-aos-domingos\/"},"author":{"name":"@sscc","@id":"https:\/\/www.padreeustaquio.com.br\/#\/schema\/person\/a2a51db1d00f1a7af0204a0f1ddb1566"},"headline":"Tradicional Cafezinho no Santu\u00e1rio volta ser realizado aos domingos","datePublished":"2023-02-02T11:28:11+00:00","dateModified":"2023-02-02T11:28:12+00:00","mainEntityOfPage":{"@id":"https:\/\/www.padreeustaquio.com.br\/tradicional-cafezinho-no-santuario-volta-ser-realizado-aos-domingos\/"},"wordCount":221,"commentCount":0,"publisher":{"@id":"https:\/\/www.padreeustaquio.com.br\/#organization"},"image":{"@id":"https:\/\/www.padreeustaquio.com.br\/tradicional-cafezinho-no-santuario-volta-ser-realizado-aos-domingos\/#primaryimage"},"thumbnailUrl":"https:\/\/www.padreeustaquio.com.br\/wp-content\/uploads\/2023\/02\/Cafezinho-na-igreja.jpeg","articleSection":["Not\u00edcias"],"inLanguage":"en-US","potentialAction":[{"@type":"CommentAction","name":"Comment","target":["https:\/\/www.padreeustaquio.com.br\/tradicional-cafezinho-no-santuario-volta-ser-realizado-aos-domingos\/#respond"]}]},{"@type":"WebPage","@id":"https:\/\/www.padreeustaquio.com.br\/tradicional-cafezinho-no-santuario-volta-ser-realizado-aos-domingos\/","url":"https:\/\/www.padreeustaquio.com.br\/tradicional-cafezinho-no-santuario-volta-ser-realizado-aos-domingos\/","name":"The traditional &quot;Cafezinho no Santu\u00e1rio&quot; (Little Coffee at the Sanctuary) will once again be held on Sundays.","isPartOf":{"@id":"https:\/\/www.padreeustaquio.com.br\/#website"},"primaryImageOfPage":{"@id":"https:\/\/www.padreeustaquio.com.br\/tradicional-cafezinho-no-santuario-volta-ser-realizado-aos-domingos\/#primaryimage"},"image":{"@id":"https:\/\/www.padreeustaquio.com.br\/tradicional-cafezinho-no-santuario-volta-ser-realizado-aos-domingos\/#primaryimage"},"thumbnailUrl":"https:\/\/www.padreeustaquio.com.br\/wp-content\/uploads\/2023\/02\/Cafezinho-na-igreja.jpeg","datePublished":"2023-02-02T11:28:11+00:00","dateModified":"2023-02-02T11:28:12+00:00","description":"After a period of recess, the traditional Sunday coffee break, held at the Sanctuary of Health and Peace, Church of Blessed Father Eust\u00e1quio, is back. The return is scheduled for February 5th, next Sunday, and will be organized by Dona Vera&#039;s team, a parish volunteer who has a long tradition of organizing the coffee break.","breadcrumb":{"@id":"https:\/\/www.padreeustaquio.com.br\/tradicional-cafezinho-no-santuario-volta-ser-realizado-aos-domingos\/#breadcrumb"},"inLanguage":"en-US","potentialAction":[{"@type":"ReadAction","target":["https:\/\/www.padreeustaquio.com.br\/tradicional-cafezinho-no-santuario-volta-ser-realizado-aos-domingos\/"]}]},{"@type":"ImageObject","inLanguage":"en-US","@id":"https:\/\/www.padreeustaquio.com.br\/tradicional-cafezinho-no-santuario-volta-ser-realizado-aos-domingos\/#primaryimage","url":"https:\/\/www.padreeustaquio.com.br\/wp-content\/uploads\/2023\/02\/Cafezinho-na-igreja.jpeg","contentUrl":"https:\/\/www.padreeustaquio.com.br\/wp-content\/uploads\/2023\/02\/Cafezinho-na-igreja.jpeg","width":1280,"height":720},{"@type":"BreadcrumbList","@id":"https:\/\/www.padreeustaquio.com.br\/tradicional-cafezinho-no-santuario-volta-ser-realizado-aos-domingos\/#breadcrumb","itemListElement":[{"@type":"ListItem","position":1,"name":"In\u00edcio","item":"https:\/\/www.padreeustaquio.com.br\/"},{"@type":"ListItem","position":2,"name":"Tradicional Cafezinho no Santu\u00e1rio volta ser realizado aos domingos"}]},{"@type":"WebSite","@id":"https:\/\/www.padreeustaquio.com.br\/#website","url":"https:\/\/www.padreeustaquio.com.br\/","name":"FATHER EUST\u00c1QUIO","description":"Health and Peace","publisher":{"@id":"https:\/\/www.padreeustaquio.com.br\/#organization"},"potentialAction":[{"@type":"SearchAction","target":{"@type":"EntryPoint","urlTemplate":"https:\/\/www.padreeustaquio.com.br\/?s={search_term_string}"},"query-input":{"@type":"PropertyValueSpecification","valueRequired":true,"valueName":"search_term_string"}}],"inLanguage":"en-US"},{"@type":"Organization","@id":"https:\/\/www.padreeustaquio.com.br\/#organization","name":"FATHER EUST\u00c1QUIO","url":"https:\/\/www.padreeustaquio.com.br\/","logo":{"@type":"ImageObject","inLanguage":"en-US","@id":"https:\/\/www.padreeustaquio.com.br\/#\/schema\/logo\/image\/","url":"https:\/\/www.padreeustaquio.com.br\/wp-content\/uploads\/2019\/08\/marca.png","contentUrl":"https:\/\/www.padreeustaquio.com.br\/wp-content\/uploads\/2019\/08\/marca.png","width":350,"height":400,"caption":"Padre Eust\u00e1quio"},"image":{"@id":"https:\/\/www.padreeustaquio.com.br\/#\/schema\/logo\/image\/"},"sameAs":["https:\/\/www.facebook.com\/beatopadreeustaquio\/","https:\/\/x.com\/beatopeustaquio","https:\/\/www.instagram.com\/beatopadreeustaquio\/","https:\/\/www.youtube.com\/channel\/UCRhw7vfabnajwLxb1ZXMeIw"]},{"@type":"Person","@id":"https:\/\/www.padreeustaquio.com.br\/#\/schema\/person\/a2a51db1d00f1a7af0204a0f1ddb1566","name":"@sscc","image":{"@type":"ImageObject","inLanguage":"en-US","@id":"https:\/\/secure.gravatar.com\/avatar\/68cfafa5f44617fea54071e215026e0ff06be366c3d54a8425f04fdcb86f8c5f?s=96&d=mm&r=g","url":"https:\/\/secure.gravatar.com\/avatar\/68cfafa5f44617fea54071e215026e0ff06be366c3d54a8425f04fdcb86f8c5f?s=96&d=mm&r=g","contentUrl":"https:\/\/secure.gravatar.com\/avatar\/68cfafa5f44617fea54071e215026e0ff06be366c3d54a8425f04fdcb86f8c5f?s=96&d=mm&r=g","caption":"@sscc"},"url":"https:\/\/www.padreeustaquio.com.br\/en\/author\/sscc\/"}]}},"_links":{"self":[{"href":"https:\/\/www.padreeustaquio.com.br\/en\/wp-json\/wp\/v2\/posts\/9877","targetHints":{"allow":["GET"]}}],"collection":[{"href":"https:\/\/www.padreeustaquio.com.br\/en\/wp-json\/wp\/v2\/posts"}],"about":[{"href":"https:\/\/www.padreeustaquio.com.br\/en\/wp-json\/wp\/v2\/types\/post"}],"author":[{"embeddable":true,"href":"https:\/\/www.padreeustaquio.com.br\/en\/wp-json\/wp\/v2\/users\/2"}],"replies":[{"embeddable":true,"href":"https:\/\/www.padreeustaquio.com.br\/en\/wp-json\/wp\/v2\/comments?post=9877"}],"version-history":[{"count":0,"href":"https:\/\/www.padreeustaquio.com.br\/en\/wp-json\/wp\/v2\/posts\/9877\/revisions"}],"wp:featuredmedia":[{"embeddable":true,"href":"https:\/\/www.padreeustaquio.com.br\/en\/wp-json\/wp\/v2\/media\/9878"}],"wp:attachment":[{"href":"https:\/\/www.padreeustaquio.com.br\/en\/wp-json\/wp\/v2\/media?parent=9877"}],"wp:term":[{"taxonomy":"category","embeddable":true,"href":"https:\/\/www.padreeustaquio.com.br\/en\/wp-json\/wp\/v2\/categories?post=9877"},{"taxonomy":"post_tag","embeddable":true,"href":"https:\/\/www.padreeustaquio.com.br\/en\/wp-json\/wp\/v2\/tags?post=9877"}],"curies":[{"name":"wp","href":"https:\/\/api.w.org\/{rel}","templated":true}]}}