{"id":9873,"date":"2023-02-01T10:02:30","date_gmt":"2023-02-01T13:02:30","guid":{"rendered":"https:\/\/www.padreeustaquio.com.br\/?p=9873"},"modified":"2023-02-01T10:02:31","modified_gmt":"2023-02-01T13:02:31","slug":"devotees-from-near-and-far-participate-in-the-celebration-at-father-eustaquios-church","status":"publish","type":"post","link":"https:\/\/www.padreeustaquio.com.br\/en\/devotees-from-near-and-far-participate-in-the-celebration-at-father-eustaquios-church\/","title":{"rendered":"Devotees from near and far participate in the Celebration at the Church of Father Eust\u00e1quio."},"content":{"rendered":"<p>The Holy Mass opening the Jubilee of the 80th anniversary of Father Eust\u00e1quio&#039;s death, held this Tuesday, January 31st, brought together devotees from all over the country and even from outside Brazil, in a beautiful celebration. The ceremony was attended by thousands of people and received national media coverage.<\/p>\n\n\n\n<p>During the celebration, the rector of the Sanctuary and head of the Cause for Canonization, Fr. Vin\u00edcius Maciel, SSCC, recalled the journey of Father Eust\u00e1quio from his birth in the Netherlands, through Brazilian cities, to discuss his Beatification and the Canonization process. The box containing the Sacred Relics can also be venerated during and after Holy Mass.<\/p>\n\n\n<div class=\"wp-block-image\">\n<figure class=\"alignleft size-medium is-resized\"><img fetchpriority=\"high\" decoding=\"async\" src=\"https:\/\/www.padreeustaquio.com.br\/wp-content\/uploads\/2023\/02\/missa-evangelizar-80-anos-300x225.jpeg\" alt=\"\" class=\"wp-image-9875\" width=\"361\" height=\"271\" srcset=\"https:\/\/www.padreeustaquio.com.br\/wp-content\/uploads\/2023\/02\/missa-evangelizar-80-anos-300x225.jpeg 300w, https:\/\/www.padreeustaquio.com.br\/wp-content\/uploads\/2023\/02\/missa-evangelizar-80-anos-1024x768.jpeg 1024w, https:\/\/www.padreeustaquio.com.br\/wp-content\/uploads\/2023\/02\/missa-evangelizar-80-anos-768x576.jpeg 768w, https:\/\/www.padreeustaquio.com.br\/wp-content\/uploads\/2023\/02\/missa-evangelizar-80-anos-1536x1152.jpeg 1536w, https:\/\/www.padreeustaquio.com.br\/wp-content\/uploads\/2023\/02\/missa-evangelizar-80-anos-180x135.jpeg 180w, https:\/\/www.padreeustaquio.com.br\/wp-content\/uploads\/2023\/02\/missa-evangelizar-80-anos-400x300.jpeg 400w, https:\/\/www.padreeustaquio.com.br\/wp-content\/uploads\/2023\/02\/missa-evangelizar-80-anos-600x450.jpeg 600w, https:\/\/www.padreeustaquio.com.br\/wp-content\/uploads\/2023\/02\/missa-evangelizar-80-anos-800x600.jpeg 800w, https:\/\/www.padreeustaquio.com.br\/wp-content\/uploads\/2023\/02\/missa-evangelizar-80-anos-1200x900.jpeg 1200w, https:\/\/www.padreeustaquio.com.br\/wp-content\/uploads\/2023\/02\/missa-evangelizar-80-anos.jpeg 1600w\" sizes=\"(max-width: 361px) 100vw, 361px\" \/><\/figure>\n<\/div>\n\n\n<p>The celebration was broadcast on YouTube on the Padre Eust\u00e1quio Channel and on the TV Evangelizar Channel (<a href=\"https:\/\/www.youtube.com\/watch?v=eloPf5abOUU\" target=\"_blank\" rel=\"noreferrer noopener\">REVIEW HERE<\/a>The Eucharist was also broadcast on free-to-air television throughout the country, via TV Evangelizar, owned by Father Reginaldo Manzotti. Through this means of communication, the Word of God and the message of Health and Peace reached 2,170 Brazilian cities, including 19 state capitals, with the potential to reach more than 4 million people.<\/p>\n\n\n\n<p> The Holy Mass also received coverage in other media outlets. The Estado de Minas newspaper published extensive material about the celebration (<a href=\"https:\/\/www.em.com.br\/app\/noticia\/gerais\/2023\/01\/31\/interna_gerais,1451512\/bh-celebracoes-em-homenagem-a-padre-eustaquio-vao-ate-2025.shtml\" target=\"_blank\" rel=\"noreferrer noopener\">READ HERE<\/a>Radio Itatiaia dedicated part of its &quot;Plant\u00e3o da Cidade&quot; program to an interview with Father Vin\u00edcius about the celebrations.<a href=\"https:\/\/www.youtube.com\/watch?v=AvJsavhsn8g\" target=\"_blank\" rel=\"noreferrer noopener\">SEE HERE<\/a>The Archdiocese of Belo Horizonte&#039;s website also highlighted the celebration throughout the day (<a href=\"https:\/\/arquidiocesebh.org.br\/noticias\/fieis-homenageiam-padre-eustaquio-recordando-os-80-anos-de-seu-falecimento\/\" target=\"_blank\" rel=\"noreferrer noopener\">READ HERE<\/a>The website of the Padre Eust\u00e1quio newspaper, in addition to covering the Holy Mass, also highlighted the festive program and the presence of the relics (<a href=\"https:\/\/www.jornaldopadreeustaquio.com.br\/igreja-padre-eustaquio-da-inicio-as-homenagens-em-memoria-dos-80-anos-da-morte-do-beato\/\" target=\"_blank\" rel=\"noreferrer noopener\">SEE HERE<\/a>TV Horizonte was also present at the Eucharistic Celebration and produced a report that will be broadcast today at 12:30 pm on Horizonte Not\u00edcia.<\/p>\n\n\n\n<p><\/p>","protected":false},"excerpt":{"rendered":"<p>A Santa Missa de abertura do Jubileu dos 80 anos da morte de Padre Eust\u00e1quio, realizada nessa ter\u00e7a-feira, dia 31 de janeiro, reuniu devotos de todo o pa\u00eds e at\u00e9 fora do Brasil, numa bonita celebra\u00e7\u00e3o. A cerim\u00f4nia foi acompanhada por milhares de pessoas e repercutiu na m\u00eddia nacional. Durante a celebra\u00e7\u00e3o, o reitor do Santu\u00e1rio e respons\u00e1vel pela Causa de Canoniza\u00e7\u00e3o, Pe. Vin\u00edcius Maciel, SSCC, relembrou a trajet\u00f3ria de Padre Eust\u00e1quio desde o nascimento do Beato na Holanda, passando pelas cidades brasileiras, at\u00e9 falar sobre a Beatifica\u00e7\u00e3o e o processo de Canoniza\u00e7\u00e3o. A caixa com as Sagradas Rel\u00edquias tamb\u00e9m [&hellip;]<\/p>\n","protected":false},"author":2,"featured_media":9874,"comment_status":"open","ping_status":"closed","sticky":false,"template":"","format":"standard","meta":{"_acf_changed":false,"footnotes":""},"categories":[611],"tags":[],"class_list":["post-9873","post","type-post","status-publish","format-standard","has-post-thumbnail","hentry","category-noticias"],"acf":[],"yoast_head":"<!-- This site is optimized with the Yoast SEO plugin v27.2 - https:\/\/yoast.com\/product\/yoast-seo-wordpress\/ -->\n<title>De perto e de longe devotos participam de Celebra\u00e7\u00e3o na Igreja do Padre Eust\u00e1quio<\/title>\n<meta name=\"description\" content=\"A Santa Missa de abertura do Jubileu dos 80 anos da morte de Padre Eust\u00e1quio, realizada nessa ter\u00e7a-feira, dia 31 de janeiro, reuniu devotos de todo o pa\u00eds e at\u00e9 fora do Brasil, numa bonita celebra\u00e7\u00e3o. A cerim\u00f4nia foi acompanhada por milhares de pessoas e repercutiu na m\u00eddia nacional.\" \/>\n<meta name=\"robots\" content=\"index, follow, max-snippet:-1, max-image-preview:large, max-video-preview:-1\" \/>\n<link rel=\"canonical\" href=\"https:\/\/www.padreeustaquio.com.br\/en\/devotees-from-near-and-far-participate-in-the-celebration-at-father-eustaquios-church\/\" \/>\n<meta property=\"og:locale\" content=\"en_US\" \/>\n<meta property=\"og:type\" content=\"article\" \/>\n<meta property=\"og:title\" content=\"De perto e de longe devotos participam de Celebra\u00e7\u00e3o na Igreja do Padre Eust\u00e1quio\" \/>\n<meta property=\"og:description\" content=\"A Santa Missa de abertura do Jubileu dos 80 anos da morte de Padre Eust\u00e1quio, realizada nessa ter\u00e7a-feira, dia 31 de janeiro, reuniu devotos de todo o pa\u00eds e at\u00e9 fora do Brasil, numa bonita celebra\u00e7\u00e3o. A cerim\u00f4nia foi acompanhada por milhares de pessoas e repercutiu na m\u00eddia nacional.\" \/>\n<meta property=\"og:url\" content=\"https:\/\/www.padreeustaquio.com.br\/en\/devotees-from-near-and-far-participate-in-the-celebration-at-father-eustaquios-church\/\" \/>\n<meta property=\"og:site_name\" content=\"Padre Eust\u00e1quio\" \/>\n<meta property=\"article:publisher\" content=\"https:\/\/www.facebook.com\/beatopadreeustaquio\/\" \/>\n<meta property=\"article:published_time\" content=\"2023-02-01T13:02:30+00:00\" \/>\n<meta property=\"article:modified_time\" content=\"2023-02-01T13:02:31+00:00\" \/>\n<meta property=\"og:image\" content=\"https:\/\/www.padreeustaquio.com.br\/wp-content\/uploads\/2023\/02\/missa-tv-evangelizar.jpeg\" \/>\n\t<meta property=\"og:image:width\" content=\"1600\" \/>\n\t<meta property=\"og:image:height\" content=\"1200\" \/>\n\t<meta property=\"og:image:type\" content=\"image\/jpeg\" \/>\n<meta name=\"author\" content=\"@sscc\" \/>\n<meta name=\"twitter:card\" content=\"summary_large_image\" \/>\n<meta name=\"twitter:creator\" content=\"@beatopeustaquio\" \/>\n<meta name=\"twitter:site\" content=\"@beatopeustaquio\" \/>\n<meta name=\"twitter:label1\" content=\"Written by\" \/>\n\t<meta name=\"twitter:data1\" content=\"@sscc\" \/>\n\t<meta name=\"twitter:label2\" content=\"Est. reading time\" \/>\n\t<meta name=\"twitter:data2\" content=\"2 minutes\" \/>\n<script type=\"application\/ld+json\" class=\"yoast-schema-graph\">{\"@context\":\"https:\/\/schema.org\",\"@graph\":[{\"@type\":\"Article\",\"@id\":\"https:\/\/www.padreeustaquio.com.br\/de-perto-e-de-longe-devotos-participam-de-celebracao-na-igreja-do-padre-eustaquio\/#article\",\"isPartOf\":{\"@id\":\"https:\/\/www.padreeustaquio.com.br\/de-perto-e-de-longe-devotos-participam-de-celebracao-na-igreja-do-padre-eustaquio\/\"},\"author\":{\"name\":\"@sscc\",\"@id\":\"https:\/\/www.padreeustaquio.com.br\/#\/schema\/person\/a2a51db1d00f1a7af0204a0f1ddb1566\"},\"headline\":\"De perto e de longe devotos participam de Celebra\u00e7\u00e3o na Igreja do Padre Eust\u00e1quio\",\"datePublished\":\"2023-02-01T13:02:30+00:00\",\"dateModified\":\"2023-02-01T13:02:31+00:00\",\"mainEntityOfPage\":{\"@id\":\"https:\/\/www.padreeustaquio.com.br\/de-perto-e-de-longe-devotos-participam-de-celebracao-na-igreja-do-padre-eustaquio\/\"},\"wordCount\":355,\"commentCount\":0,\"publisher\":{\"@id\":\"https:\/\/www.padreeustaquio.com.br\/#organization\"},\"image\":{\"@id\":\"https:\/\/www.padreeustaquio.com.br\/de-perto-e-de-longe-devotos-participam-de-celebracao-na-igreja-do-padre-eustaquio\/#primaryimage\"},\"thumbnailUrl\":\"https:\/\/www.padreeustaquio.com.br\/wp-content\/uploads\/2023\/02\/missa-tv-evangelizar.jpeg\",\"articleSection\":[\"Not\u00edcias\"],\"inLanguage\":\"en-US\",\"potentialAction\":[{\"@type\":\"CommentAction\",\"name\":\"Comment\",\"target\":[\"https:\/\/www.padreeustaquio.com.br\/de-perto-e-de-longe-devotos-participam-de-celebracao-na-igreja-do-padre-eustaquio\/#respond\"]}]},{\"@type\":\"WebPage\",\"@id\":\"https:\/\/www.padreeustaquio.com.br\/de-perto-e-de-longe-devotos-participam-de-celebracao-na-igreja-do-padre-eustaquio\/\",\"url\":\"https:\/\/www.padreeustaquio.com.br\/de-perto-e-de-longe-devotos-participam-de-celebracao-na-igreja-do-padre-eustaquio\/\",\"name\":\"De perto e de longe devotos participam de Celebra\u00e7\u00e3o na Igreja do Padre Eust\u00e1quio\",\"isPartOf\":{\"@id\":\"https:\/\/www.padreeustaquio.com.br\/#website\"},\"primaryImageOfPage\":{\"@id\":\"https:\/\/www.padreeustaquio.com.br\/de-perto-e-de-longe-devotos-participam-de-celebracao-na-igreja-do-padre-eustaquio\/#primaryimage\"},\"image\":{\"@id\":\"https:\/\/www.padreeustaquio.com.br\/de-perto-e-de-longe-devotos-participam-de-celebracao-na-igreja-do-padre-eustaquio\/#primaryimage\"},\"thumbnailUrl\":\"https:\/\/www.padreeustaquio.com.br\/wp-content\/uploads\/2023\/02\/missa-tv-evangelizar.jpeg\",\"datePublished\":\"2023-02-01T13:02:30+00:00\",\"dateModified\":\"2023-02-01T13:02:31+00:00\",\"description\":\"A Santa Missa de abertura do Jubileu dos 80 anos da morte de Padre Eust\u00e1quio, realizada nessa ter\u00e7a-feira, dia 31 de janeiro, reuniu devotos de todo o pa\u00eds e at\u00e9 fora do Brasil, numa bonita celebra\u00e7\u00e3o. A cerim\u00f4nia foi acompanhada por milhares de pessoas e repercutiu na m\u00eddia nacional.\",\"breadcrumb\":{\"@id\":\"https:\/\/www.padreeustaquio.com.br\/de-perto-e-de-longe-devotos-participam-de-celebracao-na-igreja-do-padre-eustaquio\/#breadcrumb\"},\"inLanguage\":\"en-US\",\"potentialAction\":[{\"@type\":\"ReadAction\",\"target\":[\"https:\/\/www.padreeustaquio.com.br\/de-perto-e-de-longe-devotos-participam-de-celebracao-na-igreja-do-padre-eustaquio\/\"]}]},{\"@type\":\"ImageObject\",\"inLanguage\":\"en-US\",\"@id\":\"https:\/\/www.padreeustaquio.com.br\/de-perto-e-de-longe-devotos-participam-de-celebracao-na-igreja-do-padre-eustaquio\/#primaryimage\",\"url\":\"https:\/\/www.padreeustaquio.com.br\/wp-content\/uploads\/2023\/02\/missa-tv-evangelizar.jpeg\",\"contentUrl\":\"https:\/\/www.padreeustaquio.com.br\/wp-content\/uploads\/2023\/02\/missa-tv-evangelizar.jpeg\",\"width\":1600,\"height\":1200},{\"@type\":\"BreadcrumbList\",\"@id\":\"https:\/\/www.padreeustaquio.com.br\/de-perto-e-de-longe-devotos-participam-de-celebracao-na-igreja-do-padre-eustaquio\/#breadcrumb\",\"itemListElement\":[{\"@type\":\"ListItem\",\"position\":1,\"name\":\"In\u00edcio\",\"item\":\"https:\/\/www.padreeustaquio.com.br\/\"},{\"@type\":\"ListItem\",\"position\":2,\"name\":\"De perto e de longe devotos participam de Celebra\u00e7\u00e3o na Igreja do Padre Eust\u00e1quio\"}]},{\"@type\":\"WebSite\",\"@id\":\"https:\/\/www.padreeustaquio.com.br\/#website\",\"url\":\"https:\/\/www.padreeustaquio.com.br\/\",\"name\":\"Padre Eust\u00e1quio\",\"description\":\"Sa\u00fade e Paz\",\"publisher\":{\"@id\":\"https:\/\/www.padreeustaquio.com.br\/#organization\"},\"potentialAction\":[{\"@type\":\"SearchAction\",\"target\":{\"@type\":\"EntryPoint\",\"urlTemplate\":\"https:\/\/www.padreeustaquio.com.br\/?s={search_term_string}\"},\"query-input\":{\"@type\":\"PropertyValueSpecification\",\"valueRequired\":true,\"valueName\":\"search_term_string\"}}],\"inLanguage\":\"en-US\"},{\"@type\":\"Organization\",\"@id\":\"https:\/\/www.padreeustaquio.com.br\/#organization\",\"name\":\"Padre Eust\u00e1quio\",\"url\":\"https:\/\/www.padreeustaquio.com.br\/\",\"logo\":{\"@type\":\"ImageObject\",\"inLanguage\":\"en-US\",\"@id\":\"https:\/\/www.padreeustaquio.com.br\/#\/schema\/logo\/image\/\",\"url\":\"https:\/\/www.padreeustaquio.com.br\/wp-content\/uploads\/2019\/08\/marca.png\",\"contentUrl\":\"https:\/\/www.padreeustaquio.com.br\/wp-content\/uploads\/2019\/08\/marca.png\",\"width\":350,\"height\":400,\"caption\":\"Padre Eust\u00e1quio\"},\"image\":{\"@id\":\"https:\/\/www.padreeustaquio.com.br\/#\/schema\/logo\/image\/\"},\"sameAs\":[\"https:\/\/www.facebook.com\/beatopadreeustaquio\/\",\"https:\/\/x.com\/beatopeustaquio\",\"https:\/\/www.instagram.com\/beatopadreeustaquio\/\",\"https:\/\/www.youtube.com\/channel\/UCRhw7vfabnajwLxb1ZXMeIw\"]},{\"@type\":\"Person\",\"@id\":\"https:\/\/www.padreeustaquio.com.br\/#\/schema\/person\/a2a51db1d00f1a7af0204a0f1ddb1566\",\"name\":\"@sscc\",\"image\":{\"@type\":\"ImageObject\",\"inLanguage\":\"en-US\",\"@id\":\"https:\/\/secure.gravatar.com\/avatar\/68cfafa5f44617fea54071e215026e0ff06be366c3d54a8425f04fdcb86f8c5f?s=96&d=mm&r=g\",\"url\":\"https:\/\/secure.gravatar.com\/avatar\/68cfafa5f44617fea54071e215026e0ff06be366c3d54a8425f04fdcb86f8c5f?s=96&d=mm&r=g\",\"contentUrl\":\"https:\/\/secure.gravatar.com\/avatar\/68cfafa5f44617fea54071e215026e0ff06be366c3d54a8425f04fdcb86f8c5f?s=96&d=mm&r=g\",\"caption\":\"@sscc\"},\"url\":\"https:\/\/www.padreeustaquio.com.br\/en\/author\/sscc\/\"}]}<\/script>\n<!-- \/ Yoast SEO plugin. -->","yoast_head_json":{"title":"Devotees from near and far participate in the Celebration at the Church of Father Eust\u00e1quio.","description":"The Holy Mass opening the Jubilee of the 80th anniversary of Father Eust\u00e1quio&#039;s death, held this Tuesday, January 31st, brought together devotees from all over the country and even from outside Brazil, in a beautiful celebration. The ceremony was attended by thousands of people and received national media coverage.","robots":{"index":"index","follow":"follow","max-snippet":"max-snippet:-1","max-image-preview":"max-image-preview:large","max-video-preview":"max-video-preview:-1"},"canonical":"https:\/\/www.padreeustaquio.com.br\/en\/devotees-from-near-and-far-participate-in-the-celebration-at-father-eustaquios-church\/","og_locale":"en_US","og_type":"article","og_title":"De perto e de longe devotos participam de Celebra\u00e7\u00e3o na Igreja do Padre Eust\u00e1quio","og_description":"A Santa Missa de abertura do Jubileu dos 80 anos da morte de Padre Eust\u00e1quio, realizada nessa ter\u00e7a-feira, dia 31 de janeiro, reuniu devotos de todo o pa\u00eds e at\u00e9 fora do Brasil, numa bonita celebra\u00e7\u00e3o. A cerim\u00f4nia foi acompanhada por milhares de pessoas e repercutiu na m\u00eddia nacional.","og_url":"https:\/\/www.padreeustaquio.com.br\/en\/devotees-from-near-and-far-participate-in-the-celebration-at-father-eustaquios-church\/","og_site_name":"Padre Eust\u00e1quio","article_publisher":"https:\/\/www.facebook.com\/beatopadreeustaquio\/","article_published_time":"2023-02-01T13:02:30+00:00","article_modified_time":"2023-02-01T13:02:31+00:00","og_image":[{"width":1600,"height":1200,"url":"https:\/\/www.padreeustaquio.com.br\/wp-content\/uploads\/2023\/02\/missa-tv-evangelizar.jpeg","type":"image\/jpeg"}],"author":"@sscc","twitter_card":"summary_large_image","twitter_creator":"@beatopeustaquio","twitter_site":"@beatopeustaquio","twitter_misc":{"Written by":"@sscc","Est. reading time":"2 minutes"},"schema":{"@context":"https:\/\/schema.org","@graph":[{"@type":"Article","@id":"https:\/\/www.padreeustaquio.com.br\/de-perto-e-de-longe-devotos-participam-de-celebracao-na-igreja-do-padre-eustaquio\/#article","isPartOf":{"@id":"https:\/\/www.padreeustaquio.com.br\/de-perto-e-de-longe-devotos-participam-de-celebracao-na-igreja-do-padre-eustaquio\/"},"author":{"name":"@sscc","@id":"https:\/\/www.padreeustaquio.com.br\/#\/schema\/person\/a2a51db1d00f1a7af0204a0f1ddb1566"},"headline":"De perto e de longe devotos participam de Celebra\u00e7\u00e3o na Igreja do Padre Eust\u00e1quio","datePublished":"2023-02-01T13:02:30+00:00","dateModified":"2023-02-01T13:02:31+00:00","mainEntityOfPage":{"@id":"https:\/\/www.padreeustaquio.com.br\/de-perto-e-de-longe-devotos-participam-de-celebracao-na-igreja-do-padre-eustaquio\/"},"wordCount":355,"commentCount":0,"publisher":{"@id":"https:\/\/www.padreeustaquio.com.br\/#organization"},"image":{"@id":"https:\/\/www.padreeustaquio.com.br\/de-perto-e-de-longe-devotos-participam-de-celebracao-na-igreja-do-padre-eustaquio\/#primaryimage"},"thumbnailUrl":"https:\/\/www.padreeustaquio.com.br\/wp-content\/uploads\/2023\/02\/missa-tv-evangelizar.jpeg","articleSection":["Not\u00edcias"],"inLanguage":"en-US","potentialAction":[{"@type":"CommentAction","name":"Comment","target":["https:\/\/www.padreeustaquio.com.br\/de-perto-e-de-longe-devotos-participam-de-celebracao-na-igreja-do-padre-eustaquio\/#respond"]}]},{"@type":"WebPage","@id":"https:\/\/www.padreeustaquio.com.br\/de-perto-e-de-longe-devotos-participam-de-celebracao-na-igreja-do-padre-eustaquio\/","url":"https:\/\/www.padreeustaquio.com.br\/de-perto-e-de-longe-devotos-participam-de-celebracao-na-igreja-do-padre-eustaquio\/","name":"Devotees from near and far participate in the Celebration at the Church of Father Eust\u00e1quio.","isPartOf":{"@id":"https:\/\/www.padreeustaquio.com.br\/#website"},"primaryImageOfPage":{"@id":"https:\/\/www.padreeustaquio.com.br\/de-perto-e-de-longe-devotos-participam-de-celebracao-na-igreja-do-padre-eustaquio\/#primaryimage"},"image":{"@id":"https:\/\/www.padreeustaquio.com.br\/de-perto-e-de-longe-devotos-participam-de-celebracao-na-igreja-do-padre-eustaquio\/#primaryimage"},"thumbnailUrl":"https:\/\/www.padreeustaquio.com.br\/wp-content\/uploads\/2023\/02\/missa-tv-evangelizar.jpeg","datePublished":"2023-02-01T13:02:30+00:00","dateModified":"2023-02-01T13:02:31+00:00","description":"The Holy Mass opening the Jubilee of the 80th anniversary of Father Eust\u00e1quio&#039;s death, held this Tuesday, January 31st, brought together devotees from all over the country and even from outside Brazil, in a beautiful celebration. The ceremony was attended by thousands of people and received national media coverage.","breadcrumb":{"@id":"https:\/\/www.padreeustaquio.com.br\/de-perto-e-de-longe-devotos-participam-de-celebracao-na-igreja-do-padre-eustaquio\/#breadcrumb"},"inLanguage":"en-US","potentialAction":[{"@type":"ReadAction","target":["https:\/\/www.padreeustaquio.com.br\/de-perto-e-de-longe-devotos-participam-de-celebracao-na-igreja-do-padre-eustaquio\/"]}]},{"@type":"ImageObject","inLanguage":"en-US","@id":"https:\/\/www.padreeustaquio.com.br\/de-perto-e-de-longe-devotos-participam-de-celebracao-na-igreja-do-padre-eustaquio\/#primaryimage","url":"https:\/\/www.padreeustaquio.com.br\/wp-content\/uploads\/2023\/02\/missa-tv-evangelizar.jpeg","contentUrl":"https:\/\/www.padreeustaquio.com.br\/wp-content\/uploads\/2023\/02\/missa-tv-evangelizar.jpeg","width":1600,"height":1200},{"@type":"BreadcrumbList","@id":"https:\/\/www.padreeustaquio.com.br\/de-perto-e-de-longe-devotos-participam-de-celebracao-na-igreja-do-padre-eustaquio\/#breadcrumb","itemListElement":[{"@type":"ListItem","position":1,"name":"In\u00edcio","item":"https:\/\/www.padreeustaquio.com.br\/"},{"@type":"ListItem","position":2,"name":"De perto e de longe devotos participam de Celebra\u00e7\u00e3o na Igreja do Padre Eust\u00e1quio"}]},{"@type":"WebSite","@id":"https:\/\/www.padreeustaquio.com.br\/#website","url":"https:\/\/www.padreeustaquio.com.br\/","name":"FATHER EUST\u00c1QUIO","description":"Health and Peace","publisher":{"@id":"https:\/\/www.padreeustaquio.com.br\/#organization"},"potentialAction":[{"@type":"SearchAction","target":{"@type":"EntryPoint","urlTemplate":"https:\/\/www.padreeustaquio.com.br\/?s={search_term_string}"},"query-input":{"@type":"PropertyValueSpecification","valueRequired":true,"valueName":"search_term_string"}}],"inLanguage":"en-US"},{"@type":"Organization","@id":"https:\/\/www.padreeustaquio.com.br\/#organization","name":"FATHER EUST\u00c1QUIO","url":"https:\/\/www.padreeustaquio.com.br\/","logo":{"@type":"ImageObject","inLanguage":"en-US","@id":"https:\/\/www.padreeustaquio.com.br\/#\/schema\/logo\/image\/","url":"https:\/\/www.padreeustaquio.com.br\/wp-content\/uploads\/2019\/08\/marca.png","contentUrl":"https:\/\/www.padreeustaquio.com.br\/wp-content\/uploads\/2019\/08\/marca.png","width":350,"height":400,"caption":"Padre Eust\u00e1quio"},"image":{"@id":"https:\/\/www.padreeustaquio.com.br\/#\/schema\/logo\/image\/"},"sameAs":["https:\/\/www.facebook.com\/beatopadreeustaquio\/","https:\/\/x.com\/beatopeustaquio","https:\/\/www.instagram.com\/beatopadreeustaquio\/","https:\/\/www.youtube.com\/channel\/UCRhw7vfabnajwLxb1ZXMeIw"]},{"@type":"Person","@id":"https:\/\/www.padreeustaquio.com.br\/#\/schema\/person\/a2a51db1d00f1a7af0204a0f1ddb1566","name":"@sscc","image":{"@type":"ImageObject","inLanguage":"en-US","@id":"https:\/\/secure.gravatar.com\/avatar\/68cfafa5f44617fea54071e215026e0ff06be366c3d54a8425f04fdcb86f8c5f?s=96&d=mm&r=g","url":"https:\/\/secure.gravatar.com\/avatar\/68cfafa5f44617fea54071e215026e0ff06be366c3d54a8425f04fdcb86f8c5f?s=96&d=mm&r=g","contentUrl":"https:\/\/secure.gravatar.com\/avatar\/68cfafa5f44617fea54071e215026e0ff06be366c3d54a8425f04fdcb86f8c5f?s=96&d=mm&r=g","caption":"@sscc"},"url":"https:\/\/www.padreeustaquio.com.br\/en\/author\/sscc\/"}]}},"_links":{"self":[{"href":"https:\/\/www.padreeustaquio.com.br\/en\/wp-json\/wp\/v2\/posts\/9873","targetHints":{"allow":["GET"]}}],"collection":[{"href":"https:\/\/www.padreeustaquio.com.br\/en\/wp-json\/wp\/v2\/posts"}],"about":[{"href":"https:\/\/www.padreeustaquio.com.br\/en\/wp-json\/wp\/v2\/types\/post"}],"author":[{"embeddable":true,"href":"https:\/\/www.padreeustaquio.com.br\/en\/wp-json\/wp\/v2\/users\/2"}],"replies":[{"embeddable":true,"href":"https:\/\/www.padreeustaquio.com.br\/en\/wp-json\/wp\/v2\/comments?post=9873"}],"version-history":[{"count":0,"href":"https:\/\/www.padreeustaquio.com.br\/en\/wp-json\/wp\/v2\/posts\/9873\/revisions"}],"wp:featuredmedia":[{"embeddable":true,"href":"https:\/\/www.padreeustaquio.com.br\/en\/wp-json\/wp\/v2\/media\/9874"}],"wp:attachment":[{"href":"https:\/\/www.padreeustaquio.com.br\/en\/wp-json\/wp\/v2\/media?parent=9873"}],"wp:term":[{"taxonomy":"category","embeddable":true,"href":"https:\/\/www.padreeustaquio.com.br\/en\/wp-json\/wp\/v2\/categories?post=9873"},{"taxonomy":"post_tag","embeddable":true,"href":"https:\/\/www.padreeustaquio.com.br\/en\/wp-json\/wp\/v2\/tags?post=9873"}],"curies":[{"name":"wp","href":"https:\/\/api.w.org\/{rel}","templated":true}]}}