{"id":9868,"date":"2023-01-31T07:38:45","date_gmt":"2023-01-31T10:38:45","guid":{"rendered":"https:\/\/www.padreeustaquio.com.br\/?p=9868"},"modified":"2023-01-31T07:38:46","modified_gmt":"2023-01-31T10:38:46","slug":"tv-evangelizar-will-broadcast-today-the-opening-mass-for-the-80th-anniversary-of-the-death-of-father-eustaquio","status":"publish","type":"post","link":"https:\/\/www.padreeustaquio.com.br\/en\/tv-evangelizar-will-broadcast-today-the-opening-mass-for-the-80th-anniversary-of-the-death-of-father-eustaquio\/","title":{"rendered":"TV Evangelizar broadcasts today the opening mass for the 80th anniversary of the death of Father Eust\u00e1quio."},"content":{"rendered":"<p>A <a href=\"https:\/\/www.padrereginaldomanzotti.org.br\/rec\/tv-evangelizar\/\" target=\"_blank\" rel=\"noreferrer noopener\">Evangelize TV<\/a>, The Catholic Church, based in Curitiba-PR, will broadcast the opening Mass of the Jubilee commemorating the 80th anniversary of the death of Blessed Father Eust\u00e1quio at 7 PM this Tuesday, the 31st. The broadcast is a partnership with the National Secretariat for the Cause of Canonization, through the Padre Eust\u00e1quio Channel.<\/p>\n\n\n\n<p>During the Eucharist, the Sacred Relics of the Blessed will be displayed for the community, and there will also be a blessing for Health and Peace, with the laying on of priestly hands. The ceremony will be presided over by the Vice-Postulator of the Cause of Canonization, Father Vin\u00edcius Maciel, sscc, who is also the Rector of the Sanctuary. Leaders from various parish movements and Associations inspired by Father Eust\u00e1quio are expected to participate in the Holy Mass. Furthermore, all the faithful and devotees of the Blessed are invited to celebrate together.<\/p>\n\n\n\n<p>The partnership with TV Evangelizar began last year when members of the station broadcast another event in Belo Horizonte. One of the technicians who provides services to Canal Padre Eust\u00e1quio was working at the same event and spoke to one of the coordinators of the Paran\u00e1-based station about the history of Blessed Father Eust\u00e1quio and the feasibility of a national broadcast. Interested in spreading the life and history of the Blessed, the directors in charge spared no effort to ensure that the broadcast was made.<\/p>\n\n\n\n<p><strong>Evangelize TV<\/strong><\/p>\n\n\n\n<p>TV Evangelizar is a Brazilian television network based in Curitiba, the capital of the state of Paran\u00e1. Religious in nature, it belongs to the Evangelizar \u00e9 Preciso Association, maintained by Father Reginaldo Manzotti. The station emerged on December 16, 2011, initially under the name TV Lumen, when PUC-PR, facing difficulties operating the station commercially, ceded the channel to the Evangelizar \u00e9 Preciso Association.<\/p>\n\n\n\n<p>Available on free-to-air channels in several Brazilian cities, TV Evangelizar is present in 16 Brazilian states via conventional antenna, satellite, or cable TV providers. <a href=\"https:\/\/www.padrereginaldomanzotti.org.br\/rec\/tv-evangelizar\/\" target=\"_blank\" rel=\"noreferrer noopener\">CLICK HERE <\/a>to watch the channel online.<\/p>\n\n\n\n<p><\/p>","protected":false},"excerpt":{"rendered":"<p>A TV Evangelizar, com sede em Curitiba-PR, transmite \u00e0s 19h desta ter\u00e7a-feira, dia 31, a Santa Missa de abertura do Jubileu pelos 80 anos da morte do Bem-Aventurado Padre Eust\u00e1quio. A transmiss\u00e3o \u00e9 feita em parceria com o Secretariado Nacional para a Causa de Canoniza\u00e7\u00e3o, por meio do Canal Padre Eust\u00e1quio. Durante a Eucaristia as Rel\u00edquias Sagradas do Bem-Aventurado ser\u00e3o expostas para a comunidade e haver\u00e1 tamb\u00e9m a b\u00ean\u00e7\u00e3o da Sa\u00fade e Paz, com imposi\u00e7\u00e3o das m\u00e3os sacerdotais. A cerim\u00f4nia ser\u00e1 presidida pelo Vice-postulador da Causa de Canoniza\u00e7\u00e3o, padre Vin\u00edcius Maciel, sscc, que tamb\u00e9m \u00e9 o Reitor do Santu\u00e1rio. Lideran\u00e7as [&hellip;]<\/p>\n","protected":false},"author":2,"featured_media":9869,"comment_status":"open","ping_status":"closed","sticky":false,"template":"","format":"standard","meta":{"_acf_changed":false,"footnotes":""},"categories":[611],"tags":[],"class_list":["post-9868","post","type-post","status-publish","format-standard","has-post-thumbnail","hentry","category-noticias"],"acf":[],"yoast_head":"<!-- This site is optimized with the Yoast SEO plugin v27.2 - https:\/\/yoast.com\/product\/yoast-seo-wordpress\/ -->\n<title>TV Evangelizar transmite hoje missa de abertura dos 80 anos da morte de Pe Eust\u00e1quio<\/title>\n<meta name=\"description\" content=\"A TV Evangelizar, com sede em Curitiba-PR, transmite \u00e0s 19h desta ter\u00e7a-feira, dia 31, a Santa Missa de abertura do Jubileu pelos 80 anos da morte do Bem-Aventurado Padre Eust\u00e1quio. A transmiss\u00e3o \u00e9 feita em parceria com o Secretariado Nacional para a Causa de Canoniza\u00e7\u00e3o, por meio do Canal Padre Eust\u00e1quio.\" \/>\n<meta name=\"robots\" content=\"index, follow, max-snippet:-1, max-image-preview:large, max-video-preview:-1\" \/>\n<link rel=\"canonical\" href=\"https:\/\/www.padreeustaquio.com.br\/en\/tv-evangelizar-will-broadcast-today-the-opening-mass-for-the-80th-anniversary-of-the-death-of-father-eustaquio\/\" \/>\n<meta property=\"og:locale\" content=\"en_US\" \/>\n<meta property=\"og:type\" content=\"article\" \/>\n<meta property=\"og:title\" content=\"TV Evangelizar transmite hoje missa de abertura dos 80 anos da morte de Pe Eust\u00e1quio\" \/>\n<meta property=\"og:description\" content=\"A TV Evangelizar, com sede em Curitiba-PR, transmite \u00e0s 19h desta ter\u00e7a-feira, dia 31, a Santa Missa de abertura do Jubileu pelos 80 anos da morte do Bem-Aventurado Padre Eust\u00e1quio. A transmiss\u00e3o \u00e9 feita em parceria com o Secretariado Nacional para a Causa de Canoniza\u00e7\u00e3o, por meio do Canal Padre Eust\u00e1quio.\" \/>\n<meta property=\"og:url\" content=\"https:\/\/www.padreeustaquio.com.br\/en\/tv-evangelizar-will-broadcast-today-the-opening-mass-for-the-80th-anniversary-of-the-death-of-father-eustaquio\/\" \/>\n<meta property=\"og:site_name\" content=\"Padre Eust\u00e1quio\" \/>\n<meta property=\"article:publisher\" content=\"https:\/\/www.facebook.com\/beatopadreeustaquio\/\" \/>\n<meta property=\"article:published_time\" content=\"2023-01-31T10:38:45+00:00\" \/>\n<meta property=\"article:modified_time\" content=\"2023-01-31T10:38:46+00:00\" \/>\n<meta property=\"og:image\" content=\"https:\/\/www.padreeustaquio.com.br\/wp-content\/uploads\/2023\/01\/tvevangelizar.jpg\" \/>\n\t<meta property=\"og:image:width\" content=\"1280\" \/>\n\t<meta property=\"og:image:height\" content=\"720\" \/>\n\t<meta property=\"og:image:type\" content=\"image\/jpeg\" \/>\n<meta name=\"author\" content=\"@sscc\" \/>\n<meta name=\"twitter:card\" content=\"summary_large_image\" \/>\n<meta name=\"twitter:creator\" content=\"@beatopeustaquio\" \/>\n<meta name=\"twitter:site\" content=\"@beatopeustaquio\" \/>\n<meta name=\"twitter:label1\" content=\"Written by\" \/>\n\t<meta name=\"twitter:data1\" content=\"@sscc\" \/>\n\t<meta name=\"twitter:label2\" content=\"Est. reading time\" \/>\n\t<meta name=\"twitter:data2\" content=\"2 minutes\" \/>\n<script type=\"application\/ld+json\" class=\"yoast-schema-graph\">{\"@context\":\"https:\/\/schema.org\",\"@graph\":[{\"@type\":\"Article\",\"@id\":\"https:\/\/www.padreeustaquio.com.br\/tv-evangelizar-transmite-hoje-missa-de-abertura-dos-80-anos-da-morte-de-pe-eustaquio\/#article\",\"isPartOf\":{\"@id\":\"https:\/\/www.padreeustaquio.com.br\/tv-evangelizar-transmite-hoje-missa-de-abertura-dos-80-anos-da-morte-de-pe-eustaquio\/\"},\"author\":{\"name\":\"@sscc\",\"@id\":\"https:\/\/www.padreeustaquio.com.br\/#\/schema\/person\/a2a51db1d00f1a7af0204a0f1ddb1566\"},\"headline\":\"TV Evangelizar transmite hoje missa de abertura dos 80 anos da morte de Pe Eust\u00e1quio\",\"datePublished\":\"2023-01-31T10:38:45+00:00\",\"dateModified\":\"2023-01-31T10:38:46+00:00\",\"mainEntityOfPage\":{\"@id\":\"https:\/\/www.padreeustaquio.com.br\/tv-evangelizar-transmite-hoje-missa-de-abertura-dos-80-anos-da-morte-de-pe-eustaquio\/\"},\"wordCount\":367,\"commentCount\":0,\"publisher\":{\"@id\":\"https:\/\/www.padreeustaquio.com.br\/#organization\"},\"image\":{\"@id\":\"https:\/\/www.padreeustaquio.com.br\/tv-evangelizar-transmite-hoje-missa-de-abertura-dos-80-anos-da-morte-de-pe-eustaquio\/#primaryimage\"},\"thumbnailUrl\":\"https:\/\/www.padreeustaquio.com.br\/wp-content\/uploads\/2023\/01\/tvevangelizar.jpg\",\"articleSection\":[\"Not\u00edcias\"],\"inLanguage\":\"en-US\",\"potentialAction\":[{\"@type\":\"CommentAction\",\"name\":\"Comment\",\"target\":[\"https:\/\/www.padreeustaquio.com.br\/tv-evangelizar-transmite-hoje-missa-de-abertura-dos-80-anos-da-morte-de-pe-eustaquio\/#respond\"]}]},{\"@type\":\"WebPage\",\"@id\":\"https:\/\/www.padreeustaquio.com.br\/tv-evangelizar-transmite-hoje-missa-de-abertura-dos-80-anos-da-morte-de-pe-eustaquio\/\",\"url\":\"https:\/\/www.padreeustaquio.com.br\/tv-evangelizar-transmite-hoje-missa-de-abertura-dos-80-anos-da-morte-de-pe-eustaquio\/\",\"name\":\"TV Evangelizar transmite hoje missa de abertura dos 80 anos da morte de Pe Eust\u00e1quio\",\"isPartOf\":{\"@id\":\"https:\/\/www.padreeustaquio.com.br\/#website\"},\"primaryImageOfPage\":{\"@id\":\"https:\/\/www.padreeustaquio.com.br\/tv-evangelizar-transmite-hoje-missa-de-abertura-dos-80-anos-da-morte-de-pe-eustaquio\/#primaryimage\"},\"image\":{\"@id\":\"https:\/\/www.padreeustaquio.com.br\/tv-evangelizar-transmite-hoje-missa-de-abertura-dos-80-anos-da-morte-de-pe-eustaquio\/#primaryimage\"},\"thumbnailUrl\":\"https:\/\/www.padreeustaquio.com.br\/wp-content\/uploads\/2023\/01\/tvevangelizar.jpg\",\"datePublished\":\"2023-01-31T10:38:45+00:00\",\"dateModified\":\"2023-01-31T10:38:46+00:00\",\"description\":\"A TV Evangelizar, com sede em Curitiba-PR, transmite \u00e0s 19h desta ter\u00e7a-feira, dia 31, a Santa Missa de abertura do Jubileu pelos 80 anos da morte do Bem-Aventurado Padre Eust\u00e1quio. A transmiss\u00e3o \u00e9 feita em parceria com o Secretariado Nacional para a Causa de Canoniza\u00e7\u00e3o, por meio do Canal Padre Eust\u00e1quio.\",\"breadcrumb\":{\"@id\":\"https:\/\/www.padreeustaquio.com.br\/tv-evangelizar-transmite-hoje-missa-de-abertura-dos-80-anos-da-morte-de-pe-eustaquio\/#breadcrumb\"},\"inLanguage\":\"en-US\",\"potentialAction\":[{\"@type\":\"ReadAction\",\"target\":[\"https:\/\/www.padreeustaquio.com.br\/tv-evangelizar-transmite-hoje-missa-de-abertura-dos-80-anos-da-morte-de-pe-eustaquio\/\"]}]},{\"@type\":\"ImageObject\",\"inLanguage\":\"en-US\",\"@id\":\"https:\/\/www.padreeustaquio.com.br\/tv-evangelizar-transmite-hoje-missa-de-abertura-dos-80-anos-da-morte-de-pe-eustaquio\/#primaryimage\",\"url\":\"https:\/\/www.padreeustaquio.com.br\/wp-content\/uploads\/2023\/01\/tvevangelizar.jpg\",\"contentUrl\":\"https:\/\/www.padreeustaquio.com.br\/wp-content\/uploads\/2023\/01\/tvevangelizar.jpg\",\"width\":1280,\"height\":720},{\"@type\":\"BreadcrumbList\",\"@id\":\"https:\/\/www.padreeustaquio.com.br\/tv-evangelizar-transmite-hoje-missa-de-abertura-dos-80-anos-da-morte-de-pe-eustaquio\/#breadcrumb\",\"itemListElement\":[{\"@type\":\"ListItem\",\"position\":1,\"name\":\"In\u00edcio\",\"item\":\"https:\/\/www.padreeustaquio.com.br\/\"},{\"@type\":\"ListItem\",\"position\":2,\"name\":\"TV Evangelizar transmite hoje missa de abertura dos 80 anos da morte de Pe Eust\u00e1quio\"}]},{\"@type\":\"WebSite\",\"@id\":\"https:\/\/www.padreeustaquio.com.br\/#website\",\"url\":\"https:\/\/www.padreeustaquio.com.br\/\",\"name\":\"Padre Eust\u00e1quio\",\"description\":\"Sa\u00fade e Paz\",\"publisher\":{\"@id\":\"https:\/\/www.padreeustaquio.com.br\/#organization\"},\"potentialAction\":[{\"@type\":\"SearchAction\",\"target\":{\"@type\":\"EntryPoint\",\"urlTemplate\":\"https:\/\/www.padreeustaquio.com.br\/?s={search_term_string}\"},\"query-input\":{\"@type\":\"PropertyValueSpecification\",\"valueRequired\":true,\"valueName\":\"search_term_string\"}}],\"inLanguage\":\"en-US\"},{\"@type\":\"Organization\",\"@id\":\"https:\/\/www.padreeustaquio.com.br\/#organization\",\"name\":\"Padre Eust\u00e1quio\",\"url\":\"https:\/\/www.padreeustaquio.com.br\/\",\"logo\":{\"@type\":\"ImageObject\",\"inLanguage\":\"en-US\",\"@id\":\"https:\/\/www.padreeustaquio.com.br\/#\/schema\/logo\/image\/\",\"url\":\"https:\/\/www.padreeustaquio.com.br\/wp-content\/uploads\/2019\/08\/marca.png\",\"contentUrl\":\"https:\/\/www.padreeustaquio.com.br\/wp-content\/uploads\/2019\/08\/marca.png\",\"width\":350,\"height\":400,\"caption\":\"Padre Eust\u00e1quio\"},\"image\":{\"@id\":\"https:\/\/www.padreeustaquio.com.br\/#\/schema\/logo\/image\/\"},\"sameAs\":[\"https:\/\/www.facebook.com\/beatopadreeustaquio\/\",\"https:\/\/x.com\/beatopeustaquio\",\"https:\/\/www.instagram.com\/beatopadreeustaquio\/\",\"https:\/\/www.youtube.com\/channel\/UCRhw7vfabnajwLxb1ZXMeIw\"]},{\"@type\":\"Person\",\"@id\":\"https:\/\/www.padreeustaquio.com.br\/#\/schema\/person\/a2a51db1d00f1a7af0204a0f1ddb1566\",\"name\":\"@sscc\",\"image\":{\"@type\":\"ImageObject\",\"inLanguage\":\"en-US\",\"@id\":\"https:\/\/secure.gravatar.com\/avatar\/68cfafa5f44617fea54071e215026e0ff06be366c3d54a8425f04fdcb86f8c5f?s=96&d=mm&r=g\",\"url\":\"https:\/\/secure.gravatar.com\/avatar\/68cfafa5f44617fea54071e215026e0ff06be366c3d54a8425f04fdcb86f8c5f?s=96&d=mm&r=g\",\"contentUrl\":\"https:\/\/secure.gravatar.com\/avatar\/68cfafa5f44617fea54071e215026e0ff06be366c3d54a8425f04fdcb86f8c5f?s=96&d=mm&r=g\",\"caption\":\"@sscc\"},\"url\":\"https:\/\/www.padreeustaquio.com.br\/en\/author\/sscc\/\"}]}<\/script>\n<!-- \/ Yoast SEO plugin. -->","yoast_head_json":{"title":"TV Evangelizar broadcasts today the opening mass for the 80th anniversary of the death of Father Eust\u00e1quio.","description":"TV Evangelizar, based in Curitiba-PR, will broadcast at 7 PM this Tuesday, the 31st, the Holy Mass opening the Jubilee for the 80th anniversary of the death of Blessed Father Eust\u00e1quio. The broadcast is made in partnership with the National Secretariat for the Cause of Canonization, through the Padre Eust\u00e1quio Channel.","robots":{"index":"index","follow":"follow","max-snippet":"max-snippet:-1","max-image-preview":"max-image-preview:large","max-video-preview":"max-video-preview:-1"},"canonical":"https:\/\/www.padreeustaquio.com.br\/en\/tv-evangelizar-will-broadcast-today-the-opening-mass-for-the-80th-anniversary-of-the-death-of-father-eustaquio\/","og_locale":"en_US","og_type":"article","og_title":"TV Evangelizar transmite hoje missa de abertura dos 80 anos da morte de Pe Eust\u00e1quio","og_description":"A TV Evangelizar, com sede em Curitiba-PR, transmite \u00e0s 19h desta ter\u00e7a-feira, dia 31, a Santa Missa de abertura do Jubileu pelos 80 anos da morte do Bem-Aventurado Padre Eust\u00e1quio. A transmiss\u00e3o \u00e9 feita em parceria com o Secretariado Nacional para a Causa de Canoniza\u00e7\u00e3o, por meio do Canal Padre Eust\u00e1quio.","og_url":"https:\/\/www.padreeustaquio.com.br\/en\/tv-evangelizar-will-broadcast-today-the-opening-mass-for-the-80th-anniversary-of-the-death-of-father-eustaquio\/","og_site_name":"Padre Eust\u00e1quio","article_publisher":"https:\/\/www.facebook.com\/beatopadreeustaquio\/","article_published_time":"2023-01-31T10:38:45+00:00","article_modified_time":"2023-01-31T10:38:46+00:00","og_image":[{"width":1280,"height":720,"url":"https:\/\/www.padreeustaquio.com.br\/wp-content\/uploads\/2023\/01\/tvevangelizar.jpg","type":"image\/jpeg"}],"author":"@sscc","twitter_card":"summary_large_image","twitter_creator":"@beatopeustaquio","twitter_site":"@beatopeustaquio","twitter_misc":{"Written by":"@sscc","Est. reading time":"2 minutes"},"schema":{"@context":"https:\/\/schema.org","@graph":[{"@type":"Article","@id":"https:\/\/www.padreeustaquio.com.br\/tv-evangelizar-transmite-hoje-missa-de-abertura-dos-80-anos-da-morte-de-pe-eustaquio\/#article","isPartOf":{"@id":"https:\/\/www.padreeustaquio.com.br\/tv-evangelizar-transmite-hoje-missa-de-abertura-dos-80-anos-da-morte-de-pe-eustaquio\/"},"author":{"name":"@sscc","@id":"https:\/\/www.padreeustaquio.com.br\/#\/schema\/person\/a2a51db1d00f1a7af0204a0f1ddb1566"},"headline":"TV Evangelizar transmite hoje missa de abertura dos 80 anos da morte de Pe Eust\u00e1quio","datePublished":"2023-01-31T10:38:45+00:00","dateModified":"2023-01-31T10:38:46+00:00","mainEntityOfPage":{"@id":"https:\/\/www.padreeustaquio.com.br\/tv-evangelizar-transmite-hoje-missa-de-abertura-dos-80-anos-da-morte-de-pe-eustaquio\/"},"wordCount":367,"commentCount":0,"publisher":{"@id":"https:\/\/www.padreeustaquio.com.br\/#organization"},"image":{"@id":"https:\/\/www.padreeustaquio.com.br\/tv-evangelizar-transmite-hoje-missa-de-abertura-dos-80-anos-da-morte-de-pe-eustaquio\/#primaryimage"},"thumbnailUrl":"https:\/\/www.padreeustaquio.com.br\/wp-content\/uploads\/2023\/01\/tvevangelizar.jpg","articleSection":["Not\u00edcias"],"inLanguage":"en-US","potentialAction":[{"@type":"CommentAction","name":"Comment","target":["https:\/\/www.padreeustaquio.com.br\/tv-evangelizar-transmite-hoje-missa-de-abertura-dos-80-anos-da-morte-de-pe-eustaquio\/#respond"]}]},{"@type":"WebPage","@id":"https:\/\/www.padreeustaquio.com.br\/tv-evangelizar-transmite-hoje-missa-de-abertura-dos-80-anos-da-morte-de-pe-eustaquio\/","url":"https:\/\/www.padreeustaquio.com.br\/tv-evangelizar-transmite-hoje-missa-de-abertura-dos-80-anos-da-morte-de-pe-eustaquio\/","name":"TV Evangelizar broadcasts today the opening mass for the 80th anniversary of the death of Father Eust\u00e1quio.","isPartOf":{"@id":"https:\/\/www.padreeustaquio.com.br\/#website"},"primaryImageOfPage":{"@id":"https:\/\/www.padreeustaquio.com.br\/tv-evangelizar-transmite-hoje-missa-de-abertura-dos-80-anos-da-morte-de-pe-eustaquio\/#primaryimage"},"image":{"@id":"https:\/\/www.padreeustaquio.com.br\/tv-evangelizar-transmite-hoje-missa-de-abertura-dos-80-anos-da-morte-de-pe-eustaquio\/#primaryimage"},"thumbnailUrl":"https:\/\/www.padreeustaquio.com.br\/wp-content\/uploads\/2023\/01\/tvevangelizar.jpg","datePublished":"2023-01-31T10:38:45+00:00","dateModified":"2023-01-31T10:38:46+00:00","description":"TV Evangelizar, based in Curitiba-PR, will broadcast at 7 PM this Tuesday, the 31st, the Holy Mass opening the Jubilee for the 80th anniversary of the death of Blessed Father Eust\u00e1quio. The broadcast is made in partnership with the National Secretariat for the Cause of Canonization, through the Padre Eust\u00e1quio Channel.","breadcrumb":{"@id":"https:\/\/www.padreeustaquio.com.br\/tv-evangelizar-transmite-hoje-missa-de-abertura-dos-80-anos-da-morte-de-pe-eustaquio\/#breadcrumb"},"inLanguage":"en-US","potentialAction":[{"@type":"ReadAction","target":["https:\/\/www.padreeustaquio.com.br\/tv-evangelizar-transmite-hoje-missa-de-abertura-dos-80-anos-da-morte-de-pe-eustaquio\/"]}]},{"@type":"ImageObject","inLanguage":"en-US","@id":"https:\/\/www.padreeustaquio.com.br\/tv-evangelizar-transmite-hoje-missa-de-abertura-dos-80-anos-da-morte-de-pe-eustaquio\/#primaryimage","url":"https:\/\/www.padreeustaquio.com.br\/wp-content\/uploads\/2023\/01\/tvevangelizar.jpg","contentUrl":"https:\/\/www.padreeustaquio.com.br\/wp-content\/uploads\/2023\/01\/tvevangelizar.jpg","width":1280,"height":720},{"@type":"BreadcrumbList","@id":"https:\/\/www.padreeustaquio.com.br\/tv-evangelizar-transmite-hoje-missa-de-abertura-dos-80-anos-da-morte-de-pe-eustaquio\/#breadcrumb","itemListElement":[{"@type":"ListItem","position":1,"name":"In\u00edcio","item":"https:\/\/www.padreeustaquio.com.br\/"},{"@type":"ListItem","position":2,"name":"TV Evangelizar transmite hoje missa de abertura dos 80 anos da morte de Pe Eust\u00e1quio"}]},{"@type":"WebSite","@id":"https:\/\/www.padreeustaquio.com.br\/#website","url":"https:\/\/www.padreeustaquio.com.br\/","name":"FATHER EUST\u00c1QUIO","description":"Health and Peace","publisher":{"@id":"https:\/\/www.padreeustaquio.com.br\/#organization"},"potentialAction":[{"@type":"SearchAction","target":{"@type":"EntryPoint","urlTemplate":"https:\/\/www.padreeustaquio.com.br\/?s={search_term_string}"},"query-input":{"@type":"PropertyValueSpecification","valueRequired":true,"valueName":"search_term_string"}}],"inLanguage":"en-US"},{"@type":"Organization","@id":"https:\/\/www.padreeustaquio.com.br\/#organization","name":"FATHER EUST\u00c1QUIO","url":"https:\/\/www.padreeustaquio.com.br\/","logo":{"@type":"ImageObject","inLanguage":"en-US","@id":"https:\/\/www.padreeustaquio.com.br\/#\/schema\/logo\/image\/","url":"https:\/\/www.padreeustaquio.com.br\/wp-content\/uploads\/2019\/08\/marca.png","contentUrl":"https:\/\/www.padreeustaquio.com.br\/wp-content\/uploads\/2019\/08\/marca.png","width":350,"height":400,"caption":"Padre Eust\u00e1quio"},"image":{"@id":"https:\/\/www.padreeustaquio.com.br\/#\/schema\/logo\/image\/"},"sameAs":["https:\/\/www.facebook.com\/beatopadreeustaquio\/","https:\/\/x.com\/beatopeustaquio","https:\/\/www.instagram.com\/beatopadreeustaquio\/","https:\/\/www.youtube.com\/channel\/UCRhw7vfabnajwLxb1ZXMeIw"]},{"@type":"Person","@id":"https:\/\/www.padreeustaquio.com.br\/#\/schema\/person\/a2a51db1d00f1a7af0204a0f1ddb1566","name":"@sscc","image":{"@type":"ImageObject","inLanguage":"en-US","@id":"https:\/\/secure.gravatar.com\/avatar\/68cfafa5f44617fea54071e215026e0ff06be366c3d54a8425f04fdcb86f8c5f?s=96&d=mm&r=g","url":"https:\/\/secure.gravatar.com\/avatar\/68cfafa5f44617fea54071e215026e0ff06be366c3d54a8425f04fdcb86f8c5f?s=96&d=mm&r=g","contentUrl":"https:\/\/secure.gravatar.com\/avatar\/68cfafa5f44617fea54071e215026e0ff06be366c3d54a8425f04fdcb86f8c5f?s=96&d=mm&r=g","caption":"@sscc"},"url":"https:\/\/www.padreeustaquio.com.br\/en\/author\/sscc\/"}]}},"_links":{"self":[{"href":"https:\/\/www.padreeustaquio.com.br\/en\/wp-json\/wp\/v2\/posts\/9868","targetHints":{"allow":["GET"]}}],"collection":[{"href":"https:\/\/www.padreeustaquio.com.br\/en\/wp-json\/wp\/v2\/posts"}],"about":[{"href":"https:\/\/www.padreeustaquio.com.br\/en\/wp-json\/wp\/v2\/types\/post"}],"author":[{"embeddable":true,"href":"https:\/\/www.padreeustaquio.com.br\/en\/wp-json\/wp\/v2\/users\/2"}],"replies":[{"embeddable":true,"href":"https:\/\/www.padreeustaquio.com.br\/en\/wp-json\/wp\/v2\/comments?post=9868"}],"version-history":[{"count":0,"href":"https:\/\/www.padreeustaquio.com.br\/en\/wp-json\/wp\/v2\/posts\/9868\/revisions"}],"wp:featuredmedia":[{"embeddable":true,"href":"https:\/\/www.padreeustaquio.com.br\/en\/wp-json\/wp\/v2\/media\/9869"}],"wp:attachment":[{"href":"https:\/\/www.padreeustaquio.com.br\/en\/wp-json\/wp\/v2\/media?parent=9868"}],"wp:term":[{"taxonomy":"category","embeddable":true,"href":"https:\/\/www.padreeustaquio.com.br\/en\/wp-json\/wp\/v2\/categories?post=9868"},{"taxonomy":"post_tag","embeddable":true,"href":"https:\/\/www.padreeustaquio.com.br\/en\/wp-json\/wp\/v2\/tags?post=9868"}],"curies":[{"name":"wp","href":"https:\/\/api.w.org\/{rel}","templated":true}]}}