{"id":9857,"date":"2023-01-30T07:16:50","date_gmt":"2023-01-30T10:16:50","guid":{"rendered":"https:\/\/www.padreeustaquio.com.br\/?p=9857"},"modified":"2023-01-30T07:17:51","modified_gmt":"2023-01-30T10:17:51","slug":"80-years-of-health-and-peace-church-opens-celebrations-this-tuesday","status":"publish","type":"post","link":"https:\/\/www.padreeustaquio.com.br\/en\/80-years-of-health-and-peace-church-opens-celebrations-this-tuesday\/","title":{"rendered":"80 Years of Health and Peace \u2013 Church opens celebrations this Tuesday."},"content":{"rendered":"<p>This year, devotees will commemorate the 80th anniversary of the death of Blessed Father Eustace. To mark the occasion, the National Secretariat for the Cause of Canonization and the Archdiocesan Sanctuary of Health and Peace are preparing a large program in memory of the Blessed.<\/p>\n\n\n\n<p>This Tuesday, the 31st, the Holy Mass will be celebrated to mark the opening of the 80th anniversary of the death of Father Eust\u00e1quio. The Eucharist begins at 7 pm and will include the exposition of the Blessed Father&#039;s Sacred Relics, as well as a blessing for Health and Peace, with the laying on of priestly hands.<\/p>\n\n\n\n<p>The ceremony will be presided over by the Vice-Postulator of the Cause of Canonization, Father Vin\u00edcius Maciel, sscc, who is also the Rector of the Sanctuary. Leaders from various parish movements and Associations inspired by Father Eust\u00e1quio are expected to participate in the Eucharist. Furthermore, all the faithful and devotees of the Blessed are invited to celebrate together.<\/p>\n\n\n\n<p>The opening Mass for the 80th anniversary will be broadcast live on open channel TV Evangelizar to cities in 16 Brazilian states, in addition to the Padre Eust\u00e1quio Channel on YouTube.<\/p>\n\n\n\n<p><strong>Relics of Father Eustace<\/strong><\/p>\n\n\n\n<p>The box containing the relics of Father Eustace, which will be displayed to the community during the celebration, consists of a metacarpal bone (hand), strands of hair, the Belgian decoration received by the Blessed, a pen used by him, as well as a piece of the cord he wore (cincture) and cloths that touched the bones of the Blessed.<\/p>\n\n\n\n<p><strong>Life and history of Blessed Father Eustace<\/strong><\/p>\n\n\n\n<p>Born Hubbertus on November 3, 1889, in Aarle Rixtel, Netherlands, Father Eustace came from a large and very religious family. Baptized on the same day he was born, the boy entered the Congregation of the Sacred Hearts shortly before turning 15.<\/p>\n\n\n\n<p>Inspired by the missionary ideal of Saint Damien of Molokai, Eustace professed temporary and perpetual vows in 1915 and four years later was ordained a priest. In 1925 he came to Brazil as a missionary, passing through \u00c1gua Suja (now Romaria-MG), Po\u00e1-SP and several other cities in the interior of Minas Gerais, as well as the capital Rio de Janeiro. In 1942 he arrived in Belo Horizonte, where he stayed for a little over a year and four months.<\/p>\n\n\n\n<p>Bitten by a tick, Father Eust\u00e1quio died on August 30, 1943, at the Minas Gerais Sanatorium (now Alberto Cavalcanti Hospital) in Belo Horizonte. His reputation for holiness spread among the people, leading the Church to open the Beatification process thirteen years after his death.<br>After several stages of the process, Pope Saint John Paul II declared him Venerable in 2003, and in 2006 Pope Benedict XVI included Father Eustace&#039;s name in the list of the Blessed of the Church.<br>Currently, the Holy See is awaiting confirmation of one more miracle before declaring Father Eust\u00e1quio a saint.<\/p>\n\n\n\n<p><\/p>","protected":false},"excerpt":{"rendered":"<p>Este ano, os devotos far\u00e3o mem\u00f3ria aos 80 anos da morte do Beato Padre Eust\u00e1quio. Para relembrar a data, o Secretariado Nacional para a Causa de Canoniza\u00e7\u00e3o e o Santu\u00e1rio Arquidiocesano da Sa\u00fade e da Paz, est\u00e3o preparando uma grande programa\u00e7\u00e3o em mem\u00f3ria ao Beato. Nesta ter\u00e7a-feira, dia 31 ser\u00e1 celebrada a Santa Missa de abertura dos 80 anos da morte de Padre Eust\u00e1quio. A Eucaristia come\u00e7a \u00e0s 19h e ter\u00e1 a exposi\u00e7\u00e3o das Rel\u00edquias Sagradas do Bem-Aventurado, al\u00e9m da b\u00ean\u00e7\u00e3o da Sa\u00fade e Paz, com imposi\u00e7\u00e3o das m\u00e3os sacerdotais. A cerim\u00f4nia ser\u00e1 presidida pelo Vice-postulador da Causa de Canoniza\u00e7\u00e3o, [&hellip;]<\/p>\n","protected":false},"author":2,"featured_media":9858,"comment_status":"open","ping_status":"closed","sticky":false,"template":"","format":"standard","meta":{"_acf_changed":false,"footnotes":""},"categories":[611],"tags":[],"class_list":["post-9857","post","type-post","status-publish","format-standard","has-post-thumbnail","hentry","category-noticias"],"acf":[],"yoast_head":"<!-- This site is optimized with the Yoast SEO plugin v27.2 - https:\/\/yoast.com\/product\/yoast-seo-wordpress\/ -->\n<title>80 anos de Sa\u00fade e Paz \u2013 Igreja abre comemora\u00e7\u00f5es nesta ter\u00e7a-feira<\/title>\n<meta name=\"description\" content=\"Este ano, os devotos far\u00e3o mem\u00f3ria aos 80 anos da morte do Beato Padre Eust\u00e1quio. Para relembrar a data, o Secretariado Nacional para a Causa de Canoniza\u00e7\u00e3o e o Santu\u00e1rio Arquidiocesano da Sa\u00fade e da Paz, est\u00e3o preparando uma grande programa\u00e7\u00e3o em mem\u00f3ria ao Beato.\" \/>\n<meta name=\"robots\" content=\"index, follow, max-snippet:-1, max-image-preview:large, max-video-preview:-1\" \/>\n<link rel=\"canonical\" href=\"https:\/\/www.padreeustaquio.com.br\/en\/80-years-of-health-and-peace-church-opens-celebrations-this-tuesday\/\" \/>\n<meta property=\"og:locale\" content=\"en_US\" \/>\n<meta property=\"og:type\" content=\"article\" \/>\n<meta property=\"og:title\" content=\"80 anos de Sa\u00fade e Paz \u2013 Igreja abre comemora\u00e7\u00f5es nesta ter\u00e7a-feira\" \/>\n<meta property=\"og:description\" content=\"Este ano, os devotos far\u00e3o mem\u00f3ria aos 80 anos da morte do Beato Padre Eust\u00e1quio. Para relembrar a data, o Secretariado Nacional para a Causa de Canoniza\u00e7\u00e3o e o Santu\u00e1rio Arquidiocesano da Sa\u00fade e da Paz, est\u00e3o preparando uma grande programa\u00e7\u00e3o em mem\u00f3ria ao Beato.\" \/>\n<meta property=\"og:url\" content=\"https:\/\/www.padreeustaquio.com.br\/en\/80-years-of-health-and-peace-church-opens-celebrations-this-tuesday\/\" \/>\n<meta property=\"og:site_name\" content=\"Padre Eust\u00e1quio\" \/>\n<meta property=\"article:publisher\" content=\"https:\/\/www.facebook.com\/beatopadreeustaquio\/\" \/>\n<meta property=\"article:published_time\" content=\"2023-01-30T10:16:50+00:00\" \/>\n<meta property=\"article:modified_time\" content=\"2023-01-30T10:17:51+00:00\" \/>\n<meta property=\"og:image\" content=\"https:\/\/www.padreeustaquio.com.br\/wp-content\/uploads\/2023\/01\/Padre-Eustaquio-Andre-Usagi.jpeg\" \/>\n\t<meta property=\"og:image:width\" content=\"1280\" \/>\n\t<meta property=\"og:image:height\" content=\"853\" \/>\n\t<meta property=\"og:image:type\" content=\"image\/jpeg\" \/>\n<meta name=\"author\" content=\"@sscc\" \/>\n<meta name=\"twitter:card\" content=\"summary_large_image\" \/>\n<meta name=\"twitter:creator\" content=\"@beatopeustaquio\" \/>\n<meta name=\"twitter:site\" content=\"@beatopeustaquio\" \/>\n<meta name=\"twitter:label1\" content=\"Written by\" \/>\n\t<meta name=\"twitter:data1\" content=\"@sscc\" \/>\n\t<meta name=\"twitter:label2\" content=\"Est. reading time\" \/>\n\t<meta name=\"twitter:data2\" content=\"2 minutes\" \/>\n<script type=\"application\/ld+json\" class=\"yoast-schema-graph\">{\"@context\":\"https:\/\/schema.org\",\"@graph\":[{\"@type\":\"Article\",\"@id\":\"https:\/\/www.padreeustaquio.com.br\/80-anos-de-saude-e-paz-igreja-abre-comemoracoes-nesta-terca-feira\/#article\",\"isPartOf\":{\"@id\":\"https:\/\/www.padreeustaquio.com.br\/80-anos-de-saude-e-paz-igreja-abre-comemoracoes-nesta-terca-feira\/\"},\"author\":{\"name\":\"@sscc\",\"@id\":\"https:\/\/www.padreeustaquio.com.br\/#\/schema\/person\/a2a51db1d00f1a7af0204a0f1ddb1566\"},\"headline\":\"80 anos de Sa\u00fade e Paz \u2013 Igreja abre comemora\u00e7\u00f5es nesta ter\u00e7a-feira\",\"datePublished\":\"2023-01-30T10:16:50+00:00\",\"dateModified\":\"2023-01-30T10:17:51+00:00\",\"mainEntityOfPage\":{\"@id\":\"https:\/\/www.padreeustaquio.com.br\/80-anos-de-saude-e-paz-igreja-abre-comemoracoes-nesta-terca-feira\/\"},\"wordCount\":520,\"commentCount\":0,\"publisher\":{\"@id\":\"https:\/\/www.padreeustaquio.com.br\/#organization\"},\"image\":{\"@id\":\"https:\/\/www.padreeustaquio.com.br\/80-anos-de-saude-e-paz-igreja-abre-comemoracoes-nesta-terca-feira\/#primaryimage\"},\"thumbnailUrl\":\"https:\/\/www.padreeustaquio.com.br\/wp-content\/uploads\/2023\/01\/Padre-Eustaquio-Andre-Usagi.jpeg\",\"articleSection\":[\"Not\u00edcias\"],\"inLanguage\":\"en-US\",\"potentialAction\":[{\"@type\":\"CommentAction\",\"name\":\"Comment\",\"target\":[\"https:\/\/www.padreeustaquio.com.br\/80-anos-de-saude-e-paz-igreja-abre-comemoracoes-nesta-terca-feira\/#respond\"]}]},{\"@type\":\"WebPage\",\"@id\":\"https:\/\/www.padreeustaquio.com.br\/80-anos-de-saude-e-paz-igreja-abre-comemoracoes-nesta-terca-feira\/\",\"url\":\"https:\/\/www.padreeustaquio.com.br\/80-anos-de-saude-e-paz-igreja-abre-comemoracoes-nesta-terca-feira\/\",\"name\":\"80 anos de Sa\u00fade e Paz \u2013 Igreja abre comemora\u00e7\u00f5es nesta ter\u00e7a-feira\",\"isPartOf\":{\"@id\":\"https:\/\/www.padreeustaquio.com.br\/#website\"},\"primaryImageOfPage\":{\"@id\":\"https:\/\/www.padreeustaquio.com.br\/80-anos-de-saude-e-paz-igreja-abre-comemoracoes-nesta-terca-feira\/#primaryimage\"},\"image\":{\"@id\":\"https:\/\/www.padreeustaquio.com.br\/80-anos-de-saude-e-paz-igreja-abre-comemoracoes-nesta-terca-feira\/#primaryimage\"},\"thumbnailUrl\":\"https:\/\/www.padreeustaquio.com.br\/wp-content\/uploads\/2023\/01\/Padre-Eustaquio-Andre-Usagi.jpeg\",\"datePublished\":\"2023-01-30T10:16:50+00:00\",\"dateModified\":\"2023-01-30T10:17:51+00:00\",\"description\":\"Este ano, os devotos far\u00e3o mem\u00f3ria aos 80 anos da morte do Beato Padre Eust\u00e1quio. Para relembrar a data, o Secretariado Nacional para a Causa de Canoniza\u00e7\u00e3o e o Santu\u00e1rio Arquidiocesano da Sa\u00fade e da Paz, est\u00e3o preparando uma grande programa\u00e7\u00e3o em mem\u00f3ria ao Beato.\",\"breadcrumb\":{\"@id\":\"https:\/\/www.padreeustaquio.com.br\/80-anos-de-saude-e-paz-igreja-abre-comemoracoes-nesta-terca-feira\/#breadcrumb\"},\"inLanguage\":\"en-US\",\"potentialAction\":[{\"@type\":\"ReadAction\",\"target\":[\"https:\/\/www.padreeustaquio.com.br\/80-anos-de-saude-e-paz-igreja-abre-comemoracoes-nesta-terca-feira\/\"]}]},{\"@type\":\"ImageObject\",\"inLanguage\":\"en-US\",\"@id\":\"https:\/\/www.padreeustaquio.com.br\/80-anos-de-saude-e-paz-igreja-abre-comemoracoes-nesta-terca-feira\/#primaryimage\",\"url\":\"https:\/\/www.padreeustaquio.com.br\/wp-content\/uploads\/2023\/01\/Padre-Eustaquio-Andre-Usagi.jpeg\",\"contentUrl\":\"https:\/\/www.padreeustaquio.com.br\/wp-content\/uploads\/2023\/01\/Padre-Eustaquio-Andre-Usagi.jpeg\",\"width\":1280,\"height\":853,\"caption\":\"Foto: Andr\u00e9 Usagi\"},{\"@type\":\"BreadcrumbList\",\"@id\":\"https:\/\/www.padreeustaquio.com.br\/80-anos-de-saude-e-paz-igreja-abre-comemoracoes-nesta-terca-feira\/#breadcrumb\",\"itemListElement\":[{\"@type\":\"ListItem\",\"position\":1,\"name\":\"In\u00edcio\",\"item\":\"https:\/\/www.padreeustaquio.com.br\/\"},{\"@type\":\"ListItem\",\"position\":2,\"name\":\"80 anos de Sa\u00fade e Paz \u2013 Igreja abre comemora\u00e7\u00f5es nesta ter\u00e7a-feira\"}]},{\"@type\":\"WebSite\",\"@id\":\"https:\/\/www.padreeustaquio.com.br\/#website\",\"url\":\"https:\/\/www.padreeustaquio.com.br\/\",\"name\":\"Padre Eust\u00e1quio\",\"description\":\"Sa\u00fade e Paz\",\"publisher\":{\"@id\":\"https:\/\/www.padreeustaquio.com.br\/#organization\"},\"potentialAction\":[{\"@type\":\"SearchAction\",\"target\":{\"@type\":\"EntryPoint\",\"urlTemplate\":\"https:\/\/www.padreeustaquio.com.br\/?s={search_term_string}\"},\"query-input\":{\"@type\":\"PropertyValueSpecification\",\"valueRequired\":true,\"valueName\":\"search_term_string\"}}],\"inLanguage\":\"en-US\"},{\"@type\":\"Organization\",\"@id\":\"https:\/\/www.padreeustaquio.com.br\/#organization\",\"name\":\"Padre Eust\u00e1quio\",\"url\":\"https:\/\/www.padreeustaquio.com.br\/\",\"logo\":{\"@type\":\"ImageObject\",\"inLanguage\":\"en-US\",\"@id\":\"https:\/\/www.padreeustaquio.com.br\/#\/schema\/logo\/image\/\",\"url\":\"https:\/\/www.padreeustaquio.com.br\/wp-content\/uploads\/2019\/08\/marca.png\",\"contentUrl\":\"https:\/\/www.padreeustaquio.com.br\/wp-content\/uploads\/2019\/08\/marca.png\",\"width\":350,\"height\":400,\"caption\":\"Padre Eust\u00e1quio\"},\"image\":{\"@id\":\"https:\/\/www.padreeustaquio.com.br\/#\/schema\/logo\/image\/\"},\"sameAs\":[\"https:\/\/www.facebook.com\/beatopadreeustaquio\/\",\"https:\/\/x.com\/beatopeustaquio\",\"https:\/\/www.instagram.com\/beatopadreeustaquio\/\",\"https:\/\/www.youtube.com\/channel\/UCRhw7vfabnajwLxb1ZXMeIw\"]},{\"@type\":\"Person\",\"@id\":\"https:\/\/www.padreeustaquio.com.br\/#\/schema\/person\/a2a51db1d00f1a7af0204a0f1ddb1566\",\"name\":\"@sscc\",\"image\":{\"@type\":\"ImageObject\",\"inLanguage\":\"en-US\",\"@id\":\"https:\/\/secure.gravatar.com\/avatar\/68cfafa5f44617fea54071e215026e0ff06be366c3d54a8425f04fdcb86f8c5f?s=96&d=mm&r=g\",\"url\":\"https:\/\/secure.gravatar.com\/avatar\/68cfafa5f44617fea54071e215026e0ff06be366c3d54a8425f04fdcb86f8c5f?s=96&d=mm&r=g\",\"contentUrl\":\"https:\/\/secure.gravatar.com\/avatar\/68cfafa5f44617fea54071e215026e0ff06be366c3d54a8425f04fdcb86f8c5f?s=96&d=mm&r=g\",\"caption\":\"@sscc\"},\"url\":\"https:\/\/www.padreeustaquio.com.br\/en\/author\/sscc\/\"}]}<\/script>\n<!-- \/ Yoast SEO plugin. -->","yoast_head_json":{"title":"80 Years of Health and Peace \u2013 Church opens celebrations this Tuesday.","description":"This year, devotees will commemorate the 80th anniversary of the death of Blessed Father Eustace. To mark the occasion, the National Secretariat for the Cause of Canonization and the Archdiocesan Sanctuary of Health and Peace are preparing a large program in memory of the Blessed.","robots":{"index":"index","follow":"follow","max-snippet":"max-snippet:-1","max-image-preview":"max-image-preview:large","max-video-preview":"max-video-preview:-1"},"canonical":"https:\/\/www.padreeustaquio.com.br\/en\/80-years-of-health-and-peace-church-opens-celebrations-this-tuesday\/","og_locale":"en_US","og_type":"article","og_title":"80 anos de Sa\u00fade e Paz \u2013 Igreja abre comemora\u00e7\u00f5es nesta ter\u00e7a-feira","og_description":"Este ano, os devotos far\u00e3o mem\u00f3ria aos 80 anos da morte do Beato Padre Eust\u00e1quio. Para relembrar a data, o Secretariado Nacional para a Causa de Canoniza\u00e7\u00e3o e o Santu\u00e1rio Arquidiocesano da Sa\u00fade e da Paz, est\u00e3o preparando uma grande programa\u00e7\u00e3o em mem\u00f3ria ao Beato.","og_url":"https:\/\/www.padreeustaquio.com.br\/en\/80-years-of-health-and-peace-church-opens-celebrations-this-tuesday\/","og_site_name":"Padre Eust\u00e1quio","article_publisher":"https:\/\/www.facebook.com\/beatopadreeustaquio\/","article_published_time":"2023-01-30T10:16:50+00:00","article_modified_time":"2023-01-30T10:17:51+00:00","og_image":[{"width":1280,"height":853,"url":"https:\/\/www.padreeustaquio.com.br\/wp-content\/uploads\/2023\/01\/Padre-Eustaquio-Andre-Usagi.jpeg","type":"image\/jpeg"}],"author":"@sscc","twitter_card":"summary_large_image","twitter_creator":"@beatopeustaquio","twitter_site":"@beatopeustaquio","twitter_misc":{"Written by":"@sscc","Est. reading time":"2 minutes"},"schema":{"@context":"https:\/\/schema.org","@graph":[{"@type":"Article","@id":"https:\/\/www.padreeustaquio.com.br\/80-anos-de-saude-e-paz-igreja-abre-comemoracoes-nesta-terca-feira\/#article","isPartOf":{"@id":"https:\/\/www.padreeustaquio.com.br\/80-anos-de-saude-e-paz-igreja-abre-comemoracoes-nesta-terca-feira\/"},"author":{"name":"@sscc","@id":"https:\/\/www.padreeustaquio.com.br\/#\/schema\/person\/a2a51db1d00f1a7af0204a0f1ddb1566"},"headline":"80 anos de Sa\u00fade e Paz \u2013 Igreja abre comemora\u00e7\u00f5es nesta ter\u00e7a-feira","datePublished":"2023-01-30T10:16:50+00:00","dateModified":"2023-01-30T10:17:51+00:00","mainEntityOfPage":{"@id":"https:\/\/www.padreeustaquio.com.br\/80-anos-de-saude-e-paz-igreja-abre-comemoracoes-nesta-terca-feira\/"},"wordCount":520,"commentCount":0,"publisher":{"@id":"https:\/\/www.padreeustaquio.com.br\/#organization"},"image":{"@id":"https:\/\/www.padreeustaquio.com.br\/80-anos-de-saude-e-paz-igreja-abre-comemoracoes-nesta-terca-feira\/#primaryimage"},"thumbnailUrl":"https:\/\/www.padreeustaquio.com.br\/wp-content\/uploads\/2023\/01\/Padre-Eustaquio-Andre-Usagi.jpeg","articleSection":["Not\u00edcias"],"inLanguage":"en-US","potentialAction":[{"@type":"CommentAction","name":"Comment","target":["https:\/\/www.padreeustaquio.com.br\/80-anos-de-saude-e-paz-igreja-abre-comemoracoes-nesta-terca-feira\/#respond"]}]},{"@type":"WebPage","@id":"https:\/\/www.padreeustaquio.com.br\/80-anos-de-saude-e-paz-igreja-abre-comemoracoes-nesta-terca-feira\/","url":"https:\/\/www.padreeustaquio.com.br\/80-anos-de-saude-e-paz-igreja-abre-comemoracoes-nesta-terca-feira\/","name":"80 Years of Health and Peace \u2013 Church opens celebrations this Tuesday.","isPartOf":{"@id":"https:\/\/www.padreeustaquio.com.br\/#website"},"primaryImageOfPage":{"@id":"https:\/\/www.padreeustaquio.com.br\/80-anos-de-saude-e-paz-igreja-abre-comemoracoes-nesta-terca-feira\/#primaryimage"},"image":{"@id":"https:\/\/www.padreeustaquio.com.br\/80-anos-de-saude-e-paz-igreja-abre-comemoracoes-nesta-terca-feira\/#primaryimage"},"thumbnailUrl":"https:\/\/www.padreeustaquio.com.br\/wp-content\/uploads\/2023\/01\/Padre-Eustaquio-Andre-Usagi.jpeg","datePublished":"2023-01-30T10:16:50+00:00","dateModified":"2023-01-30T10:17:51+00:00","description":"This year, devotees will commemorate the 80th anniversary of the death of Blessed Father Eustace. To mark the occasion, the National Secretariat for the Cause of Canonization and the Archdiocesan Sanctuary of Health and Peace are preparing a large program in memory of the Blessed.","breadcrumb":{"@id":"https:\/\/www.padreeustaquio.com.br\/80-anos-de-saude-e-paz-igreja-abre-comemoracoes-nesta-terca-feira\/#breadcrumb"},"inLanguage":"en-US","potentialAction":[{"@type":"ReadAction","target":["https:\/\/www.padreeustaquio.com.br\/80-anos-de-saude-e-paz-igreja-abre-comemoracoes-nesta-terca-feira\/"]}]},{"@type":"ImageObject","inLanguage":"en-US","@id":"https:\/\/www.padreeustaquio.com.br\/80-anos-de-saude-e-paz-igreja-abre-comemoracoes-nesta-terca-feira\/#primaryimage","url":"https:\/\/www.padreeustaquio.com.br\/wp-content\/uploads\/2023\/01\/Padre-Eustaquio-Andre-Usagi.jpeg","contentUrl":"https:\/\/www.padreeustaquio.com.br\/wp-content\/uploads\/2023\/01\/Padre-Eustaquio-Andre-Usagi.jpeg","width":1280,"height":853,"caption":"Foto: Andr\u00e9 Usagi"},{"@type":"BreadcrumbList","@id":"https:\/\/www.padreeustaquio.com.br\/80-anos-de-saude-e-paz-igreja-abre-comemoracoes-nesta-terca-feira\/#breadcrumb","itemListElement":[{"@type":"ListItem","position":1,"name":"In\u00edcio","item":"https:\/\/www.padreeustaquio.com.br\/"},{"@type":"ListItem","position":2,"name":"80 anos de Sa\u00fade e Paz \u2013 Igreja abre comemora\u00e7\u00f5es nesta ter\u00e7a-feira"}]},{"@type":"WebSite","@id":"https:\/\/www.padreeustaquio.com.br\/#website","url":"https:\/\/www.padreeustaquio.com.br\/","name":"FATHER EUST\u00c1QUIO","description":"Health and Peace","publisher":{"@id":"https:\/\/www.padreeustaquio.com.br\/#organization"},"potentialAction":[{"@type":"SearchAction","target":{"@type":"EntryPoint","urlTemplate":"https:\/\/www.padreeustaquio.com.br\/?s={search_term_string}"},"query-input":{"@type":"PropertyValueSpecification","valueRequired":true,"valueName":"search_term_string"}}],"inLanguage":"en-US"},{"@type":"Organization","@id":"https:\/\/www.padreeustaquio.com.br\/#organization","name":"FATHER EUST\u00c1QUIO","url":"https:\/\/www.padreeustaquio.com.br\/","logo":{"@type":"ImageObject","inLanguage":"en-US","@id":"https:\/\/www.padreeustaquio.com.br\/#\/schema\/logo\/image\/","url":"https:\/\/www.padreeustaquio.com.br\/wp-content\/uploads\/2019\/08\/marca.png","contentUrl":"https:\/\/www.padreeustaquio.com.br\/wp-content\/uploads\/2019\/08\/marca.png","width":350,"height":400,"caption":"Padre Eust\u00e1quio"},"image":{"@id":"https:\/\/www.padreeustaquio.com.br\/#\/schema\/logo\/image\/"},"sameAs":["https:\/\/www.facebook.com\/beatopadreeustaquio\/","https:\/\/x.com\/beatopeustaquio","https:\/\/www.instagram.com\/beatopadreeustaquio\/","https:\/\/www.youtube.com\/channel\/UCRhw7vfabnajwLxb1ZXMeIw"]},{"@type":"Person","@id":"https:\/\/www.padreeustaquio.com.br\/#\/schema\/person\/a2a51db1d00f1a7af0204a0f1ddb1566","name":"@sscc","image":{"@type":"ImageObject","inLanguage":"en-US","@id":"https:\/\/secure.gravatar.com\/avatar\/68cfafa5f44617fea54071e215026e0ff06be366c3d54a8425f04fdcb86f8c5f?s=96&d=mm&r=g","url":"https:\/\/secure.gravatar.com\/avatar\/68cfafa5f44617fea54071e215026e0ff06be366c3d54a8425f04fdcb86f8c5f?s=96&d=mm&r=g","contentUrl":"https:\/\/secure.gravatar.com\/avatar\/68cfafa5f44617fea54071e215026e0ff06be366c3d54a8425f04fdcb86f8c5f?s=96&d=mm&r=g","caption":"@sscc"},"url":"https:\/\/www.padreeustaquio.com.br\/en\/author\/sscc\/"}]}},"_links":{"self":[{"href":"https:\/\/www.padreeustaquio.com.br\/en\/wp-json\/wp\/v2\/posts\/9857","targetHints":{"allow":["GET"]}}],"collection":[{"href":"https:\/\/www.padreeustaquio.com.br\/en\/wp-json\/wp\/v2\/posts"}],"about":[{"href":"https:\/\/www.padreeustaquio.com.br\/en\/wp-json\/wp\/v2\/types\/post"}],"author":[{"embeddable":true,"href":"https:\/\/www.padreeustaquio.com.br\/en\/wp-json\/wp\/v2\/users\/2"}],"replies":[{"embeddable":true,"href":"https:\/\/www.padreeustaquio.com.br\/en\/wp-json\/wp\/v2\/comments?post=9857"}],"version-history":[{"count":0,"href":"https:\/\/www.padreeustaquio.com.br\/en\/wp-json\/wp\/v2\/posts\/9857\/revisions"}],"wp:featuredmedia":[{"embeddable":true,"href":"https:\/\/www.padreeustaquio.com.br\/en\/wp-json\/wp\/v2\/media\/9858"}],"wp:attachment":[{"href":"https:\/\/www.padreeustaquio.com.br\/en\/wp-json\/wp\/v2\/media?parent=9857"}],"wp:term":[{"taxonomy":"category","embeddable":true,"href":"https:\/\/www.padreeustaquio.com.br\/en\/wp-json\/wp\/v2\/categories?post=9857"},{"taxonomy":"post_tag","embeddable":true,"href":"https:\/\/www.padreeustaquio.com.br\/en\/wp-json\/wp\/v2\/tags?post=9857"}],"curies":[{"name":"wp","href":"https:\/\/api.w.org\/{rel}","templated":true}]}}