{"id":9770,"date":"2023-01-12T06:27:00","date_gmt":"2023-01-12T09:27:00","guid":{"rendered":"https:\/\/www.padreeustaquio.com.br\/?p=9770"},"modified":"2023-01-12T07:27:44","modified_gmt":"2023-01-12T10:27:44","slug":"father-eustaces-paths-vice-postulator-invites-you-on-a-trip-through-europe","status":"publish","type":"post","link":"https:\/\/www.padreeustaquio.com.br\/en\/father-eustaces-paths-vice-postulator-invites-you-on-a-trip-through-europe\/","title":{"rendered":"PATHS OF FATHER EUST\u00c1QUIO \u2013 Vice-postulator invites you on a journey through Europe"},"content":{"rendered":"<p>In April, Father Vin\u00edcius Maciel, SSCC, vice-postulator of the Cause of Canonization of Blessed Father Eust\u00e1quio, will be the religious assistant on a trip to Europe. Everyone is invited to embark on this itinerary that will pass through sacred and historical places, and also include participation in the Beatification of the Martyrs of the Congregation.<\/p>\n\n\n\n<p>The trip is scheduled for April 18th and will include stops in Lisbon and Fatima (Portugal); Paris (France); Leuven, Tremelo, and Brussels (Belgium); Aarle Rixtel, Delft, and Amsterdam (Netherlands); as well as Rome and Assisi (Italy) and the Vatican.<\/p>\n\n\n\n<p>Among the planned places and events are: a visit to the Sanctuary of Fatima, the Church of Saint Anthony, participation in the Beatification of the SSCC Martyrs in France, a visit to the birthplace of the Congregation of the Sacred Hearts, the tomb and house where Saint Damien of Molokai was born; the house of Blessed Father Eustace and the church where the Blessed was baptized. A visit to St. Peter&#039;s Basilica, the Sistine Chapel, the Vatican Museums and Gardens is also planned. If possible, the group will also participate in the General Audience with Pope Francis.<\/p>\n\n\n\n<p><a href=\"https:\/\/www.padreeustaquio.com.br\/en\/viagem\/\" target=\"_blank\" rel=\"noreferrer noopener\">CLICK HERE<\/a> See the full program, as well as the investment costs for this journey through the history and spirituality of our Church, the Congregation of the Sacred Hearts, and the devotion to Saint Damien and Blessed Father Eustace.<\/p>\n\n\n\n<p><\/p>","protected":false},"excerpt":{"rendered":"<p>Em abril, o Padre Vin\u00edcius Maciel, SSCC, vice-postulador da Causa de Canoniza\u00e7\u00e3o do Bem-Aventurado Padre Eust\u00e1quio, ser\u00e1 o assistente religioso numa viagem \u00e0 Europa. Todas as pessoas est\u00e3o convidadas a embarcar neste roteiro que vai passar por lugares sagrados, hist\u00f3ricos e ainda, participar da Beatifica\u00e7\u00e3o dos M\u00e1rtires da Congrega\u00e7\u00e3o. A viagem est\u00e1 marcada para o dia 18 de abril e passar\u00e1 por Lisboa e F\u00e1tima (Portugal); Paris (Fran\u00e7a); Lovaina, Tremelo e Bruxelas (B\u00e9lgica); Aarle Rixtel, Delft e Amsterd\u00e3 (Holanda); al\u00e9m de Roma e Assis (It\u00e1lia) e Vaticano. Dentre os lugares e eventos est\u00e3o previstas: a visita ao Santu\u00e1rio de F\u00e1tima, [&hellip;]<\/p>\n","protected":false},"author":2,"featured_media":9771,"comment_status":"open","ping_status":"closed","sticky":false,"template":"","format":"standard","meta":{"_acf_changed":false,"footnotes":""},"categories":[611],"tags":[],"class_list":["post-9770","post","type-post","status-publish","format-standard","has-post-thumbnail","hentry","category-noticias"],"acf":[],"yoast_head":"<!-- This site is optimized with the Yoast SEO plugin v27.2 - https:\/\/yoast.com\/product\/yoast-seo-wordpress\/ -->\n<title>CAMINHOS DO PADRE EUST\u00c1QUIO - Vice-postulador convida \u00e0 viagem pela Europa<\/title>\n<meta name=\"description\" content=\"Em abril, o Padre Vin\u00edcius Maciel, SSCC, vice-postulador da Causa de Canoniza\u00e7\u00e3o do Bem-Aventurado Padre Eust\u00e1quio, ser\u00e1 o assistente religioso numa viagem \u00e0 Europa. Todas as pessoas est\u00e3o convidadas a embarcar neste roteiro que vai passar por lugares sagrados, hist\u00f3ricos e ainda, participar da Beatifica\u00e7\u00e3o dos M\u00e1rtires da Congrega\u00e7\u00e3o.\" \/>\n<meta name=\"robots\" content=\"index, follow, max-snippet:-1, max-image-preview:large, max-video-preview:-1\" \/>\n<link rel=\"canonical\" href=\"https:\/\/www.padreeustaquio.com.br\/en\/father-eustaces-paths-vice-postulator-invites-you-on-a-trip-through-europe\/\" \/>\n<meta property=\"og:locale\" content=\"en_US\" \/>\n<meta property=\"og:type\" content=\"article\" \/>\n<meta property=\"og:title\" content=\"CAMINHOS DO PADRE EUST\u00c1QUIO - Vice-postulador convida \u00e0 viagem pela Europa\" \/>\n<meta property=\"og:description\" content=\"Em abril, o Padre Vin\u00edcius Maciel, SSCC, vice-postulador da Causa de Canoniza\u00e7\u00e3o do Bem-Aventurado Padre Eust\u00e1quio, ser\u00e1 o assistente religioso numa viagem \u00e0 Europa. Todas as pessoas est\u00e3o convidadas a embarcar neste roteiro que vai passar por lugares sagrados, hist\u00f3ricos e ainda, participar da Beatifica\u00e7\u00e3o dos M\u00e1rtires da Congrega\u00e7\u00e3o.\" \/>\n<meta property=\"og:url\" content=\"https:\/\/www.padreeustaquio.com.br\/en\/father-eustaces-paths-vice-postulator-invites-you-on-a-trip-through-europe\/\" \/>\n<meta property=\"og:site_name\" content=\"Padre Eust\u00e1quio\" \/>\n<meta property=\"article:publisher\" content=\"https:\/\/www.facebook.com\/beatopadreeustaquio\/\" \/>\n<meta property=\"article:published_time\" content=\"2023-01-12T09:27:00+00:00\" \/>\n<meta property=\"article:modified_time\" content=\"2023-01-12T10:27:44+00:00\" \/>\n<meta property=\"og:image\" content=\"https:\/\/www.padreeustaquio.com.br\/wp-content\/uploads\/2023\/01\/viagem.jpg\" \/>\n\t<meta property=\"og:image:width\" content=\"1920\" \/>\n\t<meta property=\"og:image:height\" content=\"1080\" \/>\n\t<meta property=\"og:image:type\" content=\"image\/jpeg\" \/>\n<meta name=\"author\" content=\"@sscc\" \/>\n<meta name=\"twitter:card\" content=\"summary_large_image\" \/>\n<meta name=\"twitter:creator\" content=\"@beatopeustaquio\" \/>\n<meta name=\"twitter:site\" content=\"@beatopeustaquio\" \/>\n<meta name=\"twitter:label1\" content=\"Written by\" \/>\n\t<meta name=\"twitter:data1\" content=\"@sscc\" \/>\n\t<meta name=\"twitter:label2\" content=\"Est. reading time\" \/>\n\t<meta name=\"twitter:data2\" content=\"1 minute\" \/>\n<script type=\"application\/ld+json\" class=\"yoast-schema-graph\">{\"@context\":\"https:\/\/schema.org\",\"@graph\":[{\"@type\":\"Article\",\"@id\":\"https:\/\/www.padreeustaquio.com.br\/caminhos-do-padre-eustaquio-vice-postulador-convida-a-viagem-pela-europa\/#article\",\"isPartOf\":{\"@id\":\"https:\/\/www.padreeustaquio.com.br\/caminhos-do-padre-eustaquio-vice-postulador-convida-a-viagem-pela-europa\/\"},\"author\":{\"name\":\"@sscc\",\"@id\":\"https:\/\/www.padreeustaquio.com.br\/#\/schema\/person\/a2a51db1d00f1a7af0204a0f1ddb1566\"},\"headline\":\"CAMINHOS DO PADRE EUST\u00c1QUIO &#8211; Vice-postulador convida \u00e0 viagem pela Europa\",\"datePublished\":\"2023-01-12T09:27:00+00:00\",\"dateModified\":\"2023-01-12T10:27:44+00:00\",\"mainEntityOfPage\":{\"@id\":\"https:\/\/www.padreeustaquio.com.br\/caminhos-do-padre-eustaquio-vice-postulador-convida-a-viagem-pela-europa\/\"},\"wordCount\":258,\"commentCount\":0,\"publisher\":{\"@id\":\"https:\/\/www.padreeustaquio.com.br\/#organization\"},\"image\":{\"@id\":\"https:\/\/www.padreeustaquio.com.br\/caminhos-do-padre-eustaquio-vice-postulador-convida-a-viagem-pela-europa\/#primaryimage\"},\"thumbnailUrl\":\"https:\/\/www.padreeustaquio.com.br\/wp-content\/uploads\/2023\/01\/viagem.jpg\",\"articleSection\":[\"Not\u00edcias\"],\"inLanguage\":\"en-US\",\"potentialAction\":[{\"@type\":\"CommentAction\",\"name\":\"Comment\",\"target\":[\"https:\/\/www.padreeustaquio.com.br\/caminhos-do-padre-eustaquio-vice-postulador-convida-a-viagem-pela-europa\/#respond\"]}]},{\"@type\":\"WebPage\",\"@id\":\"https:\/\/www.padreeustaquio.com.br\/caminhos-do-padre-eustaquio-vice-postulador-convida-a-viagem-pela-europa\/\",\"url\":\"https:\/\/www.padreeustaquio.com.br\/caminhos-do-padre-eustaquio-vice-postulador-convida-a-viagem-pela-europa\/\",\"name\":\"CAMINHOS DO PADRE EUST\u00c1QUIO - Vice-postulador convida \u00e0 viagem pela Europa\",\"isPartOf\":{\"@id\":\"https:\/\/www.padreeustaquio.com.br\/#website\"},\"primaryImageOfPage\":{\"@id\":\"https:\/\/www.padreeustaquio.com.br\/caminhos-do-padre-eustaquio-vice-postulador-convida-a-viagem-pela-europa\/#primaryimage\"},\"image\":{\"@id\":\"https:\/\/www.padreeustaquio.com.br\/caminhos-do-padre-eustaquio-vice-postulador-convida-a-viagem-pela-europa\/#primaryimage\"},\"thumbnailUrl\":\"https:\/\/www.padreeustaquio.com.br\/wp-content\/uploads\/2023\/01\/viagem.jpg\",\"datePublished\":\"2023-01-12T09:27:00+00:00\",\"dateModified\":\"2023-01-12T10:27:44+00:00\",\"description\":\"Em abril, o Padre Vin\u00edcius Maciel, SSCC, vice-postulador da Causa de Canoniza\u00e7\u00e3o do Bem-Aventurado Padre Eust\u00e1quio, ser\u00e1 o assistente religioso numa viagem \u00e0 Europa. Todas as pessoas est\u00e3o convidadas a embarcar neste roteiro que vai passar por lugares sagrados, hist\u00f3ricos e ainda, participar da Beatifica\u00e7\u00e3o dos M\u00e1rtires da Congrega\u00e7\u00e3o.\",\"breadcrumb\":{\"@id\":\"https:\/\/www.padreeustaquio.com.br\/caminhos-do-padre-eustaquio-vice-postulador-convida-a-viagem-pela-europa\/#breadcrumb\"},\"inLanguage\":\"en-US\",\"potentialAction\":[{\"@type\":\"ReadAction\",\"target\":[\"https:\/\/www.padreeustaquio.com.br\/caminhos-do-padre-eustaquio-vice-postulador-convida-a-viagem-pela-europa\/\"]}]},{\"@type\":\"ImageObject\",\"inLanguage\":\"en-US\",\"@id\":\"https:\/\/www.padreeustaquio.com.br\/caminhos-do-padre-eustaquio-vice-postulador-convida-a-viagem-pela-europa\/#primaryimage\",\"url\":\"https:\/\/www.padreeustaquio.com.br\/wp-content\/uploads\/2023\/01\/viagem.jpg\",\"contentUrl\":\"https:\/\/www.padreeustaquio.com.br\/wp-content\/uploads\/2023\/01\/viagem.jpg\",\"width\":1920,\"height\":1080},{\"@type\":\"BreadcrumbList\",\"@id\":\"https:\/\/www.padreeustaquio.com.br\/caminhos-do-padre-eustaquio-vice-postulador-convida-a-viagem-pela-europa\/#breadcrumb\",\"itemListElement\":[{\"@type\":\"ListItem\",\"position\":1,\"name\":\"In\u00edcio\",\"item\":\"https:\/\/www.padreeustaquio.com.br\/\"},{\"@type\":\"ListItem\",\"position\":2,\"name\":\"CAMINHOS DO PADRE EUST\u00c1QUIO &#8211; Vice-postulador convida \u00e0 viagem pela Europa\"}]},{\"@type\":\"WebSite\",\"@id\":\"https:\/\/www.padreeustaquio.com.br\/#website\",\"url\":\"https:\/\/www.padreeustaquio.com.br\/\",\"name\":\"Padre Eust\u00e1quio\",\"description\":\"Sa\u00fade e Paz\",\"publisher\":{\"@id\":\"https:\/\/www.padreeustaquio.com.br\/#organization\"},\"potentialAction\":[{\"@type\":\"SearchAction\",\"target\":{\"@type\":\"EntryPoint\",\"urlTemplate\":\"https:\/\/www.padreeustaquio.com.br\/?s={search_term_string}\"},\"query-input\":{\"@type\":\"PropertyValueSpecification\",\"valueRequired\":true,\"valueName\":\"search_term_string\"}}],\"inLanguage\":\"en-US\"},{\"@type\":\"Organization\",\"@id\":\"https:\/\/www.padreeustaquio.com.br\/#organization\",\"name\":\"Padre Eust\u00e1quio\",\"url\":\"https:\/\/www.padreeustaquio.com.br\/\",\"logo\":{\"@type\":\"ImageObject\",\"inLanguage\":\"en-US\",\"@id\":\"https:\/\/www.padreeustaquio.com.br\/#\/schema\/logo\/image\/\",\"url\":\"https:\/\/www.padreeustaquio.com.br\/wp-content\/uploads\/2019\/08\/marca.png\",\"contentUrl\":\"https:\/\/www.padreeustaquio.com.br\/wp-content\/uploads\/2019\/08\/marca.png\",\"width\":350,\"height\":400,\"caption\":\"Padre Eust\u00e1quio\"},\"image\":{\"@id\":\"https:\/\/www.padreeustaquio.com.br\/#\/schema\/logo\/image\/\"},\"sameAs\":[\"https:\/\/www.facebook.com\/beatopadreeustaquio\/\",\"https:\/\/x.com\/beatopeustaquio\",\"https:\/\/www.instagram.com\/beatopadreeustaquio\/\",\"https:\/\/www.youtube.com\/channel\/UCRhw7vfabnajwLxb1ZXMeIw\"]},{\"@type\":\"Person\",\"@id\":\"https:\/\/www.padreeustaquio.com.br\/#\/schema\/person\/a2a51db1d00f1a7af0204a0f1ddb1566\",\"name\":\"@sscc\",\"image\":{\"@type\":\"ImageObject\",\"inLanguage\":\"en-US\",\"@id\":\"https:\/\/secure.gravatar.com\/avatar\/68cfafa5f44617fea54071e215026e0ff06be366c3d54a8425f04fdcb86f8c5f?s=96&d=mm&r=g\",\"url\":\"https:\/\/secure.gravatar.com\/avatar\/68cfafa5f44617fea54071e215026e0ff06be366c3d54a8425f04fdcb86f8c5f?s=96&d=mm&r=g\",\"contentUrl\":\"https:\/\/secure.gravatar.com\/avatar\/68cfafa5f44617fea54071e215026e0ff06be366c3d54a8425f04fdcb86f8c5f?s=96&d=mm&r=g\",\"caption\":\"@sscc\"},\"url\":\"https:\/\/www.padreeustaquio.com.br\/en\/author\/sscc\/\"}]}<\/script>\n<!-- \/ Yoast SEO plugin. -->","yoast_head_json":{"title":"PATHS OF FATHER EUST\u00c1QUIO - Vice-postulator invites you on a journey through Europe","description":"In April, Father Vin\u00edcius Maciel, SSCC, vice-postulator of the Cause of Canonization of Blessed Father Eust\u00e1quio, will be the religious assistant on a trip to Europe. Everyone is invited to embark on this itinerary that will pass through sacred and historical places, and also include participation in the Beatification of the Martyrs of the Congregation.","robots":{"index":"index","follow":"follow","max-snippet":"max-snippet:-1","max-image-preview":"max-image-preview:large","max-video-preview":"max-video-preview:-1"},"canonical":"https:\/\/www.padreeustaquio.com.br\/en\/father-eustaces-paths-vice-postulator-invites-you-on-a-trip-through-europe\/","og_locale":"en_US","og_type":"article","og_title":"CAMINHOS DO PADRE EUST\u00c1QUIO - Vice-postulador convida \u00e0 viagem pela Europa","og_description":"Em abril, o Padre Vin\u00edcius Maciel, SSCC, vice-postulador da Causa de Canoniza\u00e7\u00e3o do Bem-Aventurado Padre Eust\u00e1quio, ser\u00e1 o assistente religioso numa viagem \u00e0 Europa. Todas as pessoas est\u00e3o convidadas a embarcar neste roteiro que vai passar por lugares sagrados, hist\u00f3ricos e ainda, participar da Beatifica\u00e7\u00e3o dos M\u00e1rtires da Congrega\u00e7\u00e3o.","og_url":"https:\/\/www.padreeustaquio.com.br\/en\/father-eustaces-paths-vice-postulator-invites-you-on-a-trip-through-europe\/","og_site_name":"Padre Eust\u00e1quio","article_publisher":"https:\/\/www.facebook.com\/beatopadreeustaquio\/","article_published_time":"2023-01-12T09:27:00+00:00","article_modified_time":"2023-01-12T10:27:44+00:00","og_image":[{"width":1920,"height":1080,"url":"https:\/\/www.padreeustaquio.com.br\/wp-content\/uploads\/2023\/01\/viagem.jpg","type":"image\/jpeg"}],"author":"@sscc","twitter_card":"summary_large_image","twitter_creator":"@beatopeustaquio","twitter_site":"@beatopeustaquio","twitter_misc":{"Written by":"@sscc","Est. reading time":"1 minute"},"schema":{"@context":"https:\/\/schema.org","@graph":[{"@type":"Article","@id":"https:\/\/www.padreeustaquio.com.br\/caminhos-do-padre-eustaquio-vice-postulador-convida-a-viagem-pela-europa\/#article","isPartOf":{"@id":"https:\/\/www.padreeustaquio.com.br\/caminhos-do-padre-eustaquio-vice-postulador-convida-a-viagem-pela-europa\/"},"author":{"name":"@sscc","@id":"https:\/\/www.padreeustaquio.com.br\/#\/schema\/person\/a2a51db1d00f1a7af0204a0f1ddb1566"},"headline":"CAMINHOS DO PADRE EUST\u00c1QUIO &#8211; Vice-postulador convida \u00e0 viagem pela Europa","datePublished":"2023-01-12T09:27:00+00:00","dateModified":"2023-01-12T10:27:44+00:00","mainEntityOfPage":{"@id":"https:\/\/www.padreeustaquio.com.br\/caminhos-do-padre-eustaquio-vice-postulador-convida-a-viagem-pela-europa\/"},"wordCount":258,"commentCount":0,"publisher":{"@id":"https:\/\/www.padreeustaquio.com.br\/#organization"},"image":{"@id":"https:\/\/www.padreeustaquio.com.br\/caminhos-do-padre-eustaquio-vice-postulador-convida-a-viagem-pela-europa\/#primaryimage"},"thumbnailUrl":"https:\/\/www.padreeustaquio.com.br\/wp-content\/uploads\/2023\/01\/viagem.jpg","articleSection":["Not\u00edcias"],"inLanguage":"en-US","potentialAction":[{"@type":"CommentAction","name":"Comment","target":["https:\/\/www.padreeustaquio.com.br\/caminhos-do-padre-eustaquio-vice-postulador-convida-a-viagem-pela-europa\/#respond"]}]},{"@type":"WebPage","@id":"https:\/\/www.padreeustaquio.com.br\/caminhos-do-padre-eustaquio-vice-postulador-convida-a-viagem-pela-europa\/","url":"https:\/\/www.padreeustaquio.com.br\/caminhos-do-padre-eustaquio-vice-postulador-convida-a-viagem-pela-europa\/","name":"PATHS OF FATHER EUST\u00c1QUIO - Vice-postulator invites you on a journey through Europe","isPartOf":{"@id":"https:\/\/www.padreeustaquio.com.br\/#website"},"primaryImageOfPage":{"@id":"https:\/\/www.padreeustaquio.com.br\/caminhos-do-padre-eustaquio-vice-postulador-convida-a-viagem-pela-europa\/#primaryimage"},"image":{"@id":"https:\/\/www.padreeustaquio.com.br\/caminhos-do-padre-eustaquio-vice-postulador-convida-a-viagem-pela-europa\/#primaryimage"},"thumbnailUrl":"https:\/\/www.padreeustaquio.com.br\/wp-content\/uploads\/2023\/01\/viagem.jpg","datePublished":"2023-01-12T09:27:00+00:00","dateModified":"2023-01-12T10:27:44+00:00","description":"In April, Father Vin\u00edcius Maciel, SSCC, vice-postulator of the Cause of Canonization of Blessed Father Eust\u00e1quio, will be the religious assistant on a trip to Europe. Everyone is invited to embark on this itinerary that will pass through sacred and historical places, and also include participation in the Beatification of the Martyrs of the Congregation.","breadcrumb":{"@id":"https:\/\/www.padreeustaquio.com.br\/caminhos-do-padre-eustaquio-vice-postulador-convida-a-viagem-pela-europa\/#breadcrumb"},"inLanguage":"en-US","potentialAction":[{"@type":"ReadAction","target":["https:\/\/www.padreeustaquio.com.br\/caminhos-do-padre-eustaquio-vice-postulador-convida-a-viagem-pela-europa\/"]}]},{"@type":"ImageObject","inLanguage":"en-US","@id":"https:\/\/www.padreeustaquio.com.br\/caminhos-do-padre-eustaquio-vice-postulador-convida-a-viagem-pela-europa\/#primaryimage","url":"https:\/\/www.padreeustaquio.com.br\/wp-content\/uploads\/2023\/01\/viagem.jpg","contentUrl":"https:\/\/www.padreeustaquio.com.br\/wp-content\/uploads\/2023\/01\/viagem.jpg","width":1920,"height":1080},{"@type":"BreadcrumbList","@id":"https:\/\/www.padreeustaquio.com.br\/caminhos-do-padre-eustaquio-vice-postulador-convida-a-viagem-pela-europa\/#breadcrumb","itemListElement":[{"@type":"ListItem","position":1,"name":"In\u00edcio","item":"https:\/\/www.padreeustaquio.com.br\/"},{"@type":"ListItem","position":2,"name":"CAMINHOS DO PADRE EUST\u00c1QUIO &#8211; Vice-postulador convida \u00e0 viagem pela Europa"}]},{"@type":"WebSite","@id":"https:\/\/www.padreeustaquio.com.br\/#website","url":"https:\/\/www.padreeustaquio.com.br\/","name":"FATHER EUST\u00c1QUIO","description":"Health and Peace","publisher":{"@id":"https:\/\/www.padreeustaquio.com.br\/#organization"},"potentialAction":[{"@type":"SearchAction","target":{"@type":"EntryPoint","urlTemplate":"https:\/\/www.padreeustaquio.com.br\/?s={search_term_string}"},"query-input":{"@type":"PropertyValueSpecification","valueRequired":true,"valueName":"search_term_string"}}],"inLanguage":"en-US"},{"@type":"Organization","@id":"https:\/\/www.padreeustaquio.com.br\/#organization","name":"FATHER EUST\u00c1QUIO","url":"https:\/\/www.padreeustaquio.com.br\/","logo":{"@type":"ImageObject","inLanguage":"en-US","@id":"https:\/\/www.padreeustaquio.com.br\/#\/schema\/logo\/image\/","url":"https:\/\/www.padreeustaquio.com.br\/wp-content\/uploads\/2019\/08\/marca.png","contentUrl":"https:\/\/www.padreeustaquio.com.br\/wp-content\/uploads\/2019\/08\/marca.png","width":350,"height":400,"caption":"Padre Eust\u00e1quio"},"image":{"@id":"https:\/\/www.padreeustaquio.com.br\/#\/schema\/logo\/image\/"},"sameAs":["https:\/\/www.facebook.com\/beatopadreeustaquio\/","https:\/\/x.com\/beatopeustaquio","https:\/\/www.instagram.com\/beatopadreeustaquio\/","https:\/\/www.youtube.com\/channel\/UCRhw7vfabnajwLxb1ZXMeIw"]},{"@type":"Person","@id":"https:\/\/www.padreeustaquio.com.br\/#\/schema\/person\/a2a51db1d00f1a7af0204a0f1ddb1566","name":"@sscc","image":{"@type":"ImageObject","inLanguage":"en-US","@id":"https:\/\/secure.gravatar.com\/avatar\/68cfafa5f44617fea54071e215026e0ff06be366c3d54a8425f04fdcb86f8c5f?s=96&d=mm&r=g","url":"https:\/\/secure.gravatar.com\/avatar\/68cfafa5f44617fea54071e215026e0ff06be366c3d54a8425f04fdcb86f8c5f?s=96&d=mm&r=g","contentUrl":"https:\/\/secure.gravatar.com\/avatar\/68cfafa5f44617fea54071e215026e0ff06be366c3d54a8425f04fdcb86f8c5f?s=96&d=mm&r=g","caption":"@sscc"},"url":"https:\/\/www.padreeustaquio.com.br\/en\/author\/sscc\/"}]}},"_links":{"self":[{"href":"https:\/\/www.padreeustaquio.com.br\/en\/wp-json\/wp\/v2\/posts\/9770","targetHints":{"allow":["GET"]}}],"collection":[{"href":"https:\/\/www.padreeustaquio.com.br\/en\/wp-json\/wp\/v2\/posts"}],"about":[{"href":"https:\/\/www.padreeustaquio.com.br\/en\/wp-json\/wp\/v2\/types\/post"}],"author":[{"embeddable":true,"href":"https:\/\/www.padreeustaquio.com.br\/en\/wp-json\/wp\/v2\/users\/2"}],"replies":[{"embeddable":true,"href":"https:\/\/www.padreeustaquio.com.br\/en\/wp-json\/wp\/v2\/comments?post=9770"}],"version-history":[{"count":0,"href":"https:\/\/www.padreeustaquio.com.br\/en\/wp-json\/wp\/v2\/posts\/9770\/revisions"}],"wp:featuredmedia":[{"embeddable":true,"href":"https:\/\/www.padreeustaquio.com.br\/en\/wp-json\/wp\/v2\/media\/9771"}],"wp:attachment":[{"href":"https:\/\/www.padreeustaquio.com.br\/en\/wp-json\/wp\/v2\/media?parent=9770"}],"wp:term":[{"taxonomy":"category","embeddable":true,"href":"https:\/\/www.padreeustaquio.com.br\/en\/wp-json\/wp\/v2\/categories?post=9770"},{"taxonomy":"post_tag","embeddable":true,"href":"https:\/\/www.padreeustaquio.com.br\/en\/wp-json\/wp\/v2\/tags?post=9770"}],"curies":[{"name":"wp","href":"https:\/\/api.w.org\/{rel}","templated":true}]}}