{"id":9761,"date":"2023-01-19T06:32:00","date_gmt":"2023-01-19T09:32:00","guid":{"rendered":"https:\/\/www.padreeustaquio.com.br\/?p=9761"},"modified":"2023-01-11T10:37:59","modified_gmt":"2023-01-11T13:37:59","slug":"spirituality-series-by-father-eustaquio-devotion-to-the-blessed-virgin-mary","status":"publish","type":"post","link":"https:\/\/www.padreeustaquio.com.br\/en\/spirituality-series-by-father-eustaquio-devotion-to-the-blessed-virgin-mary\/","title":{"rendered":"Spirituality Series by Father Eust\u00e1quio: Devotion to the Blessed Virgin Mary"},"content":{"rendered":"<p>In the fourth text about the Spirituality of the Blessed One, his devotion to Our Lady could not be omitted. Today&#039;s material offers a little more on this, check it out!<\/p>\n\n\n\n<p>One characteristic of Father Eustace&#039;s true holiness in the Church was always his filial devotion to the Blessed Virgin Mary, Mother of God. It is no wonder that the Blessed, belonging to the Congregation of the Sacred Hearts of Jesus and Mary, had a true and filial devotion to the Virgin Mary.<\/p>\n\n\n\n<p>There are many writings by the Blessed One about the Virgin Mary, especially under the title of the Holy Rosary, such as this one for example:\u201c<em>May God grant that the Catholics of our time rejoice in the celestial echo of their prayers here on earth, especially their rosary, praying devoutly every day in praise of that holy and good Mother, of whom we speak and preach so much, but it is never too much, never enough, for she is the queen of the rosary, the queen of grace, the inexhaustible source of goodness and help.<\/em>\u201d.<\/p>\n\n\n\n<p>The devotion of Blessed Father Eustace to the mother of Jesus can also be seen in the following text:\u201c<em>In truth, Our Lady is my mother, your mother, our beloved mother. Mother of humankind. With the help of this mother, let us meditate on the destiny of humanity, on the end of man. Consider that you are not in the world by chance: some purpose has been set. This purpose is the glory of God. We were created to know Him, to love Him, to serve Him.<\/em>\u201d<\/p>\n\n\n\n<p><\/p>","protected":false},"excerpt":{"rendered":"<p>No quarto texto sobre a Espiritualidade do Beato, n\u00e3o poderia faltar a devo\u00e7\u00e3o dele \u00e0 Nossa Senhora. O material de hoje traz um pouco mais sobre isto, confira! Uma caracter\u00edstica da verdadeira santidade de Padre Eust\u00e1quio na Igreja foi sempre a filial devo\u00e7\u00e3o \u00e0 Bem-aventurada Virgem Maria, M\u00e3e de Deus. N\u00e3o \u00e9 de se admirar que o Beato, pertencente \u00e0 Congrega\u00e7\u00e3o dos Sagrados Cora\u00e7\u00f5es de Jesus e de Maria, tivesse uma verdadeira e filial devo\u00e7\u00e3o \u00e0 Virgem Maria. H\u00e1 muitos escritos do Bem-aventurado sobre a Virgem Maria, especialmente com o t\u00edtulo do Santo Ros\u00e1rio, como este por exemplo: \u201cpermita Deus [&hellip;]<\/p>\n","protected":false},"author":2,"featured_media":9762,"comment_status":"open","ping_status":"closed","sticky":false,"template":"","format":"standard","meta":{"_acf_changed":false,"footnotes":""},"categories":[611],"tags":[],"class_list":["post-9761","post","type-post","status-publish","format-standard","has-post-thumbnail","hentry","category-noticias"],"acf":[],"yoast_head":"<!-- This site is optimized with the Yoast SEO plugin v27.2 - https:\/\/yoast.com\/product\/yoast-seo-wordpress\/ -->\n<title>S\u00e9rie ESPIRITUALIDADE DE PADRE EUST\u00c1QUIO: devo\u00e7\u00e3o \u00e0 Sant\u00edssima Virgem Maria<\/title>\n<meta name=\"description\" content=\"No quarto texto sobre a Espiritualidade do Beato, n\u00e3o poderia faltar a devo\u00e7\u00e3o dele \u00e0 Nossa Senhora. O material de hoje traz um pouco mais sobre isto, confira!\" \/>\n<meta name=\"robots\" content=\"index, follow, max-snippet:-1, max-image-preview:large, max-video-preview:-1\" \/>\n<link rel=\"canonical\" href=\"https:\/\/www.padreeustaquio.com.br\/en\/spirituality-series-by-father-eustaquio-devotion-to-the-blessed-virgin-mary\/\" \/>\n<meta property=\"og:locale\" content=\"en_US\" \/>\n<meta property=\"og:type\" content=\"article\" \/>\n<meta property=\"og:title\" content=\"S\u00e9rie ESPIRITUALIDADE DE PADRE EUST\u00c1QUIO: devo\u00e7\u00e3o \u00e0 Sant\u00edssima Virgem Maria\" \/>\n<meta property=\"og:description\" content=\"No quarto texto sobre a Espiritualidade do Beato, n\u00e3o poderia faltar a devo\u00e7\u00e3o dele \u00e0 Nossa Senhora. O material de hoje traz um pouco mais sobre isto, confira!\" \/>\n<meta property=\"og:url\" content=\"https:\/\/www.padreeustaquio.com.br\/en\/spirituality-series-by-father-eustaquio-devotion-to-the-blessed-virgin-mary\/\" \/>\n<meta property=\"og:site_name\" content=\"Padre Eust\u00e1quio\" \/>\n<meta property=\"article:publisher\" content=\"https:\/\/www.facebook.com\/beatopadreeustaquio\/\" \/>\n<meta property=\"article:published_time\" content=\"2023-01-19T09:32:00+00:00\" \/>\n<meta property=\"og:image\" content=\"https:\/\/www.padreeustaquio.com.br\/wp-content\/uploads\/2023\/01\/espiritualidade-4.jpeg\" \/>\n\t<meta property=\"og:image:width\" content=\"620\" \/>\n\t<meta property=\"og:image:height\" content=\"454\" \/>\n\t<meta property=\"og:image:type\" content=\"image\/jpeg\" \/>\n<meta name=\"author\" content=\"@sscc\" \/>\n<meta name=\"twitter:card\" content=\"summary_large_image\" \/>\n<meta name=\"twitter:creator\" content=\"@beatopeustaquio\" \/>\n<meta name=\"twitter:site\" content=\"@beatopeustaquio\" \/>\n<meta name=\"twitter:label1\" content=\"Written by\" \/>\n\t<meta name=\"twitter:data1\" content=\"@sscc\" \/>\n\t<meta name=\"twitter:label2\" content=\"Est. reading time\" \/>\n\t<meta name=\"twitter:data2\" content=\"2 minutes\" \/>\n<script type=\"application\/ld+json\" class=\"yoast-schema-graph\">{\"@context\":\"https:\/\/schema.org\",\"@graph\":[{\"@type\":\"Article\",\"@id\":\"https:\/\/www.padreeustaquio.com.br\/serie-espiritualidade-de-padre-eustaquio-devocao-a-santissima-virgem-maria\/#article\",\"isPartOf\":{\"@id\":\"https:\/\/www.padreeustaquio.com.br\/serie-espiritualidade-de-padre-eustaquio-devocao-a-santissima-virgem-maria\/\"},\"author\":{\"name\":\"@sscc\",\"@id\":\"https:\/\/www.padreeustaquio.com.br\/#\/schema\/person\/a2a51db1d00f1a7af0204a0f1ddb1566\"},\"headline\":\"S\u00e9rie ESPIRITUALIDADE DE PADRE EUST\u00c1QUIO: devo\u00e7\u00e3o \u00e0 Sant\u00edssima Virgem Maria\",\"datePublished\":\"2023-01-19T09:32:00+00:00\",\"mainEntityOfPage\":{\"@id\":\"https:\/\/www.padreeustaquio.com.br\/serie-espiritualidade-de-padre-eustaquio-devocao-a-santissima-virgem-maria\/\"},\"wordCount\":284,\"commentCount\":0,\"publisher\":{\"@id\":\"https:\/\/www.padreeustaquio.com.br\/#organization\"},\"image\":{\"@id\":\"https:\/\/www.padreeustaquio.com.br\/serie-espiritualidade-de-padre-eustaquio-devocao-a-santissima-virgem-maria\/#primaryimage\"},\"thumbnailUrl\":\"https:\/\/www.padreeustaquio.com.br\/wp-content\/uploads\/2023\/01\/espiritualidade-4.jpeg\",\"articleSection\":[\"Not\u00edcias\"],\"inLanguage\":\"en-US\",\"potentialAction\":[{\"@type\":\"CommentAction\",\"name\":\"Comment\",\"target\":[\"https:\/\/www.padreeustaquio.com.br\/serie-espiritualidade-de-padre-eustaquio-devocao-a-santissima-virgem-maria\/#respond\"]}]},{\"@type\":\"WebPage\",\"@id\":\"https:\/\/www.padreeustaquio.com.br\/serie-espiritualidade-de-padre-eustaquio-devocao-a-santissima-virgem-maria\/\",\"url\":\"https:\/\/www.padreeustaquio.com.br\/serie-espiritualidade-de-padre-eustaquio-devocao-a-santissima-virgem-maria\/\",\"name\":\"S\u00e9rie ESPIRITUALIDADE DE PADRE EUST\u00c1QUIO: devo\u00e7\u00e3o \u00e0 Sant\u00edssima Virgem Maria\",\"isPartOf\":{\"@id\":\"https:\/\/www.padreeustaquio.com.br\/#website\"},\"primaryImageOfPage\":{\"@id\":\"https:\/\/www.padreeustaquio.com.br\/serie-espiritualidade-de-padre-eustaquio-devocao-a-santissima-virgem-maria\/#primaryimage\"},\"image\":{\"@id\":\"https:\/\/www.padreeustaquio.com.br\/serie-espiritualidade-de-padre-eustaquio-devocao-a-santissima-virgem-maria\/#primaryimage\"},\"thumbnailUrl\":\"https:\/\/www.padreeustaquio.com.br\/wp-content\/uploads\/2023\/01\/espiritualidade-4.jpeg\",\"datePublished\":\"2023-01-19T09:32:00+00:00\",\"description\":\"No quarto texto sobre a Espiritualidade do Beato, n\u00e3o poderia faltar a devo\u00e7\u00e3o dele \u00e0 Nossa Senhora. O material de hoje traz um pouco mais sobre isto, confira!\",\"breadcrumb\":{\"@id\":\"https:\/\/www.padreeustaquio.com.br\/serie-espiritualidade-de-padre-eustaquio-devocao-a-santissima-virgem-maria\/#breadcrumb\"},\"inLanguage\":\"en-US\",\"potentialAction\":[{\"@type\":\"ReadAction\",\"target\":[\"https:\/\/www.padreeustaquio.com.br\/serie-espiritualidade-de-padre-eustaquio-devocao-a-santissima-virgem-maria\/\"]}]},{\"@type\":\"ImageObject\",\"inLanguage\":\"en-US\",\"@id\":\"https:\/\/www.padreeustaquio.com.br\/serie-espiritualidade-de-padre-eustaquio-devocao-a-santissima-virgem-maria\/#primaryimage\",\"url\":\"https:\/\/www.padreeustaquio.com.br\/wp-content\/uploads\/2023\/01\/espiritualidade-4.jpeg\",\"contentUrl\":\"https:\/\/www.padreeustaquio.com.br\/wp-content\/uploads\/2023\/01\/espiritualidade-4.jpeg\",\"width\":620,\"height\":454},{\"@type\":\"BreadcrumbList\",\"@id\":\"https:\/\/www.padreeustaquio.com.br\/serie-espiritualidade-de-padre-eustaquio-devocao-a-santissima-virgem-maria\/#breadcrumb\",\"itemListElement\":[{\"@type\":\"ListItem\",\"position\":1,\"name\":\"In\u00edcio\",\"item\":\"https:\/\/www.padreeustaquio.com.br\/\"},{\"@type\":\"ListItem\",\"position\":2,\"name\":\"S\u00e9rie ESPIRITUALIDADE DE PADRE EUST\u00c1QUIO: devo\u00e7\u00e3o \u00e0 Sant\u00edssima Virgem Maria\"}]},{\"@type\":\"WebSite\",\"@id\":\"https:\/\/www.padreeustaquio.com.br\/#website\",\"url\":\"https:\/\/www.padreeustaquio.com.br\/\",\"name\":\"Padre Eust\u00e1quio\",\"description\":\"Sa\u00fade e Paz\",\"publisher\":{\"@id\":\"https:\/\/www.padreeustaquio.com.br\/#organization\"},\"potentialAction\":[{\"@type\":\"SearchAction\",\"target\":{\"@type\":\"EntryPoint\",\"urlTemplate\":\"https:\/\/www.padreeustaquio.com.br\/?s={search_term_string}\"},\"query-input\":{\"@type\":\"PropertyValueSpecification\",\"valueRequired\":true,\"valueName\":\"search_term_string\"}}],\"inLanguage\":\"en-US\"},{\"@type\":\"Organization\",\"@id\":\"https:\/\/www.padreeustaquio.com.br\/#organization\",\"name\":\"Padre Eust\u00e1quio\",\"url\":\"https:\/\/www.padreeustaquio.com.br\/\",\"logo\":{\"@type\":\"ImageObject\",\"inLanguage\":\"en-US\",\"@id\":\"https:\/\/www.padreeustaquio.com.br\/#\/schema\/logo\/image\/\",\"url\":\"https:\/\/www.padreeustaquio.com.br\/wp-content\/uploads\/2019\/08\/marca.png\",\"contentUrl\":\"https:\/\/www.padreeustaquio.com.br\/wp-content\/uploads\/2019\/08\/marca.png\",\"width\":350,\"height\":400,\"caption\":\"Padre Eust\u00e1quio\"},\"image\":{\"@id\":\"https:\/\/www.padreeustaquio.com.br\/#\/schema\/logo\/image\/\"},\"sameAs\":[\"https:\/\/www.facebook.com\/beatopadreeustaquio\/\",\"https:\/\/x.com\/beatopeustaquio\",\"https:\/\/www.instagram.com\/beatopadreeustaquio\/\",\"https:\/\/www.youtube.com\/channel\/UCRhw7vfabnajwLxb1ZXMeIw\"]},{\"@type\":\"Person\",\"@id\":\"https:\/\/www.padreeustaquio.com.br\/#\/schema\/person\/a2a51db1d00f1a7af0204a0f1ddb1566\",\"name\":\"@sscc\",\"image\":{\"@type\":\"ImageObject\",\"inLanguage\":\"en-US\",\"@id\":\"https:\/\/secure.gravatar.com\/avatar\/68cfafa5f44617fea54071e215026e0ff06be366c3d54a8425f04fdcb86f8c5f?s=96&d=mm&r=g\",\"url\":\"https:\/\/secure.gravatar.com\/avatar\/68cfafa5f44617fea54071e215026e0ff06be366c3d54a8425f04fdcb86f8c5f?s=96&d=mm&r=g\",\"contentUrl\":\"https:\/\/secure.gravatar.com\/avatar\/68cfafa5f44617fea54071e215026e0ff06be366c3d54a8425f04fdcb86f8c5f?s=96&d=mm&r=g\",\"caption\":\"@sscc\"},\"url\":\"https:\/\/www.padreeustaquio.com.br\/en\/author\/sscc\/\"}]}<\/script>\n<!-- \/ Yoast SEO plugin. -->","yoast_head_json":{"title":"Spirituality Series by Father Eust\u00e1quio: Devotion to the Blessed Virgin Mary","description":"In the fourth text about the Spirituality of the Blessed One, his devotion to Our Lady could not be omitted. Today&#039;s material offers a little more on this, check it out!","robots":{"index":"index","follow":"follow","max-snippet":"max-snippet:-1","max-image-preview":"max-image-preview:large","max-video-preview":"max-video-preview:-1"},"canonical":"https:\/\/www.padreeustaquio.com.br\/en\/spirituality-series-by-father-eustaquio-devotion-to-the-blessed-virgin-mary\/","og_locale":"en_US","og_type":"article","og_title":"S\u00e9rie ESPIRITUALIDADE DE PADRE EUST\u00c1QUIO: devo\u00e7\u00e3o \u00e0 Sant\u00edssima Virgem Maria","og_description":"No quarto texto sobre a Espiritualidade do Beato, n\u00e3o poderia faltar a devo\u00e7\u00e3o dele \u00e0 Nossa Senhora. O material de hoje traz um pouco mais sobre isto, confira!","og_url":"https:\/\/www.padreeustaquio.com.br\/en\/spirituality-series-by-father-eustaquio-devotion-to-the-blessed-virgin-mary\/","og_site_name":"Padre Eust\u00e1quio","article_publisher":"https:\/\/www.facebook.com\/beatopadreeustaquio\/","article_published_time":"2023-01-19T09:32:00+00:00","og_image":[{"width":620,"height":454,"url":"https:\/\/www.padreeustaquio.com.br\/wp-content\/uploads\/2023\/01\/espiritualidade-4.jpeg","type":"image\/jpeg"}],"author":"@sscc","twitter_card":"summary_large_image","twitter_creator":"@beatopeustaquio","twitter_site":"@beatopeustaquio","twitter_misc":{"Written by":"@sscc","Est. reading time":"2 minutes"},"schema":{"@context":"https:\/\/schema.org","@graph":[{"@type":"Article","@id":"https:\/\/www.padreeustaquio.com.br\/serie-espiritualidade-de-padre-eustaquio-devocao-a-santissima-virgem-maria\/#article","isPartOf":{"@id":"https:\/\/www.padreeustaquio.com.br\/serie-espiritualidade-de-padre-eustaquio-devocao-a-santissima-virgem-maria\/"},"author":{"name":"@sscc","@id":"https:\/\/www.padreeustaquio.com.br\/#\/schema\/person\/a2a51db1d00f1a7af0204a0f1ddb1566"},"headline":"S\u00e9rie ESPIRITUALIDADE DE PADRE EUST\u00c1QUIO: devo\u00e7\u00e3o \u00e0 Sant\u00edssima Virgem Maria","datePublished":"2023-01-19T09:32:00+00:00","mainEntityOfPage":{"@id":"https:\/\/www.padreeustaquio.com.br\/serie-espiritualidade-de-padre-eustaquio-devocao-a-santissima-virgem-maria\/"},"wordCount":284,"commentCount":0,"publisher":{"@id":"https:\/\/www.padreeustaquio.com.br\/#organization"},"image":{"@id":"https:\/\/www.padreeustaquio.com.br\/serie-espiritualidade-de-padre-eustaquio-devocao-a-santissima-virgem-maria\/#primaryimage"},"thumbnailUrl":"https:\/\/www.padreeustaquio.com.br\/wp-content\/uploads\/2023\/01\/espiritualidade-4.jpeg","articleSection":["Not\u00edcias"],"inLanguage":"en-US","potentialAction":[{"@type":"CommentAction","name":"Comment","target":["https:\/\/www.padreeustaquio.com.br\/serie-espiritualidade-de-padre-eustaquio-devocao-a-santissima-virgem-maria\/#respond"]}]},{"@type":"WebPage","@id":"https:\/\/www.padreeustaquio.com.br\/serie-espiritualidade-de-padre-eustaquio-devocao-a-santissima-virgem-maria\/","url":"https:\/\/www.padreeustaquio.com.br\/serie-espiritualidade-de-padre-eustaquio-devocao-a-santissima-virgem-maria\/","name":"Spirituality Series by Father Eust\u00e1quio: Devotion to the Blessed Virgin Mary","isPartOf":{"@id":"https:\/\/www.padreeustaquio.com.br\/#website"},"primaryImageOfPage":{"@id":"https:\/\/www.padreeustaquio.com.br\/serie-espiritualidade-de-padre-eustaquio-devocao-a-santissima-virgem-maria\/#primaryimage"},"image":{"@id":"https:\/\/www.padreeustaquio.com.br\/serie-espiritualidade-de-padre-eustaquio-devocao-a-santissima-virgem-maria\/#primaryimage"},"thumbnailUrl":"https:\/\/www.padreeustaquio.com.br\/wp-content\/uploads\/2023\/01\/espiritualidade-4.jpeg","datePublished":"2023-01-19T09:32:00+00:00","description":"In the fourth text about the Spirituality of the Blessed One, his devotion to Our Lady could not be omitted. Today&#039;s material offers a little more on this, check it out!","breadcrumb":{"@id":"https:\/\/www.padreeustaquio.com.br\/serie-espiritualidade-de-padre-eustaquio-devocao-a-santissima-virgem-maria\/#breadcrumb"},"inLanguage":"en-US","potentialAction":[{"@type":"ReadAction","target":["https:\/\/www.padreeustaquio.com.br\/serie-espiritualidade-de-padre-eustaquio-devocao-a-santissima-virgem-maria\/"]}]},{"@type":"ImageObject","inLanguage":"en-US","@id":"https:\/\/www.padreeustaquio.com.br\/serie-espiritualidade-de-padre-eustaquio-devocao-a-santissima-virgem-maria\/#primaryimage","url":"https:\/\/www.padreeustaquio.com.br\/wp-content\/uploads\/2023\/01\/espiritualidade-4.jpeg","contentUrl":"https:\/\/www.padreeustaquio.com.br\/wp-content\/uploads\/2023\/01\/espiritualidade-4.jpeg","width":620,"height":454},{"@type":"BreadcrumbList","@id":"https:\/\/www.padreeustaquio.com.br\/serie-espiritualidade-de-padre-eustaquio-devocao-a-santissima-virgem-maria\/#breadcrumb","itemListElement":[{"@type":"ListItem","position":1,"name":"In\u00edcio","item":"https:\/\/www.padreeustaquio.com.br\/"},{"@type":"ListItem","position":2,"name":"S\u00e9rie ESPIRITUALIDADE DE PADRE EUST\u00c1QUIO: devo\u00e7\u00e3o \u00e0 Sant\u00edssima Virgem Maria"}]},{"@type":"WebSite","@id":"https:\/\/www.padreeustaquio.com.br\/#website","url":"https:\/\/www.padreeustaquio.com.br\/","name":"FATHER EUST\u00c1QUIO","description":"Health and Peace","publisher":{"@id":"https:\/\/www.padreeustaquio.com.br\/#organization"},"potentialAction":[{"@type":"SearchAction","target":{"@type":"EntryPoint","urlTemplate":"https:\/\/www.padreeustaquio.com.br\/?s={search_term_string}"},"query-input":{"@type":"PropertyValueSpecification","valueRequired":true,"valueName":"search_term_string"}}],"inLanguage":"en-US"},{"@type":"Organization","@id":"https:\/\/www.padreeustaquio.com.br\/#organization","name":"FATHER EUST\u00c1QUIO","url":"https:\/\/www.padreeustaquio.com.br\/","logo":{"@type":"ImageObject","inLanguage":"en-US","@id":"https:\/\/www.padreeustaquio.com.br\/#\/schema\/logo\/image\/","url":"https:\/\/www.padreeustaquio.com.br\/wp-content\/uploads\/2019\/08\/marca.png","contentUrl":"https:\/\/www.padreeustaquio.com.br\/wp-content\/uploads\/2019\/08\/marca.png","width":350,"height":400,"caption":"Padre Eust\u00e1quio"},"image":{"@id":"https:\/\/www.padreeustaquio.com.br\/#\/schema\/logo\/image\/"},"sameAs":["https:\/\/www.facebook.com\/beatopadreeustaquio\/","https:\/\/x.com\/beatopeustaquio","https:\/\/www.instagram.com\/beatopadreeustaquio\/","https:\/\/www.youtube.com\/channel\/UCRhw7vfabnajwLxb1ZXMeIw"]},{"@type":"Person","@id":"https:\/\/www.padreeustaquio.com.br\/#\/schema\/person\/a2a51db1d00f1a7af0204a0f1ddb1566","name":"@sscc","image":{"@type":"ImageObject","inLanguage":"en-US","@id":"https:\/\/secure.gravatar.com\/avatar\/68cfafa5f44617fea54071e215026e0ff06be366c3d54a8425f04fdcb86f8c5f?s=96&d=mm&r=g","url":"https:\/\/secure.gravatar.com\/avatar\/68cfafa5f44617fea54071e215026e0ff06be366c3d54a8425f04fdcb86f8c5f?s=96&d=mm&r=g","contentUrl":"https:\/\/secure.gravatar.com\/avatar\/68cfafa5f44617fea54071e215026e0ff06be366c3d54a8425f04fdcb86f8c5f?s=96&d=mm&r=g","caption":"@sscc"},"url":"https:\/\/www.padreeustaquio.com.br\/en\/author\/sscc\/"}]}},"_links":{"self":[{"href":"https:\/\/www.padreeustaquio.com.br\/en\/wp-json\/wp\/v2\/posts\/9761","targetHints":{"allow":["GET"]}}],"collection":[{"href":"https:\/\/www.padreeustaquio.com.br\/en\/wp-json\/wp\/v2\/posts"}],"about":[{"href":"https:\/\/www.padreeustaquio.com.br\/en\/wp-json\/wp\/v2\/types\/post"}],"author":[{"embeddable":true,"href":"https:\/\/www.padreeustaquio.com.br\/en\/wp-json\/wp\/v2\/users\/2"}],"replies":[{"embeddable":true,"href":"https:\/\/www.padreeustaquio.com.br\/en\/wp-json\/wp\/v2\/comments?post=9761"}],"version-history":[{"count":0,"href":"https:\/\/www.padreeustaquio.com.br\/en\/wp-json\/wp\/v2\/posts\/9761\/revisions"}],"wp:featuredmedia":[{"embeddable":true,"href":"https:\/\/www.padreeustaquio.com.br\/en\/wp-json\/wp\/v2\/media\/9762"}],"wp:attachment":[{"href":"https:\/\/www.padreeustaquio.com.br\/en\/wp-json\/wp\/v2\/media?parent=9761"}],"wp:term":[{"taxonomy":"category","embeddable":true,"href":"https:\/\/www.padreeustaquio.com.br\/en\/wp-json\/wp\/v2\/categories?post=9761"},{"taxonomy":"post_tag","embeddable":true,"href":"https:\/\/www.padreeustaquio.com.br\/en\/wp-json\/wp\/v2\/tags?post=9761"}],"curies":[{"name":"wp","href":"https:\/\/api.w.org\/{rel}","templated":true}]}}