{"id":9752,"date":"2023-01-16T06:03:00","date_gmt":"2023-01-16T09:03:00","guid":{"rendered":"https:\/\/www.padreeustaquio.com.br\/?p=9752"},"modified":"2023-01-11T10:10:10","modified_gmt":"2023-01-11T13:10:10","slug":"spirituality-series-by-father-eustaquio-firm-and-unwavering-trust-in-god","status":"publish","type":"post","link":"https:\/\/www.padreeustaquio.com.br\/en\/spirituality-series-by-father-eustaquio-firm-and-unwavering-trust-in-god\/","title":{"rendered":"The Spirituality Series of Father Eust\u00e1quio: Firm and unwavering trust in God."},"content":{"rendered":"<p>This week, the National Secretariat for the Cause of Canonization of Blessed Father Eustace has selected some texts on the Spirituality of the Blessed. The aim is to show a little more about this side of the Blessed and to lead devotees to reflect on the themes, taking them as examples for our daily lives. For this Monday, we have chosen the theme &quot;Firm and unwavering trust in God&quot;.<\/p>\n\n\n\n<p>Blessed Father Eustace van Lieshout, as a man who lived by faith, based his entire life on the omnipotence of God and the charity of Christ. Paragraphs expressing this trust in God are frequently found in his writings.<\/p>\n\n\n\n<p>His sister Faustina says in her testimony that this trust in God\u201c<em>It was one of his characteristics.<\/em>\u201d, ever since he was young. That&#039;s why, when one day his father told him: \u201c<em>Son, you can&#039;t keep up with your studies.<\/em>\u201d&quot;, his response was: &quot;\u201c<em>I will do my best, and we should have greater faith in Our Lord. Things will get better.<\/em>\u201d.<\/p>\n\n\n\n<p>This trust in the Lord was a characteristic of his. From a young age he was close to Our Lord. And things really always got better, as he used to say.<\/p>\n\n\n\n<p><\/p>","protected":false},"excerpt":{"rendered":"<p>Esta semana, o Secretariado Nacional para a Causa de Canoniza\u00e7\u00e3o do Beato Padre Eust\u00e1quio separou alguns textos sobre a Espiritualidade do Bem-Aventurado. O objetivo \u00e9 mostrar um pouco mais sobre este lado do Beato e levar os devotos a refletir sobre os temas, tomando como exemplo para n\u00f3s no nosso dia a dia. Para esta segunda-feira, escolhemos o tema &#8220;Firme e inabal\u00e1vel confian\u00e7a em Deus&#8221;. O Beato Padre Eust\u00e1quio van Lieshout, como homem que vivia da f\u00e9, fundamentava toda sua vida na onipot\u00eancia de Deus e na caridade de Cristo. Encontram-se com frequ\u00eancia em seus escritos par\u00e1grafos onde manifesta essa [&hellip;]<\/p>\n","protected":false},"author":2,"featured_media":9753,"comment_status":"open","ping_status":"closed","sticky":false,"template":"","format":"standard","meta":{"_acf_changed":false,"footnotes":""},"categories":[611],"tags":[],"class_list":["post-9752","post","type-post","status-publish","format-standard","has-post-thumbnail","hentry","category-noticias"],"acf":[],"yoast_head":"<!-- This site is optimized with the Yoast SEO plugin v27.2 - https:\/\/yoast.com\/product\/yoast-seo-wordpress\/ -->\n<title>S\u00e9rie ESPIRITUALIDADE DE PADRE EUST\u00c1QUIO: Firme e inabal\u00e1vel confian\u00e7a em Deus<\/title>\n<meta name=\"description\" content=\"Esta semana, o Secretariado Nacional para a Causa de Canoniza\u00e7\u00e3o do Beato Padre Eust\u00e1quio separou alguns textos sobre a Espiritualidade do Bem-Aventurado. O objetivo \u00e9 mostrar um pouco mais sobre este lado do Beato e levar os devotos a refletir sobre os temas, tomando como exemplo para n\u00f3s no nosso dia a dia. Para esta segunda-feira, escolhemos o tema &quot;Firme e inabal\u00e1vel confian\u00e7a em Deus&quot;.\" \/>\n<meta name=\"robots\" content=\"index, follow, max-snippet:-1, max-image-preview:large, max-video-preview:-1\" \/>\n<link rel=\"canonical\" href=\"https:\/\/www.padreeustaquio.com.br\/en\/spirituality-series-by-father-eustaquio-firm-and-unwavering-trust-in-god\/\" \/>\n<meta property=\"og:locale\" content=\"en_US\" \/>\n<meta property=\"og:type\" content=\"article\" \/>\n<meta property=\"og:title\" content=\"S\u00e9rie ESPIRITUALIDADE DE PADRE EUST\u00c1QUIO: Firme e inabal\u00e1vel confian\u00e7a em Deus\" \/>\n<meta property=\"og:description\" content=\"Esta semana, o Secretariado Nacional para a Causa de Canoniza\u00e7\u00e3o do Beato Padre Eust\u00e1quio separou alguns textos sobre a Espiritualidade do Bem-Aventurado. O objetivo \u00e9 mostrar um pouco mais sobre este lado do Beato e levar os devotos a refletir sobre os temas, tomando como exemplo para n\u00f3s no nosso dia a dia. Para esta segunda-feira, escolhemos o tema &quot;Firme e inabal\u00e1vel confian\u00e7a em Deus&quot;.\" \/>\n<meta property=\"og:url\" content=\"https:\/\/www.padreeustaquio.com.br\/en\/spirituality-series-by-father-eustaquio-firm-and-unwavering-trust-in-god\/\" \/>\n<meta property=\"og:site_name\" content=\"Padre Eust\u00e1quio\" \/>\n<meta property=\"article:publisher\" content=\"https:\/\/www.facebook.com\/beatopadreeustaquio\/\" \/>\n<meta property=\"article:published_time\" content=\"2023-01-16T09:03:00+00:00\" \/>\n<meta property=\"og:image\" content=\"https:\/\/www.padreeustaquio.com.br\/wp-content\/uploads\/2023\/01\/espiritualidade-1.jpeg\" \/>\n\t<meta property=\"og:image:width\" content=\"1280\" \/>\n\t<meta property=\"og:image:height\" content=\"877\" \/>\n\t<meta property=\"og:image:type\" content=\"image\/jpeg\" \/>\n<meta name=\"author\" content=\"@sscc\" \/>\n<meta name=\"twitter:card\" content=\"summary_large_image\" \/>\n<meta name=\"twitter:creator\" content=\"@beatopeustaquio\" \/>\n<meta name=\"twitter:site\" content=\"@beatopeustaquio\" \/>\n<meta name=\"twitter:label1\" content=\"Written by\" \/>\n\t<meta name=\"twitter:data1\" content=\"@sscc\" \/>\n\t<meta name=\"twitter:label2\" content=\"Est. reading time\" \/>\n\t<meta name=\"twitter:data2\" content=\"1 minute\" \/>\n<script type=\"application\/ld+json\" class=\"yoast-schema-graph\">{\"@context\":\"https:\/\/schema.org\",\"@graph\":[{\"@type\":\"Article\",\"@id\":\"https:\/\/www.padreeustaquio.com.br\/serie-espiritualidade-de-padre-eustaquio-firme-e-inabalavel-confianca-em-deus\/#article\",\"isPartOf\":{\"@id\":\"https:\/\/www.padreeustaquio.com.br\/serie-espiritualidade-de-padre-eustaquio-firme-e-inabalavel-confianca-em-deus\/\"},\"author\":{\"name\":\"@sscc\",\"@id\":\"https:\/\/www.padreeustaquio.com.br\/#\/schema\/person\/a2a51db1d00f1a7af0204a0f1ddb1566\"},\"headline\":\"S\u00e9rie ESPIRITUALIDADE DE PADRE EUST\u00c1QUIO: Firme e inabal\u00e1vel confian\u00e7a em Deus\",\"datePublished\":\"2023-01-16T09:03:00+00:00\",\"mainEntityOfPage\":{\"@id\":\"https:\/\/www.padreeustaquio.com.br\/serie-espiritualidade-de-padre-eustaquio-firme-e-inabalavel-confianca-em-deus\/\"},\"wordCount\":215,\"commentCount\":0,\"publisher\":{\"@id\":\"https:\/\/www.padreeustaquio.com.br\/#organization\"},\"image\":{\"@id\":\"https:\/\/www.padreeustaquio.com.br\/serie-espiritualidade-de-padre-eustaquio-firme-e-inabalavel-confianca-em-deus\/#primaryimage\"},\"thumbnailUrl\":\"https:\/\/www.padreeustaquio.com.br\/wp-content\/uploads\/2023\/01\/espiritualidade-1.jpeg\",\"articleSection\":[\"Not\u00edcias\"],\"inLanguage\":\"en-US\",\"potentialAction\":[{\"@type\":\"CommentAction\",\"name\":\"Comment\",\"target\":[\"https:\/\/www.padreeustaquio.com.br\/serie-espiritualidade-de-padre-eustaquio-firme-e-inabalavel-confianca-em-deus\/#respond\"]}]},{\"@type\":\"WebPage\",\"@id\":\"https:\/\/www.padreeustaquio.com.br\/serie-espiritualidade-de-padre-eustaquio-firme-e-inabalavel-confianca-em-deus\/\",\"url\":\"https:\/\/www.padreeustaquio.com.br\/serie-espiritualidade-de-padre-eustaquio-firme-e-inabalavel-confianca-em-deus\/\",\"name\":\"S\u00e9rie ESPIRITUALIDADE DE PADRE EUST\u00c1QUIO: Firme e inabal\u00e1vel confian\u00e7a em Deus\",\"isPartOf\":{\"@id\":\"https:\/\/www.padreeustaquio.com.br\/#website\"},\"primaryImageOfPage\":{\"@id\":\"https:\/\/www.padreeustaquio.com.br\/serie-espiritualidade-de-padre-eustaquio-firme-e-inabalavel-confianca-em-deus\/#primaryimage\"},\"image\":{\"@id\":\"https:\/\/www.padreeustaquio.com.br\/serie-espiritualidade-de-padre-eustaquio-firme-e-inabalavel-confianca-em-deus\/#primaryimage\"},\"thumbnailUrl\":\"https:\/\/www.padreeustaquio.com.br\/wp-content\/uploads\/2023\/01\/espiritualidade-1.jpeg\",\"datePublished\":\"2023-01-16T09:03:00+00:00\",\"description\":\"Esta semana, o Secretariado Nacional para a Causa de Canoniza\u00e7\u00e3o do Beato Padre Eust\u00e1quio separou alguns textos sobre a Espiritualidade do Bem-Aventurado. O objetivo \u00e9 mostrar um pouco mais sobre este lado do Beato e levar os devotos a refletir sobre os temas, tomando como exemplo para n\u00f3s no nosso dia a dia. Para esta segunda-feira, escolhemos o tema \\\"Firme e inabal\u00e1vel confian\u00e7a em Deus\\\".\",\"breadcrumb\":{\"@id\":\"https:\/\/www.padreeustaquio.com.br\/serie-espiritualidade-de-padre-eustaquio-firme-e-inabalavel-confianca-em-deus\/#breadcrumb\"},\"inLanguage\":\"en-US\",\"potentialAction\":[{\"@type\":\"ReadAction\",\"target\":[\"https:\/\/www.padreeustaquio.com.br\/serie-espiritualidade-de-padre-eustaquio-firme-e-inabalavel-confianca-em-deus\/\"]}]},{\"@type\":\"ImageObject\",\"inLanguage\":\"en-US\",\"@id\":\"https:\/\/www.padreeustaquio.com.br\/serie-espiritualidade-de-padre-eustaquio-firme-e-inabalavel-confianca-em-deus\/#primaryimage\",\"url\":\"https:\/\/www.padreeustaquio.com.br\/wp-content\/uploads\/2023\/01\/espiritualidade-1.jpeg\",\"contentUrl\":\"https:\/\/www.padreeustaquio.com.br\/wp-content\/uploads\/2023\/01\/espiritualidade-1.jpeg\",\"width\":1280,\"height\":877},{\"@type\":\"BreadcrumbList\",\"@id\":\"https:\/\/www.padreeustaquio.com.br\/serie-espiritualidade-de-padre-eustaquio-firme-e-inabalavel-confianca-em-deus\/#breadcrumb\",\"itemListElement\":[{\"@type\":\"ListItem\",\"position\":1,\"name\":\"In\u00edcio\",\"item\":\"https:\/\/www.padreeustaquio.com.br\/\"},{\"@type\":\"ListItem\",\"position\":2,\"name\":\"S\u00e9rie ESPIRITUALIDADE DE PADRE EUST\u00c1QUIO: Firme e inabal\u00e1vel confian\u00e7a em Deus\"}]},{\"@type\":\"WebSite\",\"@id\":\"https:\/\/www.padreeustaquio.com.br\/#website\",\"url\":\"https:\/\/www.padreeustaquio.com.br\/\",\"name\":\"Padre Eust\u00e1quio\",\"description\":\"Sa\u00fade e Paz\",\"publisher\":{\"@id\":\"https:\/\/www.padreeustaquio.com.br\/#organization\"},\"potentialAction\":[{\"@type\":\"SearchAction\",\"target\":{\"@type\":\"EntryPoint\",\"urlTemplate\":\"https:\/\/www.padreeustaquio.com.br\/?s={search_term_string}\"},\"query-input\":{\"@type\":\"PropertyValueSpecification\",\"valueRequired\":true,\"valueName\":\"search_term_string\"}}],\"inLanguage\":\"en-US\"},{\"@type\":\"Organization\",\"@id\":\"https:\/\/www.padreeustaquio.com.br\/#organization\",\"name\":\"Padre Eust\u00e1quio\",\"url\":\"https:\/\/www.padreeustaquio.com.br\/\",\"logo\":{\"@type\":\"ImageObject\",\"inLanguage\":\"en-US\",\"@id\":\"https:\/\/www.padreeustaquio.com.br\/#\/schema\/logo\/image\/\",\"url\":\"https:\/\/www.padreeustaquio.com.br\/wp-content\/uploads\/2019\/08\/marca.png\",\"contentUrl\":\"https:\/\/www.padreeustaquio.com.br\/wp-content\/uploads\/2019\/08\/marca.png\",\"width\":350,\"height\":400,\"caption\":\"Padre Eust\u00e1quio\"},\"image\":{\"@id\":\"https:\/\/www.padreeustaquio.com.br\/#\/schema\/logo\/image\/\"},\"sameAs\":[\"https:\/\/www.facebook.com\/beatopadreeustaquio\/\",\"https:\/\/x.com\/beatopeustaquio\",\"https:\/\/www.instagram.com\/beatopadreeustaquio\/\",\"https:\/\/www.youtube.com\/channel\/UCRhw7vfabnajwLxb1ZXMeIw\"]},{\"@type\":\"Person\",\"@id\":\"https:\/\/www.padreeustaquio.com.br\/#\/schema\/person\/a2a51db1d00f1a7af0204a0f1ddb1566\",\"name\":\"@sscc\",\"image\":{\"@type\":\"ImageObject\",\"inLanguage\":\"en-US\",\"@id\":\"https:\/\/secure.gravatar.com\/avatar\/68cfafa5f44617fea54071e215026e0ff06be366c3d54a8425f04fdcb86f8c5f?s=96&d=mm&r=g\",\"url\":\"https:\/\/secure.gravatar.com\/avatar\/68cfafa5f44617fea54071e215026e0ff06be366c3d54a8425f04fdcb86f8c5f?s=96&d=mm&r=g\",\"contentUrl\":\"https:\/\/secure.gravatar.com\/avatar\/68cfafa5f44617fea54071e215026e0ff06be366c3d54a8425f04fdcb86f8c5f?s=96&d=mm&r=g\",\"caption\":\"@sscc\"},\"url\":\"https:\/\/www.padreeustaquio.com.br\/en\/author\/sscc\/\"}]}<\/script>\n<!-- \/ Yoast SEO plugin. -->","yoast_head_json":{"title":"The Spirituality Series of Father Eust\u00e1quio: Firm and unwavering trust in God.","description":"This week, the National Secretariat for the Cause of Canonization of Blessed Father Eustace has selected some texts on the Spirituality of the Blessed. The aim is to show a little more about this side of the Blessed and to lead devotees to reflect on the themes, taking them as examples for our daily lives. For this Monday, we have chosen the theme &quot;Firm and unwavering trust in God&quot;.","robots":{"index":"index","follow":"follow","max-snippet":"max-snippet:-1","max-image-preview":"max-image-preview:large","max-video-preview":"max-video-preview:-1"},"canonical":"https:\/\/www.padreeustaquio.com.br\/en\/spirituality-series-by-father-eustaquio-firm-and-unwavering-trust-in-god\/","og_locale":"en_US","og_type":"article","og_title":"S\u00e9rie ESPIRITUALIDADE DE PADRE EUST\u00c1QUIO: Firme e inabal\u00e1vel confian\u00e7a em Deus","og_description":"Esta semana, o Secretariado Nacional para a Causa de Canoniza\u00e7\u00e3o do Beato Padre Eust\u00e1quio separou alguns textos sobre a Espiritualidade do Bem-Aventurado. O objetivo \u00e9 mostrar um pouco mais sobre este lado do Beato e levar os devotos a refletir sobre os temas, tomando como exemplo para n\u00f3s no nosso dia a dia. Para esta segunda-feira, escolhemos o tema \"Firme e inabal\u00e1vel confian\u00e7a em Deus\".","og_url":"https:\/\/www.padreeustaquio.com.br\/en\/spirituality-series-by-father-eustaquio-firm-and-unwavering-trust-in-god\/","og_site_name":"Padre Eust\u00e1quio","article_publisher":"https:\/\/www.facebook.com\/beatopadreeustaquio\/","article_published_time":"2023-01-16T09:03:00+00:00","og_image":[{"width":1280,"height":877,"url":"https:\/\/www.padreeustaquio.com.br\/wp-content\/uploads\/2023\/01\/espiritualidade-1.jpeg","type":"image\/jpeg"}],"author":"@sscc","twitter_card":"summary_large_image","twitter_creator":"@beatopeustaquio","twitter_site":"@beatopeustaquio","twitter_misc":{"Written by":"@sscc","Est. reading time":"1 minute"},"schema":{"@context":"https:\/\/schema.org","@graph":[{"@type":"Article","@id":"https:\/\/www.padreeustaquio.com.br\/serie-espiritualidade-de-padre-eustaquio-firme-e-inabalavel-confianca-em-deus\/#article","isPartOf":{"@id":"https:\/\/www.padreeustaquio.com.br\/serie-espiritualidade-de-padre-eustaquio-firme-e-inabalavel-confianca-em-deus\/"},"author":{"name":"@sscc","@id":"https:\/\/www.padreeustaquio.com.br\/#\/schema\/person\/a2a51db1d00f1a7af0204a0f1ddb1566"},"headline":"S\u00e9rie ESPIRITUALIDADE DE PADRE EUST\u00c1QUIO: Firme e inabal\u00e1vel confian\u00e7a em Deus","datePublished":"2023-01-16T09:03:00+00:00","mainEntityOfPage":{"@id":"https:\/\/www.padreeustaquio.com.br\/serie-espiritualidade-de-padre-eustaquio-firme-e-inabalavel-confianca-em-deus\/"},"wordCount":215,"commentCount":0,"publisher":{"@id":"https:\/\/www.padreeustaquio.com.br\/#organization"},"image":{"@id":"https:\/\/www.padreeustaquio.com.br\/serie-espiritualidade-de-padre-eustaquio-firme-e-inabalavel-confianca-em-deus\/#primaryimage"},"thumbnailUrl":"https:\/\/www.padreeustaquio.com.br\/wp-content\/uploads\/2023\/01\/espiritualidade-1.jpeg","articleSection":["Not\u00edcias"],"inLanguage":"en-US","potentialAction":[{"@type":"CommentAction","name":"Comment","target":["https:\/\/www.padreeustaquio.com.br\/serie-espiritualidade-de-padre-eustaquio-firme-e-inabalavel-confianca-em-deus\/#respond"]}]},{"@type":"WebPage","@id":"https:\/\/www.padreeustaquio.com.br\/serie-espiritualidade-de-padre-eustaquio-firme-e-inabalavel-confianca-em-deus\/","url":"https:\/\/www.padreeustaquio.com.br\/serie-espiritualidade-de-padre-eustaquio-firme-e-inabalavel-confianca-em-deus\/","name":"The Spirituality Series of Father Eust\u00e1quio: Firm and unwavering trust in God.","isPartOf":{"@id":"https:\/\/www.padreeustaquio.com.br\/#website"},"primaryImageOfPage":{"@id":"https:\/\/www.padreeustaquio.com.br\/serie-espiritualidade-de-padre-eustaquio-firme-e-inabalavel-confianca-em-deus\/#primaryimage"},"image":{"@id":"https:\/\/www.padreeustaquio.com.br\/serie-espiritualidade-de-padre-eustaquio-firme-e-inabalavel-confianca-em-deus\/#primaryimage"},"thumbnailUrl":"https:\/\/www.padreeustaquio.com.br\/wp-content\/uploads\/2023\/01\/espiritualidade-1.jpeg","datePublished":"2023-01-16T09:03:00+00:00","description":"This week, the National Secretariat for the Cause of Canonization of Blessed Father Eustace has selected some texts on the Spirituality of the Blessed. The aim is to show a little more about this side of the Blessed and to lead devotees to reflect on the themes, taking them as examples for our daily lives. For this Monday, we have chosen the theme &quot;Firm and unwavering trust in God&quot;.","breadcrumb":{"@id":"https:\/\/www.padreeustaquio.com.br\/serie-espiritualidade-de-padre-eustaquio-firme-e-inabalavel-confianca-em-deus\/#breadcrumb"},"inLanguage":"en-US","potentialAction":[{"@type":"ReadAction","target":["https:\/\/www.padreeustaquio.com.br\/serie-espiritualidade-de-padre-eustaquio-firme-e-inabalavel-confianca-em-deus\/"]}]},{"@type":"ImageObject","inLanguage":"en-US","@id":"https:\/\/www.padreeustaquio.com.br\/serie-espiritualidade-de-padre-eustaquio-firme-e-inabalavel-confianca-em-deus\/#primaryimage","url":"https:\/\/www.padreeustaquio.com.br\/wp-content\/uploads\/2023\/01\/espiritualidade-1.jpeg","contentUrl":"https:\/\/www.padreeustaquio.com.br\/wp-content\/uploads\/2023\/01\/espiritualidade-1.jpeg","width":1280,"height":877},{"@type":"BreadcrumbList","@id":"https:\/\/www.padreeustaquio.com.br\/serie-espiritualidade-de-padre-eustaquio-firme-e-inabalavel-confianca-em-deus\/#breadcrumb","itemListElement":[{"@type":"ListItem","position":1,"name":"In\u00edcio","item":"https:\/\/www.padreeustaquio.com.br\/"},{"@type":"ListItem","position":2,"name":"S\u00e9rie ESPIRITUALIDADE DE PADRE EUST\u00c1QUIO: Firme e inabal\u00e1vel confian\u00e7a em Deus"}]},{"@type":"WebSite","@id":"https:\/\/www.padreeustaquio.com.br\/#website","url":"https:\/\/www.padreeustaquio.com.br\/","name":"FATHER EUST\u00c1QUIO","description":"Health and Peace","publisher":{"@id":"https:\/\/www.padreeustaquio.com.br\/#organization"},"potentialAction":[{"@type":"SearchAction","target":{"@type":"EntryPoint","urlTemplate":"https:\/\/www.padreeustaquio.com.br\/?s={search_term_string}"},"query-input":{"@type":"PropertyValueSpecification","valueRequired":true,"valueName":"search_term_string"}}],"inLanguage":"en-US"},{"@type":"Organization","@id":"https:\/\/www.padreeustaquio.com.br\/#organization","name":"FATHER EUST\u00c1QUIO","url":"https:\/\/www.padreeustaquio.com.br\/","logo":{"@type":"ImageObject","inLanguage":"en-US","@id":"https:\/\/www.padreeustaquio.com.br\/#\/schema\/logo\/image\/","url":"https:\/\/www.padreeustaquio.com.br\/wp-content\/uploads\/2019\/08\/marca.png","contentUrl":"https:\/\/www.padreeustaquio.com.br\/wp-content\/uploads\/2019\/08\/marca.png","width":350,"height":400,"caption":"Padre Eust\u00e1quio"},"image":{"@id":"https:\/\/www.padreeustaquio.com.br\/#\/schema\/logo\/image\/"},"sameAs":["https:\/\/www.facebook.com\/beatopadreeustaquio\/","https:\/\/x.com\/beatopeustaquio","https:\/\/www.instagram.com\/beatopadreeustaquio\/","https:\/\/www.youtube.com\/channel\/UCRhw7vfabnajwLxb1ZXMeIw"]},{"@type":"Person","@id":"https:\/\/www.padreeustaquio.com.br\/#\/schema\/person\/a2a51db1d00f1a7af0204a0f1ddb1566","name":"@sscc","image":{"@type":"ImageObject","inLanguage":"en-US","@id":"https:\/\/secure.gravatar.com\/avatar\/68cfafa5f44617fea54071e215026e0ff06be366c3d54a8425f04fdcb86f8c5f?s=96&d=mm&r=g","url":"https:\/\/secure.gravatar.com\/avatar\/68cfafa5f44617fea54071e215026e0ff06be366c3d54a8425f04fdcb86f8c5f?s=96&d=mm&r=g","contentUrl":"https:\/\/secure.gravatar.com\/avatar\/68cfafa5f44617fea54071e215026e0ff06be366c3d54a8425f04fdcb86f8c5f?s=96&d=mm&r=g","caption":"@sscc"},"url":"https:\/\/www.padreeustaquio.com.br\/en\/author\/sscc\/"}]}},"_links":{"self":[{"href":"https:\/\/www.padreeustaquio.com.br\/en\/wp-json\/wp\/v2\/posts\/9752","targetHints":{"allow":["GET"]}}],"collection":[{"href":"https:\/\/www.padreeustaquio.com.br\/en\/wp-json\/wp\/v2\/posts"}],"about":[{"href":"https:\/\/www.padreeustaquio.com.br\/en\/wp-json\/wp\/v2\/types\/post"}],"author":[{"embeddable":true,"href":"https:\/\/www.padreeustaquio.com.br\/en\/wp-json\/wp\/v2\/users\/2"}],"replies":[{"embeddable":true,"href":"https:\/\/www.padreeustaquio.com.br\/en\/wp-json\/wp\/v2\/comments?post=9752"}],"version-history":[{"count":0,"href":"https:\/\/www.padreeustaquio.com.br\/en\/wp-json\/wp\/v2\/posts\/9752\/revisions"}],"wp:featuredmedia":[{"embeddable":true,"href":"https:\/\/www.padreeustaquio.com.br\/en\/wp-json\/wp\/v2\/media\/9753"}],"wp:attachment":[{"href":"https:\/\/www.padreeustaquio.com.br\/en\/wp-json\/wp\/v2\/media?parent=9752"}],"wp:term":[{"taxonomy":"category","embeddable":true,"href":"https:\/\/www.padreeustaquio.com.br\/en\/wp-json\/wp\/v2\/categories?post=9752"},{"taxonomy":"post_tag","embeddable":true,"href":"https:\/\/www.padreeustaquio.com.br\/en\/wp-json\/wp\/v2\/tags?post=9752"}],"curies":[{"name":"wp","href":"https:\/\/api.w.org\/{rel}","templated":true}]}}