{"id":9749,"date":"2023-01-23T06:38:00","date_gmt":"2023-01-23T09:38:00","guid":{"rendered":"https:\/\/www.padreeustaquio.com.br\/?p=9749"},"modified":"2023-01-11T17:12:01","modified_gmt":"2023-01-11T20:12:01","slug":"registrations-for-confirmation-at-the-sanctuary-are-open-until-february","status":"publish","type":"post","link":"https:\/\/www.padreeustaquio.com.br\/en\/registrations-for-confirmation-at-the-sanctuary-are-open-until-february\/","title":{"rendered":"Registration for Confirmation at the Sanctuary is open until February."},"content":{"rendered":"\n<p>Os jovens do Santu\u00e1rio da Sa\u00fade e da Paz, Igreja do Beato Padre Eust\u00e1quio, que ainda n\u00e3o est\u00e3o inscritos para a Crisma 2023, ainda podem se inscrever. O prazo continua aberto at\u00e9 o in\u00edcio dos encontros que est\u00e3o marcados para fevereiro.<\/p>\n\n\n\n<p>As inscri\u00e7\u00f5es podem ser feitas na Secretaria Paroquial ou pela internet <a href=\"https:\/\/docs.google.com\/forms\/d\/e\/1FAIpQLSdwKDsP6ci9LcwZmNkbqfDU4VTz-GmQnSr_OEJubcjdbl4q9w\/viewform\" target=\"_blank\" rel=\"noreferrer noopener\">CLICANDO AQUI<\/a>, preferencialmente pelo crismando. A ficha oferece diferentes op\u00e7\u00f5es de dias e hor\u00e1rios em encontros durante a semana e tamb\u00e9m aos s\u00e1bados e domingos.<\/p>\n\n\n\n<p>Os jovens precisam ter 15 anos completos at\u00e9 novembro de 2023. N\u00e3o h\u00e1 idade m\u00e1xima, mas, para os adultos maiores de 25 anos que quiserem se inscrever para a Crisma, \u00e9 necess\u00e1rio que entre em contato em um dos telefones: (31) 99535-3825 (Chiara); (31) 99634-0705 (Gabi) ou (31) 99117-1506 (Pedro) para que turmas espec\u00edficas sejam formadas.<\/p>\n\n\n\n<p><strong>Crisma<\/strong><\/p>\n\n\n\n<p>A Confirma\u00e7\u00e3o \u00e9 o sacramento que completa o batismo e pelo qual recebemos o dom do Esp\u00edrito Santo. Quem se decide livremente por uma vida como filho de Deus e pede o Par\u00e1clito, sob o sinal da imposi\u00e7\u00e3o das m\u00e3os e da un\u00e7\u00e3o do \u00f3leo do Crisma, obt\u00e9m a for\u00e7a para testemunhar o amor e o poder do Senhor com palavras e atos. Essa pessoa agora \u00e9 membro leg\u00edtimo e respons\u00e1vel da Igreja Cat\u00f3lica.<\/p>\n\n\n\n<p>O Catecismo da Igreja Cat\u00f3lica ensina que a Crisma, pertence, juntamente com o batismo e a Eucaristia, aos tr\u00eas sacramentos da inicia\u00e7\u00e3o crist\u00e3 da Igreja Cat\u00f3lica. Nesse sacramento, tal como ocorreu no Pentecostes, o Par\u00e1clito desceu sobre a comunidade dos disc\u00edpulos, ent\u00e3o reunida. Assim como neles, o Esp\u00edrito Santo tamb\u00e9m desce em cada batizado que pede \u00e0 Igreja esse dom [Esp\u00edrito Santo]. Dessa forma, o sacramento encoraja o fiel e o fortalece para uma vida de testemunho de amor a Cristo.<\/p>\n\n\n\n<p><\/p>\n\n\n\n<p><strong>**com informa\u00e7\u00f5es de <em>formacao.cancaonova.com<\/em><\/strong><\/p>\n","protected":false},"excerpt":{"rendered":"<p>Os jovens do Santu\u00e1rio da Sa\u00fade e da Paz, Igreja do Beato Padre Eust\u00e1quio, que ainda n\u00e3o est\u00e3o inscritos para a Crisma 2023, ainda podem se inscrever. O prazo continua aberto at\u00e9 o in\u00edcio dos encontros que est\u00e3o marcados para fevereiro. As inscri\u00e7\u00f5es podem ser feitas na Secretaria Paroquial ou pela internet CLICANDO AQUI, preferencialmente pelo crismando. A ficha oferece diferentes op\u00e7\u00f5es de dias e hor\u00e1rios em encontros durante a semana e tamb\u00e9m aos s\u00e1bados e domingos. Os jovens precisam ter 15 anos completos at\u00e9 novembro de 2023. N\u00e3o h\u00e1 idade m\u00e1xima, mas, para os adultos maiores de 25 anos [&hellip;]<\/p>\n","protected":false},"author":2,"featured_media":9750,"comment_status":"open","ping_status":"closed","sticky":false,"template":"","format":"standard","meta":{"_acf_changed":false,"footnotes":""},"categories":[611],"tags":[],"class_list":["post-9749","post","type-post","status-publish","format-standard","has-post-thumbnail","hentry","category-noticias"],"acf":[],"yoast_head":"<!-- This site is optimized with the Yoast SEO plugin v27.2 - https:\/\/yoast.com\/product\/yoast-seo-wordpress\/ -->\n<title>Inscri\u00e7\u00f5es para Crisma no Santu\u00e1rio v\u00e3o at\u00e9 fevereiro<\/title>\n<meta name=\"description\" content=\"Os jovens do Santu\u00e1rio da Sa\u00fade e da Paz, Igreja do Beato Padre Eust\u00e1quio, que ainda n\u00e3o est\u00e3o inscritos para a Crisma 2023, ainda podem se inscrever. O prazo continua aberto at\u00e9 o in\u00edcio dos encontros que est\u00e3o marcados para fevereiro.\" \/>\n<meta name=\"robots\" content=\"index, follow, max-snippet:-1, max-image-preview:large, max-video-preview:-1\" \/>\n<link rel=\"canonical\" href=\"https:\/\/www.padreeustaquio.com.br\/en\/registrations-for-confirmation-at-the-sanctuary-are-open-until-february\/\" \/>\n<meta property=\"og:locale\" content=\"en_US\" \/>\n<meta property=\"og:type\" content=\"article\" \/>\n<meta property=\"og:title\" content=\"Inscri\u00e7\u00f5es para Crisma no Santu\u00e1rio v\u00e3o at\u00e9 fevereiro\" \/>\n<meta property=\"og:description\" content=\"Os jovens do Santu\u00e1rio da Sa\u00fade e da Paz, Igreja do Beato Padre Eust\u00e1quio, que ainda n\u00e3o est\u00e3o inscritos para a Crisma 2023, ainda podem se inscrever. O prazo continua aberto at\u00e9 o in\u00edcio dos encontros que est\u00e3o marcados para fevereiro.\" \/>\n<meta property=\"og:url\" content=\"https:\/\/www.padreeustaquio.com.br\/en\/registrations-for-confirmation-at-the-sanctuary-are-open-until-february\/\" \/>\n<meta property=\"og:site_name\" content=\"Padre Eust\u00e1quio\" \/>\n<meta property=\"article:publisher\" content=\"https:\/\/www.facebook.com\/beatopadreeustaquio\/\" \/>\n<meta property=\"article:published_time\" content=\"2023-01-23T09:38:00+00:00\" \/>\n<meta property=\"og:image\" content=\"https:\/\/www.padreeustaquio.com.br\/wp-content\/uploads\/2023\/01\/crisma.jpeg\" \/>\n\t<meta property=\"og:image:width\" content=\"1280\" \/>\n\t<meta property=\"og:image:height\" content=\"720\" \/>\n\t<meta property=\"og:image:type\" content=\"image\/jpeg\" \/>\n<meta name=\"author\" content=\"@sscc\" \/>\n<meta name=\"twitter:card\" content=\"summary_large_image\" \/>\n<meta name=\"twitter:creator\" content=\"@beatopeustaquio\" \/>\n<meta name=\"twitter:site\" content=\"@beatopeustaquio\" \/>\n<meta name=\"twitter:label1\" content=\"Written by\" \/>\n\t<meta name=\"twitter:data1\" content=\"@sscc\" \/>\n\t<meta name=\"twitter:label2\" content=\"Est. reading time\" \/>\n\t<meta name=\"twitter:data2\" content=\"2 minutes\" \/>\n<script type=\"application\/ld+json\" class=\"yoast-schema-graph\">{\"@context\":\"https:\/\/schema.org\",\"@graph\":[{\"@type\":\"Article\",\"@id\":\"https:\/\/www.padreeustaquio.com.br\/inscricoes-para-crisma-no-santuario-vao-ate-fevereiro\/#article\",\"isPartOf\":{\"@id\":\"https:\/\/www.padreeustaquio.com.br\/inscricoes-para-crisma-no-santuario-vao-ate-fevereiro\/\"},\"author\":{\"name\":\"@sscc\",\"@id\":\"https:\/\/www.padreeustaquio.com.br\/#\/schema\/person\/a2a51db1d00f1a7af0204a0f1ddb1566\"},\"headline\":\"Inscri\u00e7\u00f5es para Crisma no Santu\u00e1rio v\u00e3o at\u00e9 fevereiro\",\"datePublished\":\"2023-01-23T09:38:00+00:00\",\"mainEntityOfPage\":{\"@id\":\"https:\/\/www.padreeustaquio.com.br\/inscricoes-para-crisma-no-santuario-vao-ate-fevereiro\/\"},\"wordCount\":333,\"commentCount\":0,\"publisher\":{\"@id\":\"https:\/\/www.padreeustaquio.com.br\/#organization\"},\"image\":{\"@id\":\"https:\/\/www.padreeustaquio.com.br\/inscricoes-para-crisma-no-santuario-vao-ate-fevereiro\/#primaryimage\"},\"thumbnailUrl\":\"https:\/\/www.padreeustaquio.com.br\/wp-content\/uploads\/2023\/01\/crisma.jpeg\",\"articleSection\":[\"Not\u00edcias\"],\"inLanguage\":\"en-US\",\"potentialAction\":[{\"@type\":\"CommentAction\",\"name\":\"Comment\",\"target\":[\"https:\/\/www.padreeustaquio.com.br\/inscricoes-para-crisma-no-santuario-vao-ate-fevereiro\/#respond\"]}]},{\"@type\":\"WebPage\",\"@id\":\"https:\/\/www.padreeustaquio.com.br\/inscricoes-para-crisma-no-santuario-vao-ate-fevereiro\/\",\"url\":\"https:\/\/www.padreeustaquio.com.br\/inscricoes-para-crisma-no-santuario-vao-ate-fevereiro\/\",\"name\":\"Inscri\u00e7\u00f5es para Crisma no Santu\u00e1rio v\u00e3o at\u00e9 fevereiro\",\"isPartOf\":{\"@id\":\"https:\/\/www.padreeustaquio.com.br\/#website\"},\"primaryImageOfPage\":{\"@id\":\"https:\/\/www.padreeustaquio.com.br\/inscricoes-para-crisma-no-santuario-vao-ate-fevereiro\/#primaryimage\"},\"image\":{\"@id\":\"https:\/\/www.padreeustaquio.com.br\/inscricoes-para-crisma-no-santuario-vao-ate-fevereiro\/#primaryimage\"},\"thumbnailUrl\":\"https:\/\/www.padreeustaquio.com.br\/wp-content\/uploads\/2023\/01\/crisma.jpeg\",\"datePublished\":\"2023-01-23T09:38:00+00:00\",\"description\":\"Os jovens do Santu\u00e1rio da Sa\u00fade e da Paz, Igreja do Beato Padre Eust\u00e1quio, que ainda n\u00e3o est\u00e3o inscritos para a Crisma 2023, ainda podem se inscrever. O prazo continua aberto at\u00e9 o in\u00edcio dos encontros que est\u00e3o marcados para fevereiro.\",\"breadcrumb\":{\"@id\":\"https:\/\/www.padreeustaquio.com.br\/inscricoes-para-crisma-no-santuario-vao-ate-fevereiro\/#breadcrumb\"},\"inLanguage\":\"en-US\",\"potentialAction\":[{\"@type\":\"ReadAction\",\"target\":[\"https:\/\/www.padreeustaquio.com.br\/inscricoes-para-crisma-no-santuario-vao-ate-fevereiro\/\"]}]},{\"@type\":\"ImageObject\",\"inLanguage\":\"en-US\",\"@id\":\"https:\/\/www.padreeustaquio.com.br\/inscricoes-para-crisma-no-santuario-vao-ate-fevereiro\/#primaryimage\",\"url\":\"https:\/\/www.padreeustaquio.com.br\/wp-content\/uploads\/2023\/01\/crisma.jpeg\",\"contentUrl\":\"https:\/\/www.padreeustaquio.com.br\/wp-content\/uploads\/2023\/01\/crisma.jpeg\",\"width\":1280,\"height\":720},{\"@type\":\"BreadcrumbList\",\"@id\":\"https:\/\/www.padreeustaquio.com.br\/inscricoes-para-crisma-no-santuario-vao-ate-fevereiro\/#breadcrumb\",\"itemListElement\":[{\"@type\":\"ListItem\",\"position\":1,\"name\":\"In\u00edcio\",\"item\":\"https:\/\/www.padreeustaquio.com.br\/\"},{\"@type\":\"ListItem\",\"position\":2,\"name\":\"Inscri\u00e7\u00f5es para Crisma no Santu\u00e1rio v\u00e3o at\u00e9 fevereiro\"}]},{\"@type\":\"WebSite\",\"@id\":\"https:\/\/www.padreeustaquio.com.br\/#website\",\"url\":\"https:\/\/www.padreeustaquio.com.br\/\",\"name\":\"Padre Eust\u00e1quio\",\"description\":\"Sa\u00fade e Paz\",\"publisher\":{\"@id\":\"https:\/\/www.padreeustaquio.com.br\/#organization\"},\"potentialAction\":[{\"@type\":\"SearchAction\",\"target\":{\"@type\":\"EntryPoint\",\"urlTemplate\":\"https:\/\/www.padreeustaquio.com.br\/?s={search_term_string}\"},\"query-input\":{\"@type\":\"PropertyValueSpecification\",\"valueRequired\":true,\"valueName\":\"search_term_string\"}}],\"inLanguage\":\"en-US\"},{\"@type\":\"Organization\",\"@id\":\"https:\/\/www.padreeustaquio.com.br\/#organization\",\"name\":\"Padre Eust\u00e1quio\",\"url\":\"https:\/\/www.padreeustaquio.com.br\/\",\"logo\":{\"@type\":\"ImageObject\",\"inLanguage\":\"en-US\",\"@id\":\"https:\/\/www.padreeustaquio.com.br\/#\/schema\/logo\/image\/\",\"url\":\"https:\/\/www.padreeustaquio.com.br\/wp-content\/uploads\/2019\/08\/marca.png\",\"contentUrl\":\"https:\/\/www.padreeustaquio.com.br\/wp-content\/uploads\/2019\/08\/marca.png\",\"width\":350,\"height\":400,\"caption\":\"Padre Eust\u00e1quio\"},\"image\":{\"@id\":\"https:\/\/www.padreeustaquio.com.br\/#\/schema\/logo\/image\/\"},\"sameAs\":[\"https:\/\/www.facebook.com\/beatopadreeustaquio\/\",\"https:\/\/x.com\/beatopeustaquio\",\"https:\/\/www.instagram.com\/beatopadreeustaquio\/\",\"https:\/\/www.youtube.com\/channel\/UCRhw7vfabnajwLxb1ZXMeIw\"]},{\"@type\":\"Person\",\"@id\":\"https:\/\/www.padreeustaquio.com.br\/#\/schema\/person\/a2a51db1d00f1a7af0204a0f1ddb1566\",\"name\":\"@sscc\",\"image\":{\"@type\":\"ImageObject\",\"inLanguage\":\"en-US\",\"@id\":\"https:\/\/secure.gravatar.com\/avatar\/68cfafa5f44617fea54071e215026e0ff06be366c3d54a8425f04fdcb86f8c5f?s=96&d=mm&r=g\",\"url\":\"https:\/\/secure.gravatar.com\/avatar\/68cfafa5f44617fea54071e215026e0ff06be366c3d54a8425f04fdcb86f8c5f?s=96&d=mm&r=g\",\"contentUrl\":\"https:\/\/secure.gravatar.com\/avatar\/68cfafa5f44617fea54071e215026e0ff06be366c3d54a8425f04fdcb86f8c5f?s=96&d=mm&r=g\",\"caption\":\"@sscc\"},\"url\":\"https:\/\/www.padreeustaquio.com.br\/en\/author\/sscc\/\"}]}<\/script>\n<!-- \/ Yoast SEO plugin. -->","yoast_head_json":{"title":"Registration for Confirmation at the Sanctuary is open until February.","description":"Young people from the Sanctuary of Health and Peace, Church of Blessed Father Eustace, who are not yet registered for Confirmation 2023, can still register. The deadline remains open until the start of the meetings, which are scheduled for February.","robots":{"index":"index","follow":"follow","max-snippet":"max-snippet:-1","max-image-preview":"max-image-preview:large","max-video-preview":"max-video-preview:-1"},"canonical":"https:\/\/www.padreeustaquio.com.br\/en\/registrations-for-confirmation-at-the-sanctuary-are-open-until-february\/","og_locale":"en_US","og_type":"article","og_title":"Inscri\u00e7\u00f5es para Crisma no Santu\u00e1rio v\u00e3o at\u00e9 fevereiro","og_description":"Os jovens do Santu\u00e1rio da Sa\u00fade e da Paz, Igreja do Beato Padre Eust\u00e1quio, que ainda n\u00e3o est\u00e3o inscritos para a Crisma 2023, ainda podem se inscrever. O prazo continua aberto at\u00e9 o in\u00edcio dos encontros que est\u00e3o marcados para fevereiro.","og_url":"https:\/\/www.padreeustaquio.com.br\/en\/registrations-for-confirmation-at-the-sanctuary-are-open-until-february\/","og_site_name":"Padre Eust\u00e1quio","article_publisher":"https:\/\/www.facebook.com\/beatopadreeustaquio\/","article_published_time":"2023-01-23T09:38:00+00:00","og_image":[{"width":1280,"height":720,"url":"https:\/\/www.padreeustaquio.com.br\/wp-content\/uploads\/2023\/01\/crisma.jpeg","type":"image\/jpeg"}],"author":"@sscc","twitter_card":"summary_large_image","twitter_creator":"@beatopeustaquio","twitter_site":"@beatopeustaquio","twitter_misc":{"Written by":"@sscc","Est. reading time":"2 minutes"},"schema":{"@context":"https:\/\/schema.org","@graph":[{"@type":"Article","@id":"https:\/\/www.padreeustaquio.com.br\/inscricoes-para-crisma-no-santuario-vao-ate-fevereiro\/#article","isPartOf":{"@id":"https:\/\/www.padreeustaquio.com.br\/inscricoes-para-crisma-no-santuario-vao-ate-fevereiro\/"},"author":{"name":"@sscc","@id":"https:\/\/www.padreeustaquio.com.br\/#\/schema\/person\/a2a51db1d00f1a7af0204a0f1ddb1566"},"headline":"Inscri\u00e7\u00f5es para Crisma no Santu\u00e1rio v\u00e3o at\u00e9 fevereiro","datePublished":"2023-01-23T09:38:00+00:00","mainEntityOfPage":{"@id":"https:\/\/www.padreeustaquio.com.br\/inscricoes-para-crisma-no-santuario-vao-ate-fevereiro\/"},"wordCount":333,"commentCount":0,"publisher":{"@id":"https:\/\/www.padreeustaquio.com.br\/#organization"},"image":{"@id":"https:\/\/www.padreeustaquio.com.br\/inscricoes-para-crisma-no-santuario-vao-ate-fevereiro\/#primaryimage"},"thumbnailUrl":"https:\/\/www.padreeustaquio.com.br\/wp-content\/uploads\/2023\/01\/crisma.jpeg","articleSection":["Not\u00edcias"],"inLanguage":"en-US","potentialAction":[{"@type":"CommentAction","name":"Comment","target":["https:\/\/www.padreeustaquio.com.br\/inscricoes-para-crisma-no-santuario-vao-ate-fevereiro\/#respond"]}]},{"@type":"WebPage","@id":"https:\/\/www.padreeustaquio.com.br\/inscricoes-para-crisma-no-santuario-vao-ate-fevereiro\/","url":"https:\/\/www.padreeustaquio.com.br\/inscricoes-para-crisma-no-santuario-vao-ate-fevereiro\/","name":"Registration for Confirmation at the Sanctuary is open until February.","isPartOf":{"@id":"https:\/\/www.padreeustaquio.com.br\/#website"},"primaryImageOfPage":{"@id":"https:\/\/www.padreeustaquio.com.br\/inscricoes-para-crisma-no-santuario-vao-ate-fevereiro\/#primaryimage"},"image":{"@id":"https:\/\/www.padreeustaquio.com.br\/inscricoes-para-crisma-no-santuario-vao-ate-fevereiro\/#primaryimage"},"thumbnailUrl":"https:\/\/www.padreeustaquio.com.br\/wp-content\/uploads\/2023\/01\/crisma.jpeg","datePublished":"2023-01-23T09:38:00+00:00","description":"Young people from the Sanctuary of Health and Peace, Church of Blessed Father Eustace, who are not yet registered for Confirmation 2023, can still register. The deadline remains open until the start of the meetings, which are scheduled for February.","breadcrumb":{"@id":"https:\/\/www.padreeustaquio.com.br\/inscricoes-para-crisma-no-santuario-vao-ate-fevereiro\/#breadcrumb"},"inLanguage":"en-US","potentialAction":[{"@type":"ReadAction","target":["https:\/\/www.padreeustaquio.com.br\/inscricoes-para-crisma-no-santuario-vao-ate-fevereiro\/"]}]},{"@type":"ImageObject","inLanguage":"en-US","@id":"https:\/\/www.padreeustaquio.com.br\/inscricoes-para-crisma-no-santuario-vao-ate-fevereiro\/#primaryimage","url":"https:\/\/www.padreeustaquio.com.br\/wp-content\/uploads\/2023\/01\/crisma.jpeg","contentUrl":"https:\/\/www.padreeustaquio.com.br\/wp-content\/uploads\/2023\/01\/crisma.jpeg","width":1280,"height":720},{"@type":"BreadcrumbList","@id":"https:\/\/www.padreeustaquio.com.br\/inscricoes-para-crisma-no-santuario-vao-ate-fevereiro\/#breadcrumb","itemListElement":[{"@type":"ListItem","position":1,"name":"In\u00edcio","item":"https:\/\/www.padreeustaquio.com.br\/"},{"@type":"ListItem","position":2,"name":"Inscri\u00e7\u00f5es para Crisma no Santu\u00e1rio v\u00e3o at\u00e9 fevereiro"}]},{"@type":"WebSite","@id":"https:\/\/www.padreeustaquio.com.br\/#website","url":"https:\/\/www.padreeustaquio.com.br\/","name":"FATHER EUST\u00c1QUIO","description":"Health and Peace","publisher":{"@id":"https:\/\/www.padreeustaquio.com.br\/#organization"},"potentialAction":[{"@type":"SearchAction","target":{"@type":"EntryPoint","urlTemplate":"https:\/\/www.padreeustaquio.com.br\/?s={search_term_string}"},"query-input":{"@type":"PropertyValueSpecification","valueRequired":true,"valueName":"search_term_string"}}],"inLanguage":"en-US"},{"@type":"Organization","@id":"https:\/\/www.padreeustaquio.com.br\/#organization","name":"FATHER EUST\u00c1QUIO","url":"https:\/\/www.padreeustaquio.com.br\/","logo":{"@type":"ImageObject","inLanguage":"en-US","@id":"https:\/\/www.padreeustaquio.com.br\/#\/schema\/logo\/image\/","url":"https:\/\/www.padreeustaquio.com.br\/wp-content\/uploads\/2019\/08\/marca.png","contentUrl":"https:\/\/www.padreeustaquio.com.br\/wp-content\/uploads\/2019\/08\/marca.png","width":350,"height":400,"caption":"Padre Eust\u00e1quio"},"image":{"@id":"https:\/\/www.padreeustaquio.com.br\/#\/schema\/logo\/image\/"},"sameAs":["https:\/\/www.facebook.com\/beatopadreeustaquio\/","https:\/\/x.com\/beatopeustaquio","https:\/\/www.instagram.com\/beatopadreeustaquio\/","https:\/\/www.youtube.com\/channel\/UCRhw7vfabnajwLxb1ZXMeIw"]},{"@type":"Person","@id":"https:\/\/www.padreeustaquio.com.br\/#\/schema\/person\/a2a51db1d00f1a7af0204a0f1ddb1566","name":"@sscc","image":{"@type":"ImageObject","inLanguage":"en-US","@id":"https:\/\/secure.gravatar.com\/avatar\/68cfafa5f44617fea54071e215026e0ff06be366c3d54a8425f04fdcb86f8c5f?s=96&d=mm&r=g","url":"https:\/\/secure.gravatar.com\/avatar\/68cfafa5f44617fea54071e215026e0ff06be366c3d54a8425f04fdcb86f8c5f?s=96&d=mm&r=g","contentUrl":"https:\/\/secure.gravatar.com\/avatar\/68cfafa5f44617fea54071e215026e0ff06be366c3d54a8425f04fdcb86f8c5f?s=96&d=mm&r=g","caption":"@sscc"},"url":"https:\/\/www.padreeustaquio.com.br\/en\/author\/sscc\/"}]}},"_links":{"self":[{"href":"https:\/\/www.padreeustaquio.com.br\/en\/wp-json\/wp\/v2\/posts\/9749","targetHints":{"allow":["GET"]}}],"collection":[{"href":"https:\/\/www.padreeustaquio.com.br\/en\/wp-json\/wp\/v2\/posts"}],"about":[{"href":"https:\/\/www.padreeustaquio.com.br\/en\/wp-json\/wp\/v2\/types\/post"}],"author":[{"embeddable":true,"href":"https:\/\/www.padreeustaquio.com.br\/en\/wp-json\/wp\/v2\/users\/2"}],"replies":[{"embeddable":true,"href":"https:\/\/www.padreeustaquio.com.br\/en\/wp-json\/wp\/v2\/comments?post=9749"}],"version-history":[{"count":0,"href":"https:\/\/www.padreeustaquio.com.br\/en\/wp-json\/wp\/v2\/posts\/9749\/revisions"}],"wp:featuredmedia":[{"embeddable":true,"href":"https:\/\/www.padreeustaquio.com.br\/en\/wp-json\/wp\/v2\/media\/9750"}],"wp:attachment":[{"href":"https:\/\/www.padreeustaquio.com.br\/en\/wp-json\/wp\/v2\/media?parent=9749"}],"wp:term":[{"taxonomy":"category","embeddable":true,"href":"https:\/\/www.padreeustaquio.com.br\/en\/wp-json\/wp\/v2\/categories?post=9749"},{"taxonomy":"post_tag","embeddable":true,"href":"https:\/\/www.padreeustaquio.com.br\/en\/wp-json\/wp\/v2\/tags?post=9749"}],"curies":[{"name":"wp","href":"https:\/\/api.w.org\/{rel}","templated":true}]}}