{"id":9745,"date":"2023-01-13T07:18:00","date_gmt":"2023-01-13T10:18:00","guid":{"rendered":"https:\/\/www.padreeustaquio.com.br\/?p=9745"},"modified":"2023-01-13T07:19:23","modified_gmt":"2023-01-13T10:19:23","slug":"brothers-from-the-province-of-brazil-region-of-paraguay-meet-in-assembly","status":"publish","type":"post","link":"https:\/\/www.padreeustaquio.com.br\/en\/brothers-from-the-province-of-brazil-region-of-paraguay-meet-in-assembly\/","title":{"rendered":"Brothers from the Province of Brazil \u2013 Paraguay region meet in Assembly."},"content":{"rendered":"<p>The brothers of the Congregation of the Sacred Hearts, who carry out their missionary work in Brazil and Paraguay, are gathered in the metropolitan region of Belo Horizonte for the General Assembly of the Province. During these 5 days, the brothers are taking stock of the work carried out and creating a schedule of activities for 2023.<\/p>\n\n\n<div class=\"wp-block-image\">\n<figure class=\"alignleft size-medium is-resized\"><img fetchpriority=\"high\" decoding=\"async\" src=\"https:\/\/www.padreeustaquio.com.br\/wp-content\/uploads\/2023\/01\/Assembleia-provincial-brasil-300x225.jpeg\" alt=\"\" class=\"wp-image-9799\" width=\"354\" height=\"266\" srcset=\"https:\/\/www.padreeustaquio.com.br\/wp-content\/uploads\/2023\/01\/Assembleia-provincial-brasil-300x225.jpeg 300w, https:\/\/www.padreeustaquio.com.br\/wp-content\/uploads\/2023\/01\/Assembleia-provincial-brasil-768x576.jpeg 768w, https:\/\/www.padreeustaquio.com.br\/wp-content\/uploads\/2023\/01\/Assembleia-provincial-brasil-180x135.jpeg 180w, https:\/\/www.padreeustaquio.com.br\/wp-content\/uploads\/2023\/01\/Assembleia-provincial-brasil-400x300.jpeg 400w, https:\/\/www.padreeustaquio.com.br\/wp-content\/uploads\/2023\/01\/Assembleia-provincial-brasil-600x450.jpeg 600w, https:\/\/www.padreeustaquio.com.br\/wp-content\/uploads\/2023\/01\/Assembleia-provincial-brasil-800x600.jpeg 800w, https:\/\/www.padreeustaquio.com.br\/wp-content\/uploads\/2023\/01\/Assembleia-provincial-brasil.jpeg 1024w\" sizes=\"(max-width: 354px) 100vw, 354px\" \/><\/figure>\n<\/div>\n\n\n<p>About twenty brothers, including priests, deacons, brothers and postulants, have been gathered at the Retiro das Rosas (Salesians), in Cachoeira do Campo, Ouro Preto, metropolitan region of Belo Horizonte since last Monday (09\/01\/23). Coordinated by the provincial, Fr. Osv\u00e2nio Humberto Mariano, sscc, the work focuses on the presentation of activities carried out throughout 2022 and the program of activities of the province&#039;s houses for 2023.<\/p>\n\n\n\n<p>In addition to religious activities, the Assembly also includes moments for accountability and review of documents related to the Congregation and the Church, as well as an exchange of experiences among the participants.<\/p>\n\n\n\n<p>The meeting, which ends this Friday, is held annually by the priests and brothers. In 2021, the assembly was held in Pindamonhangaba, S\u00e3o Paulo. Last year, during a period when the virus was less prevalent, the brothers met in the same location (Ouro Preto-MG), in April.<\/p>\n\n\n\n<p><\/p>","protected":false},"excerpt":{"rendered":"<p>Os irm\u00e3os da Congrega\u00e7\u00e3o dos Sagrados Cora\u00e7\u00f5es, que realizam seus trabalhos mission\u00e1rios no Brasil e no Paraguai est\u00e3o reunidos na regi\u00e3o metropolitana de Belo Horizonte para a Assembleia Geral da Prov\u00edncia. Durante estes 5 dias, os irm\u00e3os fazem um balan\u00e7o dos trabalhos realizados e um cronograma das atividades de 2023. Cerca de vinte irm\u00e3os, entre padres, di\u00e1conos, irm\u00e3os e postulantes est\u00e3o reunidos no Retiro das Rosas (Salesianos), em Cachoeira do Campo, Ouro Preto, regi\u00e3o metropolitana de Belo Horizonte desde a \u00faltima segunda-feira (09\/01\/23). Coordenados pelo provincial, Pe. Osv\u00e2nio Humberto Mariano, sscc, os trabalhos se concentram na apresenta\u00e7\u00e3o das atividades realizadas [&hellip;]<\/p>\n","protected":false},"author":2,"featured_media":9796,"comment_status":"open","ping_status":"closed","sticky":false,"template":"","format":"standard","meta":{"_acf_changed":false,"footnotes":""},"categories":[611],"tags":[],"class_list":["post-9745","post","type-post","status-publish","format-standard","has-post-thumbnail","hentry","category-noticias"],"acf":[],"yoast_head":"<!-- This site is optimized with the Yoast SEO plugin v27.2 - https:\/\/yoast.com\/product\/yoast-seo-wordpress\/ -->\n<title>Irm\u00e3os da Prov\u00edncia do Brasil - regi\u00e3o do Paraguai se re\u00fanem em Assembleia<\/title>\n<meta name=\"description\" content=\"Os irm\u00e3os da Congrega\u00e7\u00e3o dos Sagrados Cora\u00e7\u00f5es, que realizam seus trabalhos mission\u00e1rios no Brasil e no Paraguai est\u00e3o reunidos na regi\u00e3o metropolitana de Belo Horizonte para a Assembleia Geral da Prov\u00edncia. Durante 5 dias, os irm\u00e3os far\u00e3o um balan\u00e7o dos trabalhos realizados e far\u00e3o um cronograma das atividades de 2023.\" \/>\n<meta name=\"robots\" content=\"index, follow, max-snippet:-1, max-image-preview:large, max-video-preview:-1\" \/>\n<link rel=\"canonical\" href=\"https:\/\/www.padreeustaquio.com.br\/en\/brothers-from-the-province-of-brazil-region-of-paraguay-meet-in-assembly\/\" \/>\n<meta property=\"og:locale\" content=\"en_US\" \/>\n<meta property=\"og:type\" content=\"article\" \/>\n<meta property=\"og:title\" content=\"Irm\u00e3os da Prov\u00edncia do Brasil - regi\u00e3o do Paraguai se re\u00fanem em Assembleia\" \/>\n<meta property=\"og:description\" content=\"Os irm\u00e3os da Congrega\u00e7\u00e3o dos Sagrados Cora\u00e7\u00f5es, que realizam seus trabalhos mission\u00e1rios no Brasil e no Paraguai est\u00e3o reunidos na regi\u00e3o metropolitana de Belo Horizonte para a Assembleia Geral da Prov\u00edncia. Durante 5 dias, os irm\u00e3os far\u00e3o um balan\u00e7o dos trabalhos realizados e far\u00e3o um cronograma das atividades de 2023.\" \/>\n<meta property=\"og:url\" content=\"https:\/\/www.padreeustaquio.com.br\/en\/brothers-from-the-province-of-brazil-region-of-paraguay-meet-in-assembly\/\" \/>\n<meta property=\"og:site_name\" content=\"Padre Eust\u00e1quio\" \/>\n<meta property=\"article:publisher\" content=\"https:\/\/www.facebook.com\/beatopadreeustaquio\/\" \/>\n<meta property=\"article:published_time\" content=\"2023-01-13T10:18:00+00:00\" \/>\n<meta property=\"article:modified_time\" content=\"2023-01-13T10:19:23+00:00\" \/>\n<meta property=\"og:image\" content=\"https:\/\/www.padreeustaquio.com.br\/wp-content\/uploads\/2023\/01\/Encontro-provincia-2023.jpeg\" \/>\n\t<meta property=\"og:image:width\" content=\"1024\" \/>\n\t<meta property=\"og:image:height\" content=\"613\" \/>\n\t<meta property=\"og:image:type\" content=\"image\/jpeg\" \/>\n<meta name=\"author\" content=\"@sscc\" \/>\n<meta name=\"twitter:card\" content=\"summary_large_image\" \/>\n<meta name=\"twitter:creator\" content=\"@beatopeustaquio\" \/>\n<meta name=\"twitter:site\" content=\"@beatopeustaquio\" \/>\n<meta name=\"twitter:label1\" content=\"Written by\" \/>\n\t<meta name=\"twitter:data1\" content=\"@sscc\" \/>\n\t<meta name=\"twitter:label2\" content=\"Est. reading time\" \/>\n\t<meta name=\"twitter:data2\" content=\"2 minutes\" \/>\n<script type=\"application\/ld+json\" class=\"yoast-schema-graph\">{\"@context\":\"https:\/\/schema.org\",\"@graph\":[{\"@type\":\"Article\",\"@id\":\"https:\/\/www.padreeustaquio.com.br\/irmaos-da-provincia-do-brasil-regiao-do-paraguai-se-reunem-em-assembleia\/#article\",\"isPartOf\":{\"@id\":\"https:\/\/www.padreeustaquio.com.br\/irmaos-da-provincia-do-brasil-regiao-do-paraguai-se-reunem-em-assembleia\/\"},\"author\":{\"name\":\"@sscc\",\"@id\":\"https:\/\/www.padreeustaquio.com.br\/#\/schema\/person\/a2a51db1d00f1a7af0204a0f1ddb1566\"},\"headline\":\"Irm\u00e3os da Prov\u00edncia do Brasil &#8211; regi\u00e3o do Paraguai se re\u00fanem em Assembleia\",\"datePublished\":\"2023-01-13T10:18:00+00:00\",\"dateModified\":\"2023-01-13T10:19:23+00:00\",\"mainEntityOfPage\":{\"@id\":\"https:\/\/www.padreeustaquio.com.br\/irmaos-da-provincia-do-brasil-regiao-do-paraguai-se-reunem-em-assembleia\/\"},\"wordCount\":237,\"commentCount\":0,\"publisher\":{\"@id\":\"https:\/\/www.padreeustaquio.com.br\/#organization\"},\"image\":{\"@id\":\"https:\/\/www.padreeustaquio.com.br\/irmaos-da-provincia-do-brasil-regiao-do-paraguai-se-reunem-em-assembleia\/#primaryimage\"},\"thumbnailUrl\":\"https:\/\/www.padreeustaquio.com.br\/wp-content\/uploads\/2023\/01\/Encontro-provincia-2023.jpeg\",\"articleSection\":[\"Not\u00edcias\"],\"inLanguage\":\"en-US\",\"potentialAction\":[{\"@type\":\"CommentAction\",\"name\":\"Comment\",\"target\":[\"https:\/\/www.padreeustaquio.com.br\/irmaos-da-provincia-do-brasil-regiao-do-paraguai-se-reunem-em-assembleia\/#respond\"]}]},{\"@type\":\"WebPage\",\"@id\":\"https:\/\/www.padreeustaquio.com.br\/irmaos-da-provincia-do-brasil-regiao-do-paraguai-se-reunem-em-assembleia\/\",\"url\":\"https:\/\/www.padreeustaquio.com.br\/irmaos-da-provincia-do-brasil-regiao-do-paraguai-se-reunem-em-assembleia\/\",\"name\":\"Irm\u00e3os da Prov\u00edncia do Brasil - regi\u00e3o do Paraguai se re\u00fanem em Assembleia\",\"isPartOf\":{\"@id\":\"https:\/\/www.padreeustaquio.com.br\/#website\"},\"primaryImageOfPage\":{\"@id\":\"https:\/\/www.padreeustaquio.com.br\/irmaos-da-provincia-do-brasil-regiao-do-paraguai-se-reunem-em-assembleia\/#primaryimage\"},\"image\":{\"@id\":\"https:\/\/www.padreeustaquio.com.br\/irmaos-da-provincia-do-brasil-regiao-do-paraguai-se-reunem-em-assembleia\/#primaryimage\"},\"thumbnailUrl\":\"https:\/\/www.padreeustaquio.com.br\/wp-content\/uploads\/2023\/01\/Encontro-provincia-2023.jpeg\",\"datePublished\":\"2023-01-13T10:18:00+00:00\",\"dateModified\":\"2023-01-13T10:19:23+00:00\",\"description\":\"Os irm\u00e3os da Congrega\u00e7\u00e3o dos Sagrados Cora\u00e7\u00f5es, que realizam seus trabalhos mission\u00e1rios no Brasil e no Paraguai est\u00e3o reunidos na regi\u00e3o metropolitana de Belo Horizonte para a Assembleia Geral da Prov\u00edncia. Durante 5 dias, os irm\u00e3os far\u00e3o um balan\u00e7o dos trabalhos realizados e far\u00e3o um cronograma das atividades de 2023.\",\"breadcrumb\":{\"@id\":\"https:\/\/www.padreeustaquio.com.br\/irmaos-da-provincia-do-brasil-regiao-do-paraguai-se-reunem-em-assembleia\/#breadcrumb\"},\"inLanguage\":\"en-US\",\"potentialAction\":[{\"@type\":\"ReadAction\",\"target\":[\"https:\/\/www.padreeustaquio.com.br\/irmaos-da-provincia-do-brasil-regiao-do-paraguai-se-reunem-em-assembleia\/\"]}]},{\"@type\":\"ImageObject\",\"inLanguage\":\"en-US\",\"@id\":\"https:\/\/www.padreeustaquio.com.br\/irmaos-da-provincia-do-brasil-regiao-do-paraguai-se-reunem-em-assembleia\/#primaryimage\",\"url\":\"https:\/\/www.padreeustaquio.com.br\/wp-content\/uploads\/2023\/01\/Encontro-provincia-2023.jpeg\",\"contentUrl\":\"https:\/\/www.padreeustaquio.com.br\/wp-content\/uploads\/2023\/01\/Encontro-provincia-2023.jpeg\",\"width\":1024,\"height\":613},{\"@type\":\"BreadcrumbList\",\"@id\":\"https:\/\/www.padreeustaquio.com.br\/irmaos-da-provincia-do-brasil-regiao-do-paraguai-se-reunem-em-assembleia\/#breadcrumb\",\"itemListElement\":[{\"@type\":\"ListItem\",\"position\":1,\"name\":\"In\u00edcio\",\"item\":\"https:\/\/www.padreeustaquio.com.br\/\"},{\"@type\":\"ListItem\",\"position\":2,\"name\":\"Irm\u00e3os da Prov\u00edncia do Brasil &#8211; regi\u00e3o do Paraguai se re\u00fanem em Assembleia\"}]},{\"@type\":\"WebSite\",\"@id\":\"https:\/\/www.padreeustaquio.com.br\/#website\",\"url\":\"https:\/\/www.padreeustaquio.com.br\/\",\"name\":\"Padre Eust\u00e1quio\",\"description\":\"Sa\u00fade e Paz\",\"publisher\":{\"@id\":\"https:\/\/www.padreeustaquio.com.br\/#organization\"},\"potentialAction\":[{\"@type\":\"SearchAction\",\"target\":{\"@type\":\"EntryPoint\",\"urlTemplate\":\"https:\/\/www.padreeustaquio.com.br\/?s={search_term_string}\"},\"query-input\":{\"@type\":\"PropertyValueSpecification\",\"valueRequired\":true,\"valueName\":\"search_term_string\"}}],\"inLanguage\":\"en-US\"},{\"@type\":\"Organization\",\"@id\":\"https:\/\/www.padreeustaquio.com.br\/#organization\",\"name\":\"Padre Eust\u00e1quio\",\"url\":\"https:\/\/www.padreeustaquio.com.br\/\",\"logo\":{\"@type\":\"ImageObject\",\"inLanguage\":\"en-US\",\"@id\":\"https:\/\/www.padreeustaquio.com.br\/#\/schema\/logo\/image\/\",\"url\":\"https:\/\/www.padreeustaquio.com.br\/wp-content\/uploads\/2019\/08\/marca.png\",\"contentUrl\":\"https:\/\/www.padreeustaquio.com.br\/wp-content\/uploads\/2019\/08\/marca.png\",\"width\":350,\"height\":400,\"caption\":\"Padre Eust\u00e1quio\"},\"image\":{\"@id\":\"https:\/\/www.padreeustaquio.com.br\/#\/schema\/logo\/image\/\"},\"sameAs\":[\"https:\/\/www.facebook.com\/beatopadreeustaquio\/\",\"https:\/\/x.com\/beatopeustaquio\",\"https:\/\/www.instagram.com\/beatopadreeustaquio\/\",\"https:\/\/www.youtube.com\/channel\/UCRhw7vfabnajwLxb1ZXMeIw\"]},{\"@type\":\"Person\",\"@id\":\"https:\/\/www.padreeustaquio.com.br\/#\/schema\/person\/a2a51db1d00f1a7af0204a0f1ddb1566\",\"name\":\"@sscc\",\"image\":{\"@type\":\"ImageObject\",\"inLanguage\":\"en-US\",\"@id\":\"https:\/\/secure.gravatar.com\/avatar\/68cfafa5f44617fea54071e215026e0ff06be366c3d54a8425f04fdcb86f8c5f?s=96&d=mm&r=g\",\"url\":\"https:\/\/secure.gravatar.com\/avatar\/68cfafa5f44617fea54071e215026e0ff06be366c3d54a8425f04fdcb86f8c5f?s=96&d=mm&r=g\",\"contentUrl\":\"https:\/\/secure.gravatar.com\/avatar\/68cfafa5f44617fea54071e215026e0ff06be366c3d54a8425f04fdcb86f8c5f?s=96&d=mm&r=g\",\"caption\":\"@sscc\"},\"url\":\"https:\/\/www.padreeustaquio.com.br\/en\/author\/sscc\/\"}]}<\/script>\n<!-- \/ Yoast SEO plugin. -->","yoast_head_json":{"title":"Brothers from the Province of Brazil - Paraguay region meet in Assembly.","description":"The brothers of the Congregation of the Sacred Hearts, who carry out their missionary work in Brazil and Paraguay, are gathered in the metropolitan region of Belo Horizonte for the General Assembly of the Province. For five days, the brothers will review the work done and create a schedule of activities for 2023.","robots":{"index":"index","follow":"follow","max-snippet":"max-snippet:-1","max-image-preview":"max-image-preview:large","max-video-preview":"max-video-preview:-1"},"canonical":"https:\/\/www.padreeustaquio.com.br\/en\/brothers-from-the-province-of-brazil-region-of-paraguay-meet-in-assembly\/","og_locale":"en_US","og_type":"article","og_title":"Irm\u00e3os da Prov\u00edncia do Brasil - regi\u00e3o do Paraguai se re\u00fanem em Assembleia","og_description":"Os irm\u00e3os da Congrega\u00e7\u00e3o dos Sagrados Cora\u00e7\u00f5es, que realizam seus trabalhos mission\u00e1rios no Brasil e no Paraguai est\u00e3o reunidos na regi\u00e3o metropolitana de Belo Horizonte para a Assembleia Geral da Prov\u00edncia. Durante 5 dias, os irm\u00e3os far\u00e3o um balan\u00e7o dos trabalhos realizados e far\u00e3o um cronograma das atividades de 2023.","og_url":"https:\/\/www.padreeustaquio.com.br\/en\/brothers-from-the-province-of-brazil-region-of-paraguay-meet-in-assembly\/","og_site_name":"Padre Eust\u00e1quio","article_publisher":"https:\/\/www.facebook.com\/beatopadreeustaquio\/","article_published_time":"2023-01-13T10:18:00+00:00","article_modified_time":"2023-01-13T10:19:23+00:00","og_image":[{"width":1024,"height":613,"url":"https:\/\/www.padreeustaquio.com.br\/wp-content\/uploads\/2023\/01\/Encontro-provincia-2023.jpeg","type":"image\/jpeg"}],"author":"@sscc","twitter_card":"summary_large_image","twitter_creator":"@beatopeustaquio","twitter_site":"@beatopeustaquio","twitter_misc":{"Written by":"@sscc","Est. reading time":"2 minutes"},"schema":{"@context":"https:\/\/schema.org","@graph":[{"@type":"Article","@id":"https:\/\/www.padreeustaquio.com.br\/irmaos-da-provincia-do-brasil-regiao-do-paraguai-se-reunem-em-assembleia\/#article","isPartOf":{"@id":"https:\/\/www.padreeustaquio.com.br\/irmaos-da-provincia-do-brasil-regiao-do-paraguai-se-reunem-em-assembleia\/"},"author":{"name":"@sscc","@id":"https:\/\/www.padreeustaquio.com.br\/#\/schema\/person\/a2a51db1d00f1a7af0204a0f1ddb1566"},"headline":"Irm\u00e3os da Prov\u00edncia do Brasil &#8211; regi\u00e3o do Paraguai se re\u00fanem em Assembleia","datePublished":"2023-01-13T10:18:00+00:00","dateModified":"2023-01-13T10:19:23+00:00","mainEntityOfPage":{"@id":"https:\/\/www.padreeustaquio.com.br\/irmaos-da-provincia-do-brasil-regiao-do-paraguai-se-reunem-em-assembleia\/"},"wordCount":237,"commentCount":0,"publisher":{"@id":"https:\/\/www.padreeustaquio.com.br\/#organization"},"image":{"@id":"https:\/\/www.padreeustaquio.com.br\/irmaos-da-provincia-do-brasil-regiao-do-paraguai-se-reunem-em-assembleia\/#primaryimage"},"thumbnailUrl":"https:\/\/www.padreeustaquio.com.br\/wp-content\/uploads\/2023\/01\/Encontro-provincia-2023.jpeg","articleSection":["Not\u00edcias"],"inLanguage":"en-US","potentialAction":[{"@type":"CommentAction","name":"Comment","target":["https:\/\/www.padreeustaquio.com.br\/irmaos-da-provincia-do-brasil-regiao-do-paraguai-se-reunem-em-assembleia\/#respond"]}]},{"@type":"WebPage","@id":"https:\/\/www.padreeustaquio.com.br\/irmaos-da-provincia-do-brasil-regiao-do-paraguai-se-reunem-em-assembleia\/","url":"https:\/\/www.padreeustaquio.com.br\/irmaos-da-provincia-do-brasil-regiao-do-paraguai-se-reunem-em-assembleia\/","name":"Brothers from the Province of Brazil - Paraguay region meet in Assembly.","isPartOf":{"@id":"https:\/\/www.padreeustaquio.com.br\/#website"},"primaryImageOfPage":{"@id":"https:\/\/www.padreeustaquio.com.br\/irmaos-da-provincia-do-brasil-regiao-do-paraguai-se-reunem-em-assembleia\/#primaryimage"},"image":{"@id":"https:\/\/www.padreeustaquio.com.br\/irmaos-da-provincia-do-brasil-regiao-do-paraguai-se-reunem-em-assembleia\/#primaryimage"},"thumbnailUrl":"https:\/\/www.padreeustaquio.com.br\/wp-content\/uploads\/2023\/01\/Encontro-provincia-2023.jpeg","datePublished":"2023-01-13T10:18:00+00:00","dateModified":"2023-01-13T10:19:23+00:00","description":"The brothers of the Congregation of the Sacred Hearts, who carry out their missionary work in Brazil and Paraguay, are gathered in the metropolitan region of Belo Horizonte for the General Assembly of the Province. For five days, the brothers will review the work done and create a schedule of activities for 2023.","breadcrumb":{"@id":"https:\/\/www.padreeustaquio.com.br\/irmaos-da-provincia-do-brasil-regiao-do-paraguai-se-reunem-em-assembleia\/#breadcrumb"},"inLanguage":"en-US","potentialAction":[{"@type":"ReadAction","target":["https:\/\/www.padreeustaquio.com.br\/irmaos-da-provincia-do-brasil-regiao-do-paraguai-se-reunem-em-assembleia\/"]}]},{"@type":"ImageObject","inLanguage":"en-US","@id":"https:\/\/www.padreeustaquio.com.br\/irmaos-da-provincia-do-brasil-regiao-do-paraguai-se-reunem-em-assembleia\/#primaryimage","url":"https:\/\/www.padreeustaquio.com.br\/wp-content\/uploads\/2023\/01\/Encontro-provincia-2023.jpeg","contentUrl":"https:\/\/www.padreeustaquio.com.br\/wp-content\/uploads\/2023\/01\/Encontro-provincia-2023.jpeg","width":1024,"height":613},{"@type":"BreadcrumbList","@id":"https:\/\/www.padreeustaquio.com.br\/irmaos-da-provincia-do-brasil-regiao-do-paraguai-se-reunem-em-assembleia\/#breadcrumb","itemListElement":[{"@type":"ListItem","position":1,"name":"In\u00edcio","item":"https:\/\/www.padreeustaquio.com.br\/"},{"@type":"ListItem","position":2,"name":"Irm\u00e3os da Prov\u00edncia do Brasil &#8211; regi\u00e3o do Paraguai se re\u00fanem em Assembleia"}]},{"@type":"WebSite","@id":"https:\/\/www.padreeustaquio.com.br\/#website","url":"https:\/\/www.padreeustaquio.com.br\/","name":"FATHER EUST\u00c1QUIO","description":"Health and Peace","publisher":{"@id":"https:\/\/www.padreeustaquio.com.br\/#organization"},"potentialAction":[{"@type":"SearchAction","target":{"@type":"EntryPoint","urlTemplate":"https:\/\/www.padreeustaquio.com.br\/?s={search_term_string}"},"query-input":{"@type":"PropertyValueSpecification","valueRequired":true,"valueName":"search_term_string"}}],"inLanguage":"en-US"},{"@type":"Organization","@id":"https:\/\/www.padreeustaquio.com.br\/#organization","name":"FATHER EUST\u00c1QUIO","url":"https:\/\/www.padreeustaquio.com.br\/","logo":{"@type":"ImageObject","inLanguage":"en-US","@id":"https:\/\/www.padreeustaquio.com.br\/#\/schema\/logo\/image\/","url":"https:\/\/www.padreeustaquio.com.br\/wp-content\/uploads\/2019\/08\/marca.png","contentUrl":"https:\/\/www.padreeustaquio.com.br\/wp-content\/uploads\/2019\/08\/marca.png","width":350,"height":400,"caption":"Padre Eust\u00e1quio"},"image":{"@id":"https:\/\/www.padreeustaquio.com.br\/#\/schema\/logo\/image\/"},"sameAs":["https:\/\/www.facebook.com\/beatopadreeustaquio\/","https:\/\/x.com\/beatopeustaquio","https:\/\/www.instagram.com\/beatopadreeustaquio\/","https:\/\/www.youtube.com\/channel\/UCRhw7vfabnajwLxb1ZXMeIw"]},{"@type":"Person","@id":"https:\/\/www.padreeustaquio.com.br\/#\/schema\/person\/a2a51db1d00f1a7af0204a0f1ddb1566","name":"@sscc","image":{"@type":"ImageObject","inLanguage":"en-US","@id":"https:\/\/secure.gravatar.com\/avatar\/68cfafa5f44617fea54071e215026e0ff06be366c3d54a8425f04fdcb86f8c5f?s=96&d=mm&r=g","url":"https:\/\/secure.gravatar.com\/avatar\/68cfafa5f44617fea54071e215026e0ff06be366c3d54a8425f04fdcb86f8c5f?s=96&d=mm&r=g","contentUrl":"https:\/\/secure.gravatar.com\/avatar\/68cfafa5f44617fea54071e215026e0ff06be366c3d54a8425f04fdcb86f8c5f?s=96&d=mm&r=g","caption":"@sscc"},"url":"https:\/\/www.padreeustaquio.com.br\/en\/author\/sscc\/"}]}},"_links":{"self":[{"href":"https:\/\/www.padreeustaquio.com.br\/en\/wp-json\/wp\/v2\/posts\/9745","targetHints":{"allow":["GET"]}}],"collection":[{"href":"https:\/\/www.padreeustaquio.com.br\/en\/wp-json\/wp\/v2\/posts"}],"about":[{"href":"https:\/\/www.padreeustaquio.com.br\/en\/wp-json\/wp\/v2\/types\/post"}],"author":[{"embeddable":true,"href":"https:\/\/www.padreeustaquio.com.br\/en\/wp-json\/wp\/v2\/users\/2"}],"replies":[{"embeddable":true,"href":"https:\/\/www.padreeustaquio.com.br\/en\/wp-json\/wp\/v2\/comments?post=9745"}],"version-history":[{"count":0,"href":"https:\/\/www.padreeustaquio.com.br\/en\/wp-json\/wp\/v2\/posts\/9745\/revisions"}],"wp:featuredmedia":[{"embeddable":true,"href":"https:\/\/www.padreeustaquio.com.br\/en\/wp-json\/wp\/v2\/media\/9796"}],"wp:attachment":[{"href":"https:\/\/www.padreeustaquio.com.br\/en\/wp-json\/wp\/v2\/media?parent=9745"}],"wp:term":[{"taxonomy":"category","embeddable":true,"href":"https:\/\/www.padreeustaquio.com.br\/en\/wp-json\/wp\/v2\/categories?post=9745"},{"taxonomy":"post_tag","embeddable":true,"href":"https:\/\/www.padreeustaquio.com.br\/en\/wp-json\/wp\/v2\/tags?post=9745"}],"curies":[{"name":"wp","href":"https:\/\/api.w.org\/{rel}","templated":true}]}}