{"id":9737,"date":"2023-01-10T07:36:31","date_gmt":"2023-01-10T10:36:31","guid":{"rendered":"https:\/\/www.padreeustaquio.com.br\/?p=9737"},"modified":"2023-01-10T07:36:32","modified_gmt":"2023-01-10T10:36:32","slug":"how-can-we-prepare-ourselves-to-have-a-light-heart-god-has-gifted-us-with-the-sacrament-of-confession","status":"publish","type":"post","link":"https:\/\/www.padreeustaquio.com.br\/en\/how-can-we-prepare-ourselves-to-have-a-light-heart-god-has-gifted-us-with-the-sacrament-of-confession\/","title":{"rendered":"How to prepare ourselves to have a light heart: &quot;God has gifted us with the sacrament of Confession.&quot;\u201c"},"content":{"rendered":"<p>At the beginning of a new year, many Christians make resolutions to start the cycle in a way that allows them to experience Jesus&#039; teachings even more fully. One of the sacraments that is part of the lives of the faithful is Confession. Although it may inspire some apprehension, especially about the correct way to express ourselves, Confession brings us closer to Jesus and makes us want to follow in his footsteps even more. The sacrament is a return to God, a moment when we approach divine mercy, receiving forgiveness for our offenses. Watch the interview with Father Marcus Vin\u00edcius Maciel, rector of the Archdiocesan Sanctuary of Health and Peace, and learn more about how to prepare for a good Confession.<\/p>\n\n\n\n<p><strong>Why should we Christians go to confession?&nbsp;<\/strong><\/p>\n\n\n\n<p>The sacraments are signs of God&#039;s love for us. Because God has great affection for each of us, and knows our fragility, He gifted us with the sacrament of confession to give strength and restoration for our journey. We should confess in order to reconcile ourselves with God and with our brothers and sisters, and to receive this grace of God within ourselves.<\/p>\n\n\n\n<p><strong>And when is the right time to seek the sacrament?<\/strong><\/p>\n\n\n\n<p>The right time to confess to a priest depends greatly on each person&#039;s upbringing and how mature we are in our conscience, how we develop our capacity and sensitivity to perceive our relationship with God and with our brothers and sisters. It is important that we have a mature, adult conscience, that we are not so scrupulous as to be lost or confused by every event, but it is also important to know that this frequency is necessary. The Church asks that it be at least once a year, but a person who has a life of reflection will seek this reconciliation more often, thus being able to have their heart cleansed through this constant attitude of seeking God and harmony with their brothers and sisters. Confession is regenerative and integrative.<\/p>\n\n\n\n<p><strong>How can I prepare for a good Confession? What should I think about?<\/strong><br>We should seek the words of Jesus. A reflection on the Ten Commandments, for example, can help us, but the fundamental thing is to keep the Word of God in perspective. And what does God tell us? To love our neighbor as ourselves means to love ourselves, to love others, and above all, to love God. But whoever says they love God whom they do not see, but does not love their brother whom they do see, Jesus says is a liar. Thus, the great criterion for preparing for Confession should always be to observe the attitudes of the Gospel, the attitudes of Jesus, which can put us in the perspective of having a heart in tune with the heart of Jesus. This attunement will prepare us well for a good Confession.<\/p>\n\n\n\n<p><strong>And how can we feel this harmony?<\/strong><\/p>\n\n\n\n<p>A very simple and beautiful example is that song by Father Zezinho that goes like this: to love as Jesus loved, to think as Jesus thought\u2026 A question we can ask ourselves is this: how would Jesus act in this situation in my place? How should I act to have a heart like Jesus&#039;? Above all, by cultivating love for people, for the weakest, for those who need us most, and especially for those closest to us, those who live with us.<\/p>\n\n\n\n<p><strong>What if I forget some sin?<\/strong><\/p>\n\n\n\n<p>For God, a repentant heart is worth more than a mathematical enumeration of sins. If I forget any sin, God forgives, forgives all sins. We don&#039;t need to be obsessed with meticulous detail about each one, finding quantities; what&#039;s important is having a true attitude of repentance and conversion, of seeking God and reconciliation with our brothers and sisters.<\/p>\n\n\n\n<p><strong>Why is it important to fulfill the penance given by the priest?<\/strong><\/p>\n\n\n\n<p>Fulfilling the penance that the priest asks of us is a way of expressing our gratitude, our commitment to beginning a new life. It is not a payment or exchange, it is an expression of a repentant heart willing to build a new time.<\/p>\n\n\n\n<p><strong>Is the start of a new year a good time to seek the sacrament of Confession?<\/strong><\/p>\n\n\n\n<p>It is good to confess whenever we are about to experience an important moment and whenever we realize that our hearts need it. It can be a good practice to confess at the beginning of a new year, but it is not an obligation or a condition. The important thing is to always remember that God came for sinners, not for saints. I should confess frequently to be in a state of grace, and I should receive communion to maintain this grace of God within me, thus strengthening my journey of communion with the Lord and with my brothers and sisters.<\/p>\n\n\n\n<p><\/p>","protected":false},"excerpt":{"rendered":"<p>No in\u00edcio de um novo ano muitos crist\u00e3os fazem prop\u00f3sitos para come\u00e7ar o ciclo de modo a vivenciar ainda mais os ensinamentos de Jesus. Um dos sacramentos que fazem parte da vida dos fi\u00e9is \u00e9 a Confiss\u00e3o. Embora possa inspirar algum receio, especialmente sobre a forma correta de nos expressarmos, a Confiss\u00e3o nos aproxima de Jesus e nos faz querer seguir cada vez mais os seus passos. O sacramento \u00e9 a volta a Deus, momento em que nos aproximamos da miseric\u00f3rdia divina, recebendo o perd\u00e3o pelas nossas ofensas. Acompanhe a entrevista do padre Marcus Vin\u00edcius Maciel, reitor do Santu\u00e1rio Arquidiocesano [&hellip;]<\/p>\n","protected":false},"author":2,"featured_media":9738,"comment_status":"open","ping_status":"closed","sticky":false,"template":"","format":"standard","meta":{"_acf_changed":false,"footnotes":""},"categories":[611],"tags":[],"class_list":["post-9737","post","type-post","status-publish","format-standard","has-post-thumbnail","hentry","category-noticias"],"acf":[],"yoast_head":"<!-- This site is optimized with the Yoast SEO plugin v27.2 - https:\/\/yoast.com\/product\/yoast-seo-wordpress\/ -->\n<title>Como nos preparar para ter o cora\u00e7\u00e3o leve: \u201cDeus nos presenteou com o sacramento da Confiss\u00e3o\u201d<\/title>\n<meta name=\"description\" content=\"Embora possa inspirar algum receio, especialmente sobre a forma correta de nos expressarmos, a Confiss\u00e3o nos aproxima de Jesus e nos faz querer seguir cada vez mais os seus passos. O sacramento \u00e9 a volta a Deus, momento em que nos aproximamos da miseric\u00f3rdia divina, recebendo o perd\u00e3o pelas nossas ofensas. Acompanhe a entrevista do padre Marcus Vin\u00edcius Maciel, reitor do Santu\u00e1rio Arquidiocesano da Sa\u00fade e da Paz, e aprenda mais sobre como se preparar para uma boa Confiss\u00e3o.\" \/>\n<meta name=\"robots\" content=\"index, follow, max-snippet:-1, max-image-preview:large, max-video-preview:-1\" \/>\n<link rel=\"canonical\" href=\"https:\/\/www.padreeustaquio.com.br\/en\/how-can-we-prepare-ourselves-to-have-a-light-heart-god-has-gifted-us-with-the-sacrament-of-confession\/\" \/>\n<meta property=\"og:locale\" content=\"en_US\" \/>\n<meta property=\"og:type\" content=\"article\" \/>\n<meta property=\"og:title\" content=\"Como nos preparar para ter o cora\u00e7\u00e3o leve: \u201cDeus nos presenteou com o sacramento da Confiss\u00e3o\u201d\" \/>\n<meta property=\"og:description\" content=\"Embora possa inspirar algum receio, especialmente sobre a forma correta de nos expressarmos, a Confiss\u00e3o nos aproxima de Jesus e nos faz querer seguir cada vez mais os seus passos. O sacramento \u00e9 a volta a Deus, momento em que nos aproximamos da miseric\u00f3rdia divina, recebendo o perd\u00e3o pelas nossas ofensas. Acompanhe a entrevista do padre Marcus Vin\u00edcius Maciel, reitor do Santu\u00e1rio Arquidiocesano da Sa\u00fade e da Paz, e aprenda mais sobre como se preparar para uma boa Confiss\u00e3o.\" \/>\n<meta property=\"og:url\" content=\"https:\/\/www.padreeustaquio.com.br\/en\/how-can-we-prepare-ourselves-to-have-a-light-heart-god-has-gifted-us-with-the-sacrament-of-confession\/\" \/>\n<meta property=\"og:site_name\" content=\"Padre Eust\u00e1quio\" \/>\n<meta property=\"article:publisher\" content=\"https:\/\/www.facebook.com\/beatopadreeustaquio\/\" \/>\n<meta property=\"article:published_time\" content=\"2023-01-10T10:36:31+00:00\" \/>\n<meta property=\"article:modified_time\" content=\"2023-01-10T10:36:32+00:00\" \/>\n<meta property=\"og:image\" content=\"https:\/\/www.padreeustaquio.com.br\/wp-content\/uploads\/2023\/01\/confissao.jpg\" \/>\n\t<meta property=\"og:image:width\" content=\"1000\" \/>\n\t<meta property=\"og:image:height\" content=\"666\" \/>\n\t<meta property=\"og:image:type\" content=\"image\/jpeg\" \/>\n<meta name=\"author\" content=\"@sscc\" \/>\n<meta name=\"twitter:card\" content=\"summary_large_image\" \/>\n<meta name=\"twitter:creator\" content=\"@beatopeustaquio\" \/>\n<meta name=\"twitter:site\" content=\"@beatopeustaquio\" \/>\n<meta name=\"twitter:label1\" content=\"Written by\" \/>\n\t<meta name=\"twitter:data1\" content=\"@sscc\" \/>\n\t<meta name=\"twitter:label2\" content=\"Est. reading time\" \/>\n\t<meta name=\"twitter:data2\" content=\"4 minutes\" \/>\n<script type=\"application\/ld+json\" class=\"yoast-schema-graph\">{\"@context\":\"https:\/\/schema.org\",\"@graph\":[{\"@type\":\"Article\",\"@id\":\"https:\/\/www.padreeustaquio.com.br\/como-nos-preparar-para-ter-o-coracao-leve-deus-nos-presenteou-com-o-sacramento-da-confissao\/#article\",\"isPartOf\":{\"@id\":\"https:\/\/www.padreeustaquio.com.br\/como-nos-preparar-para-ter-o-coracao-leve-deus-nos-presenteou-com-o-sacramento-da-confissao\/\"},\"author\":{\"name\":\"@sscc\",\"@id\":\"https:\/\/www.padreeustaquio.com.br\/#\/schema\/person\/a2a51db1d00f1a7af0204a0f1ddb1566\"},\"headline\":\"Como nos preparar para ter o cora\u00e7\u00e3o leve: \u201cDeus nos presenteou com o sacramento da Confiss\u00e3o\u201d\",\"datePublished\":\"2023-01-10T10:36:31+00:00\",\"dateModified\":\"2023-01-10T10:36:32+00:00\",\"mainEntityOfPage\":{\"@id\":\"https:\/\/www.padreeustaquio.com.br\/como-nos-preparar-para-ter-o-coracao-leve-deus-nos-presenteou-com-o-sacramento-da-confissao\/\"},\"wordCount\":865,\"commentCount\":0,\"publisher\":{\"@id\":\"https:\/\/www.padreeustaquio.com.br\/#organization\"},\"image\":{\"@id\":\"https:\/\/www.padreeustaquio.com.br\/como-nos-preparar-para-ter-o-coracao-leve-deus-nos-presenteou-com-o-sacramento-da-confissao\/#primaryimage\"},\"thumbnailUrl\":\"https:\/\/www.padreeustaquio.com.br\/wp-content\/uploads\/2023\/01\/confissao.jpg\",\"articleSection\":[\"Not\u00edcias\"],\"inLanguage\":\"en-US\",\"potentialAction\":[{\"@type\":\"CommentAction\",\"name\":\"Comment\",\"target\":[\"https:\/\/www.padreeustaquio.com.br\/como-nos-preparar-para-ter-o-coracao-leve-deus-nos-presenteou-com-o-sacramento-da-confissao\/#respond\"]}]},{\"@type\":\"WebPage\",\"@id\":\"https:\/\/www.padreeustaquio.com.br\/como-nos-preparar-para-ter-o-coracao-leve-deus-nos-presenteou-com-o-sacramento-da-confissao\/\",\"url\":\"https:\/\/www.padreeustaquio.com.br\/como-nos-preparar-para-ter-o-coracao-leve-deus-nos-presenteou-com-o-sacramento-da-confissao\/\",\"name\":\"Como nos preparar para ter o cora\u00e7\u00e3o leve: \u201cDeus nos presenteou com o sacramento da Confiss\u00e3o\u201d\",\"isPartOf\":{\"@id\":\"https:\/\/www.padreeustaquio.com.br\/#website\"},\"primaryImageOfPage\":{\"@id\":\"https:\/\/www.padreeustaquio.com.br\/como-nos-preparar-para-ter-o-coracao-leve-deus-nos-presenteou-com-o-sacramento-da-confissao\/#primaryimage\"},\"image\":{\"@id\":\"https:\/\/www.padreeustaquio.com.br\/como-nos-preparar-para-ter-o-coracao-leve-deus-nos-presenteou-com-o-sacramento-da-confissao\/#primaryimage\"},\"thumbnailUrl\":\"https:\/\/www.padreeustaquio.com.br\/wp-content\/uploads\/2023\/01\/confissao.jpg\",\"datePublished\":\"2023-01-10T10:36:31+00:00\",\"dateModified\":\"2023-01-10T10:36:32+00:00\",\"description\":\"Embora possa inspirar algum receio, especialmente sobre a forma correta de nos expressarmos, a Confiss\u00e3o nos aproxima de Jesus e nos faz querer seguir cada vez mais os seus passos. O sacramento \u00e9 a volta a Deus, momento em que nos aproximamos da miseric\u00f3rdia divina, recebendo o perd\u00e3o pelas nossas ofensas. Acompanhe a entrevista do padre Marcus Vin\u00edcius Maciel, reitor do Santu\u00e1rio Arquidiocesano da Sa\u00fade e da Paz, e aprenda mais sobre como se preparar para uma boa Confiss\u00e3o.\",\"breadcrumb\":{\"@id\":\"https:\/\/www.padreeustaquio.com.br\/como-nos-preparar-para-ter-o-coracao-leve-deus-nos-presenteou-com-o-sacramento-da-confissao\/#breadcrumb\"},\"inLanguage\":\"en-US\",\"potentialAction\":[{\"@type\":\"ReadAction\",\"target\":[\"https:\/\/www.padreeustaquio.com.br\/como-nos-preparar-para-ter-o-coracao-leve-deus-nos-presenteou-com-o-sacramento-da-confissao\/\"]}]},{\"@type\":\"ImageObject\",\"inLanguage\":\"en-US\",\"@id\":\"https:\/\/www.padreeustaquio.com.br\/como-nos-preparar-para-ter-o-coracao-leve-deus-nos-presenteou-com-o-sacramento-da-confissao\/#primaryimage\",\"url\":\"https:\/\/www.padreeustaquio.com.br\/wp-content\/uploads\/2023\/01\/confissao.jpg\",\"contentUrl\":\"https:\/\/www.padreeustaquio.com.br\/wp-content\/uploads\/2023\/01\/confissao.jpg\",\"width\":1000,\"height\":666},{\"@type\":\"BreadcrumbList\",\"@id\":\"https:\/\/www.padreeustaquio.com.br\/como-nos-preparar-para-ter-o-coracao-leve-deus-nos-presenteou-com-o-sacramento-da-confissao\/#breadcrumb\",\"itemListElement\":[{\"@type\":\"ListItem\",\"position\":1,\"name\":\"In\u00edcio\",\"item\":\"https:\/\/www.padreeustaquio.com.br\/\"},{\"@type\":\"ListItem\",\"position\":2,\"name\":\"Como nos preparar para ter o cora\u00e7\u00e3o leve: \u201cDeus nos presenteou com o sacramento da Confiss\u00e3o\u201d\"}]},{\"@type\":\"WebSite\",\"@id\":\"https:\/\/www.padreeustaquio.com.br\/#website\",\"url\":\"https:\/\/www.padreeustaquio.com.br\/\",\"name\":\"Padre Eust\u00e1quio\",\"description\":\"Sa\u00fade e Paz\",\"publisher\":{\"@id\":\"https:\/\/www.padreeustaquio.com.br\/#organization\"},\"potentialAction\":[{\"@type\":\"SearchAction\",\"target\":{\"@type\":\"EntryPoint\",\"urlTemplate\":\"https:\/\/www.padreeustaquio.com.br\/?s={search_term_string}\"},\"query-input\":{\"@type\":\"PropertyValueSpecification\",\"valueRequired\":true,\"valueName\":\"search_term_string\"}}],\"inLanguage\":\"en-US\"},{\"@type\":\"Organization\",\"@id\":\"https:\/\/www.padreeustaquio.com.br\/#organization\",\"name\":\"Padre Eust\u00e1quio\",\"url\":\"https:\/\/www.padreeustaquio.com.br\/\",\"logo\":{\"@type\":\"ImageObject\",\"inLanguage\":\"en-US\",\"@id\":\"https:\/\/www.padreeustaquio.com.br\/#\/schema\/logo\/image\/\",\"url\":\"https:\/\/www.padreeustaquio.com.br\/wp-content\/uploads\/2019\/08\/marca.png\",\"contentUrl\":\"https:\/\/www.padreeustaquio.com.br\/wp-content\/uploads\/2019\/08\/marca.png\",\"width\":350,\"height\":400,\"caption\":\"Padre Eust\u00e1quio\"},\"image\":{\"@id\":\"https:\/\/www.padreeustaquio.com.br\/#\/schema\/logo\/image\/\"},\"sameAs\":[\"https:\/\/www.facebook.com\/beatopadreeustaquio\/\",\"https:\/\/x.com\/beatopeustaquio\",\"https:\/\/www.instagram.com\/beatopadreeustaquio\/\",\"https:\/\/www.youtube.com\/channel\/UCRhw7vfabnajwLxb1ZXMeIw\"]},{\"@type\":\"Person\",\"@id\":\"https:\/\/www.padreeustaquio.com.br\/#\/schema\/person\/a2a51db1d00f1a7af0204a0f1ddb1566\",\"name\":\"@sscc\",\"image\":{\"@type\":\"ImageObject\",\"inLanguage\":\"en-US\",\"@id\":\"https:\/\/secure.gravatar.com\/avatar\/68cfafa5f44617fea54071e215026e0ff06be366c3d54a8425f04fdcb86f8c5f?s=96&d=mm&r=g\",\"url\":\"https:\/\/secure.gravatar.com\/avatar\/68cfafa5f44617fea54071e215026e0ff06be366c3d54a8425f04fdcb86f8c5f?s=96&d=mm&r=g\",\"contentUrl\":\"https:\/\/secure.gravatar.com\/avatar\/68cfafa5f44617fea54071e215026e0ff06be366c3d54a8425f04fdcb86f8c5f?s=96&d=mm&r=g\",\"caption\":\"@sscc\"},\"url\":\"https:\/\/www.padreeustaquio.com.br\/en\/author\/sscc\/\"}]}<\/script>\n<!-- \/ Yoast SEO plugin. -->","yoast_head_json":{"title":"How to prepare ourselves to have a light heart: &quot;God has gifted us with the sacrament of Confession.&quot;\u201c","description":"Although it may inspire some apprehension, especially regarding the correct way to express ourselves, Confession brings us closer to Jesus and makes us want to follow in his footsteps more and more. The sacrament is a return to God, a moment when we draw closer to divine mercy, receiving forgiveness for our offenses. Watch the interview with Father Marcus Vin\u00edcius Maciel, rector of the Archdiocesan Sanctuary of Health and Peace, and learn more about how to prepare for a good Confession.","robots":{"index":"index","follow":"follow","max-snippet":"max-snippet:-1","max-image-preview":"max-image-preview:large","max-video-preview":"max-video-preview:-1"},"canonical":"https:\/\/www.padreeustaquio.com.br\/en\/how-can-we-prepare-ourselves-to-have-a-light-heart-god-has-gifted-us-with-the-sacrament-of-confession\/","og_locale":"en_US","og_type":"article","og_title":"Como nos preparar para ter o cora\u00e7\u00e3o leve: \u201cDeus nos presenteou com o sacramento da Confiss\u00e3o\u201d","og_description":"Embora possa inspirar algum receio, especialmente sobre a forma correta de nos expressarmos, a Confiss\u00e3o nos aproxima de Jesus e nos faz querer seguir cada vez mais os seus passos. O sacramento \u00e9 a volta a Deus, momento em que nos aproximamos da miseric\u00f3rdia divina, recebendo o perd\u00e3o pelas nossas ofensas. Acompanhe a entrevista do padre Marcus Vin\u00edcius Maciel, reitor do Santu\u00e1rio Arquidiocesano da Sa\u00fade e da Paz, e aprenda mais sobre como se preparar para uma boa Confiss\u00e3o.","og_url":"https:\/\/www.padreeustaquio.com.br\/en\/how-can-we-prepare-ourselves-to-have-a-light-heart-god-has-gifted-us-with-the-sacrament-of-confession\/","og_site_name":"Padre Eust\u00e1quio","article_publisher":"https:\/\/www.facebook.com\/beatopadreeustaquio\/","article_published_time":"2023-01-10T10:36:31+00:00","article_modified_time":"2023-01-10T10:36:32+00:00","og_image":[{"width":1000,"height":666,"url":"https:\/\/www.padreeustaquio.com.br\/wp-content\/uploads\/2023\/01\/confissao.jpg","type":"image\/jpeg"}],"author":"@sscc","twitter_card":"summary_large_image","twitter_creator":"@beatopeustaquio","twitter_site":"@beatopeustaquio","twitter_misc":{"Written by":"@sscc","Est. reading time":"4 minutes"},"schema":{"@context":"https:\/\/schema.org","@graph":[{"@type":"Article","@id":"https:\/\/www.padreeustaquio.com.br\/como-nos-preparar-para-ter-o-coracao-leve-deus-nos-presenteou-com-o-sacramento-da-confissao\/#article","isPartOf":{"@id":"https:\/\/www.padreeustaquio.com.br\/como-nos-preparar-para-ter-o-coracao-leve-deus-nos-presenteou-com-o-sacramento-da-confissao\/"},"author":{"name":"@sscc","@id":"https:\/\/www.padreeustaquio.com.br\/#\/schema\/person\/a2a51db1d00f1a7af0204a0f1ddb1566"},"headline":"Como nos preparar para ter o cora\u00e7\u00e3o leve: \u201cDeus nos presenteou com o sacramento da Confiss\u00e3o\u201d","datePublished":"2023-01-10T10:36:31+00:00","dateModified":"2023-01-10T10:36:32+00:00","mainEntityOfPage":{"@id":"https:\/\/www.padreeustaquio.com.br\/como-nos-preparar-para-ter-o-coracao-leve-deus-nos-presenteou-com-o-sacramento-da-confissao\/"},"wordCount":865,"commentCount":0,"publisher":{"@id":"https:\/\/www.padreeustaquio.com.br\/#organization"},"image":{"@id":"https:\/\/www.padreeustaquio.com.br\/como-nos-preparar-para-ter-o-coracao-leve-deus-nos-presenteou-com-o-sacramento-da-confissao\/#primaryimage"},"thumbnailUrl":"https:\/\/www.padreeustaquio.com.br\/wp-content\/uploads\/2023\/01\/confissao.jpg","articleSection":["Not\u00edcias"],"inLanguage":"en-US","potentialAction":[{"@type":"CommentAction","name":"Comment","target":["https:\/\/www.padreeustaquio.com.br\/como-nos-preparar-para-ter-o-coracao-leve-deus-nos-presenteou-com-o-sacramento-da-confissao\/#respond"]}]},{"@type":"WebPage","@id":"https:\/\/www.padreeustaquio.com.br\/como-nos-preparar-para-ter-o-coracao-leve-deus-nos-presenteou-com-o-sacramento-da-confissao\/","url":"https:\/\/www.padreeustaquio.com.br\/como-nos-preparar-para-ter-o-coracao-leve-deus-nos-presenteou-com-o-sacramento-da-confissao\/","name":"How to prepare ourselves to have a light heart: &quot;God has gifted us with the sacrament of Confession.&quot;\u201c","isPartOf":{"@id":"https:\/\/www.padreeustaquio.com.br\/#website"},"primaryImageOfPage":{"@id":"https:\/\/www.padreeustaquio.com.br\/como-nos-preparar-para-ter-o-coracao-leve-deus-nos-presenteou-com-o-sacramento-da-confissao\/#primaryimage"},"image":{"@id":"https:\/\/www.padreeustaquio.com.br\/como-nos-preparar-para-ter-o-coracao-leve-deus-nos-presenteou-com-o-sacramento-da-confissao\/#primaryimage"},"thumbnailUrl":"https:\/\/www.padreeustaquio.com.br\/wp-content\/uploads\/2023\/01\/confissao.jpg","datePublished":"2023-01-10T10:36:31+00:00","dateModified":"2023-01-10T10:36:32+00:00","description":"Although it may inspire some apprehension, especially regarding the correct way to express ourselves, Confession brings us closer to Jesus and makes us want to follow in his footsteps more and more. The sacrament is a return to God, a moment when we draw closer to divine mercy, receiving forgiveness for our offenses. Watch the interview with Father Marcus Vin\u00edcius Maciel, rector of the Archdiocesan Sanctuary of Health and Peace, and learn more about how to prepare for a good Confession.","breadcrumb":{"@id":"https:\/\/www.padreeustaquio.com.br\/como-nos-preparar-para-ter-o-coracao-leve-deus-nos-presenteou-com-o-sacramento-da-confissao\/#breadcrumb"},"inLanguage":"en-US","potentialAction":[{"@type":"ReadAction","target":["https:\/\/www.padreeustaquio.com.br\/como-nos-preparar-para-ter-o-coracao-leve-deus-nos-presenteou-com-o-sacramento-da-confissao\/"]}]},{"@type":"ImageObject","inLanguage":"en-US","@id":"https:\/\/www.padreeustaquio.com.br\/como-nos-preparar-para-ter-o-coracao-leve-deus-nos-presenteou-com-o-sacramento-da-confissao\/#primaryimage","url":"https:\/\/www.padreeustaquio.com.br\/wp-content\/uploads\/2023\/01\/confissao.jpg","contentUrl":"https:\/\/www.padreeustaquio.com.br\/wp-content\/uploads\/2023\/01\/confissao.jpg","width":1000,"height":666},{"@type":"BreadcrumbList","@id":"https:\/\/www.padreeustaquio.com.br\/como-nos-preparar-para-ter-o-coracao-leve-deus-nos-presenteou-com-o-sacramento-da-confissao\/#breadcrumb","itemListElement":[{"@type":"ListItem","position":1,"name":"In\u00edcio","item":"https:\/\/www.padreeustaquio.com.br\/"},{"@type":"ListItem","position":2,"name":"Como nos preparar para ter o cora\u00e7\u00e3o leve: \u201cDeus nos presenteou com o sacramento da Confiss\u00e3o\u201d"}]},{"@type":"WebSite","@id":"https:\/\/www.padreeustaquio.com.br\/#website","url":"https:\/\/www.padreeustaquio.com.br\/","name":"FATHER EUST\u00c1QUIO","description":"Health and Peace","publisher":{"@id":"https:\/\/www.padreeustaquio.com.br\/#organization"},"potentialAction":[{"@type":"SearchAction","target":{"@type":"EntryPoint","urlTemplate":"https:\/\/www.padreeustaquio.com.br\/?s={search_term_string}"},"query-input":{"@type":"PropertyValueSpecification","valueRequired":true,"valueName":"search_term_string"}}],"inLanguage":"en-US"},{"@type":"Organization","@id":"https:\/\/www.padreeustaquio.com.br\/#organization","name":"FATHER EUST\u00c1QUIO","url":"https:\/\/www.padreeustaquio.com.br\/","logo":{"@type":"ImageObject","inLanguage":"en-US","@id":"https:\/\/www.padreeustaquio.com.br\/#\/schema\/logo\/image\/","url":"https:\/\/www.padreeustaquio.com.br\/wp-content\/uploads\/2019\/08\/marca.png","contentUrl":"https:\/\/www.padreeustaquio.com.br\/wp-content\/uploads\/2019\/08\/marca.png","width":350,"height":400,"caption":"Padre Eust\u00e1quio"},"image":{"@id":"https:\/\/www.padreeustaquio.com.br\/#\/schema\/logo\/image\/"},"sameAs":["https:\/\/www.facebook.com\/beatopadreeustaquio\/","https:\/\/x.com\/beatopeustaquio","https:\/\/www.instagram.com\/beatopadreeustaquio\/","https:\/\/www.youtube.com\/channel\/UCRhw7vfabnajwLxb1ZXMeIw"]},{"@type":"Person","@id":"https:\/\/www.padreeustaquio.com.br\/#\/schema\/person\/a2a51db1d00f1a7af0204a0f1ddb1566","name":"@sscc","image":{"@type":"ImageObject","inLanguage":"en-US","@id":"https:\/\/secure.gravatar.com\/avatar\/68cfafa5f44617fea54071e215026e0ff06be366c3d54a8425f04fdcb86f8c5f?s=96&d=mm&r=g","url":"https:\/\/secure.gravatar.com\/avatar\/68cfafa5f44617fea54071e215026e0ff06be366c3d54a8425f04fdcb86f8c5f?s=96&d=mm&r=g","contentUrl":"https:\/\/secure.gravatar.com\/avatar\/68cfafa5f44617fea54071e215026e0ff06be366c3d54a8425f04fdcb86f8c5f?s=96&d=mm&r=g","caption":"@sscc"},"url":"https:\/\/www.padreeustaquio.com.br\/en\/author\/sscc\/"}]}},"_links":{"self":[{"href":"https:\/\/www.padreeustaquio.com.br\/en\/wp-json\/wp\/v2\/posts\/9737","targetHints":{"allow":["GET"]}}],"collection":[{"href":"https:\/\/www.padreeustaquio.com.br\/en\/wp-json\/wp\/v2\/posts"}],"about":[{"href":"https:\/\/www.padreeustaquio.com.br\/en\/wp-json\/wp\/v2\/types\/post"}],"author":[{"embeddable":true,"href":"https:\/\/www.padreeustaquio.com.br\/en\/wp-json\/wp\/v2\/users\/2"}],"replies":[{"embeddable":true,"href":"https:\/\/www.padreeustaquio.com.br\/en\/wp-json\/wp\/v2\/comments?post=9737"}],"version-history":[{"count":0,"href":"https:\/\/www.padreeustaquio.com.br\/en\/wp-json\/wp\/v2\/posts\/9737\/revisions"}],"wp:featuredmedia":[{"embeddable":true,"href":"https:\/\/www.padreeustaquio.com.br\/en\/wp-json\/wp\/v2\/media\/9738"}],"wp:attachment":[{"href":"https:\/\/www.padreeustaquio.com.br\/en\/wp-json\/wp\/v2\/media?parent=9737"}],"wp:term":[{"taxonomy":"category","embeddable":true,"href":"https:\/\/www.padreeustaquio.com.br\/en\/wp-json\/wp\/v2\/categories?post=9737"},{"taxonomy":"post_tag","embeddable":true,"href":"https:\/\/www.padreeustaquio.com.br\/en\/wp-json\/wp\/v2\/tags?post=9737"}],"curies":[{"name":"wp","href":"https:\/\/api.w.org\/{rel}","templated":true}]}}