{"id":9726,"date":"2023-01-06T06:49:00","date_gmt":"2023-01-06T09:49:00","guid":{"rendered":"https:\/\/www.padreeustaquio.com.br\/?p=9726"},"modified":"2023-01-06T07:19:11","modified_gmt":"2023-01-06T10:19:11","slug":"this-year-the-church-will-commemorate-the-80th-anniversary-of-father-eustaquios-passing-to-heaven","status":"publish","type":"post","link":"https:\/\/www.padreeustaquio.com.br\/en\/this-year-the-church-will-commemorate-the-80th-anniversary-of-father-eustaquios-passing-to-heaven\/","title":{"rendered":"This year the Church will commemorate the 80th anniversary of Father Eust\u00e1quio&#039;s passing to heaven."},"content":{"rendered":"<p>On August 30th of this year, the Church will commemorate the 80th anniversary of the death of Father Eust\u00e1quio. The priest died in 1943 in the capital of Minas Gerais, a victim of spotted fever. The vice-postulation, which oversees the Cause of Canonization of the Blessed, plans to schedule events throughout the year.<\/p>\n\n\n\n<p>The launch of the \u201c80 Years of Health and Peace\u201d initiative will take place at the end of the month with the celebration of Holy Mass and individual blessings with the laying on of hands. The Mass will be broadcast on TV Evangelizar, a free-to-air channel, nationwide.<\/p>\n\n\n\n<p>In addition to the launch, a trip to Father Eust\u00e1quio&#039;s house in the Netherlands is being planned. The trip is open to the entire population and is being organized by the vice-postulator, Father Vin\u00edcius Maciel, in partnership with a tourism agency in Belo Horizonte. The month of August, when there is a specific liturgy on the 30th, should have a vast program of masses, rosaries, lectures, adorations and tributes to the Blessed.<\/p>\n\n\n\n<p>The full schedule will be released throughout the months as the dates approach, here on our website and on social media @beatopadreeustaquio.<\/p>\n\n\n\n<p><\/p>","protected":false},"excerpt":{"rendered":"<p>No dia 30 de agosto deste ano, a Igreja far\u00e1 mem\u00f3ria aos 80 anos da morte de Padre Eust\u00e1quio. O sacerdote faleceu em 1943 na capital mineira, vitima de febre maculosa. A ideia da vice-postula\u00e7\u00e3o, que cuida da Causa de Canoniza\u00e7\u00e3o do Beato, programe eventos durante todo o ano. O lan\u00e7amento dos &#8220;80 anos de Sa\u00fade e Paz&#8221; ser\u00e1 feito no final do m\u00eas com a celebra\u00e7\u00e3o da Santa Missa e b\u00ean\u00e7\u00e3o individual com imposi\u00e7\u00e3o das m\u00e3os. A missa dever\u00e1 ser transmitida pela pela TV Evangelizar em canal aberto para todo o pa\u00eds. Al\u00e9m do lan\u00e7amento, uma excurs\u00e3o \u00e0 casa [&hellip;]<\/p>\n","protected":false},"author":2,"featured_media":9727,"comment_status":"open","ping_status":"closed","sticky":false,"template":"","format":"standard","meta":{"_acf_changed":false,"footnotes":""},"categories":[611],"tags":[],"class_list":["post-9726","post","type-post","status-publish","format-standard","has-post-thumbnail","hentry","category-noticias"],"acf":[],"yoast_head":"<!-- This site is optimized with the Yoast SEO plugin v27.2 - https:\/\/yoast.com\/product\/yoast-seo-wordpress\/ -->\n<title>Este ano Igreja relembrar\u00e1 80 anos da partida de Padre Eust\u00e1quio para o c\u00e9u<\/title>\n<meta name=\"description\" content=\"No dia 30 de agosto deste ano, a Igreja far\u00e1 mem\u00f3ria aos 80 anos da morte de Padre Eust\u00e1quio. O sacerdote faleceu em 1943 na capital mineira, vitima de febre maculosa. A ideia da vice-postula\u00e7\u00e3o, que cuida da Causa de Canoniza\u00e7\u00e3o do Beato, programe eventos durante todo o ano.\" \/>\n<meta name=\"robots\" content=\"index, follow, max-snippet:-1, max-image-preview:large, max-video-preview:-1\" \/>\n<link rel=\"canonical\" href=\"https:\/\/www.padreeustaquio.com.br\/en\/this-year-the-church-will-commemorate-the-80th-anniversary-of-father-eustaquios-passing-to-heaven\/\" \/>\n<meta property=\"og:locale\" content=\"en_US\" \/>\n<meta property=\"og:type\" content=\"article\" \/>\n<meta property=\"og:title\" content=\"Este ano Igreja relembrar\u00e1 80 anos da partida de Padre Eust\u00e1quio para o c\u00e9u\" \/>\n<meta property=\"og:description\" content=\"No dia 30 de agosto deste ano, a Igreja far\u00e1 mem\u00f3ria aos 80 anos da morte de Padre Eust\u00e1quio. O sacerdote faleceu em 1943 na capital mineira, vitima de febre maculosa. A ideia da vice-postula\u00e7\u00e3o, que cuida da Causa de Canoniza\u00e7\u00e3o do Beato, programe eventos durante todo o ano.\" \/>\n<meta property=\"og:url\" content=\"https:\/\/www.padreeustaquio.com.br\/en\/this-year-the-church-will-commemorate-the-80th-anniversary-of-father-eustaquios-passing-to-heaven\/\" \/>\n<meta property=\"og:site_name\" content=\"Padre Eust\u00e1quio\" \/>\n<meta property=\"article:publisher\" content=\"https:\/\/www.facebook.com\/beatopadreeustaquio\/\" \/>\n<meta property=\"article:published_time\" content=\"2023-01-06T09:49:00+00:00\" \/>\n<meta property=\"article:modified_time\" content=\"2023-01-06T10:19:11+00:00\" \/>\n<meta property=\"og:image\" content=\"https:\/\/www.padreeustaquio.com.br\/wp-content\/uploads\/2023\/01\/Beato-Eustaquio-van-Lieshout-1-e1673000340565.jpg\" \/>\n\t<meta property=\"og:image:width\" content=\"1024\" \/>\n\t<meta property=\"og:image:height\" content=\"488\" \/>\n\t<meta property=\"og:image:type\" content=\"image\/jpeg\" \/>\n<meta name=\"author\" content=\"@sscc\" \/>\n<meta name=\"twitter:card\" content=\"summary_large_image\" \/>\n<meta name=\"twitter:creator\" content=\"@beatopeustaquio\" \/>\n<meta name=\"twitter:site\" content=\"@beatopeustaquio\" \/>\n<meta name=\"twitter:label1\" content=\"Written by\" \/>\n\t<meta name=\"twitter:data1\" content=\"@sscc\" \/>\n\t<meta name=\"twitter:label2\" content=\"Est. reading time\" \/>\n\t<meta name=\"twitter:data2\" content=\"1 minute\" \/>\n<script type=\"application\/ld+json\" class=\"yoast-schema-graph\">{\"@context\":\"https:\/\/schema.org\",\"@graph\":[{\"@type\":\"Article\",\"@id\":\"https:\/\/www.padreeustaquio.com.br\/este-ano-igreja-relembrara-80-anos-da-partida-de-padre-eustaquio-para-o-ceu\/#article\",\"isPartOf\":{\"@id\":\"https:\/\/www.padreeustaquio.com.br\/este-ano-igreja-relembrara-80-anos-da-partida-de-padre-eustaquio-para-o-ceu\/\"},\"author\":{\"name\":\"@sscc\",\"@id\":\"https:\/\/www.padreeustaquio.com.br\/#\/schema\/person\/a2a51db1d00f1a7af0204a0f1ddb1566\"},\"headline\":\"Este ano Igreja relembrar\u00e1 80 anos da partida de Padre Eust\u00e1quio para o c\u00e9u\",\"datePublished\":\"2023-01-06T09:49:00+00:00\",\"dateModified\":\"2023-01-06T10:19:11+00:00\",\"mainEntityOfPage\":{\"@id\":\"https:\/\/www.padreeustaquio.com.br\/este-ano-igreja-relembrara-80-anos-da-partida-de-padre-eustaquio-para-o-ceu\/\"},\"wordCount\":221,\"commentCount\":0,\"publisher\":{\"@id\":\"https:\/\/www.padreeustaquio.com.br\/#organization\"},\"image\":{\"@id\":\"https:\/\/www.padreeustaquio.com.br\/este-ano-igreja-relembrara-80-anos-da-partida-de-padre-eustaquio-para-o-ceu\/#primaryimage\"},\"thumbnailUrl\":\"https:\/\/www.padreeustaquio.com.br\/wp-content\/uploads\/2023\/01\/Beato-Eustaquio-van-Lieshout-1-e1673000340565.jpg\",\"articleSection\":[\"Not\u00edcias\"],\"inLanguage\":\"en-US\",\"potentialAction\":[{\"@type\":\"CommentAction\",\"name\":\"Comment\",\"target\":[\"https:\/\/www.padreeustaquio.com.br\/este-ano-igreja-relembrara-80-anos-da-partida-de-padre-eustaquio-para-o-ceu\/#respond\"]}]},{\"@type\":\"WebPage\",\"@id\":\"https:\/\/www.padreeustaquio.com.br\/este-ano-igreja-relembrara-80-anos-da-partida-de-padre-eustaquio-para-o-ceu\/\",\"url\":\"https:\/\/www.padreeustaquio.com.br\/este-ano-igreja-relembrara-80-anos-da-partida-de-padre-eustaquio-para-o-ceu\/\",\"name\":\"Este ano Igreja relembrar\u00e1 80 anos da partida de Padre Eust\u00e1quio para o c\u00e9u\",\"isPartOf\":{\"@id\":\"https:\/\/www.padreeustaquio.com.br\/#website\"},\"primaryImageOfPage\":{\"@id\":\"https:\/\/www.padreeustaquio.com.br\/este-ano-igreja-relembrara-80-anos-da-partida-de-padre-eustaquio-para-o-ceu\/#primaryimage\"},\"image\":{\"@id\":\"https:\/\/www.padreeustaquio.com.br\/este-ano-igreja-relembrara-80-anos-da-partida-de-padre-eustaquio-para-o-ceu\/#primaryimage\"},\"thumbnailUrl\":\"https:\/\/www.padreeustaquio.com.br\/wp-content\/uploads\/2023\/01\/Beato-Eustaquio-van-Lieshout-1-e1673000340565.jpg\",\"datePublished\":\"2023-01-06T09:49:00+00:00\",\"dateModified\":\"2023-01-06T10:19:11+00:00\",\"description\":\"No dia 30 de agosto deste ano, a Igreja far\u00e1 mem\u00f3ria aos 80 anos da morte de Padre Eust\u00e1quio. O sacerdote faleceu em 1943 na capital mineira, vitima de febre maculosa. A ideia da vice-postula\u00e7\u00e3o, que cuida da Causa de Canoniza\u00e7\u00e3o do Beato, programe eventos durante todo o ano.\",\"breadcrumb\":{\"@id\":\"https:\/\/www.padreeustaquio.com.br\/este-ano-igreja-relembrara-80-anos-da-partida-de-padre-eustaquio-para-o-ceu\/#breadcrumb\"},\"inLanguage\":\"en-US\",\"potentialAction\":[{\"@type\":\"ReadAction\",\"target\":[\"https:\/\/www.padreeustaquio.com.br\/este-ano-igreja-relembrara-80-anos-da-partida-de-padre-eustaquio-para-o-ceu\/\"]}]},{\"@type\":\"ImageObject\",\"inLanguage\":\"en-US\",\"@id\":\"https:\/\/www.padreeustaquio.com.br\/este-ano-igreja-relembrara-80-anos-da-partida-de-padre-eustaquio-para-o-ceu\/#primaryimage\",\"url\":\"https:\/\/www.padreeustaquio.com.br\/wp-content\/uploads\/2023\/01\/Beato-Eustaquio-van-Lieshout-1-e1673000340565.jpg\",\"contentUrl\":\"https:\/\/www.padreeustaquio.com.br\/wp-content\/uploads\/2023\/01\/Beato-Eustaquio-van-Lieshout-1-e1673000340565.jpg\",\"width\":1024,\"height\":488},{\"@type\":\"BreadcrumbList\",\"@id\":\"https:\/\/www.padreeustaquio.com.br\/este-ano-igreja-relembrara-80-anos-da-partida-de-padre-eustaquio-para-o-ceu\/#breadcrumb\",\"itemListElement\":[{\"@type\":\"ListItem\",\"position\":1,\"name\":\"In\u00edcio\",\"item\":\"https:\/\/www.padreeustaquio.com.br\/\"},{\"@type\":\"ListItem\",\"position\":2,\"name\":\"Este ano Igreja relembrar\u00e1 80 anos da partida de Padre Eust\u00e1quio para o c\u00e9u\"}]},{\"@type\":\"WebSite\",\"@id\":\"https:\/\/www.padreeustaquio.com.br\/#website\",\"url\":\"https:\/\/www.padreeustaquio.com.br\/\",\"name\":\"Padre Eust\u00e1quio\",\"description\":\"Sa\u00fade e Paz\",\"publisher\":{\"@id\":\"https:\/\/www.padreeustaquio.com.br\/#organization\"},\"potentialAction\":[{\"@type\":\"SearchAction\",\"target\":{\"@type\":\"EntryPoint\",\"urlTemplate\":\"https:\/\/www.padreeustaquio.com.br\/?s={search_term_string}\"},\"query-input\":{\"@type\":\"PropertyValueSpecification\",\"valueRequired\":true,\"valueName\":\"search_term_string\"}}],\"inLanguage\":\"en-US\"},{\"@type\":\"Organization\",\"@id\":\"https:\/\/www.padreeustaquio.com.br\/#organization\",\"name\":\"Padre Eust\u00e1quio\",\"url\":\"https:\/\/www.padreeustaquio.com.br\/\",\"logo\":{\"@type\":\"ImageObject\",\"inLanguage\":\"en-US\",\"@id\":\"https:\/\/www.padreeustaquio.com.br\/#\/schema\/logo\/image\/\",\"url\":\"https:\/\/www.padreeustaquio.com.br\/wp-content\/uploads\/2019\/08\/marca.png\",\"contentUrl\":\"https:\/\/www.padreeustaquio.com.br\/wp-content\/uploads\/2019\/08\/marca.png\",\"width\":350,\"height\":400,\"caption\":\"Padre Eust\u00e1quio\"},\"image\":{\"@id\":\"https:\/\/www.padreeustaquio.com.br\/#\/schema\/logo\/image\/\"},\"sameAs\":[\"https:\/\/www.facebook.com\/beatopadreeustaquio\/\",\"https:\/\/x.com\/beatopeustaquio\",\"https:\/\/www.instagram.com\/beatopadreeustaquio\/\",\"https:\/\/www.youtube.com\/channel\/UCRhw7vfabnajwLxb1ZXMeIw\"]},{\"@type\":\"Person\",\"@id\":\"https:\/\/www.padreeustaquio.com.br\/#\/schema\/person\/a2a51db1d00f1a7af0204a0f1ddb1566\",\"name\":\"@sscc\",\"image\":{\"@type\":\"ImageObject\",\"inLanguage\":\"en-US\",\"@id\":\"https:\/\/secure.gravatar.com\/avatar\/68cfafa5f44617fea54071e215026e0ff06be366c3d54a8425f04fdcb86f8c5f?s=96&d=mm&r=g\",\"url\":\"https:\/\/secure.gravatar.com\/avatar\/68cfafa5f44617fea54071e215026e0ff06be366c3d54a8425f04fdcb86f8c5f?s=96&d=mm&r=g\",\"contentUrl\":\"https:\/\/secure.gravatar.com\/avatar\/68cfafa5f44617fea54071e215026e0ff06be366c3d54a8425f04fdcb86f8c5f?s=96&d=mm&r=g\",\"caption\":\"@sscc\"},\"url\":\"https:\/\/www.padreeustaquio.com.br\/en\/author\/sscc\/\"}]}<\/script>\n<!-- \/ Yoast SEO plugin. -->","yoast_head_json":{"title":"This year the Church will commemorate the 80th anniversary of Father Eust\u00e1quio&#039;s passing to heaven.","description":"On August 30th of this year, the Church will commemorate the 80th anniversary of the death of Father Eust\u00e1quio. The priest died in 1943 in the capital of Minas Gerais, a victim of spotted fever. The vice-postulation, which oversees the Cause of Canonization of the Blessed, plans to schedule events throughout the year.","robots":{"index":"index","follow":"follow","max-snippet":"max-snippet:-1","max-image-preview":"max-image-preview:large","max-video-preview":"max-video-preview:-1"},"canonical":"https:\/\/www.padreeustaquio.com.br\/en\/this-year-the-church-will-commemorate-the-80th-anniversary-of-father-eustaquios-passing-to-heaven\/","og_locale":"en_US","og_type":"article","og_title":"Este ano Igreja relembrar\u00e1 80 anos da partida de Padre Eust\u00e1quio para o c\u00e9u","og_description":"No dia 30 de agosto deste ano, a Igreja far\u00e1 mem\u00f3ria aos 80 anos da morte de Padre Eust\u00e1quio. O sacerdote faleceu em 1943 na capital mineira, vitima de febre maculosa. A ideia da vice-postula\u00e7\u00e3o, que cuida da Causa de Canoniza\u00e7\u00e3o do Beato, programe eventos durante todo o ano.","og_url":"https:\/\/www.padreeustaquio.com.br\/en\/this-year-the-church-will-commemorate-the-80th-anniversary-of-father-eustaquios-passing-to-heaven\/","og_site_name":"Padre Eust\u00e1quio","article_publisher":"https:\/\/www.facebook.com\/beatopadreeustaquio\/","article_published_time":"2023-01-06T09:49:00+00:00","article_modified_time":"2023-01-06T10:19:11+00:00","og_image":[{"width":1024,"height":488,"url":"https:\/\/www.padreeustaquio.com.br\/wp-content\/uploads\/2023\/01\/Beato-Eustaquio-van-Lieshout-1-e1673000340565.jpg","type":"image\/jpeg"}],"author":"@sscc","twitter_card":"summary_large_image","twitter_creator":"@beatopeustaquio","twitter_site":"@beatopeustaquio","twitter_misc":{"Written by":"@sscc","Est. reading time":"1 minute"},"schema":{"@context":"https:\/\/schema.org","@graph":[{"@type":"Article","@id":"https:\/\/www.padreeustaquio.com.br\/este-ano-igreja-relembrara-80-anos-da-partida-de-padre-eustaquio-para-o-ceu\/#article","isPartOf":{"@id":"https:\/\/www.padreeustaquio.com.br\/este-ano-igreja-relembrara-80-anos-da-partida-de-padre-eustaquio-para-o-ceu\/"},"author":{"name":"@sscc","@id":"https:\/\/www.padreeustaquio.com.br\/#\/schema\/person\/a2a51db1d00f1a7af0204a0f1ddb1566"},"headline":"Este ano Igreja relembrar\u00e1 80 anos da partida de Padre Eust\u00e1quio para o c\u00e9u","datePublished":"2023-01-06T09:49:00+00:00","dateModified":"2023-01-06T10:19:11+00:00","mainEntityOfPage":{"@id":"https:\/\/www.padreeustaquio.com.br\/este-ano-igreja-relembrara-80-anos-da-partida-de-padre-eustaquio-para-o-ceu\/"},"wordCount":221,"commentCount":0,"publisher":{"@id":"https:\/\/www.padreeustaquio.com.br\/#organization"},"image":{"@id":"https:\/\/www.padreeustaquio.com.br\/este-ano-igreja-relembrara-80-anos-da-partida-de-padre-eustaquio-para-o-ceu\/#primaryimage"},"thumbnailUrl":"https:\/\/www.padreeustaquio.com.br\/wp-content\/uploads\/2023\/01\/Beato-Eustaquio-van-Lieshout-1-e1673000340565.jpg","articleSection":["Not\u00edcias"],"inLanguage":"en-US","potentialAction":[{"@type":"CommentAction","name":"Comment","target":["https:\/\/www.padreeustaquio.com.br\/este-ano-igreja-relembrara-80-anos-da-partida-de-padre-eustaquio-para-o-ceu\/#respond"]}]},{"@type":"WebPage","@id":"https:\/\/www.padreeustaquio.com.br\/este-ano-igreja-relembrara-80-anos-da-partida-de-padre-eustaquio-para-o-ceu\/","url":"https:\/\/www.padreeustaquio.com.br\/este-ano-igreja-relembrara-80-anos-da-partida-de-padre-eustaquio-para-o-ceu\/","name":"This year the Church will commemorate the 80th anniversary of Father Eust\u00e1quio&#039;s passing to heaven.","isPartOf":{"@id":"https:\/\/www.padreeustaquio.com.br\/#website"},"primaryImageOfPage":{"@id":"https:\/\/www.padreeustaquio.com.br\/este-ano-igreja-relembrara-80-anos-da-partida-de-padre-eustaquio-para-o-ceu\/#primaryimage"},"image":{"@id":"https:\/\/www.padreeustaquio.com.br\/este-ano-igreja-relembrara-80-anos-da-partida-de-padre-eustaquio-para-o-ceu\/#primaryimage"},"thumbnailUrl":"https:\/\/www.padreeustaquio.com.br\/wp-content\/uploads\/2023\/01\/Beato-Eustaquio-van-Lieshout-1-e1673000340565.jpg","datePublished":"2023-01-06T09:49:00+00:00","dateModified":"2023-01-06T10:19:11+00:00","description":"On August 30th of this year, the Church will commemorate the 80th anniversary of the death of Father Eust\u00e1quio. The priest died in 1943 in the capital of Minas Gerais, a victim of spotted fever. The vice-postulation, which oversees the Cause of Canonization of the Blessed, plans to schedule events throughout the year.","breadcrumb":{"@id":"https:\/\/www.padreeustaquio.com.br\/este-ano-igreja-relembrara-80-anos-da-partida-de-padre-eustaquio-para-o-ceu\/#breadcrumb"},"inLanguage":"en-US","potentialAction":[{"@type":"ReadAction","target":["https:\/\/www.padreeustaquio.com.br\/este-ano-igreja-relembrara-80-anos-da-partida-de-padre-eustaquio-para-o-ceu\/"]}]},{"@type":"ImageObject","inLanguage":"en-US","@id":"https:\/\/www.padreeustaquio.com.br\/este-ano-igreja-relembrara-80-anos-da-partida-de-padre-eustaquio-para-o-ceu\/#primaryimage","url":"https:\/\/www.padreeustaquio.com.br\/wp-content\/uploads\/2023\/01\/Beato-Eustaquio-van-Lieshout-1-e1673000340565.jpg","contentUrl":"https:\/\/www.padreeustaquio.com.br\/wp-content\/uploads\/2023\/01\/Beato-Eustaquio-van-Lieshout-1-e1673000340565.jpg","width":1024,"height":488},{"@type":"BreadcrumbList","@id":"https:\/\/www.padreeustaquio.com.br\/este-ano-igreja-relembrara-80-anos-da-partida-de-padre-eustaquio-para-o-ceu\/#breadcrumb","itemListElement":[{"@type":"ListItem","position":1,"name":"In\u00edcio","item":"https:\/\/www.padreeustaquio.com.br\/"},{"@type":"ListItem","position":2,"name":"Este ano Igreja relembrar\u00e1 80 anos da partida de Padre Eust\u00e1quio para o c\u00e9u"}]},{"@type":"WebSite","@id":"https:\/\/www.padreeustaquio.com.br\/#website","url":"https:\/\/www.padreeustaquio.com.br\/","name":"FATHER EUST\u00c1QUIO","description":"Health and Peace","publisher":{"@id":"https:\/\/www.padreeustaquio.com.br\/#organization"},"potentialAction":[{"@type":"SearchAction","target":{"@type":"EntryPoint","urlTemplate":"https:\/\/www.padreeustaquio.com.br\/?s={search_term_string}"},"query-input":{"@type":"PropertyValueSpecification","valueRequired":true,"valueName":"search_term_string"}}],"inLanguage":"en-US"},{"@type":"Organization","@id":"https:\/\/www.padreeustaquio.com.br\/#organization","name":"FATHER EUST\u00c1QUIO","url":"https:\/\/www.padreeustaquio.com.br\/","logo":{"@type":"ImageObject","inLanguage":"en-US","@id":"https:\/\/www.padreeustaquio.com.br\/#\/schema\/logo\/image\/","url":"https:\/\/www.padreeustaquio.com.br\/wp-content\/uploads\/2019\/08\/marca.png","contentUrl":"https:\/\/www.padreeustaquio.com.br\/wp-content\/uploads\/2019\/08\/marca.png","width":350,"height":400,"caption":"Padre Eust\u00e1quio"},"image":{"@id":"https:\/\/www.padreeustaquio.com.br\/#\/schema\/logo\/image\/"},"sameAs":["https:\/\/www.facebook.com\/beatopadreeustaquio\/","https:\/\/x.com\/beatopeustaquio","https:\/\/www.instagram.com\/beatopadreeustaquio\/","https:\/\/www.youtube.com\/channel\/UCRhw7vfabnajwLxb1ZXMeIw"]},{"@type":"Person","@id":"https:\/\/www.padreeustaquio.com.br\/#\/schema\/person\/a2a51db1d00f1a7af0204a0f1ddb1566","name":"@sscc","image":{"@type":"ImageObject","inLanguage":"en-US","@id":"https:\/\/secure.gravatar.com\/avatar\/68cfafa5f44617fea54071e215026e0ff06be366c3d54a8425f04fdcb86f8c5f?s=96&d=mm&r=g","url":"https:\/\/secure.gravatar.com\/avatar\/68cfafa5f44617fea54071e215026e0ff06be366c3d54a8425f04fdcb86f8c5f?s=96&d=mm&r=g","contentUrl":"https:\/\/secure.gravatar.com\/avatar\/68cfafa5f44617fea54071e215026e0ff06be366c3d54a8425f04fdcb86f8c5f?s=96&d=mm&r=g","caption":"@sscc"},"url":"https:\/\/www.padreeustaquio.com.br\/en\/author\/sscc\/"}]}},"_links":{"self":[{"href":"https:\/\/www.padreeustaquio.com.br\/en\/wp-json\/wp\/v2\/posts\/9726","targetHints":{"allow":["GET"]}}],"collection":[{"href":"https:\/\/www.padreeustaquio.com.br\/en\/wp-json\/wp\/v2\/posts"}],"about":[{"href":"https:\/\/www.padreeustaquio.com.br\/en\/wp-json\/wp\/v2\/types\/post"}],"author":[{"embeddable":true,"href":"https:\/\/www.padreeustaquio.com.br\/en\/wp-json\/wp\/v2\/users\/2"}],"replies":[{"embeddable":true,"href":"https:\/\/www.padreeustaquio.com.br\/en\/wp-json\/wp\/v2\/comments?post=9726"}],"version-history":[{"count":0,"href":"https:\/\/www.padreeustaquio.com.br\/en\/wp-json\/wp\/v2\/posts\/9726\/revisions"}],"wp:featuredmedia":[{"embeddable":true,"href":"https:\/\/www.padreeustaquio.com.br\/en\/wp-json\/wp\/v2\/media\/9727"}],"wp:attachment":[{"href":"https:\/\/www.padreeustaquio.com.br\/en\/wp-json\/wp\/v2\/media?parent=9726"}],"wp:term":[{"taxonomy":"category","embeddable":true,"href":"https:\/\/www.padreeustaquio.com.br\/en\/wp-json\/wp\/v2\/categories?post=9726"},{"taxonomy":"post_tag","embeddable":true,"href":"https:\/\/www.padreeustaquio.com.br\/en\/wp-json\/wp\/v2\/tags?post=9726"}],"curies":[{"name":"wp","href":"https:\/\/api.w.org\/{rel}","templated":true}]}}