{"id":9715,"date":"2023-01-03T07:21:10","date_gmt":"2023-01-03T10:21:10","guid":{"rendered":"https:\/\/www.padreeustaquio.com.br\/?p=9715"},"modified":"2023-01-03T07:21:13","modified_gmt":"2023-01-03T10:21:13","slug":"cause-for-canonization-launches-digital-newsletter-about-the-second-half-of-2022","status":"publish","type":"post","link":"https:\/\/www.padreeustaquio.com.br\/en\/cause-for-canonization-launches-digital-newsletter-about-the-second-half-of-2022\/","title":{"rendered":"The Cause for Canonization launches digital newsletter about the second half of 2022."},"content":{"rendered":"<p>As we close out 2022 with much work and many achievements, the Cause for the Canonization of Blessed Father Eustace is releasing the newest version of its Canonization newsletter. This bulletin, covering the events of the second half of the year, contains special content for devotees. <a href=\"https:\/\/www.padreeustaquio.com.br\/en\/canonization-newsletter-2nd-semester-2022\/\" target=\"_blank\" rel=\"noreferrer noopener\">CLICK HERE AND READ<\/a>.<\/p>\n\n\n\n<p>The Feast of Blessed Father Eustace is the highlight of this edition. Here we will relive the celebrations surrounding the Blessed, not only at the Sanctuary in Belo Horizonte, but also throughout Brazil and the world. We bring you the homily of Father Andrzej Lukawski, Postulator General of the Cause, a tribute to Dom Luiz Mancilha Vilela, SSCC, and other news and tributes.<\/p>\n\n\n\n<p>The printed version of the newsletter is also available at the Sanctuary of Health and Peace in Belo Horizonte and in other places where there is devotion to the Blessed, such as: Divin\u00f3polis, Rio Acima, Uberaba, Ibi\u00e1, Pratinha, Piumhi and the district of Frei Eust\u00e1quio, all in Minas Gerais; as well as Guarapari, in Esp\u00edrito Santo, and Po\u00e1, S\u00e3o Paulo. The Congregation&#039;s houses are also making the bulletin available in the capital of S\u00e3o Paulo and in Pindamonhangaba-SP, in addition to Rio de Janeiro (Tijuca and Campo Grande) and Minas Gerais houses of the Congregation such as Patroc\u00ednio, Pedra Azul and Divisa Alegre.<\/p>\n\n\n\n<p><\/p>","protected":false},"excerpt":{"rendered":"<p>Ao fechar o ano de 2022 com muito trabalho e muitas conquistas, a Causa de Canoniza\u00e7\u00e3o do Bem-Aventurado Padre Eust\u00e1quio disponibiliza a mais nova vers\u00e3o do informativo da Canoniza\u00e7\u00e3o. O boletim referente aos fatos do segundo semestre que terminou traz um conte\u00fado especial para os devotos. CLIQUE AQUI E LEIA. A Festa do Beato Padre Eust\u00e1quio \u00e9 o grande destaque desta edi\u00e7\u00e3o. Aqui reviveremos as comemora\u00e7\u00f5es entorno ao Bem-Aventurado, n\u00e3o s\u00f3 no Santu\u00e1rio em Belo Horizonte, mas tamb\u00e9m por todo o Brasil e no mundo. Trazemos a homilia do Padre Andrzej Lukawski, Postulador Geral da Causa, uma homenagem a Dom [&hellip;]<\/p>\n","protected":false},"author":2,"featured_media":9716,"comment_status":"open","ping_status":"closed","sticky":false,"template":"","format":"standard","meta":{"_acf_changed":false,"footnotes":""},"categories":[611],"tags":[],"class_list":["post-9715","post","type-post","status-publish","format-standard","has-post-thumbnail","hentry","category-noticias"],"acf":[],"yoast_head":"<!-- This site is optimized with the Yoast SEO plugin v27.2 - https:\/\/yoast.com\/product\/yoast-seo-wordpress\/ -->\n<title>Causa de Canoniza\u00e7\u00e3o lan\u00e7a informativo digital sobre o 2\u00ba semestre de 2022<\/title>\n<meta name=\"description\" content=\"Ao fechar o ano de 2022 com muito trabalho e muitas conquistas, a Causa de Canoniza\u00e7\u00e3o do Bem-Aventurado Padre Eust\u00e1quio disponibiliza a mais nova vers\u00e3o do informativo da Canoniza\u00e7\u00e3o. O boletim referente aos fatos do segundo semestre que terminou traz um conte\u00fado especial para os devotos.\" \/>\n<meta name=\"robots\" content=\"index, follow, max-snippet:-1, max-image-preview:large, max-video-preview:-1\" \/>\n<link rel=\"canonical\" href=\"https:\/\/www.padreeustaquio.com.br\/en\/cause-for-canonization-launches-digital-newsletter-about-the-second-half-of-2022\/\" \/>\n<meta property=\"og:locale\" content=\"en_US\" \/>\n<meta property=\"og:type\" content=\"article\" \/>\n<meta property=\"og:title\" content=\"Causa de Canoniza\u00e7\u00e3o lan\u00e7a informativo digital sobre o 2\u00ba semestre de 2022\" \/>\n<meta property=\"og:description\" content=\"Ao fechar o ano de 2022 com muito trabalho e muitas conquistas, a Causa de Canoniza\u00e7\u00e3o do Bem-Aventurado Padre Eust\u00e1quio disponibiliza a mais nova vers\u00e3o do informativo da Canoniza\u00e7\u00e3o. O boletim referente aos fatos do segundo semestre que terminou traz um conte\u00fado especial para os devotos.\" \/>\n<meta property=\"og:url\" content=\"https:\/\/www.padreeustaquio.com.br\/en\/cause-for-canonization-launches-digital-newsletter-about-the-second-half-of-2022\/\" \/>\n<meta property=\"og:site_name\" content=\"Padre Eust\u00e1quio\" \/>\n<meta property=\"article:publisher\" content=\"https:\/\/www.facebook.com\/beatopadreeustaquio\/\" \/>\n<meta property=\"article:published_time\" content=\"2023-01-03T10:21:10+00:00\" \/>\n<meta property=\"article:modified_time\" content=\"2023-01-03T10:21:13+00:00\" \/>\n<meta property=\"og:image\" content=\"https:\/\/www.padreeustaquio.com.br\/wp-content\/uploads\/2023\/01\/informativo-virtual-e1672741201558.png\" \/>\n\t<meta property=\"og:image:width\" content=\"830\" \/>\n\t<meta property=\"og:image:height\" content=\"448\" \/>\n\t<meta property=\"og:image:type\" content=\"image\/png\" \/>\n<meta name=\"author\" content=\"@sscc\" \/>\n<meta name=\"twitter:card\" content=\"summary_large_image\" \/>\n<meta name=\"twitter:creator\" content=\"@beatopeustaquio\" \/>\n<meta name=\"twitter:site\" content=\"@beatopeustaquio\" \/>\n<meta name=\"twitter:label1\" content=\"Written by\" \/>\n\t<meta name=\"twitter:data1\" content=\"@sscc\" \/>\n\t<meta name=\"twitter:label2\" content=\"Est. reading time\" \/>\n\t<meta name=\"twitter:data2\" content=\"1 minute\" \/>\n<script type=\"application\/ld+json\" class=\"yoast-schema-graph\">{\"@context\":\"https:\/\/schema.org\",\"@graph\":[{\"@type\":\"Article\",\"@id\":\"https:\/\/www.padreeustaquio.com.br\/causa-de-canonizacao-lanca-informativo-digital-sobre-o-2o-semestre-de-2022\/#article\",\"isPartOf\":{\"@id\":\"https:\/\/www.padreeustaquio.com.br\/causa-de-canonizacao-lanca-informativo-digital-sobre-o-2o-semestre-de-2022\/\"},\"author\":{\"name\":\"@sscc\",\"@id\":\"https:\/\/www.padreeustaquio.com.br\/#\/schema\/person\/a2a51db1d00f1a7af0204a0f1ddb1566\"},\"headline\":\"Causa de Canoniza\u00e7\u00e3o lan\u00e7a informativo digital sobre o 2\u00ba semestre de 2022\",\"datePublished\":\"2023-01-03T10:21:10+00:00\",\"dateModified\":\"2023-01-03T10:21:13+00:00\",\"mainEntityOfPage\":{\"@id\":\"https:\/\/www.padreeustaquio.com.br\/causa-de-canonizacao-lanca-informativo-digital-sobre-o-2o-semestre-de-2022\/\"},\"wordCount\":242,\"commentCount\":0,\"publisher\":{\"@id\":\"https:\/\/www.padreeustaquio.com.br\/#organization\"},\"image\":{\"@id\":\"https:\/\/www.padreeustaquio.com.br\/causa-de-canonizacao-lanca-informativo-digital-sobre-o-2o-semestre-de-2022\/#primaryimage\"},\"thumbnailUrl\":\"https:\/\/www.padreeustaquio.com.br\/wp-content\/uploads\/2023\/01\/informativo-virtual-e1672741201558.png\",\"articleSection\":[\"Not\u00edcias\"],\"inLanguage\":\"en-US\",\"potentialAction\":[{\"@type\":\"CommentAction\",\"name\":\"Comment\",\"target\":[\"https:\/\/www.padreeustaquio.com.br\/causa-de-canonizacao-lanca-informativo-digital-sobre-o-2o-semestre-de-2022\/#respond\"]}]},{\"@type\":\"WebPage\",\"@id\":\"https:\/\/www.padreeustaquio.com.br\/causa-de-canonizacao-lanca-informativo-digital-sobre-o-2o-semestre-de-2022\/\",\"url\":\"https:\/\/www.padreeustaquio.com.br\/causa-de-canonizacao-lanca-informativo-digital-sobre-o-2o-semestre-de-2022\/\",\"name\":\"Causa de Canoniza\u00e7\u00e3o lan\u00e7a informativo digital sobre o 2\u00ba semestre de 2022\",\"isPartOf\":{\"@id\":\"https:\/\/www.padreeustaquio.com.br\/#website\"},\"primaryImageOfPage\":{\"@id\":\"https:\/\/www.padreeustaquio.com.br\/causa-de-canonizacao-lanca-informativo-digital-sobre-o-2o-semestre-de-2022\/#primaryimage\"},\"image\":{\"@id\":\"https:\/\/www.padreeustaquio.com.br\/causa-de-canonizacao-lanca-informativo-digital-sobre-o-2o-semestre-de-2022\/#primaryimage\"},\"thumbnailUrl\":\"https:\/\/www.padreeustaquio.com.br\/wp-content\/uploads\/2023\/01\/informativo-virtual-e1672741201558.png\",\"datePublished\":\"2023-01-03T10:21:10+00:00\",\"dateModified\":\"2023-01-03T10:21:13+00:00\",\"description\":\"Ao fechar o ano de 2022 com muito trabalho e muitas conquistas, a Causa de Canoniza\u00e7\u00e3o do Bem-Aventurado Padre Eust\u00e1quio disponibiliza a mais nova vers\u00e3o do informativo da Canoniza\u00e7\u00e3o. O boletim referente aos fatos do segundo semestre que terminou traz um conte\u00fado especial para os devotos.\",\"breadcrumb\":{\"@id\":\"https:\/\/www.padreeustaquio.com.br\/causa-de-canonizacao-lanca-informativo-digital-sobre-o-2o-semestre-de-2022\/#breadcrumb\"},\"inLanguage\":\"en-US\",\"potentialAction\":[{\"@type\":\"ReadAction\",\"target\":[\"https:\/\/www.padreeustaquio.com.br\/causa-de-canonizacao-lanca-informativo-digital-sobre-o-2o-semestre-de-2022\/\"]}]},{\"@type\":\"ImageObject\",\"inLanguage\":\"en-US\",\"@id\":\"https:\/\/www.padreeustaquio.com.br\/causa-de-canonizacao-lanca-informativo-digital-sobre-o-2o-semestre-de-2022\/#primaryimage\",\"url\":\"https:\/\/www.padreeustaquio.com.br\/wp-content\/uploads\/2023\/01\/informativo-virtual-e1672741201558.png\",\"contentUrl\":\"https:\/\/www.padreeustaquio.com.br\/wp-content\/uploads\/2023\/01\/informativo-virtual-e1672741201558.png\",\"width\":830,\"height\":448},{\"@type\":\"BreadcrumbList\",\"@id\":\"https:\/\/www.padreeustaquio.com.br\/causa-de-canonizacao-lanca-informativo-digital-sobre-o-2o-semestre-de-2022\/#breadcrumb\",\"itemListElement\":[{\"@type\":\"ListItem\",\"position\":1,\"name\":\"In\u00edcio\",\"item\":\"https:\/\/www.padreeustaquio.com.br\/\"},{\"@type\":\"ListItem\",\"position\":2,\"name\":\"Causa de Canoniza\u00e7\u00e3o lan\u00e7a informativo digital sobre o 2\u00ba semestre de 2022\"}]},{\"@type\":\"WebSite\",\"@id\":\"https:\/\/www.padreeustaquio.com.br\/#website\",\"url\":\"https:\/\/www.padreeustaquio.com.br\/\",\"name\":\"Padre Eust\u00e1quio\",\"description\":\"Sa\u00fade e Paz\",\"publisher\":{\"@id\":\"https:\/\/www.padreeustaquio.com.br\/#organization\"},\"potentialAction\":[{\"@type\":\"SearchAction\",\"target\":{\"@type\":\"EntryPoint\",\"urlTemplate\":\"https:\/\/www.padreeustaquio.com.br\/?s={search_term_string}\"},\"query-input\":{\"@type\":\"PropertyValueSpecification\",\"valueRequired\":true,\"valueName\":\"search_term_string\"}}],\"inLanguage\":\"en-US\"},{\"@type\":\"Organization\",\"@id\":\"https:\/\/www.padreeustaquio.com.br\/#organization\",\"name\":\"Padre Eust\u00e1quio\",\"url\":\"https:\/\/www.padreeustaquio.com.br\/\",\"logo\":{\"@type\":\"ImageObject\",\"inLanguage\":\"en-US\",\"@id\":\"https:\/\/www.padreeustaquio.com.br\/#\/schema\/logo\/image\/\",\"url\":\"https:\/\/www.padreeustaquio.com.br\/wp-content\/uploads\/2019\/08\/marca.png\",\"contentUrl\":\"https:\/\/www.padreeustaquio.com.br\/wp-content\/uploads\/2019\/08\/marca.png\",\"width\":350,\"height\":400,\"caption\":\"Padre Eust\u00e1quio\"},\"image\":{\"@id\":\"https:\/\/www.padreeustaquio.com.br\/#\/schema\/logo\/image\/\"},\"sameAs\":[\"https:\/\/www.facebook.com\/beatopadreeustaquio\/\",\"https:\/\/x.com\/beatopeustaquio\",\"https:\/\/www.instagram.com\/beatopadreeustaquio\/\",\"https:\/\/www.youtube.com\/channel\/UCRhw7vfabnajwLxb1ZXMeIw\"]},{\"@type\":\"Person\",\"@id\":\"https:\/\/www.padreeustaquio.com.br\/#\/schema\/person\/a2a51db1d00f1a7af0204a0f1ddb1566\",\"name\":\"@sscc\",\"image\":{\"@type\":\"ImageObject\",\"inLanguage\":\"en-US\",\"@id\":\"https:\/\/secure.gravatar.com\/avatar\/68cfafa5f44617fea54071e215026e0ff06be366c3d54a8425f04fdcb86f8c5f?s=96&d=mm&r=g\",\"url\":\"https:\/\/secure.gravatar.com\/avatar\/68cfafa5f44617fea54071e215026e0ff06be366c3d54a8425f04fdcb86f8c5f?s=96&d=mm&r=g\",\"contentUrl\":\"https:\/\/secure.gravatar.com\/avatar\/68cfafa5f44617fea54071e215026e0ff06be366c3d54a8425f04fdcb86f8c5f?s=96&d=mm&r=g\",\"caption\":\"@sscc\"},\"url\":\"https:\/\/www.padreeustaquio.com.br\/en\/author\/sscc\/\"}]}<\/script>\n<!-- \/ Yoast SEO plugin. -->","yoast_head_json":{"title":"The Cause for Canonization launches digital newsletter about the second half of 2022.","description":"As we close out 2022 with much work and many achievements, the Cause for the Canonization of Blessed Father Eustace is releasing the newest version of its Canonization newsletter. This bulletin, covering the events of the second half of the year, contains special content for devotees.","robots":{"index":"index","follow":"follow","max-snippet":"max-snippet:-1","max-image-preview":"max-image-preview:large","max-video-preview":"max-video-preview:-1"},"canonical":"https:\/\/www.padreeustaquio.com.br\/en\/cause-for-canonization-launches-digital-newsletter-about-the-second-half-of-2022\/","og_locale":"en_US","og_type":"article","og_title":"Causa de Canoniza\u00e7\u00e3o lan\u00e7a informativo digital sobre o 2\u00ba semestre de 2022","og_description":"Ao fechar o ano de 2022 com muito trabalho e muitas conquistas, a Causa de Canoniza\u00e7\u00e3o do Bem-Aventurado Padre Eust\u00e1quio disponibiliza a mais nova vers\u00e3o do informativo da Canoniza\u00e7\u00e3o. O boletim referente aos fatos do segundo semestre que terminou traz um conte\u00fado especial para os devotos.","og_url":"https:\/\/www.padreeustaquio.com.br\/en\/cause-for-canonization-launches-digital-newsletter-about-the-second-half-of-2022\/","og_site_name":"Padre Eust\u00e1quio","article_publisher":"https:\/\/www.facebook.com\/beatopadreeustaquio\/","article_published_time":"2023-01-03T10:21:10+00:00","article_modified_time":"2023-01-03T10:21:13+00:00","og_image":[{"width":830,"height":448,"url":"https:\/\/www.padreeustaquio.com.br\/wp-content\/uploads\/2023\/01\/informativo-virtual-e1672741201558.png","type":"image\/png"}],"author":"@sscc","twitter_card":"summary_large_image","twitter_creator":"@beatopeustaquio","twitter_site":"@beatopeustaquio","twitter_misc":{"Written by":"@sscc","Est. reading time":"1 minute"},"schema":{"@context":"https:\/\/schema.org","@graph":[{"@type":"Article","@id":"https:\/\/www.padreeustaquio.com.br\/causa-de-canonizacao-lanca-informativo-digital-sobre-o-2o-semestre-de-2022\/#article","isPartOf":{"@id":"https:\/\/www.padreeustaquio.com.br\/causa-de-canonizacao-lanca-informativo-digital-sobre-o-2o-semestre-de-2022\/"},"author":{"name":"@sscc","@id":"https:\/\/www.padreeustaquio.com.br\/#\/schema\/person\/a2a51db1d00f1a7af0204a0f1ddb1566"},"headline":"Causa de Canoniza\u00e7\u00e3o lan\u00e7a informativo digital sobre o 2\u00ba semestre de 2022","datePublished":"2023-01-03T10:21:10+00:00","dateModified":"2023-01-03T10:21:13+00:00","mainEntityOfPage":{"@id":"https:\/\/www.padreeustaquio.com.br\/causa-de-canonizacao-lanca-informativo-digital-sobre-o-2o-semestre-de-2022\/"},"wordCount":242,"commentCount":0,"publisher":{"@id":"https:\/\/www.padreeustaquio.com.br\/#organization"},"image":{"@id":"https:\/\/www.padreeustaquio.com.br\/causa-de-canonizacao-lanca-informativo-digital-sobre-o-2o-semestre-de-2022\/#primaryimage"},"thumbnailUrl":"https:\/\/www.padreeustaquio.com.br\/wp-content\/uploads\/2023\/01\/informativo-virtual-e1672741201558.png","articleSection":["Not\u00edcias"],"inLanguage":"en-US","potentialAction":[{"@type":"CommentAction","name":"Comment","target":["https:\/\/www.padreeustaquio.com.br\/causa-de-canonizacao-lanca-informativo-digital-sobre-o-2o-semestre-de-2022\/#respond"]}]},{"@type":"WebPage","@id":"https:\/\/www.padreeustaquio.com.br\/causa-de-canonizacao-lanca-informativo-digital-sobre-o-2o-semestre-de-2022\/","url":"https:\/\/www.padreeustaquio.com.br\/causa-de-canonizacao-lanca-informativo-digital-sobre-o-2o-semestre-de-2022\/","name":"The Cause for Canonization launches digital newsletter about the second half of 2022.","isPartOf":{"@id":"https:\/\/www.padreeustaquio.com.br\/#website"},"primaryImageOfPage":{"@id":"https:\/\/www.padreeustaquio.com.br\/causa-de-canonizacao-lanca-informativo-digital-sobre-o-2o-semestre-de-2022\/#primaryimage"},"image":{"@id":"https:\/\/www.padreeustaquio.com.br\/causa-de-canonizacao-lanca-informativo-digital-sobre-o-2o-semestre-de-2022\/#primaryimage"},"thumbnailUrl":"https:\/\/www.padreeustaquio.com.br\/wp-content\/uploads\/2023\/01\/informativo-virtual-e1672741201558.png","datePublished":"2023-01-03T10:21:10+00:00","dateModified":"2023-01-03T10:21:13+00:00","description":"As we close out 2022 with much work and many achievements, the Cause for the Canonization of Blessed Father Eustace is releasing the newest version of its Canonization newsletter. This bulletin, covering the events of the second half of the year, contains special content for devotees.","breadcrumb":{"@id":"https:\/\/www.padreeustaquio.com.br\/causa-de-canonizacao-lanca-informativo-digital-sobre-o-2o-semestre-de-2022\/#breadcrumb"},"inLanguage":"en-US","potentialAction":[{"@type":"ReadAction","target":["https:\/\/www.padreeustaquio.com.br\/causa-de-canonizacao-lanca-informativo-digital-sobre-o-2o-semestre-de-2022\/"]}]},{"@type":"ImageObject","inLanguage":"en-US","@id":"https:\/\/www.padreeustaquio.com.br\/causa-de-canonizacao-lanca-informativo-digital-sobre-o-2o-semestre-de-2022\/#primaryimage","url":"https:\/\/www.padreeustaquio.com.br\/wp-content\/uploads\/2023\/01\/informativo-virtual-e1672741201558.png","contentUrl":"https:\/\/www.padreeustaquio.com.br\/wp-content\/uploads\/2023\/01\/informativo-virtual-e1672741201558.png","width":830,"height":448},{"@type":"BreadcrumbList","@id":"https:\/\/www.padreeustaquio.com.br\/causa-de-canonizacao-lanca-informativo-digital-sobre-o-2o-semestre-de-2022\/#breadcrumb","itemListElement":[{"@type":"ListItem","position":1,"name":"In\u00edcio","item":"https:\/\/www.padreeustaquio.com.br\/"},{"@type":"ListItem","position":2,"name":"Causa de Canoniza\u00e7\u00e3o lan\u00e7a informativo digital sobre o 2\u00ba semestre de 2022"}]},{"@type":"WebSite","@id":"https:\/\/www.padreeustaquio.com.br\/#website","url":"https:\/\/www.padreeustaquio.com.br\/","name":"FATHER EUST\u00c1QUIO","description":"Health and Peace","publisher":{"@id":"https:\/\/www.padreeustaquio.com.br\/#organization"},"potentialAction":[{"@type":"SearchAction","target":{"@type":"EntryPoint","urlTemplate":"https:\/\/www.padreeustaquio.com.br\/?s={search_term_string}"},"query-input":{"@type":"PropertyValueSpecification","valueRequired":true,"valueName":"search_term_string"}}],"inLanguage":"en-US"},{"@type":"Organization","@id":"https:\/\/www.padreeustaquio.com.br\/#organization","name":"FATHER EUST\u00c1QUIO","url":"https:\/\/www.padreeustaquio.com.br\/","logo":{"@type":"ImageObject","inLanguage":"en-US","@id":"https:\/\/www.padreeustaquio.com.br\/#\/schema\/logo\/image\/","url":"https:\/\/www.padreeustaquio.com.br\/wp-content\/uploads\/2019\/08\/marca.png","contentUrl":"https:\/\/www.padreeustaquio.com.br\/wp-content\/uploads\/2019\/08\/marca.png","width":350,"height":400,"caption":"Padre Eust\u00e1quio"},"image":{"@id":"https:\/\/www.padreeustaquio.com.br\/#\/schema\/logo\/image\/"},"sameAs":["https:\/\/www.facebook.com\/beatopadreeustaquio\/","https:\/\/x.com\/beatopeustaquio","https:\/\/www.instagram.com\/beatopadreeustaquio\/","https:\/\/www.youtube.com\/channel\/UCRhw7vfabnajwLxb1ZXMeIw"]},{"@type":"Person","@id":"https:\/\/www.padreeustaquio.com.br\/#\/schema\/person\/a2a51db1d00f1a7af0204a0f1ddb1566","name":"@sscc","image":{"@type":"ImageObject","inLanguage":"en-US","@id":"https:\/\/secure.gravatar.com\/avatar\/68cfafa5f44617fea54071e215026e0ff06be366c3d54a8425f04fdcb86f8c5f?s=96&d=mm&r=g","url":"https:\/\/secure.gravatar.com\/avatar\/68cfafa5f44617fea54071e215026e0ff06be366c3d54a8425f04fdcb86f8c5f?s=96&d=mm&r=g","contentUrl":"https:\/\/secure.gravatar.com\/avatar\/68cfafa5f44617fea54071e215026e0ff06be366c3d54a8425f04fdcb86f8c5f?s=96&d=mm&r=g","caption":"@sscc"},"url":"https:\/\/www.padreeustaquio.com.br\/en\/author\/sscc\/"}]}},"_links":{"self":[{"href":"https:\/\/www.padreeustaquio.com.br\/en\/wp-json\/wp\/v2\/posts\/9715","targetHints":{"allow":["GET"]}}],"collection":[{"href":"https:\/\/www.padreeustaquio.com.br\/en\/wp-json\/wp\/v2\/posts"}],"about":[{"href":"https:\/\/www.padreeustaquio.com.br\/en\/wp-json\/wp\/v2\/types\/post"}],"author":[{"embeddable":true,"href":"https:\/\/www.padreeustaquio.com.br\/en\/wp-json\/wp\/v2\/users\/2"}],"replies":[{"embeddable":true,"href":"https:\/\/www.padreeustaquio.com.br\/en\/wp-json\/wp\/v2\/comments?post=9715"}],"version-history":[{"count":0,"href":"https:\/\/www.padreeustaquio.com.br\/en\/wp-json\/wp\/v2\/posts\/9715\/revisions"}],"wp:featuredmedia":[{"embeddable":true,"href":"https:\/\/www.padreeustaquio.com.br\/en\/wp-json\/wp\/v2\/media\/9716"}],"wp:attachment":[{"href":"https:\/\/www.padreeustaquio.com.br\/en\/wp-json\/wp\/v2\/media?parent=9715"}],"wp:term":[{"taxonomy":"category","embeddable":true,"href":"https:\/\/www.padreeustaquio.com.br\/en\/wp-json\/wp\/v2\/categories?post=9715"},{"taxonomy":"post_tag","embeddable":true,"href":"https:\/\/www.padreeustaquio.com.br\/en\/wp-json\/wp\/v2\/tags?post=9715"}],"curies":[{"name":"wp","href":"https:\/\/api.w.org\/{rel}","templated":true}]}}