{"id":9703,"date":"2023-01-02T06:12:00","date_gmt":"2023-01-02T09:12:00","guid":{"rendered":"https:\/\/www.padreeustaquio.com.br\/?p=9703"},"modified":"2022-12-28T15:20:58","modified_gmt":"2022-12-28T18:20:58","slug":"in-2022-the-congregation-celebrated-90-years-since-the-arrival-of-spanish-priests-in-brazil","status":"publish","type":"post","link":"https:\/\/www.padreeustaquio.com.br\/en\/in-2022-the-congregation-celebrated-90-years-since-the-arrival-of-spanish-priests-in-brazil\/","title":{"rendered":"In 2022, the Congregation celebrated 90 years since the arrival of Spanish priests in Brazil."},"content":{"rendered":"<p>This year, all of God&#039;s people celebrated the 90th anniversary of the arrival of the Spanish priests of the Congregation of the Sacred Hearts of Jesus and Mary in Brazil.<\/p>\n\n\n\n<p>Father Jos\u00e9 Palomero, provincial of Spain, sent five Spanish priests to Brazil in the first expedition: Father Recaredo Ventosa, Father Nicol\u00e1s Guardia, Father Miguel de Le\u00e3o, Father Raimundo Fuente, and Father Teodosio Castilla. They arrived at the port of Rio de Janeiro in 1932.<\/p>\n\n\n\n<p>At the time, Cardinal Leme offered them the Parish of Our Lady of Exile, in Campo Grande-RJ, with the commitment to later give them another in the city, a promise fulfilled in 1934 in the Tijuca neighborhood, where the Church of the Sacred Hearts of Tijuca is located.<\/p>\n\n\n\n<p>Today the Congregation has two Spanish priests working in Brazil, who came years after their predecessors. They are: Father Vicente Hernand\u00e9z, 77 years old, and Father Rafael, 93 years old, both currently living at the Province&#039;s headquarters in Brazil, in Belo Horizonte-MG.<\/p>\n\n\n\n<p><\/p>","protected":false},"excerpt":{"rendered":"<p>Este ano todo o povo de Deus comemorou os 90 anos da chegada dos padres espanh\u00f3is da Congrega\u00e7\u00e3o dos Sagrados Cora\u00e7\u00f5es de Jesus e Maria ao Brasil. Padre Jos\u00e9 Palomero, provincial da Espanha, enviou ao Brasil na primeira expedi\u00e7\u00e3o cinco padres espanh\u00f3is: Padre Recaredo Ventosa, Padre Nicol\u00e1s Guardia, Padre Miguel de Le\u00e3o, Padre Raimundo Fuente e Padre Teodosio Castilla. Eles chegaram ao porto do Rio de Janeiro em 1932. Na \u00e9poca, o Cardeal Leme ofereceu-lhes a Par\u00f3quia de Nossa Senhora do Desterro, em Campo Grande-RJ, com o compromisso de mais tarde, dar-lhes outra na cidade, promessa realizada em 1934 no [&hellip;]<\/p>\n","protected":false},"author":2,"featured_media":9712,"comment_status":"open","ping_status":"closed","sticky":false,"template":"","format":"standard","meta":{"_acf_changed":false,"footnotes":""},"categories":[611],"tags":[],"class_list":["post-9703","post","type-post","status-publish","format-standard","has-post-thumbnail","hentry","category-noticias"],"acf":[],"yoast_head":"<!-- This site is optimized with the Yoast SEO plugin v27.2 - https:\/\/yoast.com\/product\/yoast-seo-wordpress\/ -->\n<title>Em 2022 Congrega\u00e7\u00e3o comemorou 90 anos da chegada dos padres espanh\u00f3is ao Brasil<\/title>\n<meta name=\"description\" content=\"Padre Jos\u00e9 Palomero, provincial da Espanha, enviou ao Brasil na primeira expedi\u00e7\u00e3o cinco padres espanh\u00f3is: Padre Recaredo Ventosa, Padre Nicol\u00e1s Guardia, Padre Miguel de Le\u00e3o, Padre Raimundo Fuente e Padre Teodosio Castilla. Eles chegaram ao porto do Rio de Janeiro em 1932.\" \/>\n<meta name=\"robots\" content=\"index, follow, max-snippet:-1, max-image-preview:large, max-video-preview:-1\" \/>\n<link rel=\"canonical\" href=\"https:\/\/www.padreeustaquio.com.br\/en\/in-2022-the-congregation-celebrated-90-years-since-the-arrival-of-spanish-priests-in-brazil\/\" \/>\n<meta property=\"og:locale\" content=\"en_US\" \/>\n<meta property=\"og:type\" content=\"article\" \/>\n<meta property=\"og:title\" content=\"Em 2022 Congrega\u00e7\u00e3o comemorou 90 anos da chegada dos padres espanh\u00f3is ao Brasil\" \/>\n<meta property=\"og:description\" content=\"Padre Jos\u00e9 Palomero, provincial da Espanha, enviou ao Brasil na primeira expedi\u00e7\u00e3o cinco padres espanh\u00f3is: Padre Recaredo Ventosa, Padre Nicol\u00e1s Guardia, Padre Miguel de Le\u00e3o, Padre Raimundo Fuente e Padre Teodosio Castilla. Eles chegaram ao porto do Rio de Janeiro em 1932.\" \/>\n<meta property=\"og:url\" content=\"https:\/\/www.padreeustaquio.com.br\/en\/in-2022-the-congregation-celebrated-90-years-since-the-arrival-of-spanish-priests-in-brazil\/\" \/>\n<meta property=\"og:site_name\" content=\"Padre Eust\u00e1quio\" \/>\n<meta property=\"article:publisher\" content=\"https:\/\/www.facebook.com\/beatopadreeustaquio\/\" \/>\n<meta property=\"article:published_time\" content=\"2023-01-02T09:12:00+00:00\" \/>\n<meta property=\"og:image\" content=\"https:\/\/www.padreeustaquio.com.br\/wp-content\/uploads\/2023\/01\/FOTO-22-Primeiros-padres-espanhois-dos-Sagrados-Coracoes-no-Brasil-1932.jpg\" \/>\n\t<meta property=\"og:image:width\" content=\"1223\" \/>\n\t<meta property=\"og:image:height\" content=\"710\" \/>\n\t<meta property=\"og:image:type\" content=\"image\/jpeg\" \/>\n<meta name=\"author\" content=\"@sscc\" \/>\n<meta name=\"twitter:card\" content=\"summary_large_image\" \/>\n<meta name=\"twitter:creator\" content=\"@beatopeustaquio\" \/>\n<meta name=\"twitter:site\" content=\"@beatopeustaquio\" \/>\n<meta name=\"twitter:label1\" content=\"Written by\" \/>\n\t<meta name=\"twitter:data1\" content=\"@sscc\" \/>\n\t<meta name=\"twitter:label2\" content=\"Est. reading time\" \/>\n\t<meta name=\"twitter:data2\" content=\"1 minute\" \/>\n<script type=\"application\/ld+json\" class=\"yoast-schema-graph\">{\"@context\":\"https:\/\/schema.org\",\"@graph\":[{\"@type\":\"Article\",\"@id\":\"https:\/\/www.padreeustaquio.com.br\/em-2022-congregacao-comemorou-90-anos-da-chegada-dos-padres-espanhois-ao-brasil\/#article\",\"isPartOf\":{\"@id\":\"https:\/\/www.padreeustaquio.com.br\/em-2022-congregacao-comemorou-90-anos-da-chegada-dos-padres-espanhois-ao-brasil\/\"},\"author\":{\"name\":\"@sscc\",\"@id\":\"https:\/\/www.padreeustaquio.com.br\/#\/schema\/person\/a2a51db1d00f1a7af0204a0f1ddb1566\"},\"headline\":\"Em 2022 Congrega\u00e7\u00e3o comemorou 90 anos da chegada dos padres espanh\u00f3is ao Brasil\",\"datePublished\":\"2023-01-02T09:12:00+00:00\",\"mainEntityOfPage\":{\"@id\":\"https:\/\/www.padreeustaquio.com.br\/em-2022-congregacao-comemorou-90-anos-da-chegada-dos-padres-espanhois-ao-brasil\/\"},\"wordCount\":177,\"commentCount\":0,\"publisher\":{\"@id\":\"https:\/\/www.padreeustaquio.com.br\/#organization\"},\"image\":{\"@id\":\"https:\/\/www.padreeustaquio.com.br\/em-2022-congregacao-comemorou-90-anos-da-chegada-dos-padres-espanhois-ao-brasil\/#primaryimage\"},\"thumbnailUrl\":\"https:\/\/www.padreeustaquio.com.br\/wp-content\/uploads\/2023\/01\/FOTO-22-Primeiros-padres-espanhois-dos-Sagrados-Coracoes-no-Brasil-1932.jpg\",\"articleSection\":[\"Not\u00edcias\"],\"inLanguage\":\"en-US\",\"potentialAction\":[{\"@type\":\"CommentAction\",\"name\":\"Comment\",\"target\":[\"https:\/\/www.padreeustaquio.com.br\/em-2022-congregacao-comemorou-90-anos-da-chegada-dos-padres-espanhois-ao-brasil\/#respond\"]}]},{\"@type\":\"WebPage\",\"@id\":\"https:\/\/www.padreeustaquio.com.br\/em-2022-congregacao-comemorou-90-anos-da-chegada-dos-padres-espanhois-ao-brasil\/\",\"url\":\"https:\/\/www.padreeustaquio.com.br\/em-2022-congregacao-comemorou-90-anos-da-chegada-dos-padres-espanhois-ao-brasil\/\",\"name\":\"Em 2022 Congrega\u00e7\u00e3o comemorou 90 anos da chegada dos padres espanh\u00f3is ao Brasil\",\"isPartOf\":{\"@id\":\"https:\/\/www.padreeustaquio.com.br\/#website\"},\"primaryImageOfPage\":{\"@id\":\"https:\/\/www.padreeustaquio.com.br\/em-2022-congregacao-comemorou-90-anos-da-chegada-dos-padres-espanhois-ao-brasil\/#primaryimage\"},\"image\":{\"@id\":\"https:\/\/www.padreeustaquio.com.br\/em-2022-congregacao-comemorou-90-anos-da-chegada-dos-padres-espanhois-ao-brasil\/#primaryimage\"},\"thumbnailUrl\":\"https:\/\/www.padreeustaquio.com.br\/wp-content\/uploads\/2023\/01\/FOTO-22-Primeiros-padres-espanhois-dos-Sagrados-Coracoes-no-Brasil-1932.jpg\",\"datePublished\":\"2023-01-02T09:12:00+00:00\",\"description\":\"Padre Jos\u00e9 Palomero, provincial da Espanha, enviou ao Brasil na primeira expedi\u00e7\u00e3o cinco padres espanh\u00f3is: Padre Recaredo Ventosa, Padre Nicol\u00e1s Guardia, Padre Miguel de Le\u00e3o, Padre Raimundo Fuente e Padre Teodosio Castilla. Eles chegaram ao porto do Rio de Janeiro em 1932.\",\"breadcrumb\":{\"@id\":\"https:\/\/www.padreeustaquio.com.br\/em-2022-congregacao-comemorou-90-anos-da-chegada-dos-padres-espanhois-ao-brasil\/#breadcrumb\"},\"inLanguage\":\"en-US\",\"potentialAction\":[{\"@type\":\"ReadAction\",\"target\":[\"https:\/\/www.padreeustaquio.com.br\/em-2022-congregacao-comemorou-90-anos-da-chegada-dos-padres-espanhois-ao-brasil\/\"]}]},{\"@type\":\"ImageObject\",\"inLanguage\":\"en-US\",\"@id\":\"https:\/\/www.padreeustaquio.com.br\/em-2022-congregacao-comemorou-90-anos-da-chegada-dos-padres-espanhois-ao-brasil\/#primaryimage\",\"url\":\"https:\/\/www.padreeustaquio.com.br\/wp-content\/uploads\/2023\/01\/FOTO-22-Primeiros-padres-espanhois-dos-Sagrados-Coracoes-no-Brasil-1932.jpg\",\"contentUrl\":\"https:\/\/www.padreeustaquio.com.br\/wp-content\/uploads\/2023\/01\/FOTO-22-Primeiros-padres-espanhois-dos-Sagrados-Coracoes-no-Brasil-1932.jpg\",\"width\":1223,\"height\":710},{\"@type\":\"BreadcrumbList\",\"@id\":\"https:\/\/www.padreeustaquio.com.br\/em-2022-congregacao-comemorou-90-anos-da-chegada-dos-padres-espanhois-ao-brasil\/#breadcrumb\",\"itemListElement\":[{\"@type\":\"ListItem\",\"position\":1,\"name\":\"In\u00edcio\",\"item\":\"https:\/\/www.padreeustaquio.com.br\/\"},{\"@type\":\"ListItem\",\"position\":2,\"name\":\"Em 2022 Congrega\u00e7\u00e3o comemorou 90 anos da chegada dos padres espanh\u00f3is ao Brasil\"}]},{\"@type\":\"WebSite\",\"@id\":\"https:\/\/www.padreeustaquio.com.br\/#website\",\"url\":\"https:\/\/www.padreeustaquio.com.br\/\",\"name\":\"Padre Eust\u00e1quio\",\"description\":\"Sa\u00fade e Paz\",\"publisher\":{\"@id\":\"https:\/\/www.padreeustaquio.com.br\/#organization\"},\"potentialAction\":[{\"@type\":\"SearchAction\",\"target\":{\"@type\":\"EntryPoint\",\"urlTemplate\":\"https:\/\/www.padreeustaquio.com.br\/?s={search_term_string}\"},\"query-input\":{\"@type\":\"PropertyValueSpecification\",\"valueRequired\":true,\"valueName\":\"search_term_string\"}}],\"inLanguage\":\"en-US\"},{\"@type\":\"Organization\",\"@id\":\"https:\/\/www.padreeustaquio.com.br\/#organization\",\"name\":\"Padre Eust\u00e1quio\",\"url\":\"https:\/\/www.padreeustaquio.com.br\/\",\"logo\":{\"@type\":\"ImageObject\",\"inLanguage\":\"en-US\",\"@id\":\"https:\/\/www.padreeustaquio.com.br\/#\/schema\/logo\/image\/\",\"url\":\"https:\/\/www.padreeustaquio.com.br\/wp-content\/uploads\/2019\/08\/marca.png\",\"contentUrl\":\"https:\/\/www.padreeustaquio.com.br\/wp-content\/uploads\/2019\/08\/marca.png\",\"width\":350,\"height\":400,\"caption\":\"Padre Eust\u00e1quio\"},\"image\":{\"@id\":\"https:\/\/www.padreeustaquio.com.br\/#\/schema\/logo\/image\/\"},\"sameAs\":[\"https:\/\/www.facebook.com\/beatopadreeustaquio\/\",\"https:\/\/x.com\/beatopeustaquio\",\"https:\/\/www.instagram.com\/beatopadreeustaquio\/\",\"https:\/\/www.youtube.com\/channel\/UCRhw7vfabnajwLxb1ZXMeIw\"]},{\"@type\":\"Person\",\"@id\":\"https:\/\/www.padreeustaquio.com.br\/#\/schema\/person\/a2a51db1d00f1a7af0204a0f1ddb1566\",\"name\":\"@sscc\",\"image\":{\"@type\":\"ImageObject\",\"inLanguage\":\"en-US\",\"@id\":\"https:\/\/secure.gravatar.com\/avatar\/68cfafa5f44617fea54071e215026e0ff06be366c3d54a8425f04fdcb86f8c5f?s=96&d=mm&r=g\",\"url\":\"https:\/\/secure.gravatar.com\/avatar\/68cfafa5f44617fea54071e215026e0ff06be366c3d54a8425f04fdcb86f8c5f?s=96&d=mm&r=g\",\"contentUrl\":\"https:\/\/secure.gravatar.com\/avatar\/68cfafa5f44617fea54071e215026e0ff06be366c3d54a8425f04fdcb86f8c5f?s=96&d=mm&r=g\",\"caption\":\"@sscc\"},\"url\":\"https:\/\/www.padreeustaquio.com.br\/en\/author\/sscc\/\"}]}<\/script>\n<!-- \/ Yoast SEO plugin. -->","yoast_head_json":{"title":"In 2022, the Congregation celebrated 90 years since the arrival of Spanish priests in Brazil.","description":"Father Jos\u00e9 Palomero, provincial of Spain, sent five Spanish priests to Brazil in the first expedition: Father Recaredo Ventosa, Father Nicol\u00e1s Guardia, Father Miguel de Le\u00e3o, Father Raimundo Fuente, and Father Teodosio Castilla. They arrived at the port of Rio de Janeiro in 1932.","robots":{"index":"index","follow":"follow","max-snippet":"max-snippet:-1","max-image-preview":"max-image-preview:large","max-video-preview":"max-video-preview:-1"},"canonical":"https:\/\/www.padreeustaquio.com.br\/en\/in-2022-the-congregation-celebrated-90-years-since-the-arrival-of-spanish-priests-in-brazil\/","og_locale":"en_US","og_type":"article","og_title":"Em 2022 Congrega\u00e7\u00e3o comemorou 90 anos da chegada dos padres espanh\u00f3is ao Brasil","og_description":"Padre Jos\u00e9 Palomero, provincial da Espanha, enviou ao Brasil na primeira expedi\u00e7\u00e3o cinco padres espanh\u00f3is: Padre Recaredo Ventosa, Padre Nicol\u00e1s Guardia, Padre Miguel de Le\u00e3o, Padre Raimundo Fuente e Padre Teodosio Castilla. Eles chegaram ao porto do Rio de Janeiro em 1932.","og_url":"https:\/\/www.padreeustaquio.com.br\/en\/in-2022-the-congregation-celebrated-90-years-since-the-arrival-of-spanish-priests-in-brazil\/","og_site_name":"Padre Eust\u00e1quio","article_publisher":"https:\/\/www.facebook.com\/beatopadreeustaquio\/","article_published_time":"2023-01-02T09:12:00+00:00","og_image":[{"width":1223,"height":710,"url":"https:\/\/www.padreeustaquio.com.br\/wp-content\/uploads\/2023\/01\/FOTO-22-Primeiros-padres-espanhois-dos-Sagrados-Coracoes-no-Brasil-1932.jpg","type":"image\/jpeg"}],"author":"@sscc","twitter_card":"summary_large_image","twitter_creator":"@beatopeustaquio","twitter_site":"@beatopeustaquio","twitter_misc":{"Written by":"@sscc","Est. reading time":"1 minute"},"schema":{"@context":"https:\/\/schema.org","@graph":[{"@type":"Article","@id":"https:\/\/www.padreeustaquio.com.br\/em-2022-congregacao-comemorou-90-anos-da-chegada-dos-padres-espanhois-ao-brasil\/#article","isPartOf":{"@id":"https:\/\/www.padreeustaquio.com.br\/em-2022-congregacao-comemorou-90-anos-da-chegada-dos-padres-espanhois-ao-brasil\/"},"author":{"name":"@sscc","@id":"https:\/\/www.padreeustaquio.com.br\/#\/schema\/person\/a2a51db1d00f1a7af0204a0f1ddb1566"},"headline":"Em 2022 Congrega\u00e7\u00e3o comemorou 90 anos da chegada dos padres espanh\u00f3is ao Brasil","datePublished":"2023-01-02T09:12:00+00:00","mainEntityOfPage":{"@id":"https:\/\/www.padreeustaquio.com.br\/em-2022-congregacao-comemorou-90-anos-da-chegada-dos-padres-espanhois-ao-brasil\/"},"wordCount":177,"commentCount":0,"publisher":{"@id":"https:\/\/www.padreeustaquio.com.br\/#organization"},"image":{"@id":"https:\/\/www.padreeustaquio.com.br\/em-2022-congregacao-comemorou-90-anos-da-chegada-dos-padres-espanhois-ao-brasil\/#primaryimage"},"thumbnailUrl":"https:\/\/www.padreeustaquio.com.br\/wp-content\/uploads\/2023\/01\/FOTO-22-Primeiros-padres-espanhois-dos-Sagrados-Coracoes-no-Brasil-1932.jpg","articleSection":["Not\u00edcias"],"inLanguage":"en-US","potentialAction":[{"@type":"CommentAction","name":"Comment","target":["https:\/\/www.padreeustaquio.com.br\/em-2022-congregacao-comemorou-90-anos-da-chegada-dos-padres-espanhois-ao-brasil\/#respond"]}]},{"@type":"WebPage","@id":"https:\/\/www.padreeustaquio.com.br\/em-2022-congregacao-comemorou-90-anos-da-chegada-dos-padres-espanhois-ao-brasil\/","url":"https:\/\/www.padreeustaquio.com.br\/em-2022-congregacao-comemorou-90-anos-da-chegada-dos-padres-espanhois-ao-brasil\/","name":"In 2022, the Congregation celebrated 90 years since the arrival of Spanish priests in Brazil.","isPartOf":{"@id":"https:\/\/www.padreeustaquio.com.br\/#website"},"primaryImageOfPage":{"@id":"https:\/\/www.padreeustaquio.com.br\/em-2022-congregacao-comemorou-90-anos-da-chegada-dos-padres-espanhois-ao-brasil\/#primaryimage"},"image":{"@id":"https:\/\/www.padreeustaquio.com.br\/em-2022-congregacao-comemorou-90-anos-da-chegada-dos-padres-espanhois-ao-brasil\/#primaryimage"},"thumbnailUrl":"https:\/\/www.padreeustaquio.com.br\/wp-content\/uploads\/2023\/01\/FOTO-22-Primeiros-padres-espanhois-dos-Sagrados-Coracoes-no-Brasil-1932.jpg","datePublished":"2023-01-02T09:12:00+00:00","description":"Father Jos\u00e9 Palomero, provincial of Spain, sent five Spanish priests to Brazil in the first expedition: Father Recaredo Ventosa, Father Nicol\u00e1s Guardia, Father Miguel de Le\u00e3o, Father Raimundo Fuente, and Father Teodosio Castilla. They arrived at the port of Rio de Janeiro in 1932.","breadcrumb":{"@id":"https:\/\/www.padreeustaquio.com.br\/em-2022-congregacao-comemorou-90-anos-da-chegada-dos-padres-espanhois-ao-brasil\/#breadcrumb"},"inLanguage":"en-US","potentialAction":[{"@type":"ReadAction","target":["https:\/\/www.padreeustaquio.com.br\/em-2022-congregacao-comemorou-90-anos-da-chegada-dos-padres-espanhois-ao-brasil\/"]}]},{"@type":"ImageObject","inLanguage":"en-US","@id":"https:\/\/www.padreeustaquio.com.br\/em-2022-congregacao-comemorou-90-anos-da-chegada-dos-padres-espanhois-ao-brasil\/#primaryimage","url":"https:\/\/www.padreeustaquio.com.br\/wp-content\/uploads\/2023\/01\/FOTO-22-Primeiros-padres-espanhois-dos-Sagrados-Coracoes-no-Brasil-1932.jpg","contentUrl":"https:\/\/www.padreeustaquio.com.br\/wp-content\/uploads\/2023\/01\/FOTO-22-Primeiros-padres-espanhois-dos-Sagrados-Coracoes-no-Brasil-1932.jpg","width":1223,"height":710},{"@type":"BreadcrumbList","@id":"https:\/\/www.padreeustaquio.com.br\/em-2022-congregacao-comemorou-90-anos-da-chegada-dos-padres-espanhois-ao-brasil\/#breadcrumb","itemListElement":[{"@type":"ListItem","position":1,"name":"In\u00edcio","item":"https:\/\/www.padreeustaquio.com.br\/"},{"@type":"ListItem","position":2,"name":"Em 2022 Congrega\u00e7\u00e3o comemorou 90 anos da chegada dos padres espanh\u00f3is ao Brasil"}]},{"@type":"WebSite","@id":"https:\/\/www.padreeustaquio.com.br\/#website","url":"https:\/\/www.padreeustaquio.com.br\/","name":"FATHER EUST\u00c1QUIO","description":"Health and Peace","publisher":{"@id":"https:\/\/www.padreeustaquio.com.br\/#organization"},"potentialAction":[{"@type":"SearchAction","target":{"@type":"EntryPoint","urlTemplate":"https:\/\/www.padreeustaquio.com.br\/?s={search_term_string}"},"query-input":{"@type":"PropertyValueSpecification","valueRequired":true,"valueName":"search_term_string"}}],"inLanguage":"en-US"},{"@type":"Organization","@id":"https:\/\/www.padreeustaquio.com.br\/#organization","name":"FATHER EUST\u00c1QUIO","url":"https:\/\/www.padreeustaquio.com.br\/","logo":{"@type":"ImageObject","inLanguage":"en-US","@id":"https:\/\/www.padreeustaquio.com.br\/#\/schema\/logo\/image\/","url":"https:\/\/www.padreeustaquio.com.br\/wp-content\/uploads\/2019\/08\/marca.png","contentUrl":"https:\/\/www.padreeustaquio.com.br\/wp-content\/uploads\/2019\/08\/marca.png","width":350,"height":400,"caption":"Padre Eust\u00e1quio"},"image":{"@id":"https:\/\/www.padreeustaquio.com.br\/#\/schema\/logo\/image\/"},"sameAs":["https:\/\/www.facebook.com\/beatopadreeustaquio\/","https:\/\/x.com\/beatopeustaquio","https:\/\/www.instagram.com\/beatopadreeustaquio\/","https:\/\/www.youtube.com\/channel\/UCRhw7vfabnajwLxb1ZXMeIw"]},{"@type":"Person","@id":"https:\/\/www.padreeustaquio.com.br\/#\/schema\/person\/a2a51db1d00f1a7af0204a0f1ddb1566","name":"@sscc","image":{"@type":"ImageObject","inLanguage":"en-US","@id":"https:\/\/secure.gravatar.com\/avatar\/68cfafa5f44617fea54071e215026e0ff06be366c3d54a8425f04fdcb86f8c5f?s=96&d=mm&r=g","url":"https:\/\/secure.gravatar.com\/avatar\/68cfafa5f44617fea54071e215026e0ff06be366c3d54a8425f04fdcb86f8c5f?s=96&d=mm&r=g","contentUrl":"https:\/\/secure.gravatar.com\/avatar\/68cfafa5f44617fea54071e215026e0ff06be366c3d54a8425f04fdcb86f8c5f?s=96&d=mm&r=g","caption":"@sscc"},"url":"https:\/\/www.padreeustaquio.com.br\/en\/author\/sscc\/"}]}},"_links":{"self":[{"href":"https:\/\/www.padreeustaquio.com.br\/en\/wp-json\/wp\/v2\/posts\/9703","targetHints":{"allow":["GET"]}}],"collection":[{"href":"https:\/\/www.padreeustaquio.com.br\/en\/wp-json\/wp\/v2\/posts"}],"about":[{"href":"https:\/\/www.padreeustaquio.com.br\/en\/wp-json\/wp\/v2\/types\/post"}],"author":[{"embeddable":true,"href":"https:\/\/www.padreeustaquio.com.br\/en\/wp-json\/wp\/v2\/users\/2"}],"replies":[{"embeddable":true,"href":"https:\/\/www.padreeustaquio.com.br\/en\/wp-json\/wp\/v2\/comments?post=9703"}],"version-history":[{"count":0,"href":"https:\/\/www.padreeustaquio.com.br\/en\/wp-json\/wp\/v2\/posts\/9703\/revisions"}],"wp:featuredmedia":[{"embeddable":true,"href":"https:\/\/www.padreeustaquio.com.br\/en\/wp-json\/wp\/v2\/media\/9712"}],"wp:attachment":[{"href":"https:\/\/www.padreeustaquio.com.br\/en\/wp-json\/wp\/v2\/media?parent=9703"}],"wp:term":[{"taxonomy":"category","embeddable":true,"href":"https:\/\/www.padreeustaquio.com.br\/en\/wp-json\/wp\/v2\/categories?post=9703"},{"taxonomy":"post_tag","embeddable":true,"href":"https:\/\/www.padreeustaquio.com.br\/en\/wp-json\/wp\/v2\/tags?post=9703"}],"curies":[{"name":"wp","href":"https:\/\/api.w.org\/{rel}","templated":true}]}}