{"id":9691,"date":"2022-12-28T06:25:00","date_gmt":"2022-12-28T09:25:00","guid":{"rendered":"https:\/\/www.padreeustaquio.com.br\/?p=9691"},"modified":"2022-12-27T07:36:22","modified_gmt":"2022-12-27T10:36:22","slug":"the-sanctuary-announces-the-mass-schedule-for-december-31st-and-january-1st","status":"publish","type":"post","link":"https:\/\/www.padreeustaquio.com.br\/en\/the-sanctuary-announces-the-mass-schedule-for-december-31st-and-january-1st\/","title":{"rendered":"Sanctuary announces Mass times for December 31st and January 1st."},"content":{"rendered":"<p>As we reach the end of another year, we celebrate God&#039;s victories in our lives. From the joys experienced throughout 2022, to the possibility of going through difficult times, or even having lived with people who have left us. In every sense, we need to be grateful! To properly celebrate these moments, the Sanctuary of Health and Peace will hold seven masses this weekend.<\/p>\n\n\n\n<p>On Saturday morning, at 7:00 AM, there will be the usual celebration of the seventh day of the Octave of Christmas. In the afternoon, we will have the Holy Mass for the Solemnity of Mary, Mother of God, at 7:00 PM.\u00a0<strong>Please note that there will be NO MASS at 5 PM today, only at 7 PM.<\/strong>. On Sunday, January 1st, masses will be held at the usual times: 7:00 AM, 8:30 AM, 10:00 AM, 5:00 PM, and 7:00 PM, also celebrating Saint Mary, Mother of God.<\/p>\n\n\n\n<p>The masses on Saturday at 7 PM and Sunday at 10 AM and 7 PM will be broadcast on the Padre Eust\u00e1quio Channel on YouTube.<\/p>\n\n\n\n<p>This weekend, let us not only give thanks for the blessings received throughout the year, but also ask for many graces for 2023, hoping to live our faith more intensely, with love and charity, following the example of our kind friend, Blessed Father Eustace.<\/p>\n\n\n\n<p><\/p>","protected":false},"excerpt":{"rendered":"<p>Ao chegarmos ao final de mais um ano, celebramos as vit\u00f3rias de Deus na nossa vida. Desde as alegrias vividas ao longo de 2022 ou at\u00e9 mesmo a possibilidade de passarmos por momentos dif\u00edceis ou ainda de ter convivido com pessoas que nos deixaram. Em todos os sentidos \u00e9 preciso ser agradecido! Para bem celebrarmos estes momentos, o Santu\u00e1rio da Sa\u00fade e da Paz vai realizar sete missas no fim de semana. No s\u00e1bado, pela manh\u00e3, \u00e0s 7h, haver\u00e1 a celebra\u00e7\u00e3o normal do s\u00e9timo dia da Oitava do Natal. J\u00e1 \u00e0 tarde teremos a Santa Missa da Solenidade de Santa [&hellip;]<\/p>\n","protected":false},"author":2,"featured_media":9692,"comment_status":"open","ping_status":"closed","sticky":false,"template":"","format":"standard","meta":{"_acf_changed":false,"footnotes":""},"categories":[611],"tags":[],"class_list":["post-9691","post","type-post","status-publish","format-standard","has-post-thumbnail","hentry","category-noticias"],"acf":[],"yoast_head":"<!-- This site is optimized with the Yoast SEO plugin v27.2 - https:\/\/yoast.com\/product\/yoast-seo-wordpress\/ -->\n<title>Santu\u00e1rio divulga hor\u00e1rios das missas do dia 31 de dezembro e 1\u00ba de janeiro<\/title>\n<meta name=\"description\" content=\"No s\u00e1bado, pela manh\u00e3, \u00e0s 7h, haver\u00e1 a celebra\u00e7\u00e3o normal do s\u00e9timo dia da Oitava do Natal. J\u00e1 \u00e0 tarde teremos a Santa Missa da Solenidade de Santa Maria M\u00e3e de Deus, \u00e0s 19h.\u00a0Aten\u00e7\u00e3o, neste dia N\u00c3O HAVER\u00c1 MISSA \u00c0S 17h, SOMENTE \u00c0S 19h. No domingo, dia 1\u00ba de janeiro, as missas ocorrer\u00e3o nos hor\u00e1rios de costume: 7h, 8h30, 10h, 17h e 19h, tamb\u00e9m celebrando Santa Maria M\u00e3e de Deus.\" \/>\n<meta name=\"robots\" content=\"index, follow, max-snippet:-1, max-image-preview:large, max-video-preview:-1\" \/>\n<link rel=\"canonical\" href=\"https:\/\/www.padreeustaquio.com.br\/en\/the-sanctuary-announces-the-mass-schedule-for-december-31st-and-january-1st\/\" \/>\n<meta property=\"og:locale\" content=\"en_US\" \/>\n<meta property=\"og:type\" content=\"article\" \/>\n<meta property=\"og:title\" content=\"Santu\u00e1rio divulga hor\u00e1rios das missas do dia 31 de dezembro e 1\u00ba de janeiro\" \/>\n<meta property=\"og:description\" content=\"No s\u00e1bado, pela manh\u00e3, \u00e0s 7h, haver\u00e1 a celebra\u00e7\u00e3o normal do s\u00e9timo dia da Oitava do Natal. J\u00e1 \u00e0 tarde teremos a Santa Missa da Solenidade de Santa Maria M\u00e3e de Deus, \u00e0s 19h.\u00a0Aten\u00e7\u00e3o, neste dia N\u00c3O HAVER\u00c1 MISSA \u00c0S 17h, SOMENTE \u00c0S 19h. No domingo, dia 1\u00ba de janeiro, as missas ocorrer\u00e3o nos hor\u00e1rios de costume: 7h, 8h30, 10h, 17h e 19h, tamb\u00e9m celebrando Santa Maria M\u00e3e de Deus.\" \/>\n<meta property=\"og:url\" content=\"https:\/\/www.padreeustaquio.com.br\/en\/the-sanctuary-announces-the-mass-schedule-for-december-31st-and-january-1st\/\" \/>\n<meta property=\"og:site_name\" content=\"Padre Eust\u00e1quio\" \/>\n<meta property=\"article:publisher\" content=\"https:\/\/www.facebook.com\/beatopadreeustaquio\/\" \/>\n<meta property=\"article:published_time\" content=\"2022-12-28T09:25:00+00:00\" \/>\n<meta property=\"og:image\" content=\"https:\/\/www.padreeustaquio.com.br\/wp-content\/uploads\/2022\/12\/feliz-ano-novo.jpg\" \/>\n\t<meta property=\"og:image:width\" content=\"960\" \/>\n\t<meta property=\"og:image:height\" content=\"613\" \/>\n\t<meta property=\"og:image:type\" content=\"image\/jpeg\" \/>\n<meta name=\"author\" content=\"@sscc\" \/>\n<meta name=\"twitter:card\" content=\"summary_large_image\" \/>\n<meta name=\"twitter:creator\" content=\"@beatopeustaquio\" \/>\n<meta name=\"twitter:site\" content=\"@beatopeustaquio\" \/>\n<meta name=\"twitter:label1\" content=\"Written by\" \/>\n\t<meta name=\"twitter:data1\" content=\"@sscc\" \/>\n\t<meta name=\"twitter:label2\" content=\"Est. reading time\" \/>\n\t<meta name=\"twitter:data2\" content=\"1 minute\" \/>\n<script type=\"application\/ld+json\" class=\"yoast-schema-graph\">{\"@context\":\"https:\/\/schema.org\",\"@graph\":[{\"@type\":\"Article\",\"@id\":\"https:\/\/www.padreeustaquio.com.br\/santuario-divulga-horarios-das-missas-do-dia-31-de-dezembro-e-1o-de-janeiro\/#article\",\"isPartOf\":{\"@id\":\"https:\/\/www.padreeustaquio.com.br\/santuario-divulga-horarios-das-missas-do-dia-31-de-dezembro-e-1o-de-janeiro\/\"},\"author\":{\"name\":\"@sscc\",\"@id\":\"https:\/\/www.padreeustaquio.com.br\/#\/schema\/person\/a2a51db1d00f1a7af0204a0f1ddb1566\"},\"headline\":\"Santu\u00e1rio divulga hor\u00e1rios das missas do dia 31 de dezembro e 1\u00ba de janeiro\",\"datePublished\":\"2022-12-28T09:25:00+00:00\",\"mainEntityOfPage\":{\"@id\":\"https:\/\/www.padreeustaquio.com.br\/santuario-divulga-horarios-das-missas-do-dia-31-de-dezembro-e-1o-de-janeiro\/\"},\"wordCount\":239,\"commentCount\":0,\"publisher\":{\"@id\":\"https:\/\/www.padreeustaquio.com.br\/#organization\"},\"image\":{\"@id\":\"https:\/\/www.padreeustaquio.com.br\/santuario-divulga-horarios-das-missas-do-dia-31-de-dezembro-e-1o-de-janeiro\/#primaryimage\"},\"thumbnailUrl\":\"https:\/\/www.padreeustaquio.com.br\/wp-content\/uploads\/2022\/12\/feliz-ano-novo.jpg\",\"articleSection\":[\"Not\u00edcias\"],\"inLanguage\":\"en-US\",\"potentialAction\":[{\"@type\":\"CommentAction\",\"name\":\"Comment\",\"target\":[\"https:\/\/www.padreeustaquio.com.br\/santuario-divulga-horarios-das-missas-do-dia-31-de-dezembro-e-1o-de-janeiro\/#respond\"]}]},{\"@type\":\"WebPage\",\"@id\":\"https:\/\/www.padreeustaquio.com.br\/santuario-divulga-horarios-das-missas-do-dia-31-de-dezembro-e-1o-de-janeiro\/\",\"url\":\"https:\/\/www.padreeustaquio.com.br\/santuario-divulga-horarios-das-missas-do-dia-31-de-dezembro-e-1o-de-janeiro\/\",\"name\":\"Santu\u00e1rio divulga hor\u00e1rios das missas do dia 31 de dezembro e 1\u00ba de janeiro\",\"isPartOf\":{\"@id\":\"https:\/\/www.padreeustaquio.com.br\/#website\"},\"primaryImageOfPage\":{\"@id\":\"https:\/\/www.padreeustaquio.com.br\/santuario-divulga-horarios-das-missas-do-dia-31-de-dezembro-e-1o-de-janeiro\/#primaryimage\"},\"image\":{\"@id\":\"https:\/\/www.padreeustaquio.com.br\/santuario-divulga-horarios-das-missas-do-dia-31-de-dezembro-e-1o-de-janeiro\/#primaryimage\"},\"thumbnailUrl\":\"https:\/\/www.padreeustaquio.com.br\/wp-content\/uploads\/2022\/12\/feliz-ano-novo.jpg\",\"datePublished\":\"2022-12-28T09:25:00+00:00\",\"description\":\"No s\u00e1bado, pela manh\u00e3, \u00e0s 7h, haver\u00e1 a celebra\u00e7\u00e3o normal do s\u00e9timo dia da Oitava do Natal. J\u00e1 \u00e0 tarde teremos a Santa Missa da Solenidade de Santa Maria M\u00e3e de Deus, \u00e0s 19h.\u00a0Aten\u00e7\u00e3o, neste dia N\u00c3O HAVER\u00c1 MISSA \u00c0S 17h, SOMENTE \u00c0S 19h. No domingo, dia 1\u00ba de janeiro, as missas ocorrer\u00e3o nos hor\u00e1rios de costume: 7h, 8h30, 10h, 17h e 19h, tamb\u00e9m celebrando Santa Maria M\u00e3e de Deus.\",\"breadcrumb\":{\"@id\":\"https:\/\/www.padreeustaquio.com.br\/santuario-divulga-horarios-das-missas-do-dia-31-de-dezembro-e-1o-de-janeiro\/#breadcrumb\"},\"inLanguage\":\"en-US\",\"potentialAction\":[{\"@type\":\"ReadAction\",\"target\":[\"https:\/\/www.padreeustaquio.com.br\/santuario-divulga-horarios-das-missas-do-dia-31-de-dezembro-e-1o-de-janeiro\/\"]}]},{\"@type\":\"ImageObject\",\"inLanguage\":\"en-US\",\"@id\":\"https:\/\/www.padreeustaquio.com.br\/santuario-divulga-horarios-das-missas-do-dia-31-de-dezembro-e-1o-de-janeiro\/#primaryimage\",\"url\":\"https:\/\/www.padreeustaquio.com.br\/wp-content\/uploads\/2022\/12\/feliz-ano-novo.jpg\",\"contentUrl\":\"https:\/\/www.padreeustaquio.com.br\/wp-content\/uploads\/2022\/12\/feliz-ano-novo.jpg\",\"width\":960,\"height\":613},{\"@type\":\"BreadcrumbList\",\"@id\":\"https:\/\/www.padreeustaquio.com.br\/santuario-divulga-horarios-das-missas-do-dia-31-de-dezembro-e-1o-de-janeiro\/#breadcrumb\",\"itemListElement\":[{\"@type\":\"ListItem\",\"position\":1,\"name\":\"In\u00edcio\",\"item\":\"https:\/\/www.padreeustaquio.com.br\/\"},{\"@type\":\"ListItem\",\"position\":2,\"name\":\"Santu\u00e1rio divulga hor\u00e1rios das missas do dia 31 de dezembro e 1\u00ba de janeiro\"}]},{\"@type\":\"WebSite\",\"@id\":\"https:\/\/www.padreeustaquio.com.br\/#website\",\"url\":\"https:\/\/www.padreeustaquio.com.br\/\",\"name\":\"Padre Eust\u00e1quio\",\"description\":\"Sa\u00fade e Paz\",\"publisher\":{\"@id\":\"https:\/\/www.padreeustaquio.com.br\/#organization\"},\"potentialAction\":[{\"@type\":\"SearchAction\",\"target\":{\"@type\":\"EntryPoint\",\"urlTemplate\":\"https:\/\/www.padreeustaquio.com.br\/?s={search_term_string}\"},\"query-input\":{\"@type\":\"PropertyValueSpecification\",\"valueRequired\":true,\"valueName\":\"search_term_string\"}}],\"inLanguage\":\"en-US\"},{\"@type\":\"Organization\",\"@id\":\"https:\/\/www.padreeustaquio.com.br\/#organization\",\"name\":\"Padre Eust\u00e1quio\",\"url\":\"https:\/\/www.padreeustaquio.com.br\/\",\"logo\":{\"@type\":\"ImageObject\",\"inLanguage\":\"en-US\",\"@id\":\"https:\/\/www.padreeustaquio.com.br\/#\/schema\/logo\/image\/\",\"url\":\"https:\/\/www.padreeustaquio.com.br\/wp-content\/uploads\/2019\/08\/marca.png\",\"contentUrl\":\"https:\/\/www.padreeustaquio.com.br\/wp-content\/uploads\/2019\/08\/marca.png\",\"width\":350,\"height\":400,\"caption\":\"Padre Eust\u00e1quio\"},\"image\":{\"@id\":\"https:\/\/www.padreeustaquio.com.br\/#\/schema\/logo\/image\/\"},\"sameAs\":[\"https:\/\/www.facebook.com\/beatopadreeustaquio\/\",\"https:\/\/x.com\/beatopeustaquio\",\"https:\/\/www.instagram.com\/beatopadreeustaquio\/\",\"https:\/\/www.youtube.com\/channel\/UCRhw7vfabnajwLxb1ZXMeIw\"]},{\"@type\":\"Person\",\"@id\":\"https:\/\/www.padreeustaquio.com.br\/#\/schema\/person\/a2a51db1d00f1a7af0204a0f1ddb1566\",\"name\":\"@sscc\",\"image\":{\"@type\":\"ImageObject\",\"inLanguage\":\"en-US\",\"@id\":\"https:\/\/secure.gravatar.com\/avatar\/68cfafa5f44617fea54071e215026e0ff06be366c3d54a8425f04fdcb86f8c5f?s=96&d=mm&r=g\",\"url\":\"https:\/\/secure.gravatar.com\/avatar\/68cfafa5f44617fea54071e215026e0ff06be366c3d54a8425f04fdcb86f8c5f?s=96&d=mm&r=g\",\"contentUrl\":\"https:\/\/secure.gravatar.com\/avatar\/68cfafa5f44617fea54071e215026e0ff06be366c3d54a8425f04fdcb86f8c5f?s=96&d=mm&r=g\",\"caption\":\"@sscc\"},\"url\":\"https:\/\/www.padreeustaquio.com.br\/en\/author\/sscc\/\"}]}<\/script>\n<!-- \/ Yoast SEO plugin. -->","yoast_head_json":{"title":"Sanctuary announces Mass times for December 31st and January 1st.","description":"On Saturday morning, at 7:00 AM, there will be the usual celebration of the seventh day of the Octave of Christmas. In the afternoon, we will have the Holy Mass for the Solemnity of Mary, Mother of God, at 7:00 PM. Please note that on this day there will be NO MASS AT 5:00 PM, ONLY AT 7:00 PM. On Sunday, January 1st, Masses will be held at the usual times: 7:00 AM, 8:30 AM, 10:00 AM, 5:00 PM, and 7:00 PM, also celebrating Mary, Mother of God.","robots":{"index":"index","follow":"follow","max-snippet":"max-snippet:-1","max-image-preview":"max-image-preview:large","max-video-preview":"max-video-preview:-1"},"canonical":"https:\/\/www.padreeustaquio.com.br\/en\/the-sanctuary-announces-the-mass-schedule-for-december-31st-and-january-1st\/","og_locale":"en_US","og_type":"article","og_title":"Santu\u00e1rio divulga hor\u00e1rios das missas do dia 31 de dezembro e 1\u00ba de janeiro","og_description":"No s\u00e1bado, pela manh\u00e3, \u00e0s 7h, haver\u00e1 a celebra\u00e7\u00e3o normal do s\u00e9timo dia da Oitava do Natal. J\u00e1 \u00e0 tarde teremos a Santa Missa da Solenidade de Santa Maria M\u00e3e de Deus, \u00e0s 19h.\u00a0Aten\u00e7\u00e3o, neste dia N\u00c3O HAVER\u00c1 MISSA \u00c0S 17h, SOMENTE \u00c0S 19h. No domingo, dia 1\u00ba de janeiro, as missas ocorrer\u00e3o nos hor\u00e1rios de costume: 7h, 8h30, 10h, 17h e 19h, tamb\u00e9m celebrando Santa Maria M\u00e3e de Deus.","og_url":"https:\/\/www.padreeustaquio.com.br\/en\/the-sanctuary-announces-the-mass-schedule-for-december-31st-and-january-1st\/","og_site_name":"Padre Eust\u00e1quio","article_publisher":"https:\/\/www.facebook.com\/beatopadreeustaquio\/","article_published_time":"2022-12-28T09:25:00+00:00","og_image":[{"width":960,"height":613,"url":"https:\/\/www.padreeustaquio.com.br\/wp-content\/uploads\/2022\/12\/feliz-ano-novo.jpg","type":"image\/jpeg"}],"author":"@sscc","twitter_card":"summary_large_image","twitter_creator":"@beatopeustaquio","twitter_site":"@beatopeustaquio","twitter_misc":{"Written by":"@sscc","Est. reading time":"1 minute"},"schema":{"@context":"https:\/\/schema.org","@graph":[{"@type":"Article","@id":"https:\/\/www.padreeustaquio.com.br\/santuario-divulga-horarios-das-missas-do-dia-31-de-dezembro-e-1o-de-janeiro\/#article","isPartOf":{"@id":"https:\/\/www.padreeustaquio.com.br\/santuario-divulga-horarios-das-missas-do-dia-31-de-dezembro-e-1o-de-janeiro\/"},"author":{"name":"@sscc","@id":"https:\/\/www.padreeustaquio.com.br\/#\/schema\/person\/a2a51db1d00f1a7af0204a0f1ddb1566"},"headline":"Santu\u00e1rio divulga hor\u00e1rios das missas do dia 31 de dezembro e 1\u00ba de janeiro","datePublished":"2022-12-28T09:25:00+00:00","mainEntityOfPage":{"@id":"https:\/\/www.padreeustaquio.com.br\/santuario-divulga-horarios-das-missas-do-dia-31-de-dezembro-e-1o-de-janeiro\/"},"wordCount":239,"commentCount":0,"publisher":{"@id":"https:\/\/www.padreeustaquio.com.br\/#organization"},"image":{"@id":"https:\/\/www.padreeustaquio.com.br\/santuario-divulga-horarios-das-missas-do-dia-31-de-dezembro-e-1o-de-janeiro\/#primaryimage"},"thumbnailUrl":"https:\/\/www.padreeustaquio.com.br\/wp-content\/uploads\/2022\/12\/feliz-ano-novo.jpg","articleSection":["Not\u00edcias"],"inLanguage":"en-US","potentialAction":[{"@type":"CommentAction","name":"Comment","target":["https:\/\/www.padreeustaquio.com.br\/santuario-divulga-horarios-das-missas-do-dia-31-de-dezembro-e-1o-de-janeiro\/#respond"]}]},{"@type":"WebPage","@id":"https:\/\/www.padreeustaquio.com.br\/santuario-divulga-horarios-das-missas-do-dia-31-de-dezembro-e-1o-de-janeiro\/","url":"https:\/\/www.padreeustaquio.com.br\/santuario-divulga-horarios-das-missas-do-dia-31-de-dezembro-e-1o-de-janeiro\/","name":"Sanctuary announces Mass times for December 31st and January 1st.","isPartOf":{"@id":"https:\/\/www.padreeustaquio.com.br\/#website"},"primaryImageOfPage":{"@id":"https:\/\/www.padreeustaquio.com.br\/santuario-divulga-horarios-das-missas-do-dia-31-de-dezembro-e-1o-de-janeiro\/#primaryimage"},"image":{"@id":"https:\/\/www.padreeustaquio.com.br\/santuario-divulga-horarios-das-missas-do-dia-31-de-dezembro-e-1o-de-janeiro\/#primaryimage"},"thumbnailUrl":"https:\/\/www.padreeustaquio.com.br\/wp-content\/uploads\/2022\/12\/feliz-ano-novo.jpg","datePublished":"2022-12-28T09:25:00+00:00","description":"On Saturday morning, at 7:00 AM, there will be the usual celebration of the seventh day of the Octave of Christmas. In the afternoon, we will have the Holy Mass for the Solemnity of Mary, Mother of God, at 7:00 PM. Please note that on this day there will be NO MASS AT 5:00 PM, ONLY AT 7:00 PM. On Sunday, January 1st, Masses will be held at the usual times: 7:00 AM, 8:30 AM, 10:00 AM, 5:00 PM, and 7:00 PM, also celebrating Mary, Mother of God.","breadcrumb":{"@id":"https:\/\/www.padreeustaquio.com.br\/santuario-divulga-horarios-das-missas-do-dia-31-de-dezembro-e-1o-de-janeiro\/#breadcrumb"},"inLanguage":"en-US","potentialAction":[{"@type":"ReadAction","target":["https:\/\/www.padreeustaquio.com.br\/santuario-divulga-horarios-das-missas-do-dia-31-de-dezembro-e-1o-de-janeiro\/"]}]},{"@type":"ImageObject","inLanguage":"en-US","@id":"https:\/\/www.padreeustaquio.com.br\/santuario-divulga-horarios-das-missas-do-dia-31-de-dezembro-e-1o-de-janeiro\/#primaryimage","url":"https:\/\/www.padreeustaquio.com.br\/wp-content\/uploads\/2022\/12\/feliz-ano-novo.jpg","contentUrl":"https:\/\/www.padreeustaquio.com.br\/wp-content\/uploads\/2022\/12\/feliz-ano-novo.jpg","width":960,"height":613},{"@type":"BreadcrumbList","@id":"https:\/\/www.padreeustaquio.com.br\/santuario-divulga-horarios-das-missas-do-dia-31-de-dezembro-e-1o-de-janeiro\/#breadcrumb","itemListElement":[{"@type":"ListItem","position":1,"name":"In\u00edcio","item":"https:\/\/www.padreeustaquio.com.br\/"},{"@type":"ListItem","position":2,"name":"Santu\u00e1rio divulga hor\u00e1rios das missas do dia 31 de dezembro e 1\u00ba de janeiro"}]},{"@type":"WebSite","@id":"https:\/\/www.padreeustaquio.com.br\/#website","url":"https:\/\/www.padreeustaquio.com.br\/","name":"FATHER EUST\u00c1QUIO","description":"Health and Peace","publisher":{"@id":"https:\/\/www.padreeustaquio.com.br\/#organization"},"potentialAction":[{"@type":"SearchAction","target":{"@type":"EntryPoint","urlTemplate":"https:\/\/www.padreeustaquio.com.br\/?s={search_term_string}"},"query-input":{"@type":"PropertyValueSpecification","valueRequired":true,"valueName":"search_term_string"}}],"inLanguage":"en-US"},{"@type":"Organization","@id":"https:\/\/www.padreeustaquio.com.br\/#organization","name":"FATHER EUST\u00c1QUIO","url":"https:\/\/www.padreeustaquio.com.br\/","logo":{"@type":"ImageObject","inLanguage":"en-US","@id":"https:\/\/www.padreeustaquio.com.br\/#\/schema\/logo\/image\/","url":"https:\/\/www.padreeustaquio.com.br\/wp-content\/uploads\/2019\/08\/marca.png","contentUrl":"https:\/\/www.padreeustaquio.com.br\/wp-content\/uploads\/2019\/08\/marca.png","width":350,"height":400,"caption":"Padre Eust\u00e1quio"},"image":{"@id":"https:\/\/www.padreeustaquio.com.br\/#\/schema\/logo\/image\/"},"sameAs":["https:\/\/www.facebook.com\/beatopadreeustaquio\/","https:\/\/x.com\/beatopeustaquio","https:\/\/www.instagram.com\/beatopadreeustaquio\/","https:\/\/www.youtube.com\/channel\/UCRhw7vfabnajwLxb1ZXMeIw"]},{"@type":"Person","@id":"https:\/\/www.padreeustaquio.com.br\/#\/schema\/person\/a2a51db1d00f1a7af0204a0f1ddb1566","name":"@sscc","image":{"@type":"ImageObject","inLanguage":"en-US","@id":"https:\/\/secure.gravatar.com\/avatar\/68cfafa5f44617fea54071e215026e0ff06be366c3d54a8425f04fdcb86f8c5f?s=96&d=mm&r=g","url":"https:\/\/secure.gravatar.com\/avatar\/68cfafa5f44617fea54071e215026e0ff06be366c3d54a8425f04fdcb86f8c5f?s=96&d=mm&r=g","contentUrl":"https:\/\/secure.gravatar.com\/avatar\/68cfafa5f44617fea54071e215026e0ff06be366c3d54a8425f04fdcb86f8c5f?s=96&d=mm&r=g","caption":"@sscc"},"url":"https:\/\/www.padreeustaquio.com.br\/en\/author\/sscc\/"}]}},"_links":{"self":[{"href":"https:\/\/www.padreeustaquio.com.br\/en\/wp-json\/wp\/v2\/posts\/9691","targetHints":{"allow":["GET"]}}],"collection":[{"href":"https:\/\/www.padreeustaquio.com.br\/en\/wp-json\/wp\/v2\/posts"}],"about":[{"href":"https:\/\/www.padreeustaquio.com.br\/en\/wp-json\/wp\/v2\/types\/post"}],"author":[{"embeddable":true,"href":"https:\/\/www.padreeustaquio.com.br\/en\/wp-json\/wp\/v2\/users\/2"}],"replies":[{"embeddable":true,"href":"https:\/\/www.padreeustaquio.com.br\/en\/wp-json\/wp\/v2\/comments?post=9691"}],"version-history":[{"count":0,"href":"https:\/\/www.padreeustaquio.com.br\/en\/wp-json\/wp\/v2\/posts\/9691\/revisions"}],"wp:featuredmedia":[{"embeddable":true,"href":"https:\/\/www.padreeustaquio.com.br\/en\/wp-json\/wp\/v2\/media\/9692"}],"wp:attachment":[{"href":"https:\/\/www.padreeustaquio.com.br\/en\/wp-json\/wp\/v2\/media?parent=9691"}],"wp:term":[{"taxonomy":"category","embeddable":true,"href":"https:\/\/www.padreeustaquio.com.br\/en\/wp-json\/wp\/v2\/categories?post=9691"},{"taxonomy":"post_tag","embeddable":true,"href":"https:\/\/www.padreeustaquio.com.br\/en\/wp-json\/wp\/v2\/tags?post=9691"}],"curies":[{"name":"wp","href":"https:\/\/api.w.org\/{rel}","templated":true}]}}