{"id":9688,"date":"2022-12-27T06:30:00","date_gmt":"2022-12-27T09:30:00","guid":{"rendered":"https:\/\/www.padreeustaquio.com.br\/?p=9688"},"modified":"2022-12-23T07:38:55","modified_gmt":"2022-12-23T10:38:55","slug":"father-andrzej-lukawski-speaks-about-devotion-to-father-eustaquio-in-brazil","status":"publish","type":"post","link":"https:\/\/www.padreeustaquio.com.br\/en\/father-andrzej-lukawski-speaks-about-devotion-to-father-eustaquio-in-brazil\/","title":{"rendered":"Father Andrzej Lukawski speaks about devotion to Father Eust\u00e1quio in Brazil."},"content":{"rendered":"<p>During a visit to Brazil, Father Andrzej Lukawski, Postulator and Procurator General of the Congregation of the Sacred Hearts, was touched by the devotion to Blessed Father Eustace. He was impressed by the mobilization of the Blessed&#039;s faithful and how the devotion to the Missionary of Health and Peace bore fruit.<\/p>\n\n\n\n<p>During the visit, he also asked for the prayers of all devotees so that a new miracle may be recognized by the Vatican, allowing Father Eust\u00e1quio to finally be consecrated a Saint of the Catholic Church.<\/p>\n\n\n\n<p>Read an excerpt from Father Andrzej Lukawski&#039;s homily at the Feast of Blessed Father Eustace in 2022:<\/p>\n\n\n\n<p><em>\u201cThis is the second time I have come to Belo Horizonte. The first was for the beatification in 2006. I was very grateful to God for the opportunity to participate in this important and joyful event, which was only achieved thanks to your devotion to Father Eust\u00e1quio. Since then, my heart has been repeating the words of the hymn&#039;s refrain: \u201cPray for us, Father Eust\u00e1quio, watch over us with love, we trust in your goodness before God, our intercessor.\u201d Indeed, he is our great intercessor before God, in whom we can count on and entrust our prayers.\u201d.<\/em><\/p>\n\n\n\n<p><em>He always intercedes for us, and this is so clear in the testimonies of the faithful. I am happy to see that requests for relics are gradually increasing outside of Brazil as well, because it is a sign that Father Eust\u00e1quio is becoming known in other parts of the world. However, we continue to await a miracle necessary for his canonization, to be presented to the Vatican Dicastery for the Causes of Saints.<\/em><\/p>\n\n\n\n<p><em>I personally believe that this day is near, but we must remain in prayer and ask God for the intercession of Blessed Father Eustace in cases of serious illness. We must not be discouraged if God does not hear our prayers immediately; He has His own time and ways of acting. For our part, it is up to us to believe completely in Him and wait patiently, following the example of Blessed Father Eustace with humility and persistence. \u201cAsk and it will be given to you,\u201d these are not my words, but the words of Jesus himself. May these words be sufficient for us.\u201d<\/em><\/p>\n\n\n\n<p>You can watch the complete homily here on the Padre Eust\u00e1quio Channel. <a href=\"https:\/\/www.youtube.com\/watch?v=Ok3VU_Nw3N4&amp;t=3077s\" target=\"_blank\" rel=\"noreferrer noopener\">CLICK HERE<\/a> (starting at 53&#039;30&quot;).<\/p>\n\n\n\n<p><\/p>","protected":false},"excerpt":{"rendered":"<p>Durante visita ao Brasil, Padre Andrzej Lukawski, Postulador e Procurador-Geral da Congrega\u00e7\u00e3o dos Sagrados Cora\u00e7\u00f5es, foi tocado pela devo\u00e7\u00e3o ao Bem-aventurado Padre Eust\u00e1quio. Ele ficou impressionado pela mobiliza\u00e7\u00e3o dos fi\u00e9is do Beato e como a devo\u00e7\u00e3o ao Mission\u00e1rio da Sa\u00fade e da Paz rendeu frutos. Durante a visita ele pediu ainda a ora\u00e7\u00e3o de todos os devotos para que um novo milagre seja reconhecido pelo Vaticano para que Padre Eust\u00e1quio possa, enfim, ser sagrado um Santo da Igreja Cat\u00f3lica. Leia um trecho da homilia do Padre Andrzej Lukawski na Festa do Beato Padre Eust\u00e1quio de 2022: \u201cEsta \u00e9 a segunda [&hellip;]<\/p>\n","protected":false},"author":2,"featured_media":9689,"comment_status":"open","ping_status":"closed","sticky":false,"template":"","format":"standard","meta":{"_acf_changed":false,"footnotes":""},"categories":[611],"tags":[],"class_list":["post-9688","post","type-post","status-publish","format-standard","has-post-thumbnail","hentry","category-noticias"],"acf":[],"yoast_head":"<!-- This site is optimized with the Yoast SEO plugin v27.2 - https:\/\/yoast.com\/product\/yoast-seo-wordpress\/ -->\n<title>Padre Andrzej Lukawski fala sobre devo\u00e7\u00e3o \u00e0 Padre Eust\u00e1quio no Brasil<\/title>\n<meta name=\"description\" content=\"Durante visita ao Brasil, Padre Andrzej Lukawski, Postulador e Procurador-Geral da Congrega\u00e7\u00e3o dos Sagrados Cora\u00e7\u00f5es, foi tocado pela devo\u00e7\u00e3o ao Bem-aventurado Padre Eust\u00e1quio. Ele ficou impressionado pela mobiliza\u00e7\u00e3o dos fi\u00e9is do Beato e como a devo\u00e7\u00e3o ao Mission\u00e1rio da Sa\u00fade e da Paz rendeu frutos.\" \/>\n<meta name=\"robots\" content=\"index, follow, max-snippet:-1, max-image-preview:large, max-video-preview:-1\" \/>\n<link rel=\"canonical\" href=\"https:\/\/www.padreeustaquio.com.br\/en\/father-andrzej-lukawski-speaks-about-devotion-to-father-eustaquio-in-brazil\/\" \/>\n<meta property=\"og:locale\" content=\"en_US\" \/>\n<meta property=\"og:type\" content=\"article\" \/>\n<meta property=\"og:title\" content=\"Padre Andrzej Lukawski fala sobre devo\u00e7\u00e3o \u00e0 Padre Eust\u00e1quio no Brasil\" \/>\n<meta property=\"og:description\" content=\"Durante visita ao Brasil, Padre Andrzej Lukawski, Postulador e Procurador-Geral da Congrega\u00e7\u00e3o dos Sagrados Cora\u00e7\u00f5es, foi tocado pela devo\u00e7\u00e3o ao Bem-aventurado Padre Eust\u00e1quio. Ele ficou impressionado pela mobiliza\u00e7\u00e3o dos fi\u00e9is do Beato e como a devo\u00e7\u00e3o ao Mission\u00e1rio da Sa\u00fade e da Paz rendeu frutos.\" \/>\n<meta property=\"og:url\" content=\"https:\/\/www.padreeustaquio.com.br\/en\/father-andrzej-lukawski-speaks-about-devotion-to-father-eustaquio-in-brazil\/\" \/>\n<meta property=\"og:site_name\" content=\"Padre Eust\u00e1quio\" \/>\n<meta property=\"article:publisher\" content=\"https:\/\/www.facebook.com\/beatopadreeustaquio\/\" \/>\n<meta property=\"article:published_time\" content=\"2022-12-27T09:30:00+00:00\" \/>\n<meta property=\"og:image\" content=\"https:\/\/www.padreeustaquio.com.br\/wp-content\/uploads\/2022\/12\/Padre-Andrzj-e1671791901799.jpeg\" \/>\n\t<meta property=\"og:image:width\" content=\"1241\" \/>\n\t<meta property=\"og:image:height\" content=\"624\" \/>\n\t<meta property=\"og:image:type\" content=\"image\/jpeg\" \/>\n<meta name=\"author\" content=\"@sscc\" \/>\n<meta name=\"twitter:card\" content=\"summary_large_image\" \/>\n<meta name=\"twitter:creator\" content=\"@beatopeustaquio\" \/>\n<meta name=\"twitter:site\" content=\"@beatopeustaquio\" \/>\n<meta name=\"twitter:label1\" content=\"Written by\" \/>\n\t<meta name=\"twitter:data1\" content=\"@sscc\" \/>\n\t<meta name=\"twitter:label2\" content=\"Est. reading time\" \/>\n\t<meta name=\"twitter:data2\" content=\"2 minutes\" \/>\n<script type=\"application\/ld+json\" class=\"yoast-schema-graph\">{\"@context\":\"https:\/\/schema.org\",\"@graph\":[{\"@type\":\"Article\",\"@id\":\"https:\/\/www.padreeustaquio.com.br\/padre-andrzej-lukawski-fala-sobre-devocao-a-padre-eustaquio-no-brasil\/#article\",\"isPartOf\":{\"@id\":\"https:\/\/www.padreeustaquio.com.br\/padre-andrzej-lukawski-fala-sobre-devocao-a-padre-eustaquio-no-brasil\/\"},\"author\":{\"name\":\"@sscc\",\"@id\":\"https:\/\/www.padreeustaquio.com.br\/#\/schema\/person\/a2a51db1d00f1a7af0204a0f1ddb1566\"},\"headline\":\"Padre Andrzej Lukawski fala sobre devo\u00e7\u00e3o \u00e0 Padre Eust\u00e1quio no Brasil\",\"datePublished\":\"2022-12-27T09:30:00+00:00\",\"mainEntityOfPage\":{\"@id\":\"https:\/\/www.padreeustaquio.com.br\/padre-andrzej-lukawski-fala-sobre-devocao-a-padre-eustaquio-no-brasil\/\"},\"wordCount\":426,\"commentCount\":0,\"publisher\":{\"@id\":\"https:\/\/www.padreeustaquio.com.br\/#organization\"},\"image\":{\"@id\":\"https:\/\/www.padreeustaquio.com.br\/padre-andrzej-lukawski-fala-sobre-devocao-a-padre-eustaquio-no-brasil\/#primaryimage\"},\"thumbnailUrl\":\"https:\/\/www.padreeustaquio.com.br\/wp-content\/uploads\/2022\/12\/Padre-Andrzj-e1671791901799.jpeg\",\"articleSection\":[\"Not\u00edcias\"],\"inLanguage\":\"en-US\",\"potentialAction\":[{\"@type\":\"CommentAction\",\"name\":\"Comment\",\"target\":[\"https:\/\/www.padreeustaquio.com.br\/padre-andrzej-lukawski-fala-sobre-devocao-a-padre-eustaquio-no-brasil\/#respond\"]}]},{\"@type\":\"WebPage\",\"@id\":\"https:\/\/www.padreeustaquio.com.br\/padre-andrzej-lukawski-fala-sobre-devocao-a-padre-eustaquio-no-brasil\/\",\"url\":\"https:\/\/www.padreeustaquio.com.br\/padre-andrzej-lukawski-fala-sobre-devocao-a-padre-eustaquio-no-brasil\/\",\"name\":\"Padre Andrzej Lukawski fala sobre devo\u00e7\u00e3o \u00e0 Padre Eust\u00e1quio no Brasil\",\"isPartOf\":{\"@id\":\"https:\/\/www.padreeustaquio.com.br\/#website\"},\"primaryImageOfPage\":{\"@id\":\"https:\/\/www.padreeustaquio.com.br\/padre-andrzej-lukawski-fala-sobre-devocao-a-padre-eustaquio-no-brasil\/#primaryimage\"},\"image\":{\"@id\":\"https:\/\/www.padreeustaquio.com.br\/padre-andrzej-lukawski-fala-sobre-devocao-a-padre-eustaquio-no-brasil\/#primaryimage\"},\"thumbnailUrl\":\"https:\/\/www.padreeustaquio.com.br\/wp-content\/uploads\/2022\/12\/Padre-Andrzj-e1671791901799.jpeg\",\"datePublished\":\"2022-12-27T09:30:00+00:00\",\"description\":\"Durante visita ao Brasil, Padre Andrzej Lukawski, Postulador e Procurador-Geral da Congrega\u00e7\u00e3o dos Sagrados Cora\u00e7\u00f5es, foi tocado pela devo\u00e7\u00e3o ao Bem-aventurado Padre Eust\u00e1quio. Ele ficou impressionado pela mobiliza\u00e7\u00e3o dos fi\u00e9is do Beato e como a devo\u00e7\u00e3o ao Mission\u00e1rio da Sa\u00fade e da Paz rendeu frutos.\",\"breadcrumb\":{\"@id\":\"https:\/\/www.padreeustaquio.com.br\/padre-andrzej-lukawski-fala-sobre-devocao-a-padre-eustaquio-no-brasil\/#breadcrumb\"},\"inLanguage\":\"en-US\",\"potentialAction\":[{\"@type\":\"ReadAction\",\"target\":[\"https:\/\/www.padreeustaquio.com.br\/padre-andrzej-lukawski-fala-sobre-devocao-a-padre-eustaquio-no-brasil\/\"]}]},{\"@type\":\"ImageObject\",\"inLanguage\":\"en-US\",\"@id\":\"https:\/\/www.padreeustaquio.com.br\/padre-andrzej-lukawski-fala-sobre-devocao-a-padre-eustaquio-no-brasil\/#primaryimage\",\"url\":\"https:\/\/www.padreeustaquio.com.br\/wp-content\/uploads\/2022\/12\/Padre-Andrzj-e1671791901799.jpeg\",\"contentUrl\":\"https:\/\/www.padreeustaquio.com.br\/wp-content\/uploads\/2022\/12\/Padre-Andrzj-e1671791901799.jpeg\",\"width\":1241,\"height\":624},{\"@type\":\"BreadcrumbList\",\"@id\":\"https:\/\/www.padreeustaquio.com.br\/padre-andrzej-lukawski-fala-sobre-devocao-a-padre-eustaquio-no-brasil\/#breadcrumb\",\"itemListElement\":[{\"@type\":\"ListItem\",\"position\":1,\"name\":\"In\u00edcio\",\"item\":\"https:\/\/www.padreeustaquio.com.br\/\"},{\"@type\":\"ListItem\",\"position\":2,\"name\":\"Padre Andrzej Lukawski fala sobre devo\u00e7\u00e3o \u00e0 Padre Eust\u00e1quio no Brasil\"}]},{\"@type\":\"WebSite\",\"@id\":\"https:\/\/www.padreeustaquio.com.br\/#website\",\"url\":\"https:\/\/www.padreeustaquio.com.br\/\",\"name\":\"Padre Eust\u00e1quio\",\"description\":\"Sa\u00fade e Paz\",\"publisher\":{\"@id\":\"https:\/\/www.padreeustaquio.com.br\/#organization\"},\"potentialAction\":[{\"@type\":\"SearchAction\",\"target\":{\"@type\":\"EntryPoint\",\"urlTemplate\":\"https:\/\/www.padreeustaquio.com.br\/?s={search_term_string}\"},\"query-input\":{\"@type\":\"PropertyValueSpecification\",\"valueRequired\":true,\"valueName\":\"search_term_string\"}}],\"inLanguage\":\"en-US\"},{\"@type\":\"Organization\",\"@id\":\"https:\/\/www.padreeustaquio.com.br\/#organization\",\"name\":\"Padre Eust\u00e1quio\",\"url\":\"https:\/\/www.padreeustaquio.com.br\/\",\"logo\":{\"@type\":\"ImageObject\",\"inLanguage\":\"en-US\",\"@id\":\"https:\/\/www.padreeustaquio.com.br\/#\/schema\/logo\/image\/\",\"url\":\"https:\/\/www.padreeustaquio.com.br\/wp-content\/uploads\/2019\/08\/marca.png\",\"contentUrl\":\"https:\/\/www.padreeustaquio.com.br\/wp-content\/uploads\/2019\/08\/marca.png\",\"width\":350,\"height\":400,\"caption\":\"Padre Eust\u00e1quio\"},\"image\":{\"@id\":\"https:\/\/www.padreeustaquio.com.br\/#\/schema\/logo\/image\/\"},\"sameAs\":[\"https:\/\/www.facebook.com\/beatopadreeustaquio\/\",\"https:\/\/x.com\/beatopeustaquio\",\"https:\/\/www.instagram.com\/beatopadreeustaquio\/\",\"https:\/\/www.youtube.com\/channel\/UCRhw7vfabnajwLxb1ZXMeIw\"]},{\"@type\":\"Person\",\"@id\":\"https:\/\/www.padreeustaquio.com.br\/#\/schema\/person\/a2a51db1d00f1a7af0204a0f1ddb1566\",\"name\":\"@sscc\",\"image\":{\"@type\":\"ImageObject\",\"inLanguage\":\"en-US\",\"@id\":\"https:\/\/secure.gravatar.com\/avatar\/68cfafa5f44617fea54071e215026e0ff06be366c3d54a8425f04fdcb86f8c5f?s=96&d=mm&r=g\",\"url\":\"https:\/\/secure.gravatar.com\/avatar\/68cfafa5f44617fea54071e215026e0ff06be366c3d54a8425f04fdcb86f8c5f?s=96&d=mm&r=g\",\"contentUrl\":\"https:\/\/secure.gravatar.com\/avatar\/68cfafa5f44617fea54071e215026e0ff06be366c3d54a8425f04fdcb86f8c5f?s=96&d=mm&r=g\",\"caption\":\"@sscc\"},\"url\":\"https:\/\/www.padreeustaquio.com.br\/en\/author\/sscc\/\"}]}<\/script>\n<!-- \/ Yoast SEO plugin. -->","yoast_head_json":{"title":"Father Andrzej Lukawski speaks about devotion to Father Eust\u00e1quio in Brazil.","description":"During a visit to Brazil, Father Andrzej Lukawski, Postulator and Procurator General of the Congregation of the Sacred Hearts, was touched by the devotion to Blessed Father Eustace. He was impressed by the mobilization of the Blessed&#039;s faithful and how the devotion to the Missionary of Health and Peace bore fruit.","robots":{"index":"index","follow":"follow","max-snippet":"max-snippet:-1","max-image-preview":"max-image-preview:large","max-video-preview":"max-video-preview:-1"},"canonical":"https:\/\/www.padreeustaquio.com.br\/en\/father-andrzej-lukawski-speaks-about-devotion-to-father-eustaquio-in-brazil\/","og_locale":"en_US","og_type":"article","og_title":"Padre Andrzej Lukawski fala sobre devo\u00e7\u00e3o \u00e0 Padre Eust\u00e1quio no Brasil","og_description":"Durante visita ao Brasil, Padre Andrzej Lukawski, Postulador e Procurador-Geral da Congrega\u00e7\u00e3o dos Sagrados Cora\u00e7\u00f5es, foi tocado pela devo\u00e7\u00e3o ao Bem-aventurado Padre Eust\u00e1quio. Ele ficou impressionado pela mobiliza\u00e7\u00e3o dos fi\u00e9is do Beato e como a devo\u00e7\u00e3o ao Mission\u00e1rio da Sa\u00fade e da Paz rendeu frutos.","og_url":"https:\/\/www.padreeustaquio.com.br\/en\/father-andrzej-lukawski-speaks-about-devotion-to-father-eustaquio-in-brazil\/","og_site_name":"Padre Eust\u00e1quio","article_publisher":"https:\/\/www.facebook.com\/beatopadreeustaquio\/","article_published_time":"2022-12-27T09:30:00+00:00","og_image":[{"width":1241,"height":624,"url":"https:\/\/www.padreeustaquio.com.br\/wp-content\/uploads\/2022\/12\/Padre-Andrzj-e1671791901799.jpeg","type":"image\/jpeg"}],"author":"@sscc","twitter_card":"summary_large_image","twitter_creator":"@beatopeustaquio","twitter_site":"@beatopeustaquio","twitter_misc":{"Written by":"@sscc","Est. reading time":"2 minutes"},"schema":{"@context":"https:\/\/schema.org","@graph":[{"@type":"Article","@id":"https:\/\/www.padreeustaquio.com.br\/padre-andrzej-lukawski-fala-sobre-devocao-a-padre-eustaquio-no-brasil\/#article","isPartOf":{"@id":"https:\/\/www.padreeustaquio.com.br\/padre-andrzej-lukawski-fala-sobre-devocao-a-padre-eustaquio-no-brasil\/"},"author":{"name":"@sscc","@id":"https:\/\/www.padreeustaquio.com.br\/#\/schema\/person\/a2a51db1d00f1a7af0204a0f1ddb1566"},"headline":"Padre Andrzej Lukawski fala sobre devo\u00e7\u00e3o \u00e0 Padre Eust\u00e1quio no Brasil","datePublished":"2022-12-27T09:30:00+00:00","mainEntityOfPage":{"@id":"https:\/\/www.padreeustaquio.com.br\/padre-andrzej-lukawski-fala-sobre-devocao-a-padre-eustaquio-no-brasil\/"},"wordCount":426,"commentCount":0,"publisher":{"@id":"https:\/\/www.padreeustaquio.com.br\/#organization"},"image":{"@id":"https:\/\/www.padreeustaquio.com.br\/padre-andrzej-lukawski-fala-sobre-devocao-a-padre-eustaquio-no-brasil\/#primaryimage"},"thumbnailUrl":"https:\/\/www.padreeustaquio.com.br\/wp-content\/uploads\/2022\/12\/Padre-Andrzj-e1671791901799.jpeg","articleSection":["Not\u00edcias"],"inLanguage":"en-US","potentialAction":[{"@type":"CommentAction","name":"Comment","target":["https:\/\/www.padreeustaquio.com.br\/padre-andrzej-lukawski-fala-sobre-devocao-a-padre-eustaquio-no-brasil\/#respond"]}]},{"@type":"WebPage","@id":"https:\/\/www.padreeustaquio.com.br\/padre-andrzej-lukawski-fala-sobre-devocao-a-padre-eustaquio-no-brasil\/","url":"https:\/\/www.padreeustaquio.com.br\/padre-andrzej-lukawski-fala-sobre-devocao-a-padre-eustaquio-no-brasil\/","name":"Father Andrzej Lukawski speaks about devotion to Father Eust\u00e1quio in Brazil.","isPartOf":{"@id":"https:\/\/www.padreeustaquio.com.br\/#website"},"primaryImageOfPage":{"@id":"https:\/\/www.padreeustaquio.com.br\/padre-andrzej-lukawski-fala-sobre-devocao-a-padre-eustaquio-no-brasil\/#primaryimage"},"image":{"@id":"https:\/\/www.padreeustaquio.com.br\/padre-andrzej-lukawski-fala-sobre-devocao-a-padre-eustaquio-no-brasil\/#primaryimage"},"thumbnailUrl":"https:\/\/www.padreeustaquio.com.br\/wp-content\/uploads\/2022\/12\/Padre-Andrzj-e1671791901799.jpeg","datePublished":"2022-12-27T09:30:00+00:00","description":"During a visit to Brazil, Father Andrzej Lukawski, Postulator and Procurator General of the Congregation of the Sacred Hearts, was touched by the devotion to Blessed Father Eustace. He was impressed by the mobilization of the Blessed&#039;s faithful and how the devotion to the Missionary of Health and Peace bore fruit.","breadcrumb":{"@id":"https:\/\/www.padreeustaquio.com.br\/padre-andrzej-lukawski-fala-sobre-devocao-a-padre-eustaquio-no-brasil\/#breadcrumb"},"inLanguage":"en-US","potentialAction":[{"@type":"ReadAction","target":["https:\/\/www.padreeustaquio.com.br\/padre-andrzej-lukawski-fala-sobre-devocao-a-padre-eustaquio-no-brasil\/"]}]},{"@type":"ImageObject","inLanguage":"en-US","@id":"https:\/\/www.padreeustaquio.com.br\/padre-andrzej-lukawski-fala-sobre-devocao-a-padre-eustaquio-no-brasil\/#primaryimage","url":"https:\/\/www.padreeustaquio.com.br\/wp-content\/uploads\/2022\/12\/Padre-Andrzj-e1671791901799.jpeg","contentUrl":"https:\/\/www.padreeustaquio.com.br\/wp-content\/uploads\/2022\/12\/Padre-Andrzj-e1671791901799.jpeg","width":1241,"height":624},{"@type":"BreadcrumbList","@id":"https:\/\/www.padreeustaquio.com.br\/padre-andrzej-lukawski-fala-sobre-devocao-a-padre-eustaquio-no-brasil\/#breadcrumb","itemListElement":[{"@type":"ListItem","position":1,"name":"In\u00edcio","item":"https:\/\/www.padreeustaquio.com.br\/"},{"@type":"ListItem","position":2,"name":"Padre Andrzej Lukawski fala sobre devo\u00e7\u00e3o \u00e0 Padre Eust\u00e1quio no Brasil"}]},{"@type":"WebSite","@id":"https:\/\/www.padreeustaquio.com.br\/#website","url":"https:\/\/www.padreeustaquio.com.br\/","name":"FATHER EUST\u00c1QUIO","description":"Health and Peace","publisher":{"@id":"https:\/\/www.padreeustaquio.com.br\/#organization"},"potentialAction":[{"@type":"SearchAction","target":{"@type":"EntryPoint","urlTemplate":"https:\/\/www.padreeustaquio.com.br\/?s={search_term_string}"},"query-input":{"@type":"PropertyValueSpecification","valueRequired":true,"valueName":"search_term_string"}}],"inLanguage":"en-US"},{"@type":"Organization","@id":"https:\/\/www.padreeustaquio.com.br\/#organization","name":"FATHER EUST\u00c1QUIO","url":"https:\/\/www.padreeustaquio.com.br\/","logo":{"@type":"ImageObject","inLanguage":"en-US","@id":"https:\/\/www.padreeustaquio.com.br\/#\/schema\/logo\/image\/","url":"https:\/\/www.padreeustaquio.com.br\/wp-content\/uploads\/2019\/08\/marca.png","contentUrl":"https:\/\/www.padreeustaquio.com.br\/wp-content\/uploads\/2019\/08\/marca.png","width":350,"height":400,"caption":"Padre Eust\u00e1quio"},"image":{"@id":"https:\/\/www.padreeustaquio.com.br\/#\/schema\/logo\/image\/"},"sameAs":["https:\/\/www.facebook.com\/beatopadreeustaquio\/","https:\/\/x.com\/beatopeustaquio","https:\/\/www.instagram.com\/beatopadreeustaquio\/","https:\/\/www.youtube.com\/channel\/UCRhw7vfabnajwLxb1ZXMeIw"]},{"@type":"Person","@id":"https:\/\/www.padreeustaquio.com.br\/#\/schema\/person\/a2a51db1d00f1a7af0204a0f1ddb1566","name":"@sscc","image":{"@type":"ImageObject","inLanguage":"en-US","@id":"https:\/\/secure.gravatar.com\/avatar\/68cfafa5f44617fea54071e215026e0ff06be366c3d54a8425f04fdcb86f8c5f?s=96&d=mm&r=g","url":"https:\/\/secure.gravatar.com\/avatar\/68cfafa5f44617fea54071e215026e0ff06be366c3d54a8425f04fdcb86f8c5f?s=96&d=mm&r=g","contentUrl":"https:\/\/secure.gravatar.com\/avatar\/68cfafa5f44617fea54071e215026e0ff06be366c3d54a8425f04fdcb86f8c5f?s=96&d=mm&r=g","caption":"@sscc"},"url":"https:\/\/www.padreeustaquio.com.br\/en\/author\/sscc\/"}]}},"_links":{"self":[{"href":"https:\/\/www.padreeustaquio.com.br\/en\/wp-json\/wp\/v2\/posts\/9688","targetHints":{"allow":["GET"]}}],"collection":[{"href":"https:\/\/www.padreeustaquio.com.br\/en\/wp-json\/wp\/v2\/posts"}],"about":[{"href":"https:\/\/www.padreeustaquio.com.br\/en\/wp-json\/wp\/v2\/types\/post"}],"author":[{"embeddable":true,"href":"https:\/\/www.padreeustaquio.com.br\/en\/wp-json\/wp\/v2\/users\/2"}],"replies":[{"embeddable":true,"href":"https:\/\/www.padreeustaquio.com.br\/en\/wp-json\/wp\/v2\/comments?post=9688"}],"version-history":[{"count":0,"href":"https:\/\/www.padreeustaquio.com.br\/en\/wp-json\/wp\/v2\/posts\/9688\/revisions"}],"wp:featuredmedia":[{"embeddable":true,"href":"https:\/\/www.padreeustaquio.com.br\/en\/wp-json\/wp\/v2\/media\/9689"}],"wp:attachment":[{"href":"https:\/\/www.padreeustaquio.com.br\/en\/wp-json\/wp\/v2\/media?parent=9688"}],"wp:term":[{"taxonomy":"category","embeddable":true,"href":"https:\/\/www.padreeustaquio.com.br\/en\/wp-json\/wp\/v2\/categories?post=9688"},{"taxonomy":"post_tag","embeddable":true,"href":"https:\/\/www.padreeustaquio.com.br\/en\/wp-json\/wp\/v2\/tags?post=9688"}],"curies":[{"name":"wp","href":"https:\/\/api.w.org\/{rel}","templated":true}]}}