{"id":9685,"date":"2022-12-26T06:19:00","date_gmt":"2022-12-26T09:19:00","guid":{"rendered":"https:\/\/www.padreeustaquio.com.br\/?p=9685"},"modified":"2022-12-23T07:28:24","modified_gmt":"2022-12-23T10:28:24","slug":"founded-on-christmas-day-in-1800-the-congregation-of-the-sacred-hearts-celebrates-its-222nd-anniversary","status":"publish","type":"post","link":"https:\/\/www.padreeustaquio.com.br\/en\/founded-on-christmas-day-in-1800-the-congregation-of-the-sacred-hearts-celebrates-its-222nd-anniversary\/","title":{"rendered":"Founded on Christmas Day 1800, the Congregation of the Sacred Hearts celebrates its 222nd anniversary."},"content":{"rendered":"<p>The Congregation of the Sacred Hearts is a religious community that currently has over a thousand Brothers and Sisters present in more than 30 countries. The SSCC family also includes an associated Secular Branch. Some of the best-known members of this family are Blessed Father Eustace, missionary of Health and Peace, and Saint Damien of Veuster, canonized in 2009, apostle to the lepers on the island of Molokai, Hawaii.<\/p>\n\n\n\n<p>In some countries the Congregation is known by the name \u201cPicpus\u201d, after the Rue de Picpus in Paris, France, where the central house was established shortly after its founding. The French provincial house of the Sisters is still there, as is a group of Brothers.<\/p>\n\n\n\n<p>The Congregation&#039;s mission can be summarized as: contemplating, living, and proclaiming the Love of God made flesh in Jesus, especially through Eucharistic Adoration and service to the most needy. Founded on Christmas Eve of 1800 by Father Coudrin and Mother Henriqueta, the Congregation unites with the entire Church for a more fraternal world.<\/p>\n\n\n\n<p>The Congregation arrived in Brazil in 1925 with the arrival of Father Eust\u00e1quio, Father Gil, and Father Matias, and was officially founded years later.<\/p>\n\n\n\n<p><\/p>\n\n\n\n<p><em>Source: sscc.edu.ec<\/em><\/p>","protected":false},"excerpt":{"rendered":"<p>A Congrega\u00e7\u00e3o dos Sagrados Cora\u00e7\u00f5es \u00e9 uma comunidade religiosa, que atualmente tem mais de mil Irm\u00e3os e Irm\u00e3s presentes em mais de 30 pa\u00edses. A fam\u00edlia SSCC tamb\u00e9m inclui um Ramo Secular associado. Alguns dos membros mais conhecidos desta fam\u00edlia s\u00e3o o Beato Padre Eust\u00e1quio, mission\u00e1rio da Sa\u00fade e da Paz e S\u00e3o Dami\u00e3o de Veuster, canonizado em 2009, ap\u00f3stolo dos leprosos na ilha de Molokai, no Hava\u00ed. Em alguns pa\u00edses a Congrega\u00e7\u00e3o \u00e9 conhecida pelo nome de \u201cPicpus\u201d, devido \u00e0 rua de Picpus, em Paris- Fran\u00e7a, onde a casa central foi estabelecida logo ap\u00f3s a funda\u00e7\u00e3o. A casa provincial [&hellip;]<\/p>\n","protected":false},"author":2,"featured_media":8889,"comment_status":"open","ping_status":"closed","sticky":false,"template":"","format":"standard","meta":{"_acf_changed":false,"footnotes":""},"categories":[611],"tags":[],"class_list":["post-9685","post","type-post","status-publish","format-standard","has-post-thumbnail","hentry","category-noticias"],"acf":[],"yoast_head":"<!-- This site is optimized with the Yoast SEO plugin v27.2 - https:\/\/yoast.com\/product\/yoast-seo-wordpress\/ -->\n<title>Fundada no Natal de 1800, Congrega\u00e7\u00e3o dos Sagrados Cora\u00e7\u00f5es completa 222 anos<\/title>\n<meta name=\"description\" content=\"A miss\u00e3o da Congrega\u00e7\u00e3o pode ser resumida como: contemplar, viver e anunciar o Amor de Deus que se fez carne em Jesus, especialmente por meio da Adora\u00e7\u00e3o Eucar\u00edstica e do servi\u00e7o aos mais necessitados. Fundada na v\u00e9spera do Natal de 1800, pelo Padre Coudrin e pela Madre Henriqueta a Congrega\u00e7\u00e3o se une a toda a Igreja por um mundo mais fraterno.\" \/>\n<meta name=\"robots\" content=\"index, follow, max-snippet:-1, max-image-preview:large, max-video-preview:-1\" \/>\n<link rel=\"canonical\" href=\"https:\/\/www.padreeustaquio.com.br\/en\/founded-on-christmas-day-in-1800-the-congregation-of-the-sacred-hearts-celebrates-its-222nd-anniversary\/\" \/>\n<meta property=\"og:locale\" content=\"en_US\" \/>\n<meta property=\"og:type\" content=\"article\" \/>\n<meta property=\"og:title\" content=\"Fundada no Natal de 1800, Congrega\u00e7\u00e3o dos Sagrados Cora\u00e7\u00f5es completa 222 anos\" \/>\n<meta property=\"og:description\" content=\"A miss\u00e3o da Congrega\u00e7\u00e3o pode ser resumida como: contemplar, viver e anunciar o Amor de Deus que se fez carne em Jesus, especialmente por meio da Adora\u00e7\u00e3o Eucar\u00edstica e do servi\u00e7o aos mais necessitados. Fundada na v\u00e9spera do Natal de 1800, pelo Padre Coudrin e pela Madre Henriqueta a Congrega\u00e7\u00e3o se une a toda a Igreja por um mundo mais fraterno.\" \/>\n<meta property=\"og:url\" content=\"https:\/\/www.padreeustaquio.com.br\/en\/founded-on-christmas-day-in-1800-the-congregation-of-the-sacred-hearts-celebrates-its-222nd-anniversary\/\" \/>\n<meta property=\"og:site_name\" content=\"Padre Eust\u00e1quio\" \/>\n<meta property=\"article:publisher\" content=\"https:\/\/www.facebook.com\/beatopadreeustaquio\/\" \/>\n<meta property=\"article:published_time\" content=\"2022-12-26T09:19:00+00:00\" \/>\n<meta property=\"og:image\" content=\"https:\/\/www.padreeustaquio.com.br\/wp-content\/uploads\/2022\/06\/Festa-SSCC-2022.jpg\" \/>\n\t<meta property=\"og:image:width\" content=\"748\" \/>\n\t<meta property=\"og:image:height\" content=\"394\" \/>\n\t<meta property=\"og:image:type\" content=\"image\/jpeg\" \/>\n<meta name=\"author\" content=\"@sscc\" \/>\n<meta name=\"twitter:card\" content=\"summary_large_image\" \/>\n<meta name=\"twitter:creator\" content=\"@beatopeustaquio\" \/>\n<meta name=\"twitter:site\" content=\"@beatopeustaquio\" \/>\n<meta name=\"twitter:label1\" content=\"Written by\" \/>\n\t<meta name=\"twitter:data1\" content=\"@sscc\" \/>\n\t<meta name=\"twitter:label2\" content=\"Est. reading time\" \/>\n\t<meta name=\"twitter:data2\" content=\"1 minute\" \/>\n<script type=\"application\/ld+json\" class=\"yoast-schema-graph\">{\"@context\":\"https:\/\/schema.org\",\"@graph\":[{\"@type\":\"Article\",\"@id\":\"https:\/\/www.padreeustaquio.com.br\/fundada-no-natal-de-1800-congregacao-dos-sagrados-coracoes-completa-222-anos\/#article\",\"isPartOf\":{\"@id\":\"https:\/\/www.padreeustaquio.com.br\/fundada-no-natal-de-1800-congregacao-dos-sagrados-coracoes-completa-222-anos\/\"},\"author\":{\"name\":\"@sscc\",\"@id\":\"https:\/\/www.padreeustaquio.com.br\/#\/schema\/person\/a2a51db1d00f1a7af0204a0f1ddb1566\"},\"headline\":\"Fundada no Natal de 1800, Congrega\u00e7\u00e3o dos Sagrados Cora\u00e7\u00f5es completa 222 anos\",\"datePublished\":\"2022-12-26T09:19:00+00:00\",\"mainEntityOfPage\":{\"@id\":\"https:\/\/www.padreeustaquio.com.br\/fundada-no-natal-de-1800-congregacao-dos-sagrados-coracoes-completa-222-anos\/\"},\"wordCount\":240,\"commentCount\":0,\"publisher\":{\"@id\":\"https:\/\/www.padreeustaquio.com.br\/#organization\"},\"image\":{\"@id\":\"https:\/\/www.padreeustaquio.com.br\/fundada-no-natal-de-1800-congregacao-dos-sagrados-coracoes-completa-222-anos\/#primaryimage\"},\"thumbnailUrl\":\"https:\/\/www.padreeustaquio.com.br\/wp-content\/uploads\/2022\/06\/Festa-SSCC-2022.jpg\",\"articleSection\":[\"Not\u00edcias\"],\"inLanguage\":\"en-US\",\"potentialAction\":[{\"@type\":\"CommentAction\",\"name\":\"Comment\",\"target\":[\"https:\/\/www.padreeustaquio.com.br\/fundada-no-natal-de-1800-congregacao-dos-sagrados-coracoes-completa-222-anos\/#respond\"]}]},{\"@type\":\"WebPage\",\"@id\":\"https:\/\/www.padreeustaquio.com.br\/fundada-no-natal-de-1800-congregacao-dos-sagrados-coracoes-completa-222-anos\/\",\"url\":\"https:\/\/www.padreeustaquio.com.br\/fundada-no-natal-de-1800-congregacao-dos-sagrados-coracoes-completa-222-anos\/\",\"name\":\"Fundada no Natal de 1800, Congrega\u00e7\u00e3o dos Sagrados Cora\u00e7\u00f5es completa 222 anos\",\"isPartOf\":{\"@id\":\"https:\/\/www.padreeustaquio.com.br\/#website\"},\"primaryImageOfPage\":{\"@id\":\"https:\/\/www.padreeustaquio.com.br\/fundada-no-natal-de-1800-congregacao-dos-sagrados-coracoes-completa-222-anos\/#primaryimage\"},\"image\":{\"@id\":\"https:\/\/www.padreeustaquio.com.br\/fundada-no-natal-de-1800-congregacao-dos-sagrados-coracoes-completa-222-anos\/#primaryimage\"},\"thumbnailUrl\":\"https:\/\/www.padreeustaquio.com.br\/wp-content\/uploads\/2022\/06\/Festa-SSCC-2022.jpg\",\"datePublished\":\"2022-12-26T09:19:00+00:00\",\"description\":\"A miss\u00e3o da Congrega\u00e7\u00e3o pode ser resumida como: contemplar, viver e anunciar o Amor de Deus que se fez carne em Jesus, especialmente por meio da Adora\u00e7\u00e3o Eucar\u00edstica e do servi\u00e7o aos mais necessitados. Fundada na v\u00e9spera do Natal de 1800, pelo Padre Coudrin e pela Madre Henriqueta a Congrega\u00e7\u00e3o se une a toda a Igreja por um mundo mais fraterno.\",\"breadcrumb\":{\"@id\":\"https:\/\/www.padreeustaquio.com.br\/fundada-no-natal-de-1800-congregacao-dos-sagrados-coracoes-completa-222-anos\/#breadcrumb\"},\"inLanguage\":\"en-US\",\"potentialAction\":[{\"@type\":\"ReadAction\",\"target\":[\"https:\/\/www.padreeustaquio.com.br\/fundada-no-natal-de-1800-congregacao-dos-sagrados-coracoes-completa-222-anos\/\"]}]},{\"@type\":\"ImageObject\",\"inLanguage\":\"en-US\",\"@id\":\"https:\/\/www.padreeustaquio.com.br\/fundada-no-natal-de-1800-congregacao-dos-sagrados-coracoes-completa-222-anos\/#primaryimage\",\"url\":\"https:\/\/www.padreeustaquio.com.br\/wp-content\/uploads\/2022\/06\/Festa-SSCC-2022.jpg\",\"contentUrl\":\"https:\/\/www.padreeustaquio.com.br\/wp-content\/uploads\/2022\/06\/Festa-SSCC-2022.jpg\",\"width\":748,\"height\":394},{\"@type\":\"BreadcrumbList\",\"@id\":\"https:\/\/www.padreeustaquio.com.br\/fundada-no-natal-de-1800-congregacao-dos-sagrados-coracoes-completa-222-anos\/#breadcrumb\",\"itemListElement\":[{\"@type\":\"ListItem\",\"position\":1,\"name\":\"In\u00edcio\",\"item\":\"https:\/\/www.padreeustaquio.com.br\/\"},{\"@type\":\"ListItem\",\"position\":2,\"name\":\"Fundada no Natal de 1800, Congrega\u00e7\u00e3o dos Sagrados Cora\u00e7\u00f5es completa 222 anos\"}]},{\"@type\":\"WebSite\",\"@id\":\"https:\/\/www.padreeustaquio.com.br\/#website\",\"url\":\"https:\/\/www.padreeustaquio.com.br\/\",\"name\":\"Padre Eust\u00e1quio\",\"description\":\"Sa\u00fade e Paz\",\"publisher\":{\"@id\":\"https:\/\/www.padreeustaquio.com.br\/#organization\"},\"potentialAction\":[{\"@type\":\"SearchAction\",\"target\":{\"@type\":\"EntryPoint\",\"urlTemplate\":\"https:\/\/www.padreeustaquio.com.br\/?s={search_term_string}\"},\"query-input\":{\"@type\":\"PropertyValueSpecification\",\"valueRequired\":true,\"valueName\":\"search_term_string\"}}],\"inLanguage\":\"en-US\"},{\"@type\":\"Organization\",\"@id\":\"https:\/\/www.padreeustaquio.com.br\/#organization\",\"name\":\"Padre Eust\u00e1quio\",\"url\":\"https:\/\/www.padreeustaquio.com.br\/\",\"logo\":{\"@type\":\"ImageObject\",\"inLanguage\":\"en-US\",\"@id\":\"https:\/\/www.padreeustaquio.com.br\/#\/schema\/logo\/image\/\",\"url\":\"https:\/\/www.padreeustaquio.com.br\/wp-content\/uploads\/2019\/08\/marca.png\",\"contentUrl\":\"https:\/\/www.padreeustaquio.com.br\/wp-content\/uploads\/2019\/08\/marca.png\",\"width\":350,\"height\":400,\"caption\":\"Padre Eust\u00e1quio\"},\"image\":{\"@id\":\"https:\/\/www.padreeustaquio.com.br\/#\/schema\/logo\/image\/\"},\"sameAs\":[\"https:\/\/www.facebook.com\/beatopadreeustaquio\/\",\"https:\/\/x.com\/beatopeustaquio\",\"https:\/\/www.instagram.com\/beatopadreeustaquio\/\",\"https:\/\/www.youtube.com\/channel\/UCRhw7vfabnajwLxb1ZXMeIw\"]},{\"@type\":\"Person\",\"@id\":\"https:\/\/www.padreeustaquio.com.br\/#\/schema\/person\/a2a51db1d00f1a7af0204a0f1ddb1566\",\"name\":\"@sscc\",\"image\":{\"@type\":\"ImageObject\",\"inLanguage\":\"en-US\",\"@id\":\"https:\/\/secure.gravatar.com\/avatar\/68cfafa5f44617fea54071e215026e0ff06be366c3d54a8425f04fdcb86f8c5f?s=96&d=mm&r=g\",\"url\":\"https:\/\/secure.gravatar.com\/avatar\/68cfafa5f44617fea54071e215026e0ff06be366c3d54a8425f04fdcb86f8c5f?s=96&d=mm&r=g\",\"contentUrl\":\"https:\/\/secure.gravatar.com\/avatar\/68cfafa5f44617fea54071e215026e0ff06be366c3d54a8425f04fdcb86f8c5f?s=96&d=mm&r=g\",\"caption\":\"@sscc\"},\"url\":\"https:\/\/www.padreeustaquio.com.br\/en\/author\/sscc\/\"}]}<\/script>\n<!-- \/ Yoast SEO plugin. -->","yoast_head_json":{"title":"Founded on Christmas Day 1800, the Congregation of the Sacred Hearts celebrates its 222nd anniversary.","description":"The Congregation&#039;s mission can be summarized as: contemplating, living, and proclaiming the Love of God made flesh in Jesus, especially through Eucharistic Adoration and service to the most needy. Founded on Christmas Eve of 1800 by Father Coudrin and Mother Henriqueta, the Congregation unites with the entire Church for a more fraternal world.","robots":{"index":"index","follow":"follow","max-snippet":"max-snippet:-1","max-image-preview":"max-image-preview:large","max-video-preview":"max-video-preview:-1"},"canonical":"https:\/\/www.padreeustaquio.com.br\/en\/founded-on-christmas-day-in-1800-the-congregation-of-the-sacred-hearts-celebrates-its-222nd-anniversary\/","og_locale":"en_US","og_type":"article","og_title":"Fundada no Natal de 1800, Congrega\u00e7\u00e3o dos Sagrados Cora\u00e7\u00f5es completa 222 anos","og_description":"A miss\u00e3o da Congrega\u00e7\u00e3o pode ser resumida como: contemplar, viver e anunciar o Amor de Deus que se fez carne em Jesus, especialmente por meio da Adora\u00e7\u00e3o Eucar\u00edstica e do servi\u00e7o aos mais necessitados. Fundada na v\u00e9spera do Natal de 1800, pelo Padre Coudrin e pela Madre Henriqueta a Congrega\u00e7\u00e3o se une a toda a Igreja por um mundo mais fraterno.","og_url":"https:\/\/www.padreeustaquio.com.br\/en\/founded-on-christmas-day-in-1800-the-congregation-of-the-sacred-hearts-celebrates-its-222nd-anniversary\/","og_site_name":"Padre Eust\u00e1quio","article_publisher":"https:\/\/www.facebook.com\/beatopadreeustaquio\/","article_published_time":"2022-12-26T09:19:00+00:00","og_image":[{"width":748,"height":394,"url":"https:\/\/www.padreeustaquio.com.br\/wp-content\/uploads\/2022\/06\/Festa-SSCC-2022.jpg","type":"image\/jpeg"}],"author":"@sscc","twitter_card":"summary_large_image","twitter_creator":"@beatopeustaquio","twitter_site":"@beatopeustaquio","twitter_misc":{"Written by":"@sscc","Est. reading time":"1 minute"},"schema":{"@context":"https:\/\/schema.org","@graph":[{"@type":"Article","@id":"https:\/\/www.padreeustaquio.com.br\/fundada-no-natal-de-1800-congregacao-dos-sagrados-coracoes-completa-222-anos\/#article","isPartOf":{"@id":"https:\/\/www.padreeustaquio.com.br\/fundada-no-natal-de-1800-congregacao-dos-sagrados-coracoes-completa-222-anos\/"},"author":{"name":"@sscc","@id":"https:\/\/www.padreeustaquio.com.br\/#\/schema\/person\/a2a51db1d00f1a7af0204a0f1ddb1566"},"headline":"Fundada no Natal de 1800, Congrega\u00e7\u00e3o dos Sagrados Cora\u00e7\u00f5es completa 222 anos","datePublished":"2022-12-26T09:19:00+00:00","mainEntityOfPage":{"@id":"https:\/\/www.padreeustaquio.com.br\/fundada-no-natal-de-1800-congregacao-dos-sagrados-coracoes-completa-222-anos\/"},"wordCount":240,"commentCount":0,"publisher":{"@id":"https:\/\/www.padreeustaquio.com.br\/#organization"},"image":{"@id":"https:\/\/www.padreeustaquio.com.br\/fundada-no-natal-de-1800-congregacao-dos-sagrados-coracoes-completa-222-anos\/#primaryimage"},"thumbnailUrl":"https:\/\/www.padreeustaquio.com.br\/wp-content\/uploads\/2022\/06\/Festa-SSCC-2022.jpg","articleSection":["Not\u00edcias"],"inLanguage":"en-US","potentialAction":[{"@type":"CommentAction","name":"Comment","target":["https:\/\/www.padreeustaquio.com.br\/fundada-no-natal-de-1800-congregacao-dos-sagrados-coracoes-completa-222-anos\/#respond"]}]},{"@type":"WebPage","@id":"https:\/\/www.padreeustaquio.com.br\/fundada-no-natal-de-1800-congregacao-dos-sagrados-coracoes-completa-222-anos\/","url":"https:\/\/www.padreeustaquio.com.br\/fundada-no-natal-de-1800-congregacao-dos-sagrados-coracoes-completa-222-anos\/","name":"Founded on Christmas Day 1800, the Congregation of the Sacred Hearts celebrates its 222nd anniversary.","isPartOf":{"@id":"https:\/\/www.padreeustaquio.com.br\/#website"},"primaryImageOfPage":{"@id":"https:\/\/www.padreeustaquio.com.br\/fundada-no-natal-de-1800-congregacao-dos-sagrados-coracoes-completa-222-anos\/#primaryimage"},"image":{"@id":"https:\/\/www.padreeustaquio.com.br\/fundada-no-natal-de-1800-congregacao-dos-sagrados-coracoes-completa-222-anos\/#primaryimage"},"thumbnailUrl":"https:\/\/www.padreeustaquio.com.br\/wp-content\/uploads\/2022\/06\/Festa-SSCC-2022.jpg","datePublished":"2022-12-26T09:19:00+00:00","description":"The Congregation&#039;s mission can be summarized as: contemplating, living, and proclaiming the Love of God made flesh in Jesus, especially through Eucharistic Adoration and service to the most needy. Founded on Christmas Eve of 1800 by Father Coudrin and Mother Henriqueta, the Congregation unites with the entire Church for a more fraternal world.","breadcrumb":{"@id":"https:\/\/www.padreeustaquio.com.br\/fundada-no-natal-de-1800-congregacao-dos-sagrados-coracoes-completa-222-anos\/#breadcrumb"},"inLanguage":"en-US","potentialAction":[{"@type":"ReadAction","target":["https:\/\/www.padreeustaquio.com.br\/fundada-no-natal-de-1800-congregacao-dos-sagrados-coracoes-completa-222-anos\/"]}]},{"@type":"ImageObject","inLanguage":"en-US","@id":"https:\/\/www.padreeustaquio.com.br\/fundada-no-natal-de-1800-congregacao-dos-sagrados-coracoes-completa-222-anos\/#primaryimage","url":"https:\/\/www.padreeustaquio.com.br\/wp-content\/uploads\/2022\/06\/Festa-SSCC-2022.jpg","contentUrl":"https:\/\/www.padreeustaquio.com.br\/wp-content\/uploads\/2022\/06\/Festa-SSCC-2022.jpg","width":748,"height":394},{"@type":"BreadcrumbList","@id":"https:\/\/www.padreeustaquio.com.br\/fundada-no-natal-de-1800-congregacao-dos-sagrados-coracoes-completa-222-anos\/#breadcrumb","itemListElement":[{"@type":"ListItem","position":1,"name":"In\u00edcio","item":"https:\/\/www.padreeustaquio.com.br\/"},{"@type":"ListItem","position":2,"name":"Fundada no Natal de 1800, Congrega\u00e7\u00e3o dos Sagrados Cora\u00e7\u00f5es completa 222 anos"}]},{"@type":"WebSite","@id":"https:\/\/www.padreeustaquio.com.br\/#website","url":"https:\/\/www.padreeustaquio.com.br\/","name":"FATHER EUST\u00c1QUIO","description":"Health and Peace","publisher":{"@id":"https:\/\/www.padreeustaquio.com.br\/#organization"},"potentialAction":[{"@type":"SearchAction","target":{"@type":"EntryPoint","urlTemplate":"https:\/\/www.padreeustaquio.com.br\/?s={search_term_string}"},"query-input":{"@type":"PropertyValueSpecification","valueRequired":true,"valueName":"search_term_string"}}],"inLanguage":"en-US"},{"@type":"Organization","@id":"https:\/\/www.padreeustaquio.com.br\/#organization","name":"FATHER EUST\u00c1QUIO","url":"https:\/\/www.padreeustaquio.com.br\/","logo":{"@type":"ImageObject","inLanguage":"en-US","@id":"https:\/\/www.padreeustaquio.com.br\/#\/schema\/logo\/image\/","url":"https:\/\/www.padreeustaquio.com.br\/wp-content\/uploads\/2019\/08\/marca.png","contentUrl":"https:\/\/www.padreeustaquio.com.br\/wp-content\/uploads\/2019\/08\/marca.png","width":350,"height":400,"caption":"Padre Eust\u00e1quio"},"image":{"@id":"https:\/\/www.padreeustaquio.com.br\/#\/schema\/logo\/image\/"},"sameAs":["https:\/\/www.facebook.com\/beatopadreeustaquio\/","https:\/\/x.com\/beatopeustaquio","https:\/\/www.instagram.com\/beatopadreeustaquio\/","https:\/\/www.youtube.com\/channel\/UCRhw7vfabnajwLxb1ZXMeIw"]},{"@type":"Person","@id":"https:\/\/www.padreeustaquio.com.br\/#\/schema\/person\/a2a51db1d00f1a7af0204a0f1ddb1566","name":"@sscc","image":{"@type":"ImageObject","inLanguage":"en-US","@id":"https:\/\/secure.gravatar.com\/avatar\/68cfafa5f44617fea54071e215026e0ff06be366c3d54a8425f04fdcb86f8c5f?s=96&d=mm&r=g","url":"https:\/\/secure.gravatar.com\/avatar\/68cfafa5f44617fea54071e215026e0ff06be366c3d54a8425f04fdcb86f8c5f?s=96&d=mm&r=g","contentUrl":"https:\/\/secure.gravatar.com\/avatar\/68cfafa5f44617fea54071e215026e0ff06be366c3d54a8425f04fdcb86f8c5f?s=96&d=mm&r=g","caption":"@sscc"},"url":"https:\/\/www.padreeustaquio.com.br\/en\/author\/sscc\/"}]}},"_links":{"self":[{"href":"https:\/\/www.padreeustaquio.com.br\/en\/wp-json\/wp\/v2\/posts\/9685","targetHints":{"allow":["GET"]}}],"collection":[{"href":"https:\/\/www.padreeustaquio.com.br\/en\/wp-json\/wp\/v2\/posts"}],"about":[{"href":"https:\/\/www.padreeustaquio.com.br\/en\/wp-json\/wp\/v2\/types\/post"}],"author":[{"embeddable":true,"href":"https:\/\/www.padreeustaquio.com.br\/en\/wp-json\/wp\/v2\/users\/2"}],"replies":[{"embeddable":true,"href":"https:\/\/www.padreeustaquio.com.br\/en\/wp-json\/wp\/v2\/comments?post=9685"}],"version-history":[{"count":0,"href":"https:\/\/www.padreeustaquio.com.br\/en\/wp-json\/wp\/v2\/posts\/9685\/revisions"}],"wp:featuredmedia":[{"embeddable":true,"href":"https:\/\/www.padreeustaquio.com.br\/en\/wp-json\/wp\/v2\/media\/8889"}],"wp:attachment":[{"href":"https:\/\/www.padreeustaquio.com.br\/en\/wp-json\/wp\/v2\/media?parent=9685"}],"wp:term":[{"taxonomy":"category","embeddable":true,"href":"https:\/\/www.padreeustaquio.com.br\/en\/wp-json\/wp\/v2\/categories?post=9685"},{"taxonomy":"post_tag","embeddable":true,"href":"https:\/\/www.padreeustaquio.com.br\/en\/wp-json\/wp\/v2\/tags?post=9685"}],"curies":[{"name":"wp","href":"https:\/\/api.w.org\/{rel}","templated":true}]}}