{"id":9661,"date":"2022-12-21T06:33:00","date_gmt":"2022-12-21T09:33:00","guid":{"rendered":"https:\/\/www.padreeustaquio.com.br\/?p=9661"},"modified":"2022-12-12T19:59:08","modified_gmt":"2022-12-12T22:59:08","slug":"the-youtube-channel-of-tv-evangelizar-will-broadcast-mass-from-the-sanctuary-of-health-and-peace","status":"publish","type":"post","link":"https:\/\/www.padreeustaquio.com.br\/en\/the-youtube-channel-of-tv-evangelizar-will-broadcast-mass-from-the-sanctuary-of-health-and-peace\/","title":{"rendered":"The YouTube channel of TV Evangelizar will broadcast Mass from the Sanctuary of Health and Peace."},"content":{"rendered":"<p>Next Friday, December 23rd, the <a href=\"https:\/\/www.youtube.com\/@TVEvangelizarOficial\" target=\"_blank\" rel=\"noreferrer noopener\">Evangelizar TV Channel on YouTube<\/a> We will be broadcasting the Holy Mass live from the Sanctuary of Health and Peace in Belo Horizonte, Minas Gerais. The celebration will begin at 7 PM, and devotees will be able to receive the blessing of Health and Peace.<\/p>\n\n\n\n<p>The Eucharistic Celebration is scheduled to last 1 hour and 20 minutes, both in <a href=\"https:\/\/www.youtube.com\/@CanalPadreEustaquio\" target=\"_blank\" rel=\"noreferrer noopener\">Padre Eust\u00e1quio Channel<\/a> The Holy Mass will be broadcast on the Evangelizar TV Channel. The Mass will be presided over by the rector of the Sanctuary, Fr. Vin\u00edcius Maciel, SS.CC., who will give a blessing to all those present and also with the intention of blessing the people and devotional objects presented from home.<\/p>\n\n\n\n<p>If you live in Belo Horizonte or the surrounding area, you are invited to come celebrate with us, but if you are far away, you can watch online, leaving your prayer request and expression of gratitude in the chat or comments.<\/p>\n\n\n\n<p>Evangelize TV<\/p>\n\n\n\n<p>TV Evangelizar emerged on December 16, 2011, initially under the name TV Lumen, when PUC-PR, facing difficulties operating the station commercially, ceded the channel to the Associa\u00e7\u00e3o Evangelizar \u00e9 Preciso, which is conceived and coordinated by Father Reginaldo Manzotti.<\/p>\n\n\n\n<p>The station belongs to the Rede Evangelizar de Comunica\u00e7\u00e3o (Evangelizar Communication Network) and is based in Curitiba, Paran\u00e1. Currently, the TV signal reaches cities in 16 Brazilian states.<\/p>\n\n\n\n<p><\/p>","protected":false},"excerpt":{"rendered":"<p>Na pr\u00f3xima sexta-feira, dia 23 de dezembro, o Canal da TV Evangelizar no YouTube vai retransmitir a Santa Missa, ao vivo, direto do Santu\u00e1rio da Sa\u00fade e da Paz, em Belo Horizonte-MG. A celebra\u00e7\u00e3o ter\u00e1 in\u00edcio \u00e0s 19h e os devotos poder\u00e3o receber a b\u00ean\u00e7\u00e3o da Sa\u00fade e da Paz. A Celebra\u00e7\u00e3o Eucar\u00edstica est\u00e1 prevista para durar 1h20m, tanto no Canal Padre Eust\u00e1quio quanto no Canal da TV Evangelizar. A Santa Missa ser\u00e1 presidida pelo reitor do Santu\u00e1rio, Pe. Vin\u00edcius Maciel, SS.CC. que dar\u00e1 a b\u00ean\u00e7\u00e3o \u00e0 todos que estiverem presentes e tamb\u00e9m com a inten\u00e7\u00e3o de aben\u00e7oar as pessoas [&hellip;]<\/p>\n","protected":false},"author":2,"featured_media":9662,"comment_status":"open","ping_status":"closed","sticky":false,"template":"","format":"standard","meta":{"_acf_changed":false,"footnotes":""},"categories":[611],"tags":[],"class_list":["post-9661","post","type-post","status-publish","format-standard","has-post-thumbnail","hentry","category-noticias"],"acf":[],"yoast_head":"<!-- This site is optimized with the Yoast SEO plugin v27.2 - https:\/\/yoast.com\/product\/yoast-seo-wordpress\/ -->\n<title>YouTube da TV Evangelizar ir\u00e1 transmitir missa do Santu\u00e1rio da Sa\u00fade e da Paz<\/title>\n<meta name=\"description\" content=\"Na pr\u00f3xima sexta-feira, dia 23 de dezembro, o Canal da TV Evangelizar no YouTube vai retransmitir a Santa Missa, ao vivo, direto do Santu\u00e1rio da Sa\u00fade e da Paz, em Belo Horizonte-MG. A celebra\u00e7\u00e3o ter\u00e1 in\u00edcio \u00e0s 19h e os devotos poder\u00e3o receber a b\u00ean\u00e7\u00e3o da Sa\u00fade e da Paz.\" \/>\n<meta name=\"robots\" content=\"index, follow, max-snippet:-1, max-image-preview:large, max-video-preview:-1\" \/>\n<link rel=\"canonical\" href=\"https:\/\/www.padreeustaquio.com.br\/en\/the-youtube-channel-of-tv-evangelizar-will-broadcast-mass-from-the-sanctuary-of-health-and-peace\/\" \/>\n<meta property=\"og:locale\" content=\"en_US\" \/>\n<meta property=\"og:type\" content=\"article\" \/>\n<meta property=\"og:title\" content=\"YouTube da TV Evangelizar ir\u00e1 transmitir missa do Santu\u00e1rio da Sa\u00fade e da Paz\" \/>\n<meta property=\"og:description\" content=\"Na pr\u00f3xima sexta-feira, dia 23 de dezembro, o Canal da TV Evangelizar no YouTube vai retransmitir a Santa Missa, ao vivo, direto do Santu\u00e1rio da Sa\u00fade e da Paz, em Belo Horizonte-MG. A celebra\u00e7\u00e3o ter\u00e1 in\u00edcio \u00e0s 19h e os devotos poder\u00e3o receber a b\u00ean\u00e7\u00e3o da Sa\u00fade e da Paz.\" \/>\n<meta property=\"og:url\" content=\"https:\/\/www.padreeustaquio.com.br\/en\/the-youtube-channel-of-tv-evangelizar-will-broadcast-mass-from-the-sanctuary-of-health-and-peace\/\" \/>\n<meta property=\"og:site_name\" content=\"Padre Eust\u00e1quio\" \/>\n<meta property=\"article:publisher\" content=\"https:\/\/www.facebook.com\/beatopadreeustaquio\/\" \/>\n<meta property=\"article:published_time\" content=\"2022-12-21T09:33:00+00:00\" \/>\n<meta property=\"og:image\" content=\"https:\/\/www.padreeustaquio.com.br\/wp-content\/uploads\/2022\/12\/tv-evangelizar.jpg\" \/>\n\t<meta property=\"og:image:width\" content=\"748\" \/>\n\t<meta property=\"og:image:height\" content=\"394\" \/>\n\t<meta property=\"og:image:type\" content=\"image\/jpeg\" \/>\n<meta name=\"author\" content=\"@sscc\" \/>\n<meta name=\"twitter:card\" content=\"summary_large_image\" \/>\n<meta name=\"twitter:creator\" content=\"@beatopeustaquio\" \/>\n<meta name=\"twitter:site\" content=\"@beatopeustaquio\" \/>\n<meta name=\"twitter:label1\" content=\"Written by\" \/>\n\t<meta name=\"twitter:data1\" content=\"@sscc\" \/>\n\t<meta name=\"twitter:label2\" content=\"Est. reading time\" \/>\n\t<meta name=\"twitter:data2\" content=\"1 minute\" \/>\n<script type=\"application\/ld+json\" class=\"yoast-schema-graph\">{\"@context\":\"https:\/\/schema.org\",\"@graph\":[{\"@type\":\"Article\",\"@id\":\"https:\/\/www.padreeustaquio.com.br\/youtube-da-tv-evangelizar-ira-transmitir-missa-do-santuario-da-saude-e-da-paz\/#article\",\"isPartOf\":{\"@id\":\"https:\/\/www.padreeustaquio.com.br\/youtube-da-tv-evangelizar-ira-transmitir-missa-do-santuario-da-saude-e-da-paz\/\"},\"author\":{\"name\":\"@sscc\",\"@id\":\"https:\/\/www.padreeustaquio.com.br\/#\/schema\/person\/a2a51db1d00f1a7af0204a0f1ddb1566\"},\"headline\":\"YouTube da TV Evangelizar ir\u00e1 transmitir missa do Santu\u00e1rio da Sa\u00fade e da Paz\",\"datePublished\":\"2022-12-21T09:33:00+00:00\",\"mainEntityOfPage\":{\"@id\":\"https:\/\/www.padreeustaquio.com.br\/youtube-da-tv-evangelizar-ira-transmitir-missa-do-santuario-da-saude-e-da-paz\/\"},\"wordCount\":253,\"commentCount\":0,\"publisher\":{\"@id\":\"https:\/\/www.padreeustaquio.com.br\/#organization\"},\"image\":{\"@id\":\"https:\/\/www.padreeustaquio.com.br\/youtube-da-tv-evangelizar-ira-transmitir-missa-do-santuario-da-saude-e-da-paz\/#primaryimage\"},\"thumbnailUrl\":\"https:\/\/www.padreeustaquio.com.br\/wp-content\/uploads\/2022\/12\/tv-evangelizar.jpg\",\"articleSection\":[\"Not\u00edcias\"],\"inLanguage\":\"en-US\",\"potentialAction\":[{\"@type\":\"CommentAction\",\"name\":\"Comment\",\"target\":[\"https:\/\/www.padreeustaquio.com.br\/youtube-da-tv-evangelizar-ira-transmitir-missa-do-santuario-da-saude-e-da-paz\/#respond\"]}]},{\"@type\":\"WebPage\",\"@id\":\"https:\/\/www.padreeustaquio.com.br\/youtube-da-tv-evangelizar-ira-transmitir-missa-do-santuario-da-saude-e-da-paz\/\",\"url\":\"https:\/\/www.padreeustaquio.com.br\/youtube-da-tv-evangelizar-ira-transmitir-missa-do-santuario-da-saude-e-da-paz\/\",\"name\":\"YouTube da TV Evangelizar ir\u00e1 transmitir missa do Santu\u00e1rio da Sa\u00fade e da Paz\",\"isPartOf\":{\"@id\":\"https:\/\/www.padreeustaquio.com.br\/#website\"},\"primaryImageOfPage\":{\"@id\":\"https:\/\/www.padreeustaquio.com.br\/youtube-da-tv-evangelizar-ira-transmitir-missa-do-santuario-da-saude-e-da-paz\/#primaryimage\"},\"image\":{\"@id\":\"https:\/\/www.padreeustaquio.com.br\/youtube-da-tv-evangelizar-ira-transmitir-missa-do-santuario-da-saude-e-da-paz\/#primaryimage\"},\"thumbnailUrl\":\"https:\/\/www.padreeustaquio.com.br\/wp-content\/uploads\/2022\/12\/tv-evangelizar.jpg\",\"datePublished\":\"2022-12-21T09:33:00+00:00\",\"description\":\"Na pr\u00f3xima sexta-feira, dia 23 de dezembro, o Canal da TV Evangelizar no YouTube vai retransmitir a Santa Missa, ao vivo, direto do Santu\u00e1rio da Sa\u00fade e da Paz, em Belo Horizonte-MG. A celebra\u00e7\u00e3o ter\u00e1 in\u00edcio \u00e0s 19h e os devotos poder\u00e3o receber a b\u00ean\u00e7\u00e3o da Sa\u00fade e da Paz.\",\"breadcrumb\":{\"@id\":\"https:\/\/www.padreeustaquio.com.br\/youtube-da-tv-evangelizar-ira-transmitir-missa-do-santuario-da-saude-e-da-paz\/#breadcrumb\"},\"inLanguage\":\"en-US\",\"potentialAction\":[{\"@type\":\"ReadAction\",\"target\":[\"https:\/\/www.padreeustaquio.com.br\/youtube-da-tv-evangelizar-ira-transmitir-missa-do-santuario-da-saude-e-da-paz\/\"]}]},{\"@type\":\"ImageObject\",\"inLanguage\":\"en-US\",\"@id\":\"https:\/\/www.padreeustaquio.com.br\/youtube-da-tv-evangelizar-ira-transmitir-missa-do-santuario-da-saude-e-da-paz\/#primaryimage\",\"url\":\"https:\/\/www.padreeustaquio.com.br\/wp-content\/uploads\/2022\/12\/tv-evangelizar.jpg\",\"contentUrl\":\"https:\/\/www.padreeustaquio.com.br\/wp-content\/uploads\/2022\/12\/tv-evangelizar.jpg\",\"width\":748,\"height\":394},{\"@type\":\"BreadcrumbList\",\"@id\":\"https:\/\/www.padreeustaquio.com.br\/youtube-da-tv-evangelizar-ira-transmitir-missa-do-santuario-da-saude-e-da-paz\/#breadcrumb\",\"itemListElement\":[{\"@type\":\"ListItem\",\"position\":1,\"name\":\"In\u00edcio\",\"item\":\"https:\/\/www.padreeustaquio.com.br\/\"},{\"@type\":\"ListItem\",\"position\":2,\"name\":\"YouTube da TV Evangelizar ir\u00e1 transmitir missa do Santu\u00e1rio da Sa\u00fade e da Paz\"}]},{\"@type\":\"WebSite\",\"@id\":\"https:\/\/www.padreeustaquio.com.br\/#website\",\"url\":\"https:\/\/www.padreeustaquio.com.br\/\",\"name\":\"Padre Eust\u00e1quio\",\"description\":\"Sa\u00fade e Paz\",\"publisher\":{\"@id\":\"https:\/\/www.padreeustaquio.com.br\/#organization\"},\"potentialAction\":[{\"@type\":\"SearchAction\",\"target\":{\"@type\":\"EntryPoint\",\"urlTemplate\":\"https:\/\/www.padreeustaquio.com.br\/?s={search_term_string}\"},\"query-input\":{\"@type\":\"PropertyValueSpecification\",\"valueRequired\":true,\"valueName\":\"search_term_string\"}}],\"inLanguage\":\"en-US\"},{\"@type\":\"Organization\",\"@id\":\"https:\/\/www.padreeustaquio.com.br\/#organization\",\"name\":\"Padre Eust\u00e1quio\",\"url\":\"https:\/\/www.padreeustaquio.com.br\/\",\"logo\":{\"@type\":\"ImageObject\",\"inLanguage\":\"en-US\",\"@id\":\"https:\/\/www.padreeustaquio.com.br\/#\/schema\/logo\/image\/\",\"url\":\"https:\/\/www.padreeustaquio.com.br\/wp-content\/uploads\/2019\/08\/marca.png\",\"contentUrl\":\"https:\/\/www.padreeustaquio.com.br\/wp-content\/uploads\/2019\/08\/marca.png\",\"width\":350,\"height\":400,\"caption\":\"Padre Eust\u00e1quio\"},\"image\":{\"@id\":\"https:\/\/www.padreeustaquio.com.br\/#\/schema\/logo\/image\/\"},\"sameAs\":[\"https:\/\/www.facebook.com\/beatopadreeustaquio\/\",\"https:\/\/x.com\/beatopeustaquio\",\"https:\/\/www.instagram.com\/beatopadreeustaquio\/\",\"https:\/\/www.youtube.com\/channel\/UCRhw7vfabnajwLxb1ZXMeIw\"]},{\"@type\":\"Person\",\"@id\":\"https:\/\/www.padreeustaquio.com.br\/#\/schema\/person\/a2a51db1d00f1a7af0204a0f1ddb1566\",\"name\":\"@sscc\",\"image\":{\"@type\":\"ImageObject\",\"inLanguage\":\"en-US\",\"@id\":\"https:\/\/secure.gravatar.com\/avatar\/68cfafa5f44617fea54071e215026e0ff06be366c3d54a8425f04fdcb86f8c5f?s=96&d=mm&r=g\",\"url\":\"https:\/\/secure.gravatar.com\/avatar\/68cfafa5f44617fea54071e215026e0ff06be366c3d54a8425f04fdcb86f8c5f?s=96&d=mm&r=g\",\"contentUrl\":\"https:\/\/secure.gravatar.com\/avatar\/68cfafa5f44617fea54071e215026e0ff06be366c3d54a8425f04fdcb86f8c5f?s=96&d=mm&r=g\",\"caption\":\"@sscc\"},\"url\":\"https:\/\/www.padreeustaquio.com.br\/en\/author\/sscc\/\"}]}<\/script>\n<!-- \/ Yoast SEO plugin. -->","yoast_head_json":{"title":"The YouTube channel of TV Evangelizar will broadcast Mass from the Sanctuary of Health and Peace.","description":"Next Friday, December 23rd, the Evangelizar TV Channel on YouTube will retransmit the Holy Mass live from the Sanctuary of Health and Peace in Belo Horizonte, Minas Gerais. The celebration will begin at 7 PM, and devotees will be able to receive the blessing of Health and Peace.","robots":{"index":"index","follow":"follow","max-snippet":"max-snippet:-1","max-image-preview":"max-image-preview:large","max-video-preview":"max-video-preview:-1"},"canonical":"https:\/\/www.padreeustaquio.com.br\/en\/the-youtube-channel-of-tv-evangelizar-will-broadcast-mass-from-the-sanctuary-of-health-and-peace\/","og_locale":"en_US","og_type":"article","og_title":"YouTube da TV Evangelizar ir\u00e1 transmitir missa do Santu\u00e1rio da Sa\u00fade e da Paz","og_description":"Na pr\u00f3xima sexta-feira, dia 23 de dezembro, o Canal da TV Evangelizar no YouTube vai retransmitir a Santa Missa, ao vivo, direto do Santu\u00e1rio da Sa\u00fade e da Paz, em Belo Horizonte-MG. A celebra\u00e7\u00e3o ter\u00e1 in\u00edcio \u00e0s 19h e os devotos poder\u00e3o receber a b\u00ean\u00e7\u00e3o da Sa\u00fade e da Paz.","og_url":"https:\/\/www.padreeustaquio.com.br\/en\/the-youtube-channel-of-tv-evangelizar-will-broadcast-mass-from-the-sanctuary-of-health-and-peace\/","og_site_name":"Padre Eust\u00e1quio","article_publisher":"https:\/\/www.facebook.com\/beatopadreeustaquio\/","article_published_time":"2022-12-21T09:33:00+00:00","og_image":[{"width":748,"height":394,"url":"https:\/\/www.padreeustaquio.com.br\/wp-content\/uploads\/2022\/12\/tv-evangelizar.jpg","type":"image\/jpeg"}],"author":"@sscc","twitter_card":"summary_large_image","twitter_creator":"@beatopeustaquio","twitter_site":"@beatopeustaquio","twitter_misc":{"Written by":"@sscc","Est. reading time":"1 minute"},"schema":{"@context":"https:\/\/schema.org","@graph":[{"@type":"Article","@id":"https:\/\/www.padreeustaquio.com.br\/youtube-da-tv-evangelizar-ira-transmitir-missa-do-santuario-da-saude-e-da-paz\/#article","isPartOf":{"@id":"https:\/\/www.padreeustaquio.com.br\/youtube-da-tv-evangelizar-ira-transmitir-missa-do-santuario-da-saude-e-da-paz\/"},"author":{"name":"@sscc","@id":"https:\/\/www.padreeustaquio.com.br\/#\/schema\/person\/a2a51db1d00f1a7af0204a0f1ddb1566"},"headline":"YouTube da TV Evangelizar ir\u00e1 transmitir missa do Santu\u00e1rio da Sa\u00fade e da Paz","datePublished":"2022-12-21T09:33:00+00:00","mainEntityOfPage":{"@id":"https:\/\/www.padreeustaquio.com.br\/youtube-da-tv-evangelizar-ira-transmitir-missa-do-santuario-da-saude-e-da-paz\/"},"wordCount":253,"commentCount":0,"publisher":{"@id":"https:\/\/www.padreeustaquio.com.br\/#organization"},"image":{"@id":"https:\/\/www.padreeustaquio.com.br\/youtube-da-tv-evangelizar-ira-transmitir-missa-do-santuario-da-saude-e-da-paz\/#primaryimage"},"thumbnailUrl":"https:\/\/www.padreeustaquio.com.br\/wp-content\/uploads\/2022\/12\/tv-evangelizar.jpg","articleSection":["Not\u00edcias"],"inLanguage":"en-US","potentialAction":[{"@type":"CommentAction","name":"Comment","target":["https:\/\/www.padreeustaquio.com.br\/youtube-da-tv-evangelizar-ira-transmitir-missa-do-santuario-da-saude-e-da-paz\/#respond"]}]},{"@type":"WebPage","@id":"https:\/\/www.padreeustaquio.com.br\/youtube-da-tv-evangelizar-ira-transmitir-missa-do-santuario-da-saude-e-da-paz\/","url":"https:\/\/www.padreeustaquio.com.br\/youtube-da-tv-evangelizar-ira-transmitir-missa-do-santuario-da-saude-e-da-paz\/","name":"The YouTube channel of TV Evangelizar will broadcast Mass from the Sanctuary of Health and Peace.","isPartOf":{"@id":"https:\/\/www.padreeustaquio.com.br\/#website"},"primaryImageOfPage":{"@id":"https:\/\/www.padreeustaquio.com.br\/youtube-da-tv-evangelizar-ira-transmitir-missa-do-santuario-da-saude-e-da-paz\/#primaryimage"},"image":{"@id":"https:\/\/www.padreeustaquio.com.br\/youtube-da-tv-evangelizar-ira-transmitir-missa-do-santuario-da-saude-e-da-paz\/#primaryimage"},"thumbnailUrl":"https:\/\/www.padreeustaquio.com.br\/wp-content\/uploads\/2022\/12\/tv-evangelizar.jpg","datePublished":"2022-12-21T09:33:00+00:00","description":"Next Friday, December 23rd, the Evangelizar TV Channel on YouTube will retransmit the Holy Mass live from the Sanctuary of Health and Peace in Belo Horizonte, Minas Gerais. The celebration will begin at 7 PM, and devotees will be able to receive the blessing of Health and Peace.","breadcrumb":{"@id":"https:\/\/www.padreeustaquio.com.br\/youtube-da-tv-evangelizar-ira-transmitir-missa-do-santuario-da-saude-e-da-paz\/#breadcrumb"},"inLanguage":"en-US","potentialAction":[{"@type":"ReadAction","target":["https:\/\/www.padreeustaquio.com.br\/youtube-da-tv-evangelizar-ira-transmitir-missa-do-santuario-da-saude-e-da-paz\/"]}]},{"@type":"ImageObject","inLanguage":"en-US","@id":"https:\/\/www.padreeustaquio.com.br\/youtube-da-tv-evangelizar-ira-transmitir-missa-do-santuario-da-saude-e-da-paz\/#primaryimage","url":"https:\/\/www.padreeustaquio.com.br\/wp-content\/uploads\/2022\/12\/tv-evangelizar.jpg","contentUrl":"https:\/\/www.padreeustaquio.com.br\/wp-content\/uploads\/2022\/12\/tv-evangelizar.jpg","width":748,"height":394},{"@type":"BreadcrumbList","@id":"https:\/\/www.padreeustaquio.com.br\/youtube-da-tv-evangelizar-ira-transmitir-missa-do-santuario-da-saude-e-da-paz\/#breadcrumb","itemListElement":[{"@type":"ListItem","position":1,"name":"In\u00edcio","item":"https:\/\/www.padreeustaquio.com.br\/"},{"@type":"ListItem","position":2,"name":"YouTube da TV Evangelizar ir\u00e1 transmitir missa do Santu\u00e1rio da Sa\u00fade e da Paz"}]},{"@type":"WebSite","@id":"https:\/\/www.padreeustaquio.com.br\/#website","url":"https:\/\/www.padreeustaquio.com.br\/","name":"FATHER EUST\u00c1QUIO","description":"Health and Peace","publisher":{"@id":"https:\/\/www.padreeustaquio.com.br\/#organization"},"potentialAction":[{"@type":"SearchAction","target":{"@type":"EntryPoint","urlTemplate":"https:\/\/www.padreeustaquio.com.br\/?s={search_term_string}"},"query-input":{"@type":"PropertyValueSpecification","valueRequired":true,"valueName":"search_term_string"}}],"inLanguage":"en-US"},{"@type":"Organization","@id":"https:\/\/www.padreeustaquio.com.br\/#organization","name":"FATHER EUST\u00c1QUIO","url":"https:\/\/www.padreeustaquio.com.br\/","logo":{"@type":"ImageObject","inLanguage":"en-US","@id":"https:\/\/www.padreeustaquio.com.br\/#\/schema\/logo\/image\/","url":"https:\/\/www.padreeustaquio.com.br\/wp-content\/uploads\/2019\/08\/marca.png","contentUrl":"https:\/\/www.padreeustaquio.com.br\/wp-content\/uploads\/2019\/08\/marca.png","width":350,"height":400,"caption":"Padre Eust\u00e1quio"},"image":{"@id":"https:\/\/www.padreeustaquio.com.br\/#\/schema\/logo\/image\/"},"sameAs":["https:\/\/www.facebook.com\/beatopadreeustaquio\/","https:\/\/x.com\/beatopeustaquio","https:\/\/www.instagram.com\/beatopadreeustaquio\/","https:\/\/www.youtube.com\/channel\/UCRhw7vfabnajwLxb1ZXMeIw"]},{"@type":"Person","@id":"https:\/\/www.padreeustaquio.com.br\/#\/schema\/person\/a2a51db1d00f1a7af0204a0f1ddb1566","name":"@sscc","image":{"@type":"ImageObject","inLanguage":"en-US","@id":"https:\/\/secure.gravatar.com\/avatar\/68cfafa5f44617fea54071e215026e0ff06be366c3d54a8425f04fdcb86f8c5f?s=96&d=mm&r=g","url":"https:\/\/secure.gravatar.com\/avatar\/68cfafa5f44617fea54071e215026e0ff06be366c3d54a8425f04fdcb86f8c5f?s=96&d=mm&r=g","contentUrl":"https:\/\/secure.gravatar.com\/avatar\/68cfafa5f44617fea54071e215026e0ff06be366c3d54a8425f04fdcb86f8c5f?s=96&d=mm&r=g","caption":"@sscc"},"url":"https:\/\/www.padreeustaquio.com.br\/en\/author\/sscc\/"}]}},"_links":{"self":[{"href":"https:\/\/www.padreeustaquio.com.br\/en\/wp-json\/wp\/v2\/posts\/9661","targetHints":{"allow":["GET"]}}],"collection":[{"href":"https:\/\/www.padreeustaquio.com.br\/en\/wp-json\/wp\/v2\/posts"}],"about":[{"href":"https:\/\/www.padreeustaquio.com.br\/en\/wp-json\/wp\/v2\/types\/post"}],"author":[{"embeddable":true,"href":"https:\/\/www.padreeustaquio.com.br\/en\/wp-json\/wp\/v2\/users\/2"}],"replies":[{"embeddable":true,"href":"https:\/\/www.padreeustaquio.com.br\/en\/wp-json\/wp\/v2\/comments?post=9661"}],"version-history":[{"count":0,"href":"https:\/\/www.padreeustaquio.com.br\/en\/wp-json\/wp\/v2\/posts\/9661\/revisions"}],"wp:featuredmedia":[{"embeddable":true,"href":"https:\/\/www.padreeustaquio.com.br\/en\/wp-json\/wp\/v2\/media\/9662"}],"wp:attachment":[{"href":"https:\/\/www.padreeustaquio.com.br\/en\/wp-json\/wp\/v2\/media?parent=9661"}],"wp:term":[{"taxonomy":"category","embeddable":true,"href":"https:\/\/www.padreeustaquio.com.br\/en\/wp-json\/wp\/v2\/categories?post=9661"},{"taxonomy":"post_tag","embeddable":true,"href":"https:\/\/www.padreeustaquio.com.br\/en\/wp-json\/wp\/v2\/tags?post=9661"}],"curies":[{"name":"wp","href":"https:\/\/api.w.org\/{rel}","templated":true}]}}