{"id":9656,"date":"2022-12-19T06:37:00","date_gmt":"2022-12-19T09:37:00","guid":{"rendered":"https:\/\/www.padreeustaquio.com.br\/?p=9656"},"modified":"2022-12-19T07:18:47","modified_gmt":"2022-12-19T10:18:47","slug":"father-eustaquio-daycare-center-holds-farewell-party-for-students-in-the-second-period","status":"publish","type":"post","link":"https:\/\/www.padreeustaquio.com.br\/en\/father-eustaquio-daycare-center-holds-farewell-party-for-students-in-the-second-period\/","title":{"rendered":"Padre Eust\u00e1quio Daycare Center holds farewell party for students in their second year of study."},"content":{"rendered":"<p>This weekend was a time of celebration and nostalgia for students, teachers, and parents whose children were cared for at the Padre Eust\u00e1quio Daycare Center over the past few years. The farewell began on Friday with the celebration of Holy Mass in thanksgiving to God for the closing of the school year.<\/p>\n\n\n<div class=\"wp-block-image\">\n<figure class=\"alignleft size-medium is-resized\"><img fetchpriority=\"high\" decoding=\"async\" src=\"https:\/\/www.padreeustaquio.com.br\/wp-content\/uploads\/2022\/12\/Apresentacao-no-Teatro-Padre-Eustaquio-300x225.jpeg\" alt=\"\" class=\"wp-image-9676\" width=\"298\" height=\"224\" srcset=\"https:\/\/www.padreeustaquio.com.br\/wp-content\/uploads\/2022\/12\/Apresentacao-no-Teatro-Padre-Eustaquio-300x225.jpeg 300w, https:\/\/www.padreeustaquio.com.br\/wp-content\/uploads\/2022\/12\/Apresentacao-no-Teatro-Padre-Eustaquio-1024x768.jpeg 1024w, https:\/\/www.padreeustaquio.com.br\/wp-content\/uploads\/2022\/12\/Apresentacao-no-Teatro-Padre-Eustaquio-768x576.jpeg 768w, https:\/\/www.padreeustaquio.com.br\/wp-content\/uploads\/2022\/12\/Apresentacao-no-Teatro-Padre-Eustaquio-1536x1152.jpeg 1536w, https:\/\/www.padreeustaquio.com.br\/wp-content\/uploads\/2022\/12\/Apresentacao-no-Teatro-Padre-Eustaquio-180x135.jpeg 180w, https:\/\/www.padreeustaquio.com.br\/wp-content\/uploads\/2022\/12\/Apresentacao-no-Teatro-Padre-Eustaquio-400x300.jpeg 400w, https:\/\/www.padreeustaquio.com.br\/wp-content\/uploads\/2022\/12\/Apresentacao-no-Teatro-Padre-Eustaquio-600x450.jpeg 600w, https:\/\/www.padreeustaquio.com.br\/wp-content\/uploads\/2022\/12\/Apresentacao-no-Teatro-Padre-Eustaquio-800x600.jpeg 800w, https:\/\/www.padreeustaquio.com.br\/wp-content\/uploads\/2022\/12\/Apresentacao-no-Teatro-Padre-Eustaquio-1200x900.jpeg 1200w, https:\/\/www.padreeustaquio.com.br\/wp-content\/uploads\/2022\/12\/Apresentacao-no-Teatro-Padre-Eustaquio.jpeg 1600w\" sizes=\"(max-width: 298px) 100vw, 298px\" \/><figcaption class=\"wp-element-caption\">Performance at the Padre Eust\u00e1quio Theater<\/figcaption><\/figure>\n<\/div>\n\n\n<p>On Saturday, the two second-grade classes, with children aged 5 and 6, gave artistic and musical performances at the Padre Eust\u00e1quio Theater. There, tributes were paid to the daycare center, teachers, and staff of the Padre Eust\u00e1quio Unit. Afterwards, everyone participated in a gathering at the Sacred Hearts Community Center, next to the church.<\/p>\n\n\n\n<p>The students are saying goodbye because the Padre Eust\u00e1quio Daycare Center offers places for children up to 6 years old to attend preschool. From this point on, each family is referred to other schools according to the enrollment process carried out by each family and under the guidance of the municipal or state public education service.<\/p>\n\n\n\n<p>The Padre Eust\u00e1quio Daycare Center, Padre Eust\u00e1quio unit, offers places for children aged 2 to 6 years old, from Nursery I to the 2nd Period. The Coqueiros unit offers places for babies who need nursery care, starting from five months of age.<\/p>\n\n\n\n<p><\/p>","protected":false},"excerpt":{"rendered":"<p>Esse fim de semana foi de festa e de saudade para alunos, professores e pais cujos filhos passaram pelos cuidados da Creche Padre Eust\u00e1quio durante os \u00faltimos anos. A despedida come\u00e7ou na sexta-feira com a celebra\u00e7\u00e3o da Santa Missa em agradecimento a Deus pelo encerramento do ciclo escolar. No s\u00e1bado, as duas turmas do 2\u00ba per\u00edodo com crian\u00e7as entre 5 e 6 anos fizeram apresenta\u00e7\u00f5es art\u00edsticas e musicais no Teatro Padre Eust\u00e1quio. Por l\u00e1, homenagens foram prestadas \u00e0 Creche, aos professores e aos profissionais da Unidade Padre Eust\u00e1quio. Em seguida, todos participaram de um momento de confraterniza\u00e7\u00e3o no Centro Comunit\u00e1rio [&hellip;]<\/p>\n","protected":false},"author":2,"featured_media":9674,"comment_status":"open","ping_status":"closed","sticky":false,"template":"","format":"standard","meta":{"_acf_changed":false,"footnotes":""},"categories":[611],"tags":[],"class_list":["post-9656","post","type-post","status-publish","format-standard","has-post-thumbnail","hentry","category-noticias"],"acf":[],"yoast_head":"<!-- This site is optimized with the Yoast SEO plugin v27.2 - https:\/\/yoast.com\/product\/yoast-seo-wordpress\/ -->\n<title>Creche Padre Eust\u00e1quio faz festa de despedida para alunos do 2\u00ba per\u00edodo<\/title>\n<meta name=\"description\" content=\"Este fim de semana foi de festa e de saudade para alunos, professores e pais cujos filhos passaram pelos cuidados da Creche Padre Eust\u00e1quio durante os \u00faltimos anos. A despedida come\u00e7ou na sexta-feira com a celebra\u00e7\u00e3o da Santa Missa em agradecimento a Deus pelo encerramento do ciclo escolar.\" \/>\n<meta name=\"robots\" content=\"index, follow, max-snippet:-1, max-image-preview:large, max-video-preview:-1\" \/>\n<link rel=\"canonical\" href=\"https:\/\/www.padreeustaquio.com.br\/en\/father-eustaquio-daycare-center-holds-farewell-party-for-students-in-the-second-period\/\" \/>\n<meta property=\"og:locale\" content=\"en_US\" \/>\n<meta property=\"og:type\" content=\"article\" \/>\n<meta property=\"og:title\" content=\"Creche Padre Eust\u00e1quio faz festa de despedida para alunos do 2\u00ba per\u00edodo\" \/>\n<meta property=\"og:description\" content=\"Este fim de semana foi de festa e de saudade para alunos, professores e pais cujos filhos passaram pelos cuidados da Creche Padre Eust\u00e1quio durante os \u00faltimos anos. A despedida come\u00e7ou na sexta-feira com a celebra\u00e7\u00e3o da Santa Missa em agradecimento a Deus pelo encerramento do ciclo escolar.\" \/>\n<meta property=\"og:url\" content=\"https:\/\/www.padreeustaquio.com.br\/en\/father-eustaquio-daycare-center-holds-farewell-party-for-students-in-the-second-period\/\" \/>\n<meta property=\"og:site_name\" content=\"Padre Eust\u00e1quio\" \/>\n<meta property=\"article:publisher\" content=\"https:\/\/www.facebook.com\/beatopadreeustaquio\/\" \/>\n<meta property=\"article:published_time\" content=\"2022-12-19T09:37:00+00:00\" \/>\n<meta property=\"article:modified_time\" content=\"2022-12-19T10:18:47+00:00\" \/>\n<meta property=\"og:image\" content=\"https:\/\/www.padreeustaquio.com.br\/wp-content\/uploads\/2022\/12\/missa-creche-e1671444936337.jpeg\" \/>\n\t<meta property=\"og:image:width\" content=\"1600\" \/>\n\t<meta property=\"og:image:height\" content=\"920\" \/>\n\t<meta property=\"og:image:type\" content=\"image\/jpeg\" \/>\n<meta name=\"author\" content=\"@sscc\" \/>\n<meta name=\"twitter:card\" content=\"summary_large_image\" \/>\n<meta name=\"twitter:creator\" content=\"@beatopeustaquio\" \/>\n<meta name=\"twitter:site\" content=\"@beatopeustaquio\" \/>\n<meta name=\"twitter:label1\" content=\"Written by\" \/>\n\t<meta name=\"twitter:data1\" content=\"@sscc\" \/>\n\t<meta name=\"twitter:label2\" content=\"Est. reading time\" \/>\n\t<meta name=\"twitter:data2\" content=\"2 minutes\" \/>\n<script type=\"application\/ld+json\" class=\"yoast-schema-graph\">{\"@context\":\"https:\/\/schema.org\",\"@graph\":[{\"@type\":\"Article\",\"@id\":\"https:\/\/www.padreeustaquio.com.br\/creche-padre-eustaquio-faz-festa-de-despedida-para-alunos-do-2o-periodo\/#article\",\"isPartOf\":{\"@id\":\"https:\/\/www.padreeustaquio.com.br\/creche-padre-eustaquio-faz-festa-de-despedida-para-alunos-do-2o-periodo\/\"},\"author\":{\"name\":\"@sscc\",\"@id\":\"https:\/\/www.padreeustaquio.com.br\/#\/schema\/person\/a2a51db1d00f1a7af0204a0f1ddb1566\"},\"headline\":\"Creche Padre Eust\u00e1quio faz festa de despedida para alunos do 2\u00ba per\u00edodo\",\"datePublished\":\"2022-12-19T09:37:00+00:00\",\"dateModified\":\"2022-12-19T10:18:47+00:00\",\"mainEntityOfPage\":{\"@id\":\"https:\/\/www.padreeustaquio.com.br\/creche-padre-eustaquio-faz-festa-de-despedida-para-alunos-do-2o-periodo\/\"},\"wordCount\":241,\"commentCount\":0,\"publisher\":{\"@id\":\"https:\/\/www.padreeustaquio.com.br\/#organization\"},\"image\":{\"@id\":\"https:\/\/www.padreeustaquio.com.br\/creche-padre-eustaquio-faz-festa-de-despedida-para-alunos-do-2o-periodo\/#primaryimage\"},\"thumbnailUrl\":\"https:\/\/www.padreeustaquio.com.br\/wp-content\/uploads\/2022\/12\/missa-creche-e1671444936337.jpeg\",\"articleSection\":[\"Not\u00edcias\"],\"inLanguage\":\"en-US\",\"potentialAction\":[{\"@type\":\"CommentAction\",\"name\":\"Comment\",\"target\":[\"https:\/\/www.padreeustaquio.com.br\/creche-padre-eustaquio-faz-festa-de-despedida-para-alunos-do-2o-periodo\/#respond\"]}]},{\"@type\":\"WebPage\",\"@id\":\"https:\/\/www.padreeustaquio.com.br\/creche-padre-eustaquio-faz-festa-de-despedida-para-alunos-do-2o-periodo\/\",\"url\":\"https:\/\/www.padreeustaquio.com.br\/creche-padre-eustaquio-faz-festa-de-despedida-para-alunos-do-2o-periodo\/\",\"name\":\"Creche Padre Eust\u00e1quio faz festa de despedida para alunos do 2\u00ba per\u00edodo\",\"isPartOf\":{\"@id\":\"https:\/\/www.padreeustaquio.com.br\/#website\"},\"primaryImageOfPage\":{\"@id\":\"https:\/\/www.padreeustaquio.com.br\/creche-padre-eustaquio-faz-festa-de-despedida-para-alunos-do-2o-periodo\/#primaryimage\"},\"image\":{\"@id\":\"https:\/\/www.padreeustaquio.com.br\/creche-padre-eustaquio-faz-festa-de-despedida-para-alunos-do-2o-periodo\/#primaryimage\"},\"thumbnailUrl\":\"https:\/\/www.padreeustaquio.com.br\/wp-content\/uploads\/2022\/12\/missa-creche-e1671444936337.jpeg\",\"datePublished\":\"2022-12-19T09:37:00+00:00\",\"dateModified\":\"2022-12-19T10:18:47+00:00\",\"description\":\"Este fim de semana foi de festa e de saudade para alunos, professores e pais cujos filhos passaram pelos cuidados da Creche Padre Eust\u00e1quio durante os \u00faltimos anos. A despedida come\u00e7ou na sexta-feira com a celebra\u00e7\u00e3o da Santa Missa em agradecimento a Deus pelo encerramento do ciclo escolar.\",\"breadcrumb\":{\"@id\":\"https:\/\/www.padreeustaquio.com.br\/creche-padre-eustaquio-faz-festa-de-despedida-para-alunos-do-2o-periodo\/#breadcrumb\"},\"inLanguage\":\"en-US\",\"potentialAction\":[{\"@type\":\"ReadAction\",\"target\":[\"https:\/\/www.padreeustaquio.com.br\/creche-padre-eustaquio-faz-festa-de-despedida-para-alunos-do-2o-periodo\/\"]}]},{\"@type\":\"ImageObject\",\"inLanguage\":\"en-US\",\"@id\":\"https:\/\/www.padreeustaquio.com.br\/creche-padre-eustaquio-faz-festa-de-despedida-para-alunos-do-2o-periodo\/#primaryimage\",\"url\":\"https:\/\/www.padreeustaquio.com.br\/wp-content\/uploads\/2022\/12\/missa-creche-e1671444936337.jpeg\",\"contentUrl\":\"https:\/\/www.padreeustaquio.com.br\/wp-content\/uploads\/2022\/12\/missa-creche-e1671444936337.jpeg\",\"width\":1600,\"height\":920},{\"@type\":\"BreadcrumbList\",\"@id\":\"https:\/\/www.padreeustaquio.com.br\/creche-padre-eustaquio-faz-festa-de-despedida-para-alunos-do-2o-periodo\/#breadcrumb\",\"itemListElement\":[{\"@type\":\"ListItem\",\"position\":1,\"name\":\"In\u00edcio\",\"item\":\"https:\/\/www.padreeustaquio.com.br\/\"},{\"@type\":\"ListItem\",\"position\":2,\"name\":\"Creche Padre Eust\u00e1quio faz festa de despedida para alunos do 2\u00ba per\u00edodo\"}]},{\"@type\":\"WebSite\",\"@id\":\"https:\/\/www.padreeustaquio.com.br\/#website\",\"url\":\"https:\/\/www.padreeustaquio.com.br\/\",\"name\":\"Padre Eust\u00e1quio\",\"description\":\"Sa\u00fade e Paz\",\"publisher\":{\"@id\":\"https:\/\/www.padreeustaquio.com.br\/#organization\"},\"potentialAction\":[{\"@type\":\"SearchAction\",\"target\":{\"@type\":\"EntryPoint\",\"urlTemplate\":\"https:\/\/www.padreeustaquio.com.br\/?s={search_term_string}\"},\"query-input\":{\"@type\":\"PropertyValueSpecification\",\"valueRequired\":true,\"valueName\":\"search_term_string\"}}],\"inLanguage\":\"en-US\"},{\"@type\":\"Organization\",\"@id\":\"https:\/\/www.padreeustaquio.com.br\/#organization\",\"name\":\"Padre Eust\u00e1quio\",\"url\":\"https:\/\/www.padreeustaquio.com.br\/\",\"logo\":{\"@type\":\"ImageObject\",\"inLanguage\":\"en-US\",\"@id\":\"https:\/\/www.padreeustaquio.com.br\/#\/schema\/logo\/image\/\",\"url\":\"https:\/\/www.padreeustaquio.com.br\/wp-content\/uploads\/2019\/08\/marca.png\",\"contentUrl\":\"https:\/\/www.padreeustaquio.com.br\/wp-content\/uploads\/2019\/08\/marca.png\",\"width\":350,\"height\":400,\"caption\":\"Padre Eust\u00e1quio\"},\"image\":{\"@id\":\"https:\/\/www.padreeustaquio.com.br\/#\/schema\/logo\/image\/\"},\"sameAs\":[\"https:\/\/www.facebook.com\/beatopadreeustaquio\/\",\"https:\/\/x.com\/beatopeustaquio\",\"https:\/\/www.instagram.com\/beatopadreeustaquio\/\",\"https:\/\/www.youtube.com\/channel\/UCRhw7vfabnajwLxb1ZXMeIw\"]},{\"@type\":\"Person\",\"@id\":\"https:\/\/www.padreeustaquio.com.br\/#\/schema\/person\/a2a51db1d00f1a7af0204a0f1ddb1566\",\"name\":\"@sscc\",\"image\":{\"@type\":\"ImageObject\",\"inLanguage\":\"en-US\",\"@id\":\"https:\/\/secure.gravatar.com\/avatar\/68cfafa5f44617fea54071e215026e0ff06be366c3d54a8425f04fdcb86f8c5f?s=96&d=mm&r=g\",\"url\":\"https:\/\/secure.gravatar.com\/avatar\/68cfafa5f44617fea54071e215026e0ff06be366c3d54a8425f04fdcb86f8c5f?s=96&d=mm&r=g\",\"contentUrl\":\"https:\/\/secure.gravatar.com\/avatar\/68cfafa5f44617fea54071e215026e0ff06be366c3d54a8425f04fdcb86f8c5f?s=96&d=mm&r=g\",\"caption\":\"@sscc\"},\"url\":\"https:\/\/www.padreeustaquio.com.br\/en\/author\/sscc\/\"}]}<\/script>\n<!-- \/ Yoast SEO plugin. -->","yoast_head_json":{"title":"Padre Eust\u00e1quio Daycare Center holds farewell party for students in their second year of study.","description":"This weekend was a time of celebration and nostalgia for students, teachers, and parents whose children were cared for at the Padre Eust\u00e1quio Daycare Center over the past few years. The farewell began on Friday with the celebration of Holy Mass in thanksgiving to God for the closing of the school year.","robots":{"index":"index","follow":"follow","max-snippet":"max-snippet:-1","max-image-preview":"max-image-preview:large","max-video-preview":"max-video-preview:-1"},"canonical":"https:\/\/www.padreeustaquio.com.br\/en\/father-eustaquio-daycare-center-holds-farewell-party-for-students-in-the-second-period\/","og_locale":"en_US","og_type":"article","og_title":"Creche Padre Eust\u00e1quio faz festa de despedida para alunos do 2\u00ba per\u00edodo","og_description":"Este fim de semana foi de festa e de saudade para alunos, professores e pais cujos filhos passaram pelos cuidados da Creche Padre Eust\u00e1quio durante os \u00faltimos anos. A despedida come\u00e7ou na sexta-feira com a celebra\u00e7\u00e3o da Santa Missa em agradecimento a Deus pelo encerramento do ciclo escolar.","og_url":"https:\/\/www.padreeustaquio.com.br\/en\/father-eustaquio-daycare-center-holds-farewell-party-for-students-in-the-second-period\/","og_site_name":"Padre Eust\u00e1quio","article_publisher":"https:\/\/www.facebook.com\/beatopadreeustaquio\/","article_published_time":"2022-12-19T09:37:00+00:00","article_modified_time":"2022-12-19T10:18:47+00:00","og_image":[{"width":1600,"height":920,"url":"https:\/\/www.padreeustaquio.com.br\/wp-content\/uploads\/2022\/12\/missa-creche-e1671444936337.jpeg","type":"image\/jpeg"}],"author":"@sscc","twitter_card":"summary_large_image","twitter_creator":"@beatopeustaquio","twitter_site":"@beatopeustaquio","twitter_misc":{"Written by":"@sscc","Est. reading time":"2 minutes"},"schema":{"@context":"https:\/\/schema.org","@graph":[{"@type":"Article","@id":"https:\/\/www.padreeustaquio.com.br\/creche-padre-eustaquio-faz-festa-de-despedida-para-alunos-do-2o-periodo\/#article","isPartOf":{"@id":"https:\/\/www.padreeustaquio.com.br\/creche-padre-eustaquio-faz-festa-de-despedida-para-alunos-do-2o-periodo\/"},"author":{"name":"@sscc","@id":"https:\/\/www.padreeustaquio.com.br\/#\/schema\/person\/a2a51db1d00f1a7af0204a0f1ddb1566"},"headline":"Creche Padre Eust\u00e1quio faz festa de despedida para alunos do 2\u00ba per\u00edodo","datePublished":"2022-12-19T09:37:00+00:00","dateModified":"2022-12-19T10:18:47+00:00","mainEntityOfPage":{"@id":"https:\/\/www.padreeustaquio.com.br\/creche-padre-eustaquio-faz-festa-de-despedida-para-alunos-do-2o-periodo\/"},"wordCount":241,"commentCount":0,"publisher":{"@id":"https:\/\/www.padreeustaquio.com.br\/#organization"},"image":{"@id":"https:\/\/www.padreeustaquio.com.br\/creche-padre-eustaquio-faz-festa-de-despedida-para-alunos-do-2o-periodo\/#primaryimage"},"thumbnailUrl":"https:\/\/www.padreeustaquio.com.br\/wp-content\/uploads\/2022\/12\/missa-creche-e1671444936337.jpeg","articleSection":["Not\u00edcias"],"inLanguage":"en-US","potentialAction":[{"@type":"CommentAction","name":"Comment","target":["https:\/\/www.padreeustaquio.com.br\/creche-padre-eustaquio-faz-festa-de-despedida-para-alunos-do-2o-periodo\/#respond"]}]},{"@type":"WebPage","@id":"https:\/\/www.padreeustaquio.com.br\/creche-padre-eustaquio-faz-festa-de-despedida-para-alunos-do-2o-periodo\/","url":"https:\/\/www.padreeustaquio.com.br\/creche-padre-eustaquio-faz-festa-de-despedida-para-alunos-do-2o-periodo\/","name":"Padre Eust\u00e1quio Daycare Center holds farewell party for students in their second year of study.","isPartOf":{"@id":"https:\/\/www.padreeustaquio.com.br\/#website"},"primaryImageOfPage":{"@id":"https:\/\/www.padreeustaquio.com.br\/creche-padre-eustaquio-faz-festa-de-despedida-para-alunos-do-2o-periodo\/#primaryimage"},"image":{"@id":"https:\/\/www.padreeustaquio.com.br\/creche-padre-eustaquio-faz-festa-de-despedida-para-alunos-do-2o-periodo\/#primaryimage"},"thumbnailUrl":"https:\/\/www.padreeustaquio.com.br\/wp-content\/uploads\/2022\/12\/missa-creche-e1671444936337.jpeg","datePublished":"2022-12-19T09:37:00+00:00","dateModified":"2022-12-19T10:18:47+00:00","description":"This weekend was a time of celebration and nostalgia for students, teachers, and parents whose children were cared for at the Padre Eust\u00e1quio Daycare Center over the past few years. The farewell began on Friday with the celebration of Holy Mass in thanksgiving to God for the closing of the school year.","breadcrumb":{"@id":"https:\/\/www.padreeustaquio.com.br\/creche-padre-eustaquio-faz-festa-de-despedida-para-alunos-do-2o-periodo\/#breadcrumb"},"inLanguage":"en-US","potentialAction":[{"@type":"ReadAction","target":["https:\/\/www.padreeustaquio.com.br\/creche-padre-eustaquio-faz-festa-de-despedida-para-alunos-do-2o-periodo\/"]}]},{"@type":"ImageObject","inLanguage":"en-US","@id":"https:\/\/www.padreeustaquio.com.br\/creche-padre-eustaquio-faz-festa-de-despedida-para-alunos-do-2o-periodo\/#primaryimage","url":"https:\/\/www.padreeustaquio.com.br\/wp-content\/uploads\/2022\/12\/missa-creche-e1671444936337.jpeg","contentUrl":"https:\/\/www.padreeustaquio.com.br\/wp-content\/uploads\/2022\/12\/missa-creche-e1671444936337.jpeg","width":1600,"height":920},{"@type":"BreadcrumbList","@id":"https:\/\/www.padreeustaquio.com.br\/creche-padre-eustaquio-faz-festa-de-despedida-para-alunos-do-2o-periodo\/#breadcrumb","itemListElement":[{"@type":"ListItem","position":1,"name":"In\u00edcio","item":"https:\/\/www.padreeustaquio.com.br\/"},{"@type":"ListItem","position":2,"name":"Creche Padre Eust\u00e1quio faz festa de despedida para alunos do 2\u00ba per\u00edodo"}]},{"@type":"WebSite","@id":"https:\/\/www.padreeustaquio.com.br\/#website","url":"https:\/\/www.padreeustaquio.com.br\/","name":"FATHER EUST\u00c1QUIO","description":"Health and Peace","publisher":{"@id":"https:\/\/www.padreeustaquio.com.br\/#organization"},"potentialAction":[{"@type":"SearchAction","target":{"@type":"EntryPoint","urlTemplate":"https:\/\/www.padreeustaquio.com.br\/?s={search_term_string}"},"query-input":{"@type":"PropertyValueSpecification","valueRequired":true,"valueName":"search_term_string"}}],"inLanguage":"en-US"},{"@type":"Organization","@id":"https:\/\/www.padreeustaquio.com.br\/#organization","name":"FATHER EUST\u00c1QUIO","url":"https:\/\/www.padreeustaquio.com.br\/","logo":{"@type":"ImageObject","inLanguage":"en-US","@id":"https:\/\/www.padreeustaquio.com.br\/#\/schema\/logo\/image\/","url":"https:\/\/www.padreeustaquio.com.br\/wp-content\/uploads\/2019\/08\/marca.png","contentUrl":"https:\/\/www.padreeustaquio.com.br\/wp-content\/uploads\/2019\/08\/marca.png","width":350,"height":400,"caption":"Padre Eust\u00e1quio"},"image":{"@id":"https:\/\/www.padreeustaquio.com.br\/#\/schema\/logo\/image\/"},"sameAs":["https:\/\/www.facebook.com\/beatopadreeustaquio\/","https:\/\/x.com\/beatopeustaquio","https:\/\/www.instagram.com\/beatopadreeustaquio\/","https:\/\/www.youtube.com\/channel\/UCRhw7vfabnajwLxb1ZXMeIw"]},{"@type":"Person","@id":"https:\/\/www.padreeustaquio.com.br\/#\/schema\/person\/a2a51db1d00f1a7af0204a0f1ddb1566","name":"@sscc","image":{"@type":"ImageObject","inLanguage":"en-US","@id":"https:\/\/secure.gravatar.com\/avatar\/68cfafa5f44617fea54071e215026e0ff06be366c3d54a8425f04fdcb86f8c5f?s=96&d=mm&r=g","url":"https:\/\/secure.gravatar.com\/avatar\/68cfafa5f44617fea54071e215026e0ff06be366c3d54a8425f04fdcb86f8c5f?s=96&d=mm&r=g","contentUrl":"https:\/\/secure.gravatar.com\/avatar\/68cfafa5f44617fea54071e215026e0ff06be366c3d54a8425f04fdcb86f8c5f?s=96&d=mm&r=g","caption":"@sscc"},"url":"https:\/\/www.padreeustaquio.com.br\/en\/author\/sscc\/"}]}},"_links":{"self":[{"href":"https:\/\/www.padreeustaquio.com.br\/en\/wp-json\/wp\/v2\/posts\/9656","targetHints":{"allow":["GET"]}}],"collection":[{"href":"https:\/\/www.padreeustaquio.com.br\/en\/wp-json\/wp\/v2\/posts"}],"about":[{"href":"https:\/\/www.padreeustaquio.com.br\/en\/wp-json\/wp\/v2\/types\/post"}],"author":[{"embeddable":true,"href":"https:\/\/www.padreeustaquio.com.br\/en\/wp-json\/wp\/v2\/users\/2"}],"replies":[{"embeddable":true,"href":"https:\/\/www.padreeustaquio.com.br\/en\/wp-json\/wp\/v2\/comments?post=9656"}],"version-history":[{"count":0,"href":"https:\/\/www.padreeustaquio.com.br\/en\/wp-json\/wp\/v2\/posts\/9656\/revisions"}],"wp:featuredmedia":[{"embeddable":true,"href":"https:\/\/www.padreeustaquio.com.br\/en\/wp-json\/wp\/v2\/media\/9674"}],"wp:attachment":[{"href":"https:\/\/www.padreeustaquio.com.br\/en\/wp-json\/wp\/v2\/media?parent=9656"}],"wp:term":[{"taxonomy":"category","embeddable":true,"href":"https:\/\/www.padreeustaquio.com.br\/en\/wp-json\/wp\/v2\/categories?post=9656"},{"taxonomy":"post_tag","embeddable":true,"href":"https:\/\/www.padreeustaquio.com.br\/en\/wp-json\/wp\/v2\/tags?post=9656"}],"curies":[{"name":"wp","href":"https:\/\/api.w.org\/{rel}","templated":true}]}}