{"id":9648,"date":"2022-12-22T05:59:00","date_gmt":"2022-12-22T08:59:00","guid":{"rendered":"https:\/\/www.padreeustaquio.com.br\/?p=9648"},"modified":"2022-12-19T07:32:00","modified_gmt":"2022-12-19T10:32:00","slug":"discover-the-story-of-saint-nicholas-the-real-santa-claus","status":"publish","type":"post","link":"https:\/\/www.padreeustaquio.com.br\/en\/discover-the-story-of-saint-nicholas-the-real-santa-claus\/","title":{"rendered":"Discover the story of Saint Nicholas, the real Santa Claus."},"content":{"rendered":"<p>Throughout the month of December, our Sanctuary of Health and Peace has been celebrating the Christmas season, highlighting the true meaning of Christmas: the celebration of the coming of Jesus. During this time, the coffee served on Sunday mornings has taken on a special touch with Christmas music and treats for the children. A vast program also invites pilgrims to get into the spirit, such as the Christmas Cantata and Concert held in recent weeks.<\/p>\n\n\n<div class=\"wp-block-image\">\n<figure class=\"alignleft size-medium is-resized\"><img fetchpriority=\"high\" decoding=\"async\" src=\"https:\/\/www.padreeustaquio.com.br\/wp-content\/uploads\/2022\/12\/barraca-de-sao-nicolau-254x300.jpeg\" alt=\"\" class=\"wp-image-9650\" width=\"285\" height=\"337\" srcset=\"https:\/\/www.padreeustaquio.com.br\/wp-content\/uploads\/2022\/12\/barraca-de-sao-nicolau-254x300.jpeg 254w, https:\/\/www.padreeustaquio.com.br\/wp-content\/uploads\/2022\/12\/barraca-de-sao-nicolau-866x1024.jpeg 866w, https:\/\/www.padreeustaquio.com.br\/wp-content\/uploads\/2022\/12\/barraca-de-sao-nicolau-768x908.jpeg 768w, https:\/\/www.padreeustaquio.com.br\/wp-content\/uploads\/2022\/12\/barraca-de-sao-nicolau.jpeg 1083w\" sizes=\"(max-width: 285px) 100vw, 285px\" \/><figcaption class=\"wp-element-caption\">Saint Nicholas&#039; tent at Father Eustace&#039;s Church<\/figcaption><\/figure>\n<\/div>\n\n\n<p>But one very striking figure, attracting the attention of children and boosting commerce quite extensively during this Christmas season, is Santa Claus. But did this character really exist? Who is the real &quot;Good Old Man&quot;?<\/p>\n\n\n\n<p>Believe it or not\u2026 Santa Claus really exists and lives in Heaven! He is a saint of the Catholic Church: Saint Nicholas. He appears at Christmas because Saint Nicholas&#039; Day is very close to the date: December 6th. The tradition of children receiving gifts and sweets on Saint Nicholas&#039; Day began in Germany, but it soon spread throughout Europe. This is because Bishop Nicholas was known for asking for toys and distributing them to needy children in Turkey, where he was born, lived his priestly mission, and died.<\/p>\n\n\n\n<p><strong>How did Nicholas become Santa Claus?<\/strong><\/p>\n\n\n\n<p>It was in the United States, in 1822. A New York teacher, Clement Clark Moore, wrote a story in the form of a poem for his children called &quot;A Visit from St. Nicholas.&quot; In this poem, he invented that Nicholas traveled in a sleigh pulled by reindeer, entered through the chimney, etc. And, since in the United States the majority of the population was Protestant, businesses didn&#039;t sell sweets and toys at Christmas time as they did in Europe on St. Nicholas Day. So they had the idea of spreading the story of Thomas Nast&#039;s poem and transforming it into a legend where a kind old man who has a gift factory at the North Pole delivers presents to children at Christmas, so that parents would buy presents and not disappoint their children.<\/p>\n\n\n<div class=\"wp-block-image\">\n<figure class=\"alignright size-medium is-resized\"><img decoding=\"async\" src=\"https:\/\/www.padreeustaquio.com.br\/wp-content\/uploads\/2022\/12\/Sao-Nicolau-e-as-criancas-300x200.jpg\" alt=\"\" class=\"wp-image-9651\" width=\"350\" height=\"233\" srcset=\"https:\/\/www.padreeustaquio.com.br\/wp-content\/uploads\/2022\/12\/Sao-Nicolau-e-as-criancas-300x200.jpg 300w, https:\/\/www.padreeustaquio.com.br\/wp-content\/uploads\/2022\/12\/Sao-Nicolau-e-as-criancas-768x512.jpg 768w, https:\/\/www.padreeustaquio.com.br\/wp-content\/uploads\/2022\/12\/Sao-Nicolau-e-as-criancas.jpg 799w\" sizes=\"(max-width: 350px) 100vw, 350px\" \/><figcaption class=\"wp-element-caption\">Image: Missions Portal<\/figcaption><\/figure>\n<\/div>\n\n\n<p>It wouldn&#039;t have looked good for an American Santa Claus to go around dressed as a Catholic saint. So, for a special Christmas edition of a magazine, the cartoonist Thomas Nast, in 1886, took advantage of the chubby, white-bearded, red-robed figure of a bishop, but swapped his bishop&#039;s robes for warmer ones, with good boots and furs for walking in the snow. But even today in Europe, children celebrate Saint Nicholas: wearing the ecclesiastical vestments of a bishop, but instead of a red cap, they wear an episcopal mitre.<\/p>\n\n\n\n<p>Noel refers to the word &quot;Christmas.&quot; But in each part of the world, it is called by a different name. <\/p>\n\n\n\n<p>Now that we know all about the real Santa Claus, we can use the figure of &quot;Father Christmas&quot; in our Christmas decorations, certain that Saint Nicholas will be represented in it. Saint Nicholas, or Santa Claus as we call him, represents kindness, charity, and sharing our happiness through gifts for the birth of the Baby Jesus. It only loses its meaning when people forget the birthday boy\u2026 Because Nicholas is a friend of Jesus, and Jesus is the true owner of the celebration.<\/p>\n\n\n\n<p><\/p>\n\n\n\n<p><em>*with information from blog.cancaonova.com.br<\/em><\/p>\n\n\n\n<p><\/p>","protected":false},"excerpt":{"rendered":"<p>Durante todo o m\u00eas de dezembro, nosso Santu\u00e1rio da Sa\u00fade e da Paz tem celebrado o per\u00edodo natalino, ressaltando o verdadeiro sentido do Natal, a celebra\u00e7\u00e3o da vinda de Jesus. Neste tempo, os cafezinhos servidos aos domingos pela manh\u00e3, ganharam um toque diferente com m\u00fasicas natalinas e guloseimas para as crian\u00e7as. Uma vasta programa\u00e7\u00e3o tamb\u00e9m convida os peregrinos a entrarem no clima, como a Cantata e o Concerto de Natal realizados nas \u00faltimas semanas. Mas, uma figura muito chamativa, atrai os olhares das crian\u00e7as e movimenta o com\u00e9rcio de uma forma bastante ampla neste per\u00edodo natalino, \u00e9 o Papai Noel. [&hellip;]<\/p>\n","protected":false},"author":2,"featured_media":9649,"comment_status":"open","ping_status":"closed","sticky":false,"template":"","format":"standard","meta":{"_acf_changed":false,"footnotes":""},"categories":[611],"tags":[],"class_list":["post-9648","post","type-post","status-publish","format-standard","has-post-thumbnail","hentry","category-noticias"],"acf":[],"yoast_head":"<!-- This site is optimized with the Yoast SEO plugin v27.2 - https:\/\/yoast.com\/product\/yoast-seo-wordpress\/ -->\n<title>Conhe\u00e7a a hist\u00f3ria de S\u00e3o Nicolau o verdadeiro Papai Noel<\/title>\n<meta name=\"description\" content=\"Durante todo o m\u00eas de dezembro, nosso Santu\u00e1rio da Sa\u00fade e da Paz tem celebrado o per\u00edodo natalino, ressaltando o verdadeiro sentido do Natal, a celebra\u00e7\u00e3o da vinda de Jesus.Mas, uma figura muito chamativa, atrai os olhares das crian\u00e7as e movimenta o com\u00e9rcio de uma forma bastante ampla neste per\u00edodo natalino, \u00e9 o Papai Noel. Mas, este personagem realmente existiu? Quem \u00e9 o verdadeiro &quot;Bom Velhinho&quot;?\" \/>\n<meta name=\"robots\" content=\"index, follow, max-snippet:-1, max-image-preview:large, max-video-preview:-1\" \/>\n<link rel=\"canonical\" href=\"https:\/\/www.padreeustaquio.com.br\/en\/discover-the-story-of-saint-nicholas-the-real-santa-claus\/\" \/>\n<meta property=\"og:locale\" content=\"en_US\" \/>\n<meta property=\"og:type\" content=\"article\" \/>\n<meta property=\"og:title\" content=\"Conhe\u00e7a a hist\u00f3ria de S\u00e3o Nicolau o verdadeiro Papai Noel\" \/>\n<meta property=\"og:description\" content=\"Durante todo o m\u00eas de dezembro, nosso Santu\u00e1rio da Sa\u00fade e da Paz tem celebrado o per\u00edodo natalino, ressaltando o verdadeiro sentido do Natal, a celebra\u00e7\u00e3o da vinda de Jesus.Mas, uma figura muito chamativa, atrai os olhares das crian\u00e7as e movimenta o com\u00e9rcio de uma forma bastante ampla neste per\u00edodo natalino, \u00e9 o Papai Noel. Mas, este personagem realmente existiu? Quem \u00e9 o verdadeiro &quot;Bom Velhinho&quot;?\" \/>\n<meta property=\"og:url\" content=\"https:\/\/www.padreeustaquio.com.br\/en\/discover-the-story-of-saint-nicholas-the-real-santa-claus\/\" \/>\n<meta property=\"og:site_name\" content=\"Padre Eust\u00e1quio\" \/>\n<meta property=\"article:publisher\" content=\"https:\/\/www.facebook.com\/beatopadreeustaquio\/\" \/>\n<meta property=\"article:published_time\" content=\"2022-12-22T08:59:00+00:00\" \/>\n<meta property=\"og:image\" content=\"https:\/\/www.padreeustaquio.com.br\/wp-content\/uploads\/2022\/12\/sao-nicolau.jpg\" \/>\n\t<meta property=\"og:image:width\" content=\"799\" \/>\n\t<meta property=\"og:image:height\" content=\"418\" \/>\n\t<meta property=\"og:image:type\" content=\"image\/jpeg\" \/>\n<meta name=\"author\" content=\"@sscc\" \/>\n<meta name=\"twitter:card\" content=\"summary_large_image\" \/>\n<meta name=\"twitter:image\" content=\"https:\/\/www.padreeustaquio.com.br\/wp-content\/uploads\/2022\/12\/sao-nicolau.jpg\" \/>\n<meta name=\"twitter:creator\" content=\"@beatopeustaquio\" \/>\n<meta name=\"twitter:site\" content=\"@beatopeustaquio\" \/>\n<meta name=\"twitter:label1\" content=\"Written by\" \/>\n\t<meta name=\"twitter:data1\" content=\"@sscc\" \/>\n\t<meta name=\"twitter:label2\" content=\"Est. reading time\" \/>\n\t<meta name=\"twitter:data2\" content=\"3 minutes\" \/>\n<script type=\"application\/ld+json\" class=\"yoast-schema-graph\">{\"@context\":\"https:\/\/schema.org\",\"@graph\":[{\"@type\":\"Article\",\"@id\":\"https:\/\/www.padreeustaquio.com.br\/conheca-a-historia-de-sao-nicolau-o-verdadeiro-papai-noel\/#article\",\"isPartOf\":{\"@id\":\"https:\/\/www.padreeustaquio.com.br\/conheca-a-historia-de-sao-nicolau-o-verdadeiro-papai-noel\/\"},\"author\":{\"name\":\"@sscc\",\"@id\":\"https:\/\/www.padreeustaquio.com.br\/#\/schema\/person\/a2a51db1d00f1a7af0204a0f1ddb1566\"},\"headline\":\"Conhe\u00e7a a hist\u00f3ria de S\u00e3o Nicolau o verdadeiro Papai Noel\",\"datePublished\":\"2022-12-22T08:59:00+00:00\",\"mainEntityOfPage\":{\"@id\":\"https:\/\/www.padreeustaquio.com.br\/conheca-a-historia-de-sao-nicolau-o-verdadeiro-papai-noel\/\"},\"wordCount\":594,\"commentCount\":0,\"publisher\":{\"@id\":\"https:\/\/www.padreeustaquio.com.br\/#organization\"},\"image\":{\"@id\":\"https:\/\/www.padreeustaquio.com.br\/conheca-a-historia-de-sao-nicolau-o-verdadeiro-papai-noel\/#primaryimage\"},\"thumbnailUrl\":\"https:\/\/www.padreeustaquio.com.br\/wp-content\/uploads\/2022\/12\/sao-nicolau.jpg\",\"articleSection\":[\"Not\u00edcias\"],\"inLanguage\":\"en-US\",\"potentialAction\":[{\"@type\":\"CommentAction\",\"name\":\"Comment\",\"target\":[\"https:\/\/www.padreeustaquio.com.br\/conheca-a-historia-de-sao-nicolau-o-verdadeiro-papai-noel\/#respond\"]}]},{\"@type\":\"WebPage\",\"@id\":\"https:\/\/www.padreeustaquio.com.br\/conheca-a-historia-de-sao-nicolau-o-verdadeiro-papai-noel\/\",\"url\":\"https:\/\/www.padreeustaquio.com.br\/conheca-a-historia-de-sao-nicolau-o-verdadeiro-papai-noel\/\",\"name\":\"Conhe\u00e7a a hist\u00f3ria de S\u00e3o Nicolau o verdadeiro Papai Noel\",\"isPartOf\":{\"@id\":\"https:\/\/www.padreeustaquio.com.br\/#website\"},\"primaryImageOfPage\":{\"@id\":\"https:\/\/www.padreeustaquio.com.br\/conheca-a-historia-de-sao-nicolau-o-verdadeiro-papai-noel\/#primaryimage\"},\"image\":{\"@id\":\"https:\/\/www.padreeustaquio.com.br\/conheca-a-historia-de-sao-nicolau-o-verdadeiro-papai-noel\/#primaryimage\"},\"thumbnailUrl\":\"https:\/\/www.padreeustaquio.com.br\/wp-content\/uploads\/2022\/12\/sao-nicolau.jpg\",\"datePublished\":\"2022-12-22T08:59:00+00:00\",\"description\":\"Durante todo o m\u00eas de dezembro, nosso Santu\u00e1rio da Sa\u00fade e da Paz tem celebrado o per\u00edodo natalino, ressaltando o verdadeiro sentido do Natal, a celebra\u00e7\u00e3o da vinda de Jesus.Mas, uma figura muito chamativa, atrai os olhares das crian\u00e7as e movimenta o com\u00e9rcio de uma forma bastante ampla neste per\u00edodo natalino, \u00e9 o Papai Noel. Mas, este personagem realmente existiu? Quem \u00e9 o verdadeiro \\\"Bom Velhinho\\\"?\",\"breadcrumb\":{\"@id\":\"https:\/\/www.padreeustaquio.com.br\/conheca-a-historia-de-sao-nicolau-o-verdadeiro-papai-noel\/#breadcrumb\"},\"inLanguage\":\"en-US\",\"potentialAction\":[{\"@type\":\"ReadAction\",\"target\":[\"https:\/\/www.padreeustaquio.com.br\/conheca-a-historia-de-sao-nicolau-o-verdadeiro-papai-noel\/\"]}]},{\"@type\":\"ImageObject\",\"inLanguage\":\"en-US\",\"@id\":\"https:\/\/www.padreeustaquio.com.br\/conheca-a-historia-de-sao-nicolau-o-verdadeiro-papai-noel\/#primaryimage\",\"url\":\"https:\/\/www.padreeustaquio.com.br\/wp-content\/uploads\/2022\/12\/sao-nicolau.jpg\",\"contentUrl\":\"https:\/\/www.padreeustaquio.com.br\/wp-content\/uploads\/2022\/12\/sao-nicolau.jpg\",\"width\":799,\"height\":418,\"caption\":\"Imagem: Portal das Miss\u00f5es\"},{\"@type\":\"BreadcrumbList\",\"@id\":\"https:\/\/www.padreeustaquio.com.br\/conheca-a-historia-de-sao-nicolau-o-verdadeiro-papai-noel\/#breadcrumb\",\"itemListElement\":[{\"@type\":\"ListItem\",\"position\":1,\"name\":\"In\u00edcio\",\"item\":\"https:\/\/www.padreeustaquio.com.br\/\"},{\"@type\":\"ListItem\",\"position\":2,\"name\":\"Conhe\u00e7a a hist\u00f3ria de S\u00e3o Nicolau o verdadeiro Papai Noel\"}]},{\"@type\":\"WebSite\",\"@id\":\"https:\/\/www.padreeustaquio.com.br\/#website\",\"url\":\"https:\/\/www.padreeustaquio.com.br\/\",\"name\":\"Padre Eust\u00e1quio\",\"description\":\"Sa\u00fade e Paz\",\"publisher\":{\"@id\":\"https:\/\/www.padreeustaquio.com.br\/#organization\"},\"potentialAction\":[{\"@type\":\"SearchAction\",\"target\":{\"@type\":\"EntryPoint\",\"urlTemplate\":\"https:\/\/www.padreeustaquio.com.br\/?s={search_term_string}\"},\"query-input\":{\"@type\":\"PropertyValueSpecification\",\"valueRequired\":true,\"valueName\":\"search_term_string\"}}],\"inLanguage\":\"en-US\"},{\"@type\":\"Organization\",\"@id\":\"https:\/\/www.padreeustaquio.com.br\/#organization\",\"name\":\"Padre Eust\u00e1quio\",\"url\":\"https:\/\/www.padreeustaquio.com.br\/\",\"logo\":{\"@type\":\"ImageObject\",\"inLanguage\":\"en-US\",\"@id\":\"https:\/\/www.padreeustaquio.com.br\/#\/schema\/logo\/image\/\",\"url\":\"https:\/\/www.padreeustaquio.com.br\/wp-content\/uploads\/2019\/08\/marca.png\",\"contentUrl\":\"https:\/\/www.padreeustaquio.com.br\/wp-content\/uploads\/2019\/08\/marca.png\",\"width\":350,\"height\":400,\"caption\":\"Padre Eust\u00e1quio\"},\"image\":{\"@id\":\"https:\/\/www.padreeustaquio.com.br\/#\/schema\/logo\/image\/\"},\"sameAs\":[\"https:\/\/www.facebook.com\/beatopadreeustaquio\/\",\"https:\/\/x.com\/beatopeustaquio\",\"https:\/\/www.instagram.com\/beatopadreeustaquio\/\",\"https:\/\/www.youtube.com\/channel\/UCRhw7vfabnajwLxb1ZXMeIw\"]},{\"@type\":\"Person\",\"@id\":\"https:\/\/www.padreeustaquio.com.br\/#\/schema\/person\/a2a51db1d00f1a7af0204a0f1ddb1566\",\"name\":\"@sscc\",\"image\":{\"@type\":\"ImageObject\",\"inLanguage\":\"en-US\",\"@id\":\"https:\/\/secure.gravatar.com\/avatar\/68cfafa5f44617fea54071e215026e0ff06be366c3d54a8425f04fdcb86f8c5f?s=96&d=mm&r=g\",\"url\":\"https:\/\/secure.gravatar.com\/avatar\/68cfafa5f44617fea54071e215026e0ff06be366c3d54a8425f04fdcb86f8c5f?s=96&d=mm&r=g\",\"contentUrl\":\"https:\/\/secure.gravatar.com\/avatar\/68cfafa5f44617fea54071e215026e0ff06be366c3d54a8425f04fdcb86f8c5f?s=96&d=mm&r=g\",\"caption\":\"@sscc\"},\"url\":\"https:\/\/www.padreeustaquio.com.br\/en\/author\/sscc\/\"}]}<\/script>\n<!-- \/ Yoast SEO plugin. -->","yoast_head_json":{"title":"Discover the story of Saint Nicholas, the real Santa Claus.","description":"Throughout the month of December, our Sanctuary of Health and Peace has celebrated the Christmas season, highlighting the true meaning of Christmas, the celebration of the coming of Jesus. But one very striking figure attracts the attention of children and significantly boosts commerce during this Christmas period: Santa Claus. But did this character really exist? Who is the real &quot;Good Old Man&quot;?","robots":{"index":"index","follow":"follow","max-snippet":"max-snippet:-1","max-image-preview":"max-image-preview:large","max-video-preview":"max-video-preview:-1"},"canonical":"https:\/\/www.padreeustaquio.com.br\/en\/discover-the-story-of-saint-nicholas-the-real-santa-claus\/","og_locale":"en_US","og_type":"article","og_title":"Conhe\u00e7a a hist\u00f3ria de S\u00e3o Nicolau o verdadeiro Papai Noel","og_description":"Durante todo o m\u00eas de dezembro, nosso Santu\u00e1rio da Sa\u00fade e da Paz tem celebrado o per\u00edodo natalino, ressaltando o verdadeiro sentido do Natal, a celebra\u00e7\u00e3o da vinda de Jesus.Mas, uma figura muito chamativa, atrai os olhares das crian\u00e7as e movimenta o com\u00e9rcio de uma forma bastante ampla neste per\u00edodo natalino, \u00e9 o Papai Noel. Mas, este personagem realmente existiu? Quem \u00e9 o verdadeiro \"Bom Velhinho\"?","og_url":"https:\/\/www.padreeustaquio.com.br\/en\/discover-the-story-of-saint-nicholas-the-real-santa-claus\/","og_site_name":"Padre Eust\u00e1quio","article_publisher":"https:\/\/www.facebook.com\/beatopadreeustaquio\/","article_published_time":"2022-12-22T08:59:00+00:00","og_image":[{"width":799,"height":418,"url":"https:\/\/www.padreeustaquio.com.br\/wp-content\/uploads\/2022\/12\/sao-nicolau.jpg","type":"image\/jpeg"}],"author":"@sscc","twitter_card":"summary_large_image","twitter_image":"https:\/\/www.padreeustaquio.com.br\/wp-content\/uploads\/2022\/12\/sao-nicolau.jpg","twitter_creator":"@beatopeustaquio","twitter_site":"@beatopeustaquio","twitter_misc":{"Written by":"@sscc","Est. reading time":"3 minutes"},"schema":{"@context":"https:\/\/schema.org","@graph":[{"@type":"Article","@id":"https:\/\/www.padreeustaquio.com.br\/conheca-a-historia-de-sao-nicolau-o-verdadeiro-papai-noel\/#article","isPartOf":{"@id":"https:\/\/www.padreeustaquio.com.br\/conheca-a-historia-de-sao-nicolau-o-verdadeiro-papai-noel\/"},"author":{"name":"@sscc","@id":"https:\/\/www.padreeustaquio.com.br\/#\/schema\/person\/a2a51db1d00f1a7af0204a0f1ddb1566"},"headline":"Conhe\u00e7a a hist\u00f3ria de S\u00e3o Nicolau o verdadeiro Papai Noel","datePublished":"2022-12-22T08:59:00+00:00","mainEntityOfPage":{"@id":"https:\/\/www.padreeustaquio.com.br\/conheca-a-historia-de-sao-nicolau-o-verdadeiro-papai-noel\/"},"wordCount":594,"commentCount":0,"publisher":{"@id":"https:\/\/www.padreeustaquio.com.br\/#organization"},"image":{"@id":"https:\/\/www.padreeustaquio.com.br\/conheca-a-historia-de-sao-nicolau-o-verdadeiro-papai-noel\/#primaryimage"},"thumbnailUrl":"https:\/\/www.padreeustaquio.com.br\/wp-content\/uploads\/2022\/12\/sao-nicolau.jpg","articleSection":["Not\u00edcias"],"inLanguage":"en-US","potentialAction":[{"@type":"CommentAction","name":"Comment","target":["https:\/\/www.padreeustaquio.com.br\/conheca-a-historia-de-sao-nicolau-o-verdadeiro-papai-noel\/#respond"]}]},{"@type":"WebPage","@id":"https:\/\/www.padreeustaquio.com.br\/conheca-a-historia-de-sao-nicolau-o-verdadeiro-papai-noel\/","url":"https:\/\/www.padreeustaquio.com.br\/conheca-a-historia-de-sao-nicolau-o-verdadeiro-papai-noel\/","name":"Discover the story of Saint Nicholas, the real Santa Claus.","isPartOf":{"@id":"https:\/\/www.padreeustaquio.com.br\/#website"},"primaryImageOfPage":{"@id":"https:\/\/www.padreeustaquio.com.br\/conheca-a-historia-de-sao-nicolau-o-verdadeiro-papai-noel\/#primaryimage"},"image":{"@id":"https:\/\/www.padreeustaquio.com.br\/conheca-a-historia-de-sao-nicolau-o-verdadeiro-papai-noel\/#primaryimage"},"thumbnailUrl":"https:\/\/www.padreeustaquio.com.br\/wp-content\/uploads\/2022\/12\/sao-nicolau.jpg","datePublished":"2022-12-22T08:59:00+00:00","description":"Throughout the month of December, our Sanctuary of Health and Peace has celebrated the Christmas season, highlighting the true meaning of Christmas, the celebration of the coming of Jesus. But one very striking figure attracts the attention of children and significantly boosts commerce during this Christmas period: Santa Claus. But did this character really exist? Who is the real &quot;Good Old Man&quot;?","breadcrumb":{"@id":"https:\/\/www.padreeustaquio.com.br\/conheca-a-historia-de-sao-nicolau-o-verdadeiro-papai-noel\/#breadcrumb"},"inLanguage":"en-US","potentialAction":[{"@type":"ReadAction","target":["https:\/\/www.padreeustaquio.com.br\/conheca-a-historia-de-sao-nicolau-o-verdadeiro-papai-noel\/"]}]},{"@type":"ImageObject","inLanguage":"en-US","@id":"https:\/\/www.padreeustaquio.com.br\/conheca-a-historia-de-sao-nicolau-o-verdadeiro-papai-noel\/#primaryimage","url":"https:\/\/www.padreeustaquio.com.br\/wp-content\/uploads\/2022\/12\/sao-nicolau.jpg","contentUrl":"https:\/\/www.padreeustaquio.com.br\/wp-content\/uploads\/2022\/12\/sao-nicolau.jpg","width":799,"height":418,"caption":"Imagem: Portal das Miss\u00f5es"},{"@type":"BreadcrumbList","@id":"https:\/\/www.padreeustaquio.com.br\/conheca-a-historia-de-sao-nicolau-o-verdadeiro-papai-noel\/#breadcrumb","itemListElement":[{"@type":"ListItem","position":1,"name":"In\u00edcio","item":"https:\/\/www.padreeustaquio.com.br\/"},{"@type":"ListItem","position":2,"name":"Conhe\u00e7a a hist\u00f3ria de S\u00e3o Nicolau o verdadeiro Papai Noel"}]},{"@type":"WebSite","@id":"https:\/\/www.padreeustaquio.com.br\/#website","url":"https:\/\/www.padreeustaquio.com.br\/","name":"FATHER EUST\u00c1QUIO","description":"Health and Peace","publisher":{"@id":"https:\/\/www.padreeustaquio.com.br\/#organization"},"potentialAction":[{"@type":"SearchAction","target":{"@type":"EntryPoint","urlTemplate":"https:\/\/www.padreeustaquio.com.br\/?s={search_term_string}"},"query-input":{"@type":"PropertyValueSpecification","valueRequired":true,"valueName":"search_term_string"}}],"inLanguage":"en-US"},{"@type":"Organization","@id":"https:\/\/www.padreeustaquio.com.br\/#organization","name":"FATHER EUST\u00c1QUIO","url":"https:\/\/www.padreeustaquio.com.br\/","logo":{"@type":"ImageObject","inLanguage":"en-US","@id":"https:\/\/www.padreeustaquio.com.br\/#\/schema\/logo\/image\/","url":"https:\/\/www.padreeustaquio.com.br\/wp-content\/uploads\/2019\/08\/marca.png","contentUrl":"https:\/\/www.padreeustaquio.com.br\/wp-content\/uploads\/2019\/08\/marca.png","width":350,"height":400,"caption":"Padre Eust\u00e1quio"},"image":{"@id":"https:\/\/www.padreeustaquio.com.br\/#\/schema\/logo\/image\/"},"sameAs":["https:\/\/www.facebook.com\/beatopadreeustaquio\/","https:\/\/x.com\/beatopeustaquio","https:\/\/www.instagram.com\/beatopadreeustaquio\/","https:\/\/www.youtube.com\/channel\/UCRhw7vfabnajwLxb1ZXMeIw"]},{"@type":"Person","@id":"https:\/\/www.padreeustaquio.com.br\/#\/schema\/person\/a2a51db1d00f1a7af0204a0f1ddb1566","name":"@sscc","image":{"@type":"ImageObject","inLanguage":"en-US","@id":"https:\/\/secure.gravatar.com\/avatar\/68cfafa5f44617fea54071e215026e0ff06be366c3d54a8425f04fdcb86f8c5f?s=96&d=mm&r=g","url":"https:\/\/secure.gravatar.com\/avatar\/68cfafa5f44617fea54071e215026e0ff06be366c3d54a8425f04fdcb86f8c5f?s=96&d=mm&r=g","contentUrl":"https:\/\/secure.gravatar.com\/avatar\/68cfafa5f44617fea54071e215026e0ff06be366c3d54a8425f04fdcb86f8c5f?s=96&d=mm&r=g","caption":"@sscc"},"url":"https:\/\/www.padreeustaquio.com.br\/en\/author\/sscc\/"}]}},"_links":{"self":[{"href":"https:\/\/www.padreeustaquio.com.br\/en\/wp-json\/wp\/v2\/posts\/9648","targetHints":{"allow":["GET"]}}],"collection":[{"href":"https:\/\/www.padreeustaquio.com.br\/en\/wp-json\/wp\/v2\/posts"}],"about":[{"href":"https:\/\/www.padreeustaquio.com.br\/en\/wp-json\/wp\/v2\/types\/post"}],"author":[{"embeddable":true,"href":"https:\/\/www.padreeustaquio.com.br\/en\/wp-json\/wp\/v2\/users\/2"}],"replies":[{"embeddable":true,"href":"https:\/\/www.padreeustaquio.com.br\/en\/wp-json\/wp\/v2\/comments?post=9648"}],"version-history":[{"count":0,"href":"https:\/\/www.padreeustaquio.com.br\/en\/wp-json\/wp\/v2\/posts\/9648\/revisions"}],"wp:featuredmedia":[{"embeddable":true,"href":"https:\/\/www.padreeustaquio.com.br\/en\/wp-json\/wp\/v2\/media\/9649"}],"wp:attachment":[{"href":"https:\/\/www.padreeustaquio.com.br\/en\/wp-json\/wp\/v2\/media?parent=9648"}],"wp:term":[{"taxonomy":"category","embeddable":true,"href":"https:\/\/www.padreeustaquio.com.br\/en\/wp-json\/wp\/v2\/categories?post=9648"},{"taxonomy":"post_tag","embeddable":true,"href":"https:\/\/www.padreeustaquio.com.br\/en\/wp-json\/wp\/v2\/tags?post=9648"}],"curies":[{"name":"wp","href":"https:\/\/api.w.org\/{rel}","templated":true}]}}