{"id":9643,"date":"2022-12-16T06:19:00","date_gmt":"2022-12-16T09:19:00","guid":{"rendered":"https:\/\/www.padreeustaquio.com.br\/?p=9643"},"modified":"2022-12-13T11:25:07","modified_gmt":"2022-12-13T14:25:07","slug":"the-nativity-scene-at-the-sanctuary-attracts-the-attention-of-visitors-and-parishioners","status":"publish","type":"post","link":"https:\/\/www.padreeustaquio.com.br\/en\/the-nativity-scene-at-the-sanctuary-attracts-the-attention-of-visitors-and-parishioners\/","title":{"rendered":"The Nativity scene at the Sanctuary attracts the attention of visitors and parishioners."},"content":{"rendered":"<p>The traditional Nativity scene at the Archdiocesan Sanctuary of Health and Peace, Church of Blessed Father Eustace, was set up at the beginning of Advent and has been a hit with visitors ever since. The display is located in the Molokai area, next to the Community Center. Every year, thousands of people visit the Nativity scene, which has become a landmark for the faithful who frequent the sanctuary and for visitors from all over the country.<\/p>\n\n\n\n<p><strong>The symbolism of the Nativity scene<\/strong><\/p>\n\n\n\n<p>One of the main Christmas symbols, the Nativity scene, was first assembled by Saint Francis of Assisi in 1223. He wanted to show the peasants what the night of Jesus&#039; birth had been like.<br>With this, the tradition of the nativity scene spread throughout the world. In Brazil, the first nativity scene dates back to the 17th century, when the religious figure Gaspar de Santo Agostinho set up his in Olinda, Pernambuco. Nowadays, almost all Catholic families set up their nativity scene as Christmas approaches.<\/p>\n\n\n\n<p>If you don&#039;t yet have a nativity scene to set up in your home, visit Padre Eust\u00e1quio&#039;s store and see the available options. The store is attached to the Health and Peace Sanctuary in Belo Horizonte, or contact them via WhatsApp at (31) 3567-0314. Padre Eust\u00e1quio&#039;s store ships products throughout Brazil; just check the shipping cost with one of the salespeople.<\/p>\n\n\n\n<p><\/p>","protected":false},"excerpt":{"rendered":"<p>O tradicional Pres\u00e9pio do Santu\u00e1rio Arquidiocesano da Sa\u00fade e da Paz, Igreja do Beato Padre Eust\u00e1quio, foi montado no in\u00edcio do Tempo do Advento e, de l\u00e1 pra c\u00e1, vem fazendo sucesso entre os que o visitam. A representa\u00e7\u00e3o est\u00e1 no espa\u00e7o Molokai, ao lado do Centro Comunit\u00e1rio. Todos os anos milhares de pessoas visitam o pres\u00e9pio que j\u00e1 se tornou refer\u00eancia para os fi\u00e9is que frequentam o santu\u00e1rio e para os visitantes vindos de todo o pa\u00eds. A simbologia do Pres\u00e9pio Um dos principais s\u00edmbolos natalinos, o pres\u00e9pio, foi montado pela primeira vez por S\u00e3o Francisco de Assis, em [&hellip;]<\/p>\n","protected":false},"author":2,"featured_media":9647,"comment_status":"open","ping_status":"closed","sticky":false,"template":"","format":"standard","meta":{"_acf_changed":false,"footnotes":""},"categories":[611],"tags":[],"class_list":["post-9643","post","type-post","status-publish","format-standard","has-post-thumbnail","hentry","category-noticias"],"acf":[],"yoast_head":"<!-- This site is optimized with the Yoast SEO plugin v27.2 - https:\/\/yoast.com\/product\/yoast-seo-wordpress\/ -->\n<title>Pres\u00e9pio do Santu\u00e1rio chama a aten\u00e7\u00e3o dos visitantes e paroquianos<\/title>\n<meta name=\"description\" content=\"O tradicional Pres\u00e9pio do Santu\u00e1rio Arquidiocesano da Sa\u00fade e da Paz, Igreja do Beato Padre Eust\u00e1quio, foi montado no in\u00edcio do Tempo do Advento e, de l\u00e1 pra c\u00e1, vem fazendo sucesso entre os que o visitam. A representa\u00e7\u00e3o est\u00e1 no espa\u00e7o Molokai, ao lado do Centro Comunit\u00e1rio. Todos os anos milhares de pessoas visitam o pres\u00e9pio que j\u00e1 se tornou refer\u00eancia para os fi\u00e9is que frequentam o santu\u00e1rio e para os visitantes vindos de todo o pa\u00eds.\" \/>\n<meta name=\"robots\" content=\"index, follow, max-snippet:-1, max-image-preview:large, max-video-preview:-1\" \/>\n<link rel=\"canonical\" href=\"https:\/\/www.padreeustaquio.com.br\/en\/the-nativity-scene-at-the-sanctuary-attracts-the-attention-of-visitors-and-parishioners\/\" \/>\n<meta property=\"og:locale\" content=\"en_US\" \/>\n<meta property=\"og:type\" content=\"article\" \/>\n<meta property=\"og:title\" content=\"Pres\u00e9pio do Santu\u00e1rio chama a aten\u00e7\u00e3o dos visitantes e paroquianos\" \/>\n<meta property=\"og:description\" content=\"O tradicional Pres\u00e9pio do Santu\u00e1rio Arquidiocesano da Sa\u00fade e da Paz, Igreja do Beato Padre Eust\u00e1quio, foi montado no in\u00edcio do Tempo do Advento e, de l\u00e1 pra c\u00e1, vem fazendo sucesso entre os que o visitam. A representa\u00e7\u00e3o est\u00e1 no espa\u00e7o Molokai, ao lado do Centro Comunit\u00e1rio. Todos os anos milhares de pessoas visitam o pres\u00e9pio que j\u00e1 se tornou refer\u00eancia para os fi\u00e9is que frequentam o santu\u00e1rio e para os visitantes vindos de todo o pa\u00eds.\" \/>\n<meta property=\"og:url\" content=\"https:\/\/www.padreeustaquio.com.br\/en\/the-nativity-scene-at-the-sanctuary-attracts-the-attention-of-visitors-and-parishioners\/\" \/>\n<meta property=\"og:site_name\" content=\"Padre Eust\u00e1quio\" \/>\n<meta property=\"article:publisher\" content=\"https:\/\/www.facebook.com\/beatopadreeustaquio\/\" \/>\n<meta property=\"article:published_time\" content=\"2022-12-16T09:19:00+00:00\" \/>\n<meta property=\"og:image\" content=\"https:\/\/www.padreeustaquio.com.br\/wp-content\/uploads\/2022\/12\/Presepio-Igreja.jpeg\" \/>\n\t<meta property=\"og:image:width\" content=\"1280\" \/>\n\t<meta property=\"og:image:height\" content=\"720\" \/>\n\t<meta property=\"og:image:type\" content=\"image\/jpeg\" \/>\n<meta name=\"author\" content=\"@sscc\" \/>\n<meta name=\"twitter:card\" content=\"summary_large_image\" \/>\n<meta name=\"twitter:image\" content=\"https:\/\/www.padreeustaquio.com.br\/wp-content\/uploads\/2022\/12\/Presepio-Igreja.jpeg\" \/>\n<meta name=\"twitter:creator\" content=\"@beatopeustaquio\" \/>\n<meta name=\"twitter:site\" content=\"@beatopeustaquio\" \/>\n<meta name=\"twitter:label1\" content=\"Written by\" \/>\n\t<meta name=\"twitter:data1\" content=\"@sscc\" \/>\n\t<meta name=\"twitter:label2\" content=\"Est. reading time\" \/>\n\t<meta name=\"twitter:data2\" content=\"1 minute\" \/>\n<script type=\"application\/ld+json\" class=\"yoast-schema-graph\">{\"@context\":\"https:\/\/schema.org\",\"@graph\":[{\"@type\":\"Article\",\"@id\":\"https:\/\/www.padreeustaquio.com.br\/presepio-do-santuario-chama-a-atencao-dos-visitantes-e-paroquianos\/#article\",\"isPartOf\":{\"@id\":\"https:\/\/www.padreeustaquio.com.br\/presepio-do-santuario-chama-a-atencao-dos-visitantes-e-paroquianos\/\"},\"author\":{\"name\":\"@sscc\",\"@id\":\"https:\/\/www.padreeustaquio.com.br\/#\/schema\/person\/a2a51db1d00f1a7af0204a0f1ddb1566\"},\"headline\":\"Pres\u00e9pio do Santu\u00e1rio chama a aten\u00e7\u00e3o dos visitantes e paroquianos\",\"datePublished\":\"2022-12-16T09:19:00+00:00\",\"mainEntityOfPage\":{\"@id\":\"https:\/\/www.padreeustaquio.com.br\/presepio-do-santuario-chama-a-atencao-dos-visitantes-e-paroquianos\/\"},\"wordCount\":266,\"commentCount\":0,\"publisher\":{\"@id\":\"https:\/\/www.padreeustaquio.com.br\/#organization\"},\"image\":{\"@id\":\"https:\/\/www.padreeustaquio.com.br\/presepio-do-santuario-chama-a-atencao-dos-visitantes-e-paroquianos\/#primaryimage\"},\"thumbnailUrl\":\"https:\/\/www.padreeustaquio.com.br\/wp-content\/uploads\/2022\/12\/Presepio-Igreja.jpeg\",\"articleSection\":[\"Not\u00edcias\"],\"inLanguage\":\"en-US\",\"potentialAction\":[{\"@type\":\"CommentAction\",\"name\":\"Comment\",\"target\":[\"https:\/\/www.padreeustaquio.com.br\/presepio-do-santuario-chama-a-atencao-dos-visitantes-e-paroquianos\/#respond\"]}]},{\"@type\":\"WebPage\",\"@id\":\"https:\/\/www.padreeustaquio.com.br\/presepio-do-santuario-chama-a-atencao-dos-visitantes-e-paroquianos\/\",\"url\":\"https:\/\/www.padreeustaquio.com.br\/presepio-do-santuario-chama-a-atencao-dos-visitantes-e-paroquianos\/\",\"name\":\"Pres\u00e9pio do Santu\u00e1rio chama a aten\u00e7\u00e3o dos visitantes e paroquianos\",\"isPartOf\":{\"@id\":\"https:\/\/www.padreeustaquio.com.br\/#website\"},\"primaryImageOfPage\":{\"@id\":\"https:\/\/www.padreeustaquio.com.br\/presepio-do-santuario-chama-a-atencao-dos-visitantes-e-paroquianos\/#primaryimage\"},\"image\":{\"@id\":\"https:\/\/www.padreeustaquio.com.br\/presepio-do-santuario-chama-a-atencao-dos-visitantes-e-paroquianos\/#primaryimage\"},\"thumbnailUrl\":\"https:\/\/www.padreeustaquio.com.br\/wp-content\/uploads\/2022\/12\/Presepio-Igreja.jpeg\",\"datePublished\":\"2022-12-16T09:19:00+00:00\",\"description\":\"O tradicional Pres\u00e9pio do Santu\u00e1rio Arquidiocesano da Sa\u00fade e da Paz, Igreja do Beato Padre Eust\u00e1quio, foi montado no in\u00edcio do Tempo do Advento e, de l\u00e1 pra c\u00e1, vem fazendo sucesso entre os que o visitam. A representa\u00e7\u00e3o est\u00e1 no espa\u00e7o Molokai, ao lado do Centro Comunit\u00e1rio. Todos os anos milhares de pessoas visitam o pres\u00e9pio que j\u00e1 se tornou refer\u00eancia para os fi\u00e9is que frequentam o santu\u00e1rio e para os visitantes vindos de todo o pa\u00eds.\",\"breadcrumb\":{\"@id\":\"https:\/\/www.padreeustaquio.com.br\/presepio-do-santuario-chama-a-atencao-dos-visitantes-e-paroquianos\/#breadcrumb\"},\"inLanguage\":\"en-US\",\"potentialAction\":[{\"@type\":\"ReadAction\",\"target\":[\"https:\/\/www.padreeustaquio.com.br\/presepio-do-santuario-chama-a-atencao-dos-visitantes-e-paroquianos\/\"]}]},{\"@type\":\"ImageObject\",\"inLanguage\":\"en-US\",\"@id\":\"https:\/\/www.padreeustaquio.com.br\/presepio-do-santuario-chama-a-atencao-dos-visitantes-e-paroquianos\/#primaryimage\",\"url\":\"https:\/\/www.padreeustaquio.com.br\/wp-content\/uploads\/2022\/12\/Presepio-Igreja.jpeg\",\"contentUrl\":\"https:\/\/www.padreeustaquio.com.br\/wp-content\/uploads\/2022\/12\/Presepio-Igreja.jpeg\",\"width\":1280,\"height\":720},{\"@type\":\"BreadcrumbList\",\"@id\":\"https:\/\/www.padreeustaquio.com.br\/presepio-do-santuario-chama-a-atencao-dos-visitantes-e-paroquianos\/#breadcrumb\",\"itemListElement\":[{\"@type\":\"ListItem\",\"position\":1,\"name\":\"In\u00edcio\",\"item\":\"https:\/\/www.padreeustaquio.com.br\/\"},{\"@type\":\"ListItem\",\"position\":2,\"name\":\"Pres\u00e9pio do Santu\u00e1rio chama a aten\u00e7\u00e3o dos visitantes e paroquianos\"}]},{\"@type\":\"WebSite\",\"@id\":\"https:\/\/www.padreeustaquio.com.br\/#website\",\"url\":\"https:\/\/www.padreeustaquio.com.br\/\",\"name\":\"Padre Eust\u00e1quio\",\"description\":\"Sa\u00fade e Paz\",\"publisher\":{\"@id\":\"https:\/\/www.padreeustaquio.com.br\/#organization\"},\"potentialAction\":[{\"@type\":\"SearchAction\",\"target\":{\"@type\":\"EntryPoint\",\"urlTemplate\":\"https:\/\/www.padreeustaquio.com.br\/?s={search_term_string}\"},\"query-input\":{\"@type\":\"PropertyValueSpecification\",\"valueRequired\":true,\"valueName\":\"search_term_string\"}}],\"inLanguage\":\"en-US\"},{\"@type\":\"Organization\",\"@id\":\"https:\/\/www.padreeustaquio.com.br\/#organization\",\"name\":\"Padre Eust\u00e1quio\",\"url\":\"https:\/\/www.padreeustaquio.com.br\/\",\"logo\":{\"@type\":\"ImageObject\",\"inLanguage\":\"en-US\",\"@id\":\"https:\/\/www.padreeustaquio.com.br\/#\/schema\/logo\/image\/\",\"url\":\"https:\/\/www.padreeustaquio.com.br\/wp-content\/uploads\/2019\/08\/marca.png\",\"contentUrl\":\"https:\/\/www.padreeustaquio.com.br\/wp-content\/uploads\/2019\/08\/marca.png\",\"width\":350,\"height\":400,\"caption\":\"Padre Eust\u00e1quio\"},\"image\":{\"@id\":\"https:\/\/www.padreeustaquio.com.br\/#\/schema\/logo\/image\/\"},\"sameAs\":[\"https:\/\/www.facebook.com\/beatopadreeustaquio\/\",\"https:\/\/x.com\/beatopeustaquio\",\"https:\/\/www.instagram.com\/beatopadreeustaquio\/\",\"https:\/\/www.youtube.com\/channel\/UCRhw7vfabnajwLxb1ZXMeIw\"]},{\"@type\":\"Person\",\"@id\":\"https:\/\/www.padreeustaquio.com.br\/#\/schema\/person\/a2a51db1d00f1a7af0204a0f1ddb1566\",\"name\":\"@sscc\",\"image\":{\"@type\":\"ImageObject\",\"inLanguage\":\"en-US\",\"@id\":\"https:\/\/secure.gravatar.com\/avatar\/68cfafa5f44617fea54071e215026e0ff06be366c3d54a8425f04fdcb86f8c5f?s=96&d=mm&r=g\",\"url\":\"https:\/\/secure.gravatar.com\/avatar\/68cfafa5f44617fea54071e215026e0ff06be366c3d54a8425f04fdcb86f8c5f?s=96&d=mm&r=g\",\"contentUrl\":\"https:\/\/secure.gravatar.com\/avatar\/68cfafa5f44617fea54071e215026e0ff06be366c3d54a8425f04fdcb86f8c5f?s=96&d=mm&r=g\",\"caption\":\"@sscc\"},\"url\":\"https:\/\/www.padreeustaquio.com.br\/en\/author\/sscc\/\"}]}<\/script>\n<!-- \/ Yoast SEO plugin. -->","yoast_head_json":{"title":"The Nativity scene at the Sanctuary attracts the attention of visitors and parishioners.","description":"The traditional Nativity scene at the Archdiocesan Sanctuary of Health and Peace, Church of Blessed Father Eustace, was set up at the beginning of Advent and has been a hit with visitors ever since. The display is located in the Molokai area, next to the Community Center. Every year, thousands of people visit the Nativity scene, which has become a landmark for the faithful who frequent the sanctuary and for visitors from all over the country.","robots":{"index":"index","follow":"follow","max-snippet":"max-snippet:-1","max-image-preview":"max-image-preview:large","max-video-preview":"max-video-preview:-1"},"canonical":"https:\/\/www.padreeustaquio.com.br\/en\/the-nativity-scene-at-the-sanctuary-attracts-the-attention-of-visitors-and-parishioners\/","og_locale":"en_US","og_type":"article","og_title":"Pres\u00e9pio do Santu\u00e1rio chama a aten\u00e7\u00e3o dos visitantes e paroquianos","og_description":"O tradicional Pres\u00e9pio do Santu\u00e1rio Arquidiocesano da Sa\u00fade e da Paz, Igreja do Beato Padre Eust\u00e1quio, foi montado no in\u00edcio do Tempo do Advento e, de l\u00e1 pra c\u00e1, vem fazendo sucesso entre os que o visitam. A representa\u00e7\u00e3o est\u00e1 no espa\u00e7o Molokai, ao lado do Centro Comunit\u00e1rio. Todos os anos milhares de pessoas visitam o pres\u00e9pio que j\u00e1 se tornou refer\u00eancia para os fi\u00e9is que frequentam o santu\u00e1rio e para os visitantes vindos de todo o pa\u00eds.","og_url":"https:\/\/www.padreeustaquio.com.br\/en\/the-nativity-scene-at-the-sanctuary-attracts-the-attention-of-visitors-and-parishioners\/","og_site_name":"Padre Eust\u00e1quio","article_publisher":"https:\/\/www.facebook.com\/beatopadreeustaquio\/","article_published_time":"2022-12-16T09:19:00+00:00","og_image":[{"width":1280,"height":720,"url":"https:\/\/www.padreeustaquio.com.br\/wp-content\/uploads\/2022\/12\/Presepio-Igreja.jpeg","type":"image\/jpeg"}],"author":"@sscc","twitter_card":"summary_large_image","twitter_image":"https:\/\/www.padreeustaquio.com.br\/wp-content\/uploads\/2022\/12\/Presepio-Igreja.jpeg","twitter_creator":"@beatopeustaquio","twitter_site":"@beatopeustaquio","twitter_misc":{"Written by":"@sscc","Est. reading time":"1 minute"},"schema":{"@context":"https:\/\/schema.org","@graph":[{"@type":"Article","@id":"https:\/\/www.padreeustaquio.com.br\/presepio-do-santuario-chama-a-atencao-dos-visitantes-e-paroquianos\/#article","isPartOf":{"@id":"https:\/\/www.padreeustaquio.com.br\/presepio-do-santuario-chama-a-atencao-dos-visitantes-e-paroquianos\/"},"author":{"name":"@sscc","@id":"https:\/\/www.padreeustaquio.com.br\/#\/schema\/person\/a2a51db1d00f1a7af0204a0f1ddb1566"},"headline":"Pres\u00e9pio do Santu\u00e1rio chama a aten\u00e7\u00e3o dos visitantes e paroquianos","datePublished":"2022-12-16T09:19:00+00:00","mainEntityOfPage":{"@id":"https:\/\/www.padreeustaquio.com.br\/presepio-do-santuario-chama-a-atencao-dos-visitantes-e-paroquianos\/"},"wordCount":266,"commentCount":0,"publisher":{"@id":"https:\/\/www.padreeustaquio.com.br\/#organization"},"image":{"@id":"https:\/\/www.padreeustaquio.com.br\/presepio-do-santuario-chama-a-atencao-dos-visitantes-e-paroquianos\/#primaryimage"},"thumbnailUrl":"https:\/\/www.padreeustaquio.com.br\/wp-content\/uploads\/2022\/12\/Presepio-Igreja.jpeg","articleSection":["Not\u00edcias"],"inLanguage":"en-US","potentialAction":[{"@type":"CommentAction","name":"Comment","target":["https:\/\/www.padreeustaquio.com.br\/presepio-do-santuario-chama-a-atencao-dos-visitantes-e-paroquianos\/#respond"]}]},{"@type":"WebPage","@id":"https:\/\/www.padreeustaquio.com.br\/presepio-do-santuario-chama-a-atencao-dos-visitantes-e-paroquianos\/","url":"https:\/\/www.padreeustaquio.com.br\/presepio-do-santuario-chama-a-atencao-dos-visitantes-e-paroquianos\/","name":"The Nativity scene at the Sanctuary attracts the attention of visitors and parishioners.","isPartOf":{"@id":"https:\/\/www.padreeustaquio.com.br\/#website"},"primaryImageOfPage":{"@id":"https:\/\/www.padreeustaquio.com.br\/presepio-do-santuario-chama-a-atencao-dos-visitantes-e-paroquianos\/#primaryimage"},"image":{"@id":"https:\/\/www.padreeustaquio.com.br\/presepio-do-santuario-chama-a-atencao-dos-visitantes-e-paroquianos\/#primaryimage"},"thumbnailUrl":"https:\/\/www.padreeustaquio.com.br\/wp-content\/uploads\/2022\/12\/Presepio-Igreja.jpeg","datePublished":"2022-12-16T09:19:00+00:00","description":"The traditional Nativity scene at the Archdiocesan Sanctuary of Health and Peace, Church of Blessed Father Eustace, was set up at the beginning of Advent and has been a hit with visitors ever since. The display is located in the Molokai area, next to the Community Center. Every year, thousands of people visit the Nativity scene, which has become a landmark for the faithful who frequent the sanctuary and for visitors from all over the country.","breadcrumb":{"@id":"https:\/\/www.padreeustaquio.com.br\/presepio-do-santuario-chama-a-atencao-dos-visitantes-e-paroquianos\/#breadcrumb"},"inLanguage":"en-US","potentialAction":[{"@type":"ReadAction","target":["https:\/\/www.padreeustaquio.com.br\/presepio-do-santuario-chama-a-atencao-dos-visitantes-e-paroquianos\/"]}]},{"@type":"ImageObject","inLanguage":"en-US","@id":"https:\/\/www.padreeustaquio.com.br\/presepio-do-santuario-chama-a-atencao-dos-visitantes-e-paroquianos\/#primaryimage","url":"https:\/\/www.padreeustaquio.com.br\/wp-content\/uploads\/2022\/12\/Presepio-Igreja.jpeg","contentUrl":"https:\/\/www.padreeustaquio.com.br\/wp-content\/uploads\/2022\/12\/Presepio-Igreja.jpeg","width":1280,"height":720},{"@type":"BreadcrumbList","@id":"https:\/\/www.padreeustaquio.com.br\/presepio-do-santuario-chama-a-atencao-dos-visitantes-e-paroquianos\/#breadcrumb","itemListElement":[{"@type":"ListItem","position":1,"name":"In\u00edcio","item":"https:\/\/www.padreeustaquio.com.br\/"},{"@type":"ListItem","position":2,"name":"Pres\u00e9pio do Santu\u00e1rio chama a aten\u00e7\u00e3o dos visitantes e paroquianos"}]},{"@type":"WebSite","@id":"https:\/\/www.padreeustaquio.com.br\/#website","url":"https:\/\/www.padreeustaquio.com.br\/","name":"FATHER EUST\u00c1QUIO","description":"Health and Peace","publisher":{"@id":"https:\/\/www.padreeustaquio.com.br\/#organization"},"potentialAction":[{"@type":"SearchAction","target":{"@type":"EntryPoint","urlTemplate":"https:\/\/www.padreeustaquio.com.br\/?s={search_term_string}"},"query-input":{"@type":"PropertyValueSpecification","valueRequired":true,"valueName":"search_term_string"}}],"inLanguage":"en-US"},{"@type":"Organization","@id":"https:\/\/www.padreeustaquio.com.br\/#organization","name":"FATHER EUST\u00c1QUIO","url":"https:\/\/www.padreeustaquio.com.br\/","logo":{"@type":"ImageObject","inLanguage":"en-US","@id":"https:\/\/www.padreeustaquio.com.br\/#\/schema\/logo\/image\/","url":"https:\/\/www.padreeustaquio.com.br\/wp-content\/uploads\/2019\/08\/marca.png","contentUrl":"https:\/\/www.padreeustaquio.com.br\/wp-content\/uploads\/2019\/08\/marca.png","width":350,"height":400,"caption":"Padre Eust\u00e1quio"},"image":{"@id":"https:\/\/www.padreeustaquio.com.br\/#\/schema\/logo\/image\/"},"sameAs":["https:\/\/www.facebook.com\/beatopadreeustaquio\/","https:\/\/x.com\/beatopeustaquio","https:\/\/www.instagram.com\/beatopadreeustaquio\/","https:\/\/www.youtube.com\/channel\/UCRhw7vfabnajwLxb1ZXMeIw"]},{"@type":"Person","@id":"https:\/\/www.padreeustaquio.com.br\/#\/schema\/person\/a2a51db1d00f1a7af0204a0f1ddb1566","name":"@sscc","image":{"@type":"ImageObject","inLanguage":"en-US","@id":"https:\/\/secure.gravatar.com\/avatar\/68cfafa5f44617fea54071e215026e0ff06be366c3d54a8425f04fdcb86f8c5f?s=96&d=mm&r=g","url":"https:\/\/secure.gravatar.com\/avatar\/68cfafa5f44617fea54071e215026e0ff06be366c3d54a8425f04fdcb86f8c5f?s=96&d=mm&r=g","contentUrl":"https:\/\/secure.gravatar.com\/avatar\/68cfafa5f44617fea54071e215026e0ff06be366c3d54a8425f04fdcb86f8c5f?s=96&d=mm&r=g","caption":"@sscc"},"url":"https:\/\/www.padreeustaquio.com.br\/en\/author\/sscc\/"}]}},"_links":{"self":[{"href":"https:\/\/www.padreeustaquio.com.br\/en\/wp-json\/wp\/v2\/posts\/9643","targetHints":{"allow":["GET"]}}],"collection":[{"href":"https:\/\/www.padreeustaquio.com.br\/en\/wp-json\/wp\/v2\/posts"}],"about":[{"href":"https:\/\/www.padreeustaquio.com.br\/en\/wp-json\/wp\/v2\/types\/post"}],"author":[{"embeddable":true,"href":"https:\/\/www.padreeustaquio.com.br\/en\/wp-json\/wp\/v2\/users\/2"}],"replies":[{"embeddable":true,"href":"https:\/\/www.padreeustaquio.com.br\/en\/wp-json\/wp\/v2\/comments?post=9643"}],"version-history":[{"count":0,"href":"https:\/\/www.padreeustaquio.com.br\/en\/wp-json\/wp\/v2\/posts\/9643\/revisions"}],"wp:featuredmedia":[{"embeddable":true,"href":"https:\/\/www.padreeustaquio.com.br\/en\/wp-json\/wp\/v2\/media\/9647"}],"wp:attachment":[{"href":"https:\/\/www.padreeustaquio.com.br\/en\/wp-json\/wp\/v2\/media?parent=9643"}],"wp:term":[{"taxonomy":"category","embeddable":true,"href":"https:\/\/www.padreeustaquio.com.br\/en\/wp-json\/wp\/v2\/categories?post=9643"},{"taxonomy":"post_tag","embeddable":true,"href":"https:\/\/www.padreeustaquio.com.br\/en\/wp-json\/wp\/v2\/tags?post=9643"}],"curies":[{"name":"wp","href":"https:\/\/api.w.org\/{rel}","templated":true}]}}