{"id":9615,"date":"2022-12-12T06:31:00","date_gmt":"2022-12-12T09:31:00","guid":{"rendered":"https:\/\/www.padreeustaquio.com.br\/?p=9615"},"modified":"2022-12-12T18:13:02","modified_gmt":"2022-12-12T21:13:02","slug":"the-christmas-concert-will-be-held-tomorrow-at-the-sanctuary-of-health-and-peace","status":"publish","type":"post","link":"https:\/\/www.padreeustaquio.com.br\/en\/the-christmas-concert-will-be-held-tomorrow-at-the-sanctuary-of-health-and-peace\/","title":{"rendered":"The Christmas concert will be held tomorrow at the Sanctuary of Health and Peace."},"content":{"rendered":"<p>The Archdiocesan Sanctuary of Health and Peace, Church of Blessed Father Eustace, is preparing a vast festive program for the month of December, when the church celebrates the birth of Jesus. Among the events, the Sanctuary is focusing on musical performances, which will entertain parishioners and visitors in the evenings.<\/p>\n\n\n\n<p>After the Christmas Cantata held last Friday (<a href=\"https:\/\/www.youtube.com\/watch?v=r4_XTan9ewY\" target=\"_blank\" rel=\"noreferrer noopener\">REVIEW HERE<\/a>Following the performances by the Military Police Symphony Orchestra and the Diamantina Colony Choir, it is now the turn of the Extension Orchestra of the School of Music of UEMG, the State University of Minas Gerais, to perform at the church. The concert will feature various classical pieces and Christmas carols.<\/p>\n\n\n\n<p>The cultural event will take place tomorrow, Tuesday, December 13th, at 8:15 PM, inside the church. Those who cannot attend in person can watch the entire event on the Padre Eust\u00e1quio YouTube Channel (<a href=\"https:\/\/youtu.be\/3XlVDCBL_Hk\" target=\"_blank\" rel=\"noreferrer noopener\">ACCESS HERE<\/a>).<\/p>\n\n\n\n<p>Starting at 6 PM, the Sanctuary will open its stalls with various snacks and treats decorated for Christmas. Come join us! Have a snack with us, celebrate Holy Mass at 7 PM, and then watch the UEMG presentation.<\/p>\n\n\n\n<p><\/p>","protected":false},"excerpt":{"rendered":"<p>O Santu\u00e1rio Arquidiocesano da Sa\u00fade e da Paz, Igreja do Beato Padre Eust\u00e1quio, est\u00e1 preparando uma vasta programa\u00e7\u00e3o festiva para o m\u00eas de dezembro, quando a igreja celebra o nascimento de Jesus. Entre os eventos, o Santu\u00e1rio est\u00e1 apostando em apresenta\u00e7\u00f5es musicais, que v\u00e3o embalar as noites dos paroquianos e visitantes. Depois da Cantata de Natal realizada na \u00faltima sexta-feira (REVEJA AQUI) com a apresenta\u00e7\u00e3o da orquestra Sinf\u00f4nica da Pol\u00edcia Militar e do Coral da Col\u00f4nia Diamantina, agora \u00e9 a vez da Orquestra de Extens\u00e3o da Escola de M\u00fasica da UEMG, Universidade do Estado de Minas Gerais, se apresentar na [&hellip;]<\/p>\n","protected":false},"author":2,"featured_media":9499,"comment_status":"open","ping_status":"closed","sticky":false,"template":"","format":"standard","meta":{"_acf_changed":false,"footnotes":""},"categories":[611],"tags":[],"class_list":["post-9615","post","type-post","status-publish","format-standard","has-post-thumbnail","hentry","category-noticias"],"acf":[],"yoast_head":"<!-- This site is optimized with the Yoast SEO plugin v27.2 - https:\/\/yoast.com\/product\/yoast-seo-wordpress\/ -->\n<title>Concerto de Natal ser\u00e1 realizado amanh\u00e3 no Santu\u00e1rio da Sa\u00fade e da Paz<\/title>\n<meta name=\"description\" content=\"O Santu\u00e1rio Arquidiocesano da Sa\u00fade e da Paz, Igreja do Beato Padre Eust\u00e1quio, est\u00e1 preparando uma vasta programa\u00e7\u00e3o festiva para o m\u00eas de dezembro, quando a igreja celebra o nascimento de Jesus. Entre os eventos, o Santu\u00e1rio est\u00e1 apostando em apresenta\u00e7\u00f5es musicais, que v\u00e3o embalar as noites dos paroquianos e visitantes.\" \/>\n<meta name=\"robots\" content=\"index, follow, max-snippet:-1, max-image-preview:large, max-video-preview:-1\" \/>\n<link rel=\"canonical\" href=\"https:\/\/www.padreeustaquio.com.br\/en\/the-christmas-concert-will-be-held-tomorrow-at-the-sanctuary-of-health-and-peace\/\" \/>\n<meta property=\"og:locale\" content=\"en_US\" \/>\n<meta property=\"og:type\" content=\"article\" \/>\n<meta property=\"og:title\" content=\"Concerto de Natal ser\u00e1 realizado amanh\u00e3 no Santu\u00e1rio da Sa\u00fade e da Paz\" \/>\n<meta property=\"og:description\" content=\"O Santu\u00e1rio Arquidiocesano da Sa\u00fade e da Paz, Igreja do Beato Padre Eust\u00e1quio, est\u00e1 preparando uma vasta programa\u00e7\u00e3o festiva para o m\u00eas de dezembro, quando a igreja celebra o nascimento de Jesus. Entre os eventos, o Santu\u00e1rio est\u00e1 apostando em apresenta\u00e7\u00f5es musicais, que v\u00e3o embalar as noites dos paroquianos e visitantes.\" \/>\n<meta property=\"og:url\" content=\"https:\/\/www.padreeustaquio.com.br\/en\/the-christmas-concert-will-be-held-tomorrow-at-the-sanctuary-of-health-and-peace\/\" \/>\n<meta property=\"og:site_name\" content=\"Padre Eust\u00e1quio\" \/>\n<meta property=\"article:publisher\" content=\"https:\/\/www.facebook.com\/beatopadreeustaquio\/\" \/>\n<meta property=\"article:published_time\" content=\"2022-12-12T09:31:00+00:00\" \/>\n<meta property=\"article:modified_time\" content=\"2022-12-12T21:13:02+00:00\" \/>\n<meta property=\"og:image\" content=\"https:\/\/www.padreeustaquio.com.br\/wp-content\/uploads\/2022\/12\/alunos-da-uemg-em-apresentacao-no-santuario-da-saude-e-da-paz.jpeg\" \/>\n\t<meta property=\"og:image:width\" content=\"300\" \/>\n\t<meta property=\"og:image:height\" content=\"225\" \/>\n\t<meta property=\"og:image:type\" content=\"image\/jpeg\" \/>\n<meta name=\"author\" content=\"@sscc\" \/>\n<meta name=\"twitter:card\" content=\"summary_large_image\" \/>\n<meta name=\"twitter:image\" content=\"https:\/\/www.padreeustaquio.com.br\/wp-content\/uploads\/2022\/12\/alunos-da-uemg-em-apresentacao-no-santuario-da-saude-e-da-paz.jpeg\" \/>\n<meta name=\"twitter:creator\" content=\"@beatopeustaquio\" \/>\n<meta name=\"twitter:site\" content=\"@beatopeustaquio\" \/>\n<meta name=\"twitter:label1\" content=\"Written by\" \/>\n\t<meta name=\"twitter:data1\" content=\"@sscc\" \/>\n\t<meta name=\"twitter:label2\" content=\"Est. reading time\" \/>\n\t<meta name=\"twitter:data2\" content=\"1 minute\" \/>\n<script type=\"application\/ld+json\" class=\"yoast-schema-graph\">{\"@context\":\"https:\/\/schema.org\",\"@graph\":[{\"@type\":\"Article\",\"@id\":\"https:\/\/www.padreeustaquio.com.br\/concerto-de-natal-sera-realizado-amanha-no-santuario-da-saude-e-da-paz\/#article\",\"isPartOf\":{\"@id\":\"https:\/\/www.padreeustaquio.com.br\/concerto-de-natal-sera-realizado-amanha-no-santuario-da-saude-e-da-paz\/\"},\"author\":{\"name\":\"@sscc\",\"@id\":\"https:\/\/www.padreeustaquio.com.br\/#\/schema\/person\/a2a51db1d00f1a7af0204a0f1ddb1566\"},\"headline\":\"Concerto de Natal ser\u00e1 realizado amanh\u00e3 no Santu\u00e1rio da Sa\u00fade e da Paz\",\"datePublished\":\"2022-12-12T09:31:00+00:00\",\"dateModified\":\"2022-12-12T21:13:02+00:00\",\"mainEntityOfPage\":{\"@id\":\"https:\/\/www.padreeustaquio.com.br\/concerto-de-natal-sera-realizado-amanha-no-santuario-da-saude-e-da-paz\/\"},\"wordCount\":214,\"commentCount\":0,\"publisher\":{\"@id\":\"https:\/\/www.padreeustaquio.com.br\/#organization\"},\"image\":{\"@id\":\"https:\/\/www.padreeustaquio.com.br\/concerto-de-natal-sera-realizado-amanha-no-santuario-da-saude-e-da-paz\/#primaryimage\"},\"thumbnailUrl\":\"https:\/\/www.padreeustaquio.com.br\/wp-content\/uploads\/2022\/11\/UEMG-no-Padre-Eustaquio-3.jpeg\",\"articleSection\":[\"Not\u00edcias\"],\"inLanguage\":\"en-US\",\"potentialAction\":[{\"@type\":\"CommentAction\",\"name\":\"Comment\",\"target\":[\"https:\/\/www.padreeustaquio.com.br\/concerto-de-natal-sera-realizado-amanha-no-santuario-da-saude-e-da-paz\/#respond\"]}]},{\"@type\":\"WebPage\",\"@id\":\"https:\/\/www.padreeustaquio.com.br\/concerto-de-natal-sera-realizado-amanha-no-santuario-da-saude-e-da-paz\/\",\"url\":\"https:\/\/www.padreeustaquio.com.br\/concerto-de-natal-sera-realizado-amanha-no-santuario-da-saude-e-da-paz\/\",\"name\":\"Concerto de Natal ser\u00e1 realizado amanh\u00e3 no Santu\u00e1rio da Sa\u00fade e da Paz\",\"isPartOf\":{\"@id\":\"https:\/\/www.padreeustaquio.com.br\/#website\"},\"primaryImageOfPage\":{\"@id\":\"https:\/\/www.padreeustaquio.com.br\/concerto-de-natal-sera-realizado-amanha-no-santuario-da-saude-e-da-paz\/#primaryimage\"},\"image\":{\"@id\":\"https:\/\/www.padreeustaquio.com.br\/concerto-de-natal-sera-realizado-amanha-no-santuario-da-saude-e-da-paz\/#primaryimage\"},\"thumbnailUrl\":\"https:\/\/www.padreeustaquio.com.br\/wp-content\/uploads\/2022\/11\/UEMG-no-Padre-Eustaquio-3.jpeg\",\"datePublished\":\"2022-12-12T09:31:00+00:00\",\"dateModified\":\"2022-12-12T21:13:02+00:00\",\"description\":\"O Santu\u00e1rio Arquidiocesano da Sa\u00fade e da Paz, Igreja do Beato Padre Eust\u00e1quio, est\u00e1 preparando uma vasta programa\u00e7\u00e3o festiva para o m\u00eas de dezembro, quando a igreja celebra o nascimento de Jesus. Entre os eventos, o Santu\u00e1rio est\u00e1 apostando em apresenta\u00e7\u00f5es musicais, que v\u00e3o embalar as noites dos paroquianos e visitantes.\",\"breadcrumb\":{\"@id\":\"https:\/\/www.padreeustaquio.com.br\/concerto-de-natal-sera-realizado-amanha-no-santuario-da-saude-e-da-paz\/#breadcrumb\"},\"inLanguage\":\"en-US\",\"potentialAction\":[{\"@type\":\"ReadAction\",\"target\":[\"https:\/\/www.padreeustaquio.com.br\/concerto-de-natal-sera-realizado-amanha-no-santuario-da-saude-e-da-paz\/\"]}]},{\"@type\":\"ImageObject\",\"inLanguage\":\"en-US\",\"@id\":\"https:\/\/www.padreeustaquio.com.br\/concerto-de-natal-sera-realizado-amanha-no-santuario-da-saude-e-da-paz\/#primaryimage\",\"url\":\"https:\/\/www.padreeustaquio.com.br\/wp-content\/uploads\/2022\/11\/UEMG-no-Padre-Eustaquio-3.jpeg\",\"contentUrl\":\"https:\/\/www.padreeustaquio.com.br\/wp-content\/uploads\/2022\/11\/UEMG-no-Padre-Eustaquio-3.jpeg\",\"width\":1600,\"height\":1200},{\"@type\":\"BreadcrumbList\",\"@id\":\"https:\/\/www.padreeustaquio.com.br\/concerto-de-natal-sera-realizado-amanha-no-santuario-da-saude-e-da-paz\/#breadcrumb\",\"itemListElement\":[{\"@type\":\"ListItem\",\"position\":1,\"name\":\"In\u00edcio\",\"item\":\"https:\/\/www.padreeustaquio.com.br\/\"},{\"@type\":\"ListItem\",\"position\":2,\"name\":\"Concerto de Natal ser\u00e1 realizado amanh\u00e3 no Santu\u00e1rio da Sa\u00fade e da Paz\"}]},{\"@type\":\"WebSite\",\"@id\":\"https:\/\/www.padreeustaquio.com.br\/#website\",\"url\":\"https:\/\/www.padreeustaquio.com.br\/\",\"name\":\"Padre Eust\u00e1quio\",\"description\":\"Sa\u00fade e Paz\",\"publisher\":{\"@id\":\"https:\/\/www.padreeustaquio.com.br\/#organization\"},\"potentialAction\":[{\"@type\":\"SearchAction\",\"target\":{\"@type\":\"EntryPoint\",\"urlTemplate\":\"https:\/\/www.padreeustaquio.com.br\/?s={search_term_string}\"},\"query-input\":{\"@type\":\"PropertyValueSpecification\",\"valueRequired\":true,\"valueName\":\"search_term_string\"}}],\"inLanguage\":\"en-US\"},{\"@type\":\"Organization\",\"@id\":\"https:\/\/www.padreeustaquio.com.br\/#organization\",\"name\":\"Padre Eust\u00e1quio\",\"url\":\"https:\/\/www.padreeustaquio.com.br\/\",\"logo\":{\"@type\":\"ImageObject\",\"inLanguage\":\"en-US\",\"@id\":\"https:\/\/www.padreeustaquio.com.br\/#\/schema\/logo\/image\/\",\"url\":\"https:\/\/www.padreeustaquio.com.br\/wp-content\/uploads\/2019\/08\/marca.png\",\"contentUrl\":\"https:\/\/www.padreeustaquio.com.br\/wp-content\/uploads\/2019\/08\/marca.png\",\"width\":350,\"height\":400,\"caption\":\"Padre Eust\u00e1quio\"},\"image\":{\"@id\":\"https:\/\/www.padreeustaquio.com.br\/#\/schema\/logo\/image\/\"},\"sameAs\":[\"https:\/\/www.facebook.com\/beatopadreeustaquio\/\",\"https:\/\/x.com\/beatopeustaquio\",\"https:\/\/www.instagram.com\/beatopadreeustaquio\/\",\"https:\/\/www.youtube.com\/channel\/UCRhw7vfabnajwLxb1ZXMeIw\"]},{\"@type\":\"Person\",\"@id\":\"https:\/\/www.padreeustaquio.com.br\/#\/schema\/person\/a2a51db1d00f1a7af0204a0f1ddb1566\",\"name\":\"@sscc\",\"image\":{\"@type\":\"ImageObject\",\"inLanguage\":\"en-US\",\"@id\":\"https:\/\/secure.gravatar.com\/avatar\/68cfafa5f44617fea54071e215026e0ff06be366c3d54a8425f04fdcb86f8c5f?s=96&d=mm&r=g\",\"url\":\"https:\/\/secure.gravatar.com\/avatar\/68cfafa5f44617fea54071e215026e0ff06be366c3d54a8425f04fdcb86f8c5f?s=96&d=mm&r=g\",\"contentUrl\":\"https:\/\/secure.gravatar.com\/avatar\/68cfafa5f44617fea54071e215026e0ff06be366c3d54a8425f04fdcb86f8c5f?s=96&d=mm&r=g\",\"caption\":\"@sscc\"},\"url\":\"https:\/\/www.padreeustaquio.com.br\/en\/author\/sscc\/\"}]}<\/script>\n<!-- \/ Yoast SEO plugin. -->","yoast_head_json":{"title":"The Christmas concert will be held tomorrow at the Sanctuary of Health and Peace.","description":"The Archdiocesan Sanctuary of Health and Peace, Church of Blessed Father Eustace, is preparing a vast festive program for the month of December, when the church celebrates the birth of Jesus. Among the events, the Sanctuary is focusing on musical performances, which will entertain parishioners and visitors in the evenings.","robots":{"index":"index","follow":"follow","max-snippet":"max-snippet:-1","max-image-preview":"max-image-preview:large","max-video-preview":"max-video-preview:-1"},"canonical":"https:\/\/www.padreeustaquio.com.br\/en\/the-christmas-concert-will-be-held-tomorrow-at-the-sanctuary-of-health-and-peace\/","og_locale":"en_US","og_type":"article","og_title":"Concerto de Natal ser\u00e1 realizado amanh\u00e3 no Santu\u00e1rio da Sa\u00fade e da Paz","og_description":"O Santu\u00e1rio Arquidiocesano da Sa\u00fade e da Paz, Igreja do Beato Padre Eust\u00e1quio, est\u00e1 preparando uma vasta programa\u00e7\u00e3o festiva para o m\u00eas de dezembro, quando a igreja celebra o nascimento de Jesus. Entre os eventos, o Santu\u00e1rio est\u00e1 apostando em apresenta\u00e7\u00f5es musicais, que v\u00e3o embalar as noites dos paroquianos e visitantes.","og_url":"https:\/\/www.padreeustaquio.com.br\/en\/the-christmas-concert-will-be-held-tomorrow-at-the-sanctuary-of-health-and-peace\/","og_site_name":"Padre Eust\u00e1quio","article_publisher":"https:\/\/www.facebook.com\/beatopadreeustaquio\/","article_published_time":"2022-12-12T09:31:00+00:00","article_modified_time":"2022-12-12T21:13:02+00:00","og_image":[{"width":300,"height":225,"url":"https:\/\/www.padreeustaquio.com.br\/wp-content\/uploads\/2022\/12\/alunos-da-uemg-em-apresentacao-no-santuario-da-saude-e-da-paz.jpeg","type":"image\/jpeg"}],"author":"@sscc","twitter_card":"summary_large_image","twitter_image":"https:\/\/www.padreeustaquio.com.br\/wp-content\/uploads\/2022\/12\/alunos-da-uemg-em-apresentacao-no-santuario-da-saude-e-da-paz.jpeg","twitter_creator":"@beatopeustaquio","twitter_site":"@beatopeustaquio","twitter_misc":{"Written by":"@sscc","Est. reading time":"1 minute"},"schema":{"@context":"https:\/\/schema.org","@graph":[{"@type":"Article","@id":"https:\/\/www.padreeustaquio.com.br\/concerto-de-natal-sera-realizado-amanha-no-santuario-da-saude-e-da-paz\/#article","isPartOf":{"@id":"https:\/\/www.padreeustaquio.com.br\/concerto-de-natal-sera-realizado-amanha-no-santuario-da-saude-e-da-paz\/"},"author":{"name":"@sscc","@id":"https:\/\/www.padreeustaquio.com.br\/#\/schema\/person\/a2a51db1d00f1a7af0204a0f1ddb1566"},"headline":"Concerto de Natal ser\u00e1 realizado amanh\u00e3 no Santu\u00e1rio da Sa\u00fade e da Paz","datePublished":"2022-12-12T09:31:00+00:00","dateModified":"2022-12-12T21:13:02+00:00","mainEntityOfPage":{"@id":"https:\/\/www.padreeustaquio.com.br\/concerto-de-natal-sera-realizado-amanha-no-santuario-da-saude-e-da-paz\/"},"wordCount":214,"commentCount":0,"publisher":{"@id":"https:\/\/www.padreeustaquio.com.br\/#organization"},"image":{"@id":"https:\/\/www.padreeustaquio.com.br\/concerto-de-natal-sera-realizado-amanha-no-santuario-da-saude-e-da-paz\/#primaryimage"},"thumbnailUrl":"https:\/\/www.padreeustaquio.com.br\/wp-content\/uploads\/2022\/11\/UEMG-no-Padre-Eustaquio-3.jpeg","articleSection":["Not\u00edcias"],"inLanguage":"en-US","potentialAction":[{"@type":"CommentAction","name":"Comment","target":["https:\/\/www.padreeustaquio.com.br\/concerto-de-natal-sera-realizado-amanha-no-santuario-da-saude-e-da-paz\/#respond"]}]},{"@type":"WebPage","@id":"https:\/\/www.padreeustaquio.com.br\/concerto-de-natal-sera-realizado-amanha-no-santuario-da-saude-e-da-paz\/","url":"https:\/\/www.padreeustaquio.com.br\/concerto-de-natal-sera-realizado-amanha-no-santuario-da-saude-e-da-paz\/","name":"The Christmas concert will be held tomorrow at the Sanctuary of Health and Peace.","isPartOf":{"@id":"https:\/\/www.padreeustaquio.com.br\/#website"},"primaryImageOfPage":{"@id":"https:\/\/www.padreeustaquio.com.br\/concerto-de-natal-sera-realizado-amanha-no-santuario-da-saude-e-da-paz\/#primaryimage"},"image":{"@id":"https:\/\/www.padreeustaquio.com.br\/concerto-de-natal-sera-realizado-amanha-no-santuario-da-saude-e-da-paz\/#primaryimage"},"thumbnailUrl":"https:\/\/www.padreeustaquio.com.br\/wp-content\/uploads\/2022\/11\/UEMG-no-Padre-Eustaquio-3.jpeg","datePublished":"2022-12-12T09:31:00+00:00","dateModified":"2022-12-12T21:13:02+00:00","description":"The Archdiocesan Sanctuary of Health and Peace, Church of Blessed Father Eustace, is preparing a vast festive program for the month of December, when the church celebrates the birth of Jesus. Among the events, the Sanctuary is focusing on musical performances, which will entertain parishioners and visitors in the evenings.","breadcrumb":{"@id":"https:\/\/www.padreeustaquio.com.br\/concerto-de-natal-sera-realizado-amanha-no-santuario-da-saude-e-da-paz\/#breadcrumb"},"inLanguage":"en-US","potentialAction":[{"@type":"ReadAction","target":["https:\/\/www.padreeustaquio.com.br\/concerto-de-natal-sera-realizado-amanha-no-santuario-da-saude-e-da-paz\/"]}]},{"@type":"ImageObject","inLanguage":"en-US","@id":"https:\/\/www.padreeustaquio.com.br\/concerto-de-natal-sera-realizado-amanha-no-santuario-da-saude-e-da-paz\/#primaryimage","url":"https:\/\/www.padreeustaquio.com.br\/wp-content\/uploads\/2022\/11\/UEMG-no-Padre-Eustaquio-3.jpeg","contentUrl":"https:\/\/www.padreeustaquio.com.br\/wp-content\/uploads\/2022\/11\/UEMG-no-Padre-Eustaquio-3.jpeg","width":1600,"height":1200},{"@type":"BreadcrumbList","@id":"https:\/\/www.padreeustaquio.com.br\/concerto-de-natal-sera-realizado-amanha-no-santuario-da-saude-e-da-paz\/#breadcrumb","itemListElement":[{"@type":"ListItem","position":1,"name":"In\u00edcio","item":"https:\/\/www.padreeustaquio.com.br\/"},{"@type":"ListItem","position":2,"name":"Concerto de Natal ser\u00e1 realizado amanh\u00e3 no Santu\u00e1rio da Sa\u00fade e da Paz"}]},{"@type":"WebSite","@id":"https:\/\/www.padreeustaquio.com.br\/#website","url":"https:\/\/www.padreeustaquio.com.br\/","name":"FATHER EUST\u00c1QUIO","description":"Health and Peace","publisher":{"@id":"https:\/\/www.padreeustaquio.com.br\/#organization"},"potentialAction":[{"@type":"SearchAction","target":{"@type":"EntryPoint","urlTemplate":"https:\/\/www.padreeustaquio.com.br\/?s={search_term_string}"},"query-input":{"@type":"PropertyValueSpecification","valueRequired":true,"valueName":"search_term_string"}}],"inLanguage":"en-US"},{"@type":"Organization","@id":"https:\/\/www.padreeustaquio.com.br\/#organization","name":"FATHER EUST\u00c1QUIO","url":"https:\/\/www.padreeustaquio.com.br\/","logo":{"@type":"ImageObject","inLanguage":"en-US","@id":"https:\/\/www.padreeustaquio.com.br\/#\/schema\/logo\/image\/","url":"https:\/\/www.padreeustaquio.com.br\/wp-content\/uploads\/2019\/08\/marca.png","contentUrl":"https:\/\/www.padreeustaquio.com.br\/wp-content\/uploads\/2019\/08\/marca.png","width":350,"height":400,"caption":"Padre Eust\u00e1quio"},"image":{"@id":"https:\/\/www.padreeustaquio.com.br\/#\/schema\/logo\/image\/"},"sameAs":["https:\/\/www.facebook.com\/beatopadreeustaquio\/","https:\/\/x.com\/beatopeustaquio","https:\/\/www.instagram.com\/beatopadreeustaquio\/","https:\/\/www.youtube.com\/channel\/UCRhw7vfabnajwLxb1ZXMeIw"]},{"@type":"Person","@id":"https:\/\/www.padreeustaquio.com.br\/#\/schema\/person\/a2a51db1d00f1a7af0204a0f1ddb1566","name":"@sscc","image":{"@type":"ImageObject","inLanguage":"en-US","@id":"https:\/\/secure.gravatar.com\/avatar\/68cfafa5f44617fea54071e215026e0ff06be366c3d54a8425f04fdcb86f8c5f?s=96&d=mm&r=g","url":"https:\/\/secure.gravatar.com\/avatar\/68cfafa5f44617fea54071e215026e0ff06be366c3d54a8425f04fdcb86f8c5f?s=96&d=mm&r=g","contentUrl":"https:\/\/secure.gravatar.com\/avatar\/68cfafa5f44617fea54071e215026e0ff06be366c3d54a8425f04fdcb86f8c5f?s=96&d=mm&r=g","caption":"@sscc"},"url":"https:\/\/www.padreeustaquio.com.br\/en\/author\/sscc\/"}]}},"_links":{"self":[{"href":"https:\/\/www.padreeustaquio.com.br\/en\/wp-json\/wp\/v2\/posts\/9615","targetHints":{"allow":["GET"]}}],"collection":[{"href":"https:\/\/www.padreeustaquio.com.br\/en\/wp-json\/wp\/v2\/posts"}],"about":[{"href":"https:\/\/www.padreeustaquio.com.br\/en\/wp-json\/wp\/v2\/types\/post"}],"author":[{"embeddable":true,"href":"https:\/\/www.padreeustaquio.com.br\/en\/wp-json\/wp\/v2\/users\/2"}],"replies":[{"embeddable":true,"href":"https:\/\/www.padreeustaquio.com.br\/en\/wp-json\/wp\/v2\/comments?post=9615"}],"version-history":[{"count":0,"href":"https:\/\/www.padreeustaquio.com.br\/en\/wp-json\/wp\/v2\/posts\/9615\/revisions"}],"wp:featuredmedia":[{"embeddable":true,"href":"https:\/\/www.padreeustaquio.com.br\/en\/wp-json\/wp\/v2\/media\/9499"}],"wp:attachment":[{"href":"https:\/\/www.padreeustaquio.com.br\/en\/wp-json\/wp\/v2\/media?parent=9615"}],"wp:term":[{"taxonomy":"category","embeddable":true,"href":"https:\/\/www.padreeustaquio.com.br\/en\/wp-json\/wp\/v2\/categories?post=9615"},{"taxonomy":"post_tag","embeddable":true,"href":"https:\/\/www.padreeustaquio.com.br\/en\/wp-json\/wp\/v2\/tags?post=9615"}],"curies":[{"name":"wp","href":"https:\/\/api.w.org\/{rel}","templated":true}]}}