{"id":9601,"date":"2022-12-07T06:00:00","date_gmt":"2022-12-07T09:00:00","guid":{"rendered":"https:\/\/www.padreeustaquio.com.br\/?p=9601"},"modified":"2022-12-06T13:20:06","modified_gmt":"2022-12-06T16:20:06","slug":"the-sanctuary-will-hold-3-masses-on-the-day-of-our-lady-of-the-conception","status":"publish","type":"post","link":"https:\/\/www.padreeustaquio.com.br\/en\/the-sanctuary-will-hold-3-masses-on-the-day-of-our-lady-of-the-conception\/","title":{"rendered":"The sanctuary will hold 3 masses on the day of Our Lady of the Immaculate Conception."},"content":{"rendered":"<p>The Archdiocesan Sanctuary of Health and Peace will celebrate the feast day of Our Lady of the Immaculate Conception this Thursday, December 8th. The church has scheduled three Mass times to accommodate the faithful: at 7:00 AM, 10:00 AM, and 7:00 PM.<\/p>\n\n\n\n<p>The 10:00 AM and 7:00 PM services will be broadcast on the Padre Eust\u00e1quio Channel. Everyone is invited to participate in person, while maintaining all necessary hygiene and safety precautions. The Sanctuary also recommends the use of masks for everyone&#039;s protection.<\/p>\n\n\n\n<p><strong>The Immaculate Conception<\/strong><\/p>\n\n\n\n<p>The dogma of the Immaculate Conception of Mary is one of the dogmas most dear to the hearts of the Christian people. The dogmas of the Church are truths that never change, that strengthen the faith we carry within us, and that we never renounce.<\/p>\n\n\n\n<p>The conviction of the complete purity of the Mother of God, Mary, that is, this dogma, was defined in 1854 by Pope Pius IX through the bull &quot;Ineffabilis Deus,&quot; but before that, popular devotion to the Immaculate Conception of Mary was already widespread. The feast already existed in the East and in southern Italy, then dominated by the Byzantines, since the 7th century.<\/p>\n\n\n\n<p><\/p>\n\n\n\n<p><em>*with information from nossasagradafamilia.com.br<\/em><\/p>","protected":false},"excerpt":{"rendered":"<p>O Santu\u00e1rio Arquidiocesano da Sa\u00fade e da Paz ir\u00e1 celebrar nesta quinta-feira, dia 8 de dezembro, o dia de Nossa Senhora da Concei\u00e7\u00e3o. A igreja est\u00e1 programando tr\u00eas hor\u00e1rios de missas para atender os fi\u00e9is: \u00e0s 7h, \u00e0s 10h e \u00e0s 19h. As celebra\u00e7\u00f5es das 10h e das 19h ser\u00e3o transmitidas pelo Canal Padre Eust\u00e1quio. Todos est\u00e3o convidados a participarem conosco de forma presencial, mantendo todos os cuidados e higieniza\u00e7\u00e3o. O Santu\u00e1rio ainda recomenda o uso da m\u00e1scara para prote\u00e7\u00e3o de todos. A Imaculada Concei\u00e7\u00e3o O dogma da Imaculada Concei\u00e7\u00e3o de Maria \u00e9 um dos dogmas mais queridos ao cora\u00e7\u00e3o [&hellip;]<\/p>\n","protected":false},"author":2,"featured_media":9602,"comment_status":"open","ping_status":"closed","sticky":false,"template":"","format":"standard","meta":{"_acf_changed":false,"footnotes":""},"categories":[611],"tags":[],"class_list":["post-9601","post","type-post","status-publish","format-standard","has-post-thumbnail","hentry","category-noticias"],"acf":[],"yoast_head":"<!-- This site is optimized with the Yoast SEO plugin v27.2 - https:\/\/yoast.com\/product\/yoast-seo-wordpress\/ -->\n<title>Santu\u00e1rio ter\u00e1 3 missas no dia de Nossa Senhora da Concei\u00e7\u00e3o<\/title>\n<meta name=\"description\" content=\"O Santu\u00e1rio Arquidiocesano da Sa\u00fade e da Paz ir\u00e1 celebrar nesta quinta-feira, dia 8 de dezembro, o dia de Nossa Senhora da Concei\u00e7\u00e3o. A igreja est\u00e1 programando tr\u00eas hor\u00e1rios de missas para atender os fi\u00e9is: \u00e0s 7h, \u00e0s 10h e \u00e0s 19h.\" \/>\n<meta name=\"robots\" content=\"index, follow, max-snippet:-1, max-image-preview:large, max-video-preview:-1\" \/>\n<link rel=\"canonical\" href=\"https:\/\/www.padreeustaquio.com.br\/en\/the-sanctuary-will-hold-3-masses-on-the-day-of-our-lady-of-the-conception\/\" \/>\n<meta property=\"og:locale\" content=\"en_US\" \/>\n<meta property=\"og:type\" content=\"article\" \/>\n<meta property=\"og:title\" content=\"Santu\u00e1rio ter\u00e1 3 missas no dia de Nossa Senhora da Concei\u00e7\u00e3o\" \/>\n<meta property=\"og:description\" content=\"O Santu\u00e1rio Arquidiocesano da Sa\u00fade e da Paz ir\u00e1 celebrar nesta quinta-feira, dia 8 de dezembro, o dia de Nossa Senhora da Concei\u00e7\u00e3o. A igreja est\u00e1 programando tr\u00eas hor\u00e1rios de missas para atender os fi\u00e9is: \u00e0s 7h, \u00e0s 10h e \u00e0s 19h.\" \/>\n<meta property=\"og:url\" content=\"https:\/\/www.padreeustaquio.com.br\/en\/the-sanctuary-will-hold-3-masses-on-the-day-of-our-lady-of-the-conception\/\" \/>\n<meta property=\"og:site_name\" content=\"Padre Eust\u00e1quio\" \/>\n<meta property=\"article:publisher\" content=\"https:\/\/www.facebook.com\/beatopadreeustaquio\/\" \/>\n<meta property=\"article:published_time\" content=\"2022-12-07T09:00:00+00:00\" \/>\n<meta property=\"og:image\" content=\"https:\/\/www.padreeustaquio.com.br\/wp-content\/uploads\/2022\/12\/Imaculada-Conceicao.jpg\" \/>\n\t<meta property=\"og:image:width\" content=\"720\" \/>\n\t<meta property=\"og:image:height\" content=\"420\" \/>\n\t<meta property=\"og:image:type\" content=\"image\/jpeg\" \/>\n<meta name=\"author\" content=\"@sscc\" \/>\n<meta name=\"twitter:card\" content=\"summary_large_image\" \/>\n<meta name=\"twitter:creator\" content=\"@beatopeustaquio\" \/>\n<meta name=\"twitter:site\" content=\"@beatopeustaquio\" \/>\n<meta name=\"twitter:label1\" content=\"Written by\" \/>\n\t<meta name=\"twitter:data1\" content=\"@sscc\" \/>\n\t<meta name=\"twitter:label2\" content=\"Est. reading time\" \/>\n\t<meta name=\"twitter:data2\" content=\"1 minute\" \/>\n<script type=\"application\/ld+json\" class=\"yoast-schema-graph\">{\"@context\":\"https:\/\/schema.org\",\"@graph\":[{\"@type\":\"Article\",\"@id\":\"https:\/\/www.padreeustaquio.com.br\/santuario-tera-3-missas-no-dia-de-nossa-senhora-da-conceicao\/#article\",\"isPartOf\":{\"@id\":\"https:\/\/www.padreeustaquio.com.br\/santuario-tera-3-missas-no-dia-de-nossa-senhora-da-conceicao\/\"},\"author\":{\"name\":\"@sscc\",\"@id\":\"https:\/\/www.padreeustaquio.com.br\/#\/schema\/person\/a2a51db1d00f1a7af0204a0f1ddb1566\"},\"headline\":\"Santu\u00e1rio ter\u00e1 3 missas no dia de Nossa Senhora da Concei\u00e7\u00e3o\",\"datePublished\":\"2022-12-07T09:00:00+00:00\",\"mainEntityOfPage\":{\"@id\":\"https:\/\/www.padreeustaquio.com.br\/santuario-tera-3-missas-no-dia-de-nossa-senhora-da-conceicao\/\"},\"wordCount\":232,\"commentCount\":0,\"publisher\":{\"@id\":\"https:\/\/www.padreeustaquio.com.br\/#organization\"},\"image\":{\"@id\":\"https:\/\/www.padreeustaquio.com.br\/santuario-tera-3-missas-no-dia-de-nossa-senhora-da-conceicao\/#primaryimage\"},\"thumbnailUrl\":\"https:\/\/www.padreeustaquio.com.br\/wp-content\/uploads\/2022\/12\/Imaculada-Conceicao.jpg\",\"articleSection\":[\"Not\u00edcias\"],\"inLanguage\":\"en-US\",\"potentialAction\":[{\"@type\":\"CommentAction\",\"name\":\"Comment\",\"target\":[\"https:\/\/www.padreeustaquio.com.br\/santuario-tera-3-missas-no-dia-de-nossa-senhora-da-conceicao\/#respond\"]}]},{\"@type\":\"WebPage\",\"@id\":\"https:\/\/www.padreeustaquio.com.br\/santuario-tera-3-missas-no-dia-de-nossa-senhora-da-conceicao\/\",\"url\":\"https:\/\/www.padreeustaquio.com.br\/santuario-tera-3-missas-no-dia-de-nossa-senhora-da-conceicao\/\",\"name\":\"Santu\u00e1rio ter\u00e1 3 missas no dia de Nossa Senhora da Concei\u00e7\u00e3o\",\"isPartOf\":{\"@id\":\"https:\/\/www.padreeustaquio.com.br\/#website\"},\"primaryImageOfPage\":{\"@id\":\"https:\/\/www.padreeustaquio.com.br\/santuario-tera-3-missas-no-dia-de-nossa-senhora-da-conceicao\/#primaryimage\"},\"image\":{\"@id\":\"https:\/\/www.padreeustaquio.com.br\/santuario-tera-3-missas-no-dia-de-nossa-senhora-da-conceicao\/#primaryimage\"},\"thumbnailUrl\":\"https:\/\/www.padreeustaquio.com.br\/wp-content\/uploads\/2022\/12\/Imaculada-Conceicao.jpg\",\"datePublished\":\"2022-12-07T09:00:00+00:00\",\"description\":\"O Santu\u00e1rio Arquidiocesano da Sa\u00fade e da Paz ir\u00e1 celebrar nesta quinta-feira, dia 8 de dezembro, o dia de Nossa Senhora da Concei\u00e7\u00e3o. A igreja est\u00e1 programando tr\u00eas hor\u00e1rios de missas para atender os fi\u00e9is: \u00e0s 7h, \u00e0s 10h e \u00e0s 19h.\",\"breadcrumb\":{\"@id\":\"https:\/\/www.padreeustaquio.com.br\/santuario-tera-3-missas-no-dia-de-nossa-senhora-da-conceicao\/#breadcrumb\"},\"inLanguage\":\"en-US\",\"potentialAction\":[{\"@type\":\"ReadAction\",\"target\":[\"https:\/\/www.padreeustaquio.com.br\/santuario-tera-3-missas-no-dia-de-nossa-senhora-da-conceicao\/\"]}]},{\"@type\":\"ImageObject\",\"inLanguage\":\"en-US\",\"@id\":\"https:\/\/www.padreeustaquio.com.br\/santuario-tera-3-missas-no-dia-de-nossa-senhora-da-conceicao\/#primaryimage\",\"url\":\"https:\/\/www.padreeustaquio.com.br\/wp-content\/uploads\/2022\/12\/Imaculada-Conceicao.jpg\",\"contentUrl\":\"https:\/\/www.padreeustaquio.com.br\/wp-content\/uploads\/2022\/12\/Imaculada-Conceicao.jpg\",\"width\":720,\"height\":420},{\"@type\":\"BreadcrumbList\",\"@id\":\"https:\/\/www.padreeustaquio.com.br\/santuario-tera-3-missas-no-dia-de-nossa-senhora-da-conceicao\/#breadcrumb\",\"itemListElement\":[{\"@type\":\"ListItem\",\"position\":1,\"name\":\"In\u00edcio\",\"item\":\"https:\/\/www.padreeustaquio.com.br\/\"},{\"@type\":\"ListItem\",\"position\":2,\"name\":\"Santu\u00e1rio ter\u00e1 3 missas no dia de Nossa Senhora da Concei\u00e7\u00e3o\"}]},{\"@type\":\"WebSite\",\"@id\":\"https:\/\/www.padreeustaquio.com.br\/#website\",\"url\":\"https:\/\/www.padreeustaquio.com.br\/\",\"name\":\"Padre Eust\u00e1quio\",\"description\":\"Sa\u00fade e Paz\",\"publisher\":{\"@id\":\"https:\/\/www.padreeustaquio.com.br\/#organization\"},\"potentialAction\":[{\"@type\":\"SearchAction\",\"target\":{\"@type\":\"EntryPoint\",\"urlTemplate\":\"https:\/\/www.padreeustaquio.com.br\/?s={search_term_string}\"},\"query-input\":{\"@type\":\"PropertyValueSpecification\",\"valueRequired\":true,\"valueName\":\"search_term_string\"}}],\"inLanguage\":\"en-US\"},{\"@type\":\"Organization\",\"@id\":\"https:\/\/www.padreeustaquio.com.br\/#organization\",\"name\":\"Padre Eust\u00e1quio\",\"url\":\"https:\/\/www.padreeustaquio.com.br\/\",\"logo\":{\"@type\":\"ImageObject\",\"inLanguage\":\"en-US\",\"@id\":\"https:\/\/www.padreeustaquio.com.br\/#\/schema\/logo\/image\/\",\"url\":\"https:\/\/www.padreeustaquio.com.br\/wp-content\/uploads\/2019\/08\/marca.png\",\"contentUrl\":\"https:\/\/www.padreeustaquio.com.br\/wp-content\/uploads\/2019\/08\/marca.png\",\"width\":350,\"height\":400,\"caption\":\"Padre Eust\u00e1quio\"},\"image\":{\"@id\":\"https:\/\/www.padreeustaquio.com.br\/#\/schema\/logo\/image\/\"},\"sameAs\":[\"https:\/\/www.facebook.com\/beatopadreeustaquio\/\",\"https:\/\/x.com\/beatopeustaquio\",\"https:\/\/www.instagram.com\/beatopadreeustaquio\/\",\"https:\/\/www.youtube.com\/channel\/UCRhw7vfabnajwLxb1ZXMeIw\"]},{\"@type\":\"Person\",\"@id\":\"https:\/\/www.padreeustaquio.com.br\/#\/schema\/person\/a2a51db1d00f1a7af0204a0f1ddb1566\",\"name\":\"@sscc\",\"image\":{\"@type\":\"ImageObject\",\"inLanguage\":\"en-US\",\"@id\":\"https:\/\/secure.gravatar.com\/avatar\/68cfafa5f44617fea54071e215026e0ff06be366c3d54a8425f04fdcb86f8c5f?s=96&d=mm&r=g\",\"url\":\"https:\/\/secure.gravatar.com\/avatar\/68cfafa5f44617fea54071e215026e0ff06be366c3d54a8425f04fdcb86f8c5f?s=96&d=mm&r=g\",\"contentUrl\":\"https:\/\/secure.gravatar.com\/avatar\/68cfafa5f44617fea54071e215026e0ff06be366c3d54a8425f04fdcb86f8c5f?s=96&d=mm&r=g\",\"caption\":\"@sscc\"},\"url\":\"https:\/\/www.padreeustaquio.com.br\/en\/author\/sscc\/\"}]}<\/script>\n<!-- \/ Yoast SEO plugin. -->","yoast_head_json":{"title":"The sanctuary will hold 3 masses on the day of Our Lady of the Immaculate Conception.","description":"The Archdiocesan Sanctuary of Health and Peace will celebrate the feast day of Our Lady of the Immaculate Conception this Thursday, December 8th. The church has scheduled three Mass times to accommodate the faithful: at 7:00 AM, 10:00 AM, and 7:00 PM.","robots":{"index":"index","follow":"follow","max-snippet":"max-snippet:-1","max-image-preview":"max-image-preview:large","max-video-preview":"max-video-preview:-1"},"canonical":"https:\/\/www.padreeustaquio.com.br\/en\/the-sanctuary-will-hold-3-masses-on-the-day-of-our-lady-of-the-conception\/","og_locale":"en_US","og_type":"article","og_title":"Santu\u00e1rio ter\u00e1 3 missas no dia de Nossa Senhora da Concei\u00e7\u00e3o","og_description":"O Santu\u00e1rio Arquidiocesano da Sa\u00fade e da Paz ir\u00e1 celebrar nesta quinta-feira, dia 8 de dezembro, o dia de Nossa Senhora da Concei\u00e7\u00e3o. A igreja est\u00e1 programando tr\u00eas hor\u00e1rios de missas para atender os fi\u00e9is: \u00e0s 7h, \u00e0s 10h e \u00e0s 19h.","og_url":"https:\/\/www.padreeustaquio.com.br\/en\/the-sanctuary-will-hold-3-masses-on-the-day-of-our-lady-of-the-conception\/","og_site_name":"Padre Eust\u00e1quio","article_publisher":"https:\/\/www.facebook.com\/beatopadreeustaquio\/","article_published_time":"2022-12-07T09:00:00+00:00","og_image":[{"width":720,"height":420,"url":"https:\/\/www.padreeustaquio.com.br\/wp-content\/uploads\/2022\/12\/Imaculada-Conceicao.jpg","type":"image\/jpeg"}],"author":"@sscc","twitter_card":"summary_large_image","twitter_creator":"@beatopeustaquio","twitter_site":"@beatopeustaquio","twitter_misc":{"Written by":"@sscc","Est. reading time":"1 minute"},"schema":{"@context":"https:\/\/schema.org","@graph":[{"@type":"Article","@id":"https:\/\/www.padreeustaquio.com.br\/santuario-tera-3-missas-no-dia-de-nossa-senhora-da-conceicao\/#article","isPartOf":{"@id":"https:\/\/www.padreeustaquio.com.br\/santuario-tera-3-missas-no-dia-de-nossa-senhora-da-conceicao\/"},"author":{"name":"@sscc","@id":"https:\/\/www.padreeustaquio.com.br\/#\/schema\/person\/a2a51db1d00f1a7af0204a0f1ddb1566"},"headline":"Santu\u00e1rio ter\u00e1 3 missas no dia de Nossa Senhora da Concei\u00e7\u00e3o","datePublished":"2022-12-07T09:00:00+00:00","mainEntityOfPage":{"@id":"https:\/\/www.padreeustaquio.com.br\/santuario-tera-3-missas-no-dia-de-nossa-senhora-da-conceicao\/"},"wordCount":232,"commentCount":0,"publisher":{"@id":"https:\/\/www.padreeustaquio.com.br\/#organization"},"image":{"@id":"https:\/\/www.padreeustaquio.com.br\/santuario-tera-3-missas-no-dia-de-nossa-senhora-da-conceicao\/#primaryimage"},"thumbnailUrl":"https:\/\/www.padreeustaquio.com.br\/wp-content\/uploads\/2022\/12\/Imaculada-Conceicao.jpg","articleSection":["Not\u00edcias"],"inLanguage":"en-US","potentialAction":[{"@type":"CommentAction","name":"Comment","target":["https:\/\/www.padreeustaquio.com.br\/santuario-tera-3-missas-no-dia-de-nossa-senhora-da-conceicao\/#respond"]}]},{"@type":"WebPage","@id":"https:\/\/www.padreeustaquio.com.br\/santuario-tera-3-missas-no-dia-de-nossa-senhora-da-conceicao\/","url":"https:\/\/www.padreeustaquio.com.br\/santuario-tera-3-missas-no-dia-de-nossa-senhora-da-conceicao\/","name":"The sanctuary will hold 3 masses on the day of Our Lady of the Immaculate Conception.","isPartOf":{"@id":"https:\/\/www.padreeustaquio.com.br\/#website"},"primaryImageOfPage":{"@id":"https:\/\/www.padreeustaquio.com.br\/santuario-tera-3-missas-no-dia-de-nossa-senhora-da-conceicao\/#primaryimage"},"image":{"@id":"https:\/\/www.padreeustaquio.com.br\/santuario-tera-3-missas-no-dia-de-nossa-senhora-da-conceicao\/#primaryimage"},"thumbnailUrl":"https:\/\/www.padreeustaquio.com.br\/wp-content\/uploads\/2022\/12\/Imaculada-Conceicao.jpg","datePublished":"2022-12-07T09:00:00+00:00","description":"The Archdiocesan Sanctuary of Health and Peace will celebrate the feast day of Our Lady of the Immaculate Conception this Thursday, December 8th. The church has scheduled three Mass times to accommodate the faithful: at 7:00 AM, 10:00 AM, and 7:00 PM.","breadcrumb":{"@id":"https:\/\/www.padreeustaquio.com.br\/santuario-tera-3-missas-no-dia-de-nossa-senhora-da-conceicao\/#breadcrumb"},"inLanguage":"en-US","potentialAction":[{"@type":"ReadAction","target":["https:\/\/www.padreeustaquio.com.br\/santuario-tera-3-missas-no-dia-de-nossa-senhora-da-conceicao\/"]}]},{"@type":"ImageObject","inLanguage":"en-US","@id":"https:\/\/www.padreeustaquio.com.br\/santuario-tera-3-missas-no-dia-de-nossa-senhora-da-conceicao\/#primaryimage","url":"https:\/\/www.padreeustaquio.com.br\/wp-content\/uploads\/2022\/12\/Imaculada-Conceicao.jpg","contentUrl":"https:\/\/www.padreeustaquio.com.br\/wp-content\/uploads\/2022\/12\/Imaculada-Conceicao.jpg","width":720,"height":420},{"@type":"BreadcrumbList","@id":"https:\/\/www.padreeustaquio.com.br\/santuario-tera-3-missas-no-dia-de-nossa-senhora-da-conceicao\/#breadcrumb","itemListElement":[{"@type":"ListItem","position":1,"name":"In\u00edcio","item":"https:\/\/www.padreeustaquio.com.br\/"},{"@type":"ListItem","position":2,"name":"Santu\u00e1rio ter\u00e1 3 missas no dia de Nossa Senhora da Concei\u00e7\u00e3o"}]},{"@type":"WebSite","@id":"https:\/\/www.padreeustaquio.com.br\/#website","url":"https:\/\/www.padreeustaquio.com.br\/","name":"FATHER EUST\u00c1QUIO","description":"Health and Peace","publisher":{"@id":"https:\/\/www.padreeustaquio.com.br\/#organization"},"potentialAction":[{"@type":"SearchAction","target":{"@type":"EntryPoint","urlTemplate":"https:\/\/www.padreeustaquio.com.br\/?s={search_term_string}"},"query-input":{"@type":"PropertyValueSpecification","valueRequired":true,"valueName":"search_term_string"}}],"inLanguage":"en-US"},{"@type":"Organization","@id":"https:\/\/www.padreeustaquio.com.br\/#organization","name":"FATHER EUST\u00c1QUIO","url":"https:\/\/www.padreeustaquio.com.br\/","logo":{"@type":"ImageObject","inLanguage":"en-US","@id":"https:\/\/www.padreeustaquio.com.br\/#\/schema\/logo\/image\/","url":"https:\/\/www.padreeustaquio.com.br\/wp-content\/uploads\/2019\/08\/marca.png","contentUrl":"https:\/\/www.padreeustaquio.com.br\/wp-content\/uploads\/2019\/08\/marca.png","width":350,"height":400,"caption":"Padre Eust\u00e1quio"},"image":{"@id":"https:\/\/www.padreeustaquio.com.br\/#\/schema\/logo\/image\/"},"sameAs":["https:\/\/www.facebook.com\/beatopadreeustaquio\/","https:\/\/x.com\/beatopeustaquio","https:\/\/www.instagram.com\/beatopadreeustaquio\/","https:\/\/www.youtube.com\/channel\/UCRhw7vfabnajwLxb1ZXMeIw"]},{"@type":"Person","@id":"https:\/\/www.padreeustaquio.com.br\/#\/schema\/person\/a2a51db1d00f1a7af0204a0f1ddb1566","name":"@sscc","image":{"@type":"ImageObject","inLanguage":"en-US","@id":"https:\/\/secure.gravatar.com\/avatar\/68cfafa5f44617fea54071e215026e0ff06be366c3d54a8425f04fdcb86f8c5f?s=96&d=mm&r=g","url":"https:\/\/secure.gravatar.com\/avatar\/68cfafa5f44617fea54071e215026e0ff06be366c3d54a8425f04fdcb86f8c5f?s=96&d=mm&r=g","contentUrl":"https:\/\/secure.gravatar.com\/avatar\/68cfafa5f44617fea54071e215026e0ff06be366c3d54a8425f04fdcb86f8c5f?s=96&d=mm&r=g","caption":"@sscc"},"url":"https:\/\/www.padreeustaquio.com.br\/en\/author\/sscc\/"}]}},"_links":{"self":[{"href":"https:\/\/www.padreeustaquio.com.br\/en\/wp-json\/wp\/v2\/posts\/9601","targetHints":{"allow":["GET"]}}],"collection":[{"href":"https:\/\/www.padreeustaquio.com.br\/en\/wp-json\/wp\/v2\/posts"}],"about":[{"href":"https:\/\/www.padreeustaquio.com.br\/en\/wp-json\/wp\/v2\/types\/post"}],"author":[{"embeddable":true,"href":"https:\/\/www.padreeustaquio.com.br\/en\/wp-json\/wp\/v2\/users\/2"}],"replies":[{"embeddable":true,"href":"https:\/\/www.padreeustaquio.com.br\/en\/wp-json\/wp\/v2\/comments?post=9601"}],"version-history":[{"count":0,"href":"https:\/\/www.padreeustaquio.com.br\/en\/wp-json\/wp\/v2\/posts\/9601\/revisions"}],"wp:featuredmedia":[{"embeddable":true,"href":"https:\/\/www.padreeustaquio.com.br\/en\/wp-json\/wp\/v2\/media\/9602"}],"wp:attachment":[{"href":"https:\/\/www.padreeustaquio.com.br\/en\/wp-json\/wp\/v2\/media?parent=9601"}],"wp:term":[{"taxonomy":"category","embeddable":true,"href":"https:\/\/www.padreeustaquio.com.br\/en\/wp-json\/wp\/v2\/categories?post=9601"},{"taxonomy":"post_tag","embeddable":true,"href":"https:\/\/www.padreeustaquio.com.br\/en\/wp-json\/wp\/v2\/tags?post=9601"}],"curies":[{"name":"wp","href":"https:\/\/api.w.org\/{rel}","templated":true}]}}