{"id":9456,"date":"2022-11-01T06:03:00","date_gmt":"2022-11-01T09:03:00","guid":{"rendered":"https:\/\/www.padreeustaquio.com.br\/?p=9456"},"modified":"2022-10-31T12:09:30","modified_gmt":"2022-10-31T15:09:30","slug":"the-story-of-father-eustaquios-arrival-in-agua-suja-mg","status":"publish","type":"post","link":"https:\/\/www.padreeustaquio.com.br\/en\/the-story-of-father-eustaquios-arrival-in-agua-suja-mg\/","title":{"rendered":"HISTORY \u2013 The arrival of Father Eust\u00e1quio in \u00c1gua Suja-MG"},"content":{"rendered":"<p>In July 1925, Father Eust\u00e1quio, Father Gil, and Father Mathias arrived in \u00c1gua Suja\/MG, today the city of Romaria, in the Tri\u00e2ngulo Mineiro region. There, they began the work of what would later officially become the province of the Congregation of the Sacred Hearts in Brazil.<\/p>\n\n\n\n<p>In his testimony to the Tribunal for the Cause of Beatification and Canonization of Father Eust\u00e1quio, Father Gil recounts that the place had been without a parish priest for two years:<\/p>\n\n\n\n<p>\u201c<em>\u00c1gua-Suja was a parish in the diocese of Uberaba, which had a sanctuary called Our Lady of the Abbey. Both the parish and the sanctuary were served by the local parish priest. When we arrived, the place had been without a resident priest for two years and was being served by a Sunday Mass celebrated by the neighboring priest from Estrela do Sul.<\/em>\u201dsays Father Gil.<\/p>\n\n\n\n<p>The city&#039;s situation was far from good. There were many moral and religious ills; the priests then arrived with the desire to change that reality. Father Eust\u00e1quio taught catechism to children and showed a predilection for the poor and the sick.<\/p>\n\n\n\n<p>\u201c<em>Father Eust\u00e1quio began attending to a boy who was covered in sores; he himself, as he told me, cleaned those wounds, taking the child and administering remedies to him; the fact is that the boy came to be cured; his father, who was one of those henchmen who killed for the hire of contractors who killed rivals, came to thank Father Eust\u00e1quio for curing his son and to offer him his services free of charge against any adversary Father Eust\u00e1quio might have.<\/em>\u201dFather Gil recounts.<\/p>\n\n\n\n<p>Father Eust\u00e1quio was always the first to arrive at the church to hear confessions and never left a sick person without a visit.<\/p>\n\n\n\n<p><em>\u201c&quot;From the point of view of religious observance, I can say that Father Eust\u00e1quio was exemplary, he was constantly faithful. Among the religious who surrounded me, I can point to Father Eust\u00e1quio as one of the most observant, and certainly one of the most esteemed of his confreres.&quot;\u201d<\/em> Father Gil spoke to the Court in 1962.<\/p>\n\n\n\n<p><\/p>","protected":false},"excerpt":{"rendered":"<p>Em julho de 1925, Padre Eust\u00e1quio, Padre Gil e Padre Mathias chegam a \u00c1gua Suja\/MG, hoje a cidade de Romaria, no Tri\u00e2ngulo Mineiro. L\u00e1, eles come\u00e7aram os trabalhos daquela que, mais tarde, seria oficialmente a prov\u00edncia da Congrega\u00e7\u00e3o dos Sagrados Cora\u00e7\u00f5es no Brasil. Em depoimento ao Tribunal da Causa de Beatifica\u00e7\u00e3o e Canoniza\u00e7\u00e3o do Padre Eust\u00e1quio, Padre Gil conta que h\u00e1 dois anos o local estava sem p\u00e1roco: \u201c\u00c1gua-Suja era uma par\u00f3quia da diocese de Uberaba, que tinha um santu\u00e1rio denominado Nossa Senhora da Abadia. Par\u00f3quia e Santu\u00e1rio eram assistidos pelo pr\u00f3prio p\u00e1roco do lugar. Quando n\u00f3s chegamos, havia dois [&hellip;]<\/p>\n","protected":false},"author":2,"featured_media":9457,"comment_status":"open","ping_status":"closed","sticky":false,"template":"","format":"standard","meta":{"_acf_changed":false,"footnotes":""},"categories":[611],"tags":[],"class_list":["post-9456","post","type-post","status-publish","format-standard","has-post-thumbnail","hentry","category-noticias"],"acf":[],"yoast_head":"<!-- This site is optimized with the Yoast SEO plugin v27.2 - https:\/\/yoast.com\/product\/yoast-seo-wordpress\/ -->\n<title>HIST\u00d3RIA - A chegada de Padre Eust\u00e1quio \u00e0 \u00c1gua Suja-MG<\/title>\n<meta name=\"description\" content=\"Em julho de 1925, Padre Eust\u00e1quio, Padre Gil e Padre Mathias chegam a \u00c1gua Suja\/MG, hoje a cidade de Romaria, no Tri\u00e2ngulo Mineiro. L\u00e1, eles come\u00e7aram os trabalhos daquela que, mais tarde, seria oficialmente a prov\u00edncia da Congrega\u00e7\u00e3o dos Sagrados Cora\u00e7\u00f5es no Brasil.\" \/>\n<meta name=\"robots\" content=\"index, follow, max-snippet:-1, max-image-preview:large, max-video-preview:-1\" \/>\n<link rel=\"canonical\" href=\"https:\/\/www.padreeustaquio.com.br\/en\/the-story-of-father-eustaquios-arrival-in-agua-suja-mg\/\" \/>\n<meta property=\"og:locale\" content=\"en_US\" \/>\n<meta property=\"og:type\" content=\"article\" \/>\n<meta property=\"og:title\" content=\"HIST\u00d3RIA - A chegada de Padre Eust\u00e1quio \u00e0 \u00c1gua Suja-MG\" \/>\n<meta property=\"og:description\" content=\"Em julho de 1925, Padre Eust\u00e1quio, Padre Gil e Padre Mathias chegam a \u00c1gua Suja\/MG, hoje a cidade de Romaria, no Tri\u00e2ngulo Mineiro. L\u00e1, eles come\u00e7aram os trabalhos daquela que, mais tarde, seria oficialmente a prov\u00edncia da Congrega\u00e7\u00e3o dos Sagrados Cora\u00e7\u00f5es no Brasil.\" \/>\n<meta property=\"og:url\" content=\"https:\/\/www.padreeustaquio.com.br\/en\/the-story-of-father-eustaquios-arrival-in-agua-suja-mg\/\" \/>\n<meta property=\"og:site_name\" content=\"Padre Eust\u00e1quio\" \/>\n<meta property=\"article:publisher\" content=\"https:\/\/www.facebook.com\/beatopadreeustaquio\/\" \/>\n<meta property=\"article:published_time\" content=\"2022-11-01T09:03:00+00:00\" \/>\n<meta property=\"og:image\" content=\"https:\/\/www.padreeustaquio.com.br\/wp-content\/uploads\/2022\/10\/Padre-Eustaquio-em-Agua-Suja-MG-e1667228910569.jpeg\" \/>\n\t<meta property=\"og:image:width\" content=\"1280\" \/>\n\t<meta property=\"og:image:height\" content=\"659\" \/>\n\t<meta property=\"og:image:type\" content=\"image\/jpeg\" \/>\n<meta name=\"author\" content=\"@sscc\" \/>\n<meta name=\"twitter:card\" content=\"summary_large_image\" \/>\n<meta name=\"twitter:image\" content=\"https:\/\/www.padreeustaquio.com.br\/wp-content\/uploads\/2022\/10\/Padre-Eustaquio-em-Agua-Suja-MG-e1667228910569.jpeg\" \/>\n<meta name=\"twitter:creator\" content=\"@beatopeustaquio\" \/>\n<meta name=\"twitter:site\" content=\"@beatopeustaquio\" \/>\n<meta name=\"twitter:label1\" content=\"Written by\" \/>\n\t<meta name=\"twitter:data1\" content=\"@sscc\" \/>\n\t<meta name=\"twitter:label2\" content=\"Est. reading time\" \/>\n\t<meta name=\"twitter:data2\" content=\"2 minutes\" \/>\n<script type=\"application\/ld+json\" class=\"yoast-schema-graph\">{\"@context\":\"https:\/\/schema.org\",\"@graph\":[{\"@type\":\"Article\",\"@id\":\"https:\/\/www.padreeustaquio.com.br\/historia-a-chegada-de-padre-eustaquio-a-agua-suja-mg\/#article\",\"isPartOf\":{\"@id\":\"https:\/\/www.padreeustaquio.com.br\/historia-a-chegada-de-padre-eustaquio-a-agua-suja-mg\/\"},\"author\":{\"name\":\"@sscc\",\"@id\":\"https:\/\/www.padreeustaquio.com.br\/#\/schema\/person\/a2a51db1d00f1a7af0204a0f1ddb1566\"},\"headline\":\"HIST\u00d3RIA &#8211; A chegada de Padre Eust\u00e1quio \u00e0 \u00c1gua Suja-MG\",\"datePublished\":\"2022-11-01T09:03:00+00:00\",\"mainEntityOfPage\":{\"@id\":\"https:\/\/www.padreeustaquio.com.br\/historia-a-chegada-de-padre-eustaquio-a-agua-suja-mg\/\"},\"wordCount\":362,\"commentCount\":0,\"publisher\":{\"@id\":\"https:\/\/www.padreeustaquio.com.br\/#organization\"},\"image\":{\"@id\":\"https:\/\/www.padreeustaquio.com.br\/historia-a-chegada-de-padre-eustaquio-a-agua-suja-mg\/#primaryimage\"},\"thumbnailUrl\":\"https:\/\/www.padreeustaquio.com.br\/wp-content\/uploads\/2022\/10\/Padre-Eustaquio-em-Agua-Suja-MG-e1667228910569.jpeg\",\"articleSection\":[\"Not\u00edcias\"],\"inLanguage\":\"en-US\",\"potentialAction\":[{\"@type\":\"CommentAction\",\"name\":\"Comment\",\"target\":[\"https:\/\/www.padreeustaquio.com.br\/historia-a-chegada-de-padre-eustaquio-a-agua-suja-mg\/#respond\"]}]},{\"@type\":\"WebPage\",\"@id\":\"https:\/\/www.padreeustaquio.com.br\/historia-a-chegada-de-padre-eustaquio-a-agua-suja-mg\/\",\"url\":\"https:\/\/www.padreeustaquio.com.br\/historia-a-chegada-de-padre-eustaquio-a-agua-suja-mg\/\",\"name\":\"HIST\u00d3RIA - A chegada de Padre Eust\u00e1quio \u00e0 \u00c1gua Suja-MG\",\"isPartOf\":{\"@id\":\"https:\/\/www.padreeustaquio.com.br\/#website\"},\"primaryImageOfPage\":{\"@id\":\"https:\/\/www.padreeustaquio.com.br\/historia-a-chegada-de-padre-eustaquio-a-agua-suja-mg\/#primaryimage\"},\"image\":{\"@id\":\"https:\/\/www.padreeustaquio.com.br\/historia-a-chegada-de-padre-eustaquio-a-agua-suja-mg\/#primaryimage\"},\"thumbnailUrl\":\"https:\/\/www.padreeustaquio.com.br\/wp-content\/uploads\/2022\/10\/Padre-Eustaquio-em-Agua-Suja-MG-e1667228910569.jpeg\",\"datePublished\":\"2022-11-01T09:03:00+00:00\",\"description\":\"Em julho de 1925, Padre Eust\u00e1quio, Padre Gil e Padre Mathias chegam a \u00c1gua Suja\/MG, hoje a cidade de Romaria, no Tri\u00e2ngulo Mineiro. L\u00e1, eles come\u00e7aram os trabalhos daquela que, mais tarde, seria oficialmente a prov\u00edncia da Congrega\u00e7\u00e3o dos Sagrados Cora\u00e7\u00f5es no Brasil.\",\"breadcrumb\":{\"@id\":\"https:\/\/www.padreeustaquio.com.br\/historia-a-chegada-de-padre-eustaquio-a-agua-suja-mg\/#breadcrumb\"},\"inLanguage\":\"en-US\",\"potentialAction\":[{\"@type\":\"ReadAction\",\"target\":[\"https:\/\/www.padreeustaquio.com.br\/historia-a-chegada-de-padre-eustaquio-a-agua-suja-mg\/\"]}]},{\"@type\":\"ImageObject\",\"inLanguage\":\"en-US\",\"@id\":\"https:\/\/www.padreeustaquio.com.br\/historia-a-chegada-de-padre-eustaquio-a-agua-suja-mg\/#primaryimage\",\"url\":\"https:\/\/www.padreeustaquio.com.br\/wp-content\/uploads\/2022\/10\/Padre-Eustaquio-em-Agua-Suja-MG-e1667228910569.jpeg\",\"contentUrl\":\"https:\/\/www.padreeustaquio.com.br\/wp-content\/uploads\/2022\/10\/Padre-Eustaquio-em-Agua-Suja-MG-e1667228910569.jpeg\",\"width\":1280,\"height\":659},{\"@type\":\"BreadcrumbList\",\"@id\":\"https:\/\/www.padreeustaquio.com.br\/historia-a-chegada-de-padre-eustaquio-a-agua-suja-mg\/#breadcrumb\",\"itemListElement\":[{\"@type\":\"ListItem\",\"position\":1,\"name\":\"In\u00edcio\",\"item\":\"https:\/\/www.padreeustaquio.com.br\/\"},{\"@type\":\"ListItem\",\"position\":2,\"name\":\"HIST\u00d3RIA &#8211; A chegada de Padre Eust\u00e1quio \u00e0 \u00c1gua Suja-MG\"}]},{\"@type\":\"WebSite\",\"@id\":\"https:\/\/www.padreeustaquio.com.br\/#website\",\"url\":\"https:\/\/www.padreeustaquio.com.br\/\",\"name\":\"Padre Eust\u00e1quio\",\"description\":\"Sa\u00fade e Paz\",\"publisher\":{\"@id\":\"https:\/\/www.padreeustaquio.com.br\/#organization\"},\"potentialAction\":[{\"@type\":\"SearchAction\",\"target\":{\"@type\":\"EntryPoint\",\"urlTemplate\":\"https:\/\/www.padreeustaquio.com.br\/?s={search_term_string}\"},\"query-input\":{\"@type\":\"PropertyValueSpecification\",\"valueRequired\":true,\"valueName\":\"search_term_string\"}}],\"inLanguage\":\"en-US\"},{\"@type\":\"Organization\",\"@id\":\"https:\/\/www.padreeustaquio.com.br\/#organization\",\"name\":\"Padre Eust\u00e1quio\",\"url\":\"https:\/\/www.padreeustaquio.com.br\/\",\"logo\":{\"@type\":\"ImageObject\",\"inLanguage\":\"en-US\",\"@id\":\"https:\/\/www.padreeustaquio.com.br\/#\/schema\/logo\/image\/\",\"url\":\"https:\/\/www.padreeustaquio.com.br\/wp-content\/uploads\/2019\/08\/marca.png\",\"contentUrl\":\"https:\/\/www.padreeustaquio.com.br\/wp-content\/uploads\/2019\/08\/marca.png\",\"width\":350,\"height\":400,\"caption\":\"Padre Eust\u00e1quio\"},\"image\":{\"@id\":\"https:\/\/www.padreeustaquio.com.br\/#\/schema\/logo\/image\/\"},\"sameAs\":[\"https:\/\/www.facebook.com\/beatopadreeustaquio\/\",\"https:\/\/x.com\/beatopeustaquio\",\"https:\/\/www.instagram.com\/beatopadreeustaquio\/\",\"https:\/\/www.youtube.com\/channel\/UCRhw7vfabnajwLxb1ZXMeIw\"]},{\"@type\":\"Person\",\"@id\":\"https:\/\/www.padreeustaquio.com.br\/#\/schema\/person\/a2a51db1d00f1a7af0204a0f1ddb1566\",\"name\":\"@sscc\",\"image\":{\"@type\":\"ImageObject\",\"inLanguage\":\"en-US\",\"@id\":\"https:\/\/secure.gravatar.com\/avatar\/68cfafa5f44617fea54071e215026e0ff06be366c3d54a8425f04fdcb86f8c5f?s=96&d=mm&r=g\",\"url\":\"https:\/\/secure.gravatar.com\/avatar\/68cfafa5f44617fea54071e215026e0ff06be366c3d54a8425f04fdcb86f8c5f?s=96&d=mm&r=g\",\"contentUrl\":\"https:\/\/secure.gravatar.com\/avatar\/68cfafa5f44617fea54071e215026e0ff06be366c3d54a8425f04fdcb86f8c5f?s=96&d=mm&r=g\",\"caption\":\"@sscc\"},\"url\":\"https:\/\/www.padreeustaquio.com.br\/en\/author\/sscc\/\"}]}<\/script>\n<!-- \/ Yoast SEO plugin. -->","yoast_head_json":{"title":"HISTORY - The arrival of Father Eust\u00e1quio in \u00c1gua Suja-MG","description":"In July 1925, Father Eust\u00e1quio, Father Gil, and Father Mathias arrived in \u00c1gua Suja\/MG, today the city of Romaria, in the Tri\u00e2ngulo Mineiro region. There, they began the work of what would later officially become the province of the Congregation of the Sacred Hearts in Brazil.","robots":{"index":"index","follow":"follow","max-snippet":"max-snippet:-1","max-image-preview":"max-image-preview:large","max-video-preview":"max-video-preview:-1"},"canonical":"https:\/\/www.padreeustaquio.com.br\/en\/the-story-of-father-eustaquios-arrival-in-agua-suja-mg\/","og_locale":"en_US","og_type":"article","og_title":"HIST\u00d3RIA - A chegada de Padre Eust\u00e1quio \u00e0 \u00c1gua Suja-MG","og_description":"Em julho de 1925, Padre Eust\u00e1quio, Padre Gil e Padre Mathias chegam a \u00c1gua Suja\/MG, hoje a cidade de Romaria, no Tri\u00e2ngulo Mineiro. L\u00e1, eles come\u00e7aram os trabalhos daquela que, mais tarde, seria oficialmente a prov\u00edncia da Congrega\u00e7\u00e3o dos Sagrados Cora\u00e7\u00f5es no Brasil.","og_url":"https:\/\/www.padreeustaquio.com.br\/en\/the-story-of-father-eustaquios-arrival-in-agua-suja-mg\/","og_site_name":"Padre Eust\u00e1quio","article_publisher":"https:\/\/www.facebook.com\/beatopadreeustaquio\/","article_published_time":"2022-11-01T09:03:00+00:00","og_image":[{"width":1280,"height":659,"url":"https:\/\/www.padreeustaquio.com.br\/wp-content\/uploads\/2022\/10\/Padre-Eustaquio-em-Agua-Suja-MG-e1667228910569.jpeg","type":"image\/jpeg"}],"author":"@sscc","twitter_card":"summary_large_image","twitter_image":"https:\/\/www.padreeustaquio.com.br\/wp-content\/uploads\/2022\/10\/Padre-Eustaquio-em-Agua-Suja-MG-e1667228910569.jpeg","twitter_creator":"@beatopeustaquio","twitter_site":"@beatopeustaquio","twitter_misc":{"Written by":"@sscc","Est. reading time":"2 minutes"},"schema":{"@context":"https:\/\/schema.org","@graph":[{"@type":"Article","@id":"https:\/\/www.padreeustaquio.com.br\/historia-a-chegada-de-padre-eustaquio-a-agua-suja-mg\/#article","isPartOf":{"@id":"https:\/\/www.padreeustaquio.com.br\/historia-a-chegada-de-padre-eustaquio-a-agua-suja-mg\/"},"author":{"name":"@sscc","@id":"https:\/\/www.padreeustaquio.com.br\/#\/schema\/person\/a2a51db1d00f1a7af0204a0f1ddb1566"},"headline":"HIST\u00d3RIA &#8211; A chegada de Padre Eust\u00e1quio \u00e0 \u00c1gua Suja-MG","datePublished":"2022-11-01T09:03:00+00:00","mainEntityOfPage":{"@id":"https:\/\/www.padreeustaquio.com.br\/historia-a-chegada-de-padre-eustaquio-a-agua-suja-mg\/"},"wordCount":362,"commentCount":0,"publisher":{"@id":"https:\/\/www.padreeustaquio.com.br\/#organization"},"image":{"@id":"https:\/\/www.padreeustaquio.com.br\/historia-a-chegada-de-padre-eustaquio-a-agua-suja-mg\/#primaryimage"},"thumbnailUrl":"https:\/\/www.padreeustaquio.com.br\/wp-content\/uploads\/2022\/10\/Padre-Eustaquio-em-Agua-Suja-MG-e1667228910569.jpeg","articleSection":["Not\u00edcias"],"inLanguage":"en-US","potentialAction":[{"@type":"CommentAction","name":"Comment","target":["https:\/\/www.padreeustaquio.com.br\/historia-a-chegada-de-padre-eustaquio-a-agua-suja-mg\/#respond"]}]},{"@type":"WebPage","@id":"https:\/\/www.padreeustaquio.com.br\/historia-a-chegada-de-padre-eustaquio-a-agua-suja-mg\/","url":"https:\/\/www.padreeustaquio.com.br\/historia-a-chegada-de-padre-eustaquio-a-agua-suja-mg\/","name":"HISTORY - The arrival of Father Eust\u00e1quio in \u00c1gua Suja-MG","isPartOf":{"@id":"https:\/\/www.padreeustaquio.com.br\/#website"},"primaryImageOfPage":{"@id":"https:\/\/www.padreeustaquio.com.br\/historia-a-chegada-de-padre-eustaquio-a-agua-suja-mg\/#primaryimage"},"image":{"@id":"https:\/\/www.padreeustaquio.com.br\/historia-a-chegada-de-padre-eustaquio-a-agua-suja-mg\/#primaryimage"},"thumbnailUrl":"https:\/\/www.padreeustaquio.com.br\/wp-content\/uploads\/2022\/10\/Padre-Eustaquio-em-Agua-Suja-MG-e1667228910569.jpeg","datePublished":"2022-11-01T09:03:00+00:00","description":"In July 1925, Father Eust\u00e1quio, Father Gil, and Father Mathias arrived in \u00c1gua Suja\/MG, today the city of Romaria, in the Tri\u00e2ngulo Mineiro region. There, they began the work of what would later officially become the province of the Congregation of the Sacred Hearts in Brazil.","breadcrumb":{"@id":"https:\/\/www.padreeustaquio.com.br\/historia-a-chegada-de-padre-eustaquio-a-agua-suja-mg\/#breadcrumb"},"inLanguage":"en-US","potentialAction":[{"@type":"ReadAction","target":["https:\/\/www.padreeustaquio.com.br\/historia-a-chegada-de-padre-eustaquio-a-agua-suja-mg\/"]}]},{"@type":"ImageObject","inLanguage":"en-US","@id":"https:\/\/www.padreeustaquio.com.br\/historia-a-chegada-de-padre-eustaquio-a-agua-suja-mg\/#primaryimage","url":"https:\/\/www.padreeustaquio.com.br\/wp-content\/uploads\/2022\/10\/Padre-Eustaquio-em-Agua-Suja-MG-e1667228910569.jpeg","contentUrl":"https:\/\/www.padreeustaquio.com.br\/wp-content\/uploads\/2022\/10\/Padre-Eustaquio-em-Agua-Suja-MG-e1667228910569.jpeg","width":1280,"height":659},{"@type":"BreadcrumbList","@id":"https:\/\/www.padreeustaquio.com.br\/historia-a-chegada-de-padre-eustaquio-a-agua-suja-mg\/#breadcrumb","itemListElement":[{"@type":"ListItem","position":1,"name":"In\u00edcio","item":"https:\/\/www.padreeustaquio.com.br\/"},{"@type":"ListItem","position":2,"name":"HIST\u00d3RIA &#8211; A chegada de Padre Eust\u00e1quio \u00e0 \u00c1gua Suja-MG"}]},{"@type":"WebSite","@id":"https:\/\/www.padreeustaquio.com.br\/#website","url":"https:\/\/www.padreeustaquio.com.br\/","name":"FATHER EUST\u00c1QUIO","description":"Health and Peace","publisher":{"@id":"https:\/\/www.padreeustaquio.com.br\/#organization"},"potentialAction":[{"@type":"SearchAction","target":{"@type":"EntryPoint","urlTemplate":"https:\/\/www.padreeustaquio.com.br\/?s={search_term_string}"},"query-input":{"@type":"PropertyValueSpecification","valueRequired":true,"valueName":"search_term_string"}}],"inLanguage":"en-US"},{"@type":"Organization","@id":"https:\/\/www.padreeustaquio.com.br\/#organization","name":"FATHER EUST\u00c1QUIO","url":"https:\/\/www.padreeustaquio.com.br\/","logo":{"@type":"ImageObject","inLanguage":"en-US","@id":"https:\/\/www.padreeustaquio.com.br\/#\/schema\/logo\/image\/","url":"https:\/\/www.padreeustaquio.com.br\/wp-content\/uploads\/2019\/08\/marca.png","contentUrl":"https:\/\/www.padreeustaquio.com.br\/wp-content\/uploads\/2019\/08\/marca.png","width":350,"height":400,"caption":"Padre Eust\u00e1quio"},"image":{"@id":"https:\/\/www.padreeustaquio.com.br\/#\/schema\/logo\/image\/"},"sameAs":["https:\/\/www.facebook.com\/beatopadreeustaquio\/","https:\/\/x.com\/beatopeustaquio","https:\/\/www.instagram.com\/beatopadreeustaquio\/","https:\/\/www.youtube.com\/channel\/UCRhw7vfabnajwLxb1ZXMeIw"]},{"@type":"Person","@id":"https:\/\/www.padreeustaquio.com.br\/#\/schema\/person\/a2a51db1d00f1a7af0204a0f1ddb1566","name":"@sscc","image":{"@type":"ImageObject","inLanguage":"en-US","@id":"https:\/\/secure.gravatar.com\/avatar\/68cfafa5f44617fea54071e215026e0ff06be366c3d54a8425f04fdcb86f8c5f?s=96&d=mm&r=g","url":"https:\/\/secure.gravatar.com\/avatar\/68cfafa5f44617fea54071e215026e0ff06be366c3d54a8425f04fdcb86f8c5f?s=96&d=mm&r=g","contentUrl":"https:\/\/secure.gravatar.com\/avatar\/68cfafa5f44617fea54071e215026e0ff06be366c3d54a8425f04fdcb86f8c5f?s=96&d=mm&r=g","caption":"@sscc"},"url":"https:\/\/www.padreeustaquio.com.br\/en\/author\/sscc\/"}]}},"_links":{"self":[{"href":"https:\/\/www.padreeustaquio.com.br\/en\/wp-json\/wp\/v2\/posts\/9456","targetHints":{"allow":["GET"]}}],"collection":[{"href":"https:\/\/www.padreeustaquio.com.br\/en\/wp-json\/wp\/v2\/posts"}],"about":[{"href":"https:\/\/www.padreeustaquio.com.br\/en\/wp-json\/wp\/v2\/types\/post"}],"author":[{"embeddable":true,"href":"https:\/\/www.padreeustaquio.com.br\/en\/wp-json\/wp\/v2\/users\/2"}],"replies":[{"embeddable":true,"href":"https:\/\/www.padreeustaquio.com.br\/en\/wp-json\/wp\/v2\/comments?post=9456"}],"version-history":[{"count":0,"href":"https:\/\/www.padreeustaquio.com.br\/en\/wp-json\/wp\/v2\/posts\/9456\/revisions"}],"wp:featuredmedia":[{"embeddable":true,"href":"https:\/\/www.padreeustaquio.com.br\/en\/wp-json\/wp\/v2\/media\/9457"}],"wp:attachment":[{"href":"https:\/\/www.padreeustaquio.com.br\/en\/wp-json\/wp\/v2\/media?parent=9456"}],"wp:term":[{"taxonomy":"category","embeddable":true,"href":"https:\/\/www.padreeustaquio.com.br\/en\/wp-json\/wp\/v2\/categories?post=9456"},{"taxonomy":"post_tag","embeddable":true,"href":"https:\/\/www.padreeustaquio.com.br\/en\/wp-json\/wp\/v2\/tags?post=9456"}],"curies":[{"name":"wp","href":"https:\/\/api.w.org\/{rel}","templated":true}]}}