{"id":9450,"date":"2022-10-31T06:42:00","date_gmt":"2022-10-31T09:42:00","guid":{"rendered":"https:\/\/www.padreeustaquio.com.br\/?p=9450"},"modified":"2022-10-31T08:14:30","modified_gmt":"2022-10-31T11:14:30","slug":"father-eustaquios-church-will-have-4-masses-on-all-souls-day","status":"publish","type":"post","link":"https:\/\/www.padreeustaquio.com.br\/en\/father-eustaquios-church-will-have-4-masses-on-all-souls-day\/","title":{"rendered":"Father Eust\u00e1quio&#039;s Church will hold 4 masses on All Souls&#039; Day."},"content":{"rendered":"<p>The day of prayers and tributes to those who have departed this life will be celebrated with four masses at the Sanctuary of Health and Peace, Church of Blessed Father Eust\u00e1quio, in Belo Horizonte. On this day, the Church throughout the world prays for the salvation of souls and offers prayers for the friends and family of those who have died, asking for comfort for their hearts.<\/p>\n\n\n\n<p>To the\u00a0<strong>7am<\/strong>\u00a0The first mass of the day will be celebrated. Later in the morning, at...\u00a0<strong>10am<\/strong>\u00a0Another celebration is scheduled. This will be broadcast on the Padre Eust\u00e1quio Channel on YouTube. At noon (<strong>12h<\/strong>The third mass will be celebrated, and the fourth celebration will be at\u00a0<strong>7pm<\/strong>, the latter being broadcast on our internet channel.<\/p>\n\n\n\n<p>On the November 2nd holiday, many people take the opportunity to pay homage at the graves of their loved ones. The Padre Eust\u00e1quio Memorial, where the priest is buried, will be open all day, from 6:30 am to 8 pm. Another place frequently visited by devotees is the tomb in the Bonfim Cemetery, where Padre Eust\u00e1quio was buried shortly after his death in 1943. Although his remains are no longer there, the grave has become a meeting point for the faithful and devotees of the Missionary of Health and Peace. According to the Belo Horizonte city hall, the tomb is the most visited in the capital of Minas Gerais every year. <\/p>\n\n\n\n<p><\/p>","protected":false},"excerpt":{"rendered":"<p>O dia de ora\u00e7\u00f5es e homenagens \u00e0queles que j\u00e1 partiram desta vida ser\u00e1 celebrado com a realiza\u00e7\u00e3o de quatro missas no Santu\u00e1rio da Sa\u00fade e da Paz, Igreja do Beato Padre Eust\u00e1quio, em BH. Neste dia, a Igreja no mundo todo reza pela salva\u00e7\u00e3o das almas e faz ora\u00e7\u00f5es pelos amigos e familiares dos que morreram pedindo conforto ao cora\u00e7\u00e3o. \u00c0s\u00a07h\u00a0ser\u00e1 celebrada a primeira missa do dia. Ainda na parte da manh\u00e3, \u00e0s\u00a010h\u00a0est\u00e1 marcada uma outra celebra\u00e7\u00e3o. Esta ser\u00e1 transmitida pelo Canal Padre Eust\u00e1quio, no YouTube. Ao meio dia (12h) ser\u00e1 celebrada a terceira missa e a quarta celebra\u00e7\u00e3o ser\u00e1 [&hellip;]<\/p>\n","protected":false},"author":2,"featured_media":9451,"comment_status":"open","ping_status":"closed","sticky":false,"template":"","format":"standard","meta":{"_acf_changed":false,"footnotes":""},"categories":[611],"tags":[],"class_list":["post-9450","post","type-post","status-publish","format-standard","has-post-thumbnail","hentry","category-noticias"],"acf":[],"yoast_head":"<!-- This site is optimized with the Yoast SEO plugin v27.2 - https:\/\/yoast.com\/product\/yoast-seo-wordpress\/ -->\n<title>Igreja do Padre Eust\u00e1quio ter\u00e1 4 missas no feriado de Finados<\/title>\n<meta name=\"description\" content=\"O dia de ora\u00e7\u00f5es e homenagens \u00e0queles que j\u00e1 partiram desta vida ser\u00e1 celebrado com a realiza\u00e7\u00e3o de quatro missas no Santu\u00e1rio da Sa\u00fade e da Paz, Igreja do Beato Padre Eust\u00e1quio, em BH. Neste dia, a Igreja no mundo todo reza pela salva\u00e7\u00e3o das almas e faz ora\u00e7\u00f5es pelos amigos e familiares dos que morreram pedindo conforto ao cora\u00e7\u00e3o.\" \/>\n<meta name=\"robots\" content=\"index, follow, max-snippet:-1, max-image-preview:large, max-video-preview:-1\" \/>\n<link rel=\"canonical\" href=\"https:\/\/www.padreeustaquio.com.br\/en\/father-eustaquios-church-will-have-4-masses-on-all-souls-day\/\" \/>\n<meta property=\"og:locale\" content=\"en_US\" \/>\n<meta property=\"og:type\" content=\"article\" \/>\n<meta property=\"og:title\" content=\"Igreja do Padre Eust\u00e1quio ter\u00e1 4 missas no feriado de Finados\" \/>\n<meta property=\"og:description\" content=\"O dia de ora\u00e7\u00f5es e homenagens \u00e0queles que j\u00e1 partiram desta vida ser\u00e1 celebrado com a realiza\u00e7\u00e3o de quatro missas no Santu\u00e1rio da Sa\u00fade e da Paz, Igreja do Beato Padre Eust\u00e1quio, em BH. Neste dia, a Igreja no mundo todo reza pela salva\u00e7\u00e3o das almas e faz ora\u00e7\u00f5es pelos amigos e familiares dos que morreram pedindo conforto ao cora\u00e7\u00e3o.\" \/>\n<meta property=\"og:url\" content=\"https:\/\/www.padreeustaquio.com.br\/en\/father-eustaquios-church-will-have-4-masses-on-all-souls-day\/\" \/>\n<meta property=\"og:site_name\" content=\"Padre Eust\u00e1quio\" \/>\n<meta property=\"article:publisher\" content=\"https:\/\/www.facebook.com\/beatopadreeustaquio\/\" \/>\n<meta property=\"article:published_time\" content=\"2022-10-31T09:42:00+00:00\" \/>\n<meta property=\"article:modified_time\" content=\"2022-10-31T11:14:30+00:00\" \/>\n<meta property=\"og:image\" content=\"https:\/\/www.padreeustaquio.com.br\/wp-content\/uploads\/2022\/10\/missa-finados.jpg\" \/>\n\t<meta property=\"og:image:width\" content=\"748\" \/>\n\t<meta property=\"og:image:height\" content=\"394\" \/>\n\t<meta property=\"og:image:type\" content=\"image\/jpeg\" \/>\n<meta name=\"author\" content=\"@sscc\" \/>\n<meta name=\"twitter:card\" content=\"summary_large_image\" \/>\n<meta name=\"twitter:image\" content=\"https:\/\/www.padreeustaquio.com.br\/wp-content\/uploads\/2022\/10\/missa-finados.jpg\" \/>\n<meta name=\"twitter:creator\" content=\"@beatopeustaquio\" \/>\n<meta name=\"twitter:site\" content=\"@beatopeustaquio\" \/>\n<meta name=\"twitter:label1\" content=\"Written by\" \/>\n\t<meta name=\"twitter:data1\" content=\"@sscc\" \/>\n\t<meta name=\"twitter:label2\" content=\"Est. reading time\" \/>\n\t<meta name=\"twitter:data2\" content=\"1 minute\" \/>\n<script type=\"application\/ld+json\" class=\"yoast-schema-graph\">{\"@context\":\"https:\/\/schema.org\",\"@graph\":[{\"@type\":\"Article\",\"@id\":\"https:\/\/www.padreeustaquio.com.br\/igreja-do-padre-eustaquio-tera-4-missas-no-feriado-de-finados\/#article\",\"isPartOf\":{\"@id\":\"https:\/\/www.padreeustaquio.com.br\/igreja-do-padre-eustaquio-tera-4-missas-no-feriado-de-finados\/\"},\"author\":{\"name\":\"@sscc\",\"@id\":\"https:\/\/www.padreeustaquio.com.br\/#\/schema\/person\/a2a51db1d00f1a7af0204a0f1ddb1566\"},\"headline\":\"Igreja do Padre Eust\u00e1quio ter\u00e1 4 missas no feriado de Finados\",\"datePublished\":\"2022-10-31T09:42:00+00:00\",\"dateModified\":\"2022-10-31T11:14:30+00:00\",\"mainEntityOfPage\":{\"@id\":\"https:\/\/www.padreeustaquio.com.br\/igreja-do-padre-eustaquio-tera-4-missas-no-feriado-de-finados\/\"},\"wordCount\":255,\"commentCount\":0,\"publisher\":{\"@id\":\"https:\/\/www.padreeustaquio.com.br\/#organization\"},\"image\":{\"@id\":\"https:\/\/www.padreeustaquio.com.br\/igreja-do-padre-eustaquio-tera-4-missas-no-feriado-de-finados\/#primaryimage\"},\"thumbnailUrl\":\"https:\/\/www.padreeustaquio.com.br\/wp-content\/uploads\/2022\/10\/missa-finados.jpg\",\"articleSection\":[\"Not\u00edcias\"],\"inLanguage\":\"en-US\",\"potentialAction\":[{\"@type\":\"CommentAction\",\"name\":\"Comment\",\"target\":[\"https:\/\/www.padreeustaquio.com.br\/igreja-do-padre-eustaquio-tera-4-missas-no-feriado-de-finados\/#respond\"]}]},{\"@type\":\"WebPage\",\"@id\":\"https:\/\/www.padreeustaquio.com.br\/igreja-do-padre-eustaquio-tera-4-missas-no-feriado-de-finados\/\",\"url\":\"https:\/\/www.padreeustaquio.com.br\/igreja-do-padre-eustaquio-tera-4-missas-no-feriado-de-finados\/\",\"name\":\"Igreja do Padre Eust\u00e1quio ter\u00e1 4 missas no feriado de Finados\",\"isPartOf\":{\"@id\":\"https:\/\/www.padreeustaquio.com.br\/#website\"},\"primaryImageOfPage\":{\"@id\":\"https:\/\/www.padreeustaquio.com.br\/igreja-do-padre-eustaquio-tera-4-missas-no-feriado-de-finados\/#primaryimage\"},\"image\":{\"@id\":\"https:\/\/www.padreeustaquio.com.br\/igreja-do-padre-eustaquio-tera-4-missas-no-feriado-de-finados\/#primaryimage\"},\"thumbnailUrl\":\"https:\/\/www.padreeustaquio.com.br\/wp-content\/uploads\/2022\/10\/missa-finados.jpg\",\"datePublished\":\"2022-10-31T09:42:00+00:00\",\"dateModified\":\"2022-10-31T11:14:30+00:00\",\"description\":\"O dia de ora\u00e7\u00f5es e homenagens \u00e0queles que j\u00e1 partiram desta vida ser\u00e1 celebrado com a realiza\u00e7\u00e3o de quatro missas no Santu\u00e1rio da Sa\u00fade e da Paz, Igreja do Beato Padre Eust\u00e1quio, em BH. Neste dia, a Igreja no mundo todo reza pela salva\u00e7\u00e3o das almas e faz ora\u00e7\u00f5es pelos amigos e familiares dos que morreram pedindo conforto ao cora\u00e7\u00e3o.\",\"breadcrumb\":{\"@id\":\"https:\/\/www.padreeustaquio.com.br\/igreja-do-padre-eustaquio-tera-4-missas-no-feriado-de-finados\/#breadcrumb\"},\"inLanguage\":\"en-US\",\"potentialAction\":[{\"@type\":\"ReadAction\",\"target\":[\"https:\/\/www.padreeustaquio.com.br\/igreja-do-padre-eustaquio-tera-4-missas-no-feriado-de-finados\/\"]}]},{\"@type\":\"ImageObject\",\"inLanguage\":\"en-US\",\"@id\":\"https:\/\/www.padreeustaquio.com.br\/igreja-do-padre-eustaquio-tera-4-missas-no-feriado-de-finados\/#primaryimage\",\"url\":\"https:\/\/www.padreeustaquio.com.br\/wp-content\/uploads\/2022\/10\/missa-finados.jpg\",\"contentUrl\":\"https:\/\/www.padreeustaquio.com.br\/wp-content\/uploads\/2022\/10\/missa-finados.jpg\",\"width\":748,\"height\":394},{\"@type\":\"BreadcrumbList\",\"@id\":\"https:\/\/www.padreeustaquio.com.br\/igreja-do-padre-eustaquio-tera-4-missas-no-feriado-de-finados\/#breadcrumb\",\"itemListElement\":[{\"@type\":\"ListItem\",\"position\":1,\"name\":\"In\u00edcio\",\"item\":\"https:\/\/www.padreeustaquio.com.br\/\"},{\"@type\":\"ListItem\",\"position\":2,\"name\":\"Igreja do Padre Eust\u00e1quio ter\u00e1 4 missas no feriado de Finados\"}]},{\"@type\":\"WebSite\",\"@id\":\"https:\/\/www.padreeustaquio.com.br\/#website\",\"url\":\"https:\/\/www.padreeustaquio.com.br\/\",\"name\":\"Padre Eust\u00e1quio\",\"description\":\"Sa\u00fade e Paz\",\"publisher\":{\"@id\":\"https:\/\/www.padreeustaquio.com.br\/#organization\"},\"potentialAction\":[{\"@type\":\"SearchAction\",\"target\":{\"@type\":\"EntryPoint\",\"urlTemplate\":\"https:\/\/www.padreeustaquio.com.br\/?s={search_term_string}\"},\"query-input\":{\"@type\":\"PropertyValueSpecification\",\"valueRequired\":true,\"valueName\":\"search_term_string\"}}],\"inLanguage\":\"en-US\"},{\"@type\":\"Organization\",\"@id\":\"https:\/\/www.padreeustaquio.com.br\/#organization\",\"name\":\"Padre Eust\u00e1quio\",\"url\":\"https:\/\/www.padreeustaquio.com.br\/\",\"logo\":{\"@type\":\"ImageObject\",\"inLanguage\":\"en-US\",\"@id\":\"https:\/\/www.padreeustaquio.com.br\/#\/schema\/logo\/image\/\",\"url\":\"https:\/\/www.padreeustaquio.com.br\/wp-content\/uploads\/2019\/08\/marca.png\",\"contentUrl\":\"https:\/\/www.padreeustaquio.com.br\/wp-content\/uploads\/2019\/08\/marca.png\",\"width\":350,\"height\":400,\"caption\":\"Padre Eust\u00e1quio\"},\"image\":{\"@id\":\"https:\/\/www.padreeustaquio.com.br\/#\/schema\/logo\/image\/\"},\"sameAs\":[\"https:\/\/www.facebook.com\/beatopadreeustaquio\/\",\"https:\/\/x.com\/beatopeustaquio\",\"https:\/\/www.instagram.com\/beatopadreeustaquio\/\",\"https:\/\/www.youtube.com\/channel\/UCRhw7vfabnajwLxb1ZXMeIw\"]},{\"@type\":\"Person\",\"@id\":\"https:\/\/www.padreeustaquio.com.br\/#\/schema\/person\/a2a51db1d00f1a7af0204a0f1ddb1566\",\"name\":\"@sscc\",\"image\":{\"@type\":\"ImageObject\",\"inLanguage\":\"en-US\",\"@id\":\"https:\/\/secure.gravatar.com\/avatar\/68cfafa5f44617fea54071e215026e0ff06be366c3d54a8425f04fdcb86f8c5f?s=96&d=mm&r=g\",\"url\":\"https:\/\/secure.gravatar.com\/avatar\/68cfafa5f44617fea54071e215026e0ff06be366c3d54a8425f04fdcb86f8c5f?s=96&d=mm&r=g\",\"contentUrl\":\"https:\/\/secure.gravatar.com\/avatar\/68cfafa5f44617fea54071e215026e0ff06be366c3d54a8425f04fdcb86f8c5f?s=96&d=mm&r=g\",\"caption\":\"@sscc\"},\"url\":\"https:\/\/www.padreeustaquio.com.br\/en\/author\/sscc\/\"}]}<\/script>\n<!-- \/ Yoast SEO plugin. -->","yoast_head_json":{"title":"Father Eust\u00e1quio&#039;s Church will hold 4 masses on All Souls&#039; Day.","description":"The day of prayers and tributes to those who have departed this life will be celebrated with four masses at the Sanctuary of Health and Peace, Church of Blessed Father Eust\u00e1quio, in Belo Horizonte. On this day, the Church throughout the world prays for the salvation of souls and offers prayers for the friends and family of those who have died, asking for comfort for their hearts.","robots":{"index":"index","follow":"follow","max-snippet":"max-snippet:-1","max-image-preview":"max-image-preview:large","max-video-preview":"max-video-preview:-1"},"canonical":"https:\/\/www.padreeustaquio.com.br\/en\/father-eustaquios-church-will-have-4-masses-on-all-souls-day\/","og_locale":"en_US","og_type":"article","og_title":"Igreja do Padre Eust\u00e1quio ter\u00e1 4 missas no feriado de Finados","og_description":"O dia de ora\u00e7\u00f5es e homenagens \u00e0queles que j\u00e1 partiram desta vida ser\u00e1 celebrado com a realiza\u00e7\u00e3o de quatro missas no Santu\u00e1rio da Sa\u00fade e da Paz, Igreja do Beato Padre Eust\u00e1quio, em BH. Neste dia, a Igreja no mundo todo reza pela salva\u00e7\u00e3o das almas e faz ora\u00e7\u00f5es pelos amigos e familiares dos que morreram pedindo conforto ao cora\u00e7\u00e3o.","og_url":"https:\/\/www.padreeustaquio.com.br\/en\/father-eustaquios-church-will-have-4-masses-on-all-souls-day\/","og_site_name":"Padre Eust\u00e1quio","article_publisher":"https:\/\/www.facebook.com\/beatopadreeustaquio\/","article_published_time":"2022-10-31T09:42:00+00:00","article_modified_time":"2022-10-31T11:14:30+00:00","og_image":[{"width":748,"height":394,"url":"https:\/\/www.padreeustaquio.com.br\/wp-content\/uploads\/2022\/10\/missa-finados.jpg","type":"image\/jpeg"}],"author":"@sscc","twitter_card":"summary_large_image","twitter_image":"https:\/\/www.padreeustaquio.com.br\/wp-content\/uploads\/2022\/10\/missa-finados.jpg","twitter_creator":"@beatopeustaquio","twitter_site":"@beatopeustaquio","twitter_misc":{"Written by":"@sscc","Est. reading time":"1 minute"},"schema":{"@context":"https:\/\/schema.org","@graph":[{"@type":"Article","@id":"https:\/\/www.padreeustaquio.com.br\/igreja-do-padre-eustaquio-tera-4-missas-no-feriado-de-finados\/#article","isPartOf":{"@id":"https:\/\/www.padreeustaquio.com.br\/igreja-do-padre-eustaquio-tera-4-missas-no-feriado-de-finados\/"},"author":{"name":"@sscc","@id":"https:\/\/www.padreeustaquio.com.br\/#\/schema\/person\/a2a51db1d00f1a7af0204a0f1ddb1566"},"headline":"Igreja do Padre Eust\u00e1quio ter\u00e1 4 missas no feriado de Finados","datePublished":"2022-10-31T09:42:00+00:00","dateModified":"2022-10-31T11:14:30+00:00","mainEntityOfPage":{"@id":"https:\/\/www.padreeustaquio.com.br\/igreja-do-padre-eustaquio-tera-4-missas-no-feriado-de-finados\/"},"wordCount":255,"commentCount":0,"publisher":{"@id":"https:\/\/www.padreeustaquio.com.br\/#organization"},"image":{"@id":"https:\/\/www.padreeustaquio.com.br\/igreja-do-padre-eustaquio-tera-4-missas-no-feriado-de-finados\/#primaryimage"},"thumbnailUrl":"https:\/\/www.padreeustaquio.com.br\/wp-content\/uploads\/2022\/10\/missa-finados.jpg","articleSection":["Not\u00edcias"],"inLanguage":"en-US","potentialAction":[{"@type":"CommentAction","name":"Comment","target":["https:\/\/www.padreeustaquio.com.br\/igreja-do-padre-eustaquio-tera-4-missas-no-feriado-de-finados\/#respond"]}]},{"@type":"WebPage","@id":"https:\/\/www.padreeustaquio.com.br\/igreja-do-padre-eustaquio-tera-4-missas-no-feriado-de-finados\/","url":"https:\/\/www.padreeustaquio.com.br\/igreja-do-padre-eustaquio-tera-4-missas-no-feriado-de-finados\/","name":"Father Eust\u00e1quio&#039;s Church will hold 4 masses on All Souls&#039; Day.","isPartOf":{"@id":"https:\/\/www.padreeustaquio.com.br\/#website"},"primaryImageOfPage":{"@id":"https:\/\/www.padreeustaquio.com.br\/igreja-do-padre-eustaquio-tera-4-missas-no-feriado-de-finados\/#primaryimage"},"image":{"@id":"https:\/\/www.padreeustaquio.com.br\/igreja-do-padre-eustaquio-tera-4-missas-no-feriado-de-finados\/#primaryimage"},"thumbnailUrl":"https:\/\/www.padreeustaquio.com.br\/wp-content\/uploads\/2022\/10\/missa-finados.jpg","datePublished":"2022-10-31T09:42:00+00:00","dateModified":"2022-10-31T11:14:30+00:00","description":"The day of prayers and tributes to those who have departed this life will be celebrated with four masses at the Sanctuary of Health and Peace, Church of Blessed Father Eust\u00e1quio, in Belo Horizonte. On this day, the Church throughout the world prays for the salvation of souls and offers prayers for the friends and family of those who have died, asking for comfort for their hearts.","breadcrumb":{"@id":"https:\/\/www.padreeustaquio.com.br\/igreja-do-padre-eustaquio-tera-4-missas-no-feriado-de-finados\/#breadcrumb"},"inLanguage":"en-US","potentialAction":[{"@type":"ReadAction","target":["https:\/\/www.padreeustaquio.com.br\/igreja-do-padre-eustaquio-tera-4-missas-no-feriado-de-finados\/"]}]},{"@type":"ImageObject","inLanguage":"en-US","@id":"https:\/\/www.padreeustaquio.com.br\/igreja-do-padre-eustaquio-tera-4-missas-no-feriado-de-finados\/#primaryimage","url":"https:\/\/www.padreeustaquio.com.br\/wp-content\/uploads\/2022\/10\/missa-finados.jpg","contentUrl":"https:\/\/www.padreeustaquio.com.br\/wp-content\/uploads\/2022\/10\/missa-finados.jpg","width":748,"height":394},{"@type":"BreadcrumbList","@id":"https:\/\/www.padreeustaquio.com.br\/igreja-do-padre-eustaquio-tera-4-missas-no-feriado-de-finados\/#breadcrumb","itemListElement":[{"@type":"ListItem","position":1,"name":"In\u00edcio","item":"https:\/\/www.padreeustaquio.com.br\/"},{"@type":"ListItem","position":2,"name":"Igreja do Padre Eust\u00e1quio ter\u00e1 4 missas no feriado de Finados"}]},{"@type":"WebSite","@id":"https:\/\/www.padreeustaquio.com.br\/#website","url":"https:\/\/www.padreeustaquio.com.br\/","name":"FATHER EUST\u00c1QUIO","description":"Health and Peace","publisher":{"@id":"https:\/\/www.padreeustaquio.com.br\/#organization"},"potentialAction":[{"@type":"SearchAction","target":{"@type":"EntryPoint","urlTemplate":"https:\/\/www.padreeustaquio.com.br\/?s={search_term_string}"},"query-input":{"@type":"PropertyValueSpecification","valueRequired":true,"valueName":"search_term_string"}}],"inLanguage":"en-US"},{"@type":"Organization","@id":"https:\/\/www.padreeustaquio.com.br\/#organization","name":"FATHER EUST\u00c1QUIO","url":"https:\/\/www.padreeustaquio.com.br\/","logo":{"@type":"ImageObject","inLanguage":"en-US","@id":"https:\/\/www.padreeustaquio.com.br\/#\/schema\/logo\/image\/","url":"https:\/\/www.padreeustaquio.com.br\/wp-content\/uploads\/2019\/08\/marca.png","contentUrl":"https:\/\/www.padreeustaquio.com.br\/wp-content\/uploads\/2019\/08\/marca.png","width":350,"height":400,"caption":"Padre Eust\u00e1quio"},"image":{"@id":"https:\/\/www.padreeustaquio.com.br\/#\/schema\/logo\/image\/"},"sameAs":["https:\/\/www.facebook.com\/beatopadreeustaquio\/","https:\/\/x.com\/beatopeustaquio","https:\/\/www.instagram.com\/beatopadreeustaquio\/","https:\/\/www.youtube.com\/channel\/UCRhw7vfabnajwLxb1ZXMeIw"]},{"@type":"Person","@id":"https:\/\/www.padreeustaquio.com.br\/#\/schema\/person\/a2a51db1d00f1a7af0204a0f1ddb1566","name":"@sscc","image":{"@type":"ImageObject","inLanguage":"en-US","@id":"https:\/\/secure.gravatar.com\/avatar\/68cfafa5f44617fea54071e215026e0ff06be366c3d54a8425f04fdcb86f8c5f?s=96&d=mm&r=g","url":"https:\/\/secure.gravatar.com\/avatar\/68cfafa5f44617fea54071e215026e0ff06be366c3d54a8425f04fdcb86f8c5f?s=96&d=mm&r=g","contentUrl":"https:\/\/secure.gravatar.com\/avatar\/68cfafa5f44617fea54071e215026e0ff06be366c3d54a8425f04fdcb86f8c5f?s=96&d=mm&r=g","caption":"@sscc"},"url":"https:\/\/www.padreeustaquio.com.br\/en\/author\/sscc\/"}]}},"_links":{"self":[{"href":"https:\/\/www.padreeustaquio.com.br\/en\/wp-json\/wp\/v2\/posts\/9450","targetHints":{"allow":["GET"]}}],"collection":[{"href":"https:\/\/www.padreeustaquio.com.br\/en\/wp-json\/wp\/v2\/posts"}],"about":[{"href":"https:\/\/www.padreeustaquio.com.br\/en\/wp-json\/wp\/v2\/types\/post"}],"author":[{"embeddable":true,"href":"https:\/\/www.padreeustaquio.com.br\/en\/wp-json\/wp\/v2\/users\/2"}],"replies":[{"embeddable":true,"href":"https:\/\/www.padreeustaquio.com.br\/en\/wp-json\/wp\/v2\/comments?post=9450"}],"version-history":[{"count":0,"href":"https:\/\/www.padreeustaquio.com.br\/en\/wp-json\/wp\/v2\/posts\/9450\/revisions"}],"wp:featuredmedia":[{"embeddable":true,"href":"https:\/\/www.padreeustaquio.com.br\/en\/wp-json\/wp\/v2\/media\/9451"}],"wp:attachment":[{"href":"https:\/\/www.padreeustaquio.com.br\/en\/wp-json\/wp\/v2\/media?parent=9450"}],"wp:term":[{"taxonomy":"category","embeddable":true,"href":"https:\/\/www.padreeustaquio.com.br\/en\/wp-json\/wp\/v2\/categories?post=9450"},{"taxonomy":"post_tag","embeddable":true,"href":"https:\/\/www.padreeustaquio.com.br\/en\/wp-json\/wp\/v2\/tags?post=9450"}],"curies":[{"name":"wp","href":"https:\/\/api.w.org\/{rel}","templated":true}]}}