{"id":9444,"date":"2022-10-27T06:42:00","date_gmt":"2022-10-27T09:42:00","guid":{"rendered":"https:\/\/www.padreeustaquio.com.br\/?p=9444"},"modified":"2022-10-25T08:04:28","modified_gmt":"2022-10-25T11:04:28","slug":"missionary-childhood-celebrates-world-mission-day-at-father-eustaquio-church","status":"publish","type":"post","link":"https:\/\/www.padreeustaquio.com.br\/en\/missionary-childhood-celebrates-world-mission-day-at-father-eustaquio-church\/","title":{"rendered":"Missionary Childhood celebrates World Mission Day at Padre Eust\u00e1quio Church"},"content":{"rendered":"<p>Children and teenagers participated in the 10:00 AM Holy Mass last Sunday to celebrate World Mission Day together, which is always commemorated on the second-to-last weekend of October, the missionary month.<\/p>\n\n\n\n<p>Wearing the shirts of the Missionary Childhood and Adolescence (IAM) movement from the Sanctuary of Health and Peace, 13 members of the movement and their coordinators participated in the Eucharistic Celebration presided over by the rector of the Sanctuary, Fr. Vin\u00edcius Maciel, SSCC.<a href=\"https:\/\/www.youtube.com\/watch?v=w8tyIckmHv0\" target=\"_blank\" rel=\"noreferrer noopener\">REVIEW HERE<\/a>). <\/p>\n\n\n\n<p>At the beginning of Holy Mass, to the sound of the IAM hymn and in procession, the children carried to the altar flags representing the five continents, sandals representing the missionary journey, the Holy Missionary Rosary, a globe, and the movement&#039;s flag. After the Gospel reading and before the homily, the history of the IAM&#039;s origins and all the missionary work done by its members was also read.<\/p>\n\n\n\n<p>The group meets every Thursday at 6 pm and every Saturday at 10 am at the Sanctuary of Health and Peace, Padre Eust\u00e1quio Church. To participate in the IAM, simply call the parish office at (31) <a href=\"https:\/\/www.google.com.br\/search?q=santuario+da+saude+e+da+paz&amp;source=hp&amp;ei=-cFXY_rKFciA5OUPrLu12AQ&amp;iflsig=AJiK0e8AAAAAY1fQCSusmAX95QW6PzdJb2MAWWkI-KlC&amp;gs_ssp=eJzj4tZP1zcsSTErSc9JN2C0UjaoSDSzNDcyMjUxNTNOTkmxMqgwtLBIS7I0MTaxMLZIM0qy9JIuTswrKU0sysxXSElUKE4sTUlVSAUxCxKrAIbPF7c&amp;oq=santuario+da+saude+&amp;gs_lcp=Cgdnd3Mtd2l6EAMYADILCC4QgAQQxwEQrwEyBggAEBYQHjIGCAAQFhAeMgYIABAWEB4yBggAEBYQHjIGCAAQFhAeMgYIABAWEB4yAggmOgsIABCABBCxAxCDAToLCC4QgAQQsQMQgwE6BAgAEEM6EQguEIAEELEDEIMBEMcBENEDOggILhCABBCxAzoOCC4QgAQQsQMQgwEQ1AI6DQguEMcBEK8BENQCEEM6BQgAEIAEOgUILhCABDoICC4QsQMQgwE6CAguEIAEENQCOgsILhCABBCxAxDUAjoOCC4QsQMQgwEQxwEQ0QM6BAguEEM6BQgAELEDOggIABCxAxCDAToICAAQgAQQsQM6DgguEIAEELEDEMcBEK8BOg4ILhCABBDHARCvARDUAjoHCAAQgAQQCjoICAAQFhAeEApQAFimF2DqHWgAcAB4AIABnwGIAcAUkgEEMC4xOZgBAKABAQ&amp;sclient=gws-wiz#\">3462-6557<\/a> and to get informed.<\/p>\n\n\n\n<p><strong>Missionary Childhood and Adolescence<\/strong><\/p>\n\n\n\n<p>The Pontifical Society of the Holy Childhood (IAM) was founded on May 19, 1843. This occurred when Bishop Charles August Marie Joseph de Forbin-Janson of Nancy (France) was moved by the reality described by the missionaries who evangelized in China, with whom he had a close connection since adolescence.<\/p>\n\n\n\n<p>To fulfill the missionaries&#039; request, Bishop Carlos called upon the children of France to help other children. Driven by this missionary zeal, the bishop spoke with Pauline Jaricot, founder of the Pontifical Society for the Propagation of the Faith. Thus, the French children committed themselves to praying a Hail Mary daily for the children of China and to helping them with a coin each month, an expression of Christian charity and universal solidarity.&nbsp;<\/p>\n\n\n\n<p>In 1922, Pope Pius XI declared the Society of the Holy Childhood as &quot;Pontifical,&quot; meaning that it differs from transitory apostolic activity because its organization and witness are approved and assumed as an evangelizing work at the service of the entire Church.<\/p>\n\n\n\n<p><\/p>\n\n\n\n<p><em>*with information from the Pontifical Mission Societies of the Vatican (<a href=\"https:\/\/www.pom.org.br\/conheca-a-iam\/\" target=\"_blank\" rel=\"noreferrer noopener\">pom.org.br<\/a>)<\/em><\/p>\n\n\n\n<p><\/p>","protected":false},"excerpt":{"rendered":"<p>Crian\u00e7as e adolescentes participaram da celebra\u00e7\u00e3o da Santa Missa das 10h, no \u00faltimo domingo, para, juntos, comemorarem o Dia Mundial das Miss\u00f5es, lembrado sempre no pen\u00faltimo fim de semana de outubro, o m\u00eas mission\u00e1rio. Vestidos com a camisa da Inf\u00e2ncia e Adolesc\u00eancia Mission\u00e1ria, a IAM, do Santu\u00e1rio da Sa\u00fade e da Paz, 13 membros do movimento e suas coordenadoras participaram da Celebra\u00e7\u00e3o Eucar\u00edstica presidida pelo reitor do Santu\u00e1rio, Pe. Vin\u00edcius Maciel, SSCC. (REVEJA AQUI). No in\u00edcio da Santa Missa, ao som do hino da IAM e em prociss\u00e3o, as crian\u00e7as levaram at\u00e9 o altar as bandeiras representando os cinco continentes, [&hellip;]<\/p>\n","protected":false},"author":2,"featured_media":9445,"comment_status":"open","ping_status":"closed","sticky":false,"template":"","format":"standard","meta":{"_acf_changed":false,"footnotes":""},"categories":[611],"tags":[],"class_list":["post-9444","post","type-post","status-publish","format-standard","has-post-thumbnail","hentry","category-noticias"],"acf":[],"yoast_head":"<!-- This site is optimized with the Yoast SEO plugin v27.2 - https:\/\/yoast.com\/product\/yoast-seo-wordpress\/ -->\n<title>Inf\u00e2ncia Mission\u00e1ria celebra Dia Mundial das Miss\u00f5es na Igreja Padre Eust\u00e1quio<\/title>\n<meta name=\"description\" content=\"Crian\u00e7as e adolescentes participaram da celebra\u00e7\u00e3o da Santa Missa das 10h, no \u00faltimo domingo, para, juntos, comemorarem o Dia Mundial das Miss\u00f5es, lembrado sempre no pen\u00faltimo fim de semana de outubro, o m\u00eas mission\u00e1rio.\" \/>\n<meta name=\"robots\" content=\"index, follow, max-snippet:-1, max-image-preview:large, max-video-preview:-1\" \/>\n<link rel=\"canonical\" href=\"https:\/\/www.padreeustaquio.com.br\/en\/missionary-childhood-celebrates-world-mission-day-at-father-eustaquio-church\/\" \/>\n<meta property=\"og:locale\" content=\"en_US\" \/>\n<meta property=\"og:type\" content=\"article\" \/>\n<meta property=\"og:title\" content=\"Inf\u00e2ncia Mission\u00e1ria celebra Dia Mundial das Miss\u00f5es na Igreja Padre Eust\u00e1quio\" \/>\n<meta property=\"og:description\" content=\"Crian\u00e7as e adolescentes participaram da celebra\u00e7\u00e3o da Santa Missa das 10h, no \u00faltimo domingo, para, juntos, comemorarem o Dia Mundial das Miss\u00f5es, lembrado sempre no pen\u00faltimo fim de semana de outubro, o m\u00eas mission\u00e1rio.\" \/>\n<meta property=\"og:url\" content=\"https:\/\/www.padreeustaquio.com.br\/en\/missionary-childhood-celebrates-world-mission-day-at-father-eustaquio-church\/\" \/>\n<meta property=\"og:site_name\" content=\"Padre Eust\u00e1quio\" \/>\n<meta property=\"article:publisher\" content=\"https:\/\/www.facebook.com\/beatopadreeustaquio\/\" \/>\n<meta property=\"article:published_time\" content=\"2022-10-27T09:42:00+00:00\" \/>\n<meta property=\"og:image\" content=\"https:\/\/www.padreeustaquio.com.br\/wp-content\/uploads\/2022\/10\/iam-2.jpeg\" \/>\n\t<meta property=\"og:image:width\" content=\"1600\" \/>\n\t<meta property=\"og:image:height\" content=\"1200\" \/>\n\t<meta property=\"og:image:type\" content=\"image\/jpeg\" \/>\n<meta name=\"author\" content=\"@sscc\" \/>\n<meta name=\"twitter:card\" content=\"summary_large_image\" \/>\n<meta name=\"twitter:image\" content=\"https:\/\/www.padreeustaquio.com.br\/wp-content\/uploads\/2022\/10\/iam-2.jpeg\" \/>\n<meta name=\"twitter:creator\" content=\"@beatopeustaquio\" \/>\n<meta name=\"twitter:site\" content=\"@beatopeustaquio\" \/>\n<meta name=\"twitter:label1\" content=\"Written by\" \/>\n\t<meta name=\"twitter:data1\" content=\"@sscc\" \/>\n\t<meta name=\"twitter:label2\" content=\"Est. reading time\" \/>\n\t<meta name=\"twitter:data2\" content=\"2 minutes\" \/>\n<script type=\"application\/ld+json\" class=\"yoast-schema-graph\">{\"@context\":\"https:\/\/schema.org\",\"@graph\":[{\"@type\":\"Article\",\"@id\":\"https:\/\/www.padreeustaquio.com.br\/infancia-missionaria-celebra-dia-mundial-das-missoes-na-igreja-padre-eustaquio\/#article\",\"isPartOf\":{\"@id\":\"https:\/\/www.padreeustaquio.com.br\/infancia-missionaria-celebra-dia-mundial-das-missoes-na-igreja-padre-eustaquio\/\"},\"author\":{\"name\":\"@sscc\",\"@id\":\"https:\/\/www.padreeustaquio.com.br\/#\/schema\/person\/a2a51db1d00f1a7af0204a0f1ddb1566\"},\"headline\":\"Inf\u00e2ncia Mission\u00e1ria celebra Dia Mundial das Miss\u00f5es na Igreja Padre Eust\u00e1quio\",\"datePublished\":\"2022-10-27T09:42:00+00:00\",\"mainEntityOfPage\":{\"@id\":\"https:\/\/www.padreeustaquio.com.br\/infancia-missionaria-celebra-dia-mundial-das-missoes-na-igreja-padre-eustaquio\/\"},\"wordCount\":439,\"commentCount\":0,\"publisher\":{\"@id\":\"https:\/\/www.padreeustaquio.com.br\/#organization\"},\"image\":{\"@id\":\"https:\/\/www.padreeustaquio.com.br\/infancia-missionaria-celebra-dia-mundial-das-missoes-na-igreja-padre-eustaquio\/#primaryimage\"},\"thumbnailUrl\":\"https:\/\/www.padreeustaquio.com.br\/wp-content\/uploads\/2022\/10\/iam-2.jpeg\",\"articleSection\":[\"Not\u00edcias\"],\"inLanguage\":\"en-US\",\"potentialAction\":[{\"@type\":\"CommentAction\",\"name\":\"Comment\",\"target\":[\"https:\/\/www.padreeustaquio.com.br\/infancia-missionaria-celebra-dia-mundial-das-missoes-na-igreja-padre-eustaquio\/#respond\"]}]},{\"@type\":\"WebPage\",\"@id\":\"https:\/\/www.padreeustaquio.com.br\/infancia-missionaria-celebra-dia-mundial-das-missoes-na-igreja-padre-eustaquio\/\",\"url\":\"https:\/\/www.padreeustaquio.com.br\/infancia-missionaria-celebra-dia-mundial-das-missoes-na-igreja-padre-eustaquio\/\",\"name\":\"Inf\u00e2ncia Mission\u00e1ria celebra Dia Mundial das Miss\u00f5es na Igreja Padre Eust\u00e1quio\",\"isPartOf\":{\"@id\":\"https:\/\/www.padreeustaquio.com.br\/#website\"},\"primaryImageOfPage\":{\"@id\":\"https:\/\/www.padreeustaquio.com.br\/infancia-missionaria-celebra-dia-mundial-das-missoes-na-igreja-padre-eustaquio\/#primaryimage\"},\"image\":{\"@id\":\"https:\/\/www.padreeustaquio.com.br\/infancia-missionaria-celebra-dia-mundial-das-missoes-na-igreja-padre-eustaquio\/#primaryimage\"},\"thumbnailUrl\":\"https:\/\/www.padreeustaquio.com.br\/wp-content\/uploads\/2022\/10\/iam-2.jpeg\",\"datePublished\":\"2022-10-27T09:42:00+00:00\",\"description\":\"Crian\u00e7as e adolescentes participaram da celebra\u00e7\u00e3o da Santa Missa das 10h, no \u00faltimo domingo, para, juntos, comemorarem o Dia Mundial das Miss\u00f5es, lembrado sempre no pen\u00faltimo fim de semana de outubro, o m\u00eas mission\u00e1rio.\",\"breadcrumb\":{\"@id\":\"https:\/\/www.padreeustaquio.com.br\/infancia-missionaria-celebra-dia-mundial-das-missoes-na-igreja-padre-eustaquio\/#breadcrumb\"},\"inLanguage\":\"en-US\",\"potentialAction\":[{\"@type\":\"ReadAction\",\"target\":[\"https:\/\/www.padreeustaquio.com.br\/infancia-missionaria-celebra-dia-mundial-das-missoes-na-igreja-padre-eustaquio\/\"]}]},{\"@type\":\"ImageObject\",\"inLanguage\":\"en-US\",\"@id\":\"https:\/\/www.padreeustaquio.com.br\/infancia-missionaria-celebra-dia-mundial-das-missoes-na-igreja-padre-eustaquio\/#primaryimage\",\"url\":\"https:\/\/www.padreeustaquio.com.br\/wp-content\/uploads\/2022\/10\/iam-2.jpeg\",\"contentUrl\":\"https:\/\/www.padreeustaquio.com.br\/wp-content\/uploads\/2022\/10\/iam-2.jpeg\",\"width\":1600,\"height\":1200},{\"@type\":\"BreadcrumbList\",\"@id\":\"https:\/\/www.padreeustaquio.com.br\/infancia-missionaria-celebra-dia-mundial-das-missoes-na-igreja-padre-eustaquio\/#breadcrumb\",\"itemListElement\":[{\"@type\":\"ListItem\",\"position\":1,\"name\":\"In\u00edcio\",\"item\":\"https:\/\/www.padreeustaquio.com.br\/\"},{\"@type\":\"ListItem\",\"position\":2,\"name\":\"Inf\u00e2ncia Mission\u00e1ria celebra Dia Mundial das Miss\u00f5es na Igreja Padre Eust\u00e1quio\"}]},{\"@type\":\"WebSite\",\"@id\":\"https:\/\/www.padreeustaquio.com.br\/#website\",\"url\":\"https:\/\/www.padreeustaquio.com.br\/\",\"name\":\"Padre Eust\u00e1quio\",\"description\":\"Sa\u00fade e Paz\",\"publisher\":{\"@id\":\"https:\/\/www.padreeustaquio.com.br\/#organization\"},\"potentialAction\":[{\"@type\":\"SearchAction\",\"target\":{\"@type\":\"EntryPoint\",\"urlTemplate\":\"https:\/\/www.padreeustaquio.com.br\/?s={search_term_string}\"},\"query-input\":{\"@type\":\"PropertyValueSpecification\",\"valueRequired\":true,\"valueName\":\"search_term_string\"}}],\"inLanguage\":\"en-US\"},{\"@type\":\"Organization\",\"@id\":\"https:\/\/www.padreeustaquio.com.br\/#organization\",\"name\":\"Padre Eust\u00e1quio\",\"url\":\"https:\/\/www.padreeustaquio.com.br\/\",\"logo\":{\"@type\":\"ImageObject\",\"inLanguage\":\"en-US\",\"@id\":\"https:\/\/www.padreeustaquio.com.br\/#\/schema\/logo\/image\/\",\"url\":\"https:\/\/www.padreeustaquio.com.br\/wp-content\/uploads\/2019\/08\/marca.png\",\"contentUrl\":\"https:\/\/www.padreeustaquio.com.br\/wp-content\/uploads\/2019\/08\/marca.png\",\"width\":350,\"height\":400,\"caption\":\"Padre Eust\u00e1quio\"},\"image\":{\"@id\":\"https:\/\/www.padreeustaquio.com.br\/#\/schema\/logo\/image\/\"},\"sameAs\":[\"https:\/\/www.facebook.com\/beatopadreeustaquio\/\",\"https:\/\/x.com\/beatopeustaquio\",\"https:\/\/www.instagram.com\/beatopadreeustaquio\/\",\"https:\/\/www.youtube.com\/channel\/UCRhw7vfabnajwLxb1ZXMeIw\"]},{\"@type\":\"Person\",\"@id\":\"https:\/\/www.padreeustaquio.com.br\/#\/schema\/person\/a2a51db1d00f1a7af0204a0f1ddb1566\",\"name\":\"@sscc\",\"image\":{\"@type\":\"ImageObject\",\"inLanguage\":\"en-US\",\"@id\":\"https:\/\/secure.gravatar.com\/avatar\/68cfafa5f44617fea54071e215026e0ff06be366c3d54a8425f04fdcb86f8c5f?s=96&d=mm&r=g\",\"url\":\"https:\/\/secure.gravatar.com\/avatar\/68cfafa5f44617fea54071e215026e0ff06be366c3d54a8425f04fdcb86f8c5f?s=96&d=mm&r=g\",\"contentUrl\":\"https:\/\/secure.gravatar.com\/avatar\/68cfafa5f44617fea54071e215026e0ff06be366c3d54a8425f04fdcb86f8c5f?s=96&d=mm&r=g\",\"caption\":\"@sscc\"},\"url\":\"https:\/\/www.padreeustaquio.com.br\/en\/author\/sscc\/\"}]}<\/script>\n<!-- \/ Yoast SEO plugin. -->","yoast_head_json":{"title":"Missionary Childhood celebrates World Mission Day at Padre Eust\u00e1quio Church","description":"Children and teenagers participated in the 10:00 AM Holy Mass last Sunday to celebrate World Mission Day together, which is always commemorated on the second-to-last weekend of October, the missionary month.","robots":{"index":"index","follow":"follow","max-snippet":"max-snippet:-1","max-image-preview":"max-image-preview:large","max-video-preview":"max-video-preview:-1"},"canonical":"https:\/\/www.padreeustaquio.com.br\/en\/missionary-childhood-celebrates-world-mission-day-at-father-eustaquio-church\/","og_locale":"en_US","og_type":"article","og_title":"Inf\u00e2ncia Mission\u00e1ria celebra Dia Mundial das Miss\u00f5es na Igreja Padre Eust\u00e1quio","og_description":"Crian\u00e7as e adolescentes participaram da celebra\u00e7\u00e3o da Santa Missa das 10h, no \u00faltimo domingo, para, juntos, comemorarem o Dia Mundial das Miss\u00f5es, lembrado sempre no pen\u00faltimo fim de semana de outubro, o m\u00eas mission\u00e1rio.","og_url":"https:\/\/www.padreeustaquio.com.br\/en\/missionary-childhood-celebrates-world-mission-day-at-father-eustaquio-church\/","og_site_name":"Padre Eust\u00e1quio","article_publisher":"https:\/\/www.facebook.com\/beatopadreeustaquio\/","article_published_time":"2022-10-27T09:42:00+00:00","og_image":[{"width":1600,"height":1200,"url":"https:\/\/www.padreeustaquio.com.br\/wp-content\/uploads\/2022\/10\/iam-2.jpeg","type":"image\/jpeg"}],"author":"@sscc","twitter_card":"summary_large_image","twitter_image":"https:\/\/www.padreeustaquio.com.br\/wp-content\/uploads\/2022\/10\/iam-2.jpeg","twitter_creator":"@beatopeustaquio","twitter_site":"@beatopeustaquio","twitter_misc":{"Written by":"@sscc","Est. reading time":"2 minutes"},"schema":{"@context":"https:\/\/schema.org","@graph":[{"@type":"Article","@id":"https:\/\/www.padreeustaquio.com.br\/infancia-missionaria-celebra-dia-mundial-das-missoes-na-igreja-padre-eustaquio\/#article","isPartOf":{"@id":"https:\/\/www.padreeustaquio.com.br\/infancia-missionaria-celebra-dia-mundial-das-missoes-na-igreja-padre-eustaquio\/"},"author":{"name":"@sscc","@id":"https:\/\/www.padreeustaquio.com.br\/#\/schema\/person\/a2a51db1d00f1a7af0204a0f1ddb1566"},"headline":"Inf\u00e2ncia Mission\u00e1ria celebra Dia Mundial das Miss\u00f5es na Igreja Padre Eust\u00e1quio","datePublished":"2022-10-27T09:42:00+00:00","mainEntityOfPage":{"@id":"https:\/\/www.padreeustaquio.com.br\/infancia-missionaria-celebra-dia-mundial-das-missoes-na-igreja-padre-eustaquio\/"},"wordCount":439,"commentCount":0,"publisher":{"@id":"https:\/\/www.padreeustaquio.com.br\/#organization"},"image":{"@id":"https:\/\/www.padreeustaquio.com.br\/infancia-missionaria-celebra-dia-mundial-das-missoes-na-igreja-padre-eustaquio\/#primaryimage"},"thumbnailUrl":"https:\/\/www.padreeustaquio.com.br\/wp-content\/uploads\/2022\/10\/iam-2.jpeg","articleSection":["Not\u00edcias"],"inLanguage":"en-US","potentialAction":[{"@type":"CommentAction","name":"Comment","target":["https:\/\/www.padreeustaquio.com.br\/infancia-missionaria-celebra-dia-mundial-das-missoes-na-igreja-padre-eustaquio\/#respond"]}]},{"@type":"WebPage","@id":"https:\/\/www.padreeustaquio.com.br\/infancia-missionaria-celebra-dia-mundial-das-missoes-na-igreja-padre-eustaquio\/","url":"https:\/\/www.padreeustaquio.com.br\/infancia-missionaria-celebra-dia-mundial-das-missoes-na-igreja-padre-eustaquio\/","name":"Missionary Childhood celebrates World Mission Day at Padre Eust\u00e1quio Church","isPartOf":{"@id":"https:\/\/www.padreeustaquio.com.br\/#website"},"primaryImageOfPage":{"@id":"https:\/\/www.padreeustaquio.com.br\/infancia-missionaria-celebra-dia-mundial-das-missoes-na-igreja-padre-eustaquio\/#primaryimage"},"image":{"@id":"https:\/\/www.padreeustaquio.com.br\/infancia-missionaria-celebra-dia-mundial-das-missoes-na-igreja-padre-eustaquio\/#primaryimage"},"thumbnailUrl":"https:\/\/www.padreeustaquio.com.br\/wp-content\/uploads\/2022\/10\/iam-2.jpeg","datePublished":"2022-10-27T09:42:00+00:00","description":"Children and teenagers participated in the 10:00 AM Holy Mass last Sunday to celebrate World Mission Day together, which is always commemorated on the second-to-last weekend of October, the missionary month.","breadcrumb":{"@id":"https:\/\/www.padreeustaquio.com.br\/infancia-missionaria-celebra-dia-mundial-das-missoes-na-igreja-padre-eustaquio\/#breadcrumb"},"inLanguage":"en-US","potentialAction":[{"@type":"ReadAction","target":["https:\/\/www.padreeustaquio.com.br\/infancia-missionaria-celebra-dia-mundial-das-missoes-na-igreja-padre-eustaquio\/"]}]},{"@type":"ImageObject","inLanguage":"en-US","@id":"https:\/\/www.padreeustaquio.com.br\/infancia-missionaria-celebra-dia-mundial-das-missoes-na-igreja-padre-eustaquio\/#primaryimage","url":"https:\/\/www.padreeustaquio.com.br\/wp-content\/uploads\/2022\/10\/iam-2.jpeg","contentUrl":"https:\/\/www.padreeustaquio.com.br\/wp-content\/uploads\/2022\/10\/iam-2.jpeg","width":1600,"height":1200},{"@type":"BreadcrumbList","@id":"https:\/\/www.padreeustaquio.com.br\/infancia-missionaria-celebra-dia-mundial-das-missoes-na-igreja-padre-eustaquio\/#breadcrumb","itemListElement":[{"@type":"ListItem","position":1,"name":"In\u00edcio","item":"https:\/\/www.padreeustaquio.com.br\/"},{"@type":"ListItem","position":2,"name":"Inf\u00e2ncia Mission\u00e1ria celebra Dia Mundial das Miss\u00f5es na Igreja Padre Eust\u00e1quio"}]},{"@type":"WebSite","@id":"https:\/\/www.padreeustaquio.com.br\/#website","url":"https:\/\/www.padreeustaquio.com.br\/","name":"FATHER EUST\u00c1QUIO","description":"Health and Peace","publisher":{"@id":"https:\/\/www.padreeustaquio.com.br\/#organization"},"potentialAction":[{"@type":"SearchAction","target":{"@type":"EntryPoint","urlTemplate":"https:\/\/www.padreeustaquio.com.br\/?s={search_term_string}"},"query-input":{"@type":"PropertyValueSpecification","valueRequired":true,"valueName":"search_term_string"}}],"inLanguage":"en-US"},{"@type":"Organization","@id":"https:\/\/www.padreeustaquio.com.br\/#organization","name":"FATHER EUST\u00c1QUIO","url":"https:\/\/www.padreeustaquio.com.br\/","logo":{"@type":"ImageObject","inLanguage":"en-US","@id":"https:\/\/www.padreeustaquio.com.br\/#\/schema\/logo\/image\/","url":"https:\/\/www.padreeustaquio.com.br\/wp-content\/uploads\/2019\/08\/marca.png","contentUrl":"https:\/\/www.padreeustaquio.com.br\/wp-content\/uploads\/2019\/08\/marca.png","width":350,"height":400,"caption":"Padre Eust\u00e1quio"},"image":{"@id":"https:\/\/www.padreeustaquio.com.br\/#\/schema\/logo\/image\/"},"sameAs":["https:\/\/www.facebook.com\/beatopadreeustaquio\/","https:\/\/x.com\/beatopeustaquio","https:\/\/www.instagram.com\/beatopadreeustaquio\/","https:\/\/www.youtube.com\/channel\/UCRhw7vfabnajwLxb1ZXMeIw"]},{"@type":"Person","@id":"https:\/\/www.padreeustaquio.com.br\/#\/schema\/person\/a2a51db1d00f1a7af0204a0f1ddb1566","name":"@sscc","image":{"@type":"ImageObject","inLanguage":"en-US","@id":"https:\/\/secure.gravatar.com\/avatar\/68cfafa5f44617fea54071e215026e0ff06be366c3d54a8425f04fdcb86f8c5f?s=96&d=mm&r=g","url":"https:\/\/secure.gravatar.com\/avatar\/68cfafa5f44617fea54071e215026e0ff06be366c3d54a8425f04fdcb86f8c5f?s=96&d=mm&r=g","contentUrl":"https:\/\/secure.gravatar.com\/avatar\/68cfafa5f44617fea54071e215026e0ff06be366c3d54a8425f04fdcb86f8c5f?s=96&d=mm&r=g","caption":"@sscc"},"url":"https:\/\/www.padreeustaquio.com.br\/en\/author\/sscc\/"}]}},"_links":{"self":[{"href":"https:\/\/www.padreeustaquio.com.br\/en\/wp-json\/wp\/v2\/posts\/9444","targetHints":{"allow":["GET"]}}],"collection":[{"href":"https:\/\/www.padreeustaquio.com.br\/en\/wp-json\/wp\/v2\/posts"}],"about":[{"href":"https:\/\/www.padreeustaquio.com.br\/en\/wp-json\/wp\/v2\/types\/post"}],"author":[{"embeddable":true,"href":"https:\/\/www.padreeustaquio.com.br\/en\/wp-json\/wp\/v2\/users\/2"}],"replies":[{"embeddable":true,"href":"https:\/\/www.padreeustaquio.com.br\/en\/wp-json\/wp\/v2\/comments?post=9444"}],"version-history":[{"count":0,"href":"https:\/\/www.padreeustaquio.com.br\/en\/wp-json\/wp\/v2\/posts\/9444\/revisions"}],"wp:featuredmedia":[{"embeddable":true,"href":"https:\/\/www.padreeustaquio.com.br\/en\/wp-json\/wp\/v2\/media\/9445"}],"wp:attachment":[{"href":"https:\/\/www.padreeustaquio.com.br\/en\/wp-json\/wp\/v2\/media?parent=9444"}],"wp:term":[{"taxonomy":"category","embeddable":true,"href":"https:\/\/www.padreeustaquio.com.br\/en\/wp-json\/wp\/v2\/categories?post=9444"},{"taxonomy":"post_tag","embeddable":true,"href":"https:\/\/www.padreeustaquio.com.br\/en\/wp-json\/wp\/v2\/tags?post=9444"}],"curies":[{"name":"wp","href":"https:\/\/api.w.org\/{rel}","templated":true}]}}