{"id":9434,"date":"2022-10-26T06:13:00","date_gmt":"2022-10-26T09:13:00","guid":{"rendered":"https:\/\/www.padreeustaquio.com.br\/?p=9434"},"modified":"2022-10-26T15:15:09","modified_gmt":"2022-10-26T18:15:09","slug":"missionary-month-the-arrival-of-father-eustaquio-in-brazil","status":"publish","type":"post","link":"https:\/\/www.padreeustaquio.com.br\/en\/missionary-month-the-arrival-of-father-eustaquio-in-brazil\/","title":{"rendered":"MISSIONARY MONTH \u2013 The arrival of Father Eust\u00e1quio in Brazil"},"content":{"rendered":"<p>In April 1925, Father Eust\u00e1quio, Father Gil, and Father Matias departed from Amsterdam, Netherlands, aboard the ship Flandria without a specific destination. They knew they were going to South America, probably Argentina, according to the Romaria-MG registry book.<\/p>\n\n\n\n<p>Father Gil recounted their visit to Brazil to the Tribunal for the Cause of Beatification and Canonization of Father Eust\u00e1quio in September 1962. The following is an excerpt from the text:<\/p>\n\n\n\n<p><em>\u201cThe choice was neither Father Eust\u00e1quio\u2019s nor his companions\u2018; when we went to Spain to learn Castilian Spanish, we had \u2019visas\u201d in our passports for several countries; in the end, we were sent to the only country in Latin America where Castilian Spanish is not spoken. I don\u2019t know the reasons that led our superiors to send us here.\u201d<\/em><\/p>\n\n\n\n<p>In May 1925, the missionaries arrived in Rio de Janeiro, and in the same month, it was decided that the Sacred Hearts Fathers from the Dutch Province would take charge of the Sanctuary of Our Lady of the Abbey in \u00c1gua Suja, in the Tri\u00e2ngulo Mineiro region, where they arrived two months after landing in Rio de Janeiro.<\/p>\n\n\n\n<p><\/p>","protected":false},"excerpt":{"rendered":"<p>Em abril de 1925, Padre Eust\u00e1quio, Padre Gil e Padre Matias partiram de Amsterdam, na Holanda, dentro do navio Flandria sem destino espec\u00edfico. Sabiam que vinham para Am\u00e9rica do Xul, provavelmente para a Argentina, segundo o livro de tombo de Romaria-MG. Padre Gil, contou sobre a vinda deles ao Brasil ao Tribunal da Causa de Beatifica\u00e7\u00e3o e Canoniza\u00e7\u00e3o do Padre Eust\u00e1quio, em setembro de 1962. A seguir um trecho do texto: \u201cA escolha n\u00e3o foi nem do Padre Eust\u00e1quio nem de seus companheiros; n\u00f3s, ao irmos \u00e0 Espanha para aprender o castelhano, t\u00ednhamos \u2018visto\u2019 no passaporte para v\u00e1rios pa\u00edses; afinal [&hellip;]<\/p>\n","protected":false},"author":2,"featured_media":9435,"comment_status":"open","ping_status":"closed","sticky":false,"template":"","format":"standard","meta":{"_acf_changed":false,"footnotes":""},"categories":[611],"tags":[],"class_list":["post-9434","post","type-post","status-publish","format-standard","has-post-thumbnail","hentry","category-noticias"],"acf":[],"yoast_head":"<!-- This site is optimized with the Yoast SEO plugin v27.2 - https:\/\/yoast.com\/product\/yoast-seo-wordpress\/ -->\n<title>M\u00caS MISSION\u00c1RIO - A chegada de Padre Eust\u00e1quio ao Brasil<\/title>\n<meta name=\"description\" content=\"Em abril de 1925, Padre Eust\u00e1quio, Padre Gil e Padre Matias partiram de Amsterdam, na Holanda, dentro do navio Flandria sem destino espec\u00edfico. Sabiam que vinham para Am\u00e9rica do Xul, provavelmente para a Argentina, segundo o livro de tombo de Romaria-MG.\" \/>\n<meta name=\"robots\" content=\"index, follow, max-snippet:-1, max-image-preview:large, max-video-preview:-1\" \/>\n<link rel=\"canonical\" href=\"https:\/\/www.padreeustaquio.com.br\/en\/missionary-month-the-arrival-of-father-eustaquio-in-brazil\/\" \/>\n<meta property=\"og:locale\" content=\"en_US\" \/>\n<meta property=\"og:type\" content=\"article\" \/>\n<meta property=\"og:title\" content=\"M\u00caS MISSION\u00c1RIO - A chegada de Padre Eust\u00e1quio ao Brasil\" \/>\n<meta property=\"og:description\" content=\"Em abril de 1925, Padre Eust\u00e1quio, Padre Gil e Padre Matias partiram de Amsterdam, na Holanda, dentro do navio Flandria sem destino espec\u00edfico. Sabiam que vinham para Am\u00e9rica do Xul, provavelmente para a Argentina, segundo o livro de tombo de Romaria-MG.\" \/>\n<meta property=\"og:url\" content=\"https:\/\/www.padreeustaquio.com.br\/en\/missionary-month-the-arrival-of-father-eustaquio-in-brazil\/\" \/>\n<meta property=\"og:site_name\" content=\"Padre Eust\u00e1quio\" \/>\n<meta property=\"article:publisher\" content=\"https:\/\/www.facebook.com\/beatopadreeustaquio\/\" \/>\n<meta property=\"article:published_time\" content=\"2022-10-26T09:13:00+00:00\" \/>\n<meta property=\"article:modified_time\" content=\"2022-10-26T18:15:09+00:00\" \/>\n<meta property=\"og:image\" content=\"https:\/\/www.padreeustaquio.com.br\/wp-content\/uploads\/2022\/10\/Padre-eustaquio-parte-da-holanda-e1666808100764.jpeg\" \/>\n\t<meta property=\"og:image:width\" content=\"1280\" \/>\n\t<meta property=\"og:image:height\" content=\"608\" \/>\n\t<meta property=\"og:image:type\" content=\"image\/jpeg\" \/>\n<meta name=\"author\" content=\"@sscc\" \/>\n<meta name=\"twitter:card\" content=\"summary_large_image\" \/>\n<meta name=\"twitter:image\" content=\"https:\/\/www.padreeustaquio.com.br\/wp-content\/uploads\/2022\/10\/Padre-eustaquio-parte-da-holanda-e1666808100764.jpeg\" \/>\n<meta name=\"twitter:creator\" content=\"@beatopeustaquio\" \/>\n<meta name=\"twitter:site\" content=\"@beatopeustaquio\" \/>\n<meta name=\"twitter:label1\" content=\"Written by\" \/>\n\t<meta name=\"twitter:data1\" content=\"@sscc\" \/>\n\t<meta name=\"twitter:label2\" content=\"Est. reading time\" \/>\n\t<meta name=\"twitter:data2\" content=\"1 minute\" \/>\n<script type=\"application\/ld+json\" class=\"yoast-schema-graph\">{\"@context\":\"https:\/\/schema.org\",\"@graph\":[{\"@type\":\"Article\",\"@id\":\"https:\/\/www.padreeustaquio.com.br\/mes-missionario-a-chegada-de-padre-eustaquio-ao-brasil\/#article\",\"isPartOf\":{\"@id\":\"https:\/\/www.padreeustaquio.com.br\/mes-missionario-a-chegada-de-padre-eustaquio-ao-brasil\/\"},\"author\":{\"name\":\"@sscc\",\"@id\":\"https:\/\/www.padreeustaquio.com.br\/#\/schema\/person\/a2a51db1d00f1a7af0204a0f1ddb1566\"},\"headline\":\"M\u00caS MISSION\u00c1RIO &#8211; A chegada de Padre Eust\u00e1quio ao Brasil\",\"datePublished\":\"2022-10-26T09:13:00+00:00\",\"dateModified\":\"2022-10-26T18:15:09+00:00\",\"mainEntityOfPage\":{\"@id\":\"https:\/\/www.padreeustaquio.com.br\/mes-missionario-a-chegada-de-padre-eustaquio-ao-brasil\/\"},\"wordCount\":214,\"commentCount\":0,\"publisher\":{\"@id\":\"https:\/\/www.padreeustaquio.com.br\/#organization\"},\"image\":{\"@id\":\"https:\/\/www.padreeustaquio.com.br\/mes-missionario-a-chegada-de-padre-eustaquio-ao-brasil\/#primaryimage\"},\"thumbnailUrl\":\"https:\/\/www.padreeustaquio.com.br\/wp-content\/uploads\/2022\/10\/Padre-eustaquio-parte-da-holanda-e1666808100764.jpeg\",\"articleSection\":[\"Not\u00edcias\"],\"inLanguage\":\"en-US\",\"potentialAction\":[{\"@type\":\"CommentAction\",\"name\":\"Comment\",\"target\":[\"https:\/\/www.padreeustaquio.com.br\/mes-missionario-a-chegada-de-padre-eustaquio-ao-brasil\/#respond\"]}]},{\"@type\":\"WebPage\",\"@id\":\"https:\/\/www.padreeustaquio.com.br\/mes-missionario-a-chegada-de-padre-eustaquio-ao-brasil\/\",\"url\":\"https:\/\/www.padreeustaquio.com.br\/mes-missionario-a-chegada-de-padre-eustaquio-ao-brasil\/\",\"name\":\"M\u00caS MISSION\u00c1RIO - A chegada de Padre Eust\u00e1quio ao Brasil\",\"isPartOf\":{\"@id\":\"https:\/\/www.padreeustaquio.com.br\/#website\"},\"primaryImageOfPage\":{\"@id\":\"https:\/\/www.padreeustaquio.com.br\/mes-missionario-a-chegada-de-padre-eustaquio-ao-brasil\/#primaryimage\"},\"image\":{\"@id\":\"https:\/\/www.padreeustaquio.com.br\/mes-missionario-a-chegada-de-padre-eustaquio-ao-brasil\/#primaryimage\"},\"thumbnailUrl\":\"https:\/\/www.padreeustaquio.com.br\/wp-content\/uploads\/2022\/10\/Padre-eustaquio-parte-da-holanda-e1666808100764.jpeg\",\"datePublished\":\"2022-10-26T09:13:00+00:00\",\"dateModified\":\"2022-10-26T18:15:09+00:00\",\"description\":\"Em abril de 1925, Padre Eust\u00e1quio, Padre Gil e Padre Matias partiram de Amsterdam, na Holanda, dentro do navio Flandria sem destino espec\u00edfico. Sabiam que vinham para Am\u00e9rica do Xul, provavelmente para a Argentina, segundo o livro de tombo de Romaria-MG.\",\"breadcrumb\":{\"@id\":\"https:\/\/www.padreeustaquio.com.br\/mes-missionario-a-chegada-de-padre-eustaquio-ao-brasil\/#breadcrumb\"},\"inLanguage\":\"en-US\",\"potentialAction\":[{\"@type\":\"ReadAction\",\"target\":[\"https:\/\/www.padreeustaquio.com.br\/mes-missionario-a-chegada-de-padre-eustaquio-ao-brasil\/\"]}]},{\"@type\":\"ImageObject\",\"inLanguage\":\"en-US\",\"@id\":\"https:\/\/www.padreeustaquio.com.br\/mes-missionario-a-chegada-de-padre-eustaquio-ao-brasil\/#primaryimage\",\"url\":\"https:\/\/www.padreeustaquio.com.br\/wp-content\/uploads\/2022\/10\/Padre-eustaquio-parte-da-holanda-e1666808100764.jpeg\",\"contentUrl\":\"https:\/\/www.padreeustaquio.com.br\/wp-content\/uploads\/2022\/10\/Padre-eustaquio-parte-da-holanda-e1666808100764.jpeg\",\"width\":1280,\"height\":608},{\"@type\":\"BreadcrumbList\",\"@id\":\"https:\/\/www.padreeustaquio.com.br\/mes-missionario-a-chegada-de-padre-eustaquio-ao-brasil\/#breadcrumb\",\"itemListElement\":[{\"@type\":\"ListItem\",\"position\":1,\"name\":\"In\u00edcio\",\"item\":\"https:\/\/www.padreeustaquio.com.br\/\"},{\"@type\":\"ListItem\",\"position\":2,\"name\":\"M\u00caS MISSION\u00c1RIO &#8211; A chegada de Padre Eust\u00e1quio ao Brasil\"}]},{\"@type\":\"WebSite\",\"@id\":\"https:\/\/www.padreeustaquio.com.br\/#website\",\"url\":\"https:\/\/www.padreeustaquio.com.br\/\",\"name\":\"Padre Eust\u00e1quio\",\"description\":\"Sa\u00fade e Paz\",\"publisher\":{\"@id\":\"https:\/\/www.padreeustaquio.com.br\/#organization\"},\"potentialAction\":[{\"@type\":\"SearchAction\",\"target\":{\"@type\":\"EntryPoint\",\"urlTemplate\":\"https:\/\/www.padreeustaquio.com.br\/?s={search_term_string}\"},\"query-input\":{\"@type\":\"PropertyValueSpecification\",\"valueRequired\":true,\"valueName\":\"search_term_string\"}}],\"inLanguage\":\"en-US\"},{\"@type\":\"Organization\",\"@id\":\"https:\/\/www.padreeustaquio.com.br\/#organization\",\"name\":\"Padre Eust\u00e1quio\",\"url\":\"https:\/\/www.padreeustaquio.com.br\/\",\"logo\":{\"@type\":\"ImageObject\",\"inLanguage\":\"en-US\",\"@id\":\"https:\/\/www.padreeustaquio.com.br\/#\/schema\/logo\/image\/\",\"url\":\"https:\/\/www.padreeustaquio.com.br\/wp-content\/uploads\/2019\/08\/marca.png\",\"contentUrl\":\"https:\/\/www.padreeustaquio.com.br\/wp-content\/uploads\/2019\/08\/marca.png\",\"width\":350,\"height\":400,\"caption\":\"Padre Eust\u00e1quio\"},\"image\":{\"@id\":\"https:\/\/www.padreeustaquio.com.br\/#\/schema\/logo\/image\/\"},\"sameAs\":[\"https:\/\/www.facebook.com\/beatopadreeustaquio\/\",\"https:\/\/x.com\/beatopeustaquio\",\"https:\/\/www.instagram.com\/beatopadreeustaquio\/\",\"https:\/\/www.youtube.com\/channel\/UCRhw7vfabnajwLxb1ZXMeIw\"]},{\"@type\":\"Person\",\"@id\":\"https:\/\/www.padreeustaquio.com.br\/#\/schema\/person\/a2a51db1d00f1a7af0204a0f1ddb1566\",\"name\":\"@sscc\",\"image\":{\"@type\":\"ImageObject\",\"inLanguage\":\"en-US\",\"@id\":\"https:\/\/secure.gravatar.com\/avatar\/68cfafa5f44617fea54071e215026e0ff06be366c3d54a8425f04fdcb86f8c5f?s=96&d=mm&r=g\",\"url\":\"https:\/\/secure.gravatar.com\/avatar\/68cfafa5f44617fea54071e215026e0ff06be366c3d54a8425f04fdcb86f8c5f?s=96&d=mm&r=g\",\"contentUrl\":\"https:\/\/secure.gravatar.com\/avatar\/68cfafa5f44617fea54071e215026e0ff06be366c3d54a8425f04fdcb86f8c5f?s=96&d=mm&r=g\",\"caption\":\"@sscc\"},\"url\":\"https:\/\/www.padreeustaquio.com.br\/en\/author\/sscc\/\"}]}<\/script>\n<!-- \/ Yoast SEO plugin. -->","yoast_head_json":{"title":"MISSIONARY MONTH - The arrival of Father Eust\u00e1quio in Brazil","description":"In April 1925, Father Eust\u00e1quio, Father Gil, and Father Matias departed from Amsterdam, Netherlands, aboard the ship Flandria without a specific destination. They knew they were going to South America, probably Argentina, according to the Romaria-MG registry book.","robots":{"index":"index","follow":"follow","max-snippet":"max-snippet:-1","max-image-preview":"max-image-preview:large","max-video-preview":"max-video-preview:-1"},"canonical":"https:\/\/www.padreeustaquio.com.br\/en\/missionary-month-the-arrival-of-father-eustaquio-in-brazil\/","og_locale":"en_US","og_type":"article","og_title":"M\u00caS MISSION\u00c1RIO - A chegada de Padre Eust\u00e1quio ao Brasil","og_description":"Em abril de 1925, Padre Eust\u00e1quio, Padre Gil e Padre Matias partiram de Amsterdam, na Holanda, dentro do navio Flandria sem destino espec\u00edfico. Sabiam que vinham para Am\u00e9rica do Xul, provavelmente para a Argentina, segundo o livro de tombo de Romaria-MG.","og_url":"https:\/\/www.padreeustaquio.com.br\/en\/missionary-month-the-arrival-of-father-eustaquio-in-brazil\/","og_site_name":"Padre Eust\u00e1quio","article_publisher":"https:\/\/www.facebook.com\/beatopadreeustaquio\/","article_published_time":"2022-10-26T09:13:00+00:00","article_modified_time":"2022-10-26T18:15:09+00:00","og_image":[{"width":1280,"height":608,"url":"https:\/\/www.padreeustaquio.com.br\/wp-content\/uploads\/2022\/10\/Padre-eustaquio-parte-da-holanda-e1666808100764.jpeg","type":"image\/jpeg"}],"author":"@sscc","twitter_card":"summary_large_image","twitter_image":"https:\/\/www.padreeustaquio.com.br\/wp-content\/uploads\/2022\/10\/Padre-eustaquio-parte-da-holanda-e1666808100764.jpeg","twitter_creator":"@beatopeustaquio","twitter_site":"@beatopeustaquio","twitter_misc":{"Written by":"@sscc","Est. reading time":"1 minute"},"schema":{"@context":"https:\/\/schema.org","@graph":[{"@type":"Article","@id":"https:\/\/www.padreeustaquio.com.br\/mes-missionario-a-chegada-de-padre-eustaquio-ao-brasil\/#article","isPartOf":{"@id":"https:\/\/www.padreeustaquio.com.br\/mes-missionario-a-chegada-de-padre-eustaquio-ao-brasil\/"},"author":{"name":"@sscc","@id":"https:\/\/www.padreeustaquio.com.br\/#\/schema\/person\/a2a51db1d00f1a7af0204a0f1ddb1566"},"headline":"M\u00caS MISSION\u00c1RIO &#8211; A chegada de Padre Eust\u00e1quio ao Brasil","datePublished":"2022-10-26T09:13:00+00:00","dateModified":"2022-10-26T18:15:09+00:00","mainEntityOfPage":{"@id":"https:\/\/www.padreeustaquio.com.br\/mes-missionario-a-chegada-de-padre-eustaquio-ao-brasil\/"},"wordCount":214,"commentCount":0,"publisher":{"@id":"https:\/\/www.padreeustaquio.com.br\/#organization"},"image":{"@id":"https:\/\/www.padreeustaquio.com.br\/mes-missionario-a-chegada-de-padre-eustaquio-ao-brasil\/#primaryimage"},"thumbnailUrl":"https:\/\/www.padreeustaquio.com.br\/wp-content\/uploads\/2022\/10\/Padre-eustaquio-parte-da-holanda-e1666808100764.jpeg","articleSection":["Not\u00edcias"],"inLanguage":"en-US","potentialAction":[{"@type":"CommentAction","name":"Comment","target":["https:\/\/www.padreeustaquio.com.br\/mes-missionario-a-chegada-de-padre-eustaquio-ao-brasil\/#respond"]}]},{"@type":"WebPage","@id":"https:\/\/www.padreeustaquio.com.br\/mes-missionario-a-chegada-de-padre-eustaquio-ao-brasil\/","url":"https:\/\/www.padreeustaquio.com.br\/mes-missionario-a-chegada-de-padre-eustaquio-ao-brasil\/","name":"MISSIONARY MONTH - The arrival of Father Eust\u00e1quio in Brazil","isPartOf":{"@id":"https:\/\/www.padreeustaquio.com.br\/#website"},"primaryImageOfPage":{"@id":"https:\/\/www.padreeustaquio.com.br\/mes-missionario-a-chegada-de-padre-eustaquio-ao-brasil\/#primaryimage"},"image":{"@id":"https:\/\/www.padreeustaquio.com.br\/mes-missionario-a-chegada-de-padre-eustaquio-ao-brasil\/#primaryimage"},"thumbnailUrl":"https:\/\/www.padreeustaquio.com.br\/wp-content\/uploads\/2022\/10\/Padre-eustaquio-parte-da-holanda-e1666808100764.jpeg","datePublished":"2022-10-26T09:13:00+00:00","dateModified":"2022-10-26T18:15:09+00:00","description":"In April 1925, Father Eust\u00e1quio, Father Gil, and Father Matias departed from Amsterdam, Netherlands, aboard the ship Flandria without a specific destination. They knew they were going to South America, probably Argentina, according to the Romaria-MG registry book.","breadcrumb":{"@id":"https:\/\/www.padreeustaquio.com.br\/mes-missionario-a-chegada-de-padre-eustaquio-ao-brasil\/#breadcrumb"},"inLanguage":"en-US","potentialAction":[{"@type":"ReadAction","target":["https:\/\/www.padreeustaquio.com.br\/mes-missionario-a-chegada-de-padre-eustaquio-ao-brasil\/"]}]},{"@type":"ImageObject","inLanguage":"en-US","@id":"https:\/\/www.padreeustaquio.com.br\/mes-missionario-a-chegada-de-padre-eustaquio-ao-brasil\/#primaryimage","url":"https:\/\/www.padreeustaquio.com.br\/wp-content\/uploads\/2022\/10\/Padre-eustaquio-parte-da-holanda-e1666808100764.jpeg","contentUrl":"https:\/\/www.padreeustaquio.com.br\/wp-content\/uploads\/2022\/10\/Padre-eustaquio-parte-da-holanda-e1666808100764.jpeg","width":1280,"height":608},{"@type":"BreadcrumbList","@id":"https:\/\/www.padreeustaquio.com.br\/mes-missionario-a-chegada-de-padre-eustaquio-ao-brasil\/#breadcrumb","itemListElement":[{"@type":"ListItem","position":1,"name":"In\u00edcio","item":"https:\/\/www.padreeustaquio.com.br\/"},{"@type":"ListItem","position":2,"name":"M\u00caS MISSION\u00c1RIO &#8211; A chegada de Padre Eust\u00e1quio ao Brasil"}]},{"@type":"WebSite","@id":"https:\/\/www.padreeustaquio.com.br\/#website","url":"https:\/\/www.padreeustaquio.com.br\/","name":"FATHER EUST\u00c1QUIO","description":"Health and Peace","publisher":{"@id":"https:\/\/www.padreeustaquio.com.br\/#organization"},"potentialAction":[{"@type":"SearchAction","target":{"@type":"EntryPoint","urlTemplate":"https:\/\/www.padreeustaquio.com.br\/?s={search_term_string}"},"query-input":{"@type":"PropertyValueSpecification","valueRequired":true,"valueName":"search_term_string"}}],"inLanguage":"en-US"},{"@type":"Organization","@id":"https:\/\/www.padreeustaquio.com.br\/#organization","name":"FATHER EUST\u00c1QUIO","url":"https:\/\/www.padreeustaquio.com.br\/","logo":{"@type":"ImageObject","inLanguage":"en-US","@id":"https:\/\/www.padreeustaquio.com.br\/#\/schema\/logo\/image\/","url":"https:\/\/www.padreeustaquio.com.br\/wp-content\/uploads\/2019\/08\/marca.png","contentUrl":"https:\/\/www.padreeustaquio.com.br\/wp-content\/uploads\/2019\/08\/marca.png","width":350,"height":400,"caption":"Padre Eust\u00e1quio"},"image":{"@id":"https:\/\/www.padreeustaquio.com.br\/#\/schema\/logo\/image\/"},"sameAs":["https:\/\/www.facebook.com\/beatopadreeustaquio\/","https:\/\/x.com\/beatopeustaquio","https:\/\/www.instagram.com\/beatopadreeustaquio\/","https:\/\/www.youtube.com\/channel\/UCRhw7vfabnajwLxb1ZXMeIw"]},{"@type":"Person","@id":"https:\/\/www.padreeustaquio.com.br\/#\/schema\/person\/a2a51db1d00f1a7af0204a0f1ddb1566","name":"@sscc","image":{"@type":"ImageObject","inLanguage":"en-US","@id":"https:\/\/secure.gravatar.com\/avatar\/68cfafa5f44617fea54071e215026e0ff06be366c3d54a8425f04fdcb86f8c5f?s=96&d=mm&r=g","url":"https:\/\/secure.gravatar.com\/avatar\/68cfafa5f44617fea54071e215026e0ff06be366c3d54a8425f04fdcb86f8c5f?s=96&d=mm&r=g","contentUrl":"https:\/\/secure.gravatar.com\/avatar\/68cfafa5f44617fea54071e215026e0ff06be366c3d54a8425f04fdcb86f8c5f?s=96&d=mm&r=g","caption":"@sscc"},"url":"https:\/\/www.padreeustaquio.com.br\/en\/author\/sscc\/"}]}},"_links":{"self":[{"href":"https:\/\/www.padreeustaquio.com.br\/en\/wp-json\/wp\/v2\/posts\/9434","targetHints":{"allow":["GET"]}}],"collection":[{"href":"https:\/\/www.padreeustaquio.com.br\/en\/wp-json\/wp\/v2\/posts"}],"about":[{"href":"https:\/\/www.padreeustaquio.com.br\/en\/wp-json\/wp\/v2\/types\/post"}],"author":[{"embeddable":true,"href":"https:\/\/www.padreeustaquio.com.br\/en\/wp-json\/wp\/v2\/users\/2"}],"replies":[{"embeddable":true,"href":"https:\/\/www.padreeustaquio.com.br\/en\/wp-json\/wp\/v2\/comments?post=9434"}],"version-history":[{"count":0,"href":"https:\/\/www.padreeustaquio.com.br\/en\/wp-json\/wp\/v2\/posts\/9434\/revisions"}],"wp:featuredmedia":[{"embeddable":true,"href":"https:\/\/www.padreeustaquio.com.br\/en\/wp-json\/wp\/v2\/media\/9435"}],"wp:attachment":[{"href":"https:\/\/www.padreeustaquio.com.br\/en\/wp-json\/wp\/v2\/media?parent=9434"}],"wp:term":[{"taxonomy":"category","embeddable":true,"href":"https:\/\/www.padreeustaquio.com.br\/en\/wp-json\/wp\/v2\/categories?post=9434"},{"taxonomy":"post_tag","embeddable":true,"href":"https:\/\/www.padreeustaquio.com.br\/en\/wp-json\/wp\/v2\/tags?post=9434"}],"curies":[{"name":"wp","href":"https:\/\/api.w.org\/{rel}","templated":true}]}}