{"id":9409,"date":"2022-10-25T06:42:00","date_gmt":"2022-10-25T09:42:00","guid":{"rendered":"https:\/\/www.padreeustaquio.com.br\/?p=9409"},"modified":"2022-10-25T07:41:13","modified_gmt":"2022-10-25T10:41:13","slug":"former-student-of-the-padre-eustaquio-daycare-center-wins-state-artistic-gymnastics-tournament","status":"publish","type":"post","link":"https:\/\/www.padreeustaquio.com.br\/en\/former-student-of-the-padre-eustaquio-daycare-center-wins-state-artistic-gymnastics-tournament\/","title":{"rendered":"Former student of the Padre Eust\u00e1quio daycare center wins Brazilian Artistic Gymnastics Championship."},"content":{"rendered":"<div class=\"wp-block-image\">\n<figure class=\"alignleft size-medium\"><img fetchpriority=\"high\" decoding=\"async\" width=\"225\" height=\"300\" src=\"https:\/\/www.padreeustaquio.com.br\/wp-content\/uploads\/2022\/10\/Luiz-Miguel-Camp.-Brasileiro-225x300.jpeg\" alt=\"\" class=\"wp-image-9432\" srcset=\"https:\/\/www.padreeustaquio.com.br\/wp-content\/uploads\/2022\/10\/Luiz-Miguel-Camp.-Brasileiro-225x300.jpeg 225w, https:\/\/www.padreeustaquio.com.br\/wp-content\/uploads\/2022\/10\/Luiz-Miguel-Camp.-Brasileiro-768x1024.jpeg 768w, https:\/\/www.padreeustaquio.com.br\/wp-content\/uploads\/2022\/10\/Luiz-Miguel-Camp.-Brasileiro-1152x1536.jpeg 1152w, https:\/\/www.padreeustaquio.com.br\/wp-content\/uploads\/2022\/10\/Luiz-Miguel-Camp.-Brasileiro.jpeg 1200w\" sizes=\"(max-width: 225px) 100vw, 225px\" \/><figcaption>Brazilian Gymnastics Podium<\/figcaption><\/figure>\n<\/div>\n\n\n<p>Former student of the Padre Eust\u00e1quio Daycare Center, little Luiz Miguel Val\u00e9rio Campos, 9 years old, excelled in the pre-infant category, winning the title in his category and also first place in the team competition for Minas T\u00eanis Clube at the Brazilian Gymnastics Championship. Fifteen days ago, Luiz Miguel also won the pre-infant boys&#039; category at the State Artistic Gymnastics Championship. He won seven medals: five gold, one silver, and one bronze. <strong>Luiz also won overall and emerged as the best athlete in his category.<\/strong><\/p>\n\n\n\n<p>Luiz Miguel, since the age of three, already showed favorable characteristics for the practice of artistic gymnastics, but it was at the age of six that he entered a gymnastics school. In the same year, after taking a test at Minas T\u00eanis Clube, he was approved and today is a registered athlete of the club.<\/p>\n\n\n<div class=\"wp-block-image\">\n<figure class=\"alignright size-medium is-resized\"><img decoding=\"async\" src=\"https:\/\/www.padreeustaquio.com.br\/wp-content\/uploads\/2022\/10\/Luiz-miguel-300x200.jpeg\" alt=\"\" class=\"wp-image-9424\" width=\"320\" height=\"213\" srcset=\"https:\/\/www.padreeustaquio.com.br\/wp-content\/uploads\/2022\/10\/Luiz-miguel-300x200.jpeg 300w, https:\/\/www.padreeustaquio.com.br\/wp-content\/uploads\/2022\/10\/Luiz-miguel-1024x683.jpeg 1024w, https:\/\/www.padreeustaquio.com.br\/wp-content\/uploads\/2022\/10\/Luiz-miguel-768x512.jpeg 768w, https:\/\/www.padreeustaquio.com.br\/wp-content\/uploads\/2022\/10\/Luiz-miguel.jpeg 1440w\" sizes=\"(max-width: 320px) 100vw, 320px\" \/><figcaption>Podium of the Minas Gerais Artistic Gymnastics Championship<\/figcaption><\/figure>\n<\/div>\n\n\n<p>The Brazilian Gymnastics Championship was the second tournament the young athlete competed in; the first was the State Artistic Gymnastics Championship in early October. Luiz Miguel is also expected to compete in the National Championship in November.<\/p>\n\n\n\n<p><strong>Luiz Miguel and the Padre Eust\u00e1quio Daycare Center<\/strong><\/p>\n\n\n\n<p>Little Luiz started attending the Padre Eust\u00e1quio Daycare Center when he was just one year old and stayed there until he was five. For his parents, Rosa Val\u00e9rio Campos and Andr\u00e9 Luiz Campos, it was at the institution that he learned many principles that he carried with him throughout his life.<\/p>\n\n\n<div class=\"wp-block-image\">\n<figure class=\"alignleft size-medium\"><img decoding=\"async\" width=\"225\" height=\"300\" src=\"https:\/\/www.padreeustaquio.com.br\/wp-content\/uploads\/2022\/10\/Luiz-na-creche-225x300.jpeg\" alt=\"\" class=\"wp-image-9425\" srcset=\"https:\/\/www.padreeustaquio.com.br\/wp-content\/uploads\/2022\/10\/Luiz-na-creche-225x300.jpeg 225w, https:\/\/www.padreeustaquio.com.br\/wp-content\/uploads\/2022\/10\/Luiz-na-creche-768x1023.jpeg 768w, https:\/\/www.padreeustaquio.com.br\/wp-content\/uploads\/2022\/10\/Luiz-na-creche.jpeg 869w\" sizes=\"(max-width: 225px) 100vw, 225px\" \/><figcaption>Luiz Miguel at the Padre Eust\u00e1quio Daycare Center<\/figcaption><\/figure>\n<\/div>\n\n\n<p>Even four years after completing his time at the daycare, Luiz Miguel&#039;s family still holds great affection for the institution, recognizing its importance in their son&#039;s early development.<\/p>\n\n\n\n<p><em>\u201c&quot;I say this: the issue of his attitude, in relation to what his coach always says about being polite, responsible, and focused, I dedicate that entirely to the Padre Eust\u00e1quio daycare center.&quot;\u201d<\/em>, &quot;Luiz&#039;s mother, Rosa Val\u00e9rio, stated.&quot;.<\/p>\n\n\n\n<p><\/p>","protected":false},"excerpt":{"rendered":"<p>O ex-aluno da Creche Padre Eust\u00e1quio, o pequeno Luiz Miguel Val\u00e9rio Campos, de 9 anos, se destacou no pr\u00e9-infantil levando o t\u00edtulo da categoria, ganhando ainda o primeiro lugar por equipes pelo Minas T\u00eanis Clube, no Campeonato Brasileiro de Gin\u00e1stica. H\u00e1 15 dias Luiz Miguel tamb\u00e9m ganhou o pr\u00e9-infantil masculino do Campeonato Estadual de Gin\u00e1stica Art\u00edstica. Ele ganhou sete medalhas sendo cinco de ouro, uma de prata e uma bronze. Luiz ganhou ainda no geral e saiu como o melhor atleta da competi\u00e7\u00e3o na categoria dele. Luiz Miguel, desde os tr\u00eas anos, j\u00e1 apresentava caracter\u00edsticas favor\u00e1veis para a pr\u00e1tica da [&hellip;]<\/p>\n","protected":false},"author":2,"featured_media":9410,"comment_status":"open","ping_status":"closed","sticky":false,"template":"","format":"standard","meta":{"_acf_changed":false,"footnotes":""},"categories":[611],"tags":[],"class_list":["post-9409","post","type-post","status-publish","format-standard","has-post-thumbnail","hentry","category-noticias"],"acf":[],"yoast_head":"<!-- This site is optimized with the Yoast SEO plugin v27.2 - https:\/\/yoast.com\/product\/yoast-seo-wordpress\/ -->\n<title>Ex-aluno da Creche Padre Eust\u00e1quio vence campeonato brasileiro de Gin\u00e1stica Art\u00edstica<\/title>\n<meta name=\"description\" content=\"O ex-aluno da Creche Padre Eust\u00e1quio, o pequeno Luiz Miguel Val\u00e9rio Campos, de 9 anos, se destacou no pr\u00e9-infantil masculino do Campeonato Estadual de Gin\u00e1stica Art\u00edstica. Ele ganhou sete medalhas sendo cinco de ouro, uma de prata e uma bronze. Luiz ganhou ainda no geral e saiu como o melhor atleta da competi\u00e7\u00e3o na categoria dele.\" \/>\n<meta name=\"robots\" content=\"index, follow, max-snippet:-1, max-image-preview:large, max-video-preview:-1\" \/>\n<link rel=\"canonical\" href=\"https:\/\/www.padreeustaquio.com.br\/en\/former-student-of-the-padre-eustaquio-daycare-center-wins-state-artistic-gymnastics-tournament\/\" \/>\n<meta property=\"og:locale\" content=\"en_US\" \/>\n<meta property=\"og:type\" content=\"article\" \/>\n<meta property=\"og:title\" content=\"Ex-aluno da Creche Padre Eust\u00e1quio vence campeonato brasileiro de Gin\u00e1stica Art\u00edstica\" \/>\n<meta property=\"og:description\" content=\"O ex-aluno da Creche Padre Eust\u00e1quio, o pequeno Luiz Miguel Val\u00e9rio Campos, de 9 anos, se destacou no pr\u00e9-infantil masculino do Campeonato Estadual de Gin\u00e1stica Art\u00edstica. Ele ganhou sete medalhas sendo cinco de ouro, uma de prata e uma bronze. Luiz ganhou ainda no geral e saiu como o melhor atleta da competi\u00e7\u00e3o na categoria dele.\" \/>\n<meta property=\"og:url\" content=\"https:\/\/www.padreeustaquio.com.br\/en\/former-student-of-the-padre-eustaquio-daycare-center-wins-state-artistic-gymnastics-tournament\/\" \/>\n<meta property=\"og:site_name\" content=\"Padre Eust\u00e1quio\" \/>\n<meta property=\"article:publisher\" content=\"https:\/\/www.facebook.com\/beatopadreeustaquio\/\" \/>\n<meta property=\"article:published_time\" content=\"2022-10-25T09:42:00+00:00\" \/>\n<meta property=\"article:modified_time\" content=\"2022-10-25T10:41:13+00:00\" \/>\n<meta property=\"og:image\" content=\"https:\/\/www.padreeustaquio.com.br\/wp-content\/uploads\/2022\/10\/luiz-miguel-1.jpeg\" \/>\n\t<meta property=\"og:image:width\" content=\"1280\" \/>\n\t<meta property=\"og:image:height\" content=\"853\" \/>\n\t<meta property=\"og:image:type\" content=\"image\/jpeg\" \/>\n<meta name=\"author\" content=\"@sscc\" \/>\n<meta name=\"twitter:card\" content=\"summary_large_image\" \/>\n<meta name=\"twitter:image\" content=\"https:\/\/www.padreeustaquio.com.br\/wp-content\/uploads\/2022\/10\/luiz-miguel-1.jpeg\" \/>\n<meta name=\"twitter:creator\" content=\"@beatopeustaquio\" \/>\n<meta name=\"twitter:site\" content=\"@beatopeustaquio\" \/>\n<meta name=\"twitter:label1\" content=\"Written by\" \/>\n\t<meta name=\"twitter:data1\" content=\"@sscc\" \/>\n\t<meta name=\"twitter:label2\" content=\"Est. reading time\" \/>\n\t<meta name=\"twitter:data2\" content=\"2 minutes\" \/>\n<script type=\"application\/ld+json\" class=\"yoast-schema-graph\">{\"@context\":\"https:\/\/schema.org\",\"@graph\":[{\"@type\":\"Article\",\"@id\":\"https:\/\/www.padreeustaquio.com.br\/ex-aluno-da-creche-padre-eustaquio-vence-torneio-estadual-de-ginastica-artistica\/#article\",\"isPartOf\":{\"@id\":\"https:\/\/www.padreeustaquio.com.br\/ex-aluno-da-creche-padre-eustaquio-vence-torneio-estadual-de-ginastica-artistica\/\"},\"author\":{\"name\":\"@sscc\",\"@id\":\"https:\/\/www.padreeustaquio.com.br\/#\/schema\/person\/a2a51db1d00f1a7af0204a0f1ddb1566\"},\"headline\":\"Ex-aluno da Creche Padre Eust\u00e1quio vence campeonato brasileiro de Gin\u00e1stica Art\u00edstica\",\"datePublished\":\"2022-10-25T09:42:00+00:00\",\"dateModified\":\"2022-10-25T10:41:13+00:00\",\"mainEntityOfPage\":{\"@id\":\"https:\/\/www.padreeustaquio.com.br\/ex-aluno-da-creche-padre-eustaquio-vence-torneio-estadual-de-ginastica-artistica\/\"},\"wordCount\":373,\"commentCount\":0,\"publisher\":{\"@id\":\"https:\/\/www.padreeustaquio.com.br\/#organization\"},\"image\":{\"@id\":\"https:\/\/www.padreeustaquio.com.br\/ex-aluno-da-creche-padre-eustaquio-vence-torneio-estadual-de-ginastica-artistica\/#primaryimage\"},\"thumbnailUrl\":\"https:\/\/www.padreeustaquio.com.br\/wp-content\/uploads\/2022\/10\/luiz-miguel-1.jpeg\",\"articleSection\":[\"Not\u00edcias\"],\"inLanguage\":\"en-US\",\"potentialAction\":[{\"@type\":\"CommentAction\",\"name\":\"Comment\",\"target\":[\"https:\/\/www.padreeustaquio.com.br\/ex-aluno-da-creche-padre-eustaquio-vence-torneio-estadual-de-ginastica-artistica\/#respond\"]}]},{\"@type\":\"WebPage\",\"@id\":\"https:\/\/www.padreeustaquio.com.br\/ex-aluno-da-creche-padre-eustaquio-vence-torneio-estadual-de-ginastica-artistica\/\",\"url\":\"https:\/\/www.padreeustaquio.com.br\/ex-aluno-da-creche-padre-eustaquio-vence-torneio-estadual-de-ginastica-artistica\/\",\"name\":\"Ex-aluno da Creche Padre Eust\u00e1quio vence campeonato brasileiro de Gin\u00e1stica Art\u00edstica\",\"isPartOf\":{\"@id\":\"https:\/\/www.padreeustaquio.com.br\/#website\"},\"primaryImageOfPage\":{\"@id\":\"https:\/\/www.padreeustaquio.com.br\/ex-aluno-da-creche-padre-eustaquio-vence-torneio-estadual-de-ginastica-artistica\/#primaryimage\"},\"image\":{\"@id\":\"https:\/\/www.padreeustaquio.com.br\/ex-aluno-da-creche-padre-eustaquio-vence-torneio-estadual-de-ginastica-artistica\/#primaryimage\"},\"thumbnailUrl\":\"https:\/\/www.padreeustaquio.com.br\/wp-content\/uploads\/2022\/10\/luiz-miguel-1.jpeg\",\"datePublished\":\"2022-10-25T09:42:00+00:00\",\"dateModified\":\"2022-10-25T10:41:13+00:00\",\"description\":\"O ex-aluno da Creche Padre Eust\u00e1quio, o pequeno Luiz Miguel Val\u00e9rio Campos, de 9 anos, se destacou no pr\u00e9-infantil masculino do Campeonato Estadual de Gin\u00e1stica Art\u00edstica. Ele ganhou sete medalhas sendo cinco de ouro, uma de prata e uma bronze. Luiz ganhou ainda no geral e saiu como o melhor atleta da competi\u00e7\u00e3o na categoria dele.\",\"breadcrumb\":{\"@id\":\"https:\/\/www.padreeustaquio.com.br\/ex-aluno-da-creche-padre-eustaquio-vence-torneio-estadual-de-ginastica-artistica\/#breadcrumb\"},\"inLanguage\":\"en-US\",\"potentialAction\":[{\"@type\":\"ReadAction\",\"target\":[\"https:\/\/www.padreeustaquio.com.br\/ex-aluno-da-creche-padre-eustaquio-vence-torneio-estadual-de-ginastica-artistica\/\"]}]},{\"@type\":\"ImageObject\",\"inLanguage\":\"en-US\",\"@id\":\"https:\/\/www.padreeustaquio.com.br\/ex-aluno-da-creche-padre-eustaquio-vence-torneio-estadual-de-ginastica-artistica\/#primaryimage\",\"url\":\"https:\/\/www.padreeustaquio.com.br\/wp-content\/uploads\/2022\/10\/luiz-miguel-1.jpeg\",\"contentUrl\":\"https:\/\/www.padreeustaquio.com.br\/wp-content\/uploads\/2022\/10\/luiz-miguel-1.jpeg\",\"width\":1280,\"height\":853},{\"@type\":\"BreadcrumbList\",\"@id\":\"https:\/\/www.padreeustaquio.com.br\/ex-aluno-da-creche-padre-eustaquio-vence-torneio-estadual-de-ginastica-artistica\/#breadcrumb\",\"itemListElement\":[{\"@type\":\"ListItem\",\"position\":1,\"name\":\"In\u00edcio\",\"item\":\"https:\/\/www.padreeustaquio.com.br\/\"},{\"@type\":\"ListItem\",\"position\":2,\"name\":\"Ex-aluno da Creche Padre Eust\u00e1quio vence campeonato brasileiro de Gin\u00e1stica Art\u00edstica\"}]},{\"@type\":\"WebSite\",\"@id\":\"https:\/\/www.padreeustaquio.com.br\/#website\",\"url\":\"https:\/\/www.padreeustaquio.com.br\/\",\"name\":\"Padre Eust\u00e1quio\",\"description\":\"Sa\u00fade e Paz\",\"publisher\":{\"@id\":\"https:\/\/www.padreeustaquio.com.br\/#organization\"},\"potentialAction\":[{\"@type\":\"SearchAction\",\"target\":{\"@type\":\"EntryPoint\",\"urlTemplate\":\"https:\/\/www.padreeustaquio.com.br\/?s={search_term_string}\"},\"query-input\":{\"@type\":\"PropertyValueSpecification\",\"valueRequired\":true,\"valueName\":\"search_term_string\"}}],\"inLanguage\":\"en-US\"},{\"@type\":\"Organization\",\"@id\":\"https:\/\/www.padreeustaquio.com.br\/#organization\",\"name\":\"Padre Eust\u00e1quio\",\"url\":\"https:\/\/www.padreeustaquio.com.br\/\",\"logo\":{\"@type\":\"ImageObject\",\"inLanguage\":\"en-US\",\"@id\":\"https:\/\/www.padreeustaquio.com.br\/#\/schema\/logo\/image\/\",\"url\":\"https:\/\/www.padreeustaquio.com.br\/wp-content\/uploads\/2019\/08\/marca.png\",\"contentUrl\":\"https:\/\/www.padreeustaquio.com.br\/wp-content\/uploads\/2019\/08\/marca.png\",\"width\":350,\"height\":400,\"caption\":\"Padre Eust\u00e1quio\"},\"image\":{\"@id\":\"https:\/\/www.padreeustaquio.com.br\/#\/schema\/logo\/image\/\"},\"sameAs\":[\"https:\/\/www.facebook.com\/beatopadreeustaquio\/\",\"https:\/\/x.com\/beatopeustaquio\",\"https:\/\/www.instagram.com\/beatopadreeustaquio\/\",\"https:\/\/www.youtube.com\/channel\/UCRhw7vfabnajwLxb1ZXMeIw\"]},{\"@type\":\"Person\",\"@id\":\"https:\/\/www.padreeustaquio.com.br\/#\/schema\/person\/a2a51db1d00f1a7af0204a0f1ddb1566\",\"name\":\"@sscc\",\"image\":{\"@type\":\"ImageObject\",\"inLanguage\":\"en-US\",\"@id\":\"https:\/\/secure.gravatar.com\/avatar\/68cfafa5f44617fea54071e215026e0ff06be366c3d54a8425f04fdcb86f8c5f?s=96&d=mm&r=g\",\"url\":\"https:\/\/secure.gravatar.com\/avatar\/68cfafa5f44617fea54071e215026e0ff06be366c3d54a8425f04fdcb86f8c5f?s=96&d=mm&r=g\",\"contentUrl\":\"https:\/\/secure.gravatar.com\/avatar\/68cfafa5f44617fea54071e215026e0ff06be366c3d54a8425f04fdcb86f8c5f?s=96&d=mm&r=g\",\"caption\":\"@sscc\"},\"url\":\"https:\/\/www.padreeustaquio.com.br\/en\/author\/sscc\/\"}]}<\/script>\n<!-- \/ Yoast SEO plugin. -->","yoast_head_json":{"title":"Former student of the Padre Eust\u00e1quio daycare center wins Brazilian Artistic Gymnastics Championship.","description":"Former student of the Padre Eust\u00e1quio Daycare Center, little Luiz Miguel Val\u00e9rio Campos, 9 years old, stood out in the pre-infant boys&#039; category of the State Artistic Gymnastics Championship. He won seven medals: five gold, one silver, and one bronze. Luiz also won overall and emerged as the best athlete in his category.","robots":{"index":"index","follow":"follow","max-snippet":"max-snippet:-1","max-image-preview":"max-image-preview:large","max-video-preview":"max-video-preview:-1"},"canonical":"https:\/\/www.padreeustaquio.com.br\/en\/former-student-of-the-padre-eustaquio-daycare-center-wins-state-artistic-gymnastics-tournament\/","og_locale":"en_US","og_type":"article","og_title":"Ex-aluno da Creche Padre Eust\u00e1quio vence campeonato brasileiro de Gin\u00e1stica Art\u00edstica","og_description":"O ex-aluno da Creche Padre Eust\u00e1quio, o pequeno Luiz Miguel Val\u00e9rio Campos, de 9 anos, se destacou no pr\u00e9-infantil masculino do Campeonato Estadual de Gin\u00e1stica Art\u00edstica. Ele ganhou sete medalhas sendo cinco de ouro, uma de prata e uma bronze. Luiz ganhou ainda no geral e saiu como o melhor atleta da competi\u00e7\u00e3o na categoria dele.","og_url":"https:\/\/www.padreeustaquio.com.br\/en\/former-student-of-the-padre-eustaquio-daycare-center-wins-state-artistic-gymnastics-tournament\/","og_site_name":"Padre Eust\u00e1quio","article_publisher":"https:\/\/www.facebook.com\/beatopadreeustaquio\/","article_published_time":"2022-10-25T09:42:00+00:00","article_modified_time":"2022-10-25T10:41:13+00:00","og_image":[{"width":1280,"height":853,"url":"https:\/\/www.padreeustaquio.com.br\/wp-content\/uploads\/2022\/10\/luiz-miguel-1.jpeg","type":"image\/jpeg"}],"author":"@sscc","twitter_card":"summary_large_image","twitter_image":"https:\/\/www.padreeustaquio.com.br\/wp-content\/uploads\/2022\/10\/luiz-miguel-1.jpeg","twitter_creator":"@beatopeustaquio","twitter_site":"@beatopeustaquio","twitter_misc":{"Written by":"@sscc","Est. reading time":"2 minutes"},"schema":{"@context":"https:\/\/schema.org","@graph":[{"@type":"Article","@id":"https:\/\/www.padreeustaquio.com.br\/ex-aluno-da-creche-padre-eustaquio-vence-torneio-estadual-de-ginastica-artistica\/#article","isPartOf":{"@id":"https:\/\/www.padreeustaquio.com.br\/ex-aluno-da-creche-padre-eustaquio-vence-torneio-estadual-de-ginastica-artistica\/"},"author":{"name":"@sscc","@id":"https:\/\/www.padreeustaquio.com.br\/#\/schema\/person\/a2a51db1d00f1a7af0204a0f1ddb1566"},"headline":"Ex-aluno da Creche Padre Eust\u00e1quio vence campeonato brasileiro de Gin\u00e1stica Art\u00edstica","datePublished":"2022-10-25T09:42:00+00:00","dateModified":"2022-10-25T10:41:13+00:00","mainEntityOfPage":{"@id":"https:\/\/www.padreeustaquio.com.br\/ex-aluno-da-creche-padre-eustaquio-vence-torneio-estadual-de-ginastica-artistica\/"},"wordCount":373,"commentCount":0,"publisher":{"@id":"https:\/\/www.padreeustaquio.com.br\/#organization"},"image":{"@id":"https:\/\/www.padreeustaquio.com.br\/ex-aluno-da-creche-padre-eustaquio-vence-torneio-estadual-de-ginastica-artistica\/#primaryimage"},"thumbnailUrl":"https:\/\/www.padreeustaquio.com.br\/wp-content\/uploads\/2022\/10\/luiz-miguel-1.jpeg","articleSection":["Not\u00edcias"],"inLanguage":"en-US","potentialAction":[{"@type":"CommentAction","name":"Comment","target":["https:\/\/www.padreeustaquio.com.br\/ex-aluno-da-creche-padre-eustaquio-vence-torneio-estadual-de-ginastica-artistica\/#respond"]}]},{"@type":"WebPage","@id":"https:\/\/www.padreeustaquio.com.br\/ex-aluno-da-creche-padre-eustaquio-vence-torneio-estadual-de-ginastica-artistica\/","url":"https:\/\/www.padreeustaquio.com.br\/ex-aluno-da-creche-padre-eustaquio-vence-torneio-estadual-de-ginastica-artistica\/","name":"Former student of the Padre Eust\u00e1quio daycare center wins Brazilian Artistic Gymnastics Championship.","isPartOf":{"@id":"https:\/\/www.padreeustaquio.com.br\/#website"},"primaryImageOfPage":{"@id":"https:\/\/www.padreeustaquio.com.br\/ex-aluno-da-creche-padre-eustaquio-vence-torneio-estadual-de-ginastica-artistica\/#primaryimage"},"image":{"@id":"https:\/\/www.padreeustaquio.com.br\/ex-aluno-da-creche-padre-eustaquio-vence-torneio-estadual-de-ginastica-artistica\/#primaryimage"},"thumbnailUrl":"https:\/\/www.padreeustaquio.com.br\/wp-content\/uploads\/2022\/10\/luiz-miguel-1.jpeg","datePublished":"2022-10-25T09:42:00+00:00","dateModified":"2022-10-25T10:41:13+00:00","description":"Former student of the Padre Eust\u00e1quio Daycare Center, little Luiz Miguel Val\u00e9rio Campos, 9 years old, stood out in the pre-infant boys&#039; category of the State Artistic Gymnastics Championship. He won seven medals: five gold, one silver, and one bronze. Luiz also won overall and emerged as the best athlete in his category.","breadcrumb":{"@id":"https:\/\/www.padreeustaquio.com.br\/ex-aluno-da-creche-padre-eustaquio-vence-torneio-estadual-de-ginastica-artistica\/#breadcrumb"},"inLanguage":"en-US","potentialAction":[{"@type":"ReadAction","target":["https:\/\/www.padreeustaquio.com.br\/ex-aluno-da-creche-padre-eustaquio-vence-torneio-estadual-de-ginastica-artistica\/"]}]},{"@type":"ImageObject","inLanguage":"en-US","@id":"https:\/\/www.padreeustaquio.com.br\/ex-aluno-da-creche-padre-eustaquio-vence-torneio-estadual-de-ginastica-artistica\/#primaryimage","url":"https:\/\/www.padreeustaquio.com.br\/wp-content\/uploads\/2022\/10\/luiz-miguel-1.jpeg","contentUrl":"https:\/\/www.padreeustaquio.com.br\/wp-content\/uploads\/2022\/10\/luiz-miguel-1.jpeg","width":1280,"height":853},{"@type":"BreadcrumbList","@id":"https:\/\/www.padreeustaquio.com.br\/ex-aluno-da-creche-padre-eustaquio-vence-torneio-estadual-de-ginastica-artistica\/#breadcrumb","itemListElement":[{"@type":"ListItem","position":1,"name":"In\u00edcio","item":"https:\/\/www.padreeustaquio.com.br\/"},{"@type":"ListItem","position":2,"name":"Ex-aluno da Creche Padre Eust\u00e1quio vence campeonato brasileiro de Gin\u00e1stica Art\u00edstica"}]},{"@type":"WebSite","@id":"https:\/\/www.padreeustaquio.com.br\/#website","url":"https:\/\/www.padreeustaquio.com.br\/","name":"FATHER EUST\u00c1QUIO","description":"Health and Peace","publisher":{"@id":"https:\/\/www.padreeustaquio.com.br\/#organization"},"potentialAction":[{"@type":"SearchAction","target":{"@type":"EntryPoint","urlTemplate":"https:\/\/www.padreeustaquio.com.br\/?s={search_term_string}"},"query-input":{"@type":"PropertyValueSpecification","valueRequired":true,"valueName":"search_term_string"}}],"inLanguage":"en-US"},{"@type":"Organization","@id":"https:\/\/www.padreeustaquio.com.br\/#organization","name":"FATHER EUST\u00c1QUIO","url":"https:\/\/www.padreeustaquio.com.br\/","logo":{"@type":"ImageObject","inLanguage":"en-US","@id":"https:\/\/www.padreeustaquio.com.br\/#\/schema\/logo\/image\/","url":"https:\/\/www.padreeustaquio.com.br\/wp-content\/uploads\/2019\/08\/marca.png","contentUrl":"https:\/\/www.padreeustaquio.com.br\/wp-content\/uploads\/2019\/08\/marca.png","width":350,"height":400,"caption":"Padre Eust\u00e1quio"},"image":{"@id":"https:\/\/www.padreeustaquio.com.br\/#\/schema\/logo\/image\/"},"sameAs":["https:\/\/www.facebook.com\/beatopadreeustaquio\/","https:\/\/x.com\/beatopeustaquio","https:\/\/www.instagram.com\/beatopadreeustaquio\/","https:\/\/www.youtube.com\/channel\/UCRhw7vfabnajwLxb1ZXMeIw"]},{"@type":"Person","@id":"https:\/\/www.padreeustaquio.com.br\/#\/schema\/person\/a2a51db1d00f1a7af0204a0f1ddb1566","name":"@sscc","image":{"@type":"ImageObject","inLanguage":"en-US","@id":"https:\/\/secure.gravatar.com\/avatar\/68cfafa5f44617fea54071e215026e0ff06be366c3d54a8425f04fdcb86f8c5f?s=96&d=mm&r=g","url":"https:\/\/secure.gravatar.com\/avatar\/68cfafa5f44617fea54071e215026e0ff06be366c3d54a8425f04fdcb86f8c5f?s=96&d=mm&r=g","contentUrl":"https:\/\/secure.gravatar.com\/avatar\/68cfafa5f44617fea54071e215026e0ff06be366c3d54a8425f04fdcb86f8c5f?s=96&d=mm&r=g","caption":"@sscc"},"url":"https:\/\/www.padreeustaquio.com.br\/en\/author\/sscc\/"}]}},"_links":{"self":[{"href":"https:\/\/www.padreeustaquio.com.br\/en\/wp-json\/wp\/v2\/posts\/9409","targetHints":{"allow":["GET"]}}],"collection":[{"href":"https:\/\/www.padreeustaquio.com.br\/en\/wp-json\/wp\/v2\/posts"}],"about":[{"href":"https:\/\/www.padreeustaquio.com.br\/en\/wp-json\/wp\/v2\/types\/post"}],"author":[{"embeddable":true,"href":"https:\/\/www.padreeustaquio.com.br\/en\/wp-json\/wp\/v2\/users\/2"}],"replies":[{"embeddable":true,"href":"https:\/\/www.padreeustaquio.com.br\/en\/wp-json\/wp\/v2\/comments?post=9409"}],"version-history":[{"count":0,"href":"https:\/\/www.padreeustaquio.com.br\/en\/wp-json\/wp\/v2\/posts\/9409\/revisions"}],"wp:featuredmedia":[{"embeddable":true,"href":"https:\/\/www.padreeustaquio.com.br\/en\/wp-json\/wp\/v2\/media\/9410"}],"wp:attachment":[{"href":"https:\/\/www.padreeustaquio.com.br\/en\/wp-json\/wp\/v2\/media?parent=9409"}],"wp:term":[{"taxonomy":"category","embeddable":true,"href":"https:\/\/www.padreeustaquio.com.br\/en\/wp-json\/wp\/v2\/categories?post=9409"},{"taxonomy":"post_tag","embeddable":true,"href":"https:\/\/www.padreeustaquio.com.br\/en\/wp-json\/wp\/v2\/tags?post=9409"}],"curies":[{"name":"wp","href":"https:\/\/api.w.org\/{rel}","templated":true}]}}