{"id":9406,"date":"2022-10-19T06:33:00","date_gmt":"2022-10-19T09:33:00","guid":{"rendered":"https:\/\/www.padreeustaquio.com.br\/?p=9406"},"modified":"2022-10-18T07:42:07","modified_gmt":"2022-10-18T10:42:07","slug":"more-than-100-years-ago-father-eustaquio-was-decorated-in-belgium","status":"publish","type":"post","link":"https:\/\/www.padreeustaquio.com.br\/en\/more-than-100-years-ago-father-eustaquio-was-decorated-in-belgium\/","title":{"rendered":"Over 100 years ago, Father Eust\u00e1quio was decorated in Belgium."},"content":{"rendered":"<p>In 1920, Father Eust\u00e1quio took over the work in the glaziers&#039; colony in Maassluis, Netherlands, formed by about 700 Belgians who had fled the First World War.<\/p>\n\n\n\n<p>He was appointed religious assistant to the workers of a glass factory who had moved from Belgium to Holland because of the war. Father Eust\u00e1quio ended up occupying this position because he was fluent in French, which allowed him to communicate with those Belgian workers.<\/p>\n\n\n\n<p>Because of this work, the Dutch priest was decorated by King Albert I of Belgium for the religious assistance he provided. He managed to convert several workers who lived in the area, and to do so he had to be very forceful against the vice of drunkenness and other errors that those workers maintained.<\/p>\n\n\n\n<p>In one of the testimonies given to the Tribunal for the Cause of Beatification and Canonization of Father Eust\u00e1quio, Father Gil speaks about the Blessed&#039;s dedication to the change of location, beginning with his own personal transformation:<br>\u201c<em>I note that Father Eust\u00e1quio stopped drinking wine, a resolution to which he remained faithful throughout his life, even when he was still assisting the Walloon (Belgian) workers; I am convinced that he made this decision as a self-imposed penance. Likewise, even before arriving in Brazil, Father Eust\u00e1quio gave up smoking for the rest of his life. When I referred above to abstaining from wine, I mean that he abstained from any alcoholic beverage.<\/em>.\u201d<br><\/p>","protected":false},"excerpt":{"rendered":"<p>Em 1920, Padre Eust\u00e1quio assumiu os trabalhos na col\u00f4nia de vidraceiros em Maassluis, Holanda, formada por cerca de 700 belgas que fugiram da primeira guerra mundial. Ele foi nomeado, assistente religioso junto ao operariado de uma f\u00e1brica de vidros que se havia transferido da B\u00e9lgica para a Holanda, por causa da guerra. Padre Eust\u00e1quio acabou ocupando este cargo por dominar o idioma franc\u00eas com o qual podia atuar entre aqueles oper\u00e1rios belgas. Por causa desse trabalho, o padre holand\u00eas foi condecorado pelo Rei Alberto I, da B\u00e9lgica, pela assist\u00eancia religiosa prestada. Ele conseguiu converter v\u00e1rios oper\u00e1rios que viviam no local, [&hellip;]<\/p>\n","protected":false},"author":2,"featured_media":9407,"comment_status":"open","ping_status":"closed","sticky":false,"template":"","format":"standard","meta":{"_acf_changed":false,"footnotes":""},"categories":[611],"tags":[],"class_list":["post-9406","post","type-post","status-publish","format-standard","has-post-thumbnail","hentry","category-noticias"],"acf":[],"yoast_head":"<!-- This site is optimized with the Yoast SEO plugin v27.2 - https:\/\/yoast.com\/product\/yoast-seo-wordpress\/ -->\n<title>H\u00e1 mais de 100 anos Padre Eust\u00e1quio era condecorado na B\u00e9lgica<\/title>\n<meta name=\"description\" content=\"Em 1920, Padre Eust\u00e1quio assumiu os trabalhos na col\u00f4nia de vidraceiros em Maassluis, Holanda, formada por cerca de 700 belgas que fugiram da primeira guerra mundial.\" \/>\n<meta name=\"robots\" content=\"index, follow, max-snippet:-1, max-image-preview:large, max-video-preview:-1\" \/>\n<link rel=\"canonical\" href=\"https:\/\/www.padreeustaquio.com.br\/en\/more-than-100-years-ago-father-eustaquio-was-decorated-in-belgium\/\" \/>\n<meta property=\"og:locale\" content=\"en_US\" \/>\n<meta property=\"og:type\" content=\"article\" \/>\n<meta property=\"og:title\" content=\"H\u00e1 mais de 100 anos Padre Eust\u00e1quio era condecorado na B\u00e9lgica\" \/>\n<meta property=\"og:description\" content=\"Em 1920, Padre Eust\u00e1quio assumiu os trabalhos na col\u00f4nia de vidraceiros em Maassluis, Holanda, formada por cerca de 700 belgas que fugiram da primeira guerra mundial.\" \/>\n<meta property=\"og:url\" content=\"https:\/\/www.padreeustaquio.com.br\/en\/more-than-100-years-ago-father-eustaquio-was-decorated-in-belgium\/\" \/>\n<meta property=\"og:site_name\" content=\"Padre Eust\u00e1quio\" \/>\n<meta property=\"article:publisher\" content=\"https:\/\/www.facebook.com\/beatopadreeustaquio\/\" \/>\n<meta property=\"article:published_time\" content=\"2022-10-19T09:33:00+00:00\" \/>\n<meta property=\"og:image\" content=\"https:\/\/www.padreeustaquio.com.br\/wp-content\/uploads\/2022\/10\/padre-eustaquio-na-holanda.jpeg\" \/>\n\t<meta property=\"og:image:width\" content=\"1280\" \/>\n\t<meta property=\"og:image:height\" content=\"853\" \/>\n\t<meta property=\"og:image:type\" content=\"image\/jpeg\" \/>\n<meta name=\"author\" content=\"@sscc\" \/>\n<meta name=\"twitter:card\" content=\"summary_large_image\" \/>\n<meta name=\"twitter:image\" content=\"https:\/\/www.padreeustaquio.com.br\/wp-content\/uploads\/2022\/10\/padre-eustaquio-na-holanda.jpeg\" \/>\n<meta name=\"twitter:creator\" content=\"@beatopeustaquio\" \/>\n<meta name=\"twitter:site\" content=\"@beatopeustaquio\" \/>\n<meta name=\"twitter:label1\" content=\"Written by\" \/>\n\t<meta name=\"twitter:data1\" content=\"@sscc\" \/>\n\t<meta name=\"twitter:label2\" content=\"Est. reading time\" \/>\n\t<meta name=\"twitter:data2\" content=\"2 minutes\" \/>\n<script type=\"application\/ld+json\" class=\"yoast-schema-graph\">{\"@context\":\"https:\/\/schema.org\",\"@graph\":[{\"@type\":\"Article\",\"@id\":\"https:\/\/www.padreeustaquio.com.br\/ha-mais-de-100-anos-padre-eustaquio-era-condecorado-na-belgica\/#article\",\"isPartOf\":{\"@id\":\"https:\/\/www.padreeustaquio.com.br\/ha-mais-de-100-anos-padre-eustaquio-era-condecorado-na-belgica\/\"},\"author\":{\"name\":\"@sscc\",\"@id\":\"https:\/\/www.padreeustaquio.com.br\/#\/schema\/person\/a2a51db1d00f1a7af0204a0f1ddb1566\"},\"headline\":\"H\u00e1 mais de 100 anos Padre Eust\u00e1quio era condecorado na B\u00e9lgica\",\"datePublished\":\"2022-10-19T09:33:00+00:00\",\"mainEntityOfPage\":{\"@id\":\"https:\/\/www.padreeustaquio.com.br\/ha-mais-de-100-anos-padre-eustaquio-era-condecorado-na-belgica\/\"},\"wordCount\":268,\"commentCount\":0,\"publisher\":{\"@id\":\"https:\/\/www.padreeustaquio.com.br\/#organization\"},\"image\":{\"@id\":\"https:\/\/www.padreeustaquio.com.br\/ha-mais-de-100-anos-padre-eustaquio-era-condecorado-na-belgica\/#primaryimage\"},\"thumbnailUrl\":\"https:\/\/www.padreeustaquio.com.br\/wp-content\/uploads\/2022\/10\/padre-eustaquio-na-holanda.jpeg\",\"articleSection\":[\"Not\u00edcias\"],\"inLanguage\":\"en-US\",\"potentialAction\":[{\"@type\":\"CommentAction\",\"name\":\"Comment\",\"target\":[\"https:\/\/www.padreeustaquio.com.br\/ha-mais-de-100-anos-padre-eustaquio-era-condecorado-na-belgica\/#respond\"]}]},{\"@type\":\"WebPage\",\"@id\":\"https:\/\/www.padreeustaquio.com.br\/ha-mais-de-100-anos-padre-eustaquio-era-condecorado-na-belgica\/\",\"url\":\"https:\/\/www.padreeustaquio.com.br\/ha-mais-de-100-anos-padre-eustaquio-era-condecorado-na-belgica\/\",\"name\":\"H\u00e1 mais de 100 anos Padre Eust\u00e1quio era condecorado na B\u00e9lgica\",\"isPartOf\":{\"@id\":\"https:\/\/www.padreeustaquio.com.br\/#website\"},\"primaryImageOfPage\":{\"@id\":\"https:\/\/www.padreeustaquio.com.br\/ha-mais-de-100-anos-padre-eustaquio-era-condecorado-na-belgica\/#primaryimage\"},\"image\":{\"@id\":\"https:\/\/www.padreeustaquio.com.br\/ha-mais-de-100-anos-padre-eustaquio-era-condecorado-na-belgica\/#primaryimage\"},\"thumbnailUrl\":\"https:\/\/www.padreeustaquio.com.br\/wp-content\/uploads\/2022\/10\/padre-eustaquio-na-holanda.jpeg\",\"datePublished\":\"2022-10-19T09:33:00+00:00\",\"description\":\"Em 1920, Padre Eust\u00e1quio assumiu os trabalhos na col\u00f4nia de vidraceiros em Maassluis, Holanda, formada por cerca de 700 belgas que fugiram da primeira guerra mundial.\",\"breadcrumb\":{\"@id\":\"https:\/\/www.padreeustaquio.com.br\/ha-mais-de-100-anos-padre-eustaquio-era-condecorado-na-belgica\/#breadcrumb\"},\"inLanguage\":\"en-US\",\"potentialAction\":[{\"@type\":\"ReadAction\",\"target\":[\"https:\/\/www.padreeustaquio.com.br\/ha-mais-de-100-anos-padre-eustaquio-era-condecorado-na-belgica\/\"]}]},{\"@type\":\"ImageObject\",\"inLanguage\":\"en-US\",\"@id\":\"https:\/\/www.padreeustaquio.com.br\/ha-mais-de-100-anos-padre-eustaquio-era-condecorado-na-belgica\/#primaryimage\",\"url\":\"https:\/\/www.padreeustaquio.com.br\/wp-content\/uploads\/2022\/10\/padre-eustaquio-na-holanda.jpeg\",\"contentUrl\":\"https:\/\/www.padreeustaquio.com.br\/wp-content\/uploads\/2022\/10\/padre-eustaquio-na-holanda.jpeg\",\"width\":1280,\"height\":853},{\"@type\":\"BreadcrumbList\",\"@id\":\"https:\/\/www.padreeustaquio.com.br\/ha-mais-de-100-anos-padre-eustaquio-era-condecorado-na-belgica\/#breadcrumb\",\"itemListElement\":[{\"@type\":\"ListItem\",\"position\":1,\"name\":\"In\u00edcio\",\"item\":\"https:\/\/www.padreeustaquio.com.br\/\"},{\"@type\":\"ListItem\",\"position\":2,\"name\":\"H\u00e1 mais de 100 anos Padre Eust\u00e1quio era condecorado na B\u00e9lgica\"}]},{\"@type\":\"WebSite\",\"@id\":\"https:\/\/www.padreeustaquio.com.br\/#website\",\"url\":\"https:\/\/www.padreeustaquio.com.br\/\",\"name\":\"Padre Eust\u00e1quio\",\"description\":\"Sa\u00fade e Paz\",\"publisher\":{\"@id\":\"https:\/\/www.padreeustaquio.com.br\/#organization\"},\"potentialAction\":[{\"@type\":\"SearchAction\",\"target\":{\"@type\":\"EntryPoint\",\"urlTemplate\":\"https:\/\/www.padreeustaquio.com.br\/?s={search_term_string}\"},\"query-input\":{\"@type\":\"PropertyValueSpecification\",\"valueRequired\":true,\"valueName\":\"search_term_string\"}}],\"inLanguage\":\"en-US\"},{\"@type\":\"Organization\",\"@id\":\"https:\/\/www.padreeustaquio.com.br\/#organization\",\"name\":\"Padre Eust\u00e1quio\",\"url\":\"https:\/\/www.padreeustaquio.com.br\/\",\"logo\":{\"@type\":\"ImageObject\",\"inLanguage\":\"en-US\",\"@id\":\"https:\/\/www.padreeustaquio.com.br\/#\/schema\/logo\/image\/\",\"url\":\"https:\/\/www.padreeustaquio.com.br\/wp-content\/uploads\/2019\/08\/marca.png\",\"contentUrl\":\"https:\/\/www.padreeustaquio.com.br\/wp-content\/uploads\/2019\/08\/marca.png\",\"width\":350,\"height\":400,\"caption\":\"Padre Eust\u00e1quio\"},\"image\":{\"@id\":\"https:\/\/www.padreeustaquio.com.br\/#\/schema\/logo\/image\/\"},\"sameAs\":[\"https:\/\/www.facebook.com\/beatopadreeustaquio\/\",\"https:\/\/x.com\/beatopeustaquio\",\"https:\/\/www.instagram.com\/beatopadreeustaquio\/\",\"https:\/\/www.youtube.com\/channel\/UCRhw7vfabnajwLxb1ZXMeIw\"]},{\"@type\":\"Person\",\"@id\":\"https:\/\/www.padreeustaquio.com.br\/#\/schema\/person\/a2a51db1d00f1a7af0204a0f1ddb1566\",\"name\":\"@sscc\",\"image\":{\"@type\":\"ImageObject\",\"inLanguage\":\"en-US\",\"@id\":\"https:\/\/secure.gravatar.com\/avatar\/68cfafa5f44617fea54071e215026e0ff06be366c3d54a8425f04fdcb86f8c5f?s=96&d=mm&r=g\",\"url\":\"https:\/\/secure.gravatar.com\/avatar\/68cfafa5f44617fea54071e215026e0ff06be366c3d54a8425f04fdcb86f8c5f?s=96&d=mm&r=g\",\"contentUrl\":\"https:\/\/secure.gravatar.com\/avatar\/68cfafa5f44617fea54071e215026e0ff06be366c3d54a8425f04fdcb86f8c5f?s=96&d=mm&r=g\",\"caption\":\"@sscc\"},\"url\":\"https:\/\/www.padreeustaquio.com.br\/en\/author\/sscc\/\"}]}<\/script>\n<!-- \/ Yoast SEO plugin. -->","yoast_head_json":{"title":"Over 100 years ago, Father Eust\u00e1quio was decorated in Belgium.","description":"In 1920, Father Eust\u00e1quio took over the work in the glaziers&#039; colony in Maassluis, Netherlands, formed by about 700 Belgians who had fled the First World War.","robots":{"index":"index","follow":"follow","max-snippet":"max-snippet:-1","max-image-preview":"max-image-preview:large","max-video-preview":"max-video-preview:-1"},"canonical":"https:\/\/www.padreeustaquio.com.br\/en\/more-than-100-years-ago-father-eustaquio-was-decorated-in-belgium\/","og_locale":"en_US","og_type":"article","og_title":"H\u00e1 mais de 100 anos Padre Eust\u00e1quio era condecorado na B\u00e9lgica","og_description":"Em 1920, Padre Eust\u00e1quio assumiu os trabalhos na col\u00f4nia de vidraceiros em Maassluis, Holanda, formada por cerca de 700 belgas que fugiram da primeira guerra mundial.","og_url":"https:\/\/www.padreeustaquio.com.br\/en\/more-than-100-years-ago-father-eustaquio-was-decorated-in-belgium\/","og_site_name":"Padre Eust\u00e1quio","article_publisher":"https:\/\/www.facebook.com\/beatopadreeustaquio\/","article_published_time":"2022-10-19T09:33:00+00:00","og_image":[{"width":1280,"height":853,"url":"https:\/\/www.padreeustaquio.com.br\/wp-content\/uploads\/2022\/10\/padre-eustaquio-na-holanda.jpeg","type":"image\/jpeg"}],"author":"@sscc","twitter_card":"summary_large_image","twitter_image":"https:\/\/www.padreeustaquio.com.br\/wp-content\/uploads\/2022\/10\/padre-eustaquio-na-holanda.jpeg","twitter_creator":"@beatopeustaquio","twitter_site":"@beatopeustaquio","twitter_misc":{"Written by":"@sscc","Est. reading time":"2 minutes"},"schema":{"@context":"https:\/\/schema.org","@graph":[{"@type":"Article","@id":"https:\/\/www.padreeustaquio.com.br\/ha-mais-de-100-anos-padre-eustaquio-era-condecorado-na-belgica\/#article","isPartOf":{"@id":"https:\/\/www.padreeustaquio.com.br\/ha-mais-de-100-anos-padre-eustaquio-era-condecorado-na-belgica\/"},"author":{"name":"@sscc","@id":"https:\/\/www.padreeustaquio.com.br\/#\/schema\/person\/a2a51db1d00f1a7af0204a0f1ddb1566"},"headline":"H\u00e1 mais de 100 anos Padre Eust\u00e1quio era condecorado na B\u00e9lgica","datePublished":"2022-10-19T09:33:00+00:00","mainEntityOfPage":{"@id":"https:\/\/www.padreeustaquio.com.br\/ha-mais-de-100-anos-padre-eustaquio-era-condecorado-na-belgica\/"},"wordCount":268,"commentCount":0,"publisher":{"@id":"https:\/\/www.padreeustaquio.com.br\/#organization"},"image":{"@id":"https:\/\/www.padreeustaquio.com.br\/ha-mais-de-100-anos-padre-eustaquio-era-condecorado-na-belgica\/#primaryimage"},"thumbnailUrl":"https:\/\/www.padreeustaquio.com.br\/wp-content\/uploads\/2022\/10\/padre-eustaquio-na-holanda.jpeg","articleSection":["Not\u00edcias"],"inLanguage":"en-US","potentialAction":[{"@type":"CommentAction","name":"Comment","target":["https:\/\/www.padreeustaquio.com.br\/ha-mais-de-100-anos-padre-eustaquio-era-condecorado-na-belgica\/#respond"]}]},{"@type":"WebPage","@id":"https:\/\/www.padreeustaquio.com.br\/ha-mais-de-100-anos-padre-eustaquio-era-condecorado-na-belgica\/","url":"https:\/\/www.padreeustaquio.com.br\/ha-mais-de-100-anos-padre-eustaquio-era-condecorado-na-belgica\/","name":"Over 100 years ago, Father Eust\u00e1quio was decorated in Belgium.","isPartOf":{"@id":"https:\/\/www.padreeustaquio.com.br\/#website"},"primaryImageOfPage":{"@id":"https:\/\/www.padreeustaquio.com.br\/ha-mais-de-100-anos-padre-eustaquio-era-condecorado-na-belgica\/#primaryimage"},"image":{"@id":"https:\/\/www.padreeustaquio.com.br\/ha-mais-de-100-anos-padre-eustaquio-era-condecorado-na-belgica\/#primaryimage"},"thumbnailUrl":"https:\/\/www.padreeustaquio.com.br\/wp-content\/uploads\/2022\/10\/padre-eustaquio-na-holanda.jpeg","datePublished":"2022-10-19T09:33:00+00:00","description":"In 1920, Father Eust\u00e1quio took over the work in the glaziers&#039; colony in Maassluis, Netherlands, formed by about 700 Belgians who had fled the First World War.","breadcrumb":{"@id":"https:\/\/www.padreeustaquio.com.br\/ha-mais-de-100-anos-padre-eustaquio-era-condecorado-na-belgica\/#breadcrumb"},"inLanguage":"en-US","potentialAction":[{"@type":"ReadAction","target":["https:\/\/www.padreeustaquio.com.br\/ha-mais-de-100-anos-padre-eustaquio-era-condecorado-na-belgica\/"]}]},{"@type":"ImageObject","inLanguage":"en-US","@id":"https:\/\/www.padreeustaquio.com.br\/ha-mais-de-100-anos-padre-eustaquio-era-condecorado-na-belgica\/#primaryimage","url":"https:\/\/www.padreeustaquio.com.br\/wp-content\/uploads\/2022\/10\/padre-eustaquio-na-holanda.jpeg","contentUrl":"https:\/\/www.padreeustaquio.com.br\/wp-content\/uploads\/2022\/10\/padre-eustaquio-na-holanda.jpeg","width":1280,"height":853},{"@type":"BreadcrumbList","@id":"https:\/\/www.padreeustaquio.com.br\/ha-mais-de-100-anos-padre-eustaquio-era-condecorado-na-belgica\/#breadcrumb","itemListElement":[{"@type":"ListItem","position":1,"name":"In\u00edcio","item":"https:\/\/www.padreeustaquio.com.br\/"},{"@type":"ListItem","position":2,"name":"H\u00e1 mais de 100 anos Padre Eust\u00e1quio era condecorado na B\u00e9lgica"}]},{"@type":"WebSite","@id":"https:\/\/www.padreeustaquio.com.br\/#website","url":"https:\/\/www.padreeustaquio.com.br\/","name":"FATHER EUST\u00c1QUIO","description":"Health and Peace","publisher":{"@id":"https:\/\/www.padreeustaquio.com.br\/#organization"},"potentialAction":[{"@type":"SearchAction","target":{"@type":"EntryPoint","urlTemplate":"https:\/\/www.padreeustaquio.com.br\/?s={search_term_string}"},"query-input":{"@type":"PropertyValueSpecification","valueRequired":true,"valueName":"search_term_string"}}],"inLanguage":"en-US"},{"@type":"Organization","@id":"https:\/\/www.padreeustaquio.com.br\/#organization","name":"FATHER EUST\u00c1QUIO","url":"https:\/\/www.padreeustaquio.com.br\/","logo":{"@type":"ImageObject","inLanguage":"en-US","@id":"https:\/\/www.padreeustaquio.com.br\/#\/schema\/logo\/image\/","url":"https:\/\/www.padreeustaquio.com.br\/wp-content\/uploads\/2019\/08\/marca.png","contentUrl":"https:\/\/www.padreeustaquio.com.br\/wp-content\/uploads\/2019\/08\/marca.png","width":350,"height":400,"caption":"Padre Eust\u00e1quio"},"image":{"@id":"https:\/\/www.padreeustaquio.com.br\/#\/schema\/logo\/image\/"},"sameAs":["https:\/\/www.facebook.com\/beatopadreeustaquio\/","https:\/\/x.com\/beatopeustaquio","https:\/\/www.instagram.com\/beatopadreeustaquio\/","https:\/\/www.youtube.com\/channel\/UCRhw7vfabnajwLxb1ZXMeIw"]},{"@type":"Person","@id":"https:\/\/www.padreeustaquio.com.br\/#\/schema\/person\/a2a51db1d00f1a7af0204a0f1ddb1566","name":"@sscc","image":{"@type":"ImageObject","inLanguage":"en-US","@id":"https:\/\/secure.gravatar.com\/avatar\/68cfafa5f44617fea54071e215026e0ff06be366c3d54a8425f04fdcb86f8c5f?s=96&d=mm&r=g","url":"https:\/\/secure.gravatar.com\/avatar\/68cfafa5f44617fea54071e215026e0ff06be366c3d54a8425f04fdcb86f8c5f?s=96&d=mm&r=g","contentUrl":"https:\/\/secure.gravatar.com\/avatar\/68cfafa5f44617fea54071e215026e0ff06be366c3d54a8425f04fdcb86f8c5f?s=96&d=mm&r=g","caption":"@sscc"},"url":"https:\/\/www.padreeustaquio.com.br\/en\/author\/sscc\/"}]}},"_links":{"self":[{"href":"https:\/\/www.padreeustaquio.com.br\/en\/wp-json\/wp\/v2\/posts\/9406","targetHints":{"allow":["GET"]}}],"collection":[{"href":"https:\/\/www.padreeustaquio.com.br\/en\/wp-json\/wp\/v2\/posts"}],"about":[{"href":"https:\/\/www.padreeustaquio.com.br\/en\/wp-json\/wp\/v2\/types\/post"}],"author":[{"embeddable":true,"href":"https:\/\/www.padreeustaquio.com.br\/en\/wp-json\/wp\/v2\/users\/2"}],"replies":[{"embeddable":true,"href":"https:\/\/www.padreeustaquio.com.br\/en\/wp-json\/wp\/v2\/comments?post=9406"}],"version-history":[{"count":0,"href":"https:\/\/www.padreeustaquio.com.br\/en\/wp-json\/wp\/v2\/posts\/9406\/revisions"}],"wp:featuredmedia":[{"embeddable":true,"href":"https:\/\/www.padreeustaquio.com.br\/en\/wp-json\/wp\/v2\/media\/9407"}],"wp:attachment":[{"href":"https:\/\/www.padreeustaquio.com.br\/en\/wp-json\/wp\/v2\/media?parent=9406"}],"wp:term":[{"taxonomy":"category","embeddable":true,"href":"https:\/\/www.padreeustaquio.com.br\/en\/wp-json\/wp\/v2\/categories?post=9406"},{"taxonomy":"post_tag","embeddable":true,"href":"https:\/\/www.padreeustaquio.com.br\/en\/wp-json\/wp\/v2\/tags?post=9406"}],"curies":[{"name":"wp","href":"https:\/\/api.w.org\/{rel}","templated":true}]}}