{"id":9402,"date":"2022-10-18T06:18:00","date_gmt":"2022-10-18T09:18:00","guid":{"rendered":"https:\/\/www.padreeustaquio.com.br\/?p=9402"},"modified":"2022-10-17T07:39:10","modified_gmt":"2022-10-17T10:39:10","slug":"wednesday-masses-at-12-pm-will-have-a-blessing-with-the-laying-on-of-hands","status":"publish","type":"post","link":"https:\/\/www.padreeustaquio.com.br\/en\/wednesday-masses-at-12-pm-will-have-a-blessing-with-the-laying-on-of-hands\/","title":{"rendered":"Wednesday Masses at 12 pm will include a blessing with the laying on of hands."},"content":{"rendered":"<p>Starting next Wednesday, October 19th, the Holy Mass celebrated at noon (12:00 PM) at the Archdiocesan Sanctuary of Health and Peace will include a blessing through the laying on of priestly hands. This gesture, described in the Bible from Old Testament texts, is like a plea for all of God&#039;s blessings to fall upon the person under the priestly hands.<\/p>\n\n\n\n<p>As is customary, the masses celebrated in the Church of Blessed Father Eustace already include prayer and supplication to the Blessed, immediately after the prayer after communion. The faithful turn to the image of the Blessed in the presbytery and repeat the prayer that he himself used when giving his blessing to those who sought him. From now on, on Wednesdays at 12 noon, the priest will lay his hands on the heads of the devotees after the final blessing.<\/p>\n\n\n\n<p>For several years, the Nossa Senhora do Perp\u00e9tuo Socorro church, in the Campo Grande neighborhood of Rio de Janeiro, has maintained the tradition of the blessing of Health and Peace with the laying on of hands at the Wednesday mass at noon. There, devotees from various parts of Rio celebrate Holy Mass and receive the blessing every week, through the intercession of Father Eust\u00e1quio.<\/p>\n\n\n\n<p>In addition to Wednesdays, the Sanctuary of Health and Peace in Belo Horizonte, Minas Gerais, holds midday services from Tuesday to Friday, as well as masses at 7:00 AM and 7:00 PM. On Saturdays, masses are at 7:00 AM and 5:00 PM, and on Sundays at 7:00 AM, 8:30 AM, 10:00 AM, 5:00 PM, and 7:00 PM. On Mondays, the Eucharistic Celebration is held only at 7:00 PM. <\/p>\n\n\n\n<p>For now <strong>The laying on of hands will only take place at the Wednesday mass at 12:00 PM.<\/strong>, But the idea is that the gesture can also be done in other celebrations in the future.<\/p>\n\n\n\n<p><\/p>","protected":false},"excerpt":{"rendered":"<p>A partir da pr\u00f3xima quarta-feira, dia 19 de outubro, a Santa Missa celebrada ao meio dia (12h) no Santu\u00e1rio Arquidiocesano da Sa\u00fade e da Paz, passar\u00e1 a contar com a b\u00ean\u00e7\u00e3o pela imposi\u00e7\u00e3o das m\u00e3os sacerdotais. O gesto, narrado na b\u00edblia desde textos do antigo testamento, \u00e9 como uma s\u00faplica para que toda a b\u00ean\u00e7\u00e3o de Deus caia sobre a pessoa que est\u00e1 debaixo das m\u00e3os. Como j\u00e1 \u00e9 costume, as missas celebradas na Igreja do Beato Padre Eust\u00e1quio j\u00e1 contam com a ora\u00e7\u00e3o e s\u00faplica ao Bem-Aventurado, logo ap\u00f3s a ora\u00e7\u00e3o depois da comunh\u00e3o. Os fi\u00e9is se voltam \u00e0 [&hellip;]<\/p>\n","protected":false},"author":2,"featured_media":9403,"comment_status":"open","ping_status":"closed","sticky":false,"template":"","format":"standard","meta":{"_acf_changed":false,"footnotes":""},"categories":[611],"tags":[],"class_list":["post-9402","post","type-post","status-publish","format-standard","has-post-thumbnail","hentry","category-noticias"],"acf":[],"yoast_head":"<!-- This site is optimized with the Yoast SEO plugin v27.2 - https:\/\/yoast.com\/product\/yoast-seo-wordpress\/ -->\n<title>Missas de quarta-feira, 12h, ter\u00e3o b\u00ean\u00e7\u00e3o com imposi\u00e7\u00e3o das m\u00e3os<\/title>\n<meta name=\"description\" content=\"A partir da pr\u00f3xima quarta-feira, dia 19 de outubro, a Santa Missa celebrada ao meio dia (12h) no Santu\u00e1rio Arquidiocesano da Sa\u00fade e da Paz, passar\u00e1 a contar com a b\u00ean\u00e7\u00e3o pela imposi\u00e7\u00e3o das m\u00e3os sacerdotais. O gesto, narrado na b\u00edblia desde textos do antigo testamento, \u00e9 como uma s\u00faplica para que toda a b\u00ean\u00e7\u00e3o de Deus caia sobre a pessoa que est\u00e1 debaixo das m\u00e3os.\" \/>\n<meta name=\"robots\" content=\"index, follow, max-snippet:-1, max-image-preview:large, max-video-preview:-1\" \/>\n<link rel=\"canonical\" href=\"https:\/\/www.padreeustaquio.com.br\/en\/wednesday-masses-at-12-pm-will-have-a-blessing-with-the-laying-on-of-hands\/\" \/>\n<meta property=\"og:locale\" content=\"en_US\" \/>\n<meta property=\"og:type\" content=\"article\" \/>\n<meta property=\"og:title\" content=\"Missas de quarta-feira, 12h, ter\u00e3o b\u00ean\u00e7\u00e3o com imposi\u00e7\u00e3o das m\u00e3os\" \/>\n<meta property=\"og:description\" content=\"A partir da pr\u00f3xima quarta-feira, dia 19 de outubro, a Santa Missa celebrada ao meio dia (12h) no Santu\u00e1rio Arquidiocesano da Sa\u00fade e da Paz, passar\u00e1 a contar com a b\u00ean\u00e7\u00e3o pela imposi\u00e7\u00e3o das m\u00e3os sacerdotais. O gesto, narrado na b\u00edblia desde textos do antigo testamento, \u00e9 como uma s\u00faplica para que toda a b\u00ean\u00e7\u00e3o de Deus caia sobre a pessoa que est\u00e1 debaixo das m\u00e3os.\" \/>\n<meta property=\"og:url\" content=\"https:\/\/www.padreeustaquio.com.br\/en\/wednesday-masses-at-12-pm-will-have-a-blessing-with-the-laying-on-of-hands\/\" \/>\n<meta property=\"og:site_name\" content=\"Padre Eust\u00e1quio\" \/>\n<meta property=\"article:publisher\" content=\"https:\/\/www.facebook.com\/beatopadreeustaquio\/\" \/>\n<meta property=\"article:published_time\" content=\"2022-10-18T09:18:00+00:00\" \/>\n<meta property=\"og:image\" content=\"https:\/\/www.padreeustaquio.com.br\/wp-content\/uploads\/2022\/10\/missa-no-santuario-saude-e-paz.jpeg\" \/>\n\t<meta property=\"og:image:width\" content=\"1280\" \/>\n\t<meta property=\"og:image:height\" content=\"958\" \/>\n\t<meta property=\"og:image:type\" content=\"image\/jpeg\" \/>\n<meta name=\"author\" content=\"@sscc\" \/>\n<meta name=\"twitter:card\" content=\"summary_large_image\" \/>\n<meta name=\"twitter:image\" content=\"https:\/\/www.padreeustaquio.com.br\/wp-content\/uploads\/2022\/10\/missa-no-santuario-saude-e-paz.jpeg\" \/>\n<meta name=\"twitter:creator\" content=\"@beatopeustaquio\" \/>\n<meta name=\"twitter:site\" content=\"@beatopeustaquio\" \/>\n<meta name=\"twitter:label1\" content=\"Written by\" \/>\n\t<meta name=\"twitter:data1\" content=\"@sscc\" \/>\n\t<meta name=\"twitter:label2\" content=\"Est. reading time\" \/>\n\t<meta name=\"twitter:data2\" content=\"2 minutes\" \/>\n<script type=\"application\/ld+json\" class=\"yoast-schema-graph\">{\"@context\":\"https:\/\/schema.org\",\"@graph\":[{\"@type\":\"Article\",\"@id\":\"https:\/\/www.padreeustaquio.com.br\/missas-de-quarta-feira-12h-terao-bencao-com-imposicao-das-maos\/#article\",\"isPartOf\":{\"@id\":\"https:\/\/www.padreeustaquio.com.br\/missas-de-quarta-feira-12h-terao-bencao-com-imposicao-das-maos\/\"},\"author\":{\"name\":\"@sscc\",\"@id\":\"https:\/\/www.padreeustaquio.com.br\/#\/schema\/person\/a2a51db1d00f1a7af0204a0f1ddb1566\"},\"headline\":\"Missas de quarta-feira, 12h, ter\u00e3o b\u00ean\u00e7\u00e3o com imposi\u00e7\u00e3o das m\u00e3os\",\"datePublished\":\"2022-10-18T09:18:00+00:00\",\"mainEntityOfPage\":{\"@id\":\"https:\/\/www.padreeustaquio.com.br\/missas-de-quarta-feira-12h-terao-bencao-com-imposicao-das-maos\/\"},\"wordCount\":359,\"commentCount\":0,\"publisher\":{\"@id\":\"https:\/\/www.padreeustaquio.com.br\/#organization\"},\"image\":{\"@id\":\"https:\/\/www.padreeustaquio.com.br\/missas-de-quarta-feira-12h-terao-bencao-com-imposicao-das-maos\/#primaryimage\"},\"thumbnailUrl\":\"https:\/\/www.padreeustaquio.com.br\/wp-content\/uploads\/2022\/10\/missa-no-santuario-saude-e-paz.jpeg\",\"articleSection\":[\"Not\u00edcias\"],\"inLanguage\":\"en-US\",\"potentialAction\":[{\"@type\":\"CommentAction\",\"name\":\"Comment\",\"target\":[\"https:\/\/www.padreeustaquio.com.br\/missas-de-quarta-feira-12h-terao-bencao-com-imposicao-das-maos\/#respond\"]}]},{\"@type\":\"WebPage\",\"@id\":\"https:\/\/www.padreeustaquio.com.br\/missas-de-quarta-feira-12h-terao-bencao-com-imposicao-das-maos\/\",\"url\":\"https:\/\/www.padreeustaquio.com.br\/missas-de-quarta-feira-12h-terao-bencao-com-imposicao-das-maos\/\",\"name\":\"Missas de quarta-feira, 12h, ter\u00e3o b\u00ean\u00e7\u00e3o com imposi\u00e7\u00e3o das m\u00e3os\",\"isPartOf\":{\"@id\":\"https:\/\/www.padreeustaquio.com.br\/#website\"},\"primaryImageOfPage\":{\"@id\":\"https:\/\/www.padreeustaquio.com.br\/missas-de-quarta-feira-12h-terao-bencao-com-imposicao-das-maos\/#primaryimage\"},\"image\":{\"@id\":\"https:\/\/www.padreeustaquio.com.br\/missas-de-quarta-feira-12h-terao-bencao-com-imposicao-das-maos\/#primaryimage\"},\"thumbnailUrl\":\"https:\/\/www.padreeustaquio.com.br\/wp-content\/uploads\/2022\/10\/missa-no-santuario-saude-e-paz.jpeg\",\"datePublished\":\"2022-10-18T09:18:00+00:00\",\"description\":\"A partir da pr\u00f3xima quarta-feira, dia 19 de outubro, a Santa Missa celebrada ao meio dia (12h) no Santu\u00e1rio Arquidiocesano da Sa\u00fade e da Paz, passar\u00e1 a contar com a b\u00ean\u00e7\u00e3o pela imposi\u00e7\u00e3o das m\u00e3os sacerdotais. O gesto, narrado na b\u00edblia desde textos do antigo testamento, \u00e9 como uma s\u00faplica para que toda a b\u00ean\u00e7\u00e3o de Deus caia sobre a pessoa que est\u00e1 debaixo das m\u00e3os.\",\"breadcrumb\":{\"@id\":\"https:\/\/www.padreeustaquio.com.br\/missas-de-quarta-feira-12h-terao-bencao-com-imposicao-das-maos\/#breadcrumb\"},\"inLanguage\":\"en-US\",\"potentialAction\":[{\"@type\":\"ReadAction\",\"target\":[\"https:\/\/www.padreeustaquio.com.br\/missas-de-quarta-feira-12h-terao-bencao-com-imposicao-das-maos\/\"]}]},{\"@type\":\"ImageObject\",\"inLanguage\":\"en-US\",\"@id\":\"https:\/\/www.padreeustaquio.com.br\/missas-de-quarta-feira-12h-terao-bencao-com-imposicao-das-maos\/#primaryimage\",\"url\":\"https:\/\/www.padreeustaquio.com.br\/wp-content\/uploads\/2022\/10\/missa-no-santuario-saude-e-paz.jpeg\",\"contentUrl\":\"https:\/\/www.padreeustaquio.com.br\/wp-content\/uploads\/2022\/10\/missa-no-santuario-saude-e-paz.jpeg\",\"width\":1280,\"height\":958},{\"@type\":\"BreadcrumbList\",\"@id\":\"https:\/\/www.padreeustaquio.com.br\/missas-de-quarta-feira-12h-terao-bencao-com-imposicao-das-maos\/#breadcrumb\",\"itemListElement\":[{\"@type\":\"ListItem\",\"position\":1,\"name\":\"In\u00edcio\",\"item\":\"https:\/\/www.padreeustaquio.com.br\/\"},{\"@type\":\"ListItem\",\"position\":2,\"name\":\"Missas de quarta-feira, 12h, ter\u00e3o b\u00ean\u00e7\u00e3o com imposi\u00e7\u00e3o das m\u00e3os\"}]},{\"@type\":\"WebSite\",\"@id\":\"https:\/\/www.padreeustaquio.com.br\/#website\",\"url\":\"https:\/\/www.padreeustaquio.com.br\/\",\"name\":\"Padre Eust\u00e1quio\",\"description\":\"Sa\u00fade e Paz\",\"publisher\":{\"@id\":\"https:\/\/www.padreeustaquio.com.br\/#organization\"},\"potentialAction\":[{\"@type\":\"SearchAction\",\"target\":{\"@type\":\"EntryPoint\",\"urlTemplate\":\"https:\/\/www.padreeustaquio.com.br\/?s={search_term_string}\"},\"query-input\":{\"@type\":\"PropertyValueSpecification\",\"valueRequired\":true,\"valueName\":\"search_term_string\"}}],\"inLanguage\":\"en-US\"},{\"@type\":\"Organization\",\"@id\":\"https:\/\/www.padreeustaquio.com.br\/#organization\",\"name\":\"Padre Eust\u00e1quio\",\"url\":\"https:\/\/www.padreeustaquio.com.br\/\",\"logo\":{\"@type\":\"ImageObject\",\"inLanguage\":\"en-US\",\"@id\":\"https:\/\/www.padreeustaquio.com.br\/#\/schema\/logo\/image\/\",\"url\":\"https:\/\/www.padreeustaquio.com.br\/wp-content\/uploads\/2019\/08\/marca.png\",\"contentUrl\":\"https:\/\/www.padreeustaquio.com.br\/wp-content\/uploads\/2019\/08\/marca.png\",\"width\":350,\"height\":400,\"caption\":\"Padre Eust\u00e1quio\"},\"image\":{\"@id\":\"https:\/\/www.padreeustaquio.com.br\/#\/schema\/logo\/image\/\"},\"sameAs\":[\"https:\/\/www.facebook.com\/beatopadreeustaquio\/\",\"https:\/\/x.com\/beatopeustaquio\",\"https:\/\/www.instagram.com\/beatopadreeustaquio\/\",\"https:\/\/www.youtube.com\/channel\/UCRhw7vfabnajwLxb1ZXMeIw\"]},{\"@type\":\"Person\",\"@id\":\"https:\/\/www.padreeustaquio.com.br\/#\/schema\/person\/a2a51db1d00f1a7af0204a0f1ddb1566\",\"name\":\"@sscc\",\"image\":{\"@type\":\"ImageObject\",\"inLanguage\":\"en-US\",\"@id\":\"https:\/\/secure.gravatar.com\/avatar\/68cfafa5f44617fea54071e215026e0ff06be366c3d54a8425f04fdcb86f8c5f?s=96&d=mm&r=g\",\"url\":\"https:\/\/secure.gravatar.com\/avatar\/68cfafa5f44617fea54071e215026e0ff06be366c3d54a8425f04fdcb86f8c5f?s=96&d=mm&r=g\",\"contentUrl\":\"https:\/\/secure.gravatar.com\/avatar\/68cfafa5f44617fea54071e215026e0ff06be366c3d54a8425f04fdcb86f8c5f?s=96&d=mm&r=g\",\"caption\":\"@sscc\"},\"url\":\"https:\/\/www.padreeustaquio.com.br\/en\/author\/sscc\/\"}]}<\/script>\n<!-- \/ Yoast SEO plugin. -->","yoast_head_json":{"title":"Wednesday Masses at 12 pm will include a blessing with the laying on of hands.","description":"Starting next Wednesday, October 19th, the Holy Mass celebrated at noon (12:00 PM) at the Archdiocesan Sanctuary of Health and Peace will include a blessing through the laying on of priestly hands. This gesture, described in the Bible from Old Testament texts, is like a plea for all of God&#039;s blessings to fall upon the person under the priestly hands.","robots":{"index":"index","follow":"follow","max-snippet":"max-snippet:-1","max-image-preview":"max-image-preview:large","max-video-preview":"max-video-preview:-1"},"canonical":"https:\/\/www.padreeustaquio.com.br\/en\/wednesday-masses-at-12-pm-will-have-a-blessing-with-the-laying-on-of-hands\/","og_locale":"en_US","og_type":"article","og_title":"Missas de quarta-feira, 12h, ter\u00e3o b\u00ean\u00e7\u00e3o com imposi\u00e7\u00e3o das m\u00e3os","og_description":"A partir da pr\u00f3xima quarta-feira, dia 19 de outubro, a Santa Missa celebrada ao meio dia (12h) no Santu\u00e1rio Arquidiocesano da Sa\u00fade e da Paz, passar\u00e1 a contar com a b\u00ean\u00e7\u00e3o pela imposi\u00e7\u00e3o das m\u00e3os sacerdotais. O gesto, narrado na b\u00edblia desde textos do antigo testamento, \u00e9 como uma s\u00faplica para que toda a b\u00ean\u00e7\u00e3o de Deus caia sobre a pessoa que est\u00e1 debaixo das m\u00e3os.","og_url":"https:\/\/www.padreeustaquio.com.br\/en\/wednesday-masses-at-12-pm-will-have-a-blessing-with-the-laying-on-of-hands\/","og_site_name":"Padre Eust\u00e1quio","article_publisher":"https:\/\/www.facebook.com\/beatopadreeustaquio\/","article_published_time":"2022-10-18T09:18:00+00:00","og_image":[{"width":1280,"height":958,"url":"https:\/\/www.padreeustaquio.com.br\/wp-content\/uploads\/2022\/10\/missa-no-santuario-saude-e-paz.jpeg","type":"image\/jpeg"}],"author":"@sscc","twitter_card":"summary_large_image","twitter_image":"https:\/\/www.padreeustaquio.com.br\/wp-content\/uploads\/2022\/10\/missa-no-santuario-saude-e-paz.jpeg","twitter_creator":"@beatopeustaquio","twitter_site":"@beatopeustaquio","twitter_misc":{"Written by":"@sscc","Est. reading time":"2 minutes"},"schema":{"@context":"https:\/\/schema.org","@graph":[{"@type":"Article","@id":"https:\/\/www.padreeustaquio.com.br\/missas-de-quarta-feira-12h-terao-bencao-com-imposicao-das-maos\/#article","isPartOf":{"@id":"https:\/\/www.padreeustaquio.com.br\/missas-de-quarta-feira-12h-terao-bencao-com-imposicao-das-maos\/"},"author":{"name":"@sscc","@id":"https:\/\/www.padreeustaquio.com.br\/#\/schema\/person\/a2a51db1d00f1a7af0204a0f1ddb1566"},"headline":"Missas de quarta-feira, 12h, ter\u00e3o b\u00ean\u00e7\u00e3o com imposi\u00e7\u00e3o das m\u00e3os","datePublished":"2022-10-18T09:18:00+00:00","mainEntityOfPage":{"@id":"https:\/\/www.padreeustaquio.com.br\/missas-de-quarta-feira-12h-terao-bencao-com-imposicao-das-maos\/"},"wordCount":359,"commentCount":0,"publisher":{"@id":"https:\/\/www.padreeustaquio.com.br\/#organization"},"image":{"@id":"https:\/\/www.padreeustaquio.com.br\/missas-de-quarta-feira-12h-terao-bencao-com-imposicao-das-maos\/#primaryimage"},"thumbnailUrl":"https:\/\/www.padreeustaquio.com.br\/wp-content\/uploads\/2022\/10\/missa-no-santuario-saude-e-paz.jpeg","articleSection":["Not\u00edcias"],"inLanguage":"en-US","potentialAction":[{"@type":"CommentAction","name":"Comment","target":["https:\/\/www.padreeustaquio.com.br\/missas-de-quarta-feira-12h-terao-bencao-com-imposicao-das-maos\/#respond"]}]},{"@type":"WebPage","@id":"https:\/\/www.padreeustaquio.com.br\/missas-de-quarta-feira-12h-terao-bencao-com-imposicao-das-maos\/","url":"https:\/\/www.padreeustaquio.com.br\/missas-de-quarta-feira-12h-terao-bencao-com-imposicao-das-maos\/","name":"Wednesday Masses at 12 pm will include a blessing with the laying on of hands.","isPartOf":{"@id":"https:\/\/www.padreeustaquio.com.br\/#website"},"primaryImageOfPage":{"@id":"https:\/\/www.padreeustaquio.com.br\/missas-de-quarta-feira-12h-terao-bencao-com-imposicao-das-maos\/#primaryimage"},"image":{"@id":"https:\/\/www.padreeustaquio.com.br\/missas-de-quarta-feira-12h-terao-bencao-com-imposicao-das-maos\/#primaryimage"},"thumbnailUrl":"https:\/\/www.padreeustaquio.com.br\/wp-content\/uploads\/2022\/10\/missa-no-santuario-saude-e-paz.jpeg","datePublished":"2022-10-18T09:18:00+00:00","description":"Starting next Wednesday, October 19th, the Holy Mass celebrated at noon (12:00 PM) at the Archdiocesan Sanctuary of Health and Peace will include a blessing through the laying on of priestly hands. This gesture, described in the Bible from Old Testament texts, is like a plea for all of God&#039;s blessings to fall upon the person under the priestly hands.","breadcrumb":{"@id":"https:\/\/www.padreeustaquio.com.br\/missas-de-quarta-feira-12h-terao-bencao-com-imposicao-das-maos\/#breadcrumb"},"inLanguage":"en-US","potentialAction":[{"@type":"ReadAction","target":["https:\/\/www.padreeustaquio.com.br\/missas-de-quarta-feira-12h-terao-bencao-com-imposicao-das-maos\/"]}]},{"@type":"ImageObject","inLanguage":"en-US","@id":"https:\/\/www.padreeustaquio.com.br\/missas-de-quarta-feira-12h-terao-bencao-com-imposicao-das-maos\/#primaryimage","url":"https:\/\/www.padreeustaquio.com.br\/wp-content\/uploads\/2022\/10\/missa-no-santuario-saude-e-paz.jpeg","contentUrl":"https:\/\/www.padreeustaquio.com.br\/wp-content\/uploads\/2022\/10\/missa-no-santuario-saude-e-paz.jpeg","width":1280,"height":958},{"@type":"BreadcrumbList","@id":"https:\/\/www.padreeustaquio.com.br\/missas-de-quarta-feira-12h-terao-bencao-com-imposicao-das-maos\/#breadcrumb","itemListElement":[{"@type":"ListItem","position":1,"name":"In\u00edcio","item":"https:\/\/www.padreeustaquio.com.br\/"},{"@type":"ListItem","position":2,"name":"Missas de quarta-feira, 12h, ter\u00e3o b\u00ean\u00e7\u00e3o com imposi\u00e7\u00e3o das m\u00e3os"}]},{"@type":"WebSite","@id":"https:\/\/www.padreeustaquio.com.br\/#website","url":"https:\/\/www.padreeustaquio.com.br\/","name":"FATHER EUST\u00c1QUIO","description":"Health and Peace","publisher":{"@id":"https:\/\/www.padreeustaquio.com.br\/#organization"},"potentialAction":[{"@type":"SearchAction","target":{"@type":"EntryPoint","urlTemplate":"https:\/\/www.padreeustaquio.com.br\/?s={search_term_string}"},"query-input":{"@type":"PropertyValueSpecification","valueRequired":true,"valueName":"search_term_string"}}],"inLanguage":"en-US"},{"@type":"Organization","@id":"https:\/\/www.padreeustaquio.com.br\/#organization","name":"FATHER EUST\u00c1QUIO","url":"https:\/\/www.padreeustaquio.com.br\/","logo":{"@type":"ImageObject","inLanguage":"en-US","@id":"https:\/\/www.padreeustaquio.com.br\/#\/schema\/logo\/image\/","url":"https:\/\/www.padreeustaquio.com.br\/wp-content\/uploads\/2019\/08\/marca.png","contentUrl":"https:\/\/www.padreeustaquio.com.br\/wp-content\/uploads\/2019\/08\/marca.png","width":350,"height":400,"caption":"Padre Eust\u00e1quio"},"image":{"@id":"https:\/\/www.padreeustaquio.com.br\/#\/schema\/logo\/image\/"},"sameAs":["https:\/\/www.facebook.com\/beatopadreeustaquio\/","https:\/\/x.com\/beatopeustaquio","https:\/\/www.instagram.com\/beatopadreeustaquio\/","https:\/\/www.youtube.com\/channel\/UCRhw7vfabnajwLxb1ZXMeIw"]},{"@type":"Person","@id":"https:\/\/www.padreeustaquio.com.br\/#\/schema\/person\/a2a51db1d00f1a7af0204a0f1ddb1566","name":"@sscc","image":{"@type":"ImageObject","inLanguage":"en-US","@id":"https:\/\/secure.gravatar.com\/avatar\/68cfafa5f44617fea54071e215026e0ff06be366c3d54a8425f04fdcb86f8c5f?s=96&d=mm&r=g","url":"https:\/\/secure.gravatar.com\/avatar\/68cfafa5f44617fea54071e215026e0ff06be366c3d54a8425f04fdcb86f8c5f?s=96&d=mm&r=g","contentUrl":"https:\/\/secure.gravatar.com\/avatar\/68cfafa5f44617fea54071e215026e0ff06be366c3d54a8425f04fdcb86f8c5f?s=96&d=mm&r=g","caption":"@sscc"},"url":"https:\/\/www.padreeustaquio.com.br\/en\/author\/sscc\/"}]}},"_links":{"self":[{"href":"https:\/\/www.padreeustaquio.com.br\/en\/wp-json\/wp\/v2\/posts\/9402","targetHints":{"allow":["GET"]}}],"collection":[{"href":"https:\/\/www.padreeustaquio.com.br\/en\/wp-json\/wp\/v2\/posts"}],"about":[{"href":"https:\/\/www.padreeustaquio.com.br\/en\/wp-json\/wp\/v2\/types\/post"}],"author":[{"embeddable":true,"href":"https:\/\/www.padreeustaquio.com.br\/en\/wp-json\/wp\/v2\/users\/2"}],"replies":[{"embeddable":true,"href":"https:\/\/www.padreeustaquio.com.br\/en\/wp-json\/wp\/v2\/comments?post=9402"}],"version-history":[{"count":0,"href":"https:\/\/www.padreeustaquio.com.br\/en\/wp-json\/wp\/v2\/posts\/9402\/revisions"}],"wp:featuredmedia":[{"embeddable":true,"href":"https:\/\/www.padreeustaquio.com.br\/en\/wp-json\/wp\/v2\/media\/9403"}],"wp:attachment":[{"href":"https:\/\/www.padreeustaquio.com.br\/en\/wp-json\/wp\/v2\/media?parent=9402"}],"wp:term":[{"taxonomy":"category","embeddable":true,"href":"https:\/\/www.padreeustaquio.com.br\/en\/wp-json\/wp\/v2\/categories?post=9402"},{"taxonomy":"post_tag","embeddable":true,"href":"https:\/\/www.padreeustaquio.com.br\/en\/wp-json\/wp\/v2\/tags?post=9402"}],"curies":[{"name":"wp","href":"https:\/\/api.w.org\/{rel}","templated":true}]}}