{"id":9389,"date":"2022-10-17T07:21:00","date_gmt":"2022-10-17T10:21:00","guid":{"rendered":"https:\/\/www.padreeustaquio.com.br\/?p=9389"},"modified":"2022-10-14T16:30:19","modified_gmt":"2022-10-14T19:30:19","slug":"a-religious-figure-of-the-sacred-hearts-performs-restoration-work-on-sacred-images","status":"publish","type":"post","link":"https:\/\/www.padreeustaquio.com.br\/en\/a-religious-figure-of-the-sacred-hearts-performs-restoration-work-on-sacred-images\/","title":{"rendered":"A priest of the Sacred Hearts is doing restoration work on sacred images."},"content":{"rendered":"<p>One of the spaces within the Sanctuary of Health and Peace, the Church of Blessed Father Eust\u00e1quio in Belo Horizonte, has become a veritable art studio. Since the end of September, Brother Vanildo Lima Sena, 29, has dedicated himself to the craft of restoring sacred images belonging to the Sanctuary. <\/p>\n\n\n\n<p>For the past ten years, Vanildo, a member of the Sacred Hearts religious order, has dedicated himself to the restoration of sacred images. He began learning this art when he still lived in Manhumirim, in the Zona da Mata region of Minas Gerais.<\/p>\n\n\n\n<p>The religious figure says his interest in working with sacred art dates back to his adolescence in Anchieta, Esp\u00edrito Santo, the city where he was born. At 18, when he entered the seminary, Vanildo had greater contact with art: <em>\u201cThere was a renovation at the seminary where I studied, and the old, broken images were removed from their spaces and taken to a room. That&#039;s when I asked the superior priest to restore these images and put them back where they were. And he agreed!\u201d<\/em><\/p>\n\n\n\n<p>A self-taught man, the applicant recounts that he sought out a famous artist in Manhumirim to learn specific techniques, and since then he hasn&#039;t stopped restoring images. In 2016, when he joined the Sacred Hearts, Vanildo was invited to restore the eight images of the Church of Our Lady of the Conception in Pedra Azul, in the Jequitinhonha Valley.<\/p>\n\n\n\n<p>After finishing the work with the Pedra Azul pieces, the religious man began to restore an image of Saint Margaret Mary, whose liturgical day was celebrated this Sunday (16). The sculpture was presented to the community on the occasion of the saint&#039;s day.<\/p>\n\n\n\n<p>Brother Vanildo is also responsible for finalizing the artwork for the Father Eust\u00e1quio Oratories, which began to be delivered in August to devotees who wish to pray next to the image.<\/p>\n\n\n\n<p><\/p>","protected":false},"excerpt":{"rendered":"<p>Um dos espa\u00e7os do Santu\u00e1rio da Sa\u00fade e da Paz, a Igreja do Beato Padre Eust\u00e1quio em Belo Horizonte, tem se tornado um verdadeiro ateli\u00ea de arte. Desde o final de setembro, o irm\u00e3o Vanildo Lima Sena, de 29 anos, se dedica ao of\u00edcio de restaurar imagens sacras que pertencem ao Santu\u00e1rio. H\u00e1 dez anos, Vanildo, que \u00e9 religioso dos Sagrados Cora\u00e7\u00f5es, se dedica \u00e0 recupera\u00e7\u00e3o de imagens sacras. Arte que come\u00e7ou a aprender quando ainda morava em Manhumirim, na Zona da Mata mineira. O religioso conta que o interesse em trabalhar com pe\u00e7as sacras vem desde a adolesc\u00eancia, em [&hellip;]<\/p>\n","protected":false},"author":2,"featured_media":9390,"comment_status":"open","ping_status":"closed","sticky":false,"template":"","format":"standard","meta":{"_acf_changed":false,"footnotes":""},"categories":[611],"tags":[],"class_list":["post-9389","post","type-post","status-publish","format-standard","has-post-thumbnail","hentry","category-noticias"],"acf":[],"yoast_head":"<!-- This site is optimized with the Yoast SEO plugin v27.2 - https:\/\/yoast.com\/product\/yoast-seo-wordpress\/ -->\n<title>Religioso dos Sagrados Cora\u00e7\u00f5es faz trabalho de restauro em imagens sacras<\/title>\n<meta name=\"description\" content=\"Um dos espa\u00e7os do Santu\u00e1rio da Sa\u00fade e da Paz, a Igreja do Beato Padre Eust\u00e1quio em Belo Horizonte, tem se tornado um verdadeiro ateli\u00ea de arte. Desde o final de setembro, o irm\u00e3o Vanildo Lima Sena, de 29 anos, se dedica ao of\u00edcio de restaurar imagens sacras que pertencem ao Santu\u00e1rio.\" \/>\n<meta name=\"robots\" content=\"index, follow, max-snippet:-1, max-image-preview:large, max-video-preview:-1\" \/>\n<link rel=\"canonical\" href=\"https:\/\/www.padreeustaquio.com.br\/en\/a-religious-figure-of-the-sacred-hearts-performs-restoration-work-on-sacred-images\/\" \/>\n<meta property=\"og:locale\" content=\"en_US\" \/>\n<meta property=\"og:type\" content=\"article\" \/>\n<meta property=\"og:title\" content=\"Religioso dos Sagrados Cora\u00e7\u00f5es faz trabalho de restauro em imagens sacras\" \/>\n<meta property=\"og:description\" content=\"Um dos espa\u00e7os do Santu\u00e1rio da Sa\u00fade e da Paz, a Igreja do Beato Padre Eust\u00e1quio em Belo Horizonte, tem se tornado um verdadeiro ateli\u00ea de arte. Desde o final de setembro, o irm\u00e3o Vanildo Lima Sena, de 29 anos, se dedica ao of\u00edcio de restaurar imagens sacras que pertencem ao Santu\u00e1rio.\" \/>\n<meta property=\"og:url\" content=\"https:\/\/www.padreeustaquio.com.br\/en\/a-religious-figure-of-the-sacred-hearts-performs-restoration-work-on-sacred-images\/\" \/>\n<meta property=\"og:site_name\" content=\"Padre Eust\u00e1quio\" \/>\n<meta property=\"article:publisher\" content=\"https:\/\/www.facebook.com\/beatopadreeustaquio\/\" \/>\n<meta property=\"article:published_time\" content=\"2022-10-17T10:21:00+00:00\" \/>\n<meta property=\"og:image\" content=\"https:\/\/www.padreeustaquio.com.br\/wp-content\/uploads\/2022\/10\/VANILDO-RESTAURANDO.jpg\" \/>\n\t<meta property=\"og:image:width\" content=\"748\" \/>\n\t<meta property=\"og:image:height\" content=\"394\" \/>\n\t<meta property=\"og:image:type\" content=\"image\/jpeg\" \/>\n<meta name=\"author\" content=\"@sscc\" \/>\n<meta name=\"twitter:card\" content=\"summary_large_image\" \/>\n<meta name=\"twitter:image\" content=\"https:\/\/www.padreeustaquio.com.br\/wp-content\/uploads\/2022\/10\/VANILDO-RESTAURANDO.jpg\" \/>\n<meta name=\"twitter:creator\" content=\"@beatopeustaquio\" \/>\n<meta name=\"twitter:site\" content=\"@beatopeustaquio\" \/>\n<meta name=\"twitter:label1\" content=\"Written by\" \/>\n\t<meta name=\"twitter:data1\" content=\"@sscc\" \/>\n\t<meta name=\"twitter:label2\" content=\"Est. reading time\" \/>\n\t<meta name=\"twitter:data2\" content=\"2 minutes\" \/>\n<script type=\"application\/ld+json\" class=\"yoast-schema-graph\">{\"@context\":\"https:\/\/schema.org\",\"@graph\":[{\"@type\":\"Article\",\"@id\":\"https:\/\/www.padreeustaquio.com.br\/religioso-dos-sagrados-coracoes-faz-trabalho-de-restauro-em-imagens-sacras\/#article\",\"isPartOf\":{\"@id\":\"https:\/\/www.padreeustaquio.com.br\/religioso-dos-sagrados-coracoes-faz-trabalho-de-restauro-em-imagens-sacras\/\"},\"author\":{\"name\":\"@sscc\",\"@id\":\"https:\/\/www.padreeustaquio.com.br\/#\/schema\/person\/a2a51db1d00f1a7af0204a0f1ddb1566\"},\"headline\":\"Religioso dos Sagrados Cora\u00e7\u00f5es faz trabalho de restauro em imagens sacras\",\"datePublished\":\"2022-10-17T10:21:00+00:00\",\"mainEntityOfPage\":{\"@id\":\"https:\/\/www.padreeustaquio.com.br\/religioso-dos-sagrados-coracoes-faz-trabalho-de-restauro-em-imagens-sacras\/\"},\"wordCount\":331,\"commentCount\":0,\"publisher\":{\"@id\":\"https:\/\/www.padreeustaquio.com.br\/#organization\"},\"image\":{\"@id\":\"https:\/\/www.padreeustaquio.com.br\/religioso-dos-sagrados-coracoes-faz-trabalho-de-restauro-em-imagens-sacras\/#primaryimage\"},\"thumbnailUrl\":\"https:\/\/www.padreeustaquio.com.br\/wp-content\/uploads\/2022\/10\/VANILDO-RESTAURANDO.jpg\",\"articleSection\":[\"Not\u00edcias\"],\"inLanguage\":\"en-US\",\"potentialAction\":[{\"@type\":\"CommentAction\",\"name\":\"Comment\",\"target\":[\"https:\/\/www.padreeustaquio.com.br\/religioso-dos-sagrados-coracoes-faz-trabalho-de-restauro-em-imagens-sacras\/#respond\"]}]},{\"@type\":\"WebPage\",\"@id\":\"https:\/\/www.padreeustaquio.com.br\/religioso-dos-sagrados-coracoes-faz-trabalho-de-restauro-em-imagens-sacras\/\",\"url\":\"https:\/\/www.padreeustaquio.com.br\/religioso-dos-sagrados-coracoes-faz-trabalho-de-restauro-em-imagens-sacras\/\",\"name\":\"Religioso dos Sagrados Cora\u00e7\u00f5es faz trabalho de restauro em imagens sacras\",\"isPartOf\":{\"@id\":\"https:\/\/www.padreeustaquio.com.br\/#website\"},\"primaryImageOfPage\":{\"@id\":\"https:\/\/www.padreeustaquio.com.br\/religioso-dos-sagrados-coracoes-faz-trabalho-de-restauro-em-imagens-sacras\/#primaryimage\"},\"image\":{\"@id\":\"https:\/\/www.padreeustaquio.com.br\/religioso-dos-sagrados-coracoes-faz-trabalho-de-restauro-em-imagens-sacras\/#primaryimage\"},\"thumbnailUrl\":\"https:\/\/www.padreeustaquio.com.br\/wp-content\/uploads\/2022\/10\/VANILDO-RESTAURANDO.jpg\",\"datePublished\":\"2022-10-17T10:21:00+00:00\",\"description\":\"Um dos espa\u00e7os do Santu\u00e1rio da Sa\u00fade e da Paz, a Igreja do Beato Padre Eust\u00e1quio em Belo Horizonte, tem se tornado um verdadeiro ateli\u00ea de arte. Desde o final de setembro, o irm\u00e3o Vanildo Lima Sena, de 29 anos, se dedica ao of\u00edcio de restaurar imagens sacras que pertencem ao Santu\u00e1rio.\",\"breadcrumb\":{\"@id\":\"https:\/\/www.padreeustaquio.com.br\/religioso-dos-sagrados-coracoes-faz-trabalho-de-restauro-em-imagens-sacras\/#breadcrumb\"},\"inLanguage\":\"en-US\",\"potentialAction\":[{\"@type\":\"ReadAction\",\"target\":[\"https:\/\/www.padreeustaquio.com.br\/religioso-dos-sagrados-coracoes-faz-trabalho-de-restauro-em-imagens-sacras\/\"]}]},{\"@type\":\"ImageObject\",\"inLanguage\":\"en-US\",\"@id\":\"https:\/\/www.padreeustaquio.com.br\/religioso-dos-sagrados-coracoes-faz-trabalho-de-restauro-em-imagens-sacras\/#primaryimage\",\"url\":\"https:\/\/www.padreeustaquio.com.br\/wp-content\/uploads\/2022\/10\/VANILDO-RESTAURANDO.jpg\",\"contentUrl\":\"https:\/\/www.padreeustaquio.com.br\/wp-content\/uploads\/2022\/10\/VANILDO-RESTAURANDO.jpg\",\"width\":748,\"height\":394},{\"@type\":\"BreadcrumbList\",\"@id\":\"https:\/\/www.padreeustaquio.com.br\/religioso-dos-sagrados-coracoes-faz-trabalho-de-restauro-em-imagens-sacras\/#breadcrumb\",\"itemListElement\":[{\"@type\":\"ListItem\",\"position\":1,\"name\":\"In\u00edcio\",\"item\":\"https:\/\/www.padreeustaquio.com.br\/\"},{\"@type\":\"ListItem\",\"position\":2,\"name\":\"Religioso dos Sagrados Cora\u00e7\u00f5es faz trabalho de restauro em imagens sacras\"}]},{\"@type\":\"WebSite\",\"@id\":\"https:\/\/www.padreeustaquio.com.br\/#website\",\"url\":\"https:\/\/www.padreeustaquio.com.br\/\",\"name\":\"Padre Eust\u00e1quio\",\"description\":\"Sa\u00fade e Paz\",\"publisher\":{\"@id\":\"https:\/\/www.padreeustaquio.com.br\/#organization\"},\"potentialAction\":[{\"@type\":\"SearchAction\",\"target\":{\"@type\":\"EntryPoint\",\"urlTemplate\":\"https:\/\/www.padreeustaquio.com.br\/?s={search_term_string}\"},\"query-input\":{\"@type\":\"PropertyValueSpecification\",\"valueRequired\":true,\"valueName\":\"search_term_string\"}}],\"inLanguage\":\"en-US\"},{\"@type\":\"Organization\",\"@id\":\"https:\/\/www.padreeustaquio.com.br\/#organization\",\"name\":\"Padre Eust\u00e1quio\",\"url\":\"https:\/\/www.padreeustaquio.com.br\/\",\"logo\":{\"@type\":\"ImageObject\",\"inLanguage\":\"en-US\",\"@id\":\"https:\/\/www.padreeustaquio.com.br\/#\/schema\/logo\/image\/\",\"url\":\"https:\/\/www.padreeustaquio.com.br\/wp-content\/uploads\/2019\/08\/marca.png\",\"contentUrl\":\"https:\/\/www.padreeustaquio.com.br\/wp-content\/uploads\/2019\/08\/marca.png\",\"width\":350,\"height\":400,\"caption\":\"Padre Eust\u00e1quio\"},\"image\":{\"@id\":\"https:\/\/www.padreeustaquio.com.br\/#\/schema\/logo\/image\/\"},\"sameAs\":[\"https:\/\/www.facebook.com\/beatopadreeustaquio\/\",\"https:\/\/x.com\/beatopeustaquio\",\"https:\/\/www.instagram.com\/beatopadreeustaquio\/\",\"https:\/\/www.youtube.com\/channel\/UCRhw7vfabnajwLxb1ZXMeIw\"]},{\"@type\":\"Person\",\"@id\":\"https:\/\/www.padreeustaquio.com.br\/#\/schema\/person\/a2a51db1d00f1a7af0204a0f1ddb1566\",\"name\":\"@sscc\",\"image\":{\"@type\":\"ImageObject\",\"inLanguage\":\"en-US\",\"@id\":\"https:\/\/secure.gravatar.com\/avatar\/68cfafa5f44617fea54071e215026e0ff06be366c3d54a8425f04fdcb86f8c5f?s=96&d=mm&r=g\",\"url\":\"https:\/\/secure.gravatar.com\/avatar\/68cfafa5f44617fea54071e215026e0ff06be366c3d54a8425f04fdcb86f8c5f?s=96&d=mm&r=g\",\"contentUrl\":\"https:\/\/secure.gravatar.com\/avatar\/68cfafa5f44617fea54071e215026e0ff06be366c3d54a8425f04fdcb86f8c5f?s=96&d=mm&r=g\",\"caption\":\"@sscc\"},\"url\":\"https:\/\/www.padreeustaquio.com.br\/en\/author\/sscc\/\"}]}<\/script>\n<!-- \/ Yoast SEO plugin. -->","yoast_head_json":{"title":"A priest of the Sacred Hearts is doing restoration work on sacred images.","description":"One of the spaces within the Sanctuary of Health and Peace, the Church of Blessed Father Eust\u00e1quio in Belo Horizonte, has become a veritable art studio. Since the end of September, Brother Vanildo Lima Sena, 29, has dedicated himself to the craft of restoring sacred images belonging to the Sanctuary.","robots":{"index":"index","follow":"follow","max-snippet":"max-snippet:-1","max-image-preview":"max-image-preview:large","max-video-preview":"max-video-preview:-1"},"canonical":"https:\/\/www.padreeustaquio.com.br\/en\/a-religious-figure-of-the-sacred-hearts-performs-restoration-work-on-sacred-images\/","og_locale":"en_US","og_type":"article","og_title":"Religioso dos Sagrados Cora\u00e7\u00f5es faz trabalho de restauro em imagens sacras","og_description":"Um dos espa\u00e7os do Santu\u00e1rio da Sa\u00fade e da Paz, a Igreja do Beato Padre Eust\u00e1quio em Belo Horizonte, tem se tornado um verdadeiro ateli\u00ea de arte. Desde o final de setembro, o irm\u00e3o Vanildo Lima Sena, de 29 anos, se dedica ao of\u00edcio de restaurar imagens sacras que pertencem ao Santu\u00e1rio.","og_url":"https:\/\/www.padreeustaquio.com.br\/en\/a-religious-figure-of-the-sacred-hearts-performs-restoration-work-on-sacred-images\/","og_site_name":"Padre Eust\u00e1quio","article_publisher":"https:\/\/www.facebook.com\/beatopadreeustaquio\/","article_published_time":"2022-10-17T10:21:00+00:00","og_image":[{"width":748,"height":394,"url":"https:\/\/www.padreeustaquio.com.br\/wp-content\/uploads\/2022\/10\/VANILDO-RESTAURANDO.jpg","type":"image\/jpeg"}],"author":"@sscc","twitter_card":"summary_large_image","twitter_image":"https:\/\/www.padreeustaquio.com.br\/wp-content\/uploads\/2022\/10\/VANILDO-RESTAURANDO.jpg","twitter_creator":"@beatopeustaquio","twitter_site":"@beatopeustaquio","twitter_misc":{"Written by":"@sscc","Est. reading time":"2 minutes"},"schema":{"@context":"https:\/\/schema.org","@graph":[{"@type":"Article","@id":"https:\/\/www.padreeustaquio.com.br\/religioso-dos-sagrados-coracoes-faz-trabalho-de-restauro-em-imagens-sacras\/#article","isPartOf":{"@id":"https:\/\/www.padreeustaquio.com.br\/religioso-dos-sagrados-coracoes-faz-trabalho-de-restauro-em-imagens-sacras\/"},"author":{"name":"@sscc","@id":"https:\/\/www.padreeustaquio.com.br\/#\/schema\/person\/a2a51db1d00f1a7af0204a0f1ddb1566"},"headline":"Religioso dos Sagrados Cora\u00e7\u00f5es faz trabalho de restauro em imagens sacras","datePublished":"2022-10-17T10:21:00+00:00","mainEntityOfPage":{"@id":"https:\/\/www.padreeustaquio.com.br\/religioso-dos-sagrados-coracoes-faz-trabalho-de-restauro-em-imagens-sacras\/"},"wordCount":331,"commentCount":0,"publisher":{"@id":"https:\/\/www.padreeustaquio.com.br\/#organization"},"image":{"@id":"https:\/\/www.padreeustaquio.com.br\/religioso-dos-sagrados-coracoes-faz-trabalho-de-restauro-em-imagens-sacras\/#primaryimage"},"thumbnailUrl":"https:\/\/www.padreeustaquio.com.br\/wp-content\/uploads\/2022\/10\/VANILDO-RESTAURANDO.jpg","articleSection":["Not\u00edcias"],"inLanguage":"en-US","potentialAction":[{"@type":"CommentAction","name":"Comment","target":["https:\/\/www.padreeustaquio.com.br\/religioso-dos-sagrados-coracoes-faz-trabalho-de-restauro-em-imagens-sacras\/#respond"]}]},{"@type":"WebPage","@id":"https:\/\/www.padreeustaquio.com.br\/religioso-dos-sagrados-coracoes-faz-trabalho-de-restauro-em-imagens-sacras\/","url":"https:\/\/www.padreeustaquio.com.br\/religioso-dos-sagrados-coracoes-faz-trabalho-de-restauro-em-imagens-sacras\/","name":"A priest of the Sacred Hearts is doing restoration work on sacred images.","isPartOf":{"@id":"https:\/\/www.padreeustaquio.com.br\/#website"},"primaryImageOfPage":{"@id":"https:\/\/www.padreeustaquio.com.br\/religioso-dos-sagrados-coracoes-faz-trabalho-de-restauro-em-imagens-sacras\/#primaryimage"},"image":{"@id":"https:\/\/www.padreeustaquio.com.br\/religioso-dos-sagrados-coracoes-faz-trabalho-de-restauro-em-imagens-sacras\/#primaryimage"},"thumbnailUrl":"https:\/\/www.padreeustaquio.com.br\/wp-content\/uploads\/2022\/10\/VANILDO-RESTAURANDO.jpg","datePublished":"2022-10-17T10:21:00+00:00","description":"One of the spaces within the Sanctuary of Health and Peace, the Church of Blessed Father Eust\u00e1quio in Belo Horizonte, has become a veritable art studio. Since the end of September, Brother Vanildo Lima Sena, 29, has dedicated himself to the craft of restoring sacred images belonging to the Sanctuary.","breadcrumb":{"@id":"https:\/\/www.padreeustaquio.com.br\/religioso-dos-sagrados-coracoes-faz-trabalho-de-restauro-em-imagens-sacras\/#breadcrumb"},"inLanguage":"en-US","potentialAction":[{"@type":"ReadAction","target":["https:\/\/www.padreeustaquio.com.br\/religioso-dos-sagrados-coracoes-faz-trabalho-de-restauro-em-imagens-sacras\/"]}]},{"@type":"ImageObject","inLanguage":"en-US","@id":"https:\/\/www.padreeustaquio.com.br\/religioso-dos-sagrados-coracoes-faz-trabalho-de-restauro-em-imagens-sacras\/#primaryimage","url":"https:\/\/www.padreeustaquio.com.br\/wp-content\/uploads\/2022\/10\/VANILDO-RESTAURANDO.jpg","contentUrl":"https:\/\/www.padreeustaquio.com.br\/wp-content\/uploads\/2022\/10\/VANILDO-RESTAURANDO.jpg","width":748,"height":394},{"@type":"BreadcrumbList","@id":"https:\/\/www.padreeustaquio.com.br\/religioso-dos-sagrados-coracoes-faz-trabalho-de-restauro-em-imagens-sacras\/#breadcrumb","itemListElement":[{"@type":"ListItem","position":1,"name":"In\u00edcio","item":"https:\/\/www.padreeustaquio.com.br\/"},{"@type":"ListItem","position":2,"name":"Religioso dos Sagrados Cora\u00e7\u00f5es faz trabalho de restauro em imagens sacras"}]},{"@type":"WebSite","@id":"https:\/\/www.padreeustaquio.com.br\/#website","url":"https:\/\/www.padreeustaquio.com.br\/","name":"FATHER EUST\u00c1QUIO","description":"Health and Peace","publisher":{"@id":"https:\/\/www.padreeustaquio.com.br\/#organization"},"potentialAction":[{"@type":"SearchAction","target":{"@type":"EntryPoint","urlTemplate":"https:\/\/www.padreeustaquio.com.br\/?s={search_term_string}"},"query-input":{"@type":"PropertyValueSpecification","valueRequired":true,"valueName":"search_term_string"}}],"inLanguage":"en-US"},{"@type":"Organization","@id":"https:\/\/www.padreeustaquio.com.br\/#organization","name":"FATHER EUST\u00c1QUIO","url":"https:\/\/www.padreeustaquio.com.br\/","logo":{"@type":"ImageObject","inLanguage":"en-US","@id":"https:\/\/www.padreeustaquio.com.br\/#\/schema\/logo\/image\/","url":"https:\/\/www.padreeustaquio.com.br\/wp-content\/uploads\/2019\/08\/marca.png","contentUrl":"https:\/\/www.padreeustaquio.com.br\/wp-content\/uploads\/2019\/08\/marca.png","width":350,"height":400,"caption":"Padre Eust\u00e1quio"},"image":{"@id":"https:\/\/www.padreeustaquio.com.br\/#\/schema\/logo\/image\/"},"sameAs":["https:\/\/www.facebook.com\/beatopadreeustaquio\/","https:\/\/x.com\/beatopeustaquio","https:\/\/www.instagram.com\/beatopadreeustaquio\/","https:\/\/www.youtube.com\/channel\/UCRhw7vfabnajwLxb1ZXMeIw"]},{"@type":"Person","@id":"https:\/\/www.padreeustaquio.com.br\/#\/schema\/person\/a2a51db1d00f1a7af0204a0f1ddb1566","name":"@sscc","image":{"@type":"ImageObject","inLanguage":"en-US","@id":"https:\/\/secure.gravatar.com\/avatar\/68cfafa5f44617fea54071e215026e0ff06be366c3d54a8425f04fdcb86f8c5f?s=96&d=mm&r=g","url":"https:\/\/secure.gravatar.com\/avatar\/68cfafa5f44617fea54071e215026e0ff06be366c3d54a8425f04fdcb86f8c5f?s=96&d=mm&r=g","contentUrl":"https:\/\/secure.gravatar.com\/avatar\/68cfafa5f44617fea54071e215026e0ff06be366c3d54a8425f04fdcb86f8c5f?s=96&d=mm&r=g","caption":"@sscc"},"url":"https:\/\/www.padreeustaquio.com.br\/en\/author\/sscc\/"}]}},"_links":{"self":[{"href":"https:\/\/www.padreeustaquio.com.br\/en\/wp-json\/wp\/v2\/posts\/9389","targetHints":{"allow":["GET"]}}],"collection":[{"href":"https:\/\/www.padreeustaquio.com.br\/en\/wp-json\/wp\/v2\/posts"}],"about":[{"href":"https:\/\/www.padreeustaquio.com.br\/en\/wp-json\/wp\/v2\/types\/post"}],"author":[{"embeddable":true,"href":"https:\/\/www.padreeustaquio.com.br\/en\/wp-json\/wp\/v2\/users\/2"}],"replies":[{"embeddable":true,"href":"https:\/\/www.padreeustaquio.com.br\/en\/wp-json\/wp\/v2\/comments?post=9389"}],"version-history":[{"count":0,"href":"https:\/\/www.padreeustaquio.com.br\/en\/wp-json\/wp\/v2\/posts\/9389\/revisions"}],"wp:featuredmedia":[{"embeddable":true,"href":"https:\/\/www.padreeustaquio.com.br\/en\/wp-json\/wp\/v2\/media\/9390"}],"wp:attachment":[{"href":"https:\/\/www.padreeustaquio.com.br\/en\/wp-json\/wp\/v2\/media?parent=9389"}],"wp:term":[{"taxonomy":"category","embeddable":true,"href":"https:\/\/www.padreeustaquio.com.br\/en\/wp-json\/wp\/v2\/categories?post=9389"},{"taxonomy":"post_tag","embeddable":true,"href":"https:\/\/www.padreeustaquio.com.br\/en\/wp-json\/wp\/v2\/tags?post=9389"}],"curies":[{"name":"wp","href":"https:\/\/api.w.org\/{rel}","templated":true}]}}